{"id":168654,"date":"2026-03-30T22:06:50","date_gmt":"2026-03-30T20:06:50","guid":{"rendered":"https:\/\/www.bellunopress.it\/?p=168654"},"modified":"2026-03-31T12:57:57","modified_gmt":"2026-03-31T10:57:57","slug":"sanita-di-montagna-del-bianco-attacca-i-30-milioni-della-regione-sono-un-taglio-netto-di-24-milioni","status":"publish","type":"post","link":"https:\/\/www.bellunopress.it\/fr\/2026\/03\/30\/sanita-di-montagna-del-bianco-attacca-i-30-milioni-della-regione-sono-un-taglio-netto-di-24-milioni\/","title":{"rendered":"Sanit\u00e0 di Montagna, Del Bianco attacca: &#8220;I 30 milioni della Regione? Sono un taglio netto di 24 milioni&#8221;"},"content":{"rendered":"<p>Belluno, 30\/03\/2026 \u2013 Non si placa la polemica politica attorno ai finanziamenti destinati alla sanit\u00e0 bellunese. Al centro dello scontro c&#8217;\u00e8 il Documento di Economia e Finanza Regionale (DEFR) e, in particolare, la gestione dei fondi per l&#8217;Ulss 1 Dolomiti. A sollevare il caso \u00e8 il consigliere regionale bellunese Alessandro Del Bianco, che accusa i vertici regionali di utilizzare una &#8220;strategia della confusione&#8221; per coprire mancanze strutturali e tagli mascherati da investimenti.<\/p>\n<p>L\u2019oggetto del contendere sono i famosi 30 milioni di euro annunciati dalla Regione Veneto per sostenere la specificit\u00e0 della sanit\u00e0 di montagna. Secondo Del Bianco, la narrazione ufficiale si scontrerebbe con la realt\u00e0 dei bilanci: quella che era stata presentata come una pioggia di risorse aggiuntive si sarebbe rivelata, a un\u2019analisi pi\u00f9 approfondita, un\u2019operazione contabile di segno opposto.<\/p>\n<p>&#8220;Quando una tesi viene smentita dai fatti, si prova a spostare l\u2019attenzione sul piano mediatico con numeri messi a caso e spiegazioni fantasiose&#8221;, attacca Del Bianco. L\u2019esponente bellunese rincara la dose sostenendo che, lungi dall&#8217;essere un surplus, il rischio concreto emerso durante il confronto istituzionale era quello di un taglio netto di 24 milioni di euro.<\/p>\n<p><a href=\"https:\/\/www.facebook.com\/reel\/842156548896060\"><strong>Il video della discordia<\/strong><\/a><br \/>\nA supporto della sua tesi, Del Bianco ha diffuso il filmato integrale della discussione avvenuta in Commissione\/Consiglio durante l&#8217;esame del DEFR. Nel video viene evidenziato il passaggio critico sui fondi per la montagna. Secondo Del Bianco, la chiarezza dell&#8217;esposizione e le stesse risposte fornite dall&#8217;assessore regionale Elena Gerosa confermerebbero l&#8217;inconsistenza degli annunci iniziali.<\/p>\n<p>&#8220;L\u2019obiettivo della Regione \u00e8 chiaro: generare confusione e insinuare l\u2019idea che la realt\u00e0 possa essere interpretata in modi diversi a seconda dei punti di vista&#8221;, prosegue la nota. &#8220;Ma la realt\u00e0 non si nega con i comunicati stampa: basta osservare come si sono svolti i fatti in aula&#8221;.<\/p>\n<p>La questione non \u00e8 solo tecnica, ma profondamente politica. La sanit\u00e0 bellunese soffre da anni per la carenza di medici e la difficolt\u00e0 di mantenere servizi efficienti in aree periferiche. In questo contesto, la &#8220;certezza delle risorse&#8221; diventa il terreno di scontro principale tra chi governa a Venezia e chi rappresenta il territorio dolomitico.<\/p>\n<p>La denuncia di Del Bianco punta a scoperchiare quello che definisce un &#8220;gioco di prestigio&#8221; sui numeri, chiedendo trasparenza reale su quanti fondi siano effettivamente &#8220;freschi&#8221; e quanti siano invece semplici partite di giro o, peggio, riduzioni di budget camuffate.<\/p>\n<p>Analisi politica: Il post di Del Bianco segna un inasprimento del tono nel dibattito sulla sanit\u00e0 di montagna. La strategia di pubblicare il video del dibattito istituzionale mira a togliere ogni filtro mediatico e a mettere i cittadini di fronte alla &#8220;verit\u00e0 dell&#8217;aula&#8221;, sfidando la maggioranza regionale sul terreno della coerenza tra promesse elettorali e atti amministrativi.<\/p>","protected":false},"excerpt":{"rendered":"<p>Belluno, 30\/03\/2026 \u2013 Non si placa la polemica politica attorno ai finanziamenti destinati alla sanit\u00e0 bellunese. Al centro dello scontro c&#8217;\u00e8 il Documento di Economia e Finanza Regionale (DEFR) e, in particolare, la gestione dei fondi per l&#8217;Ulss 1 Dolomiti. A sollevare il caso \u00e8 il consigliere regionale bellunese Alessandro Del Bianco, che accusa i [&hellip;]<\/p>\n","protected":false},"author":2,"featured_media":167703,"comment_status":"closed","ping_status":"open","sticky":false,"template":"","format":"standard","meta":{"footnotes":""},"categories":[5,3446,26,17],"tags":[],"class_list":["post-168654","post","type-post","status-publish","format-standard","has-post-thumbnail","category-cronaca","category-featured","category-prima-pagina","category-sanita"],"yoast_head":"<!-- This site is optimized with the Yoast SEO plugin v28.4 - https:\/\/yoast.com\/product\/yoast-seo-wordpress\/ -->\n<title>Sanit\u00e0 di Montagna, Del Bianco attacca: &quot;I 30 milioni della Regione? Sono un taglio netto di 24 milioni&quot; - Bellunopress - Dolomiti<\/title>\n<meta name=\"robots\" content=\"index, follow, max-snippet:-1, max-image-preview:large, max-video-preview:-1\" \/>\n<link rel=\"canonical\" href=\"https:\/\/www.bellunopress.it\/fr\/2026\/03\/30\/sanita-di-montagna-del-bianco-attacca-i-30-milioni-della-regione-sono-un-taglio-netto-di-24-milioni\/\" \/>\n<meta property=\"og:locale\" content=\"fr_FR\" \/>\n<meta property=\"og:type\" content=\"article\" \/>\n<meta property=\"og:title\" content=\"Sanit\u00e0 di Montagna, Del Bianco attacca: &quot;I 30 milioni della Regione? Sono un taglio netto di 24 milioni&quot; - Bellunopress - Dolomiti\" \/>\n<meta property=\"og:description\" content=\"Belluno, 30\/03\/2026 \u2013 Non si placa la polemica politica attorno ai finanziamenti destinati alla sanit\u00e0 bellunese. Al centro dello scontro c&#8217;\u00e8 il Documento di Economia e Finanza Regionale (DEFR) e, in particolare, la gestione dei fondi per l&#8217;Ulss 1 Dolomiti. A sollevare il caso \u00e8 il consigliere regionale bellunese Alessandro Del Bianco, che accusa i [&hellip;]\" \/>\n<meta property=\"og:url\" content=\"https:\/\/www.bellunopress.it\/fr\/2026\/03\/30\/sanita-di-montagna-del-bianco-attacca-i-30-milioni-della-regione-sono-un-taglio-netto-di-24-milioni\/\" \/>\n<meta property=\"og:site_name\" content=\"Bellunopress - Dolomiti\" \/>\n<meta property=\"article:publisher\" content=\"https:\/\/www.facebook.com\/profile.php?id=100008943462799\" \/>\n<meta property=\"article:published_time\" content=\"2026-03-30T20:06:50+00:00\" \/>\n<meta property=\"article:modified_time\" content=\"2026-03-31T10:57:57+00:00\" \/>\n<meta property=\"og:image\" content=\"https:\/\/www.bellunopress.it\/wp-content\/uploads\/2026\/02\/Alessandro-Del-Bianco-consigliere-regionale-Pd.jpg\" \/>\n\t<meta property=\"og:image:width\" content=\"600\" \/>\n\t<meta property=\"og:image:height\" content=\"341\" \/>\n\t<meta property=\"og:image:type\" content=\"image\/jpeg\" \/>\n<meta name=\"author\" content=\"redazione\" \/>\n<meta name=\"twitter:card\" content=\"summary_large_image\" \/>\n<meta name=\"twitter:creator\" content=\"@bellunopress\" \/>\n<meta name=\"twitter:site\" content=\"@bellunopress\" \/>\n<meta name=\"twitter:label1\" content=\"\u00c9crit par\" \/>\n\t<meta name=\"twitter:data1\" content=\"redazione\" \/>\n\t<meta name=\"twitter:label2\" content=\"Dur\u00e9e de lecture estim\u00e9e\" \/>\n\t<meta name=\"twitter:data2\" content=\"2 minutes\" \/>\n<script type=\"application\/ld+json\" class=\"yoast-schema-graph\">{\"@context\":\"https:\\\/\\\/schema.org\",\"@graph\":[{\"@type\":\"Article\",\"@id\":\"https:\\\/\\\/www.bellunopress.it\\\/2026\\\/03\\\/30\\\/sanita-di-montagna-del-bianco-attacca-i-30-milioni-della-regione-sono-un-taglio-netto-di-24-milioni\\\/#article\",\"isPartOf\":{\"@id\":\"https:\\\/\\\/www.bellunopress.it\\\/2026\\\/03\\\/30\\\/sanita-di-montagna-del-bianco-attacca-i-30-milioni-della-regione-sono-un-taglio-netto-di-24-milioni\\\/\"},\"author\":{\"name\":\"redazione\",\"@id\":\"https:\\\/\\\/www.bellunopress.it\\\/#\\\/schema\\\/person\\\/79bb06722b37ece1c03d3e94beb30d73\"},\"headline\":\"Sanit\u00e0 di Montagna, Del Bianco attacca: &#8220;I 30 milioni della Regione? Sono un taglio netto di 24 milioni&#8221;\",\"datePublished\":\"2026-03-30T20:06:50+00:00\",\"dateModified\":\"2026-03-31T10:57:57+00:00\",\"mainEntityOfPage\":{\"@id\":\"https:\\\/\\\/www.bellunopress.it\\\/2026\\\/03\\\/30\\\/sanita-di-montagna-del-bianco-attacca-i-30-milioni-della-regione-sono-un-taglio-netto-di-24-milioni\\\/\"},\"wordCount\":465,\"publisher\":{\"@id\":\"https:\\\/\\\/www.bellunopress.it\\\/#organization\"},\"image\":{\"@id\":\"https:\\\/\\\/www.bellunopress.it\\\/2026\\\/03\\\/30\\\/sanita-di-montagna-del-bianco-attacca-i-30-milioni-della-regione-sono-un-taglio-netto-di-24-milioni\\\/#primaryimage\"},\"thumbnailUrl\":\"https:\\\/\\\/www.bellunopress.it\\\/wp-content\\\/uploads\\\/2026\\\/02\\\/Alessandro-Del-Bianco-consigliere-regionale-Pd.jpg\",\"articleSection\":[\"Cronaca\\\/Politica\",\"Featured\",\"Prima Pagina\",\"Sanit\u00e0 Medicina\"],\"inLanguage\":\"fr-FR\"},{\"@type\":\"WebPage\",\"@id\":\"https:\\\/\\\/www.bellunopress.it\\\/2026\\\/03\\\/30\\\/sanita-di-montagna-del-bianco-attacca-i-30-milioni-della-regione-sono-un-taglio-netto-di-24-milioni\\\/\",\"url\":\"https:\\\/\\\/www.bellunopress.it\\\/2026\\\/03\\\/30\\\/sanita-di-montagna-del-bianco-attacca-i-30-milioni-della-regione-sono-un-taglio-netto-di-24-milioni\\\/\",\"name\":\"Sanit\u00e0 di Montagna, Del Bianco attacca: \\\"I 30 milioni della Regione? Sono un taglio netto di 24 milioni\\\" - Bellunopress - Dolomiti\",\"isPartOf\":{\"@id\":\"https:\\\/\\\/www.bellunopress.it\\\/#website\"},\"primaryImageOfPage\":{\"@id\":\"https:\\\/\\\/www.bellunopress.it\\\/2026\\\/03\\\/30\\\/sanita-di-montagna-del-bianco-attacca-i-30-milioni-della-regione-sono-un-taglio-netto-di-24-milioni\\\/#primaryimage\"},\"image\":{\"@id\":\"https:\\\/\\\/www.bellunopress.it\\\/2026\\\/03\\\/30\\\/sanita-di-montagna-del-bianco-attacca-i-30-milioni-della-regione-sono-un-taglio-netto-di-24-milioni\\\/#primaryimage\"},\"thumbnailUrl\":\"https:\\\/\\\/www.bellunopress.it\\\/wp-content\\\/uploads\\\/2026\\\/02\\\/Alessandro-Del-Bianco-consigliere-regionale-Pd.jpg\",\"datePublished\":\"2026-03-30T20:06:50+00:00\",\"dateModified\":\"2026-03-31T10:57:57+00:00\",\"breadcrumb\":{\"@id\":\"https:\\\/\\\/www.bellunopress.it\\\/2026\\\/03\\\/30\\\/sanita-di-montagna-del-bianco-attacca-i-30-milioni-della-regione-sono-un-taglio-netto-di-24-milioni\\\/#breadcrumb\"},\"inLanguage\":\"fr-FR\",\"potentialAction\":[{\"@type\":\"ReadAction\",\"target\":[\"https:\\\/\\\/www.bellunopress.it\\\/2026\\\/03\\\/30\\\/sanita-di-montagna-del-bianco-attacca-i-30-milioni-della-regione-sono-un-taglio-netto-di-24-milioni\\\/\"]}]},{\"@type\":\"ImageObject\",\"inLanguage\":\"fr-FR\",\"@id\":\"https:\\\/\\\/www.bellunopress.it\\\/2026\\\/03\\\/30\\\/sanita-di-montagna-del-bianco-attacca-i-30-milioni-della-regione-sono-un-taglio-netto-di-24-milioni\\\/#primaryimage\",\"url\":\"https:\\\/\\\/www.bellunopress.it\\\/wp-content\\\/uploads\\\/2026\\\/02\\\/Alessandro-Del-Bianco-consigliere-regionale-Pd.jpg\",\"contentUrl\":\"https:\\\/\\\/www.bellunopress.it\\\/wp-content\\\/uploads\\\/2026\\\/02\\\/Alessandro-Del-Bianco-consigliere-regionale-Pd.jpg\",\"width\":600,\"height\":341,\"caption\":\"Alessandro Del Bianco - Consigliere regionale\"},{\"@type\":\"BreadcrumbList\",\"@id\":\"https:\\\/\\\/www.bellunopress.it\\\/2026\\\/03\\\/30\\\/sanita-di-montagna-del-bianco-attacca-i-30-milioni-della-regione-sono-un-taglio-netto-di-24-milioni\\\/#breadcrumb\",\"itemListElement\":[{\"@type\":\"ListItem\",\"position\":1,\"name\":\"Home\",\"item\":\"https:\\\/\\\/www.bellunopress.it\\\/\"},{\"@type\":\"ListItem\",\"position\":2,\"name\":\"Sanit\u00e0 di Montagna, Del Bianco attacca: &#8220;I 30 milioni della Regione? Sono un taglio netto di 24 milioni&#8221;\"}]},{\"@type\":\"WebSite\",\"@id\":\"https:\\\/\\\/www.bellunopress.it\\\/#website\",\"url\":\"https:\\\/\\\/www.bellunopress.it\\\/\",\"name\":\"Bellunopress - Dolomiti\",\"description\":\"e-mail: redazione@bellunopress.it\",\"publisher\":{\"@id\":\"https:\\\/\\\/www.bellunopress.it\\\/#organization\"},\"potentialAction\":[{\"@type\":\"SearchAction\",\"target\":{\"@type\":\"EntryPoint\",\"urlTemplate\":\"https:\\\/\\\/www.bellunopress.it\\\/?s={search_term_string}\"},\"query-input\":{\"@type\":\"PropertyValueSpecification\",\"valueRequired\":true,\"valueName\":\"search_term_string\"}}],\"inLanguage\":\"fr-FR\"},{\"@type\":\"Organization\",\"@id\":\"https:\\\/\\\/www.bellunopress.it\\\/#organization\",\"name\":\"Bellunopress\",\"url\":\"https:\\\/\\\/www.bellunopress.it\\\/\",\"logo\":{\"@type\":\"ImageObject\",\"inLanguage\":\"fr-FR\",\"@id\":\"https:\\\/\\\/www.bellunopress.it\\\/#\\\/schema\\\/logo\\\/image\\\/\",\"url\":\"https:\\\/\\\/www.bellunopress.it\\\/wp-content\\\/uploads\\\/2011\\\/05\\\/cropped-logo-bellunopress-.jpg\",\"contentUrl\":\"https:\\\/\\\/www.bellunopress.it\\\/wp-content\\\/uploads\\\/2011\\\/05\\\/cropped-logo-bellunopress-.jpg\",\"width\":512,\"height\":512,\"caption\":\"Bellunopress\"},\"image\":{\"@id\":\"https:\\\/\\\/www.bellunopress.it\\\/#\\\/schema\\\/logo\\\/image\\\/\"},\"sameAs\":[\"https:\\\/\\\/www.facebook.com\\\/profile.php?id=100008943462799\",\"https:\\\/\\\/x.com\\\/bellunopress\",\"https:\\\/\\\/www.linkedin.com\\\/hp\\\/?dnr=JBzUWaJfMUw8vbXJJ2tVW5-I3jZKvC4wsoxE&amp;amp;amp;amp;amp;amp;trk=nav_responsive_tab_home\",\"https:\\\/\\\/www.youtube.com\\\/channel\\\/UCxL0wu1uN0_3_7hGG0306cw\"]},{\"@type\":\"Person\",\"@id\":\"https:\\\/\\\/www.bellunopress.it\\\/#\\\/schema\\\/person\\\/79bb06722b37ece1c03d3e94beb30d73\",\"name\":\"redazione\",\"image\":{\"@type\":\"ImageObject\",\"inLanguage\":\"fr-FR\",\"@id\":\"https:\\\/\\\/secure.gravatar.com\\\/avatar\\\/37d968a2e67a6fd04c169c4bdef102d0bc5d31b2546345219e348575eb80e9a0?s=96&d=mm&r=g\",\"url\":\"https:\\\/\\\/secure.gravatar.com\\\/avatar\\\/37d968a2e67a6fd04c169c4bdef102d0bc5d31b2546345219e348575eb80e9a0?s=96&d=mm&r=g\",\"contentUrl\":\"https:\\\/\\\/secure.gravatar.com\\\/avatar\\\/37d968a2e67a6fd04c169c4bdef102d0bc5d31b2546345219e348575eb80e9a0?s=96&d=mm&r=g\",\"caption\":\"redazione\"},\"sameAs\":[\"http:\\\/\\\/www.bellunopress.it\",\"https:\\\/\\\/x.com\\\/bellunopress\"],\"url\":\"https:\\\/\\\/www.bellunopress.it\\\/fr\\\/author\\\/redazione\\\/\"}]}<\/script>\n<!-- \/ Yoast SEO plugin. -->","yoast_head_json":{"title":"Sanit\u00e0 di Montagna, Del Bianco attacca: \"I 30 milioni della Regione? Sono un taglio netto di 24 milioni\" - Bellunopress - Dolomiti","robots":{"index":"index","follow":"follow","max-snippet":"max-snippet:-1","max-image-preview":"max-image-preview:large","max-video-preview":"max-video-preview:-1"},"canonical":"https:\/\/www.bellunopress.it\/fr\/2026\/03\/30\/sanita-di-montagna-del-bianco-attacca-i-30-milioni-della-regione-sono-un-taglio-netto-di-24-milioni\/","og_locale":"fr_FR","og_type":"article","og_title":"Sanit\u00e0 di Montagna, Del Bianco attacca: \"I 30 milioni della Regione? Sono un taglio netto di 24 milioni\" - Bellunopress - Dolomiti","og_description":"Belluno, 30\/03\/2026 \u2013 Non si placa la polemica politica attorno ai finanziamenti destinati alla sanit\u00e0 bellunese. Al centro dello scontro c&#8217;\u00e8 il Documento di Economia e Finanza Regionale (DEFR) e, in particolare, la gestione dei fondi per l&#8217;Ulss 1 Dolomiti. A sollevare il caso \u00e8 il consigliere regionale bellunese Alessandro Del Bianco, che accusa i [&hellip;]","og_url":"https:\/\/www.bellunopress.it\/fr\/2026\/03\/30\/sanita-di-montagna-del-bianco-attacca-i-30-milioni-della-regione-sono-un-taglio-netto-di-24-milioni\/","og_site_name":"Bellunopress - Dolomiti","article_publisher":"https:\/\/www.facebook.com\/profile.php?id=100008943462799","article_published_time":"2026-03-30T20:06:50+00:00","article_modified_time":"2026-03-31T10:57:57+00:00","og_image":[{"width":600,"height":341,"url":"https:\/\/www.bellunopress.it\/wp-content\/uploads\/2026\/02\/Alessandro-Del-Bianco-consigliere-regionale-Pd.jpg","type":"image\/jpeg"}],"author":"redazione","twitter_card":"summary_large_image","twitter_creator":"@bellunopress","twitter_site":"@bellunopress","twitter_misc":{"\u00c9crit par":"redazione","Dur\u00e9e de lecture estim\u00e9e":"2 minutes"},"schema":{"@context":"https:\/\/schema.org","@graph":[{"@type":"Article","@id":"https:\/\/www.bellunopress.it\/2026\/03\/30\/sanita-di-montagna-del-bianco-attacca-i-30-milioni-della-regione-sono-un-taglio-netto-di-24-milioni\/#article","isPartOf":{"@id":"https:\/\/www.bellunopress.it\/2026\/03\/30\/sanita-di-montagna-del-bianco-attacca-i-30-milioni-della-regione-sono-un-taglio-netto-di-24-milioni\/"},"author":{"name":"redazione","@id":"https:\/\/www.bellunopress.it\/#\/schema\/person\/79bb06722b37ece1c03d3e94beb30d73"},"headline":"Sanit\u00e0 di Montagna, Del Bianco attacca: &#8220;I 30 milioni della Regione? Sono un taglio netto di 24 milioni&#8221;","datePublished":"2026-03-30T20:06:50+00:00","dateModified":"2026-03-31T10:57:57+00:00","mainEntityOfPage":{"@id":"https:\/\/www.bellunopress.it\/2026\/03\/30\/sanita-di-montagna-del-bianco-attacca-i-30-milioni-della-regione-sono-un-taglio-netto-di-24-milioni\/"},"wordCount":465,"publisher":{"@id":"https:\/\/www.bellunopress.it\/#organization"},"image":{"@id":"https:\/\/www.bellunopress.it\/2026\/03\/30\/sanita-di-montagna-del-bianco-attacca-i-30-milioni-della-regione-sono-un-taglio-netto-di-24-milioni\/#primaryimage"},"thumbnailUrl":"https:\/\/www.bellunopress.it\/wp-content\/uploads\/2026\/02\/Alessandro-Del-Bianco-consigliere-regionale-Pd.jpg","articleSection":["Cronaca\/Politica","Featured","Prima Pagina","Sanit\u00e0 Medicina"],"inLanguage":"fr-FR"},{"@type":"WebPage","@id":"https:\/\/www.bellunopress.it\/2026\/03\/30\/sanita-di-montagna-del-bianco-attacca-i-30-milioni-della-regione-sono-un-taglio-netto-di-24-milioni\/","url":"https:\/\/www.bellunopress.it\/2026\/03\/30\/sanita-di-montagna-del-bianco-attacca-i-30-milioni-della-regione-sono-un-taglio-netto-di-24-milioni\/","name":"Sanit\u00e0 di Montagna, Del Bianco attacca: \"I 30 milioni della Regione? Sono un taglio netto di 24 milioni\" - Bellunopress - Dolomiti","isPartOf":{"@id":"https:\/\/www.bellunopress.it\/#website"},"primaryImageOfPage":{"@id":"https:\/\/www.bellunopress.it\/2026\/03\/30\/sanita-di-montagna-del-bianco-attacca-i-30-milioni-della-regione-sono-un-taglio-netto-di-24-milioni\/#primaryimage"},"image":{"@id":"https:\/\/www.bellunopress.it\/2026\/03\/30\/sanita-di-montagna-del-bianco-attacca-i-30-milioni-della-regione-sono-un-taglio-netto-di-24-milioni\/#primaryimage"},"thumbnailUrl":"https:\/\/www.bellunopress.it\/wp-content\/uploads\/2026\/02\/Alessandro-Del-Bianco-consigliere-regionale-Pd.jpg","datePublished":"2026-03-30T20:06:50+00:00","dateModified":"2026-03-31T10:57:57+00:00","breadcrumb":{"@id":"https:\/\/www.bellunopress.it\/2026\/03\/30\/sanita-di-montagna-del-bianco-attacca-i-30-milioni-della-regione-sono-un-taglio-netto-di-24-milioni\/#breadcrumb"},"inLanguage":"fr-FR","potentialAction":[{"@type":"ReadAction","target":["https:\/\/www.bellunopress.it\/2026\/03\/30\/sanita-di-montagna-del-bianco-attacca-i-30-milioni-della-regione-sono-un-taglio-netto-di-24-milioni\/"]}]},{"@type":"ImageObject","inLanguage":"fr-FR","@id":"https:\/\/www.bellunopress.it\/2026\/03\/30\/sanita-di-montagna-del-bianco-attacca-i-30-milioni-della-regione-sono-un-taglio-netto-di-24-milioni\/#primaryimage","url":"https:\/\/www.bellunopress.it\/wp-content\/uploads\/2026\/02\/Alessandro-Del-Bianco-consigliere-regionale-Pd.jpg","contentUrl":"https:\/\/www.bellunopress.it\/wp-content\/uploads\/2026\/02\/Alessandro-Del-Bianco-consigliere-regionale-Pd.jpg","width":600,"height":341,"caption":"Alessandro Del Bianco - Consigliere regionale"},{"@type":"BreadcrumbList","@id":"https:\/\/www.bellunopress.it\/2026\/03\/30\/sanita-di-montagna-del-bianco-attacca-i-30-milioni-della-regione-sono-un-taglio-netto-di-24-milioni\/#breadcrumb","itemListElement":[{"@type":"ListItem","position":1,"name":"Home","item":"https:\/\/www.bellunopress.it\/"},{"@type":"ListItem","position":2,"name":"Sanit\u00e0 di Montagna, Del Bianco attacca: &#8220;I 30 milioni della Regione? Sono un taglio netto di 24 milioni&#8221;"}]},{"@type":"WebSite","@id":"https:\/\/www.bellunopress.it\/#website","url":"https:\/\/www.bellunopress.it\/","name":"Bellunopress - Dolomiti","description":"e-mail: redazione@bellunopress.it","publisher":{"@id":"https:\/\/www.bellunopress.it\/#organization"},"potentialAction":[{"@type":"SearchAction","target":{"@type":"EntryPoint","urlTemplate":"https:\/\/www.bellunopress.it\/?s={search_term_string}"},"query-input":{"@type":"PropertyValueSpecification","valueRequired":true,"valueName":"search_term_string"}}],"inLanguage":"fr-FR"},{"@type":"Organization","@id":"https:\/\/www.bellunopress.it\/#organization","name":"Bellunopress","url":"https:\/\/www.bellunopress.it\/","logo":{"@type":"ImageObject","inLanguage":"fr-FR","@id":"https:\/\/www.bellunopress.it\/#\/schema\/logo\/image\/","url":"https:\/\/www.bellunopress.it\/wp-content\/uploads\/2011\/05\/cropped-logo-bellunopress-.jpg","contentUrl":"https:\/\/www.bellunopress.it\/wp-content\/uploads\/2011\/05\/cropped-logo-bellunopress-.jpg","width":512,"height":512,"caption":"Bellunopress"},"image":{"@id":"https:\/\/www.bellunopress.it\/#\/schema\/logo\/image\/"},"sameAs":["https:\/\/www.facebook.com\/profile.php?id=100008943462799","https:\/\/x.com\/bellunopress","https:\/\/www.linkedin.com\/hp\/?dnr=JBzUWaJfMUw8vbXJJ2tVW5-I3jZKvC4wsoxE&amp;amp;amp;amp;amp;amp;trk=nav_responsive_tab_home","https:\/\/www.youtube.com\/channel\/UCxL0wu1uN0_3_7hGG0306cw"]},{"@type":"Person","@id":"https:\/\/www.bellunopress.it\/#\/schema\/person\/79bb06722b37ece1c03d3e94beb30d73","name":"r\u00e9daction","image":{"@type":"ImageObject","inLanguage":"fr-FR","@id":"https:\/\/secure.gravatar.com\/avatar\/37d968a2e67a6fd04c169c4bdef102d0bc5d31b2546345219e348575eb80e9a0?s=96&d=mm&r=g","url":"https:\/\/secure.gravatar.com\/avatar\/37d968a2e67a6fd04c169c4bdef102d0bc5d31b2546345219e348575eb80e9a0?s=96&d=mm&r=g","contentUrl":"https:\/\/secure.gravatar.com\/avatar\/37d968a2e67a6fd04c169c4bdef102d0bc5d31b2546345219e348575eb80e9a0?s=96&d=mm&r=g","caption":"redazione"},"sameAs":["http:\/\/www.bellunopress.it","https:\/\/x.com\/bellunopress"],"url":"https:\/\/www.bellunopress.it\/fr\/author\/redazione\/"}]}},"_links":{"self":[{"href":"https:\/\/www.bellunopress.it\/fr\/wp-json\/wp\/v2\/posts\/168654","targetHints":{"allow":["GET"]}}],"collection":[{"href":"https:\/\/www.bellunopress.it\/fr\/wp-json\/wp\/v2\/posts"}],"about":[{"href":"https:\/\/www.bellunopress.it\/fr\/wp-json\/wp\/v2\/types\/post"}],"author":[{"embeddable":true,"href":"https:\/\/www.bellunopress.it\/fr\/wp-json\/wp\/v2\/users\/2"}],"replies":[{"embeddable":true,"href":"https:\/\/www.bellunopress.it\/fr\/wp-json\/wp\/v2\/comments?post=168654"}],"version-history":[{"count":2,"href":"https:\/\/www.bellunopress.it\/fr\/wp-json\/wp\/v2\/posts\/168654\/revisions"}],"predecessor-version":[{"id":168658,"href":"https:\/\/www.bellunopress.it\/fr\/wp-json\/wp\/v2\/posts\/168654\/revisions\/168658"}],"wp:featuredmedia":[{"embeddable":true,"href":"https:\/\/www.bellunopress.it\/fr\/wp-json\/wp\/v2\/media\/167703"}],"wp:attachment":[{"href":"https:\/\/www.bellunopress.it\/fr\/wp-json\/wp\/v2\/media?parent=168654"}],"wp:term":[{"taxonomy":"category","embeddable":true,"href":"https:\/\/www.bellunopress.it\/fr\/wp-json\/wp\/v2\/categories?post=168654"},{"taxonomy":"post_tag","embeddable":true,"href":"https:\/\/www.bellunopress.it\/fr\/wp-json\/wp\/v2\/tags?post=168654"}],"curies":[{"name":"wp","href":"https:\/\/api.w.org\/{rel}","templated":true}]}}