{"id":168648,"date":"2026-03-30T21:23:10","date_gmt":"2026-03-30T19:23:10","guid":{"rendered":"https:\/\/www.bellunopress.it\/?p=168648"},"modified":"2026-03-30T21:23:10","modified_gmt":"2026-03-30T19:23:10","slug":"il-giornaletto-clandestino-di-daniela-zangrando-larte-come-atto-di-cura-e-resistenza","status":"publish","type":"post","link":"https:\/\/www.bellunopress.it\/fr\/2026\/03\/30\/il-giornaletto-clandestino-di-daniela-zangrando-larte-come-atto-di-cura-e-resistenza\/","title":{"rendered":"Il &#8220;Giornaletto clandestino&#8221; di Daniela Zangrando: l&#8217;arte come atto di cura e resistenza"},"content":{"rendered":"<p>Belluno, 30\/03\/2026 &#8211; Nella suggestiva cornice del Granaio di Villa Buzzati, la rassegna \u201cStampare fuori dalle righe\u201d ideata e curata da Martina Gennari, Alfonso Lentini e Valentina Morassutti, ha ospitato un incontro profondo e visionario. Daniela Zangrando, direttrice del museo d&#8217;arte contemporanea Burel, ha presentato la sua ultima creatura: il Giornaletto clandestino. Il progetto non \u00e8 una testata giornalistica tradizionale, ma un vero e proprio &#8220;dispositivo culturale&#8221; che sfida le logiche del mercato per farsi spazio di pensiero puro.<\/p>\n<p>Il Giornaletto si presenta come un foglio A3 stampato fronte-retro, distribuito informalmente ogni tre settimane fino al 13 giugno 2026. Ospita interventi di artisti, studiosi e scrittori chiamati a riflettere sul concetto di comunit\u00e0. &#8220;Il museo \u00e8 piccolo, due stanze e mezza &#8211; ha spiegato Daniela Zangrando &#8211; ma l&#8217;obiettivo \u00e8 collegare il territorio alle urgenze del contemporaneo&#8221;.<\/p>\n<p>Il progetto si inserisce nel quadro concettuale di Masquerade, una &#8220;parata di esseri&#8221; che esplora la multiformalit\u00e0: dall&#8217;umano all&#8217;animale, dal vegetale al tecnologico. Attraverso la parola, il Giornaletto cerca di sondare un terreno scivoloso, privo di certezze, dove ogni uscita diventa un evento espositivo su carta.<\/p>\n<figure id=\"attachment_168649\" aria-describedby=\"caption-attachment-168649\" style=\"width: 464px\" class=\"wp-caption aligncenter\"><img loading=\"lazy\" decoding=\"async\" class=\"size-full wp-image-168649\" src=\"https:\/\/www.bellunopress.it\/wp-content\/uploads\/2026\/03\/Daniela-zangrando-primo-piano.jpg\" alt=\"\" width=\"464\" height=\"500\" srcset=\"https:\/\/www.bellunopress.it\/wp-content\/uploads\/2026\/03\/Daniela-zangrando-primo-piano.jpg 464w, https:\/\/www.bellunopress.it\/wp-content\/uploads\/2026\/03\/Daniela-zangrando-primo-piano-390x420.jpg 390w, https:\/\/www.bellunopress.it\/wp-content\/uploads\/2026\/03\/Daniela-zangrando-primo-piano-150x162.jpg 150w, https:\/\/www.bellunopress.it\/wp-content\/uploads\/2026\/03\/Daniela-zangrando-primo-piano-300x323.jpg 300w\" sizes=\"auto, (max-width: 464px) 100vw, 464px\" \/><figcaption id=\"caption-attachment-168649\" class=\"wp-caption-text\">Daniela Zangrando &#8211; Direttrice Museo Burel di Belluno<\/figcaption><\/figure>\n<p>Durante la serata, la direttrice ha tracciato un filo rosso tra la sua ricerca artistica e alcuni modelli storici e poetici fondamentali:<\/p>\n<p>On Kawara: l&#8217;artista giapponese celebre per i suoi 900 telegrammi &#8220;I am still alive&#8221; (sono ancora vivo) inviati ai suoi amici dal 1968 al 2000. Un richiamo alla persistenza dell&#8217;essere e alla potenza di un messaggio ripetuto nel tempo.<\/p>\n<p>Gustav Metzger: padre dell&#8217;arte autodistruttiva. Zangrando ha citato le sue tele lacerate a Londra nel 1961: un gesto che non \u00e8 nichilismo, ma la dimostrazione che nella distruzione emergono sempre nuove forme creative.<\/p>\n<p>&#8220;Non Mollare&#8221;: il celebre giornaletto antifascista del 1925. Un riferimento affettivo e politico, suggeritole dalla nonna novantasettenne, che incarna l&#8217;idea di una resistenza legata indissolubilmente al pensiero e alla cultura.<\/p>\n<p>In un mondo dominato dalla velocit\u00e0, il Giornaletto clandestino rivendica il tempo della riflessione. Ogni numero ospita pochi interventi, ma &#8220;corposi&#8221;, frutto di dibattiti e scambi intensi tra curatori e autori. \u00c8, nelle parole di Zangrando, un &#8220;atto di cura della parola&#8221;.<\/p>\n<p>Per chi volesse sfogliarlo, il Giornaletto \u00e8 disponibile al Museo Burel ogni sabato mattina o in vari punti scelti della citt\u00e0 di Belluno, pronto a intercettare sguardi curiosi e menti disposte a resistere &#8220;fuori dalle righe&#8221;.<\/p>","protected":false},"excerpt":{"rendered":"<p>Belluno, 30\/03\/2026 &#8211; Nella suggestiva cornice del Granaio di Villa Buzzati, la rassegna \u201cStampare fuori dalle righe\u201d ideata e curata da Martina Gennari, Alfonso Lentini e Valentina Morassutti, ha ospitato un incontro profondo e visionario. Daniela Zangrando, direttrice del museo d&#8217;arte contemporanea Burel, ha presentato la sua ultima creatura: il Giornaletto clandestino. Il progetto non [&hellip;]<\/p>\n","protected":false},"author":2,"featured_media":168650,"comment_status":"closed","ping_status":"open","sticky":false,"template":"","format":"standard","meta":{"footnotes":""},"categories":[3,25],"tags":[],"class_list":["post-168648","post","type-post","status-publish","format-standard","has-post-thumbnail","category-arte-cultura-spettacoli-scienza-archivi","category-pausa-caffe"],"yoast_head":"<!-- This site is optimized with the Yoast SEO plugin v28.4 - https:\/\/yoast.com\/product\/yoast-seo-wordpress\/ -->\n<title>Il &quot;Giornaletto clandestino&quot; di Daniela Zangrando: l&#039;arte come atto di cura e resistenza - Bellunopress - Dolomiti<\/title>\n<meta name=\"robots\" content=\"index, follow, max-snippet:-1, max-image-preview:large, max-video-preview:-1\" \/>\n<link rel=\"canonical\" href=\"https:\/\/www.bellunopress.it\/fr\/2026\/03\/30\/il-giornaletto-clandestino-di-daniela-zangrando-larte-come-atto-di-cura-e-resistenza\/\" \/>\n<meta property=\"og:locale\" content=\"fr_FR\" \/>\n<meta property=\"og:type\" content=\"article\" \/>\n<meta property=\"og:title\" content=\"Il &quot;Giornaletto clandestino&quot; di Daniela Zangrando: l&#039;arte come atto di cura e resistenza - Bellunopress - Dolomiti\" \/>\n<meta property=\"og:description\" content=\"Belluno, 30\/03\/2026 &#8211; Nella suggestiva cornice del Granaio di Villa Buzzati, la rassegna \u201cStampare fuori dalle righe\u201d ideata e curata da Martina Gennari, Alfonso Lentini e Valentina Morassutti, ha ospitato un incontro profondo e visionario. Daniela Zangrando, direttrice del museo d&#8217;arte contemporanea Burel, ha presentato la sua ultima creatura: il Giornaletto clandestino. Il progetto non [&hellip;]\" \/>\n<meta property=\"og:url\" content=\"https:\/\/www.bellunopress.it\/fr\/2026\/03\/30\/il-giornaletto-clandestino-di-daniela-zangrando-larte-come-atto-di-cura-e-resistenza\/\" \/>\n<meta property=\"og:site_name\" content=\"Bellunopress - Dolomiti\" \/>\n<meta property=\"article:publisher\" content=\"https:\/\/www.facebook.com\/profile.php?id=100008943462799\" \/>\n<meta property=\"article:published_time\" content=\"2026-03-30T19:23:10+00:00\" \/>\n<meta property=\"og:image\" content=\"https:\/\/www.bellunopress.it\/wp-content\/uploads\/2026\/03\/valentina-morassutti-daniela-zangrando.jpg\" \/>\n\t<meta property=\"og:image:width\" content=\"500\" \/>\n\t<meta property=\"og:image:height\" content=\"402\" \/>\n\t<meta property=\"og:image:type\" content=\"image\/jpeg\" \/>\n<meta name=\"author\" content=\"redazione\" \/>\n<meta name=\"twitter:card\" content=\"summary_large_image\" \/>\n<meta name=\"twitter:creator\" content=\"@bellunopress\" \/>\n<meta name=\"twitter:site\" content=\"@bellunopress\" \/>\n<meta name=\"twitter:label1\" content=\"\u00c9crit par\" \/>\n\t<meta name=\"twitter:data1\" content=\"redazione\" \/>\n\t<meta name=\"twitter:label2\" content=\"Dur\u00e9e de lecture estim\u00e9e\" \/>\n\t<meta name=\"twitter:data2\" content=\"2 minutes\" \/>\n<script type=\"application\/ld+json\" class=\"yoast-schema-graph\">{\"@context\":\"https:\\\/\\\/schema.org\",\"@graph\":[{\"@type\":\"Article\",\"@id\":\"https:\\\/\\\/www.bellunopress.it\\\/2026\\\/03\\\/30\\\/il-giornaletto-clandestino-di-daniela-zangrando-larte-come-atto-di-cura-e-resistenza\\\/#article\",\"isPartOf\":{\"@id\":\"https:\\\/\\\/www.bellunopress.it\\\/2026\\\/03\\\/30\\\/il-giornaletto-clandestino-di-daniela-zangrando-larte-come-atto-di-cura-e-resistenza\\\/\"},\"author\":{\"name\":\"redazione\",\"@id\":\"https:\\\/\\\/www.bellunopress.it\\\/#\\\/schema\\\/person\\\/79bb06722b37ece1c03d3e94beb30d73\"},\"headline\":\"Il &#8220;Giornaletto clandestino&#8221; di Daniela Zangrando: l&#8217;arte come atto di cura e resistenza\",\"datePublished\":\"2026-03-30T19:23:10+00:00\",\"mainEntityOfPage\":{\"@id\":\"https:\\\/\\\/www.bellunopress.it\\\/2026\\\/03\\\/30\\\/il-giornaletto-clandestino-di-daniela-zangrando-larte-come-atto-di-cura-e-resistenza\\\/\"},\"wordCount\":408,\"publisher\":{\"@id\":\"https:\\\/\\\/www.bellunopress.it\\\/#organization\"},\"image\":{\"@id\":\"https:\\\/\\\/www.bellunopress.it\\\/2026\\\/03\\\/30\\\/il-giornaletto-clandestino-di-daniela-zangrando-larte-come-atto-di-cura-e-resistenza\\\/#primaryimage\"},\"thumbnailUrl\":\"https:\\\/\\\/www.bellunopress.it\\\/wp-content\\\/uploads\\\/2026\\\/03\\\/valentina-morassutti-daniela-zangrando.jpg\",\"articleSection\":[\"Arte, Cultura, Spettacoli, Scienza\",\"Pausa Caff\u00e8\"],\"inLanguage\":\"fr-FR\"},{\"@type\":\"WebPage\",\"@id\":\"https:\\\/\\\/www.bellunopress.it\\\/2026\\\/03\\\/30\\\/il-giornaletto-clandestino-di-daniela-zangrando-larte-come-atto-di-cura-e-resistenza\\\/\",\"url\":\"https:\\\/\\\/www.bellunopress.it\\\/2026\\\/03\\\/30\\\/il-giornaletto-clandestino-di-daniela-zangrando-larte-come-atto-di-cura-e-resistenza\\\/\",\"name\":\"Il \\\"Giornaletto clandestino\\\" di Daniela Zangrando: l'arte come atto di cura e resistenza - Bellunopress - Dolomiti\",\"isPartOf\":{\"@id\":\"https:\\\/\\\/www.bellunopress.it\\\/#website\"},\"primaryImageOfPage\":{\"@id\":\"https:\\\/\\\/www.bellunopress.it\\\/2026\\\/03\\\/30\\\/il-giornaletto-clandestino-di-daniela-zangrando-larte-come-atto-di-cura-e-resistenza\\\/#primaryimage\"},\"image\":{\"@id\":\"https:\\\/\\\/www.bellunopress.it\\\/2026\\\/03\\\/30\\\/il-giornaletto-clandestino-di-daniela-zangrando-larte-come-atto-di-cura-e-resistenza\\\/#primaryimage\"},\"thumbnailUrl\":\"https:\\\/\\\/www.bellunopress.it\\\/wp-content\\\/uploads\\\/2026\\\/03\\\/valentina-morassutti-daniela-zangrando.jpg\",\"datePublished\":\"2026-03-30T19:23:10+00:00\",\"breadcrumb\":{\"@id\":\"https:\\\/\\\/www.bellunopress.it\\\/2026\\\/03\\\/30\\\/il-giornaletto-clandestino-di-daniela-zangrando-larte-come-atto-di-cura-e-resistenza\\\/#breadcrumb\"},\"inLanguage\":\"fr-FR\",\"potentialAction\":[{\"@type\":\"ReadAction\",\"target\":[\"https:\\\/\\\/www.bellunopress.it\\\/2026\\\/03\\\/30\\\/il-giornaletto-clandestino-di-daniela-zangrando-larte-come-atto-di-cura-e-resistenza\\\/\"]}]},{\"@type\":\"ImageObject\",\"inLanguage\":\"fr-FR\",\"@id\":\"https:\\\/\\\/www.bellunopress.it\\\/2026\\\/03\\\/30\\\/il-giornaletto-clandestino-di-daniela-zangrando-larte-come-atto-di-cura-e-resistenza\\\/#primaryimage\",\"url\":\"https:\\\/\\\/www.bellunopress.it\\\/wp-content\\\/uploads\\\/2026\\\/03\\\/valentina-morassutti-daniela-zangrando.jpg\",\"contentUrl\":\"https:\\\/\\\/www.bellunopress.it\\\/wp-content\\\/uploads\\\/2026\\\/03\\\/valentina-morassutti-daniela-zangrando.jpg\",\"width\":500,\"height\":402,\"caption\":\"Valentina Morassutti e Daniela Zangrando (Granaio Buzzati - Belluno, 30\\\/03\\\/2026)\"},{\"@type\":\"BreadcrumbList\",\"@id\":\"https:\\\/\\\/www.bellunopress.it\\\/2026\\\/03\\\/30\\\/il-giornaletto-clandestino-di-daniela-zangrando-larte-come-atto-di-cura-e-resistenza\\\/#breadcrumb\",\"itemListElement\":[{\"@type\":\"ListItem\",\"position\":1,\"name\":\"Home\",\"item\":\"https:\\\/\\\/www.bellunopress.it\\\/\"},{\"@type\":\"ListItem\",\"position\":2,\"name\":\"Il &#8220;Giornaletto clandestino&#8221; di Daniela Zangrando: l&#8217;arte come atto di cura e resistenza\"}]},{\"@type\":\"WebSite\",\"@id\":\"https:\\\/\\\/www.bellunopress.it\\\/#website\",\"url\":\"https:\\\/\\\/www.bellunopress.it\\\/\",\"name\":\"Bellunopress - Dolomiti\",\"description\":\"e-mail: redazione@bellunopress.it\",\"publisher\":{\"@id\":\"https:\\\/\\\/www.bellunopress.it\\\/#organization\"},\"potentialAction\":[{\"@type\":\"SearchAction\",\"target\":{\"@type\":\"EntryPoint\",\"urlTemplate\":\"https:\\\/\\\/www.bellunopress.it\\\/?s={search_term_string}\"},\"query-input\":{\"@type\":\"PropertyValueSpecification\",\"valueRequired\":true,\"valueName\":\"search_term_string\"}}],\"inLanguage\":\"fr-FR\"},{\"@type\":\"Organization\",\"@id\":\"https:\\\/\\\/www.bellunopress.it\\\/#organization\",\"name\":\"Bellunopress\",\"url\":\"https:\\\/\\\/www.bellunopress.it\\\/\",\"logo\":{\"@type\":\"ImageObject\",\"inLanguage\":\"fr-FR\",\"@id\":\"https:\\\/\\\/www.bellunopress.it\\\/#\\\/schema\\\/logo\\\/image\\\/\",\"url\":\"https:\\\/\\\/www.bellunopress.it\\\/wp-content\\\/uploads\\\/2011\\\/05\\\/cropped-logo-bellunopress-.jpg\",\"contentUrl\":\"https:\\\/\\\/www.bellunopress.it\\\/wp-content\\\/uploads\\\/2011\\\/05\\\/cropped-logo-bellunopress-.jpg\",\"width\":512,\"height\":512,\"caption\":\"Bellunopress\"},\"image\":{\"@id\":\"https:\\\/\\\/www.bellunopress.it\\\/#\\\/schema\\\/logo\\\/image\\\/\"},\"sameAs\":[\"https:\\\/\\\/www.facebook.com\\\/profile.php?id=100008943462799\",\"https:\\\/\\\/x.com\\\/bellunopress\",\"https:\\\/\\\/www.linkedin.com\\\/hp\\\/?dnr=JBzUWaJfMUw8vbXJJ2tVW5-I3jZKvC4wsoxE&amp;amp;amp;amp;amp;amp;trk=nav_responsive_tab_home\",\"https:\\\/\\\/www.youtube.com\\\/channel\\\/UCxL0wu1uN0_3_7hGG0306cw\"]},{\"@type\":\"Person\",\"@id\":\"https:\\\/\\\/www.bellunopress.it\\\/#\\\/schema\\\/person\\\/79bb06722b37ece1c03d3e94beb30d73\",\"name\":\"redazione\",\"image\":{\"@type\":\"ImageObject\",\"inLanguage\":\"fr-FR\",\"@id\":\"https:\\\/\\\/secure.gravatar.com\\\/avatar\\\/37d968a2e67a6fd04c169c4bdef102d0bc5d31b2546345219e348575eb80e9a0?s=96&d=mm&r=g\",\"url\":\"https:\\\/\\\/secure.gravatar.com\\\/avatar\\\/37d968a2e67a6fd04c169c4bdef102d0bc5d31b2546345219e348575eb80e9a0?s=96&d=mm&r=g\",\"contentUrl\":\"https:\\\/\\\/secure.gravatar.com\\\/avatar\\\/37d968a2e67a6fd04c169c4bdef102d0bc5d31b2546345219e348575eb80e9a0?s=96&d=mm&r=g\",\"caption\":\"redazione\"},\"sameAs\":[\"http:\\\/\\\/www.bellunopress.it\",\"https:\\\/\\\/x.com\\\/bellunopress\"],\"url\":\"https:\\\/\\\/www.bellunopress.it\\\/fr\\\/author\\\/redazione\\\/\"}]}<\/script>\n<!-- \/ Yoast SEO plugin. -->","yoast_head_json":{"title":"Il \"Giornaletto clandestino\" di Daniela Zangrando: l'arte come atto di cura e resistenza - Bellunopress - Dolomiti","robots":{"index":"index","follow":"follow","max-snippet":"max-snippet:-1","max-image-preview":"max-image-preview:large","max-video-preview":"max-video-preview:-1"},"canonical":"https:\/\/www.bellunopress.it\/fr\/2026\/03\/30\/il-giornaletto-clandestino-di-daniela-zangrando-larte-come-atto-di-cura-e-resistenza\/","og_locale":"fr_FR","og_type":"article","og_title":"Il \"Giornaletto clandestino\" di Daniela Zangrando: l'arte come atto di cura e resistenza - Bellunopress - Dolomiti","og_description":"Belluno, 30\/03\/2026 &#8211; Nella suggestiva cornice del Granaio di Villa Buzzati, la rassegna \u201cStampare fuori dalle righe\u201d ideata e curata da Martina Gennari, Alfonso Lentini e Valentina Morassutti, ha ospitato un incontro profondo e visionario. Daniela Zangrando, direttrice del museo d&#8217;arte contemporanea Burel, ha presentato la sua ultima creatura: il Giornaletto clandestino. Il progetto non [&hellip;]","og_url":"https:\/\/www.bellunopress.it\/fr\/2026\/03\/30\/il-giornaletto-clandestino-di-daniela-zangrando-larte-come-atto-di-cura-e-resistenza\/","og_site_name":"Bellunopress - Dolomiti","article_publisher":"https:\/\/www.facebook.com\/profile.php?id=100008943462799","article_published_time":"2026-03-30T19:23:10+00:00","og_image":[{"width":500,"height":402,"url":"https:\/\/www.bellunopress.it\/wp-content\/uploads\/2026\/03\/valentina-morassutti-daniela-zangrando.jpg","type":"image\/jpeg"}],"author":"redazione","twitter_card":"summary_large_image","twitter_creator":"@bellunopress","twitter_site":"@bellunopress","twitter_misc":{"\u00c9crit par":"redazione","Dur\u00e9e de lecture estim\u00e9e":"2 minutes"},"schema":{"@context":"https:\/\/schema.org","@graph":[{"@type":"Article","@id":"https:\/\/www.bellunopress.it\/2026\/03\/30\/il-giornaletto-clandestino-di-daniela-zangrando-larte-come-atto-di-cura-e-resistenza\/#article","isPartOf":{"@id":"https:\/\/www.bellunopress.it\/2026\/03\/30\/il-giornaletto-clandestino-di-daniela-zangrando-larte-come-atto-di-cura-e-resistenza\/"},"author":{"name":"redazione","@id":"https:\/\/www.bellunopress.it\/#\/schema\/person\/79bb06722b37ece1c03d3e94beb30d73"},"headline":"Il &#8220;Giornaletto clandestino&#8221; di Daniela Zangrando: l&#8217;arte come atto di cura e resistenza","datePublished":"2026-03-30T19:23:10+00:00","mainEntityOfPage":{"@id":"https:\/\/www.bellunopress.it\/2026\/03\/30\/il-giornaletto-clandestino-di-daniela-zangrando-larte-come-atto-di-cura-e-resistenza\/"},"wordCount":408,"publisher":{"@id":"https:\/\/www.bellunopress.it\/#organization"},"image":{"@id":"https:\/\/www.bellunopress.it\/2026\/03\/30\/il-giornaletto-clandestino-di-daniela-zangrando-larte-come-atto-di-cura-e-resistenza\/#primaryimage"},"thumbnailUrl":"https:\/\/www.bellunopress.it\/wp-content\/uploads\/2026\/03\/valentina-morassutti-daniela-zangrando.jpg","articleSection":["Arte, Cultura, Spettacoli, Scienza","Pausa Caff\u00e8"],"inLanguage":"fr-FR"},{"@type":"WebPage","@id":"https:\/\/www.bellunopress.it\/2026\/03\/30\/il-giornaletto-clandestino-di-daniela-zangrando-larte-come-atto-di-cura-e-resistenza\/","url":"https:\/\/www.bellunopress.it\/2026\/03\/30\/il-giornaletto-clandestino-di-daniela-zangrando-larte-come-atto-di-cura-e-resistenza\/","name":"Il \"Giornaletto clandestino\" di Daniela Zangrando: l'arte come atto di cura e resistenza - Bellunopress - Dolomiti","isPartOf":{"@id":"https:\/\/www.bellunopress.it\/#website"},"primaryImageOfPage":{"@id":"https:\/\/www.bellunopress.it\/2026\/03\/30\/il-giornaletto-clandestino-di-daniela-zangrando-larte-come-atto-di-cura-e-resistenza\/#primaryimage"},"image":{"@id":"https:\/\/www.bellunopress.it\/2026\/03\/30\/il-giornaletto-clandestino-di-daniela-zangrando-larte-come-atto-di-cura-e-resistenza\/#primaryimage"},"thumbnailUrl":"https:\/\/www.bellunopress.it\/wp-content\/uploads\/2026\/03\/valentina-morassutti-daniela-zangrando.jpg","datePublished":"2026-03-30T19:23:10+00:00","breadcrumb":{"@id":"https:\/\/www.bellunopress.it\/2026\/03\/30\/il-giornaletto-clandestino-di-daniela-zangrando-larte-come-atto-di-cura-e-resistenza\/#breadcrumb"},"inLanguage":"fr-FR","potentialAction":[{"@type":"ReadAction","target":["https:\/\/www.bellunopress.it\/2026\/03\/30\/il-giornaletto-clandestino-di-daniela-zangrando-larte-come-atto-di-cura-e-resistenza\/"]}]},{"@type":"ImageObject","inLanguage":"fr-FR","@id":"https:\/\/www.bellunopress.it\/2026\/03\/30\/il-giornaletto-clandestino-di-daniela-zangrando-larte-come-atto-di-cura-e-resistenza\/#primaryimage","url":"https:\/\/www.bellunopress.it\/wp-content\/uploads\/2026\/03\/valentina-morassutti-daniela-zangrando.jpg","contentUrl":"https:\/\/www.bellunopress.it\/wp-content\/uploads\/2026\/03\/valentina-morassutti-daniela-zangrando.jpg","width":500,"height":402,"caption":"Valentina Morassutti e Daniela Zangrando (Granaio Buzzati - Belluno, 30\/03\/2026)"},{"@type":"BreadcrumbList","@id":"https:\/\/www.bellunopress.it\/2026\/03\/30\/il-giornaletto-clandestino-di-daniela-zangrando-larte-come-atto-di-cura-e-resistenza\/#breadcrumb","itemListElement":[{"@type":"ListItem","position":1,"name":"Home","item":"https:\/\/www.bellunopress.it\/"},{"@type":"ListItem","position":2,"name":"Il &#8220;Giornaletto clandestino&#8221; di Daniela Zangrando: l&#8217;arte come atto di cura e resistenza"}]},{"@type":"WebSite","@id":"https:\/\/www.bellunopress.it\/#website","url":"https:\/\/www.bellunopress.it\/","name":"Bellunopress - Dolomiti","description":"e-mail: redazione@bellunopress.it","publisher":{"@id":"https:\/\/www.bellunopress.it\/#organization"},"potentialAction":[{"@type":"SearchAction","target":{"@type":"EntryPoint","urlTemplate":"https:\/\/www.bellunopress.it\/?s={search_term_string}"},"query-input":{"@type":"PropertyValueSpecification","valueRequired":true,"valueName":"search_term_string"}}],"inLanguage":"fr-FR"},{"@type":"Organization","@id":"https:\/\/www.bellunopress.it\/#organization","name":"Bellunopress","url":"https:\/\/www.bellunopress.it\/","logo":{"@type":"ImageObject","inLanguage":"fr-FR","@id":"https:\/\/www.bellunopress.it\/#\/schema\/logo\/image\/","url":"https:\/\/www.bellunopress.it\/wp-content\/uploads\/2011\/05\/cropped-logo-bellunopress-.jpg","contentUrl":"https:\/\/www.bellunopress.it\/wp-content\/uploads\/2011\/05\/cropped-logo-bellunopress-.jpg","width":512,"height":512,"caption":"Bellunopress"},"image":{"@id":"https:\/\/www.bellunopress.it\/#\/schema\/logo\/image\/"},"sameAs":["https:\/\/www.facebook.com\/profile.php?id=100008943462799","https:\/\/x.com\/bellunopress","https:\/\/www.linkedin.com\/hp\/?dnr=JBzUWaJfMUw8vbXJJ2tVW5-I3jZKvC4wsoxE&amp;amp;amp;amp;amp;amp;trk=nav_responsive_tab_home","https:\/\/www.youtube.com\/channel\/UCxL0wu1uN0_3_7hGG0306cw"]},{"@type":"Person","@id":"https:\/\/www.bellunopress.it\/#\/schema\/person\/79bb06722b37ece1c03d3e94beb30d73","name":"r\u00e9daction","image":{"@type":"ImageObject","inLanguage":"fr-FR","@id":"https:\/\/secure.gravatar.com\/avatar\/37d968a2e67a6fd04c169c4bdef102d0bc5d31b2546345219e348575eb80e9a0?s=96&d=mm&r=g","url":"https:\/\/secure.gravatar.com\/avatar\/37d968a2e67a6fd04c169c4bdef102d0bc5d31b2546345219e348575eb80e9a0?s=96&d=mm&r=g","contentUrl":"https:\/\/secure.gravatar.com\/avatar\/37d968a2e67a6fd04c169c4bdef102d0bc5d31b2546345219e348575eb80e9a0?s=96&d=mm&r=g","caption":"redazione"},"sameAs":["http:\/\/www.bellunopress.it","https:\/\/x.com\/bellunopress"],"url":"https:\/\/www.bellunopress.it\/fr\/author\/redazione\/"}]}},"_links":{"self":[{"href":"https:\/\/www.bellunopress.it\/fr\/wp-json\/wp\/v2\/posts\/168648","targetHints":{"allow":["GET"]}}],"collection":[{"href":"https:\/\/www.bellunopress.it\/fr\/wp-json\/wp\/v2\/posts"}],"about":[{"href":"https:\/\/www.bellunopress.it\/fr\/wp-json\/wp\/v2\/types\/post"}],"author":[{"embeddable":true,"href":"https:\/\/www.bellunopress.it\/fr\/wp-json\/wp\/v2\/users\/2"}],"replies":[{"embeddable":true,"href":"https:\/\/www.bellunopress.it\/fr\/wp-json\/wp\/v2\/comments?post=168648"}],"version-history":[{"count":1,"href":"https:\/\/www.bellunopress.it\/fr\/wp-json\/wp\/v2\/posts\/168648\/revisions"}],"predecessor-version":[{"id":168651,"href":"https:\/\/www.bellunopress.it\/fr\/wp-json\/wp\/v2\/posts\/168648\/revisions\/168651"}],"wp:featuredmedia":[{"embeddable":true,"href":"https:\/\/www.bellunopress.it\/fr\/wp-json\/wp\/v2\/media\/168650"}],"wp:attachment":[{"href":"https:\/\/www.bellunopress.it\/fr\/wp-json\/wp\/v2\/media?parent=168648"}],"wp:term":[{"taxonomy":"category","embeddable":true,"href":"https:\/\/www.bellunopress.it\/fr\/wp-json\/wp\/v2\/categories?post=168648"},{"taxonomy":"post_tag","embeddable":true,"href":"https:\/\/www.bellunopress.it\/fr\/wp-json\/wp\/v2\/tags?post=168648"}],"curies":[{"name":"wp","href":"https:\/\/api.w.org\/{rel}","templated":true}]}}