{"id":168634,"date":"2026-03-30T13:09:16","date_gmt":"2026-03-30T11:09:16","guid":{"rendered":"https:\/\/www.bellunopress.it\/?p=168634"},"modified":"2026-03-30T13:11:11","modified_gmt":"2026-03-30T11:11:11","slug":"168634","status":"publish","type":"post","link":"https:\/\/www.bellunopress.it\/fr\/2026\/03\/30\/168634\/","title":{"rendered":"Fondi montagna. Calligaro: &#8220;Il collegato alla Legge di stabilit\u00e0 \u00e8 una tutela per la montagna&#8221;"},"content":{"rendered":"<p>\u00abDopo il dibattito emerso anche sui giornali in merito ai fondi tra montagna e altre aree, da Segretaria della V Commissione consiliare ritengo doveroso precisare alcuni elementi in modo chiaro e con i numeri\u00bb.<\/p>\n<p>Lo dichiara Silvia Calligaro, consigliere regionale di Fratelli d&#8217;Italia.<\/p>\n<p>\u00abIl Collegato alla legge di stabilit\u00e0 della Regione, prevedendo almeno 30 milioni di euro per la specificit\u00e0 della montagna, introduce una salvaguardia per il nostro sistema: significa stabilire per norma che la quota non possa scendere sotto quella soglia, anche in caso di variazioni o rimodulazioni future. Non \u00e8 un messaggio di riduzione, ma di tutela\u00bb.<\/p>\n<p>Calligaro ricorda quindi il quadro gi\u00e0 applicato: \u00abNel 2025, sulla base delle delibere regionali vigenti, per la specificit\u00e0 della montagna sono state erogate risorse per 24,8 milioni di euro complessivi: 17 milioni all&#8217;Area Dolomiti, 4 milioni alla Pedemontana, 800 mila euro alla Berica e 3 milioni alla Scaligera. \u00c8 un dato tecnico, verificabile, che aiuta a capire perch\u00e9 la soglia dei 30 milioni \u00e8 un presidio importante\u00bb.<\/p>\n<p>\u00abVa inoltre ricordato \u2013 prosegue \u2013 che accanto a queste risorse esistono altri fondi che rientrano comunque nel perimetro della sanit\u00e0 e che incidono anche sulla sanit\u00e0 di montagna. Parliamo delle risorse legate alla specificit\u00e0 della dispersione, che si aggiungono alla montagna: l&#8217;Area Dolomiti ha ricevuto 33 milioni di euro per questa voce. Misure analoghe riguardano altri territori (Serenissima 30 milioni, Polesana 22 milioni), per un totale complessivo di 85 milioni di euro. Sono risorse sanitarie, non vengono &#8220;tolte&#8221; alla montagna: fanno parte del quadro complessivo\u00bb.<\/p>\n<p>\u00abPer questo \u2013 conclude Calligaro \u2013 prima di alimentare polemiche \u00e8 bene spegnere i toni e attenersi ai fatti. Le polemiche fanno male soprattutto al territorio: gridare a presunti tagli senza mettere in ordine i dati non aiuta nessuno. Chi lavora in Regione \u00e8 legato a questi luoghi e ha a cuore la provincia di Belluno. Quello che conta sono i risultati concreti per i bellunesi, non lo scontro\u00bb.<\/p>","protected":false},"excerpt":{"rendered":"<p>\u00abDopo il dibattito emerso anche sui giornali in merito ai fondi tra montagna e altre aree, da Segretaria della V Commissione consiliare ritengo doveroso precisare alcuni elementi in modo chiaro e con i numeri\u00bb. Lo dichiara Silvia Calligaro, consigliere regionale di Fratelli d&#8217;Italia. \u00abIl Collegato alla legge di stabilit\u00e0 della Regione, prevedendo almeno 30 milioni [&hellip;]<\/p>\n","protected":false},"author":2,"featured_media":166894,"comment_status":"closed","ping_status":"open","sticky":false,"template":"","format":"standard","meta":{"footnotes":""},"categories":[5,26],"tags":[],"class_list":["post-168634","post","type-post","status-publish","format-standard","has-post-thumbnail","category-cronaca","category-prima-pagina"],"yoast_head":"<!-- This site is optimized with the Yoast SEO plugin v28.4 - https:\/\/yoast.com\/product\/yoast-seo-wordpress\/ -->\n<title>Fondi montagna. Calligaro: &quot;Il collegato alla Legge di stabilit\u00e0 \u00e8 una tutela per la montagna&quot; - Bellunopress - Dolomiti<\/title>\n<meta name=\"robots\" content=\"index, follow, max-snippet:-1, max-image-preview:large, max-video-preview:-1\" \/>\n<link rel=\"canonical\" href=\"https:\/\/www.bellunopress.it\/fr\/2026\/03\/30\/168634\/\" \/>\n<meta property=\"og:locale\" content=\"fr_FR\" \/>\n<meta property=\"og:type\" content=\"article\" \/>\n<meta property=\"og:title\" content=\"Fondi montagna. Calligaro: &quot;Il collegato alla Legge di stabilit\u00e0 \u00e8 una tutela per la montagna&quot; - Bellunopress - Dolomiti\" \/>\n<meta property=\"og:description\" content=\"\u00abDopo il dibattito emerso anche sui giornali in merito ai fondi tra montagna e altre aree, da Segretaria della V Commissione consiliare ritengo doveroso precisare alcuni elementi in modo chiaro e con i numeri\u00bb. Lo dichiara Silvia Calligaro, consigliere regionale di Fratelli d&#8217;Italia. \u00abIl Collegato alla legge di stabilit\u00e0 della Regione, prevedendo almeno 30 milioni [&hellip;]\" \/>\n<meta property=\"og:url\" content=\"https:\/\/www.bellunopress.it\/fr\/2026\/03\/30\/168634\/\" \/>\n<meta property=\"og:site_name\" content=\"Bellunopress - Dolomiti\" \/>\n<meta property=\"article:publisher\" content=\"https:\/\/www.facebook.com\/profile.php?id=100008943462799\" \/>\n<meta property=\"article:published_time\" content=\"2026-03-30T11:09:16+00:00\" \/>\n<meta property=\"article:modified_time\" content=\"2026-03-30T11:11:11+00:00\" \/>\n<meta property=\"og:image\" content=\"https:\/\/www.bellunopress.it\/wp-content\/uploads\/2026\/01\/Silvia-Calligaro.jpg\" \/>\n\t<meta property=\"og:image:width\" content=\"600\" \/>\n\t<meta property=\"og:image:height\" content=\"400\" \/>\n\t<meta property=\"og:image:type\" content=\"image\/jpeg\" \/>\n<meta name=\"author\" content=\"redazione\" \/>\n<meta name=\"twitter:card\" content=\"summary_large_image\" \/>\n<meta name=\"twitter:creator\" content=\"@bellunopress\" \/>\n<meta name=\"twitter:site\" content=\"@bellunopress\" \/>\n<meta name=\"twitter:label1\" content=\"\u00c9crit par\" \/>\n\t<meta name=\"twitter:data1\" content=\"redazione\" \/>\n\t<meta name=\"twitter:label2\" content=\"Dur\u00e9e de lecture estim\u00e9e\" \/>\n\t<meta name=\"twitter:data2\" content=\"2 minutes\" \/>\n<script type=\"application\/ld+json\" class=\"yoast-schema-graph\">{\"@context\":\"https:\\\/\\\/schema.org\",\"@graph\":[{\"@type\":\"Article\",\"@id\":\"https:\\\/\\\/www.bellunopress.it\\\/2026\\\/03\\\/30\\\/168634\\\/#article\",\"isPartOf\":{\"@id\":\"https:\\\/\\\/www.bellunopress.it\\\/2026\\\/03\\\/30\\\/168634\\\/\"},\"author\":{\"name\":\"redazione\",\"@id\":\"https:\\\/\\\/www.bellunopress.it\\\/#\\\/schema\\\/person\\\/79bb06722b37ece1c03d3e94beb30d73\"},\"headline\":\"Fondi montagna. Calligaro: &#8220;Il collegato alla Legge di stabilit\u00e0 \u00e8 una tutela per la montagna&#8221;\",\"datePublished\":\"2026-03-30T11:09:16+00:00\",\"dateModified\":\"2026-03-30T11:11:11+00:00\",\"mainEntityOfPage\":{\"@id\":\"https:\\\/\\\/www.bellunopress.it\\\/2026\\\/03\\\/30\\\/168634\\\/\"},\"wordCount\":317,\"publisher\":{\"@id\":\"https:\\\/\\\/www.bellunopress.it\\\/#organization\"},\"image\":{\"@id\":\"https:\\\/\\\/www.bellunopress.it\\\/2026\\\/03\\\/30\\\/168634\\\/#primaryimage\"},\"thumbnailUrl\":\"https:\\\/\\\/www.bellunopress.it\\\/wp-content\\\/uploads\\\/2026\\\/01\\\/Silvia-Calligaro.jpg\",\"articleSection\":[\"Cronaca\\\/Politica\",\"Prima Pagina\"],\"inLanguage\":\"fr-FR\"},{\"@type\":\"WebPage\",\"@id\":\"https:\\\/\\\/www.bellunopress.it\\\/2026\\\/03\\\/30\\\/168634\\\/\",\"url\":\"https:\\\/\\\/www.bellunopress.it\\\/2026\\\/03\\\/30\\\/168634\\\/\",\"name\":\"Fondi montagna. Calligaro: \\\"Il collegato alla Legge di stabilit\u00e0 \u00e8 una tutela per la montagna\\\" - Bellunopress - Dolomiti\",\"isPartOf\":{\"@id\":\"https:\\\/\\\/www.bellunopress.it\\\/#website\"},\"primaryImageOfPage\":{\"@id\":\"https:\\\/\\\/www.bellunopress.it\\\/2026\\\/03\\\/30\\\/168634\\\/#primaryimage\"},\"image\":{\"@id\":\"https:\\\/\\\/www.bellunopress.it\\\/2026\\\/03\\\/30\\\/168634\\\/#primaryimage\"},\"thumbnailUrl\":\"https:\\\/\\\/www.bellunopress.it\\\/wp-content\\\/uploads\\\/2026\\\/01\\\/Silvia-Calligaro.jpg\",\"datePublished\":\"2026-03-30T11:09:16+00:00\",\"dateModified\":\"2026-03-30T11:11:11+00:00\",\"breadcrumb\":{\"@id\":\"https:\\\/\\\/www.bellunopress.it\\\/2026\\\/03\\\/30\\\/168634\\\/#breadcrumb\"},\"inLanguage\":\"fr-FR\",\"potentialAction\":[{\"@type\":\"ReadAction\",\"target\":[\"https:\\\/\\\/www.bellunopress.it\\\/2026\\\/03\\\/30\\\/168634\\\/\"]}]},{\"@type\":\"ImageObject\",\"inLanguage\":\"fr-FR\",\"@id\":\"https:\\\/\\\/www.bellunopress.it\\\/2026\\\/03\\\/30\\\/168634\\\/#primaryimage\",\"url\":\"https:\\\/\\\/www.bellunopress.it\\\/wp-content\\\/uploads\\\/2026\\\/01\\\/Silvia-Calligaro.jpg\",\"contentUrl\":\"https:\\\/\\\/www.bellunopress.it\\\/wp-content\\\/uploads\\\/2026\\\/01\\\/Silvia-Calligaro.jpg\",\"width\":600,\"height\":400,\"caption\":\"Silvia Calligaro, consigliera regionale\"},{\"@type\":\"BreadcrumbList\",\"@id\":\"https:\\\/\\\/www.bellunopress.it\\\/2026\\\/03\\\/30\\\/168634\\\/#breadcrumb\",\"itemListElement\":[{\"@type\":\"ListItem\",\"position\":1,\"name\":\"Home\",\"item\":\"https:\\\/\\\/www.bellunopress.it\\\/\"},{\"@type\":\"ListItem\",\"position\":2,\"name\":\"Fondi montagna. Calligaro: &#8220;Il collegato alla Legge di stabilit\u00e0 \u00e8 una tutela per la montagna&#8221;\"}]},{\"@type\":\"WebSite\",\"@id\":\"https:\\\/\\\/www.bellunopress.it\\\/#website\",\"url\":\"https:\\\/\\\/www.bellunopress.it\\\/\",\"name\":\"Bellunopress - Dolomiti\",\"description\":\"e-mail: redazione@bellunopress.it\",\"publisher\":{\"@id\":\"https:\\\/\\\/www.bellunopress.it\\\/#organization\"},\"potentialAction\":[{\"@type\":\"SearchAction\",\"target\":{\"@type\":\"EntryPoint\",\"urlTemplate\":\"https:\\\/\\\/www.bellunopress.it\\\/?s={search_term_string}\"},\"query-input\":{\"@type\":\"PropertyValueSpecification\",\"valueRequired\":true,\"valueName\":\"search_term_string\"}}],\"inLanguage\":\"fr-FR\"},{\"@type\":\"Organization\",\"@id\":\"https:\\\/\\\/www.bellunopress.it\\\/#organization\",\"name\":\"Bellunopress\",\"url\":\"https:\\\/\\\/www.bellunopress.it\\\/\",\"logo\":{\"@type\":\"ImageObject\",\"inLanguage\":\"fr-FR\",\"@id\":\"https:\\\/\\\/www.bellunopress.it\\\/#\\\/schema\\\/logo\\\/image\\\/\",\"url\":\"https:\\\/\\\/www.bellunopress.it\\\/wp-content\\\/uploads\\\/2011\\\/05\\\/cropped-logo-bellunopress-.jpg\",\"contentUrl\":\"https:\\\/\\\/www.bellunopress.it\\\/wp-content\\\/uploads\\\/2011\\\/05\\\/cropped-logo-bellunopress-.jpg\",\"width\":512,\"height\":512,\"caption\":\"Bellunopress\"},\"image\":{\"@id\":\"https:\\\/\\\/www.bellunopress.it\\\/#\\\/schema\\\/logo\\\/image\\\/\"},\"sameAs\":[\"https:\\\/\\\/www.facebook.com\\\/profile.php?id=100008943462799\",\"https:\\\/\\\/x.com\\\/bellunopress\",\"https:\\\/\\\/www.linkedin.com\\\/hp\\\/?dnr=JBzUWaJfMUw8vbXJJ2tVW5-I3jZKvC4wsoxE&amp;amp;amp;amp;amp;amp;trk=nav_responsive_tab_home\",\"https:\\\/\\\/www.youtube.com\\\/channel\\\/UCxL0wu1uN0_3_7hGG0306cw\"]},{\"@type\":\"Person\",\"@id\":\"https:\\\/\\\/www.bellunopress.it\\\/#\\\/schema\\\/person\\\/79bb06722b37ece1c03d3e94beb30d73\",\"name\":\"redazione\",\"image\":{\"@type\":\"ImageObject\",\"inLanguage\":\"fr-FR\",\"@id\":\"https:\\\/\\\/secure.gravatar.com\\\/avatar\\\/37d968a2e67a6fd04c169c4bdef102d0bc5d31b2546345219e348575eb80e9a0?s=96&d=mm&r=g\",\"url\":\"https:\\\/\\\/secure.gravatar.com\\\/avatar\\\/37d968a2e67a6fd04c169c4bdef102d0bc5d31b2546345219e348575eb80e9a0?s=96&d=mm&r=g\",\"contentUrl\":\"https:\\\/\\\/secure.gravatar.com\\\/avatar\\\/37d968a2e67a6fd04c169c4bdef102d0bc5d31b2546345219e348575eb80e9a0?s=96&d=mm&r=g\",\"caption\":\"redazione\"},\"sameAs\":[\"http:\\\/\\\/www.bellunopress.it\",\"https:\\\/\\\/x.com\\\/bellunopress\"],\"url\":\"https:\\\/\\\/www.bellunopress.it\\\/fr\\\/author\\\/redazione\\\/\"}]}<\/script>\n<!-- \/ Yoast SEO plugin. -->","yoast_head_json":{"title":"Fondi montagna. Calligaro: \"Il collegato alla Legge di stabilit\u00e0 \u00e8 una tutela per la montagna\" - Bellunopress - Dolomiti","robots":{"index":"index","follow":"follow","max-snippet":"max-snippet:-1","max-image-preview":"max-image-preview:large","max-video-preview":"max-video-preview:-1"},"canonical":"https:\/\/www.bellunopress.it\/fr\/2026\/03\/30\/168634\/","og_locale":"fr_FR","og_type":"article","og_title":"Fondi montagna. Calligaro: \"Il collegato alla Legge di stabilit\u00e0 \u00e8 una tutela per la montagna\" - Bellunopress - Dolomiti","og_description":"\u00abDopo il dibattito emerso anche sui giornali in merito ai fondi tra montagna e altre aree, da Segretaria della V Commissione consiliare ritengo doveroso precisare alcuni elementi in modo chiaro e con i numeri\u00bb. Lo dichiara Silvia Calligaro, consigliere regionale di Fratelli d&#8217;Italia. \u00abIl Collegato alla legge di stabilit\u00e0 della Regione, prevedendo almeno 30 milioni [&hellip;]","og_url":"https:\/\/www.bellunopress.it\/fr\/2026\/03\/30\/168634\/","og_site_name":"Bellunopress - Dolomiti","article_publisher":"https:\/\/www.facebook.com\/profile.php?id=100008943462799","article_published_time":"2026-03-30T11:09:16+00:00","article_modified_time":"2026-03-30T11:11:11+00:00","og_image":[{"width":600,"height":400,"url":"https:\/\/www.bellunopress.it\/wp-content\/uploads\/2026\/01\/Silvia-Calligaro.jpg","type":"image\/jpeg"}],"author":"redazione","twitter_card":"summary_large_image","twitter_creator":"@bellunopress","twitter_site":"@bellunopress","twitter_misc":{"\u00c9crit par":"redazione","Dur\u00e9e de lecture estim\u00e9e":"2 minutes"},"schema":{"@context":"https:\/\/schema.org","@graph":[{"@type":"Article","@id":"https:\/\/www.bellunopress.it\/2026\/03\/30\/168634\/#article","isPartOf":{"@id":"https:\/\/www.bellunopress.it\/2026\/03\/30\/168634\/"},"author":{"name":"redazione","@id":"https:\/\/www.bellunopress.it\/#\/schema\/person\/79bb06722b37ece1c03d3e94beb30d73"},"headline":"Fondi montagna. Calligaro: &#8220;Il collegato alla Legge di stabilit\u00e0 \u00e8 una tutela per la montagna&#8221;","datePublished":"2026-03-30T11:09:16+00:00","dateModified":"2026-03-30T11:11:11+00:00","mainEntityOfPage":{"@id":"https:\/\/www.bellunopress.it\/2026\/03\/30\/168634\/"},"wordCount":317,"publisher":{"@id":"https:\/\/www.bellunopress.it\/#organization"},"image":{"@id":"https:\/\/www.bellunopress.it\/2026\/03\/30\/168634\/#primaryimage"},"thumbnailUrl":"https:\/\/www.bellunopress.it\/wp-content\/uploads\/2026\/01\/Silvia-Calligaro.jpg","articleSection":["Cronaca\/Politica","Prima Pagina"],"inLanguage":"fr-FR"},{"@type":"WebPage","@id":"https:\/\/www.bellunopress.it\/2026\/03\/30\/168634\/","url":"https:\/\/www.bellunopress.it\/2026\/03\/30\/168634\/","name":"Fondi montagna. Calligaro: \"Il collegato alla Legge di stabilit\u00e0 \u00e8 una tutela per la montagna\" - Bellunopress - Dolomiti","isPartOf":{"@id":"https:\/\/www.bellunopress.it\/#website"},"primaryImageOfPage":{"@id":"https:\/\/www.bellunopress.it\/2026\/03\/30\/168634\/#primaryimage"},"image":{"@id":"https:\/\/www.bellunopress.it\/2026\/03\/30\/168634\/#primaryimage"},"thumbnailUrl":"https:\/\/www.bellunopress.it\/wp-content\/uploads\/2026\/01\/Silvia-Calligaro.jpg","datePublished":"2026-03-30T11:09:16+00:00","dateModified":"2026-03-30T11:11:11+00:00","breadcrumb":{"@id":"https:\/\/www.bellunopress.it\/2026\/03\/30\/168634\/#breadcrumb"},"inLanguage":"fr-FR","potentialAction":[{"@type":"ReadAction","target":["https:\/\/www.bellunopress.it\/2026\/03\/30\/168634\/"]}]},{"@type":"ImageObject","inLanguage":"fr-FR","@id":"https:\/\/www.bellunopress.it\/2026\/03\/30\/168634\/#primaryimage","url":"https:\/\/www.bellunopress.it\/wp-content\/uploads\/2026\/01\/Silvia-Calligaro.jpg","contentUrl":"https:\/\/www.bellunopress.it\/wp-content\/uploads\/2026\/01\/Silvia-Calligaro.jpg","width":600,"height":400,"caption":"Silvia Calligaro, consigliera regionale"},{"@type":"BreadcrumbList","@id":"https:\/\/www.bellunopress.it\/2026\/03\/30\/168634\/#breadcrumb","itemListElement":[{"@type":"ListItem","position":1,"name":"Home","item":"https:\/\/www.bellunopress.it\/"},{"@type":"ListItem","position":2,"name":"Fondi montagna. Calligaro: &#8220;Il collegato alla Legge di stabilit\u00e0 \u00e8 una tutela per la montagna&#8221;"}]},{"@type":"WebSite","@id":"https:\/\/www.bellunopress.it\/#website","url":"https:\/\/www.bellunopress.it\/","name":"Bellunopress - Dolomiti","description":"e-mail: redazione@bellunopress.it","publisher":{"@id":"https:\/\/www.bellunopress.it\/#organization"},"potentialAction":[{"@type":"SearchAction","target":{"@type":"EntryPoint","urlTemplate":"https:\/\/www.bellunopress.it\/?s={search_term_string}"},"query-input":{"@type":"PropertyValueSpecification","valueRequired":true,"valueName":"search_term_string"}}],"inLanguage":"fr-FR"},{"@type":"Organization","@id":"https:\/\/www.bellunopress.it\/#organization","name":"Bellunopress","url":"https:\/\/www.bellunopress.it\/","logo":{"@type":"ImageObject","inLanguage":"fr-FR","@id":"https:\/\/www.bellunopress.it\/#\/schema\/logo\/image\/","url":"https:\/\/www.bellunopress.it\/wp-content\/uploads\/2011\/05\/cropped-logo-bellunopress-.jpg","contentUrl":"https:\/\/www.bellunopress.it\/wp-content\/uploads\/2011\/05\/cropped-logo-bellunopress-.jpg","width":512,"height":512,"caption":"Bellunopress"},"image":{"@id":"https:\/\/www.bellunopress.it\/#\/schema\/logo\/image\/"},"sameAs":["https:\/\/www.facebook.com\/profile.php?id=100008943462799","https:\/\/x.com\/bellunopress","https:\/\/www.linkedin.com\/hp\/?dnr=JBzUWaJfMUw8vbXJJ2tVW5-I3jZKvC4wsoxE&amp;amp;amp;amp;amp;amp;trk=nav_responsive_tab_home","https:\/\/www.youtube.com\/channel\/UCxL0wu1uN0_3_7hGG0306cw"]},{"@type":"Person","@id":"https:\/\/www.bellunopress.it\/#\/schema\/person\/79bb06722b37ece1c03d3e94beb30d73","name":"r\u00e9daction","image":{"@type":"ImageObject","inLanguage":"fr-FR","@id":"https:\/\/secure.gravatar.com\/avatar\/37d968a2e67a6fd04c169c4bdef102d0bc5d31b2546345219e348575eb80e9a0?s=96&d=mm&r=g","url":"https:\/\/secure.gravatar.com\/avatar\/37d968a2e67a6fd04c169c4bdef102d0bc5d31b2546345219e348575eb80e9a0?s=96&d=mm&r=g","contentUrl":"https:\/\/secure.gravatar.com\/avatar\/37d968a2e67a6fd04c169c4bdef102d0bc5d31b2546345219e348575eb80e9a0?s=96&d=mm&r=g","caption":"redazione"},"sameAs":["http:\/\/www.bellunopress.it","https:\/\/x.com\/bellunopress"],"url":"https:\/\/www.bellunopress.it\/fr\/author\/redazione\/"}]}},"_links":{"self":[{"href":"https:\/\/www.bellunopress.it\/fr\/wp-json\/wp\/v2\/posts\/168634","targetHints":{"allow":["GET"]}}],"collection":[{"href":"https:\/\/www.bellunopress.it\/fr\/wp-json\/wp\/v2\/posts"}],"about":[{"href":"https:\/\/www.bellunopress.it\/fr\/wp-json\/wp\/v2\/types\/post"}],"author":[{"embeddable":true,"href":"https:\/\/www.bellunopress.it\/fr\/wp-json\/wp\/v2\/users\/2"}],"replies":[{"embeddable":true,"href":"https:\/\/www.bellunopress.it\/fr\/wp-json\/wp\/v2\/comments?post=168634"}],"version-history":[{"count":3,"href":"https:\/\/www.bellunopress.it\/fr\/wp-json\/wp\/v2\/posts\/168634\/revisions"}],"predecessor-version":[{"id":168637,"href":"https:\/\/www.bellunopress.it\/fr\/wp-json\/wp\/v2\/posts\/168634\/revisions\/168637"}],"wp:featuredmedia":[{"embeddable":true,"href":"https:\/\/www.bellunopress.it\/fr\/wp-json\/wp\/v2\/media\/166894"}],"wp:attachment":[{"href":"https:\/\/www.bellunopress.it\/fr\/wp-json\/wp\/v2\/media?parent=168634"}],"wp:term":[{"taxonomy":"category","embeddable":true,"href":"https:\/\/www.bellunopress.it\/fr\/wp-json\/wp\/v2\/categories?post=168634"},{"taxonomy":"post_tag","embeddable":true,"href":"https:\/\/www.bellunopress.it\/fr\/wp-json\/wp\/v2\/tags?post=168634"}],"curies":[{"name":"wp","href":"https:\/\/api.w.org\/{rel}","templated":true}]}}