{"id":168630,"date":"2026-03-30T13:01:24","date_gmt":"2026-03-30T11:01:24","guid":{"rendered":"https:\/\/www.bellunopress.it\/?p=168630"},"modified":"2026-03-30T13:01:24","modified_gmt":"2026-03-30T11:01:24","slug":"nicola-gallo-e-il-nuovo-presidente-dellandi-belluno-associazione-nazionale-dentisti-italiani","status":"publish","type":"post","link":"https:\/\/www.bellunopress.it\/fr\/2026\/03\/30\/nicola-gallo-e-il-nuovo-presidente-dellandi-belluno-associazione-nazionale-dentisti-italiani\/","title":{"rendered":"Nicola Gallo \u00e8 il nuovo presidente dell&#8217;Andi Belluno, Associazione nazionale dentisti italiani"},"content":{"rendered":"<p>All&#8217;insegna della continuit\u00e0, ma con qualche spinta innovativa legata a nuove energie.<\/p>\n<p>Questa la direzione indicata dal dottor Nicola Gallo, odontoiatra di 41 anni con studio a Longarone, che \u00e8 stato eletto lo scorso 25 marzo nuovo presidente della sezione di Belluno dell&#8217;ANDI (Associazione Nazionale Dentisti Italiani) che conta 116 iscritti. Il dottor Gallo, gi\u00e0 vicepresidente nella stagione passata, subentra al dottor Alessandro Perini, che ora diventa il suo vice, e manterr\u00e0 l&#8217;incarico per il quadriennio 2026-2029.<\/p>\n<figure id=\"attachment_168631\" aria-describedby=\"caption-attachment-168631\" style=\"width: 700px\" class=\"wp-caption aligncenter\"><img loading=\"lazy\" decoding=\"async\" class=\"size-full wp-image-168631\" src=\"https:\/\/www.bellunopress.it\/wp-content\/uploads\/2026\/03\/ANDI-Belluno-Direttivo.jpg\" alt=\"\" width=\"700\" height=\"278\" srcset=\"https:\/\/www.bellunopress.it\/wp-content\/uploads\/2026\/03\/ANDI-Belluno-Direttivo.jpg 700w, https:\/\/www.bellunopress.it\/wp-content\/uploads\/2026\/03\/ANDI-Belluno-Direttivo-500x199.jpg 500w, https:\/\/www.bellunopress.it\/wp-content\/uploads\/2026\/03\/ANDI-Belluno-Direttivo-150x60.jpg 150w, https:\/\/www.bellunopress.it\/wp-content\/uploads\/2026\/03\/ANDI-Belluno-Direttivo-300x119.jpg 300w, https:\/\/www.bellunopress.it\/wp-content\/uploads\/2026\/03\/ANDI-Belluno-Direttivo-696x276.jpg 696w\" sizes=\"auto, (max-width: 700px) 100vw, 700px\" \/><figcaption id=\"caption-attachment-168631\" class=\"wp-caption-text\">Direttivo Andi Belluno<\/figcaption><\/figure>\n<p>Un nuovo consiglio provinciale, dunque, che potr\u00e0 contare su una sinergia gi\u00e0 consolidata. \u00abAccolgo questo incarico \u2013 sottolinea il dottor Gallo \u2013 con gratitudine e senso di responsabilit\u00e0: spero di riuscire a mettere le mie competenze al servizio del sindacato. La linea \u00e8 quella della continuit\u00e0 con il mandato precedente che ha lavorato bene e avviato diversi progetti interessanti. So che sar\u00e0 una sfida: c&#8217;\u00e8 tanto da lavorare, ma la squadra che abbiamo messo in piedi si pu\u00f2 avvalere anche delle energie fresche di colleghi e colleghe giovani che ci daranno una marcia in pi\u00f9\u00bb.<\/p>\n<p>L&#8217;attenzione e il lavoro del nuovo consiglio provinciale si concentreranno soprattutto sulla formazione. \u00abInnanzitutto \u2013 spiega il nuovo presidente \u2013 vogliamo portare un corso per assistenti di studio (ASO) a Belluno, dove le difficolt\u00e0 organizzative non sono poche. Ma siamo fiduciosi dopo essere riusciti a far partire in questi mesi un corso per i collaboratori (CSO) che \u00e8 andato molto bene e che si \u00e8 concluso proprio nei giorni scorsi. Sono figure professionali indispensabili per la nostra attivit\u00e0 quotidiana, ma che si faticano a trovare. Poi vogliamo continuare a essere un punto di riferimento anche per i nostri soci offrendo loro opportunit\u00e0 di crescita ed aggiornamento scientifico e culturale\u00bb.<\/p>\n<p>Il turn over tra colleghi vicini alla pensione e giovani odontoiatri che si affacciano alla professione resta una delle criticit\u00e0 da risolvere. \u00abLa situazione demografica a Belluno \u2013 prosegue il neo presidente \u2013 \u00e8 uguale al resto d&#8217;Italia. I dentisti che vanno in pensione sono pi\u00f9 di quelli che subentrano e la difficolt\u00e0 a trovare un ricambio generazionale \u00e8 comunque alta. Qualcosa, per\u00f2, comincia a muoversi: i giovani hanno una maggiore consapevolezza nell&#8217;approccio al lavoro e cercano uno studio di riferimento a cui associarsi per valutare poi un subentro. E anche all&#8217;interno del sindacato cominciano a rendersi conto che \u00e8 necessario assumersi qualche responsabilit\u00e0 in pi\u00f9\u00bb.<\/p>\n<p>Non mancano le difficolt\u00e0 da superare per un buon andamento dello studio odontoiatrico, \u00abma come sindacato il nostro sforzo principale \u2013 conclude il dottor Nicola Gallo \u2013 sar\u00e0 sopperire alla carenza di formazione del personale. I nostri soci hanno bisogno di assistenti e collaboratori qualificati. Questa \u00e8 la nostra priorit\u00e0 assoluta\u00bb.<\/p>\n<p>Il nuovo direttivo di ANDI Belluno \u00e8 cos\u00ec composto: Nicola Gallo (presidente), Alessandro Perini (vicepresidente), Jessica Miola (segretario sindacale), Marco Dalle Mule (segretario culturale), Alberto Bianchet (tesoriere), Michela Faraon (segretario). Completano il direttivo i consiglieri: Federico Dal Pont, Sergio Salvetti, Giuliano Tonon e Alessandro Zovi.<\/p>","protected":false},"excerpt":{"rendered":"<p>All&#8217;insegna della continuit\u00e0, ma con qualche spinta innovativa legata a nuove energie. Questa la direzione indicata dal dottor Nicola Gallo, odontoiatra di 41 anni con studio a Longarone, che \u00e8 stato eletto lo scorso 25 marzo nuovo presidente della sezione di Belluno dell&#8217;ANDI (Associazione Nazionale Dentisti Italiani) che conta 116 iscritti. Il dottor Gallo, gi\u00e0 [&hellip;]<\/p>\n","protected":false},"author":2,"featured_media":168632,"comment_status":"closed","ping_status":"open","sticky":false,"template":"","format":"standard","meta":{"footnotes":""},"categories":[26,8],"tags":[],"class_list":["post-168630","post","type-post","status-publish","format-standard","has-post-thumbnail","category-prima-pagina","category-societa-istituzioni"],"yoast_head":"<!-- This site is optimized with the Yoast SEO plugin v28.4 - https:\/\/yoast.com\/product\/yoast-seo-wordpress\/ -->\n<title>Nicola Gallo \u00e8 il nuovo presidente dell&#039;Andi Belluno, Associazione nazionale dentisti italiani - Bellunopress - Dolomiti<\/title>\n<meta name=\"robots\" content=\"index, follow, max-snippet:-1, max-image-preview:large, max-video-preview:-1\" \/>\n<link rel=\"canonical\" href=\"https:\/\/www.bellunopress.it\/fr\/2026\/03\/30\/nicola-gallo-e-il-nuovo-presidente-dellandi-belluno-associazione-nazionale-dentisti-italiani\/\" \/>\n<meta property=\"og:locale\" content=\"fr_FR\" \/>\n<meta property=\"og:type\" content=\"article\" \/>\n<meta property=\"og:title\" content=\"Nicola Gallo \u00e8 il nuovo presidente dell&#039;Andi Belluno, Associazione nazionale dentisti italiani - Bellunopress - Dolomiti\" \/>\n<meta property=\"og:description\" content=\"All&#8217;insegna della continuit\u00e0, ma con qualche spinta innovativa legata a nuove energie. Questa la direzione indicata dal dottor Nicola Gallo, odontoiatra di 41 anni con studio a Longarone, che \u00e8 stato eletto lo scorso 25 marzo nuovo presidente della sezione di Belluno dell&#8217;ANDI (Associazione Nazionale Dentisti Italiani) che conta 116 iscritti. Il dottor Gallo, gi\u00e0 [&hellip;]\" \/>\n<meta property=\"og:url\" content=\"https:\/\/www.bellunopress.it\/fr\/2026\/03\/30\/nicola-gallo-e-il-nuovo-presidente-dellandi-belluno-associazione-nazionale-dentisti-italiani\/\" \/>\n<meta property=\"og:site_name\" content=\"Bellunopress - Dolomiti\" \/>\n<meta property=\"article:publisher\" content=\"https:\/\/www.facebook.com\/profile.php?id=100008943462799\" \/>\n<meta property=\"article:published_time\" content=\"2026-03-30T11:01:24+00:00\" \/>\n<meta property=\"og:image\" content=\"https:\/\/www.bellunopress.it\/wp-content\/uploads\/2026\/03\/Nicola-Gallo-presid-Andi-Belluno-Ass-dentisti.jpg\" \/>\n\t<meta property=\"og:image:width\" content=\"503\" \/>\n\t<meta property=\"og:image:height\" content=\"382\" \/>\n\t<meta property=\"og:image:type\" content=\"image\/jpeg\" \/>\n<meta name=\"author\" content=\"redazione\" \/>\n<meta name=\"twitter:card\" content=\"summary_large_image\" \/>\n<meta name=\"twitter:creator\" content=\"@bellunopress\" \/>\n<meta name=\"twitter:site\" content=\"@bellunopress\" \/>\n<meta name=\"twitter:label1\" content=\"\u00c9crit par\" \/>\n\t<meta name=\"twitter:data1\" content=\"redazione\" \/>\n\t<meta name=\"twitter:label2\" content=\"Dur\u00e9e de lecture estim\u00e9e\" \/>\n\t<meta name=\"twitter:data2\" content=\"2 minutes\" \/>\n<script type=\"application\/ld+json\" class=\"yoast-schema-graph\">{\"@context\":\"https:\\\/\\\/schema.org\",\"@graph\":[{\"@type\":\"Article\",\"@id\":\"https:\\\/\\\/www.bellunopress.it\\\/2026\\\/03\\\/30\\\/nicola-gallo-e-il-nuovo-presidente-dellandi-belluno-associazione-nazionale-dentisti-italiani\\\/#article\",\"isPartOf\":{\"@id\":\"https:\\\/\\\/www.bellunopress.it\\\/2026\\\/03\\\/30\\\/nicola-gallo-e-il-nuovo-presidente-dellandi-belluno-associazione-nazionale-dentisti-italiani\\\/\"},\"author\":{\"name\":\"redazione\",\"@id\":\"https:\\\/\\\/www.bellunopress.it\\\/#\\\/schema\\\/person\\\/79bb06722b37ece1c03d3e94beb30d73\"},\"headline\":\"Nicola Gallo \u00e8 il nuovo presidente dell&#8217;Andi Belluno, Associazione nazionale dentisti italiani\",\"datePublished\":\"2026-03-30T11:01:24+00:00\",\"mainEntityOfPage\":{\"@id\":\"https:\\\/\\\/www.bellunopress.it\\\/2026\\\/03\\\/30\\\/nicola-gallo-e-il-nuovo-presidente-dellandi-belluno-associazione-nazionale-dentisti-italiani\\\/\"},\"wordCount\":492,\"publisher\":{\"@id\":\"https:\\\/\\\/www.bellunopress.it\\\/#organization\"},\"image\":{\"@id\":\"https:\\\/\\\/www.bellunopress.it\\\/2026\\\/03\\\/30\\\/nicola-gallo-e-il-nuovo-presidente-dellandi-belluno-associazione-nazionale-dentisti-italiani\\\/#primaryimage\"},\"thumbnailUrl\":\"https:\\\/\\\/www.bellunopress.it\\\/wp-content\\\/uploads\\\/2026\\\/03\\\/Nicola-Gallo-presid-Andi-Belluno-Ass-dentisti.jpg\",\"articleSection\":[\"Prima Pagina\",\"Societ\u00e0, Associazioni, Istituzioni\"],\"inLanguage\":\"fr-FR\"},{\"@type\":\"WebPage\",\"@id\":\"https:\\\/\\\/www.bellunopress.it\\\/2026\\\/03\\\/30\\\/nicola-gallo-e-il-nuovo-presidente-dellandi-belluno-associazione-nazionale-dentisti-italiani\\\/\",\"url\":\"https:\\\/\\\/www.bellunopress.it\\\/2026\\\/03\\\/30\\\/nicola-gallo-e-il-nuovo-presidente-dellandi-belluno-associazione-nazionale-dentisti-italiani\\\/\",\"name\":\"Nicola Gallo \u00e8 il nuovo presidente dell'Andi Belluno, Associazione nazionale dentisti italiani - Bellunopress - Dolomiti\",\"isPartOf\":{\"@id\":\"https:\\\/\\\/www.bellunopress.it\\\/#website\"},\"primaryImageOfPage\":{\"@id\":\"https:\\\/\\\/www.bellunopress.it\\\/2026\\\/03\\\/30\\\/nicola-gallo-e-il-nuovo-presidente-dellandi-belluno-associazione-nazionale-dentisti-italiani\\\/#primaryimage\"},\"image\":{\"@id\":\"https:\\\/\\\/www.bellunopress.it\\\/2026\\\/03\\\/30\\\/nicola-gallo-e-il-nuovo-presidente-dellandi-belluno-associazione-nazionale-dentisti-italiani\\\/#primaryimage\"},\"thumbnailUrl\":\"https:\\\/\\\/www.bellunopress.it\\\/wp-content\\\/uploads\\\/2026\\\/03\\\/Nicola-Gallo-presid-Andi-Belluno-Ass-dentisti.jpg\",\"datePublished\":\"2026-03-30T11:01:24+00:00\",\"breadcrumb\":{\"@id\":\"https:\\\/\\\/www.bellunopress.it\\\/2026\\\/03\\\/30\\\/nicola-gallo-e-il-nuovo-presidente-dellandi-belluno-associazione-nazionale-dentisti-italiani\\\/#breadcrumb\"},\"inLanguage\":\"fr-FR\",\"potentialAction\":[{\"@type\":\"ReadAction\",\"target\":[\"https:\\\/\\\/www.bellunopress.it\\\/2026\\\/03\\\/30\\\/nicola-gallo-e-il-nuovo-presidente-dellandi-belluno-associazione-nazionale-dentisti-italiani\\\/\"]}]},{\"@type\":\"ImageObject\",\"inLanguage\":\"fr-FR\",\"@id\":\"https:\\\/\\\/www.bellunopress.it\\\/2026\\\/03\\\/30\\\/nicola-gallo-e-il-nuovo-presidente-dellandi-belluno-associazione-nazionale-dentisti-italiani\\\/#primaryimage\",\"url\":\"https:\\\/\\\/www.bellunopress.it\\\/wp-content\\\/uploads\\\/2026\\\/03\\\/Nicola-Gallo-presid-Andi-Belluno-Ass-dentisti.jpg\",\"contentUrl\":\"https:\\\/\\\/www.bellunopress.it\\\/wp-content\\\/uploads\\\/2026\\\/03\\\/Nicola-Gallo-presid-Andi-Belluno-Ass-dentisti.jpg\",\"width\":503,\"height\":382,\"caption\":\"Nicola Gallo, presidente Andi Belluno - Associazione Nazionale Dentisti Italiani\"},{\"@type\":\"BreadcrumbList\",\"@id\":\"https:\\\/\\\/www.bellunopress.it\\\/2026\\\/03\\\/30\\\/nicola-gallo-e-il-nuovo-presidente-dellandi-belluno-associazione-nazionale-dentisti-italiani\\\/#breadcrumb\",\"itemListElement\":[{\"@type\":\"ListItem\",\"position\":1,\"name\":\"Home\",\"item\":\"https:\\\/\\\/www.bellunopress.it\\\/\"},{\"@type\":\"ListItem\",\"position\":2,\"name\":\"Nicola Gallo \u00e8 il nuovo presidente dell&#8217;Andi Belluno, Associazione nazionale dentisti italiani\"}]},{\"@type\":\"WebSite\",\"@id\":\"https:\\\/\\\/www.bellunopress.it\\\/#website\",\"url\":\"https:\\\/\\\/www.bellunopress.it\\\/\",\"name\":\"Bellunopress - Dolomiti\",\"description\":\"e-mail: redazione@bellunopress.it\",\"publisher\":{\"@id\":\"https:\\\/\\\/www.bellunopress.it\\\/#organization\"},\"potentialAction\":[{\"@type\":\"SearchAction\",\"target\":{\"@type\":\"EntryPoint\",\"urlTemplate\":\"https:\\\/\\\/www.bellunopress.it\\\/?s={search_term_string}\"},\"query-input\":{\"@type\":\"PropertyValueSpecification\",\"valueRequired\":true,\"valueName\":\"search_term_string\"}}],\"inLanguage\":\"fr-FR\"},{\"@type\":\"Organization\",\"@id\":\"https:\\\/\\\/www.bellunopress.it\\\/#organization\",\"name\":\"Bellunopress\",\"url\":\"https:\\\/\\\/www.bellunopress.it\\\/\",\"logo\":{\"@type\":\"ImageObject\",\"inLanguage\":\"fr-FR\",\"@id\":\"https:\\\/\\\/www.bellunopress.it\\\/#\\\/schema\\\/logo\\\/image\\\/\",\"url\":\"https:\\\/\\\/www.bellunopress.it\\\/wp-content\\\/uploads\\\/2011\\\/05\\\/cropped-logo-bellunopress-.jpg\",\"contentUrl\":\"https:\\\/\\\/www.bellunopress.it\\\/wp-content\\\/uploads\\\/2011\\\/05\\\/cropped-logo-bellunopress-.jpg\",\"width\":512,\"height\":512,\"caption\":\"Bellunopress\"},\"image\":{\"@id\":\"https:\\\/\\\/www.bellunopress.it\\\/#\\\/schema\\\/logo\\\/image\\\/\"},\"sameAs\":[\"https:\\\/\\\/www.facebook.com\\\/profile.php?id=100008943462799\",\"https:\\\/\\\/x.com\\\/bellunopress\",\"https:\\\/\\\/www.linkedin.com\\\/hp\\\/?dnr=JBzUWaJfMUw8vbXJJ2tVW5-I3jZKvC4wsoxE&amp;amp;amp;amp;amp;amp;trk=nav_responsive_tab_home\",\"https:\\\/\\\/www.youtube.com\\\/channel\\\/UCxL0wu1uN0_3_7hGG0306cw\"]},{\"@type\":\"Person\",\"@id\":\"https:\\\/\\\/www.bellunopress.it\\\/#\\\/schema\\\/person\\\/79bb06722b37ece1c03d3e94beb30d73\",\"name\":\"redazione\",\"image\":{\"@type\":\"ImageObject\",\"inLanguage\":\"fr-FR\",\"@id\":\"https:\\\/\\\/secure.gravatar.com\\\/avatar\\\/37d968a2e67a6fd04c169c4bdef102d0bc5d31b2546345219e348575eb80e9a0?s=96&d=mm&r=g\",\"url\":\"https:\\\/\\\/secure.gravatar.com\\\/avatar\\\/37d968a2e67a6fd04c169c4bdef102d0bc5d31b2546345219e348575eb80e9a0?s=96&d=mm&r=g\",\"contentUrl\":\"https:\\\/\\\/secure.gravatar.com\\\/avatar\\\/37d968a2e67a6fd04c169c4bdef102d0bc5d31b2546345219e348575eb80e9a0?s=96&d=mm&r=g\",\"caption\":\"redazione\"},\"sameAs\":[\"http:\\\/\\\/www.bellunopress.it\",\"https:\\\/\\\/x.com\\\/bellunopress\"],\"url\":\"https:\\\/\\\/www.bellunopress.it\\\/fr\\\/author\\\/redazione\\\/\"}]}<\/script>\n<!-- \/ Yoast SEO plugin. -->","yoast_head_json":{"title":"Nicola Gallo \u00e8 il nuovo presidente dell'Andi Belluno, Associazione nazionale dentisti italiani - Bellunopress - Dolomiti","robots":{"index":"index","follow":"follow","max-snippet":"max-snippet:-1","max-image-preview":"max-image-preview:large","max-video-preview":"max-video-preview:-1"},"canonical":"https:\/\/www.bellunopress.it\/fr\/2026\/03\/30\/nicola-gallo-e-il-nuovo-presidente-dellandi-belluno-associazione-nazionale-dentisti-italiani\/","og_locale":"fr_FR","og_type":"article","og_title":"Nicola Gallo \u00e8 il nuovo presidente dell'Andi Belluno, Associazione nazionale dentisti italiani - Bellunopress - Dolomiti","og_description":"All&#8217;insegna della continuit\u00e0, ma con qualche spinta innovativa legata a nuove energie. Questa la direzione indicata dal dottor Nicola Gallo, odontoiatra di 41 anni con studio a Longarone, che \u00e8 stato eletto lo scorso 25 marzo nuovo presidente della sezione di Belluno dell&#8217;ANDI (Associazione Nazionale Dentisti Italiani) che conta 116 iscritti. Il dottor Gallo, gi\u00e0 [&hellip;]","og_url":"https:\/\/www.bellunopress.it\/fr\/2026\/03\/30\/nicola-gallo-e-il-nuovo-presidente-dellandi-belluno-associazione-nazionale-dentisti-italiani\/","og_site_name":"Bellunopress - Dolomiti","article_publisher":"https:\/\/www.facebook.com\/profile.php?id=100008943462799","article_published_time":"2026-03-30T11:01:24+00:00","og_image":[{"width":503,"height":382,"url":"https:\/\/www.bellunopress.it\/wp-content\/uploads\/2026\/03\/Nicola-Gallo-presid-Andi-Belluno-Ass-dentisti.jpg","type":"image\/jpeg"}],"author":"redazione","twitter_card":"summary_large_image","twitter_creator":"@bellunopress","twitter_site":"@bellunopress","twitter_misc":{"\u00c9crit par":"redazione","Dur\u00e9e de lecture estim\u00e9e":"2 minutes"},"schema":{"@context":"https:\/\/schema.org","@graph":[{"@type":"Article","@id":"https:\/\/www.bellunopress.it\/2026\/03\/30\/nicola-gallo-e-il-nuovo-presidente-dellandi-belluno-associazione-nazionale-dentisti-italiani\/#article","isPartOf":{"@id":"https:\/\/www.bellunopress.it\/2026\/03\/30\/nicola-gallo-e-il-nuovo-presidente-dellandi-belluno-associazione-nazionale-dentisti-italiani\/"},"author":{"name":"redazione","@id":"https:\/\/www.bellunopress.it\/#\/schema\/person\/79bb06722b37ece1c03d3e94beb30d73"},"headline":"Nicola Gallo \u00e8 il nuovo presidente dell&#8217;Andi Belluno, Associazione nazionale dentisti italiani","datePublished":"2026-03-30T11:01:24+00:00","mainEntityOfPage":{"@id":"https:\/\/www.bellunopress.it\/2026\/03\/30\/nicola-gallo-e-il-nuovo-presidente-dellandi-belluno-associazione-nazionale-dentisti-italiani\/"},"wordCount":492,"publisher":{"@id":"https:\/\/www.bellunopress.it\/#organization"},"image":{"@id":"https:\/\/www.bellunopress.it\/2026\/03\/30\/nicola-gallo-e-il-nuovo-presidente-dellandi-belluno-associazione-nazionale-dentisti-italiani\/#primaryimage"},"thumbnailUrl":"https:\/\/www.bellunopress.it\/wp-content\/uploads\/2026\/03\/Nicola-Gallo-presid-Andi-Belluno-Ass-dentisti.jpg","articleSection":["Prima Pagina","Societ\u00e0, Associazioni, Istituzioni"],"inLanguage":"fr-FR"},{"@type":"WebPage","@id":"https:\/\/www.bellunopress.it\/2026\/03\/30\/nicola-gallo-e-il-nuovo-presidente-dellandi-belluno-associazione-nazionale-dentisti-italiani\/","url":"https:\/\/www.bellunopress.it\/2026\/03\/30\/nicola-gallo-e-il-nuovo-presidente-dellandi-belluno-associazione-nazionale-dentisti-italiani\/","name":"Nicola Gallo \u00e8 il nuovo presidente dell'Andi Belluno, Associazione nazionale dentisti italiani - Bellunopress - Dolomiti","isPartOf":{"@id":"https:\/\/www.bellunopress.it\/#website"},"primaryImageOfPage":{"@id":"https:\/\/www.bellunopress.it\/2026\/03\/30\/nicola-gallo-e-il-nuovo-presidente-dellandi-belluno-associazione-nazionale-dentisti-italiani\/#primaryimage"},"image":{"@id":"https:\/\/www.bellunopress.it\/2026\/03\/30\/nicola-gallo-e-il-nuovo-presidente-dellandi-belluno-associazione-nazionale-dentisti-italiani\/#primaryimage"},"thumbnailUrl":"https:\/\/www.bellunopress.it\/wp-content\/uploads\/2026\/03\/Nicola-Gallo-presid-Andi-Belluno-Ass-dentisti.jpg","datePublished":"2026-03-30T11:01:24+00:00","breadcrumb":{"@id":"https:\/\/www.bellunopress.it\/2026\/03\/30\/nicola-gallo-e-il-nuovo-presidente-dellandi-belluno-associazione-nazionale-dentisti-italiani\/#breadcrumb"},"inLanguage":"fr-FR","potentialAction":[{"@type":"ReadAction","target":["https:\/\/www.bellunopress.it\/2026\/03\/30\/nicola-gallo-e-il-nuovo-presidente-dellandi-belluno-associazione-nazionale-dentisti-italiani\/"]}]},{"@type":"ImageObject","inLanguage":"fr-FR","@id":"https:\/\/www.bellunopress.it\/2026\/03\/30\/nicola-gallo-e-il-nuovo-presidente-dellandi-belluno-associazione-nazionale-dentisti-italiani\/#primaryimage","url":"https:\/\/www.bellunopress.it\/wp-content\/uploads\/2026\/03\/Nicola-Gallo-presid-Andi-Belluno-Ass-dentisti.jpg","contentUrl":"https:\/\/www.bellunopress.it\/wp-content\/uploads\/2026\/03\/Nicola-Gallo-presid-Andi-Belluno-Ass-dentisti.jpg","width":503,"height":382,"caption":"Nicola Gallo, presidente Andi Belluno - Associazione Nazionale Dentisti Italiani"},{"@type":"BreadcrumbList","@id":"https:\/\/www.bellunopress.it\/2026\/03\/30\/nicola-gallo-e-il-nuovo-presidente-dellandi-belluno-associazione-nazionale-dentisti-italiani\/#breadcrumb","itemListElement":[{"@type":"ListItem","position":1,"name":"Home","item":"https:\/\/www.bellunopress.it\/"},{"@type":"ListItem","position":2,"name":"Nicola Gallo \u00e8 il nuovo presidente dell&#8217;Andi Belluno, Associazione nazionale dentisti italiani"}]},{"@type":"WebSite","@id":"https:\/\/www.bellunopress.it\/#website","url":"https:\/\/www.bellunopress.it\/","name":"Bellunopress - Dolomiti","description":"e-mail: redazione@bellunopress.it","publisher":{"@id":"https:\/\/www.bellunopress.it\/#organization"},"potentialAction":[{"@type":"SearchAction","target":{"@type":"EntryPoint","urlTemplate":"https:\/\/www.bellunopress.it\/?s={search_term_string}"},"query-input":{"@type":"PropertyValueSpecification","valueRequired":true,"valueName":"search_term_string"}}],"inLanguage":"fr-FR"},{"@type":"Organization","@id":"https:\/\/www.bellunopress.it\/#organization","name":"Bellunopress","url":"https:\/\/www.bellunopress.it\/","logo":{"@type":"ImageObject","inLanguage":"fr-FR","@id":"https:\/\/www.bellunopress.it\/#\/schema\/logo\/image\/","url":"https:\/\/www.bellunopress.it\/wp-content\/uploads\/2011\/05\/cropped-logo-bellunopress-.jpg","contentUrl":"https:\/\/www.bellunopress.it\/wp-content\/uploads\/2011\/05\/cropped-logo-bellunopress-.jpg","width":512,"height":512,"caption":"Bellunopress"},"image":{"@id":"https:\/\/www.bellunopress.it\/#\/schema\/logo\/image\/"},"sameAs":["https:\/\/www.facebook.com\/profile.php?id=100008943462799","https:\/\/x.com\/bellunopress","https:\/\/www.linkedin.com\/hp\/?dnr=JBzUWaJfMUw8vbXJJ2tVW5-I3jZKvC4wsoxE&amp;amp;amp;amp;amp;amp;trk=nav_responsive_tab_home","https:\/\/www.youtube.com\/channel\/UCxL0wu1uN0_3_7hGG0306cw"]},{"@type":"Person","@id":"https:\/\/www.bellunopress.it\/#\/schema\/person\/79bb06722b37ece1c03d3e94beb30d73","name":"r\u00e9daction","image":{"@type":"ImageObject","inLanguage":"fr-FR","@id":"https:\/\/secure.gravatar.com\/avatar\/37d968a2e67a6fd04c169c4bdef102d0bc5d31b2546345219e348575eb80e9a0?s=96&d=mm&r=g","url":"https:\/\/secure.gravatar.com\/avatar\/37d968a2e67a6fd04c169c4bdef102d0bc5d31b2546345219e348575eb80e9a0?s=96&d=mm&r=g","contentUrl":"https:\/\/secure.gravatar.com\/avatar\/37d968a2e67a6fd04c169c4bdef102d0bc5d31b2546345219e348575eb80e9a0?s=96&d=mm&r=g","caption":"redazione"},"sameAs":["http:\/\/www.bellunopress.it","https:\/\/x.com\/bellunopress"],"url":"https:\/\/www.bellunopress.it\/fr\/author\/redazione\/"}]}},"_links":{"self":[{"href":"https:\/\/www.bellunopress.it\/fr\/wp-json\/wp\/v2\/posts\/168630","targetHints":{"allow":["GET"]}}],"collection":[{"href":"https:\/\/www.bellunopress.it\/fr\/wp-json\/wp\/v2\/posts"}],"about":[{"href":"https:\/\/www.bellunopress.it\/fr\/wp-json\/wp\/v2\/types\/post"}],"author":[{"embeddable":true,"href":"https:\/\/www.bellunopress.it\/fr\/wp-json\/wp\/v2\/users\/2"}],"replies":[{"embeddable":true,"href":"https:\/\/www.bellunopress.it\/fr\/wp-json\/wp\/v2\/comments?post=168630"}],"version-history":[{"count":1,"href":"https:\/\/www.bellunopress.it\/fr\/wp-json\/wp\/v2\/posts\/168630\/revisions"}],"predecessor-version":[{"id":168633,"href":"https:\/\/www.bellunopress.it\/fr\/wp-json\/wp\/v2\/posts\/168630\/revisions\/168633"}],"wp:featuredmedia":[{"embeddable":true,"href":"https:\/\/www.bellunopress.it\/fr\/wp-json\/wp\/v2\/media\/168632"}],"wp:attachment":[{"href":"https:\/\/www.bellunopress.it\/fr\/wp-json\/wp\/v2\/media?parent=168630"}],"wp:term":[{"taxonomy":"category","embeddable":true,"href":"https:\/\/www.bellunopress.it\/fr\/wp-json\/wp\/v2\/categories?post=168630"},{"taxonomy":"post_tag","embeddable":true,"href":"https:\/\/www.bellunopress.it\/fr\/wp-json\/wp\/v2\/tags?post=168630"}],"curies":[{"name":"wp","href":"https:\/\/api.w.org\/{rel}","templated":true}]}}