{"id":168628,"date":"2026-03-30T10:50:09","date_gmt":"2026-03-30T08:50:09","guid":{"rendered":"https:\/\/www.bellunopress.it\/?p=168628"},"modified":"2026-03-30T10:50:09","modified_gmt":"2026-03-30T08:50:09","slug":"nevegal-il-capofrazione-libralon-il-servizio-trillo-funziona-e-uno-strumento-strategico-per-lo-sviluppo-del-colle","status":"publish","type":"post","link":"https:\/\/www.bellunopress.it\/fr\/2026\/03\/30\/nevegal-il-capofrazione-libralon-il-servizio-trillo-funziona-e-uno-strumento-strategico-per-lo-sviluppo-del-colle\/","title":{"rendered":"Nevegal. Il capofrazione Libralon: &#8220;Il servizio Trillo funziona. E&#8217; uno strumento strategico per lo sviluppo del Colle&#8221;"},"content":{"rendered":"<p>&#8220;Negli ultimi mesi il servizio di trasporto a chiamata \u201cTrillo\u201d \u00e8 stato oggetto di critiche in alcune zone del Comune di Belluno, con richieste di ritorno alle corse tradizionali. Ritengo per\u00f2 importante evitare valutazioni generalizzate che non tengano conto delle reali esigenze dei singoli territori. Per quanto riguarda il Nevegal, posso affermare che il servizio ha funzionato e continua a rispondere in modo efficace alle necessit\u00e0 della nostra frazione. Anche durante l\u2019ultima stagione invernale abbiamo visto un utilizzo significativo da parte degli utenti, segno concreto della sua utilit\u00e0&#8221;.<\/p>\n<p>Lo sostiene il capofrazione del Nevegal Daniele Libralon<\/p>\n<p>&#8220;Anche questo inverno abbiamo visto tante persone utilizzare Trillo in Nevegal: per la nostra frazione \u00e8 un servizio indispensabile, che ci auguriamo di vedere confermato e valorizzato anche nei prossimi mesi e anni, in quanto utile sia per i turisti che per i residenti.<\/p>\n<p>Il Nevegal \u00e8 una localit\u00e0 a forte vocazione turistica, con una domanda di mobilit\u00e0 variabile e stagionale: proprio per questo il modello a chiamata si dimostra particolarmente adatto. Un sistema rigido di corse fisse rischierebbe infatti di essere meno efficace e meno sostenibile.<\/p>\n<p>C\u2019\u00e8 poi un aspetto fondamentale che voglio sottolineare: il collegamento con Belluno. Il servizio Trillo garantisce una possibilit\u00e0 concreta di spostamento che, in molti casi, rappresenta l\u2019unica alternativa di trasporto pubblico realmente disponibile. Senza questo servizio, il Nevegal rischierebbe un isolamento di fatto, con conseguenze evidenti per residenti, turisti e attivit\u00e0 economiche.<\/p>\n<p>In quest\u2019ottica, pu\u00f2 essere utile investire anche sulla comunicazione del servizio, facendolo conoscere meglio ai turisti e a chi frequenta la localit\u00e0 solo in determinati periodi dell\u2019anno, cos\u00ec da aumentarne ulteriormente l\u2019utilizzo e l\u2019efficacia.<\/p>\n<p>Per queste ragioni ritengo che l\u2019Amministrazione comunale debba mantenere e, se possibile, rafforzare il servizio nelle aree dove esso dimostra di funzionare, evitando scelte uniformi che potrebbero penalizzare realt\u00e0 come la nostra.<\/p>\n<p>Il servizio Trillo, per il Nevegal,\u00a0 &#8211; conclude Libralon &#8211; non \u00e8 solo un\u2019opzione: \u00e8 uno strumento strategico per garantire accessibilit\u00e0 e sostenere lo sviluppo turistico della localit\u00e0&#8221;.<\/p>","protected":false},"excerpt":{"rendered":"<p>&#8220;Negli ultimi mesi il servizio di trasporto a chiamata \u201cTrillo\u201d \u00e8 stato oggetto di critiche in alcune zone del Comune di Belluno, con richieste di ritorno alle corse tradizionali. Ritengo per\u00f2 importante evitare valutazioni generalizzate che non tengano conto delle reali esigenze dei singoli territori. Per quanto riguarda il Nevegal, posso affermare che il servizio [&hellip;]<\/p>\n","protected":false},"author":2,"featured_media":158391,"comment_status":"closed","ping_status":"open","sticky":false,"template":"","format":"standard","meta":{"footnotes":""},"categories":[1,26],"tags":[],"class_list":["post-168628","post","type-post","status-publish","format-standard","has-post-thumbnail","category-leo","category-prima-pagina"],"yoast_head":"<!-- This site is optimized with the Yoast SEO plugin v28.4 - https:\/\/yoast.com\/product\/yoast-seo-wordpress\/ -->\n<title>Nevegal. Il capofrazione Libralon: &quot;Il servizio Trillo funziona. E&#039; uno strumento strategico per lo sviluppo del Colle&quot; - Bellunopress - Dolomiti<\/title>\n<meta name=\"robots\" content=\"index, follow, max-snippet:-1, max-image-preview:large, max-video-preview:-1\" \/>\n<link rel=\"canonical\" href=\"https:\/\/www.bellunopress.it\/fr\/2026\/03\/30\/nevegal-il-capofrazione-libralon-il-servizio-trillo-funziona-e-uno-strumento-strategico-per-lo-sviluppo-del-colle\/\" \/>\n<meta property=\"og:locale\" content=\"fr_FR\" \/>\n<meta property=\"og:type\" content=\"article\" \/>\n<meta property=\"og:title\" content=\"Nevegal. Il capofrazione Libralon: &quot;Il servizio Trillo funziona. E&#039; uno strumento strategico per lo sviluppo del Colle&quot; - Bellunopress - Dolomiti\" \/>\n<meta property=\"og:description\" content=\"&#8220;Negli ultimi mesi il servizio di trasporto a chiamata \u201cTrillo\u201d \u00e8 stato oggetto di critiche in alcune zone del Comune di Belluno, con richieste di ritorno alle corse tradizionali. Ritengo per\u00f2 importante evitare valutazioni generalizzate che non tengano conto delle reali esigenze dei singoli territori. Per quanto riguarda il Nevegal, posso affermare che il servizio [&hellip;]\" \/>\n<meta property=\"og:url\" content=\"https:\/\/www.bellunopress.it\/fr\/2026\/03\/30\/nevegal-il-capofrazione-libralon-il-servizio-trillo-funziona-e-uno-strumento-strategico-per-lo-sviluppo-del-colle\/\" \/>\n<meta property=\"og:site_name\" content=\"Bellunopress - Dolomiti\" \/>\n<meta property=\"article:publisher\" content=\"https:\/\/www.facebook.com\/profile.php?id=100008943462799\" \/>\n<meta property=\"article:published_time\" content=\"2026-03-30T08:50:09+00:00\" \/>\n<meta property=\"og:image\" content=\"https:\/\/www.bellunopress.it\/wp-content\/uploads\/2025\/03\/Daniele-Libralon_edited.jpg\" \/>\n\t<meta property=\"og:image:width\" content=\"1000\" \/>\n\t<meta property=\"og:image:height\" content=\"757\" \/>\n\t<meta property=\"og:image:type\" content=\"image\/jpeg\" \/>\n<meta name=\"author\" content=\"redazione\" \/>\n<meta name=\"twitter:card\" content=\"summary_large_image\" \/>\n<meta name=\"twitter:creator\" content=\"@bellunopress\" \/>\n<meta name=\"twitter:site\" content=\"@bellunopress\" \/>\n<meta name=\"twitter:label1\" content=\"Written by\" \/>\n\t<meta name=\"twitter:data1\" content=\"redazione\" \/>\n\t<meta name=\"twitter:label2\" content=\"Est. reading time\" \/>\n\t<meta name=\"twitter:data2\" content=\"2 minutes\" \/>\n<script type=\"application\/ld+json\" class=\"yoast-schema-graph\">{\"@context\":\"https:\\\/\\\/schema.org\",\"@graph\":[{\"@type\":\"Article\",\"@id\":\"https:\\\/\\\/www.bellunopress.it\\\/2026\\\/03\\\/30\\\/nevegal-il-capofrazione-libralon-il-servizio-trillo-funziona-e-uno-strumento-strategico-per-lo-sviluppo-del-colle\\\/#article\",\"isPartOf\":{\"@id\":\"https:\\\/\\\/www.bellunopress.it\\\/2026\\\/03\\\/30\\\/nevegal-il-capofrazione-libralon-il-servizio-trillo-funziona-e-uno-strumento-strategico-per-lo-sviluppo-del-colle\\\/\"},\"author\":{\"name\":\"redazione\",\"@id\":\"https:\\\/\\\/www.bellunopress.it\\\/#\\\/schema\\\/person\\\/79bb06722b37ece1c03d3e94beb30d73\"},\"headline\":\"Nevegal. Il capofrazione Libralon: &#8220;Il servizio Trillo funziona. E&#8217; uno strumento strategico per lo sviluppo del Colle&#8221;\",\"datePublished\":\"2026-03-30T08:50:09+00:00\",\"mainEntityOfPage\":{\"@id\":\"https:\\\/\\\/www.bellunopress.it\\\/2026\\\/03\\\/30\\\/nevegal-il-capofrazione-libralon-il-servizio-trillo-funziona-e-uno-strumento-strategico-per-lo-sviluppo-del-colle\\\/\"},\"wordCount\":349,\"publisher\":{\"@id\":\"https:\\\/\\\/www.bellunopress.it\\\/#organization\"},\"image\":{\"@id\":\"https:\\\/\\\/www.bellunopress.it\\\/2026\\\/03\\\/30\\\/nevegal-il-capofrazione-libralon-il-servizio-trillo-funziona-e-uno-strumento-strategico-per-lo-sviluppo-del-colle\\\/#primaryimage\"},\"thumbnailUrl\":\"https:\\\/\\\/www.bellunopress.it\\\/wp-content\\\/uploads\\\/2025\\\/03\\\/Daniele-Libralon_edited.jpg\",\"articleSection\":[\"Lettere Opinioni\",\"Prima Pagina\"],\"inLanguage\":\"fr-FR\"},{\"@type\":\"WebPage\",\"@id\":\"https:\\\/\\\/www.bellunopress.it\\\/2026\\\/03\\\/30\\\/nevegal-il-capofrazione-libralon-il-servizio-trillo-funziona-e-uno-strumento-strategico-per-lo-sviluppo-del-colle\\\/\",\"url\":\"https:\\\/\\\/www.bellunopress.it\\\/2026\\\/03\\\/30\\\/nevegal-il-capofrazione-libralon-il-servizio-trillo-funziona-e-uno-strumento-strategico-per-lo-sviluppo-del-colle\\\/\",\"name\":\"Nevegal. Il capofrazione Libralon: \\\"Il servizio Trillo funziona. E' uno strumento strategico per lo sviluppo del Colle\\\" - Bellunopress - Dolomiti\",\"isPartOf\":{\"@id\":\"https:\\\/\\\/www.bellunopress.it\\\/#website\"},\"primaryImageOfPage\":{\"@id\":\"https:\\\/\\\/www.bellunopress.it\\\/2026\\\/03\\\/30\\\/nevegal-il-capofrazione-libralon-il-servizio-trillo-funziona-e-uno-strumento-strategico-per-lo-sviluppo-del-colle\\\/#primaryimage\"},\"image\":{\"@id\":\"https:\\\/\\\/www.bellunopress.it\\\/2026\\\/03\\\/30\\\/nevegal-il-capofrazione-libralon-il-servizio-trillo-funziona-e-uno-strumento-strategico-per-lo-sviluppo-del-colle\\\/#primaryimage\"},\"thumbnailUrl\":\"https:\\\/\\\/www.bellunopress.it\\\/wp-content\\\/uploads\\\/2025\\\/03\\\/Daniele-Libralon_edited.jpg\",\"datePublished\":\"2026-03-30T08:50:09+00:00\",\"breadcrumb\":{\"@id\":\"https:\\\/\\\/www.bellunopress.it\\\/2026\\\/03\\\/30\\\/nevegal-il-capofrazione-libralon-il-servizio-trillo-funziona-e-uno-strumento-strategico-per-lo-sviluppo-del-colle\\\/#breadcrumb\"},\"inLanguage\":\"fr-FR\",\"potentialAction\":[{\"@type\":\"ReadAction\",\"target\":[\"https:\\\/\\\/www.bellunopress.it\\\/2026\\\/03\\\/30\\\/nevegal-il-capofrazione-libralon-il-servizio-trillo-funziona-e-uno-strumento-strategico-per-lo-sviluppo-del-colle\\\/\"]}]},{\"@type\":\"ImageObject\",\"inLanguage\":\"fr-FR\",\"@id\":\"https:\\\/\\\/www.bellunopress.it\\\/2026\\\/03\\\/30\\\/nevegal-il-capofrazione-libralon-il-servizio-trillo-funziona-e-uno-strumento-strategico-per-lo-sviluppo-del-colle\\\/#primaryimage\",\"url\":\"https:\\\/\\\/www.bellunopress.it\\\/wp-content\\\/uploads\\\/2025\\\/03\\\/Daniele-Libralon_edited.jpg\",\"contentUrl\":\"https:\\\/\\\/www.bellunopress.it\\\/wp-content\\\/uploads\\\/2025\\\/03\\\/Daniele-Libralon_edited.jpg\",\"width\":1000,\"height\":757,\"caption\":\"Daniele Libralon, capofrazione Nevegal\"},{\"@type\":\"BreadcrumbList\",\"@id\":\"https:\\\/\\\/www.bellunopress.it\\\/2026\\\/03\\\/30\\\/nevegal-il-capofrazione-libralon-il-servizio-trillo-funziona-e-uno-strumento-strategico-per-lo-sviluppo-del-colle\\\/#breadcrumb\",\"itemListElement\":[{\"@type\":\"ListItem\",\"position\":1,\"name\":\"Home\",\"item\":\"https:\\\/\\\/www.bellunopress.it\\\/\"},{\"@type\":\"ListItem\",\"position\":2,\"name\":\"Nevegal. Il capofrazione Libralon: &#8220;Il servizio Trillo funziona. E&#8217; uno strumento strategico per lo sviluppo del Colle&#8221;\"}]},{\"@type\":\"WebSite\",\"@id\":\"https:\\\/\\\/www.bellunopress.it\\\/#website\",\"url\":\"https:\\\/\\\/www.bellunopress.it\\\/\",\"name\":\"Bellunopress - Dolomiti\",\"description\":\"e-mail: redazione@bellunopress.it\",\"publisher\":{\"@id\":\"https:\\\/\\\/www.bellunopress.it\\\/#organization\"},\"potentialAction\":[{\"@type\":\"SearchAction\",\"target\":{\"@type\":\"EntryPoint\",\"urlTemplate\":\"https:\\\/\\\/www.bellunopress.it\\\/?s={search_term_string}\"},\"query-input\":{\"@type\":\"PropertyValueSpecification\",\"valueRequired\":true,\"valueName\":\"search_term_string\"}}],\"inLanguage\":\"fr-FR\"},{\"@type\":\"Organization\",\"@id\":\"https:\\\/\\\/www.bellunopress.it\\\/#organization\",\"name\":\"Bellunopress\",\"url\":\"https:\\\/\\\/www.bellunopress.it\\\/\",\"logo\":{\"@type\":\"ImageObject\",\"inLanguage\":\"fr-FR\",\"@id\":\"https:\\\/\\\/www.bellunopress.it\\\/#\\\/schema\\\/logo\\\/image\\\/\",\"url\":\"https:\\\/\\\/www.bellunopress.it\\\/wp-content\\\/uploads\\\/2011\\\/05\\\/cropped-logo-bellunopress-.jpg\",\"contentUrl\":\"https:\\\/\\\/www.bellunopress.it\\\/wp-content\\\/uploads\\\/2011\\\/05\\\/cropped-logo-bellunopress-.jpg\",\"width\":512,\"height\":512,\"caption\":\"Bellunopress\"},\"image\":{\"@id\":\"https:\\\/\\\/www.bellunopress.it\\\/#\\\/schema\\\/logo\\\/image\\\/\"},\"sameAs\":[\"https:\\\/\\\/www.facebook.com\\\/profile.php?id=100008943462799\",\"https:\\\/\\\/x.com\\\/bellunopress\",\"https:\\\/\\\/www.linkedin.com\\\/hp\\\/?dnr=JBzUWaJfMUw8vbXJJ2tVW5-I3jZKvC4wsoxE&amp;amp;amp;amp;amp;amp;trk=nav_responsive_tab_home\",\"https:\\\/\\\/www.youtube.com\\\/channel\\\/UCxL0wu1uN0_3_7hGG0306cw\"]},{\"@type\":\"Person\",\"@id\":\"https:\\\/\\\/www.bellunopress.it\\\/#\\\/schema\\\/person\\\/79bb06722b37ece1c03d3e94beb30d73\",\"name\":\"redazione\",\"image\":{\"@type\":\"ImageObject\",\"inLanguage\":\"fr-FR\",\"@id\":\"https:\\\/\\\/secure.gravatar.com\\\/avatar\\\/37d968a2e67a6fd04c169c4bdef102d0bc5d31b2546345219e348575eb80e9a0?s=96&d=mm&r=g\",\"url\":\"https:\\\/\\\/secure.gravatar.com\\\/avatar\\\/37d968a2e67a6fd04c169c4bdef102d0bc5d31b2546345219e348575eb80e9a0?s=96&d=mm&r=g\",\"contentUrl\":\"https:\\\/\\\/secure.gravatar.com\\\/avatar\\\/37d968a2e67a6fd04c169c4bdef102d0bc5d31b2546345219e348575eb80e9a0?s=96&d=mm&r=g\",\"caption\":\"redazione\"},\"sameAs\":[\"http:\\\/\\\/www.bellunopress.it\",\"https:\\\/\\\/x.com\\\/bellunopress\"],\"url\":\"https:\\\/\\\/www.bellunopress.it\\\/fr\\\/author\\\/redazione\\\/\"}]}<\/script>\n<!-- \/ Yoast SEO plugin. -->","yoast_head_json":{"title":"Nevegal. Il capofrazione Libralon: \"Il servizio Trillo funziona. E' uno strumento strategico per lo sviluppo del Colle\" - Bellunopress - Dolomiti","robots":{"index":"index","follow":"follow","max-snippet":"max-snippet:-1","max-image-preview":"max-image-preview:large","max-video-preview":"max-video-preview:-1"},"canonical":"https:\/\/www.bellunopress.it\/fr\/2026\/03\/30\/nevegal-il-capofrazione-libralon-il-servizio-trillo-funziona-e-uno-strumento-strategico-per-lo-sviluppo-del-colle\/","og_locale":"fr_FR","og_type":"article","og_title":"Nevegal. Il capofrazione Libralon: \"Il servizio Trillo funziona. E' uno strumento strategico per lo sviluppo del Colle\" - Bellunopress - Dolomiti","og_description":"&#8220;Negli ultimi mesi il servizio di trasporto a chiamata \u201cTrillo\u201d \u00e8 stato oggetto di critiche in alcune zone del Comune di Belluno, con richieste di ritorno alle corse tradizionali. Ritengo per\u00f2 importante evitare valutazioni generalizzate che non tengano conto delle reali esigenze dei singoli territori. Per quanto riguarda il Nevegal, posso affermare che il servizio [&hellip;]","og_url":"https:\/\/www.bellunopress.it\/fr\/2026\/03\/30\/nevegal-il-capofrazione-libralon-il-servizio-trillo-funziona-e-uno-strumento-strategico-per-lo-sviluppo-del-colle\/","og_site_name":"Bellunopress - Dolomiti","article_publisher":"https:\/\/www.facebook.com\/profile.php?id=100008943462799","article_published_time":"2026-03-30T08:50:09+00:00","og_image":[{"width":1000,"height":757,"url":"https:\/\/www.bellunopress.it\/wp-content\/uploads\/2025\/03\/Daniele-Libralon_edited.jpg","type":"image\/jpeg"}],"author":"redazione","twitter_card":"summary_large_image","twitter_creator":"@bellunopress","twitter_site":"@bellunopress","twitter_misc":{"Written by":"redazione","Est. reading time":"2 minutes"},"schema":{"@context":"https:\/\/schema.org","@graph":[{"@type":"Article","@id":"https:\/\/www.bellunopress.it\/2026\/03\/30\/nevegal-il-capofrazione-libralon-il-servizio-trillo-funziona-e-uno-strumento-strategico-per-lo-sviluppo-del-colle\/#article","isPartOf":{"@id":"https:\/\/www.bellunopress.it\/2026\/03\/30\/nevegal-il-capofrazione-libralon-il-servizio-trillo-funziona-e-uno-strumento-strategico-per-lo-sviluppo-del-colle\/"},"author":{"name":"redazione","@id":"https:\/\/www.bellunopress.it\/#\/schema\/person\/79bb06722b37ece1c03d3e94beb30d73"},"headline":"Nevegal. Il capofrazione Libralon: &#8220;Il servizio Trillo funziona. E&#8217; uno strumento strategico per lo sviluppo del Colle&#8221;","datePublished":"2026-03-30T08:50:09+00:00","mainEntityOfPage":{"@id":"https:\/\/www.bellunopress.it\/2026\/03\/30\/nevegal-il-capofrazione-libralon-il-servizio-trillo-funziona-e-uno-strumento-strategico-per-lo-sviluppo-del-colle\/"},"wordCount":349,"publisher":{"@id":"https:\/\/www.bellunopress.it\/#organization"},"image":{"@id":"https:\/\/www.bellunopress.it\/2026\/03\/30\/nevegal-il-capofrazione-libralon-il-servizio-trillo-funziona-e-uno-strumento-strategico-per-lo-sviluppo-del-colle\/#primaryimage"},"thumbnailUrl":"https:\/\/www.bellunopress.it\/wp-content\/uploads\/2025\/03\/Daniele-Libralon_edited.jpg","articleSection":["Lettere Opinioni","Prima Pagina"],"inLanguage":"fr-FR"},{"@type":"WebPage","@id":"https:\/\/www.bellunopress.it\/2026\/03\/30\/nevegal-il-capofrazione-libralon-il-servizio-trillo-funziona-e-uno-strumento-strategico-per-lo-sviluppo-del-colle\/","url":"https:\/\/www.bellunopress.it\/2026\/03\/30\/nevegal-il-capofrazione-libralon-il-servizio-trillo-funziona-e-uno-strumento-strategico-per-lo-sviluppo-del-colle\/","name":"Nevegal. Il capofrazione Libralon: \"Il servizio Trillo funziona. E' uno strumento strategico per lo sviluppo del Colle\" - Bellunopress - Dolomiti","isPartOf":{"@id":"https:\/\/www.bellunopress.it\/#website"},"primaryImageOfPage":{"@id":"https:\/\/www.bellunopress.it\/2026\/03\/30\/nevegal-il-capofrazione-libralon-il-servizio-trillo-funziona-e-uno-strumento-strategico-per-lo-sviluppo-del-colle\/#primaryimage"},"image":{"@id":"https:\/\/www.bellunopress.it\/2026\/03\/30\/nevegal-il-capofrazione-libralon-il-servizio-trillo-funziona-e-uno-strumento-strategico-per-lo-sviluppo-del-colle\/#primaryimage"},"thumbnailUrl":"https:\/\/www.bellunopress.it\/wp-content\/uploads\/2025\/03\/Daniele-Libralon_edited.jpg","datePublished":"2026-03-30T08:50:09+00:00","breadcrumb":{"@id":"https:\/\/www.bellunopress.it\/2026\/03\/30\/nevegal-il-capofrazione-libralon-il-servizio-trillo-funziona-e-uno-strumento-strategico-per-lo-sviluppo-del-colle\/#breadcrumb"},"inLanguage":"fr-FR","potentialAction":[{"@type":"ReadAction","target":["https:\/\/www.bellunopress.it\/2026\/03\/30\/nevegal-il-capofrazione-libralon-il-servizio-trillo-funziona-e-uno-strumento-strategico-per-lo-sviluppo-del-colle\/"]}]},{"@type":"ImageObject","inLanguage":"fr-FR","@id":"https:\/\/www.bellunopress.it\/2026\/03\/30\/nevegal-il-capofrazione-libralon-il-servizio-trillo-funziona-e-uno-strumento-strategico-per-lo-sviluppo-del-colle\/#primaryimage","url":"https:\/\/www.bellunopress.it\/wp-content\/uploads\/2025\/03\/Daniele-Libralon_edited.jpg","contentUrl":"https:\/\/www.bellunopress.it\/wp-content\/uploads\/2025\/03\/Daniele-Libralon_edited.jpg","width":1000,"height":757,"caption":"Daniele Libralon, capofrazione Nevegal"},{"@type":"BreadcrumbList","@id":"https:\/\/www.bellunopress.it\/2026\/03\/30\/nevegal-il-capofrazione-libralon-il-servizio-trillo-funziona-e-uno-strumento-strategico-per-lo-sviluppo-del-colle\/#breadcrumb","itemListElement":[{"@type":"ListItem","position":1,"name":"Home","item":"https:\/\/www.bellunopress.it\/"},{"@type":"ListItem","position":2,"name":"Nevegal. Il capofrazione Libralon: &#8220;Il servizio Trillo funziona. E&#8217; uno strumento strategico per lo sviluppo del Colle&#8221;"}]},{"@type":"WebSite","@id":"https:\/\/www.bellunopress.it\/#website","url":"https:\/\/www.bellunopress.it\/","name":"Bellunopress - Dolomiti","description":"e-mail: redazione@bellunopress.it","publisher":{"@id":"https:\/\/www.bellunopress.it\/#organization"},"potentialAction":[{"@type":"SearchAction","target":{"@type":"EntryPoint","urlTemplate":"https:\/\/www.bellunopress.it\/?s={search_term_string}"},"query-input":{"@type":"PropertyValueSpecification","valueRequired":true,"valueName":"search_term_string"}}],"inLanguage":"fr-FR"},{"@type":"Organization","@id":"https:\/\/www.bellunopress.it\/#organization","name":"Bellunopress","url":"https:\/\/www.bellunopress.it\/","logo":{"@type":"ImageObject","inLanguage":"fr-FR","@id":"https:\/\/www.bellunopress.it\/#\/schema\/logo\/image\/","url":"https:\/\/www.bellunopress.it\/wp-content\/uploads\/2011\/05\/cropped-logo-bellunopress-.jpg","contentUrl":"https:\/\/www.bellunopress.it\/wp-content\/uploads\/2011\/05\/cropped-logo-bellunopress-.jpg","width":512,"height":512,"caption":"Bellunopress"},"image":{"@id":"https:\/\/www.bellunopress.it\/#\/schema\/logo\/image\/"},"sameAs":["https:\/\/www.facebook.com\/profile.php?id=100008943462799","https:\/\/x.com\/bellunopress","https:\/\/www.linkedin.com\/hp\/?dnr=JBzUWaJfMUw8vbXJJ2tVW5-I3jZKvC4wsoxE&amp;amp;amp;amp;amp;amp;trk=nav_responsive_tab_home","https:\/\/www.youtube.com\/channel\/UCxL0wu1uN0_3_7hGG0306cw"]},{"@type":"Person","@id":"https:\/\/www.bellunopress.it\/#\/schema\/person\/79bb06722b37ece1c03d3e94beb30d73","name":"r\u00e9daction","image":{"@type":"ImageObject","inLanguage":"fr-FR","@id":"https:\/\/secure.gravatar.com\/avatar\/37d968a2e67a6fd04c169c4bdef102d0bc5d31b2546345219e348575eb80e9a0?s=96&d=mm&r=g","url":"https:\/\/secure.gravatar.com\/avatar\/37d968a2e67a6fd04c169c4bdef102d0bc5d31b2546345219e348575eb80e9a0?s=96&d=mm&r=g","contentUrl":"https:\/\/secure.gravatar.com\/avatar\/37d968a2e67a6fd04c169c4bdef102d0bc5d31b2546345219e348575eb80e9a0?s=96&d=mm&r=g","caption":"redazione"},"sameAs":["http:\/\/www.bellunopress.it","https:\/\/x.com\/bellunopress"],"url":"https:\/\/www.bellunopress.it\/fr\/author\/redazione\/"}]}},"_links":{"self":[{"href":"https:\/\/www.bellunopress.it\/fr\/wp-json\/wp\/v2\/posts\/168628","targetHints":{"allow":["GET"]}}],"collection":[{"href":"https:\/\/www.bellunopress.it\/fr\/wp-json\/wp\/v2\/posts"}],"about":[{"href":"https:\/\/www.bellunopress.it\/fr\/wp-json\/wp\/v2\/types\/post"}],"author":[{"embeddable":true,"href":"https:\/\/www.bellunopress.it\/fr\/wp-json\/wp\/v2\/users\/2"}],"replies":[{"embeddable":true,"href":"https:\/\/www.bellunopress.it\/fr\/wp-json\/wp\/v2\/comments?post=168628"}],"version-history":[{"count":1,"href":"https:\/\/www.bellunopress.it\/fr\/wp-json\/wp\/v2\/posts\/168628\/revisions"}],"predecessor-version":[{"id":168629,"href":"https:\/\/www.bellunopress.it\/fr\/wp-json\/wp\/v2\/posts\/168628\/revisions\/168629"}],"wp:featuredmedia":[{"embeddable":true,"href":"https:\/\/www.bellunopress.it\/fr\/wp-json\/wp\/v2\/media\/158391"}],"wp:attachment":[{"href":"https:\/\/www.bellunopress.it\/fr\/wp-json\/wp\/v2\/media?parent=168628"}],"wp:term":[{"taxonomy":"category","embeddable":true,"href":"https:\/\/www.bellunopress.it\/fr\/wp-json\/wp\/v2\/categories?post=168628"},{"taxonomy":"post_tag","embeddable":true,"href":"https:\/\/www.bellunopress.it\/fr\/wp-json\/wp\/v2\/tags?post=168628"}],"curies":[{"name":"wp","href":"https:\/\/api.w.org\/{rel}","templated":true}]}}