{"id":168621,"date":"2026-03-30T09:45:39","date_gmt":"2026-03-30T07:45:39","guid":{"rendered":"https:\/\/www.bellunopress.it\/?p=168621"},"modified":"2026-03-30T09:45:39","modified_gmt":"2026-03-30T07:45:39","slug":"dolomiti-bellunesi-under-19-stoppata-dal-ravenna","status":"publish","type":"post","link":"https:\/\/www.bellunopress.it\/fr\/2026\/03\/30\/dolomiti-bellunesi-under-19-stoppata-dal-ravenna\/","title":{"rendered":"Dolomiti Bellunesi Under 19 stoppata dal Ravenna"},"content":{"rendered":"<p><strong>Il Ravenna la spunta a Rasai: il gruppo di Lauria scivola al terzo posto al penultimo turno del campionato Primavera 4.<\/strong><\/p>\n<p>DOLOMITI BELLUNESI-RAVENNA 0-2<\/p>\n<p>GOL: pt 25&#8242; Alberizia; st 20&#8242; Girelli.<\/p>\n<p>DOLOMITI BELLUNESI: Coan, Gandin (st 40&#8242; Benetti), Roseo, Vettorazzo, De Toffol, Boscolo, Gusatto (st 40&#8242; De Bona), Bentivogli (st 26&#8242; Marraffa), Casanova, Da Rold, Bagnara (st 35&#8242; De Toffoli) (a disposizione: Guolla, Ballarin, Marconato, Galliani). Allenatore: R. Lauria.<\/p>\n<p>RAVENNA: Stagni, Berti, Tesselli, Raccagni, Girelli, Sermenghi, Zaccherini, Leoni, Benazzi, Ruffino, Alberizia (a disposizione: Morigi, Alpi, Barasi, Donattini, Diop, Osagie, Pedriali, Castellacci, Raimondo, Rivalta, Morgagni). Allenatore: M. Vernacchio.<\/p>\n<p>ARBITRO: Giacomo Carraro di Padova (assistenti: Andrea Forzan e Niccol\u00f2 Panozzo di Castelfranco Veneto).<\/p>\n<p>NOTE. Ammoniti: Vettorazzo e Raccagni.<\/p>\n<p>Dopo quattro risultati utili, si spezza la striscia positiva dell&#8217;Under 19 legata alla Dolomiti Bellunesi: a Rasai \u00e8 il Ravenna a imporre il quinto stop stagionale nel campionato Primavera 4 alla formazione guidata da Renato Lauria, scavalcata al terzo posto in classifica dal Trento. Lo 0-2 prende forma tra primo e secondo tempo, all&#8217;interno di una gara in cui gli ospiti hanno fatto valere qualit\u00e0 e fisicit\u00e0. Ma i padroni di casa possono recriminare per un paio di episodi risultati decisivi.<\/p>\n<p>ERRORE &#8211; Il Ravenna scatta dai blocchi di partenza nel migliore dei modi. E sfodera subito ritmo e intensit\u00e0. Tanto \u00e8 vero che il vantaggio arriva nella prima frazione, in seguito a un errore in fase di disimpegno della retroguardia di casa. Nella ripresa, per\u00f2, la Dolomiti Bellunesi cambia passo. Alza il baricentro, ritrova ordine e prova a costruire gioco con maggiore continuit\u00e0, costringendo gli avversari ad abbassarsi. La sensazione \u00e8 quella di una partita riaperta, almeno sul piano dell&#8217;atteggiamento. Ma, proprio nel momento migliore dei ragazzi di Lauria, arriva un episodio a chiudere i conti: un calcio piazzato che vale il raddoppio e spegne le speranze di rimonta.<\/p>\n<p>VERSO LE MARCHE &#8211; \u00abAffrontavamo una squadra di alto livello, con atleti tecnici e grande dinamismo \u2014 analizza il tecnico Renato Lauria \u2014. Sono partiti fortissimo e hanno approfittato di un nostro errore difensivo. Nella ripresa siamo cresciuti, ma un&#8217;altra disattenzione ci \u00e8 costata cara\u00bb. Al di l\u00e0 del risultato, per\u00f2, resta il valore di un percorso che continua a sorprendere in positivo: \u00abIl nostro campionato rimane oltre le aspettative. Il raggiungimento dei playoff \u00e8 un traguardo importante e, per certi versi, inaspettato\u00bb. Ora l&#8217;attenzione si sposta sull&#8217;ultimo impegno della stagione regolare: nel prossimo fine settimana, capitan Vettorazzo e compagni saranno di scena nelle Marche, sul campo della Sambenedettese. Un ultimo passo prima della fase conclusiva.<\/p>","protected":false},"excerpt":{"rendered":"<p>Il Ravenna la spunta a Rasai: il gruppo di Lauria scivola al terzo posto al penultimo turno del campionato Primavera 4. DOLOMITI BELLUNESI-RAVENNA 0-2 GOL: pt 25&#8242; Alberizia; st 20&#8242; Girelli. DOLOMITI BELLUNESI: Coan, Gandin (st 40&#8242; Benetti), Roseo, Vettorazzo, De Toffol, Boscolo, Gusatto (st 40&#8242; De Bona), Bentivogli (st 26&#8242; Marraffa), Casanova, Da Rold, [&hellip;]<\/p>\n","protected":false},"author":2,"featured_media":163863,"comment_status":"closed","ping_status":"open","sticky":false,"template":"","format":"standard","meta":{"footnotes":""},"categories":[4],"tags":[],"class_list":["post-168621","post","type-post","status-publish","format-standard","has-post-thumbnail","category-sport"],"yoast_head":"<!-- This site is optimized with the Yoast SEO plugin v28.4 - https:\/\/yoast.com\/product\/yoast-seo-wordpress\/ -->\n<title>Dolomiti Bellunesi Under 19 stoppata dal Ravenna - Bellunopress - Dolomiti<\/title>\n<meta name=\"robots\" content=\"index, follow, max-snippet:-1, max-image-preview:large, max-video-preview:-1\" \/>\n<link rel=\"canonical\" href=\"https:\/\/www.bellunopress.it\/fr\/2026\/03\/30\/dolomiti-bellunesi-under-19-stoppata-dal-ravenna\/\" \/>\n<meta property=\"og:locale\" content=\"fr_FR\" \/>\n<meta property=\"og:type\" content=\"article\" \/>\n<meta property=\"og:title\" content=\"Dolomiti Bellunesi Under 19 stoppata dal Ravenna - Bellunopress - Dolomiti\" \/>\n<meta property=\"og:description\" content=\"Il Ravenna la spunta a Rasai: il gruppo di Lauria scivola al terzo posto al penultimo turno del campionato Primavera 4. DOLOMITI BELLUNESI-RAVENNA 0-2 GOL: pt 25&#8242; Alberizia; st 20&#8242; Girelli. DOLOMITI BELLUNESI: Coan, Gandin (st 40&#8242; Benetti), Roseo, Vettorazzo, De Toffol, Boscolo, Gusatto (st 40&#8242; De Bona), Bentivogli (st 26&#8242; Marraffa), Casanova, Da Rold, [&hellip;]\" \/>\n<meta property=\"og:url\" content=\"https:\/\/www.bellunopress.it\/fr\/2026\/03\/30\/dolomiti-bellunesi-under-19-stoppata-dal-ravenna\/\" \/>\n<meta property=\"og:site_name\" content=\"Bellunopress - Dolomiti\" \/>\n<meta property=\"article:publisher\" content=\"https:\/\/www.facebook.com\/profile.php?id=100008943462799\" \/>\n<meta property=\"article:published_time\" content=\"2026-03-30T07:45:39+00:00\" \/>\n<meta property=\"og:image\" content=\"https:\/\/www.bellunopress.it\/wp-content\/uploads\/2025\/10\/Dolomiti-Bellunesi-Under-19.jpg\" \/>\n\t<meta property=\"og:image:width\" content=\"800\" \/>\n\t<meta property=\"og:image:height\" content=\"533\" \/>\n\t<meta property=\"og:image:type\" content=\"image\/jpeg\" \/>\n<meta name=\"author\" content=\"redazione\" \/>\n<meta name=\"twitter:card\" content=\"summary_large_image\" \/>\n<meta name=\"twitter:creator\" content=\"@bellunopress\" \/>\n<meta name=\"twitter:site\" content=\"@bellunopress\" \/>\n<meta name=\"twitter:label1\" content=\"\u00c9crit par\" \/>\n\t<meta name=\"twitter:data1\" content=\"redazione\" \/>\n\t<meta name=\"twitter:label2\" content=\"Dur\u00e9e de lecture estim\u00e9e\" \/>\n\t<meta name=\"twitter:data2\" content=\"2 minutes\" \/>\n<script type=\"application\/ld+json\" class=\"yoast-schema-graph\">{\"@context\":\"https:\\\/\\\/schema.org\",\"@graph\":[{\"@type\":\"Article\",\"@id\":\"https:\\\/\\\/www.bellunopress.it\\\/2026\\\/03\\\/30\\\/dolomiti-bellunesi-under-19-stoppata-dal-ravenna\\\/#article\",\"isPartOf\":{\"@id\":\"https:\\\/\\\/www.bellunopress.it\\\/2026\\\/03\\\/30\\\/dolomiti-bellunesi-under-19-stoppata-dal-ravenna\\\/\"},\"author\":{\"name\":\"redazione\",\"@id\":\"https:\\\/\\\/www.bellunopress.it\\\/#\\\/schema\\\/person\\\/79bb06722b37ece1c03d3e94beb30d73\"},\"headline\":\"Dolomiti Bellunesi Under 19 stoppata dal Ravenna\",\"datePublished\":\"2026-03-30T07:45:39+00:00\",\"mainEntityOfPage\":{\"@id\":\"https:\\\/\\\/www.bellunopress.it\\\/2026\\\/03\\\/30\\\/dolomiti-bellunesi-under-19-stoppata-dal-ravenna\\\/\"},\"wordCount\":418,\"publisher\":{\"@id\":\"https:\\\/\\\/www.bellunopress.it\\\/#organization\"},\"image\":{\"@id\":\"https:\\\/\\\/www.bellunopress.it\\\/2026\\\/03\\\/30\\\/dolomiti-bellunesi-under-19-stoppata-dal-ravenna\\\/#primaryimage\"},\"thumbnailUrl\":\"https:\\\/\\\/www.bellunopress.it\\\/wp-content\\\/uploads\\\/2025\\\/10\\\/Dolomiti-Bellunesi-Under-19.jpg\",\"articleSection\":[\"Sport, tempo libero\"],\"inLanguage\":\"fr-FR\"},{\"@type\":\"WebPage\",\"@id\":\"https:\\\/\\\/www.bellunopress.it\\\/2026\\\/03\\\/30\\\/dolomiti-bellunesi-under-19-stoppata-dal-ravenna\\\/\",\"url\":\"https:\\\/\\\/www.bellunopress.it\\\/2026\\\/03\\\/30\\\/dolomiti-bellunesi-under-19-stoppata-dal-ravenna\\\/\",\"name\":\"Dolomiti Bellunesi Under 19 stoppata dal Ravenna - Bellunopress - Dolomiti\",\"isPartOf\":{\"@id\":\"https:\\\/\\\/www.bellunopress.it\\\/#website\"},\"primaryImageOfPage\":{\"@id\":\"https:\\\/\\\/www.bellunopress.it\\\/2026\\\/03\\\/30\\\/dolomiti-bellunesi-under-19-stoppata-dal-ravenna\\\/#primaryimage\"},\"image\":{\"@id\":\"https:\\\/\\\/www.bellunopress.it\\\/2026\\\/03\\\/30\\\/dolomiti-bellunesi-under-19-stoppata-dal-ravenna\\\/#primaryimage\"},\"thumbnailUrl\":\"https:\\\/\\\/www.bellunopress.it\\\/wp-content\\\/uploads\\\/2025\\\/10\\\/Dolomiti-Bellunesi-Under-19.jpg\",\"datePublished\":\"2026-03-30T07:45:39+00:00\",\"breadcrumb\":{\"@id\":\"https:\\\/\\\/www.bellunopress.it\\\/2026\\\/03\\\/30\\\/dolomiti-bellunesi-under-19-stoppata-dal-ravenna\\\/#breadcrumb\"},\"inLanguage\":\"fr-FR\",\"potentialAction\":[{\"@type\":\"ReadAction\",\"target\":[\"https:\\\/\\\/www.bellunopress.it\\\/2026\\\/03\\\/30\\\/dolomiti-bellunesi-under-19-stoppata-dal-ravenna\\\/\"]}]},{\"@type\":\"ImageObject\",\"inLanguage\":\"fr-FR\",\"@id\":\"https:\\\/\\\/www.bellunopress.it\\\/2026\\\/03\\\/30\\\/dolomiti-bellunesi-under-19-stoppata-dal-ravenna\\\/#primaryimage\",\"url\":\"https:\\\/\\\/www.bellunopress.it\\\/wp-content\\\/uploads\\\/2025\\\/10\\\/Dolomiti-Bellunesi-Under-19.jpg\",\"contentUrl\":\"https:\\\/\\\/www.bellunopress.it\\\/wp-content\\\/uploads\\\/2025\\\/10\\\/Dolomiti-Bellunesi-Under-19.jpg\",\"width\":800,\"height\":533,\"caption\":\"Dolomiti Bellunesi Under 19 (Foto: Giuseppe De Zanet)\"},{\"@type\":\"BreadcrumbList\",\"@id\":\"https:\\\/\\\/www.bellunopress.it\\\/2026\\\/03\\\/30\\\/dolomiti-bellunesi-under-19-stoppata-dal-ravenna\\\/#breadcrumb\",\"itemListElement\":[{\"@type\":\"ListItem\",\"position\":1,\"name\":\"Home\",\"item\":\"https:\\\/\\\/www.bellunopress.it\\\/\"},{\"@type\":\"ListItem\",\"position\":2,\"name\":\"Dolomiti Bellunesi Under 19 stoppata dal Ravenna\"}]},{\"@type\":\"WebSite\",\"@id\":\"https:\\\/\\\/www.bellunopress.it\\\/#website\",\"url\":\"https:\\\/\\\/www.bellunopress.it\\\/\",\"name\":\"Bellunopress - Dolomiti\",\"description\":\"e-mail: redazione@bellunopress.it\",\"publisher\":{\"@id\":\"https:\\\/\\\/www.bellunopress.it\\\/#organization\"},\"potentialAction\":[{\"@type\":\"SearchAction\",\"target\":{\"@type\":\"EntryPoint\",\"urlTemplate\":\"https:\\\/\\\/www.bellunopress.it\\\/?s={search_term_string}\"},\"query-input\":{\"@type\":\"PropertyValueSpecification\",\"valueRequired\":true,\"valueName\":\"search_term_string\"}}],\"inLanguage\":\"fr-FR\"},{\"@type\":\"Organization\",\"@id\":\"https:\\\/\\\/www.bellunopress.it\\\/#organization\",\"name\":\"Bellunopress\",\"url\":\"https:\\\/\\\/www.bellunopress.it\\\/\",\"logo\":{\"@type\":\"ImageObject\",\"inLanguage\":\"fr-FR\",\"@id\":\"https:\\\/\\\/www.bellunopress.it\\\/#\\\/schema\\\/logo\\\/image\\\/\",\"url\":\"https:\\\/\\\/www.bellunopress.it\\\/wp-content\\\/uploads\\\/2011\\\/05\\\/cropped-logo-bellunopress-.jpg\",\"contentUrl\":\"https:\\\/\\\/www.bellunopress.it\\\/wp-content\\\/uploads\\\/2011\\\/05\\\/cropped-logo-bellunopress-.jpg\",\"width\":512,\"height\":512,\"caption\":\"Bellunopress\"},\"image\":{\"@id\":\"https:\\\/\\\/www.bellunopress.it\\\/#\\\/schema\\\/logo\\\/image\\\/\"},\"sameAs\":[\"https:\\\/\\\/www.facebook.com\\\/profile.php?id=100008943462799\",\"https:\\\/\\\/x.com\\\/bellunopress\",\"https:\\\/\\\/www.linkedin.com\\\/hp\\\/?dnr=JBzUWaJfMUw8vbXJJ2tVW5-I3jZKvC4wsoxE&amp;amp;amp;amp;amp;amp;trk=nav_responsive_tab_home\",\"https:\\\/\\\/www.youtube.com\\\/channel\\\/UCxL0wu1uN0_3_7hGG0306cw\"]},{\"@type\":\"Person\",\"@id\":\"https:\\\/\\\/www.bellunopress.it\\\/#\\\/schema\\\/person\\\/79bb06722b37ece1c03d3e94beb30d73\",\"name\":\"redazione\",\"image\":{\"@type\":\"ImageObject\",\"inLanguage\":\"fr-FR\",\"@id\":\"https:\\\/\\\/secure.gravatar.com\\\/avatar\\\/37d968a2e67a6fd04c169c4bdef102d0bc5d31b2546345219e348575eb80e9a0?s=96&d=mm&r=g\",\"url\":\"https:\\\/\\\/secure.gravatar.com\\\/avatar\\\/37d968a2e67a6fd04c169c4bdef102d0bc5d31b2546345219e348575eb80e9a0?s=96&d=mm&r=g\",\"contentUrl\":\"https:\\\/\\\/secure.gravatar.com\\\/avatar\\\/37d968a2e67a6fd04c169c4bdef102d0bc5d31b2546345219e348575eb80e9a0?s=96&d=mm&r=g\",\"caption\":\"redazione\"},\"sameAs\":[\"http:\\\/\\\/www.bellunopress.it\",\"https:\\\/\\\/x.com\\\/bellunopress\"],\"url\":\"https:\\\/\\\/www.bellunopress.it\\\/fr\\\/author\\\/redazione\\\/\"}]}<\/script>\n<!-- \/ Yoast SEO plugin. -->","yoast_head_json":{"title":"Dolomiti Bellunesi Under 19 stoppata dal Ravenna - Bellunopress - Dolomiti","robots":{"index":"index","follow":"follow","max-snippet":"max-snippet:-1","max-image-preview":"max-image-preview:large","max-video-preview":"max-video-preview:-1"},"canonical":"https:\/\/www.bellunopress.it\/fr\/2026\/03\/30\/dolomiti-bellunesi-under-19-stoppata-dal-ravenna\/","og_locale":"fr_FR","og_type":"article","og_title":"Dolomiti Bellunesi Under 19 stoppata dal Ravenna - Bellunopress - Dolomiti","og_description":"Il Ravenna la spunta a Rasai: il gruppo di Lauria scivola al terzo posto al penultimo turno del campionato Primavera 4. DOLOMITI BELLUNESI-RAVENNA 0-2 GOL: pt 25&#8242; Alberizia; st 20&#8242; Girelli. DOLOMITI BELLUNESI: Coan, Gandin (st 40&#8242; Benetti), Roseo, Vettorazzo, De Toffol, Boscolo, Gusatto (st 40&#8242; De Bona), Bentivogli (st 26&#8242; Marraffa), Casanova, Da Rold, [&hellip;]","og_url":"https:\/\/www.bellunopress.it\/fr\/2026\/03\/30\/dolomiti-bellunesi-under-19-stoppata-dal-ravenna\/","og_site_name":"Bellunopress - Dolomiti","article_publisher":"https:\/\/www.facebook.com\/profile.php?id=100008943462799","article_published_time":"2026-03-30T07:45:39+00:00","og_image":[{"width":800,"height":533,"url":"https:\/\/www.bellunopress.it\/wp-content\/uploads\/2025\/10\/Dolomiti-Bellunesi-Under-19.jpg","type":"image\/jpeg"}],"author":"redazione","twitter_card":"summary_large_image","twitter_creator":"@bellunopress","twitter_site":"@bellunopress","twitter_misc":{"\u00c9crit par":"redazione","Dur\u00e9e de lecture estim\u00e9e":"2 minutes"},"schema":{"@context":"https:\/\/schema.org","@graph":[{"@type":"Article","@id":"https:\/\/www.bellunopress.it\/2026\/03\/30\/dolomiti-bellunesi-under-19-stoppata-dal-ravenna\/#article","isPartOf":{"@id":"https:\/\/www.bellunopress.it\/2026\/03\/30\/dolomiti-bellunesi-under-19-stoppata-dal-ravenna\/"},"author":{"name":"redazione","@id":"https:\/\/www.bellunopress.it\/#\/schema\/person\/79bb06722b37ece1c03d3e94beb30d73"},"headline":"Dolomiti Bellunesi Under 19 stoppata dal Ravenna","datePublished":"2026-03-30T07:45:39+00:00","mainEntityOfPage":{"@id":"https:\/\/www.bellunopress.it\/2026\/03\/30\/dolomiti-bellunesi-under-19-stoppata-dal-ravenna\/"},"wordCount":418,"publisher":{"@id":"https:\/\/www.bellunopress.it\/#organization"},"image":{"@id":"https:\/\/www.bellunopress.it\/2026\/03\/30\/dolomiti-bellunesi-under-19-stoppata-dal-ravenna\/#primaryimage"},"thumbnailUrl":"https:\/\/www.bellunopress.it\/wp-content\/uploads\/2025\/10\/Dolomiti-Bellunesi-Under-19.jpg","articleSection":["Sport, tempo libero"],"inLanguage":"fr-FR"},{"@type":"WebPage","@id":"https:\/\/www.bellunopress.it\/2026\/03\/30\/dolomiti-bellunesi-under-19-stoppata-dal-ravenna\/","url":"https:\/\/www.bellunopress.it\/2026\/03\/30\/dolomiti-bellunesi-under-19-stoppata-dal-ravenna\/","name":"Dolomiti Bellunesi Under 19 stoppata dal Ravenna - Bellunopress - Dolomiti","isPartOf":{"@id":"https:\/\/www.bellunopress.it\/#website"},"primaryImageOfPage":{"@id":"https:\/\/www.bellunopress.it\/2026\/03\/30\/dolomiti-bellunesi-under-19-stoppata-dal-ravenna\/#primaryimage"},"image":{"@id":"https:\/\/www.bellunopress.it\/2026\/03\/30\/dolomiti-bellunesi-under-19-stoppata-dal-ravenna\/#primaryimage"},"thumbnailUrl":"https:\/\/www.bellunopress.it\/wp-content\/uploads\/2025\/10\/Dolomiti-Bellunesi-Under-19.jpg","datePublished":"2026-03-30T07:45:39+00:00","breadcrumb":{"@id":"https:\/\/www.bellunopress.it\/2026\/03\/30\/dolomiti-bellunesi-under-19-stoppata-dal-ravenna\/#breadcrumb"},"inLanguage":"fr-FR","potentialAction":[{"@type":"ReadAction","target":["https:\/\/www.bellunopress.it\/2026\/03\/30\/dolomiti-bellunesi-under-19-stoppata-dal-ravenna\/"]}]},{"@type":"ImageObject","inLanguage":"fr-FR","@id":"https:\/\/www.bellunopress.it\/2026\/03\/30\/dolomiti-bellunesi-under-19-stoppata-dal-ravenna\/#primaryimage","url":"https:\/\/www.bellunopress.it\/wp-content\/uploads\/2025\/10\/Dolomiti-Bellunesi-Under-19.jpg","contentUrl":"https:\/\/www.bellunopress.it\/wp-content\/uploads\/2025\/10\/Dolomiti-Bellunesi-Under-19.jpg","width":800,"height":533,"caption":"Dolomiti Bellunesi Under 19 (Foto: Giuseppe De Zanet)"},{"@type":"BreadcrumbList","@id":"https:\/\/www.bellunopress.it\/2026\/03\/30\/dolomiti-bellunesi-under-19-stoppata-dal-ravenna\/#breadcrumb","itemListElement":[{"@type":"ListItem","position":1,"name":"Home","item":"https:\/\/www.bellunopress.it\/"},{"@type":"ListItem","position":2,"name":"Dolomiti Bellunesi Under 19 stoppata dal Ravenna"}]},{"@type":"WebSite","@id":"https:\/\/www.bellunopress.it\/#website","url":"https:\/\/www.bellunopress.it\/","name":"Bellunopress - Dolomiti","description":"e-mail: redazione@bellunopress.it","publisher":{"@id":"https:\/\/www.bellunopress.it\/#organization"},"potentialAction":[{"@type":"SearchAction","target":{"@type":"EntryPoint","urlTemplate":"https:\/\/www.bellunopress.it\/?s={search_term_string}"},"query-input":{"@type":"PropertyValueSpecification","valueRequired":true,"valueName":"search_term_string"}}],"inLanguage":"fr-FR"},{"@type":"Organization","@id":"https:\/\/www.bellunopress.it\/#organization","name":"Bellunopress","url":"https:\/\/www.bellunopress.it\/","logo":{"@type":"ImageObject","inLanguage":"fr-FR","@id":"https:\/\/www.bellunopress.it\/#\/schema\/logo\/image\/","url":"https:\/\/www.bellunopress.it\/wp-content\/uploads\/2011\/05\/cropped-logo-bellunopress-.jpg","contentUrl":"https:\/\/www.bellunopress.it\/wp-content\/uploads\/2011\/05\/cropped-logo-bellunopress-.jpg","width":512,"height":512,"caption":"Bellunopress"},"image":{"@id":"https:\/\/www.bellunopress.it\/#\/schema\/logo\/image\/"},"sameAs":["https:\/\/www.facebook.com\/profile.php?id=100008943462799","https:\/\/x.com\/bellunopress","https:\/\/www.linkedin.com\/hp\/?dnr=JBzUWaJfMUw8vbXJJ2tVW5-I3jZKvC4wsoxE&amp;amp;amp;amp;amp;amp;trk=nav_responsive_tab_home","https:\/\/www.youtube.com\/channel\/UCxL0wu1uN0_3_7hGG0306cw"]},{"@type":"Person","@id":"https:\/\/www.bellunopress.it\/#\/schema\/person\/79bb06722b37ece1c03d3e94beb30d73","name":"r\u00e9daction","image":{"@type":"ImageObject","inLanguage":"fr-FR","@id":"https:\/\/secure.gravatar.com\/avatar\/37d968a2e67a6fd04c169c4bdef102d0bc5d31b2546345219e348575eb80e9a0?s=96&d=mm&r=g","url":"https:\/\/secure.gravatar.com\/avatar\/37d968a2e67a6fd04c169c4bdef102d0bc5d31b2546345219e348575eb80e9a0?s=96&d=mm&r=g","contentUrl":"https:\/\/secure.gravatar.com\/avatar\/37d968a2e67a6fd04c169c4bdef102d0bc5d31b2546345219e348575eb80e9a0?s=96&d=mm&r=g","caption":"redazione"},"sameAs":["http:\/\/www.bellunopress.it","https:\/\/x.com\/bellunopress"],"url":"https:\/\/www.bellunopress.it\/fr\/author\/redazione\/"}]}},"_links":{"self":[{"href":"https:\/\/www.bellunopress.it\/fr\/wp-json\/wp\/v2\/posts\/168621","targetHints":{"allow":["GET"]}}],"collection":[{"href":"https:\/\/www.bellunopress.it\/fr\/wp-json\/wp\/v2\/posts"}],"about":[{"href":"https:\/\/www.bellunopress.it\/fr\/wp-json\/wp\/v2\/types\/post"}],"author":[{"embeddable":true,"href":"https:\/\/www.bellunopress.it\/fr\/wp-json\/wp\/v2\/users\/2"}],"replies":[{"embeddable":true,"href":"https:\/\/www.bellunopress.it\/fr\/wp-json\/wp\/v2\/comments?post=168621"}],"version-history":[{"count":1,"href":"https:\/\/www.bellunopress.it\/fr\/wp-json\/wp\/v2\/posts\/168621\/revisions"}],"predecessor-version":[{"id":168622,"href":"https:\/\/www.bellunopress.it\/fr\/wp-json\/wp\/v2\/posts\/168621\/revisions\/168622"}],"wp:featuredmedia":[{"embeddable":true,"href":"https:\/\/www.bellunopress.it\/fr\/wp-json\/wp\/v2\/media\/163863"}],"wp:attachment":[{"href":"https:\/\/www.bellunopress.it\/fr\/wp-json\/wp\/v2\/media?parent=168621"}],"wp:term":[{"taxonomy":"category","embeddable":true,"href":"https:\/\/www.bellunopress.it\/fr\/wp-json\/wp\/v2\/categories?post=168621"},{"taxonomy":"post_tag","embeddable":true,"href":"https:\/\/www.bellunopress.it\/fr\/wp-json\/wp\/v2\/tags?post=168621"}],"curies":[{"name":"wp","href":"https:\/\/api.w.org\/{rel}","templated":true}]}}