{"id":168610,"date":"2026-03-29T22:06:48","date_gmt":"2026-03-29T20:06:48","guid":{"rendered":"https:\/\/www.bellunopress.it\/?p=168610"},"modified":"2026-03-30T10:45:28","modified_gmt":"2026-03-30T08:45:28","slug":"100-giorni-da-leoni-fa-tappa-a-longarone-riflettori-accesi-sui-grandi-misteri-del-presente","status":"publish","type":"post","link":"https:\/\/www.bellunopress.it\/fr\/2026\/03\/29\/100-giorni-da-leoni-fa-tappa-a-longarone-riflettori-accesi-sui-grandi-misteri-del-presente\/","title":{"rendered":"&#8220;100 Giorni da Leoni&#8221; fa tappa a Longarone: riflettori accesi sui grandi misteri del presente"},"content":{"rendered":"<p>Longarone, 29 marzo 2026 &#8211; E&#8217; stato un incontro poliedrico quello di questa domenica pomeriggio al Centro culturale &#8220;Ferruccio Parri&#8221; a Longarone (Bl), organizzato da &#8220;100 Giorni da Leoni&#8221; per la libera informazione. &#8216;Iran, Epstein e il futuro dell&#8217;Italia&#8217; questo il titolo, vari i relatori: Franco Del Moro, Riccardo Rocchesso, Francesca Salvador e l&#8217;atteso Giorgio Bianchi, fotogiornalista e reporter romano.<\/p>\n<p>Introduce e modera la conversazione Riccardo Rocchesso, presidente di &#8220;100 Giorni da Leoni,&#8221; che esordisce ricordando le vittime del Vajont del 1963 e sottolineando l&#8217;importanza di una salvaguardia ai territori come quelli di Longarone e delle nostre zone.<\/p>\n<p>Segue l&#8217;intervento di Franco Del Moro, fondatore della rivista EllinSelae, che suggerisce al pubblico una riflessione sulle componenti emotive dell&#8217;uomo, e su come queste possano essere influenzate da chi tenta di ottenere il controllo sociale. Il nostro obiettivo non deve essere quello di cambiare il mondo, bens\u00ec apportare dei cambiamenti nel nostro piccolo quotidiano. Si pu\u00f2 cio\u00e8 provare a creare una zona sana dentro un mondo malato: alzando le nostre frequenze, cercando il pi\u00f9 possibile di provare emozioni positive; schermandoci per quanto possibile da quelle negative che sono quelle su cui fa leva chi ci vuole govenare. Luce chiama luce, espandere il raggio del bene. Il risveglio del s\u00e8 (della coscienza) \u00e8 ci\u00f2 che sta caratterizzando questo periodo storico, ed \u00e8 ci\u00f2 che pu\u00f2 cambiare gli equilibri del potere nel mondo.<\/p>\n<p>Giorgio Bianchi saluta il pubblico con un paragone che fa entrare subito nel vivo del tema: l&#8217;Europa \u00e8 come il figlio di un imprenditore che fa fallire l&#8217;impresa di famiglia; non ha una strategia. Quello che sta accadendo oggi nel mondo (es.Israele) \u00e8 solo il compimento di qualcosa progettato anni fa, un canovaccio che si ripete: la storia della colonizzazione.<br \/>\nE il leitmotiv di tutto questo \u00e8 la propaganda. La propaganda \u00e8 una versione dei fatti (giusta o sbagliata che sia) che viene diffusa e fatta passare per vera in ogni caso. Essa \u00e8 in grado di ribaltare la storia e di muovere le masse (si veda il testo &#8216;Psicologia delle folle&#8217; del 1895 di Gustave Le Bon). La maggior parte di quello che circola attraverso i mass media \u00e8 propaganda.<br \/>\nOltre alla sua grande preparazione riguardo gli scontri politico-economici pi\u00f9 o meno recenti, ci\u00f2 che gli preme comunicare \u00e8: &#8216;che storia raccontiamo noi alle nuove generazioni? Quale strategia?&#8217;.<\/p>\n<p>Francesca Salvador, imprenditrice e presidente dell&#8217;Associazione Salusbellatrix, sostiene il pensiero che tanti problemi attuali derivano da un&#8217;unica matrice, ovvero che chi emette denaro pu\u00f2 comprarsi il mondo. &#8216;Se conosci puoi scegliere&#8217;. Informa, quindi, gli ascoltatori dell&#8217;esistenza di una recente proposta di Legge in Veneto, relativa al sistema monetario.<br \/>\nPassando poi alla tematica del benessere del nostro organismo, descrive l&#8217;importanza di una sostanza di cui si parla poco, il silicio organico. \u00c8 una sostanza che si perde con l&#8217;et\u00e0, ma che pu\u00f2 essere assunta con specifici integratori e dalle molteplici propriet\u00e0. Gi\u00e0 Steiner notava la differenza tra i bambini, ricchi per natura di silicio, e gli anziani carenti e rigidi nel corpo e nella mente.<\/p>\n<p>Valentina De Nart<\/p>","protected":false},"excerpt":{"rendered":"<p>Longarone, 29 marzo 2026 &#8211; E&#8217; stato un incontro poliedrico quello di questa domenica pomeriggio al Centro culturale &#8220;Ferruccio Parri&#8221; a Longarone (Bl), organizzato da &#8220;100 Giorni da Leoni&#8221; per la libera informazione. &#8216;Iran, Epstein e il futuro dell&#8217;Italia&#8217; questo il titolo, vari i relatori: Franco Del Moro, Riccardo Rocchesso, Francesca Salvador e l&#8217;atteso Giorgio [&hellip;]<\/p>\n","protected":false},"author":2,"featured_media":168611,"comment_status":"closed","ping_status":"open","sticky":false,"template":"","format":"standard","meta":{"footnotes":""},"categories":[5,3446,26],"tags":[],"class_list":["post-168610","post","type-post","status-publish","format-standard","has-post-thumbnail","category-cronaca","category-featured","category-prima-pagina"],"yoast_head":"<!-- This site is optimized with the Yoast SEO plugin v28.4 - https:\/\/yoast.com\/product\/yoast-seo-wordpress\/ -->\n<title>&quot;100 Giorni da Leoni&quot; fa tappa a Longarone: riflettori accesi sui grandi misteri del presente - Bellunopress - Dolomiti<\/title>\n<meta name=\"robots\" content=\"index, follow, max-snippet:-1, max-image-preview:large, max-video-preview:-1\" \/>\n<link rel=\"canonical\" href=\"https:\/\/www.bellunopress.it\/fr\/2026\/03\/29\/100-giorni-da-leoni-fa-tappa-a-longarone-riflettori-accesi-sui-grandi-misteri-del-presente\/\" \/>\n<meta property=\"og:locale\" content=\"fr_FR\" \/>\n<meta property=\"og:type\" content=\"article\" \/>\n<meta property=\"og:title\" content=\"&quot;100 Giorni da Leoni&quot; fa tappa a Longarone: riflettori accesi sui grandi misteri del presente - Bellunopress - Dolomiti\" \/>\n<meta property=\"og:description\" content=\"Longarone, 29 marzo 2026 &#8211; E&#8217; stato un incontro poliedrico quello di questa domenica pomeriggio al Centro culturale &#8220;Ferruccio Parri&#8221; a Longarone (Bl), organizzato da &#8220;100 Giorni da Leoni&#8221; per la libera informazione. &#8216;Iran, Epstein e il futuro dell&#8217;Italia&#8217; questo il titolo, vari i relatori: Franco Del Moro, Riccardo Rocchesso, Francesca Salvador e l&#8217;atteso Giorgio [&hellip;]\" \/>\n<meta property=\"og:url\" content=\"https:\/\/www.bellunopress.it\/fr\/2026\/03\/29\/100-giorni-da-leoni-fa-tappa-a-longarone-riflettori-accesi-sui-grandi-misteri-del-presente\/\" \/>\n<meta property=\"og:site_name\" content=\"Bellunopress - Dolomiti\" \/>\n<meta property=\"article:publisher\" content=\"https:\/\/www.facebook.com\/profile.php?id=100008943462799\" \/>\n<meta property=\"article:published_time\" content=\"2026-03-29T20:06:48+00:00\" \/>\n<meta property=\"article:modified_time\" content=\"2026-03-30T08:45:28+00:00\" \/>\n<meta property=\"og:image\" content=\"https:\/\/www.bellunopress.it\/wp-content\/uploads\/2026\/03\/relatori-convegno-Longarone.jpg\" \/>\n\t<meta property=\"og:image:width\" content=\"600\" \/>\n\t<meta property=\"og:image:height\" content=\"301\" \/>\n\t<meta property=\"og:image:type\" content=\"image\/jpeg\" \/>\n<meta name=\"author\" content=\"redazione\" \/>\n<meta name=\"twitter:card\" content=\"summary_large_image\" \/>\n<meta name=\"twitter:creator\" content=\"@bellunopress\" \/>\n<meta name=\"twitter:site\" content=\"@bellunopress\" \/>\n<meta name=\"twitter:label1\" content=\"\u00c9crit par\" \/>\n\t<meta name=\"twitter:data1\" content=\"redazione\" \/>\n\t<meta name=\"twitter:label2\" content=\"Dur\u00e9e de lecture estim\u00e9e\" \/>\n\t<meta name=\"twitter:data2\" content=\"2 minutes\" \/>\n<script type=\"application\/ld+json\" class=\"yoast-schema-graph\">{\"@context\":\"https:\\\/\\\/schema.org\",\"@graph\":[{\"@type\":\"Article\",\"@id\":\"https:\\\/\\\/www.bellunopress.it\\\/2026\\\/03\\\/29\\\/100-giorni-da-leoni-fa-tappa-a-longarone-riflettori-accesi-sui-grandi-misteri-del-presente\\\/#article\",\"isPartOf\":{\"@id\":\"https:\\\/\\\/www.bellunopress.it\\\/2026\\\/03\\\/29\\\/100-giorni-da-leoni-fa-tappa-a-longarone-riflettori-accesi-sui-grandi-misteri-del-presente\\\/\"},\"author\":{\"name\":\"redazione\",\"@id\":\"https:\\\/\\\/www.bellunopress.it\\\/#\\\/schema\\\/person\\\/79bb06722b37ece1c03d3e94beb30d73\"},\"headline\":\"&#8220;100 Giorni da Leoni&#8221; fa tappa a Longarone: riflettori accesi sui grandi misteri del presente\",\"datePublished\":\"2026-03-29T20:06:48+00:00\",\"dateModified\":\"2026-03-30T08:45:28+00:00\",\"mainEntityOfPage\":{\"@id\":\"https:\\\/\\\/www.bellunopress.it\\\/2026\\\/03\\\/29\\\/100-giorni-da-leoni-fa-tappa-a-longarone-riflettori-accesi-sui-grandi-misteri-del-presente\\\/\"},\"wordCount\":516,\"publisher\":{\"@id\":\"https:\\\/\\\/www.bellunopress.it\\\/#organization\"},\"image\":{\"@id\":\"https:\\\/\\\/www.bellunopress.it\\\/2026\\\/03\\\/29\\\/100-giorni-da-leoni-fa-tappa-a-longarone-riflettori-accesi-sui-grandi-misteri-del-presente\\\/#primaryimage\"},\"thumbnailUrl\":\"https:\\\/\\\/www.bellunopress.it\\\/wp-content\\\/uploads\\\/2026\\\/03\\\/relatori-convegno-Longarone.jpg\",\"articleSection\":[\"Cronaca\\\/Politica\",\"Featured\",\"Prima Pagina\"],\"inLanguage\":\"fr-FR\"},{\"@type\":\"WebPage\",\"@id\":\"https:\\\/\\\/www.bellunopress.it\\\/2026\\\/03\\\/29\\\/100-giorni-da-leoni-fa-tappa-a-longarone-riflettori-accesi-sui-grandi-misteri-del-presente\\\/\",\"url\":\"https:\\\/\\\/www.bellunopress.it\\\/2026\\\/03\\\/29\\\/100-giorni-da-leoni-fa-tappa-a-longarone-riflettori-accesi-sui-grandi-misteri-del-presente\\\/\",\"name\":\"\\\"100 Giorni da Leoni\\\" fa tappa a Longarone: riflettori accesi sui grandi misteri del presente - Bellunopress - Dolomiti\",\"isPartOf\":{\"@id\":\"https:\\\/\\\/www.bellunopress.it\\\/#website\"},\"primaryImageOfPage\":{\"@id\":\"https:\\\/\\\/www.bellunopress.it\\\/2026\\\/03\\\/29\\\/100-giorni-da-leoni-fa-tappa-a-longarone-riflettori-accesi-sui-grandi-misteri-del-presente\\\/#primaryimage\"},\"image\":{\"@id\":\"https:\\\/\\\/www.bellunopress.it\\\/2026\\\/03\\\/29\\\/100-giorni-da-leoni-fa-tappa-a-longarone-riflettori-accesi-sui-grandi-misteri-del-presente\\\/#primaryimage\"},\"thumbnailUrl\":\"https:\\\/\\\/www.bellunopress.it\\\/wp-content\\\/uploads\\\/2026\\\/03\\\/relatori-convegno-Longarone.jpg\",\"datePublished\":\"2026-03-29T20:06:48+00:00\",\"dateModified\":\"2026-03-30T08:45:28+00:00\",\"breadcrumb\":{\"@id\":\"https:\\\/\\\/www.bellunopress.it\\\/2026\\\/03\\\/29\\\/100-giorni-da-leoni-fa-tappa-a-longarone-riflettori-accesi-sui-grandi-misteri-del-presente\\\/#breadcrumb\"},\"inLanguage\":\"fr-FR\",\"potentialAction\":[{\"@type\":\"ReadAction\",\"target\":[\"https:\\\/\\\/www.bellunopress.it\\\/2026\\\/03\\\/29\\\/100-giorni-da-leoni-fa-tappa-a-longarone-riflettori-accesi-sui-grandi-misteri-del-presente\\\/\"]}]},{\"@type\":\"ImageObject\",\"inLanguage\":\"fr-FR\",\"@id\":\"https:\\\/\\\/www.bellunopress.it\\\/2026\\\/03\\\/29\\\/100-giorni-da-leoni-fa-tappa-a-longarone-riflettori-accesi-sui-grandi-misteri-del-presente\\\/#primaryimage\",\"url\":\"https:\\\/\\\/www.bellunopress.it\\\/wp-content\\\/uploads\\\/2026\\\/03\\\/relatori-convegno-Longarone.jpg\",\"contentUrl\":\"https:\\\/\\\/www.bellunopress.it\\\/wp-content\\\/uploads\\\/2026\\\/03\\\/relatori-convegno-Longarone.jpg\",\"width\":600,\"height\":301,\"caption\":\"I relatori dell'incontro\"},{\"@type\":\"BreadcrumbList\",\"@id\":\"https:\\\/\\\/www.bellunopress.it\\\/2026\\\/03\\\/29\\\/100-giorni-da-leoni-fa-tappa-a-longarone-riflettori-accesi-sui-grandi-misteri-del-presente\\\/#breadcrumb\",\"itemListElement\":[{\"@type\":\"ListItem\",\"position\":1,\"name\":\"Home\",\"item\":\"https:\\\/\\\/www.bellunopress.it\\\/\"},{\"@type\":\"ListItem\",\"position\":2,\"name\":\"&#8220;100 Giorni da Leoni&#8221; fa tappa a Longarone: riflettori accesi sui grandi misteri del presente\"}]},{\"@type\":\"WebSite\",\"@id\":\"https:\\\/\\\/www.bellunopress.it\\\/#website\",\"url\":\"https:\\\/\\\/www.bellunopress.it\\\/\",\"name\":\"Bellunopress - Dolomiti\",\"description\":\"e-mail: redazione@bellunopress.it\",\"publisher\":{\"@id\":\"https:\\\/\\\/www.bellunopress.it\\\/#organization\"},\"potentialAction\":[{\"@type\":\"SearchAction\",\"target\":{\"@type\":\"EntryPoint\",\"urlTemplate\":\"https:\\\/\\\/www.bellunopress.it\\\/?s={search_term_string}\"},\"query-input\":{\"@type\":\"PropertyValueSpecification\",\"valueRequired\":true,\"valueName\":\"search_term_string\"}}],\"inLanguage\":\"fr-FR\"},{\"@type\":\"Organization\",\"@id\":\"https:\\\/\\\/www.bellunopress.it\\\/#organization\",\"name\":\"Bellunopress\",\"url\":\"https:\\\/\\\/www.bellunopress.it\\\/\",\"logo\":{\"@type\":\"ImageObject\",\"inLanguage\":\"fr-FR\",\"@id\":\"https:\\\/\\\/www.bellunopress.it\\\/#\\\/schema\\\/logo\\\/image\\\/\",\"url\":\"https:\\\/\\\/www.bellunopress.it\\\/wp-content\\\/uploads\\\/2011\\\/05\\\/cropped-logo-bellunopress-.jpg\",\"contentUrl\":\"https:\\\/\\\/www.bellunopress.it\\\/wp-content\\\/uploads\\\/2011\\\/05\\\/cropped-logo-bellunopress-.jpg\",\"width\":512,\"height\":512,\"caption\":\"Bellunopress\"},\"image\":{\"@id\":\"https:\\\/\\\/www.bellunopress.it\\\/#\\\/schema\\\/logo\\\/image\\\/\"},\"sameAs\":[\"https:\\\/\\\/www.facebook.com\\\/profile.php?id=100008943462799\",\"https:\\\/\\\/x.com\\\/bellunopress\",\"https:\\\/\\\/www.linkedin.com\\\/hp\\\/?dnr=JBzUWaJfMUw8vbXJJ2tVW5-I3jZKvC4wsoxE&amp;amp;amp;amp;amp;amp;trk=nav_responsive_tab_home\",\"https:\\\/\\\/www.youtube.com\\\/channel\\\/UCxL0wu1uN0_3_7hGG0306cw\"]},{\"@type\":\"Person\",\"@id\":\"https:\\\/\\\/www.bellunopress.it\\\/#\\\/schema\\\/person\\\/79bb06722b37ece1c03d3e94beb30d73\",\"name\":\"redazione\",\"image\":{\"@type\":\"ImageObject\",\"inLanguage\":\"fr-FR\",\"@id\":\"https:\\\/\\\/secure.gravatar.com\\\/avatar\\\/37d968a2e67a6fd04c169c4bdef102d0bc5d31b2546345219e348575eb80e9a0?s=96&d=mm&r=g\",\"url\":\"https:\\\/\\\/secure.gravatar.com\\\/avatar\\\/37d968a2e67a6fd04c169c4bdef102d0bc5d31b2546345219e348575eb80e9a0?s=96&d=mm&r=g\",\"contentUrl\":\"https:\\\/\\\/secure.gravatar.com\\\/avatar\\\/37d968a2e67a6fd04c169c4bdef102d0bc5d31b2546345219e348575eb80e9a0?s=96&d=mm&r=g\",\"caption\":\"redazione\"},\"sameAs\":[\"http:\\\/\\\/www.bellunopress.it\",\"https:\\\/\\\/x.com\\\/bellunopress\"],\"url\":\"https:\\\/\\\/www.bellunopress.it\\\/fr\\\/author\\\/redazione\\\/\"}]}<\/script>\n<!-- \/ Yoast SEO plugin. -->","yoast_head_json":{"title":"\"100 Giorni da Leoni\" fa tappa a Longarone: riflettori accesi sui grandi misteri del presente - Bellunopress - Dolomiti","robots":{"index":"index","follow":"follow","max-snippet":"max-snippet:-1","max-image-preview":"max-image-preview:large","max-video-preview":"max-video-preview:-1"},"canonical":"https:\/\/www.bellunopress.it\/fr\/2026\/03\/29\/100-giorni-da-leoni-fa-tappa-a-longarone-riflettori-accesi-sui-grandi-misteri-del-presente\/","og_locale":"fr_FR","og_type":"article","og_title":"\"100 Giorni da Leoni\" fa tappa a Longarone: riflettori accesi sui grandi misteri del presente - Bellunopress - Dolomiti","og_description":"Longarone, 29 marzo 2026 &#8211; E&#8217; stato un incontro poliedrico quello di questa domenica pomeriggio al Centro culturale &#8220;Ferruccio Parri&#8221; a Longarone (Bl), organizzato da &#8220;100 Giorni da Leoni&#8221; per la libera informazione. &#8216;Iran, Epstein e il futuro dell&#8217;Italia&#8217; questo il titolo, vari i relatori: Franco Del Moro, Riccardo Rocchesso, Francesca Salvador e l&#8217;atteso Giorgio [&hellip;]","og_url":"https:\/\/www.bellunopress.it\/fr\/2026\/03\/29\/100-giorni-da-leoni-fa-tappa-a-longarone-riflettori-accesi-sui-grandi-misteri-del-presente\/","og_site_name":"Bellunopress - Dolomiti","article_publisher":"https:\/\/www.facebook.com\/profile.php?id=100008943462799","article_published_time":"2026-03-29T20:06:48+00:00","article_modified_time":"2026-03-30T08:45:28+00:00","og_image":[{"width":600,"height":301,"url":"https:\/\/www.bellunopress.it\/wp-content\/uploads\/2026\/03\/relatori-convegno-Longarone.jpg","type":"image\/jpeg"}],"author":"redazione","twitter_card":"summary_large_image","twitter_creator":"@bellunopress","twitter_site":"@bellunopress","twitter_misc":{"\u00c9crit par":"redazione","Dur\u00e9e de lecture estim\u00e9e":"2 minutes"},"schema":{"@context":"https:\/\/schema.org","@graph":[{"@type":"Article","@id":"https:\/\/www.bellunopress.it\/2026\/03\/29\/100-giorni-da-leoni-fa-tappa-a-longarone-riflettori-accesi-sui-grandi-misteri-del-presente\/#article","isPartOf":{"@id":"https:\/\/www.bellunopress.it\/2026\/03\/29\/100-giorni-da-leoni-fa-tappa-a-longarone-riflettori-accesi-sui-grandi-misteri-del-presente\/"},"author":{"name":"redazione","@id":"https:\/\/www.bellunopress.it\/#\/schema\/person\/79bb06722b37ece1c03d3e94beb30d73"},"headline":"&#8220;100 Giorni da Leoni&#8221; fa tappa a Longarone: riflettori accesi sui grandi misteri del presente","datePublished":"2026-03-29T20:06:48+00:00","dateModified":"2026-03-30T08:45:28+00:00","mainEntityOfPage":{"@id":"https:\/\/www.bellunopress.it\/2026\/03\/29\/100-giorni-da-leoni-fa-tappa-a-longarone-riflettori-accesi-sui-grandi-misteri-del-presente\/"},"wordCount":516,"publisher":{"@id":"https:\/\/www.bellunopress.it\/#organization"},"image":{"@id":"https:\/\/www.bellunopress.it\/2026\/03\/29\/100-giorni-da-leoni-fa-tappa-a-longarone-riflettori-accesi-sui-grandi-misteri-del-presente\/#primaryimage"},"thumbnailUrl":"https:\/\/www.bellunopress.it\/wp-content\/uploads\/2026\/03\/relatori-convegno-Longarone.jpg","articleSection":["Cronaca\/Politica","Featured","Prima Pagina"],"inLanguage":"fr-FR"},{"@type":"WebPage","@id":"https:\/\/www.bellunopress.it\/2026\/03\/29\/100-giorni-da-leoni-fa-tappa-a-longarone-riflettori-accesi-sui-grandi-misteri-del-presente\/","url":"https:\/\/www.bellunopress.it\/2026\/03\/29\/100-giorni-da-leoni-fa-tappa-a-longarone-riflettori-accesi-sui-grandi-misteri-del-presente\/","name":"\"100 Giorni da Leoni\" fa tappa a Longarone: riflettori accesi sui grandi misteri del presente - Bellunopress - Dolomiti","isPartOf":{"@id":"https:\/\/www.bellunopress.it\/#website"},"primaryImageOfPage":{"@id":"https:\/\/www.bellunopress.it\/2026\/03\/29\/100-giorni-da-leoni-fa-tappa-a-longarone-riflettori-accesi-sui-grandi-misteri-del-presente\/#primaryimage"},"image":{"@id":"https:\/\/www.bellunopress.it\/2026\/03\/29\/100-giorni-da-leoni-fa-tappa-a-longarone-riflettori-accesi-sui-grandi-misteri-del-presente\/#primaryimage"},"thumbnailUrl":"https:\/\/www.bellunopress.it\/wp-content\/uploads\/2026\/03\/relatori-convegno-Longarone.jpg","datePublished":"2026-03-29T20:06:48+00:00","dateModified":"2026-03-30T08:45:28+00:00","breadcrumb":{"@id":"https:\/\/www.bellunopress.it\/2026\/03\/29\/100-giorni-da-leoni-fa-tappa-a-longarone-riflettori-accesi-sui-grandi-misteri-del-presente\/#breadcrumb"},"inLanguage":"fr-FR","potentialAction":[{"@type":"ReadAction","target":["https:\/\/www.bellunopress.it\/2026\/03\/29\/100-giorni-da-leoni-fa-tappa-a-longarone-riflettori-accesi-sui-grandi-misteri-del-presente\/"]}]},{"@type":"ImageObject","inLanguage":"fr-FR","@id":"https:\/\/www.bellunopress.it\/2026\/03\/29\/100-giorni-da-leoni-fa-tappa-a-longarone-riflettori-accesi-sui-grandi-misteri-del-presente\/#primaryimage","url":"https:\/\/www.bellunopress.it\/wp-content\/uploads\/2026\/03\/relatori-convegno-Longarone.jpg","contentUrl":"https:\/\/www.bellunopress.it\/wp-content\/uploads\/2026\/03\/relatori-convegno-Longarone.jpg","width":600,"height":301,"caption":"I relatori dell'incontro"},{"@type":"BreadcrumbList","@id":"https:\/\/www.bellunopress.it\/2026\/03\/29\/100-giorni-da-leoni-fa-tappa-a-longarone-riflettori-accesi-sui-grandi-misteri-del-presente\/#breadcrumb","itemListElement":[{"@type":"ListItem","position":1,"name":"Home","item":"https:\/\/www.bellunopress.it\/"},{"@type":"ListItem","position":2,"name":"&#8220;100 Giorni da Leoni&#8221; fa tappa a Longarone: riflettori accesi sui grandi misteri del presente"}]},{"@type":"WebSite","@id":"https:\/\/www.bellunopress.it\/#website","url":"https:\/\/www.bellunopress.it\/","name":"Bellunopress - Dolomiti","description":"e-mail: redazione@bellunopress.it","publisher":{"@id":"https:\/\/www.bellunopress.it\/#organization"},"potentialAction":[{"@type":"SearchAction","target":{"@type":"EntryPoint","urlTemplate":"https:\/\/www.bellunopress.it\/?s={search_term_string}"},"query-input":{"@type":"PropertyValueSpecification","valueRequired":true,"valueName":"search_term_string"}}],"inLanguage":"fr-FR"},{"@type":"Organization","@id":"https:\/\/www.bellunopress.it\/#organization","name":"Bellunopress","url":"https:\/\/www.bellunopress.it\/","logo":{"@type":"ImageObject","inLanguage":"fr-FR","@id":"https:\/\/www.bellunopress.it\/#\/schema\/logo\/image\/","url":"https:\/\/www.bellunopress.it\/wp-content\/uploads\/2011\/05\/cropped-logo-bellunopress-.jpg","contentUrl":"https:\/\/www.bellunopress.it\/wp-content\/uploads\/2011\/05\/cropped-logo-bellunopress-.jpg","width":512,"height":512,"caption":"Bellunopress"},"image":{"@id":"https:\/\/www.bellunopress.it\/#\/schema\/logo\/image\/"},"sameAs":["https:\/\/www.facebook.com\/profile.php?id=100008943462799","https:\/\/x.com\/bellunopress","https:\/\/www.linkedin.com\/hp\/?dnr=JBzUWaJfMUw8vbXJJ2tVW5-I3jZKvC4wsoxE&amp;amp;amp;amp;amp;amp;trk=nav_responsive_tab_home","https:\/\/www.youtube.com\/channel\/UCxL0wu1uN0_3_7hGG0306cw"]},{"@type":"Person","@id":"https:\/\/www.bellunopress.it\/#\/schema\/person\/79bb06722b37ece1c03d3e94beb30d73","name":"r\u00e9daction","image":{"@type":"ImageObject","inLanguage":"fr-FR","@id":"https:\/\/secure.gravatar.com\/avatar\/37d968a2e67a6fd04c169c4bdef102d0bc5d31b2546345219e348575eb80e9a0?s=96&d=mm&r=g","url":"https:\/\/secure.gravatar.com\/avatar\/37d968a2e67a6fd04c169c4bdef102d0bc5d31b2546345219e348575eb80e9a0?s=96&d=mm&r=g","contentUrl":"https:\/\/secure.gravatar.com\/avatar\/37d968a2e67a6fd04c169c4bdef102d0bc5d31b2546345219e348575eb80e9a0?s=96&d=mm&r=g","caption":"redazione"},"sameAs":["http:\/\/www.bellunopress.it","https:\/\/x.com\/bellunopress"],"url":"https:\/\/www.bellunopress.it\/fr\/author\/redazione\/"}]}},"_links":{"self":[{"href":"https:\/\/www.bellunopress.it\/fr\/wp-json\/wp\/v2\/posts\/168610","targetHints":{"allow":["GET"]}}],"collection":[{"href":"https:\/\/www.bellunopress.it\/fr\/wp-json\/wp\/v2\/posts"}],"about":[{"href":"https:\/\/www.bellunopress.it\/fr\/wp-json\/wp\/v2\/types\/post"}],"author":[{"embeddable":true,"href":"https:\/\/www.bellunopress.it\/fr\/wp-json\/wp\/v2\/users\/2"}],"replies":[{"embeddable":true,"href":"https:\/\/www.bellunopress.it\/fr\/wp-json\/wp\/v2\/comments?post=168610"}],"version-history":[{"count":1,"href":"https:\/\/www.bellunopress.it\/fr\/wp-json\/wp\/v2\/posts\/168610\/revisions"}],"predecessor-version":[{"id":168612,"href":"https:\/\/www.bellunopress.it\/fr\/wp-json\/wp\/v2\/posts\/168610\/revisions\/168612"}],"wp:featuredmedia":[{"embeddable":true,"href":"https:\/\/www.bellunopress.it\/fr\/wp-json\/wp\/v2\/media\/168611"}],"wp:attachment":[{"href":"https:\/\/www.bellunopress.it\/fr\/wp-json\/wp\/v2\/media?parent=168610"}],"wp:term":[{"taxonomy":"category","embeddable":true,"href":"https:\/\/www.bellunopress.it\/fr\/wp-json\/wp\/v2\/categories?post=168610"},{"taxonomy":"post_tag","embeddable":true,"href":"https:\/\/www.bellunopress.it\/fr\/wp-json\/wp\/v2\/tags?post=168610"}],"curies":[{"name":"wp","href":"https:\/\/api.w.org\/{rel}","templated":true}]}}