{"id":168584,"date":"2026-03-28T14:53:40","date_gmt":"2026-03-28T13:53:40","guid":{"rendered":"https:\/\/www.bellunopress.it\/?p=168584"},"modified":"2026-03-28T14:53:40","modified_gmt":"2026-03-28T13:53:40","slug":"belluno-interrogazione-sul-billancio-olimpiadi-milano-cortina-2026","status":"publish","type":"post","link":"https:\/\/www.bellunopress.it\/fr\/2026\/03\/28\/belluno-interrogazione-sul-billancio-olimpiadi-milano-cortina-2026\/","title":{"rendered":"Belluno. Interrogazione sul billancio Olimpiadi Milano-Cortina 2026\u00a0"},"content":{"rendered":"<p>Belluno, 28\/03\/2026 &#8211; La risposta congiunta del sindaco Oscar De Pellegrin, dell\u2019assessore allo sport Monica Mazzoccoli e dell\u2019assessore al turismo Paolo Luciani all\u2019interrogazione presentata dalla consigliera di Insieme per Belluno Bene Comune Ilenia Bavasso in merito agli eventi dedicati dall\u2019Amministrazione ai Giochi olimpici e paralimpici, alla risposta dei cittadini e al ruolo, nelle attivit\u00e0 di promozione dei Giochi, del Nevegal.<\/p>\n<p><strong>Risposta l\u2019assessore Mazzoccoli<\/strong><br \/>\nAbbiamo ribadito, anche tramite gli organi si stampa e tv locali, proprio di recente (ma anche nel corso del tempo con parecchia comunicazione sulle iniziative) che le attivit\u00e0 collegate alle Olimpiadi sono iniziate ad ottobre 2023 con una prima mostra fotografica sulle Paralimpiadi. In questi 3 anni si sono susseguiti progetti per le scuole (sfilate, concerto ed esposizione artistiche nelle vetrine del centro), cineforum dedicati, open day di diverse discipline sportive, esposizione di bandiere e banner sulle vie d\u2019accesso alla Citt\u00e0, posizionamento degli Spectaculars, iniziative per le scuole con ospiti atleti olimpionici, collaborazioni con enti vari nella realizzazione di eventi e infine il finanziamento ricevuto da DMO, correlato ad un pacchetto\/progetto preconfezionato che prevedeva tutto ci\u00f2 che sappiamo (se ne \u00e8 parlato nello scorso Consiglio) per le piazze di Belluno, Feltre e Pieve di Cadore, senza possibilit\u00e0 di personalizzazioni.<\/p>\n<p>In merito al numero di spettatori presso il maxi schermo cittadino, \u00e8 doveroso fare una precisazione sulla natura dell&#8217;iniziativa:<br \/>\n\u2022 L&#8217;installazione non \u00e8 mai stata concepita come un evento a numero chiuso con prenotazione o tornelli, n\u00e9 a Belluno e n\u00e9 in altre piazze; l&#8217;accesso era libero per cittadini, scuole e associazioni. Sono state invitate le scuole con comunicazione all\u2019Ufficio scolastico provinciale (ex provveditorato) e i \u201clive site\u201d sono stati ampiamente promossi tramite stampa, tv e radio locali, canali social del Comune. Pertanto, vista la natura dell\u2019iniziativa, non esiste e non \u00e8 mai stato previsto un &#8220;conta persone&#8221;. L\u2019iniziativa comunque \u00e8 stata apprezzata e sono giunti feedback positivi dai cittadini.<\/p>\n<p>\u2022 La finalit\u00e0: I maxi schermi sono concepiti come strumenti di aggregazione sociale e, in questo caso, promozione dell&#8217;identit\u00e0 olimpica. Si \u00e8 offerta alla cittadinanza la possibilit\u00e0 di vivere i Giochi in piazza trasformando un evento mediatico in un&#8217;esperienza collettiva.<br \/>\n\u2022 L&#8217;affluenza: Il pubblico ha risposto chiaramente in modo variabile a seconda delle discipline, degli orari e del meteo! Come esempio di grande successo si pu\u00f2 menzionare la giornata di domenica 15 febbraio, quando un nutrito gruppo di cittadini ha esultato in piazza per la medaglia d&#8217;oro di Federica Brignone nello slalom gigante, sia nel 1\u00b0 appuntamento delle 10:00 che nel 2\u00b0 appuntamento delle 13:30. Risulta evidente che gare di breve durata e alta tensione agonistica abbiano attratto picchi di pubblico pi\u00f9 alti.<\/p>\n<p><strong>Risposta dell\u2019assessore Luciani<\/strong><br \/>\nPer quanto riguarda il quesito riguardante il riscontro turistico e i benefici per le attivit\u00e0 economiche, pur non disponendo ancora di dati definitivi questa Amministrazione ha analizzato i dati messi a disposizione dal Sistema Statistico Regionale. Questi evidenziano, nel solo mese di gennaio, ovvero l&#8217;unico oggi a nostra disposizione come riscontrabile al sito, che gli arrivi sono passati da 3538 a 4040 mentre le presenze da 9156 a 10683. Dati che ci lasciano ben sperare per le successive mensilit\u00e0 di febbraio e marzo, per altro sostenute dalle recenti dichiarazioni di Federalberghi e di altre categorie di settore relative alla prossima stagione estiva, le quali confermano l&#8217;effettiva legacy del fenomeno olimpico.<\/p>\n<p><strong>Risposta del sindaco Oscar De Pellegrin<\/strong><br \/>\nSeguendo il tema della legacy sottolineiamo due elementi che sono il risultato del lavoro compiuto dall\u2019Amministrazione sull\u2019onda dei Giochi. \u00c8 stata avviata una intensa collaborazione con l\u2019Universit\u00e0 di Padova, con l\u2019AULSS n 1 e con il Comitato Italiano Paralimpico che ci porter\u00e0 a breve alla sottoscrizione di un protocollo d\u2019intesa per l\u2019avvio e la realizzazione del Centro Nazionale di Ricerca ed avviamento allo sport per persone con disabilit\u00e0 che ha gi\u00e0 ottenuto un primo finanziamento della Regione Veneto attraverso l\u2019AULSS 1. Il centro svilupper\u00e0 una serie di studi che vedranno coinvolta la societ\u00e0 che gestisce gli impianti del Nevegal per l\u2019utilizzo della pista sintetica, struttura indispensabile per gli accordi avviati. In secondo luogo, e sempre in Nevegal, verr\u00e0 realizzata un\u2019esposizione permanente di sci e in collaborazione con l\u2019Universit\u00e0 di Padova verranno sviluppati una serie di studi e approfondimenti sugli ausili tecnici utilizzati per gli sport invernali.<br \/>\nNaturalmente, dato che il Comune di Belluno non era tra le sedi ufficiali dei Giochi, non \u00e8 stato possibile organizzare eventi sportivi.<\/p>","protected":false},"excerpt":{"rendered":"<p>Belluno, 28\/03\/2026 &#8211; La risposta congiunta del sindaco Oscar De Pellegrin, dell\u2019assessore allo sport Monica Mazzoccoli e dell\u2019assessore al turismo Paolo Luciani all\u2019interrogazione presentata dalla consigliera di Insieme per Belluno Bene Comune Ilenia Bavasso in merito agli eventi dedicati dall\u2019Amministrazione ai Giochi olimpici e paralimpici, alla risposta dei cittadini e al ruolo, nelle attivit\u00e0 di [&hellip;]<\/p>\n","protected":false},"author":2,"featured_media":143335,"comment_status":"closed","ping_status":"open","sticky":false,"template":"","format":"standard","meta":{"footnotes":""},"categories":[5,26],"tags":[],"class_list":["post-168584","post","type-post","status-publish","format-standard","has-post-thumbnail","category-cronaca","category-prima-pagina"],"yoast_head":"<!-- This site is optimized with the Yoast SEO plugin v28.4 - https:\/\/yoast.com\/product\/yoast-seo-wordpress\/ -->\n<title>Belluno. Interrogazione sul billancio Olimpiadi Milano-Cortina 2026\u00a0 - Bellunopress - Dolomiti<\/title>\n<meta name=\"robots\" content=\"index, follow, max-snippet:-1, max-image-preview:large, max-video-preview:-1\" \/>\n<link rel=\"canonical\" href=\"https:\/\/www.bellunopress.it\/fr\/2026\/03\/28\/belluno-interrogazione-sul-billancio-olimpiadi-milano-cortina-2026\/\" \/>\n<meta property=\"og:locale\" content=\"fr_FR\" \/>\n<meta property=\"og:type\" content=\"article\" \/>\n<meta property=\"og:title\" content=\"Belluno. Interrogazione sul billancio Olimpiadi Milano-Cortina 2026\u00a0 - Bellunopress - Dolomiti\" \/>\n<meta property=\"og:description\" content=\"Belluno, 28\/03\/2026 &#8211; La risposta congiunta del sindaco Oscar De Pellegrin, dell\u2019assessore allo sport Monica Mazzoccoli e dell\u2019assessore al turismo Paolo Luciani all\u2019interrogazione presentata dalla consigliera di Insieme per Belluno Bene Comune Ilenia Bavasso in merito agli eventi dedicati dall\u2019Amministrazione ai Giochi olimpici e paralimpici, alla risposta dei cittadini e al ruolo, nelle attivit\u00e0 di [&hellip;]\" \/>\n<meta property=\"og:url\" content=\"https:\/\/www.bellunopress.it\/fr\/2026\/03\/28\/belluno-interrogazione-sul-billancio-olimpiadi-milano-cortina-2026\/\" \/>\n<meta property=\"og:site_name\" content=\"Bellunopress - Dolomiti\" \/>\n<meta property=\"article:publisher\" content=\"https:\/\/www.facebook.com\/profile.php?id=100008943462799\" \/>\n<meta property=\"article:published_time\" content=\"2026-03-28T13:53:40+00:00\" \/>\n<meta property=\"og:image\" content=\"https:\/\/www.bellunopress.it\/wp-content\/uploads\/2023\/08\/Monica-Mazzoccoli_edited.jpg\" \/>\n\t<meta property=\"og:image:width\" content=\"750\" \/>\n\t<meta property=\"og:image:height\" content=\"824\" \/>\n\t<meta property=\"og:image:type\" content=\"image\/jpeg\" \/>\n<meta name=\"author\" content=\"redazione\" \/>\n<meta name=\"twitter:card\" content=\"summary_large_image\" \/>\n<meta name=\"twitter:creator\" content=\"@bellunopress\" \/>\n<meta name=\"twitter:site\" content=\"@bellunopress\" \/>\n<meta name=\"twitter:label1\" content=\"\u00c9crit par\" \/>\n\t<meta name=\"twitter:data1\" content=\"redazione\" \/>\n\t<meta name=\"twitter:label2\" content=\"Dur\u00e9e de lecture estim\u00e9e\" \/>\n\t<meta name=\"twitter:data2\" content=\"4 minutes\" \/>\n<script type=\"application\/ld+json\" class=\"yoast-schema-graph\">{\"@context\":\"https:\\\/\\\/schema.org\",\"@graph\":[{\"@type\":\"Article\",\"@id\":\"https:\\\/\\\/www.bellunopress.it\\\/2026\\\/03\\\/28\\\/belluno-interrogazione-sul-billancio-olimpiadi-milano-cortina-2026\\\/#article\",\"isPartOf\":{\"@id\":\"https:\\\/\\\/www.bellunopress.it\\\/2026\\\/03\\\/28\\\/belluno-interrogazione-sul-billancio-olimpiadi-milano-cortina-2026\\\/\"},\"author\":{\"name\":\"redazione\",\"@id\":\"https:\\\/\\\/www.bellunopress.it\\\/#\\\/schema\\\/person\\\/79bb06722b37ece1c03d3e94beb30d73\"},\"headline\":\"Belluno. Interrogazione sul billancio Olimpiadi Milano-Cortina 2026\u00a0\",\"datePublished\":\"2026-03-28T13:53:40+00:00\",\"mainEntityOfPage\":{\"@id\":\"https:\\\/\\\/www.bellunopress.it\\\/2026\\\/03\\\/28\\\/belluno-interrogazione-sul-billancio-olimpiadi-milano-cortina-2026\\\/\"},\"wordCount\":733,\"publisher\":{\"@id\":\"https:\\\/\\\/www.bellunopress.it\\\/#organization\"},\"image\":{\"@id\":\"https:\\\/\\\/www.bellunopress.it\\\/2026\\\/03\\\/28\\\/belluno-interrogazione-sul-billancio-olimpiadi-milano-cortina-2026\\\/#primaryimage\"},\"thumbnailUrl\":\"https:\\\/\\\/www.bellunopress.it\\\/wp-content\\\/uploads\\\/2023\\\/08\\\/Monica-Mazzoccoli_edited.jpg\",\"articleSection\":[\"Cronaca\\\/Politica\",\"Prima Pagina\"],\"inLanguage\":\"fr-FR\"},{\"@type\":\"WebPage\",\"@id\":\"https:\\\/\\\/www.bellunopress.it\\\/2026\\\/03\\\/28\\\/belluno-interrogazione-sul-billancio-olimpiadi-milano-cortina-2026\\\/\",\"url\":\"https:\\\/\\\/www.bellunopress.it\\\/2026\\\/03\\\/28\\\/belluno-interrogazione-sul-billancio-olimpiadi-milano-cortina-2026\\\/\",\"name\":\"Belluno. Interrogazione sul billancio Olimpiadi Milano-Cortina 2026\u00a0 - Bellunopress - Dolomiti\",\"isPartOf\":{\"@id\":\"https:\\\/\\\/www.bellunopress.it\\\/#website\"},\"primaryImageOfPage\":{\"@id\":\"https:\\\/\\\/www.bellunopress.it\\\/2026\\\/03\\\/28\\\/belluno-interrogazione-sul-billancio-olimpiadi-milano-cortina-2026\\\/#primaryimage\"},\"image\":{\"@id\":\"https:\\\/\\\/www.bellunopress.it\\\/2026\\\/03\\\/28\\\/belluno-interrogazione-sul-billancio-olimpiadi-milano-cortina-2026\\\/#primaryimage\"},\"thumbnailUrl\":\"https:\\\/\\\/www.bellunopress.it\\\/wp-content\\\/uploads\\\/2023\\\/08\\\/Monica-Mazzoccoli_edited.jpg\",\"datePublished\":\"2026-03-28T13:53:40+00:00\",\"breadcrumb\":{\"@id\":\"https:\\\/\\\/www.bellunopress.it\\\/2026\\\/03\\\/28\\\/belluno-interrogazione-sul-billancio-olimpiadi-milano-cortina-2026\\\/#breadcrumb\"},\"inLanguage\":\"fr-FR\",\"potentialAction\":[{\"@type\":\"ReadAction\",\"target\":[\"https:\\\/\\\/www.bellunopress.it\\\/2026\\\/03\\\/28\\\/belluno-interrogazione-sul-billancio-olimpiadi-milano-cortina-2026\\\/\"]}]},{\"@type\":\"ImageObject\",\"inLanguage\":\"fr-FR\",\"@id\":\"https:\\\/\\\/www.bellunopress.it\\\/2026\\\/03\\\/28\\\/belluno-interrogazione-sul-billancio-olimpiadi-milano-cortina-2026\\\/#primaryimage\",\"url\":\"https:\\\/\\\/www.bellunopress.it\\\/wp-content\\\/uploads\\\/2023\\\/08\\\/Monica-Mazzoccoli_edited.jpg\",\"contentUrl\":\"https:\\\/\\\/www.bellunopress.it\\\/wp-content\\\/uploads\\\/2023\\\/08\\\/Monica-Mazzoccoli_edited.jpg\",\"width\":750,\"height\":824,\"caption\":\"Monica Mazzoccoli, assessora allo Sport del Comune di Belluno\"},{\"@type\":\"BreadcrumbList\",\"@id\":\"https:\\\/\\\/www.bellunopress.it\\\/2026\\\/03\\\/28\\\/belluno-interrogazione-sul-billancio-olimpiadi-milano-cortina-2026\\\/#breadcrumb\",\"itemListElement\":[{\"@type\":\"ListItem\",\"position\":1,\"name\":\"Home\",\"item\":\"https:\\\/\\\/www.bellunopress.it\\\/\"},{\"@type\":\"ListItem\",\"position\":2,\"name\":\"Belluno. Interrogazione sul billancio Olimpiadi Milano-Cortina 2026\u00a0\"}]},{\"@type\":\"WebSite\",\"@id\":\"https:\\\/\\\/www.bellunopress.it\\\/#website\",\"url\":\"https:\\\/\\\/www.bellunopress.it\\\/\",\"name\":\"Bellunopress - Dolomiti\",\"description\":\"e-mail: redazione@bellunopress.it\",\"publisher\":{\"@id\":\"https:\\\/\\\/www.bellunopress.it\\\/#organization\"},\"potentialAction\":[{\"@type\":\"SearchAction\",\"target\":{\"@type\":\"EntryPoint\",\"urlTemplate\":\"https:\\\/\\\/www.bellunopress.it\\\/?s={search_term_string}\"},\"query-input\":{\"@type\":\"PropertyValueSpecification\",\"valueRequired\":true,\"valueName\":\"search_term_string\"}}],\"inLanguage\":\"fr-FR\"},{\"@type\":\"Organization\",\"@id\":\"https:\\\/\\\/www.bellunopress.it\\\/#organization\",\"name\":\"Bellunopress\",\"url\":\"https:\\\/\\\/www.bellunopress.it\\\/\",\"logo\":{\"@type\":\"ImageObject\",\"inLanguage\":\"fr-FR\",\"@id\":\"https:\\\/\\\/www.bellunopress.it\\\/#\\\/schema\\\/logo\\\/image\\\/\",\"url\":\"https:\\\/\\\/www.bellunopress.it\\\/wp-content\\\/uploads\\\/2011\\\/05\\\/cropped-logo-bellunopress-.jpg\",\"contentUrl\":\"https:\\\/\\\/www.bellunopress.it\\\/wp-content\\\/uploads\\\/2011\\\/05\\\/cropped-logo-bellunopress-.jpg\",\"width\":512,\"height\":512,\"caption\":\"Bellunopress\"},\"image\":{\"@id\":\"https:\\\/\\\/www.bellunopress.it\\\/#\\\/schema\\\/logo\\\/image\\\/\"},\"sameAs\":[\"https:\\\/\\\/www.facebook.com\\\/profile.php?id=100008943462799\",\"https:\\\/\\\/x.com\\\/bellunopress\",\"https:\\\/\\\/www.linkedin.com\\\/hp\\\/?dnr=JBzUWaJfMUw8vbXJJ2tVW5-I3jZKvC4wsoxE&amp;amp;amp;amp;amp;amp;trk=nav_responsive_tab_home\",\"https:\\\/\\\/www.youtube.com\\\/channel\\\/UCxL0wu1uN0_3_7hGG0306cw\"]},{\"@type\":\"Person\",\"@id\":\"https:\\\/\\\/www.bellunopress.it\\\/#\\\/schema\\\/person\\\/79bb06722b37ece1c03d3e94beb30d73\",\"name\":\"redazione\",\"image\":{\"@type\":\"ImageObject\",\"inLanguage\":\"fr-FR\",\"@id\":\"https:\\\/\\\/secure.gravatar.com\\\/avatar\\\/37d968a2e67a6fd04c169c4bdef102d0bc5d31b2546345219e348575eb80e9a0?s=96&d=mm&r=g\",\"url\":\"https:\\\/\\\/secure.gravatar.com\\\/avatar\\\/37d968a2e67a6fd04c169c4bdef102d0bc5d31b2546345219e348575eb80e9a0?s=96&d=mm&r=g\",\"contentUrl\":\"https:\\\/\\\/secure.gravatar.com\\\/avatar\\\/37d968a2e67a6fd04c169c4bdef102d0bc5d31b2546345219e348575eb80e9a0?s=96&d=mm&r=g\",\"caption\":\"redazione\"},\"sameAs\":[\"http:\\\/\\\/www.bellunopress.it\",\"https:\\\/\\\/x.com\\\/bellunopress\"],\"url\":\"https:\\\/\\\/www.bellunopress.it\\\/fr\\\/author\\\/redazione\\\/\"}]}<\/script>\n<!-- \/ Yoast SEO plugin. -->","yoast_head_json":{"title":"Belluno. Interrogazione sul billancio Olimpiadi Milano-Cortina 2026\u00a0 - Bellunopress - Dolomiti","robots":{"index":"index","follow":"follow","max-snippet":"max-snippet:-1","max-image-preview":"max-image-preview:large","max-video-preview":"max-video-preview:-1"},"canonical":"https:\/\/www.bellunopress.it\/fr\/2026\/03\/28\/belluno-interrogazione-sul-billancio-olimpiadi-milano-cortina-2026\/","og_locale":"fr_FR","og_type":"article","og_title":"Belluno. Interrogazione sul billancio Olimpiadi Milano-Cortina 2026\u00a0 - Bellunopress - Dolomiti","og_description":"Belluno, 28\/03\/2026 &#8211; La risposta congiunta del sindaco Oscar De Pellegrin, dell\u2019assessore allo sport Monica Mazzoccoli e dell\u2019assessore al turismo Paolo Luciani all\u2019interrogazione presentata dalla consigliera di Insieme per Belluno Bene Comune Ilenia Bavasso in merito agli eventi dedicati dall\u2019Amministrazione ai Giochi olimpici e paralimpici, alla risposta dei cittadini e al ruolo, nelle attivit\u00e0 di [&hellip;]","og_url":"https:\/\/www.bellunopress.it\/fr\/2026\/03\/28\/belluno-interrogazione-sul-billancio-olimpiadi-milano-cortina-2026\/","og_site_name":"Bellunopress - Dolomiti","article_publisher":"https:\/\/www.facebook.com\/profile.php?id=100008943462799","article_published_time":"2026-03-28T13:53:40+00:00","og_image":[{"width":750,"height":824,"url":"https:\/\/www.bellunopress.it\/wp-content\/uploads\/2023\/08\/Monica-Mazzoccoli_edited.jpg","type":"image\/jpeg"}],"author":"redazione","twitter_card":"summary_large_image","twitter_creator":"@bellunopress","twitter_site":"@bellunopress","twitter_misc":{"\u00c9crit par":"redazione","Dur\u00e9e de lecture estim\u00e9e":"4 minutes"},"schema":{"@context":"https:\/\/schema.org","@graph":[{"@type":"Article","@id":"https:\/\/www.bellunopress.it\/2026\/03\/28\/belluno-interrogazione-sul-billancio-olimpiadi-milano-cortina-2026\/#article","isPartOf":{"@id":"https:\/\/www.bellunopress.it\/2026\/03\/28\/belluno-interrogazione-sul-billancio-olimpiadi-milano-cortina-2026\/"},"author":{"name":"redazione","@id":"https:\/\/www.bellunopress.it\/#\/schema\/person\/79bb06722b37ece1c03d3e94beb30d73"},"headline":"Belluno. Interrogazione sul billancio Olimpiadi Milano-Cortina 2026\u00a0","datePublished":"2026-03-28T13:53:40+00:00","mainEntityOfPage":{"@id":"https:\/\/www.bellunopress.it\/2026\/03\/28\/belluno-interrogazione-sul-billancio-olimpiadi-milano-cortina-2026\/"},"wordCount":733,"publisher":{"@id":"https:\/\/www.bellunopress.it\/#organization"},"image":{"@id":"https:\/\/www.bellunopress.it\/2026\/03\/28\/belluno-interrogazione-sul-billancio-olimpiadi-milano-cortina-2026\/#primaryimage"},"thumbnailUrl":"https:\/\/www.bellunopress.it\/wp-content\/uploads\/2023\/08\/Monica-Mazzoccoli_edited.jpg","articleSection":["Cronaca\/Politica","Prima Pagina"],"inLanguage":"fr-FR"},{"@type":"WebPage","@id":"https:\/\/www.bellunopress.it\/2026\/03\/28\/belluno-interrogazione-sul-billancio-olimpiadi-milano-cortina-2026\/","url":"https:\/\/www.bellunopress.it\/2026\/03\/28\/belluno-interrogazione-sul-billancio-olimpiadi-milano-cortina-2026\/","name":"Belluno. Interrogazione sul billancio Olimpiadi Milano-Cortina 2026\u00a0 - Bellunopress - Dolomiti","isPartOf":{"@id":"https:\/\/www.bellunopress.it\/#website"},"primaryImageOfPage":{"@id":"https:\/\/www.bellunopress.it\/2026\/03\/28\/belluno-interrogazione-sul-billancio-olimpiadi-milano-cortina-2026\/#primaryimage"},"image":{"@id":"https:\/\/www.bellunopress.it\/2026\/03\/28\/belluno-interrogazione-sul-billancio-olimpiadi-milano-cortina-2026\/#primaryimage"},"thumbnailUrl":"https:\/\/www.bellunopress.it\/wp-content\/uploads\/2023\/08\/Monica-Mazzoccoli_edited.jpg","datePublished":"2026-03-28T13:53:40+00:00","breadcrumb":{"@id":"https:\/\/www.bellunopress.it\/2026\/03\/28\/belluno-interrogazione-sul-billancio-olimpiadi-milano-cortina-2026\/#breadcrumb"},"inLanguage":"fr-FR","potentialAction":[{"@type":"ReadAction","target":["https:\/\/www.bellunopress.it\/2026\/03\/28\/belluno-interrogazione-sul-billancio-olimpiadi-milano-cortina-2026\/"]}]},{"@type":"ImageObject","inLanguage":"fr-FR","@id":"https:\/\/www.bellunopress.it\/2026\/03\/28\/belluno-interrogazione-sul-billancio-olimpiadi-milano-cortina-2026\/#primaryimage","url":"https:\/\/www.bellunopress.it\/wp-content\/uploads\/2023\/08\/Monica-Mazzoccoli_edited.jpg","contentUrl":"https:\/\/www.bellunopress.it\/wp-content\/uploads\/2023\/08\/Monica-Mazzoccoli_edited.jpg","width":750,"height":824,"caption":"Monica Mazzoccoli, assessora allo Sport del Comune di Belluno"},{"@type":"BreadcrumbList","@id":"https:\/\/www.bellunopress.it\/2026\/03\/28\/belluno-interrogazione-sul-billancio-olimpiadi-milano-cortina-2026\/#breadcrumb","itemListElement":[{"@type":"ListItem","position":1,"name":"Home","item":"https:\/\/www.bellunopress.it\/"},{"@type":"ListItem","position":2,"name":"Belluno. Interrogazione sul billancio Olimpiadi Milano-Cortina 2026\u00a0"}]},{"@type":"WebSite","@id":"https:\/\/www.bellunopress.it\/#website","url":"https:\/\/www.bellunopress.it\/","name":"Bellunopress - Dolomiti","description":"e-mail: redazione@bellunopress.it","publisher":{"@id":"https:\/\/www.bellunopress.it\/#organization"},"potentialAction":[{"@type":"SearchAction","target":{"@type":"EntryPoint","urlTemplate":"https:\/\/www.bellunopress.it\/?s={search_term_string}"},"query-input":{"@type":"PropertyValueSpecification","valueRequired":true,"valueName":"search_term_string"}}],"inLanguage":"fr-FR"},{"@type":"Organization","@id":"https:\/\/www.bellunopress.it\/#organization","name":"Bellunopress","url":"https:\/\/www.bellunopress.it\/","logo":{"@type":"ImageObject","inLanguage":"fr-FR","@id":"https:\/\/www.bellunopress.it\/#\/schema\/logo\/image\/","url":"https:\/\/www.bellunopress.it\/wp-content\/uploads\/2011\/05\/cropped-logo-bellunopress-.jpg","contentUrl":"https:\/\/www.bellunopress.it\/wp-content\/uploads\/2011\/05\/cropped-logo-bellunopress-.jpg","width":512,"height":512,"caption":"Bellunopress"},"image":{"@id":"https:\/\/www.bellunopress.it\/#\/schema\/logo\/image\/"},"sameAs":["https:\/\/www.facebook.com\/profile.php?id=100008943462799","https:\/\/x.com\/bellunopress","https:\/\/www.linkedin.com\/hp\/?dnr=JBzUWaJfMUw8vbXJJ2tVW5-I3jZKvC4wsoxE&amp;amp;amp;amp;amp;amp;trk=nav_responsive_tab_home","https:\/\/www.youtube.com\/channel\/UCxL0wu1uN0_3_7hGG0306cw"]},{"@type":"Person","@id":"https:\/\/www.bellunopress.it\/#\/schema\/person\/79bb06722b37ece1c03d3e94beb30d73","name":"r\u00e9daction","image":{"@type":"ImageObject","inLanguage":"fr-FR","@id":"https:\/\/secure.gravatar.com\/avatar\/37d968a2e67a6fd04c169c4bdef102d0bc5d31b2546345219e348575eb80e9a0?s=96&d=mm&r=g","url":"https:\/\/secure.gravatar.com\/avatar\/37d968a2e67a6fd04c169c4bdef102d0bc5d31b2546345219e348575eb80e9a0?s=96&d=mm&r=g","contentUrl":"https:\/\/secure.gravatar.com\/avatar\/37d968a2e67a6fd04c169c4bdef102d0bc5d31b2546345219e348575eb80e9a0?s=96&d=mm&r=g","caption":"redazione"},"sameAs":["http:\/\/www.bellunopress.it","https:\/\/x.com\/bellunopress"],"url":"https:\/\/www.bellunopress.it\/fr\/author\/redazione\/"}]}},"_links":{"self":[{"href":"https:\/\/www.bellunopress.it\/fr\/wp-json\/wp\/v2\/posts\/168584","targetHints":{"allow":["GET"]}}],"collection":[{"href":"https:\/\/www.bellunopress.it\/fr\/wp-json\/wp\/v2\/posts"}],"about":[{"href":"https:\/\/www.bellunopress.it\/fr\/wp-json\/wp\/v2\/types\/post"}],"author":[{"embeddable":true,"href":"https:\/\/www.bellunopress.it\/fr\/wp-json\/wp\/v2\/users\/2"}],"replies":[{"embeddable":true,"href":"https:\/\/www.bellunopress.it\/fr\/wp-json\/wp\/v2\/comments?post=168584"}],"version-history":[{"count":1,"href":"https:\/\/www.bellunopress.it\/fr\/wp-json\/wp\/v2\/posts\/168584\/revisions"}],"predecessor-version":[{"id":168585,"href":"https:\/\/www.bellunopress.it\/fr\/wp-json\/wp\/v2\/posts\/168584\/revisions\/168585"}],"wp:featuredmedia":[{"embeddable":true,"href":"https:\/\/www.bellunopress.it\/fr\/wp-json\/wp\/v2\/media\/143335"}],"wp:attachment":[{"href":"https:\/\/www.bellunopress.it\/fr\/wp-json\/wp\/v2\/media?parent=168584"}],"wp:term":[{"taxonomy":"category","embeddable":true,"href":"https:\/\/www.bellunopress.it\/fr\/wp-json\/wp\/v2\/categories?post=168584"},{"taxonomy":"post_tag","embeddable":true,"href":"https:\/\/www.bellunopress.it\/fr\/wp-json\/wp\/v2\/tags?post=168584"}],"curies":[{"name":"wp","href":"https:\/\/api.w.org\/{rel}","templated":true}]}}