{"id":168580,"date":"2026-03-28T14:27:34","date_gmt":"2026-03-28T13:27:34","guid":{"rendered":"https:\/\/www.bellunopress.it\/?p=168580"},"modified":"2026-03-28T14:27:34","modified_gmt":"2026-03-28T13:27:34","slug":"blitz-antidroga-e-controlli-nel-bellunese-dai-banchi-di-scuola-al-carcere","status":"publish","type":"post","link":"https:\/\/www.bellunopress.it\/fr\/2026\/03\/28\/blitz-antidroga-e-controlli-nel-bellunese-dai-banchi-di-scuola-al-carcere\/","title":{"rendered":"Blitz antidroga e controlli nel Bellunese: dai banchi di scuola al carcere"},"content":{"rendered":"<p>Belluno, 28\/03\/2026 \u2013 Prosegue l\u2019offensiva dei Carabinieri della Compagnia di Belluno contro lo spaccio e il consumo di stupefacenti. Nelle ultime 48 ore, un\u2019operazione a vasto raggio ha interessato il capoluogo e l\u2019Agordino, portando a denunce, segnalazioni e un arresto in esecuzione di misura cautelare.<\/p>\n<p>L\u2019attivit\u00e0 \u00e8 entrata nel vivo nella serata del 26 marzo. Durante un servizio di pattugliamento mirato della Sezione Radiomobile, i militari hanno fermato per un controllo un 22enne italiano residente nel Feltrino. Il giovane \u00e8 stato trovato in possesso di un quantitativo di hashish, ma a preoccupare i militari \u00e8 stato soprattutto il ritrovamento di armi bianche: un coltello a serramanico e una lama seghettata priva di manico. Per il ragazzo \u00e8 scattata la denuncia a piede libero per porto ingiustificato di oggetti atti a offendere, oltre alla segnalazione in Prefettura come assuntore di droga.<\/p>\n<p>Parallelamente, l\u2019Arma ha confermato il proprio impegno sul fronte della prevenzione giovanile. I Carabinieri della Stazione di Agordo, supportati dall\u2019unit\u00e0 cinofila di Torreglia (PD), hanno fatto visita all\u2019Istituto d\u2019Istruzione Superiore \u201cFollador-De Rossi\u201d.<\/p>\n<p>Sotto gli occhi curiosi degli studenti, il cane Zico ha setacciato le aule, individuando uno spinello di hashish all\u2019interno dello zaino di una studentessa maggiorenne. La giovane \u00e8 stata segnalata alla Prefettura. L&#8217;operazione, spiegano dal Comando, non mira solo alla repressione, ma a consolidare quel legame di fiducia tra istituzioni scolastiche e Forze dell&#8217;Ordine necessario per sensibilizzare i ragazzi sui rischi legati alle dipendenze.<\/p>\n<p>L\u2019ultimo intervento di rilievo \u00e8 avvenuto nella serata di ieri, 27 marzo, quando i militari della Stazione di Belluno hanno rintracciato un cittadino libico di 49 anni. L\u2019uomo stava scontando nel capoluogo una condanna ai domiciliari (1 anno e 8 mesi per lesioni personali aggravate commesse a Napoli), ma il G.I.P. del Tribunale partenopeo ha disposto l&#8217;aggravamento della misura. I Carabinieri hanno quindi prelevato il 49enne, traducendolo direttamente presso la Casa Circondariale di Belluno.<\/p>\n<p>&#8220;L&#8217;attivit\u00e0 di presidio del territorio \u2014 sottolineano dall&#8217;Arma \u2014 resta costante per garantire la sicurezza dei cittadini e contrastare attivamente il degrado legato al mercato degli stupefacenti.&#8221;<\/p>","protected":false},"excerpt":{"rendered":"<p>Belluno, 28\/03\/2026 \u2013 Prosegue l\u2019offensiva dei Carabinieri della Compagnia di Belluno contro lo spaccio e il consumo di stupefacenti. Nelle ultime 48 ore, un\u2019operazione a vasto raggio ha interessato il capoluogo e l\u2019Agordino, portando a denunce, segnalazioni e un arresto in esecuzione di misura cautelare. L\u2019attivit\u00e0 \u00e8 entrata nel vivo nella serata del 26 marzo. [&hellip;]<\/p>\n","protected":false},"author":2,"featured_media":168581,"comment_status":"closed","ping_status":"open","sticky":false,"template":"","format":"standard","meta":{"footnotes":""},"categories":[5,26],"tags":[],"class_list":["post-168580","post","type-post","status-publish","format-standard","has-post-thumbnail","category-cronaca","category-prima-pagina"],"yoast_head":"<!-- This site is optimized with the Yoast SEO plugin v28.4 - https:\/\/yoast.com\/product\/yoast-seo-wordpress\/ -->\n<title>Blitz antidroga e controlli nel Bellunese: dai banchi di scuola al carcere - Bellunopress - Dolomiti<\/title>\n<meta name=\"robots\" content=\"index, follow, max-snippet:-1, max-image-preview:large, max-video-preview:-1\" \/>\n<link rel=\"canonical\" href=\"https:\/\/www.bellunopress.it\/fr\/2026\/03\/28\/blitz-antidroga-e-controlli-nel-bellunese-dai-banchi-di-scuola-al-carcere\/\" \/>\n<meta property=\"og:locale\" content=\"fr_FR\" \/>\n<meta property=\"og:type\" content=\"article\" \/>\n<meta property=\"og:title\" content=\"Blitz antidroga e controlli nel Bellunese: dai banchi di scuola al carcere - Bellunopress - Dolomiti\" \/>\n<meta property=\"og:description\" content=\"Belluno, 28\/03\/2026 \u2013 Prosegue l\u2019offensiva dei Carabinieri della Compagnia di Belluno contro lo spaccio e il consumo di stupefacenti. Nelle ultime 48 ore, un\u2019operazione a vasto raggio ha interessato il capoluogo e l\u2019Agordino, portando a denunce, segnalazioni e un arresto in esecuzione di misura cautelare. L\u2019attivit\u00e0 \u00e8 entrata nel vivo nella serata del 26 marzo. [&hellip;]\" \/>\n<meta property=\"og:url\" content=\"https:\/\/www.bellunopress.it\/fr\/2026\/03\/28\/blitz-antidroga-e-controlli-nel-bellunese-dai-banchi-di-scuola-al-carcere\/\" \/>\n<meta property=\"og:site_name\" content=\"Bellunopress - Dolomiti\" \/>\n<meta property=\"article:publisher\" content=\"https:\/\/www.facebook.com\/profile.php?id=100008943462799\" \/>\n<meta property=\"article:published_time\" content=\"2026-03-28T13:27:34+00:00\" \/>\n<meta property=\"og:image\" content=\"https:\/\/www.bellunopress.it\/wp-content\/uploads\/2026\/03\/cafrabinieri-cane-antidroga-zico.jpg\" \/>\n\t<meta property=\"og:image:width\" content=\"641\" \/>\n\t<meta property=\"og:image:height\" content=\"428\" \/>\n\t<meta property=\"og:image:type\" content=\"image\/jpeg\" \/>\n<meta name=\"author\" content=\"redazione\" \/>\n<meta name=\"twitter:card\" content=\"summary_large_image\" \/>\n<meta name=\"twitter:creator\" content=\"@bellunopress\" \/>\n<meta name=\"twitter:site\" content=\"@bellunopress\" \/>\n<meta name=\"twitter:label1\" content=\"\u00c9crit par\" \/>\n\t<meta name=\"twitter:data1\" content=\"redazione\" \/>\n\t<meta name=\"twitter:label2\" content=\"Dur\u00e9e de lecture estim\u00e9e\" \/>\n\t<meta name=\"twitter:data2\" content=\"2 minutes\" \/>\n<script type=\"application\/ld+json\" class=\"yoast-schema-graph\">{\"@context\":\"https:\\\/\\\/schema.org\",\"@graph\":[{\"@type\":\"Article\",\"@id\":\"https:\\\/\\\/www.bellunopress.it\\\/2026\\\/03\\\/28\\\/blitz-antidroga-e-controlli-nel-bellunese-dai-banchi-di-scuola-al-carcere\\\/#article\",\"isPartOf\":{\"@id\":\"https:\\\/\\\/www.bellunopress.it\\\/2026\\\/03\\\/28\\\/blitz-antidroga-e-controlli-nel-bellunese-dai-banchi-di-scuola-al-carcere\\\/\"},\"author\":{\"name\":\"redazione\",\"@id\":\"https:\\\/\\\/www.bellunopress.it\\\/#\\\/schema\\\/person\\\/79bb06722b37ece1c03d3e94beb30d73\"},\"headline\":\"Blitz antidroga e controlli nel Bellunese: dai banchi di scuola al carcere\",\"datePublished\":\"2026-03-28T13:27:34+00:00\",\"mainEntityOfPage\":{\"@id\":\"https:\\\/\\\/www.bellunopress.it\\\/2026\\\/03\\\/28\\\/blitz-antidroga-e-controlli-nel-bellunese-dai-banchi-di-scuola-al-carcere\\\/\"},\"wordCount\":351,\"publisher\":{\"@id\":\"https:\\\/\\\/www.bellunopress.it\\\/#organization\"},\"image\":{\"@id\":\"https:\\\/\\\/www.bellunopress.it\\\/2026\\\/03\\\/28\\\/blitz-antidroga-e-controlli-nel-bellunese-dai-banchi-di-scuola-al-carcere\\\/#primaryimage\"},\"thumbnailUrl\":\"https:\\\/\\\/www.bellunopress.it\\\/wp-content\\\/uploads\\\/2026\\\/03\\\/cafrabinieri-cane-antidroga-zico.jpg\",\"articleSection\":[\"Cronaca\\\/Politica\",\"Prima Pagina\"],\"inLanguage\":\"fr-FR\"},{\"@type\":\"WebPage\",\"@id\":\"https:\\\/\\\/www.bellunopress.it\\\/2026\\\/03\\\/28\\\/blitz-antidroga-e-controlli-nel-bellunese-dai-banchi-di-scuola-al-carcere\\\/\",\"url\":\"https:\\\/\\\/www.bellunopress.it\\\/2026\\\/03\\\/28\\\/blitz-antidroga-e-controlli-nel-bellunese-dai-banchi-di-scuola-al-carcere\\\/\",\"name\":\"Blitz antidroga e controlli nel Bellunese: dai banchi di scuola al carcere - Bellunopress - Dolomiti\",\"isPartOf\":{\"@id\":\"https:\\\/\\\/www.bellunopress.it\\\/#website\"},\"primaryImageOfPage\":{\"@id\":\"https:\\\/\\\/www.bellunopress.it\\\/2026\\\/03\\\/28\\\/blitz-antidroga-e-controlli-nel-bellunese-dai-banchi-di-scuola-al-carcere\\\/#primaryimage\"},\"image\":{\"@id\":\"https:\\\/\\\/www.bellunopress.it\\\/2026\\\/03\\\/28\\\/blitz-antidroga-e-controlli-nel-bellunese-dai-banchi-di-scuola-al-carcere\\\/#primaryimage\"},\"thumbnailUrl\":\"https:\\\/\\\/www.bellunopress.it\\\/wp-content\\\/uploads\\\/2026\\\/03\\\/cafrabinieri-cane-antidroga-zico.jpg\",\"datePublished\":\"2026-03-28T13:27:34+00:00\",\"breadcrumb\":{\"@id\":\"https:\\\/\\\/www.bellunopress.it\\\/2026\\\/03\\\/28\\\/blitz-antidroga-e-controlli-nel-bellunese-dai-banchi-di-scuola-al-carcere\\\/#breadcrumb\"},\"inLanguage\":\"fr-FR\",\"potentialAction\":[{\"@type\":\"ReadAction\",\"target\":[\"https:\\\/\\\/www.bellunopress.it\\\/2026\\\/03\\\/28\\\/blitz-antidroga-e-controlli-nel-bellunese-dai-banchi-di-scuola-al-carcere\\\/\"]}]},{\"@type\":\"ImageObject\",\"inLanguage\":\"fr-FR\",\"@id\":\"https:\\\/\\\/www.bellunopress.it\\\/2026\\\/03\\\/28\\\/blitz-antidroga-e-controlli-nel-bellunese-dai-banchi-di-scuola-al-carcere\\\/#primaryimage\",\"url\":\"https:\\\/\\\/www.bellunopress.it\\\/wp-content\\\/uploads\\\/2026\\\/03\\\/cafrabinieri-cane-antidroga-zico.jpg\",\"contentUrl\":\"https:\\\/\\\/www.bellunopress.it\\\/wp-content\\\/uploads\\\/2026\\\/03\\\/cafrabinieri-cane-antidroga-zico.jpg\",\"width\":641,\"height\":428},{\"@type\":\"BreadcrumbList\",\"@id\":\"https:\\\/\\\/www.bellunopress.it\\\/2026\\\/03\\\/28\\\/blitz-antidroga-e-controlli-nel-bellunese-dai-banchi-di-scuola-al-carcere\\\/#breadcrumb\",\"itemListElement\":[{\"@type\":\"ListItem\",\"position\":1,\"name\":\"Home\",\"item\":\"https:\\\/\\\/www.bellunopress.it\\\/\"},{\"@type\":\"ListItem\",\"position\":2,\"name\":\"Blitz antidroga e controlli nel Bellunese: dai banchi di scuola al carcere\"}]},{\"@type\":\"WebSite\",\"@id\":\"https:\\\/\\\/www.bellunopress.it\\\/#website\",\"url\":\"https:\\\/\\\/www.bellunopress.it\\\/\",\"name\":\"Bellunopress - Dolomiti\",\"description\":\"e-mail: redazione@bellunopress.it\",\"publisher\":{\"@id\":\"https:\\\/\\\/www.bellunopress.it\\\/#organization\"},\"potentialAction\":[{\"@type\":\"SearchAction\",\"target\":{\"@type\":\"EntryPoint\",\"urlTemplate\":\"https:\\\/\\\/www.bellunopress.it\\\/?s={search_term_string}\"},\"query-input\":{\"@type\":\"PropertyValueSpecification\",\"valueRequired\":true,\"valueName\":\"search_term_string\"}}],\"inLanguage\":\"fr-FR\"},{\"@type\":\"Organization\",\"@id\":\"https:\\\/\\\/www.bellunopress.it\\\/#organization\",\"name\":\"Bellunopress\",\"url\":\"https:\\\/\\\/www.bellunopress.it\\\/\",\"logo\":{\"@type\":\"ImageObject\",\"inLanguage\":\"fr-FR\",\"@id\":\"https:\\\/\\\/www.bellunopress.it\\\/#\\\/schema\\\/logo\\\/image\\\/\",\"url\":\"https:\\\/\\\/www.bellunopress.it\\\/wp-content\\\/uploads\\\/2011\\\/05\\\/cropped-logo-bellunopress-.jpg\",\"contentUrl\":\"https:\\\/\\\/www.bellunopress.it\\\/wp-content\\\/uploads\\\/2011\\\/05\\\/cropped-logo-bellunopress-.jpg\",\"width\":512,\"height\":512,\"caption\":\"Bellunopress\"},\"image\":{\"@id\":\"https:\\\/\\\/www.bellunopress.it\\\/#\\\/schema\\\/logo\\\/image\\\/\"},\"sameAs\":[\"https:\\\/\\\/www.facebook.com\\\/profile.php?id=100008943462799\",\"https:\\\/\\\/x.com\\\/bellunopress\",\"https:\\\/\\\/www.linkedin.com\\\/hp\\\/?dnr=JBzUWaJfMUw8vbXJJ2tVW5-I3jZKvC4wsoxE&amp;amp;amp;amp;amp;amp;trk=nav_responsive_tab_home\",\"https:\\\/\\\/www.youtube.com\\\/channel\\\/UCxL0wu1uN0_3_7hGG0306cw\"]},{\"@type\":\"Person\",\"@id\":\"https:\\\/\\\/www.bellunopress.it\\\/#\\\/schema\\\/person\\\/79bb06722b37ece1c03d3e94beb30d73\",\"name\":\"redazione\",\"image\":{\"@type\":\"ImageObject\",\"inLanguage\":\"fr-FR\",\"@id\":\"https:\\\/\\\/secure.gravatar.com\\\/avatar\\\/37d968a2e67a6fd04c169c4bdef102d0bc5d31b2546345219e348575eb80e9a0?s=96&d=mm&r=g\",\"url\":\"https:\\\/\\\/secure.gravatar.com\\\/avatar\\\/37d968a2e67a6fd04c169c4bdef102d0bc5d31b2546345219e348575eb80e9a0?s=96&d=mm&r=g\",\"contentUrl\":\"https:\\\/\\\/secure.gravatar.com\\\/avatar\\\/37d968a2e67a6fd04c169c4bdef102d0bc5d31b2546345219e348575eb80e9a0?s=96&d=mm&r=g\",\"caption\":\"redazione\"},\"sameAs\":[\"http:\\\/\\\/www.bellunopress.it\",\"https:\\\/\\\/x.com\\\/bellunopress\"],\"url\":\"https:\\\/\\\/www.bellunopress.it\\\/fr\\\/author\\\/redazione\\\/\"}]}<\/script>\n<!-- \/ Yoast SEO plugin. -->","yoast_head_json":{"title":"Blitz antidroga e controlli nel Bellunese: dai banchi di scuola al carcere - Bellunopress - Dolomiti","robots":{"index":"index","follow":"follow","max-snippet":"max-snippet:-1","max-image-preview":"max-image-preview:large","max-video-preview":"max-video-preview:-1"},"canonical":"https:\/\/www.bellunopress.it\/fr\/2026\/03\/28\/blitz-antidroga-e-controlli-nel-bellunese-dai-banchi-di-scuola-al-carcere\/","og_locale":"fr_FR","og_type":"article","og_title":"Blitz antidroga e controlli nel Bellunese: dai banchi di scuola al carcere - Bellunopress - Dolomiti","og_description":"Belluno, 28\/03\/2026 \u2013 Prosegue l\u2019offensiva dei Carabinieri della Compagnia di Belluno contro lo spaccio e il consumo di stupefacenti. Nelle ultime 48 ore, un\u2019operazione a vasto raggio ha interessato il capoluogo e l\u2019Agordino, portando a denunce, segnalazioni e un arresto in esecuzione di misura cautelare. L\u2019attivit\u00e0 \u00e8 entrata nel vivo nella serata del 26 marzo. [&hellip;]","og_url":"https:\/\/www.bellunopress.it\/fr\/2026\/03\/28\/blitz-antidroga-e-controlli-nel-bellunese-dai-banchi-di-scuola-al-carcere\/","og_site_name":"Bellunopress - Dolomiti","article_publisher":"https:\/\/www.facebook.com\/profile.php?id=100008943462799","article_published_time":"2026-03-28T13:27:34+00:00","og_image":[{"width":641,"height":428,"url":"https:\/\/www.bellunopress.it\/wp-content\/uploads\/2026\/03\/cafrabinieri-cane-antidroga-zico.jpg","type":"image\/jpeg"}],"author":"redazione","twitter_card":"summary_large_image","twitter_creator":"@bellunopress","twitter_site":"@bellunopress","twitter_misc":{"\u00c9crit par":"redazione","Dur\u00e9e de lecture estim\u00e9e":"2 minutes"},"schema":{"@context":"https:\/\/schema.org","@graph":[{"@type":"Article","@id":"https:\/\/www.bellunopress.it\/2026\/03\/28\/blitz-antidroga-e-controlli-nel-bellunese-dai-banchi-di-scuola-al-carcere\/#article","isPartOf":{"@id":"https:\/\/www.bellunopress.it\/2026\/03\/28\/blitz-antidroga-e-controlli-nel-bellunese-dai-banchi-di-scuola-al-carcere\/"},"author":{"name":"redazione","@id":"https:\/\/www.bellunopress.it\/#\/schema\/person\/79bb06722b37ece1c03d3e94beb30d73"},"headline":"Blitz antidroga e controlli nel Bellunese: dai banchi di scuola al carcere","datePublished":"2026-03-28T13:27:34+00:00","mainEntityOfPage":{"@id":"https:\/\/www.bellunopress.it\/2026\/03\/28\/blitz-antidroga-e-controlli-nel-bellunese-dai-banchi-di-scuola-al-carcere\/"},"wordCount":351,"publisher":{"@id":"https:\/\/www.bellunopress.it\/#organization"},"image":{"@id":"https:\/\/www.bellunopress.it\/2026\/03\/28\/blitz-antidroga-e-controlli-nel-bellunese-dai-banchi-di-scuola-al-carcere\/#primaryimage"},"thumbnailUrl":"https:\/\/www.bellunopress.it\/wp-content\/uploads\/2026\/03\/cafrabinieri-cane-antidroga-zico.jpg","articleSection":["Cronaca\/Politica","Prima Pagina"],"inLanguage":"fr-FR"},{"@type":"WebPage","@id":"https:\/\/www.bellunopress.it\/2026\/03\/28\/blitz-antidroga-e-controlli-nel-bellunese-dai-banchi-di-scuola-al-carcere\/","url":"https:\/\/www.bellunopress.it\/2026\/03\/28\/blitz-antidroga-e-controlli-nel-bellunese-dai-banchi-di-scuola-al-carcere\/","name":"Blitz antidroga e controlli nel Bellunese: dai banchi di scuola al carcere - Bellunopress - Dolomiti","isPartOf":{"@id":"https:\/\/www.bellunopress.it\/#website"},"primaryImageOfPage":{"@id":"https:\/\/www.bellunopress.it\/2026\/03\/28\/blitz-antidroga-e-controlli-nel-bellunese-dai-banchi-di-scuola-al-carcere\/#primaryimage"},"image":{"@id":"https:\/\/www.bellunopress.it\/2026\/03\/28\/blitz-antidroga-e-controlli-nel-bellunese-dai-banchi-di-scuola-al-carcere\/#primaryimage"},"thumbnailUrl":"https:\/\/www.bellunopress.it\/wp-content\/uploads\/2026\/03\/cafrabinieri-cane-antidroga-zico.jpg","datePublished":"2026-03-28T13:27:34+00:00","breadcrumb":{"@id":"https:\/\/www.bellunopress.it\/2026\/03\/28\/blitz-antidroga-e-controlli-nel-bellunese-dai-banchi-di-scuola-al-carcere\/#breadcrumb"},"inLanguage":"fr-FR","potentialAction":[{"@type":"ReadAction","target":["https:\/\/www.bellunopress.it\/2026\/03\/28\/blitz-antidroga-e-controlli-nel-bellunese-dai-banchi-di-scuola-al-carcere\/"]}]},{"@type":"ImageObject","inLanguage":"fr-FR","@id":"https:\/\/www.bellunopress.it\/2026\/03\/28\/blitz-antidroga-e-controlli-nel-bellunese-dai-banchi-di-scuola-al-carcere\/#primaryimage","url":"https:\/\/www.bellunopress.it\/wp-content\/uploads\/2026\/03\/cafrabinieri-cane-antidroga-zico.jpg","contentUrl":"https:\/\/www.bellunopress.it\/wp-content\/uploads\/2026\/03\/cafrabinieri-cane-antidroga-zico.jpg","width":641,"height":428},{"@type":"BreadcrumbList","@id":"https:\/\/www.bellunopress.it\/2026\/03\/28\/blitz-antidroga-e-controlli-nel-bellunese-dai-banchi-di-scuola-al-carcere\/#breadcrumb","itemListElement":[{"@type":"ListItem","position":1,"name":"Home","item":"https:\/\/www.bellunopress.it\/"},{"@type":"ListItem","position":2,"name":"Blitz antidroga e controlli nel Bellunese: dai banchi di scuola al carcere"}]},{"@type":"WebSite","@id":"https:\/\/www.bellunopress.it\/#website","url":"https:\/\/www.bellunopress.it\/","name":"Bellunopress - Dolomiti","description":"e-mail: redazione@bellunopress.it","publisher":{"@id":"https:\/\/www.bellunopress.it\/#organization"},"potentialAction":[{"@type":"SearchAction","target":{"@type":"EntryPoint","urlTemplate":"https:\/\/www.bellunopress.it\/?s={search_term_string}"},"query-input":{"@type":"PropertyValueSpecification","valueRequired":true,"valueName":"search_term_string"}}],"inLanguage":"fr-FR"},{"@type":"Organization","@id":"https:\/\/www.bellunopress.it\/#organization","name":"Bellunopress","url":"https:\/\/www.bellunopress.it\/","logo":{"@type":"ImageObject","inLanguage":"fr-FR","@id":"https:\/\/www.bellunopress.it\/#\/schema\/logo\/image\/","url":"https:\/\/www.bellunopress.it\/wp-content\/uploads\/2011\/05\/cropped-logo-bellunopress-.jpg","contentUrl":"https:\/\/www.bellunopress.it\/wp-content\/uploads\/2011\/05\/cropped-logo-bellunopress-.jpg","width":512,"height":512,"caption":"Bellunopress"},"image":{"@id":"https:\/\/www.bellunopress.it\/#\/schema\/logo\/image\/"},"sameAs":["https:\/\/www.facebook.com\/profile.php?id=100008943462799","https:\/\/x.com\/bellunopress","https:\/\/www.linkedin.com\/hp\/?dnr=JBzUWaJfMUw8vbXJJ2tVW5-I3jZKvC4wsoxE&amp;amp;amp;amp;amp;amp;trk=nav_responsive_tab_home","https:\/\/www.youtube.com\/channel\/UCxL0wu1uN0_3_7hGG0306cw"]},{"@type":"Person","@id":"https:\/\/www.bellunopress.it\/#\/schema\/person\/79bb06722b37ece1c03d3e94beb30d73","name":"r\u00e9daction","image":{"@type":"ImageObject","inLanguage":"fr-FR","@id":"https:\/\/secure.gravatar.com\/avatar\/37d968a2e67a6fd04c169c4bdef102d0bc5d31b2546345219e348575eb80e9a0?s=96&d=mm&r=g","url":"https:\/\/secure.gravatar.com\/avatar\/37d968a2e67a6fd04c169c4bdef102d0bc5d31b2546345219e348575eb80e9a0?s=96&d=mm&r=g","contentUrl":"https:\/\/secure.gravatar.com\/avatar\/37d968a2e67a6fd04c169c4bdef102d0bc5d31b2546345219e348575eb80e9a0?s=96&d=mm&r=g","caption":"redazione"},"sameAs":["http:\/\/www.bellunopress.it","https:\/\/x.com\/bellunopress"],"url":"https:\/\/www.bellunopress.it\/fr\/author\/redazione\/"}]}},"_links":{"self":[{"href":"https:\/\/www.bellunopress.it\/fr\/wp-json\/wp\/v2\/posts\/168580","targetHints":{"allow":["GET"]}}],"collection":[{"href":"https:\/\/www.bellunopress.it\/fr\/wp-json\/wp\/v2\/posts"}],"about":[{"href":"https:\/\/www.bellunopress.it\/fr\/wp-json\/wp\/v2\/types\/post"}],"author":[{"embeddable":true,"href":"https:\/\/www.bellunopress.it\/fr\/wp-json\/wp\/v2\/users\/2"}],"replies":[{"embeddable":true,"href":"https:\/\/www.bellunopress.it\/fr\/wp-json\/wp\/v2\/comments?post=168580"}],"version-history":[{"count":1,"href":"https:\/\/www.bellunopress.it\/fr\/wp-json\/wp\/v2\/posts\/168580\/revisions"}],"predecessor-version":[{"id":168582,"href":"https:\/\/www.bellunopress.it\/fr\/wp-json\/wp\/v2\/posts\/168580\/revisions\/168582"}],"wp:featuredmedia":[{"embeddable":true,"href":"https:\/\/www.bellunopress.it\/fr\/wp-json\/wp\/v2\/media\/168581"}],"wp:attachment":[{"href":"https:\/\/www.bellunopress.it\/fr\/wp-json\/wp\/v2\/media?parent=168580"}],"wp:term":[{"taxonomy":"category","embeddable":true,"href":"https:\/\/www.bellunopress.it\/fr\/wp-json\/wp\/v2\/categories?post=168580"},{"taxonomy":"post_tag","embeddable":true,"href":"https:\/\/www.bellunopress.it\/fr\/wp-json\/wp\/v2\/tags?post=168580"}],"curies":[{"name":"wp","href":"https:\/\/api.w.org\/{rel}","templated":true}]}}