{"id":168577,"date":"2026-03-28T09:33:02","date_gmt":"2026-03-28T08:33:02","guid":{"rendered":"https:\/\/www.bellunopress.it\/?p=168577"},"modified":"2026-03-28T09:33:02","modified_gmt":"2026-03-28T08:33:02","slug":"al-teatro-de-la-sena-di-feltre-studenti-meritevoli-premiati-da-fpb-cassa","status":"publish","type":"post","link":"https:\/\/www.bellunopress.it\/fr\/2026\/03\/28\/al-teatro-de-la-sena-di-feltre-studenti-meritevoli-premiati-da-fpb-cassa\/","title":{"rendered":"Al teatro de La Sena di Feltre studenti meritevoli premiati da FPB Cassa"},"content":{"rendered":"<p><strong>FPB Cassa di Fassa Primiero Belluno premia il merito: consegnate al Teatro de la Sena di Feltre 60 borse di studio a studenti meritevoli.<\/strong><\/p>\n<p><strong>Il presidente Carlo Vadagnini: \u201cOrgogliosi dei nostri giovani, su cui continueremo a investire\u201d.<\/strong><\/p>\n<p>Feltre, 28 marzo 2026 &#8211; Si \u00e8 svolta nel pomeriggio di venerd\u00ec 27 marzo nella prestigiosa cornice del Teatro <em>de la Sena<\/em> di Feltre &#8211; presenti, tra gli altri, il sindaco Viviana Fusaro e l\u2019assessore Andrea Bona -, la cerimonia di consegna delle borse di studio promosse da FPB Cassa di Fassa Primiero Belluno. Un appuntamento ormai consolidato, che anche quest\u2019anno ha visto protagonisti circa sessanta studenti del territorio, premiati per l\u2019impegno e i risultati conseguiti nel proprio percorso di studi.<\/p>\n<p>I riconoscimenti sono stati assegnati a studenti (soci o figli di soci dell\u2019istituto di credito) che hanno concluso il ciclo delle scuole superiori con il diploma, a laureati triennali e a giovani che hanno raggiunto il traguardo della laurea magistrale, distinguendosi per le valutazioni conseguite. Complessivamente, l\u2019istituto di credito ha destinato all\u2019iniziativa negli ultimi dieci anni risorse per circa 500 mila euro, confermando un\u2019attenzione oramai consolidata verso il mondo della formazione e delle nuove generazioni.<\/p>\n<p>Oltre all\u2019assegno previsto dalla borsa di studio, FPB Cassa offrir\u00e0 ai premiati anche un\u2019opportunit\u00e0 concreta per guardare al futuro: la possibilit\u00e0 di aprire un fondo pensione presso le proprie filiali, con una dotazione iniziale messa a disposizione proprio dalla banca.<\/p>\n<p>Particolarmente apprezzata la presenza dei testimonial della giornata, che hanno saputo coinvolgere e ispirare i giovani presenti. Il professor Vincenzo Schettini, noto divulgatore scientifico, ha portato una testimonianza appassionata sull\u2019importanza della conoscenza e della curiosit\u00e0, mentre il campione di biathlon Tommaso Giacomel, originario di Imer in provincia di Trento, ha condiviso la propria esperienza sportiva, segnata da importanti successi in Coppa del Mondo e dalla recente medaglia d\u2019argento conquistata nella staffetta mista alle Olimpiadi invernali di Milano Cortina.<\/p>\n<p>\u00abIniziative come questa rappresentano uno dei pilastri della nostra attivit\u00e0 \u2013 ha sottolineato il presidente di FPB Cassa, Carlo Valagnini \u2013 perch\u00e9 incarnano pienamente la mission della nostra banca: essere vicini al territorio e alle persone, sostenendo in particolare le giovani generazioni. Premiare il merito significa investire nel futuro delle nostre comunit\u00e0, promuovendo crescita culturale e partecipazione\u00bb.<\/p>\n<p>Grande soddisfazione \u00e8 stata espressa anche dal direttore generale Ruggero Lucin: \u00abLa giornata di oggi ha rappresentato un momento di grande valore, non solo per i riconoscimenti assegnati, ma anche per le testimonianze offerte dai nostri ospiti, che hanno saputo trasmettere entusiasmo e motivazione. Il tutto in una cornice straordinaria come il Teatro de la Sena, che ha reso ancora pi\u00f9 significativo un evento che conferma il legame forte e duraturo tra la nostra Cassa e i territori in cui operiamo\u00bb.<\/p>\n<p>&nbsp;<\/p>","protected":false},"excerpt":{"rendered":"<p>FPB Cassa di Fassa Primiero Belluno premia il merito: consegnate al Teatro de la Sena di Feltre 60 borse di studio a studenti meritevoli. Il presidente Carlo Vadagnini: \u201cOrgogliosi dei nostri giovani, su cui continueremo a investire\u201d. Feltre, 28 marzo 2026 &#8211; Si \u00e8 svolta nel pomeriggio di venerd\u00ec 27 marzo nella prestigiosa cornice del [&hellip;]<\/p>\n","protected":false},"author":2,"featured_media":168578,"comment_status":"closed","ping_status":"open","sticky":false,"template":"","format":"standard","meta":{"footnotes":""},"categories":[26,15],"tags":[],"class_list":["post-168577","post","type-post","status-publish","format-standard","has-post-thumbnail","category-prima-pagina","category-scuola"],"yoast_head":"<!-- This site is optimized with the Yoast SEO plugin v28.4 - https:\/\/yoast.com\/product\/yoast-seo-wordpress\/ -->\n<title>Al teatro de La Sena di Feltre studenti meritevoli premiati da FPB Cassa - Bellunopress - Dolomiti<\/title>\n<meta name=\"robots\" content=\"index, follow, max-snippet:-1, max-image-preview:large, max-video-preview:-1\" \/>\n<link rel=\"canonical\" href=\"https:\/\/www.bellunopress.it\/fr\/2026\/03\/28\/al-teatro-de-la-sena-di-feltre-studenti-meritevoli-premiati-da-fpb-cassa\/\" \/>\n<meta property=\"og:locale\" content=\"fr_FR\" \/>\n<meta property=\"og:type\" content=\"article\" \/>\n<meta property=\"og:title\" content=\"Al teatro de La Sena di Feltre studenti meritevoli premiati da FPB Cassa - Bellunopress - Dolomiti\" \/>\n<meta property=\"og:description\" content=\"FPB Cassa di Fassa Primiero Belluno premia il merito: consegnate al Teatro de la Sena di Feltre 60 borse di studio a studenti meritevoli. Il presidente Carlo Vadagnini: \u201cOrgogliosi dei nostri giovani, su cui continueremo a investire\u201d. Feltre, 28 marzo 2026 &#8211; Si \u00e8 svolta nel pomeriggio di venerd\u00ec 27 marzo nella prestigiosa cornice del [&hellip;]\" \/>\n<meta property=\"og:url\" content=\"https:\/\/www.bellunopress.it\/fr\/2026\/03\/28\/al-teatro-de-la-sena-di-feltre-studenti-meritevoli-premiati-da-fpb-cassa\/\" \/>\n<meta property=\"og:site_name\" content=\"Bellunopress - Dolomiti\" \/>\n<meta property=\"article:publisher\" content=\"https:\/\/www.facebook.com\/profile.php?id=100008943462799\" \/>\n<meta property=\"article:published_time\" content=\"2026-03-28T08:33:02+00:00\" \/>\n<meta property=\"og:image\" content=\"https:\/\/www.bellunopress.it\/wp-content\/uploads\/2026\/03\/Premiazione-studenti-FPB-CASSA-teatro-di-Feltre.jpeg\" \/>\n\t<meta property=\"og:image:width\" content=\"500\" \/>\n\t<meta property=\"og:image:height\" content=\"333\" \/>\n\t<meta property=\"og:image:type\" content=\"image\/jpeg\" \/>\n<meta name=\"author\" content=\"redazione\" \/>\n<meta name=\"twitter:card\" content=\"summary_large_image\" \/>\n<meta name=\"twitter:creator\" content=\"@bellunopress\" \/>\n<meta name=\"twitter:site\" content=\"@bellunopress\" \/>\n<meta name=\"twitter:label1\" content=\"\u00c9crit par\" \/>\n\t<meta name=\"twitter:data1\" content=\"redazione\" \/>\n\t<meta name=\"twitter:label2\" content=\"Dur\u00e9e de lecture estim\u00e9e\" \/>\n\t<meta name=\"twitter:data2\" content=\"2 minutes\" \/>\n<script type=\"application\/ld+json\" class=\"yoast-schema-graph\">{\"@context\":\"https:\\\/\\\/schema.org\",\"@graph\":[{\"@type\":\"Article\",\"@id\":\"https:\\\/\\\/www.bellunopress.it\\\/2026\\\/03\\\/28\\\/al-teatro-de-la-sena-di-feltre-studenti-meritevoli-premiati-da-fpb-cassa\\\/#article\",\"isPartOf\":{\"@id\":\"https:\\\/\\\/www.bellunopress.it\\\/2026\\\/03\\\/28\\\/al-teatro-de-la-sena-di-feltre-studenti-meritevoli-premiati-da-fpb-cassa\\\/\"},\"author\":{\"name\":\"redazione\",\"@id\":\"https:\\\/\\\/www.bellunopress.it\\\/#\\\/schema\\\/person\\\/79bb06722b37ece1c03d3e94beb30d73\"},\"headline\":\"Al teatro de La Sena di Feltre studenti meritevoli premiati da FPB Cassa\",\"datePublished\":\"2026-03-28T08:33:02+00:00\",\"mainEntityOfPage\":{\"@id\":\"https:\\\/\\\/www.bellunopress.it\\\/2026\\\/03\\\/28\\\/al-teatro-de-la-sena-di-feltre-studenti-meritevoli-premiati-da-fpb-cassa\\\/\"},\"wordCount\":465,\"publisher\":{\"@id\":\"https:\\\/\\\/www.bellunopress.it\\\/#organization\"},\"image\":{\"@id\":\"https:\\\/\\\/www.bellunopress.it\\\/2026\\\/03\\\/28\\\/al-teatro-de-la-sena-di-feltre-studenti-meritevoli-premiati-da-fpb-cassa\\\/#primaryimage\"},\"thumbnailUrl\":\"https:\\\/\\\/www.bellunopress.it\\\/wp-content\\\/uploads\\\/2026\\\/03\\\/Premiazione-studenti-FPB-CASSA-teatro-di-Feltre.jpeg\",\"articleSection\":[\"Prima Pagina\",\"Scuola\"],\"inLanguage\":\"fr-FR\"},{\"@type\":\"WebPage\",\"@id\":\"https:\\\/\\\/www.bellunopress.it\\\/2026\\\/03\\\/28\\\/al-teatro-de-la-sena-di-feltre-studenti-meritevoli-premiati-da-fpb-cassa\\\/\",\"url\":\"https:\\\/\\\/www.bellunopress.it\\\/2026\\\/03\\\/28\\\/al-teatro-de-la-sena-di-feltre-studenti-meritevoli-premiati-da-fpb-cassa\\\/\",\"name\":\"Al teatro de La Sena di Feltre studenti meritevoli premiati da FPB Cassa - Bellunopress - Dolomiti\",\"isPartOf\":{\"@id\":\"https:\\\/\\\/www.bellunopress.it\\\/#website\"},\"primaryImageOfPage\":{\"@id\":\"https:\\\/\\\/www.bellunopress.it\\\/2026\\\/03\\\/28\\\/al-teatro-de-la-sena-di-feltre-studenti-meritevoli-premiati-da-fpb-cassa\\\/#primaryimage\"},\"image\":{\"@id\":\"https:\\\/\\\/www.bellunopress.it\\\/2026\\\/03\\\/28\\\/al-teatro-de-la-sena-di-feltre-studenti-meritevoli-premiati-da-fpb-cassa\\\/#primaryimage\"},\"thumbnailUrl\":\"https:\\\/\\\/www.bellunopress.it\\\/wp-content\\\/uploads\\\/2026\\\/03\\\/Premiazione-studenti-FPB-CASSA-teatro-di-Feltre.jpeg\",\"datePublished\":\"2026-03-28T08:33:02+00:00\",\"breadcrumb\":{\"@id\":\"https:\\\/\\\/www.bellunopress.it\\\/2026\\\/03\\\/28\\\/al-teatro-de-la-sena-di-feltre-studenti-meritevoli-premiati-da-fpb-cassa\\\/#breadcrumb\"},\"inLanguage\":\"fr-FR\",\"potentialAction\":[{\"@type\":\"ReadAction\",\"target\":[\"https:\\\/\\\/www.bellunopress.it\\\/2026\\\/03\\\/28\\\/al-teatro-de-la-sena-di-feltre-studenti-meritevoli-premiati-da-fpb-cassa\\\/\"]}]},{\"@type\":\"ImageObject\",\"inLanguage\":\"fr-FR\",\"@id\":\"https:\\\/\\\/www.bellunopress.it\\\/2026\\\/03\\\/28\\\/al-teatro-de-la-sena-di-feltre-studenti-meritevoli-premiati-da-fpb-cassa\\\/#primaryimage\",\"url\":\"https:\\\/\\\/www.bellunopress.it\\\/wp-content\\\/uploads\\\/2026\\\/03\\\/Premiazione-studenti-FPB-CASSA-teatro-di-Feltre.jpeg\",\"contentUrl\":\"https:\\\/\\\/www.bellunopress.it\\\/wp-content\\\/uploads\\\/2026\\\/03\\\/Premiazione-studenti-FPB-CASSA-teatro-di-Feltre.jpeg\",\"width\":500,\"height\":333},{\"@type\":\"BreadcrumbList\",\"@id\":\"https:\\\/\\\/www.bellunopress.it\\\/2026\\\/03\\\/28\\\/al-teatro-de-la-sena-di-feltre-studenti-meritevoli-premiati-da-fpb-cassa\\\/#breadcrumb\",\"itemListElement\":[{\"@type\":\"ListItem\",\"position\":1,\"name\":\"Home\",\"item\":\"https:\\\/\\\/www.bellunopress.it\\\/\"},{\"@type\":\"ListItem\",\"position\":2,\"name\":\"Al teatro de La Sena di Feltre studenti meritevoli premiati da FPB Cassa\"}]},{\"@type\":\"WebSite\",\"@id\":\"https:\\\/\\\/www.bellunopress.it\\\/#website\",\"url\":\"https:\\\/\\\/www.bellunopress.it\\\/\",\"name\":\"Bellunopress - Dolomiti\",\"description\":\"e-mail: redazione@bellunopress.it\",\"publisher\":{\"@id\":\"https:\\\/\\\/www.bellunopress.it\\\/#organization\"},\"potentialAction\":[{\"@type\":\"SearchAction\",\"target\":{\"@type\":\"EntryPoint\",\"urlTemplate\":\"https:\\\/\\\/www.bellunopress.it\\\/?s={search_term_string}\"},\"query-input\":{\"@type\":\"PropertyValueSpecification\",\"valueRequired\":true,\"valueName\":\"search_term_string\"}}],\"inLanguage\":\"fr-FR\"},{\"@type\":\"Organization\",\"@id\":\"https:\\\/\\\/www.bellunopress.it\\\/#organization\",\"name\":\"Bellunopress\",\"url\":\"https:\\\/\\\/www.bellunopress.it\\\/\",\"logo\":{\"@type\":\"ImageObject\",\"inLanguage\":\"fr-FR\",\"@id\":\"https:\\\/\\\/www.bellunopress.it\\\/#\\\/schema\\\/logo\\\/image\\\/\",\"url\":\"https:\\\/\\\/www.bellunopress.it\\\/wp-content\\\/uploads\\\/2011\\\/05\\\/cropped-logo-bellunopress-.jpg\",\"contentUrl\":\"https:\\\/\\\/www.bellunopress.it\\\/wp-content\\\/uploads\\\/2011\\\/05\\\/cropped-logo-bellunopress-.jpg\",\"width\":512,\"height\":512,\"caption\":\"Bellunopress\"},\"image\":{\"@id\":\"https:\\\/\\\/www.bellunopress.it\\\/#\\\/schema\\\/logo\\\/image\\\/\"},\"sameAs\":[\"https:\\\/\\\/www.facebook.com\\\/profile.php?id=100008943462799\",\"https:\\\/\\\/x.com\\\/bellunopress\",\"https:\\\/\\\/www.linkedin.com\\\/hp\\\/?dnr=JBzUWaJfMUw8vbXJJ2tVW5-I3jZKvC4wsoxE&amp;amp;amp;amp;amp;amp;trk=nav_responsive_tab_home\",\"https:\\\/\\\/www.youtube.com\\\/channel\\\/UCxL0wu1uN0_3_7hGG0306cw\"]},{\"@type\":\"Person\",\"@id\":\"https:\\\/\\\/www.bellunopress.it\\\/#\\\/schema\\\/person\\\/79bb06722b37ece1c03d3e94beb30d73\",\"name\":\"redazione\",\"image\":{\"@type\":\"ImageObject\",\"inLanguage\":\"fr-FR\",\"@id\":\"https:\\\/\\\/secure.gravatar.com\\\/avatar\\\/37d968a2e67a6fd04c169c4bdef102d0bc5d31b2546345219e348575eb80e9a0?s=96&d=mm&r=g\",\"url\":\"https:\\\/\\\/secure.gravatar.com\\\/avatar\\\/37d968a2e67a6fd04c169c4bdef102d0bc5d31b2546345219e348575eb80e9a0?s=96&d=mm&r=g\",\"contentUrl\":\"https:\\\/\\\/secure.gravatar.com\\\/avatar\\\/37d968a2e67a6fd04c169c4bdef102d0bc5d31b2546345219e348575eb80e9a0?s=96&d=mm&r=g\",\"caption\":\"redazione\"},\"sameAs\":[\"http:\\\/\\\/www.bellunopress.it\",\"https:\\\/\\\/x.com\\\/bellunopress\"],\"url\":\"https:\\\/\\\/www.bellunopress.it\\\/fr\\\/author\\\/redazione\\\/\"}]}<\/script>\n<!-- \/ Yoast SEO plugin. -->","yoast_head_json":{"title":"Al teatro de La Sena di Feltre studenti meritevoli premiati da FPB Cassa - Bellunopress - Dolomiti","robots":{"index":"index","follow":"follow","max-snippet":"max-snippet:-1","max-image-preview":"max-image-preview:large","max-video-preview":"max-video-preview:-1"},"canonical":"https:\/\/www.bellunopress.it\/fr\/2026\/03\/28\/al-teatro-de-la-sena-di-feltre-studenti-meritevoli-premiati-da-fpb-cassa\/","og_locale":"fr_FR","og_type":"article","og_title":"Al teatro de La Sena di Feltre studenti meritevoli premiati da FPB Cassa - Bellunopress - Dolomiti","og_description":"FPB Cassa di Fassa Primiero Belluno premia il merito: consegnate al Teatro de la Sena di Feltre 60 borse di studio a studenti meritevoli. Il presidente Carlo Vadagnini: \u201cOrgogliosi dei nostri giovani, su cui continueremo a investire\u201d. Feltre, 28 marzo 2026 &#8211; Si \u00e8 svolta nel pomeriggio di venerd\u00ec 27 marzo nella prestigiosa cornice del [&hellip;]","og_url":"https:\/\/www.bellunopress.it\/fr\/2026\/03\/28\/al-teatro-de-la-sena-di-feltre-studenti-meritevoli-premiati-da-fpb-cassa\/","og_site_name":"Bellunopress - Dolomiti","article_publisher":"https:\/\/www.facebook.com\/profile.php?id=100008943462799","article_published_time":"2026-03-28T08:33:02+00:00","og_image":[{"width":500,"height":333,"url":"https:\/\/www.bellunopress.it\/wp-content\/uploads\/2026\/03\/Premiazione-studenti-FPB-CASSA-teatro-di-Feltre.jpeg","type":"image\/jpeg"}],"author":"redazione","twitter_card":"summary_large_image","twitter_creator":"@bellunopress","twitter_site":"@bellunopress","twitter_misc":{"\u00c9crit par":"redazione","Dur\u00e9e de lecture estim\u00e9e":"2 minutes"},"schema":{"@context":"https:\/\/schema.org","@graph":[{"@type":"Article","@id":"https:\/\/www.bellunopress.it\/2026\/03\/28\/al-teatro-de-la-sena-di-feltre-studenti-meritevoli-premiati-da-fpb-cassa\/#article","isPartOf":{"@id":"https:\/\/www.bellunopress.it\/2026\/03\/28\/al-teatro-de-la-sena-di-feltre-studenti-meritevoli-premiati-da-fpb-cassa\/"},"author":{"name":"redazione","@id":"https:\/\/www.bellunopress.it\/#\/schema\/person\/79bb06722b37ece1c03d3e94beb30d73"},"headline":"Al teatro de La Sena di Feltre studenti meritevoli premiati da FPB Cassa","datePublished":"2026-03-28T08:33:02+00:00","mainEntityOfPage":{"@id":"https:\/\/www.bellunopress.it\/2026\/03\/28\/al-teatro-de-la-sena-di-feltre-studenti-meritevoli-premiati-da-fpb-cassa\/"},"wordCount":465,"publisher":{"@id":"https:\/\/www.bellunopress.it\/#organization"},"image":{"@id":"https:\/\/www.bellunopress.it\/2026\/03\/28\/al-teatro-de-la-sena-di-feltre-studenti-meritevoli-premiati-da-fpb-cassa\/#primaryimage"},"thumbnailUrl":"https:\/\/www.bellunopress.it\/wp-content\/uploads\/2026\/03\/Premiazione-studenti-FPB-CASSA-teatro-di-Feltre.jpeg","articleSection":["Prima Pagina","Scuola"],"inLanguage":"fr-FR"},{"@type":"WebPage","@id":"https:\/\/www.bellunopress.it\/2026\/03\/28\/al-teatro-de-la-sena-di-feltre-studenti-meritevoli-premiati-da-fpb-cassa\/","url":"https:\/\/www.bellunopress.it\/2026\/03\/28\/al-teatro-de-la-sena-di-feltre-studenti-meritevoli-premiati-da-fpb-cassa\/","name":"Al teatro de La Sena di Feltre studenti meritevoli premiati da FPB Cassa - Bellunopress - Dolomiti","isPartOf":{"@id":"https:\/\/www.bellunopress.it\/#website"},"primaryImageOfPage":{"@id":"https:\/\/www.bellunopress.it\/2026\/03\/28\/al-teatro-de-la-sena-di-feltre-studenti-meritevoli-premiati-da-fpb-cassa\/#primaryimage"},"image":{"@id":"https:\/\/www.bellunopress.it\/2026\/03\/28\/al-teatro-de-la-sena-di-feltre-studenti-meritevoli-premiati-da-fpb-cassa\/#primaryimage"},"thumbnailUrl":"https:\/\/www.bellunopress.it\/wp-content\/uploads\/2026\/03\/Premiazione-studenti-FPB-CASSA-teatro-di-Feltre.jpeg","datePublished":"2026-03-28T08:33:02+00:00","breadcrumb":{"@id":"https:\/\/www.bellunopress.it\/2026\/03\/28\/al-teatro-de-la-sena-di-feltre-studenti-meritevoli-premiati-da-fpb-cassa\/#breadcrumb"},"inLanguage":"fr-FR","potentialAction":[{"@type":"ReadAction","target":["https:\/\/www.bellunopress.it\/2026\/03\/28\/al-teatro-de-la-sena-di-feltre-studenti-meritevoli-premiati-da-fpb-cassa\/"]}]},{"@type":"ImageObject","inLanguage":"fr-FR","@id":"https:\/\/www.bellunopress.it\/2026\/03\/28\/al-teatro-de-la-sena-di-feltre-studenti-meritevoli-premiati-da-fpb-cassa\/#primaryimage","url":"https:\/\/www.bellunopress.it\/wp-content\/uploads\/2026\/03\/Premiazione-studenti-FPB-CASSA-teatro-di-Feltre.jpeg","contentUrl":"https:\/\/www.bellunopress.it\/wp-content\/uploads\/2026\/03\/Premiazione-studenti-FPB-CASSA-teatro-di-Feltre.jpeg","width":500,"height":333},{"@type":"BreadcrumbList","@id":"https:\/\/www.bellunopress.it\/2026\/03\/28\/al-teatro-de-la-sena-di-feltre-studenti-meritevoli-premiati-da-fpb-cassa\/#breadcrumb","itemListElement":[{"@type":"ListItem","position":1,"name":"Home","item":"https:\/\/www.bellunopress.it\/"},{"@type":"ListItem","position":2,"name":"Al teatro de La Sena di Feltre studenti meritevoli premiati da FPB Cassa"}]},{"@type":"WebSite","@id":"https:\/\/www.bellunopress.it\/#website","url":"https:\/\/www.bellunopress.it\/","name":"Bellunopress - Dolomiti","description":"e-mail: redazione@bellunopress.it","publisher":{"@id":"https:\/\/www.bellunopress.it\/#organization"},"potentialAction":[{"@type":"SearchAction","target":{"@type":"EntryPoint","urlTemplate":"https:\/\/www.bellunopress.it\/?s={search_term_string}"},"query-input":{"@type":"PropertyValueSpecification","valueRequired":true,"valueName":"search_term_string"}}],"inLanguage":"fr-FR"},{"@type":"Organization","@id":"https:\/\/www.bellunopress.it\/#organization","name":"Bellunopress","url":"https:\/\/www.bellunopress.it\/","logo":{"@type":"ImageObject","inLanguage":"fr-FR","@id":"https:\/\/www.bellunopress.it\/#\/schema\/logo\/image\/","url":"https:\/\/www.bellunopress.it\/wp-content\/uploads\/2011\/05\/cropped-logo-bellunopress-.jpg","contentUrl":"https:\/\/www.bellunopress.it\/wp-content\/uploads\/2011\/05\/cropped-logo-bellunopress-.jpg","width":512,"height":512,"caption":"Bellunopress"},"image":{"@id":"https:\/\/www.bellunopress.it\/#\/schema\/logo\/image\/"},"sameAs":["https:\/\/www.facebook.com\/profile.php?id=100008943462799","https:\/\/x.com\/bellunopress","https:\/\/www.linkedin.com\/hp\/?dnr=JBzUWaJfMUw8vbXJJ2tVW5-I3jZKvC4wsoxE&amp;amp;amp;amp;amp;amp;trk=nav_responsive_tab_home","https:\/\/www.youtube.com\/channel\/UCxL0wu1uN0_3_7hGG0306cw"]},{"@type":"Person","@id":"https:\/\/www.bellunopress.it\/#\/schema\/person\/79bb06722b37ece1c03d3e94beb30d73","name":"r\u00e9daction","image":{"@type":"ImageObject","inLanguage":"fr-FR","@id":"https:\/\/secure.gravatar.com\/avatar\/37d968a2e67a6fd04c169c4bdef102d0bc5d31b2546345219e348575eb80e9a0?s=96&d=mm&r=g","url":"https:\/\/secure.gravatar.com\/avatar\/37d968a2e67a6fd04c169c4bdef102d0bc5d31b2546345219e348575eb80e9a0?s=96&d=mm&r=g","contentUrl":"https:\/\/secure.gravatar.com\/avatar\/37d968a2e67a6fd04c169c4bdef102d0bc5d31b2546345219e348575eb80e9a0?s=96&d=mm&r=g","caption":"redazione"},"sameAs":["http:\/\/www.bellunopress.it","https:\/\/x.com\/bellunopress"],"url":"https:\/\/www.bellunopress.it\/fr\/author\/redazione\/"}]}},"_links":{"self":[{"href":"https:\/\/www.bellunopress.it\/fr\/wp-json\/wp\/v2\/posts\/168577","targetHints":{"allow":["GET"]}}],"collection":[{"href":"https:\/\/www.bellunopress.it\/fr\/wp-json\/wp\/v2\/posts"}],"about":[{"href":"https:\/\/www.bellunopress.it\/fr\/wp-json\/wp\/v2\/types\/post"}],"author":[{"embeddable":true,"href":"https:\/\/www.bellunopress.it\/fr\/wp-json\/wp\/v2\/users\/2"}],"replies":[{"embeddable":true,"href":"https:\/\/www.bellunopress.it\/fr\/wp-json\/wp\/v2\/comments?post=168577"}],"version-history":[{"count":1,"href":"https:\/\/www.bellunopress.it\/fr\/wp-json\/wp\/v2\/posts\/168577\/revisions"}],"predecessor-version":[{"id":168579,"href":"https:\/\/www.bellunopress.it\/fr\/wp-json\/wp\/v2\/posts\/168577\/revisions\/168579"}],"wp:featuredmedia":[{"embeddable":true,"href":"https:\/\/www.bellunopress.it\/fr\/wp-json\/wp\/v2\/media\/168578"}],"wp:attachment":[{"href":"https:\/\/www.bellunopress.it\/fr\/wp-json\/wp\/v2\/media?parent=168577"}],"wp:term":[{"taxonomy":"category","embeddable":true,"href":"https:\/\/www.bellunopress.it\/fr\/wp-json\/wp\/v2\/categories?post=168577"},{"taxonomy":"post_tag","embeddable":true,"href":"https:\/\/www.bellunopress.it\/fr\/wp-json\/wp\/v2\/tags?post=168577"}],"curies":[{"name":"wp","href":"https:\/\/api.w.org\/{rel}","templated":true}]}}