{"id":168571,"date":"2026-03-28T07:20:28","date_gmt":"2026-03-28T06:20:28","guid":{"rendered":"https:\/\/www.bellunopress.it\/?p=168571"},"modified":"2026-03-28T14:46:26","modified_gmt":"2026-03-28T13:46:26","slug":"dalle-astronavi-di-mattei-ai-carrelli-della-spesa","status":"publish","type":"post","link":"https:\/\/www.bellunopress.it\/fr\/2026\/03\/28\/dalle-astronavi-di-mattei-ai-carrelli-della-spesa\/","title":{"rendered":"Dalle \u201castronavi\u201d di Mattei ai carrelli della spesa"},"content":{"rendered":"<p><strong>L\u2019immagine futurista dell\u2019ex distributore Agip di via Vittorio Veneto, diventata virale sul gruppo Facebook &#8220;Belluno, attualit\u00e0 e politica&#8221; con oltre 10.000 visualizzazioni in meno di 24 ore, riaccende il dibattito<\/strong><\/p>\n<figure id=\"attachment_162118\" aria-describedby=\"caption-attachment-162118\" style=\"width: 800px\" class=\"wp-caption aligncenter\"><img loading=\"lazy\" decoding=\"async\" class=\"size-full wp-image-162118\" src=\"https:\/\/www.bellunopress.it\/wp-content\/uploads\/2025\/07\/Agip-Baldenich-maggio-2022.jpg\" alt=\"\" width=\"800\" height=\"466\" srcset=\"https:\/\/www.bellunopress.it\/wp-content\/uploads\/2025\/07\/Agip-Baldenich-maggio-2022.jpg 800w, https:\/\/www.bellunopress.it\/wp-content\/uploads\/2025\/07\/Agip-Baldenich-maggio-2022-500x291.jpg 500w, https:\/\/www.bellunopress.it\/wp-content\/uploads\/2025\/07\/Agip-Baldenich-maggio-2022-721x420.jpg 721w, https:\/\/www.bellunopress.it\/wp-content\/uploads\/2025\/07\/Agip-Baldenich-maggio-2022-696x405.jpg 696w\" sizes=\"auto, (max-width: 800px) 100vw, 800px\" \/><figcaption id=\"caption-attachment-162118\" class=\"wp-caption-text\">Stazione Agip di via Vittorio Veneto a Belluno (maggio 2022 prima della demolizione della pensilina a sbalzo)<\/figcaption><\/figure>\n<figure id=\"attachment_162119\" aria-describedby=\"caption-attachment-162119\" style=\"width: 768px\" class=\"wp-caption aligncenter\"><img loading=\"lazy\" decoding=\"async\" class=\"size-full wp-image-162119\" src=\"https:\/\/www.bellunopress.it\/wp-content\/uploads\/2025\/07\/Agip-viale-certosa-milano.jpg\" alt=\"\" width=\"768\" height=\"579\" srcset=\"https:\/\/www.bellunopress.it\/wp-content\/uploads\/2025\/07\/Agip-viale-certosa-milano.jpg 768w, https:\/\/www.bellunopress.it\/wp-content\/uploads\/2025\/07\/Agip-viale-certosa-milano-500x377.jpg 500w, https:\/\/www.bellunopress.it\/wp-content\/uploads\/2025\/07\/Agip-viale-certosa-milano-557x420.jpg 557w, https:\/\/www.bellunopress.it\/wp-content\/uploads\/2025\/07\/Agip-viale-certosa-milano-80x60.jpg 80w, https:\/\/www.bellunopress.it\/wp-content\/uploads\/2025\/07\/Agip-viale-certosa-milano-696x525.jpg 696w\" sizes=\"auto, (max-width: 768px) 100vw, 768px\" \/><figcaption id=\"caption-attachment-162119\" class=\"wp-caption-text\">Ex stazione Agip di viale Certosa a Milano dopo il restauro<\/figcaption><\/figure>\n<p>Belluno, 28\/03\/2026 \u2013 Se un\u2019immagine pubblicata su Facebook totalizza oltre 10.000 visualizzazioni in meno di 24 ore in una citt\u00e0 di 35.000 abitanti frazioni comprese, significa che ha toccato un nervo scoperto. Parliamo dell\u2019ex stazione di servizio Agip di via Vittorio Veneto a Baldenich e del progetto per la costruzione di un nuovo supermercato nell\u2019area Agip dismessa. Un\u2019elaborazione digitale, che ritrae l\u2019edificio con un look futurista ispirato all\u2019originale, ha scatenato la nostalgia dei cittadini per un pezzo di storia che se ne va.<\/p>\n<p><strong>Il mito della \u201cBacciocca\u201d<\/strong><\/p>\n<p>C\u2019era un tempo in cui fare rifornimento era un rito della modernit\u00e0. Negli anni \u201950, Enrico Mattei affid\u00f2 all\u2019architetto Mario Bacciocchi il compito di dare un volto all\u2019Agip. Nacque cos\u00ec il modello \u201cBacciocca\u201d: non un semplice prefabbricato, ma un\u2019astronave di cemento armato con pensiline a sbalzo audaci che sembravano pronte a spiccare il volo.<\/p>\n<p>Tra Vittorio Veneto e Belluno, due di queste strutture gemelle hanno condiviso lo stesso destino:<\/p>\n<ul>\n<li>Vittorio Veneto (2007): La stazione di viale Matteotti \u00e8 stata la prima a cadere per far spazio all&#8217;ipermercato Emisfero.<\/li>\n<li>Belluno (2022): Dopo anni in cui la stazione di via Vittorio Veneto non interessava a nessuno, l&#8217;area viene acquisita da un imprenditore che intende realizzare un supermercato della catena Kanguro. Una mattina d&#8217;estate le ruspe abbattono la pensilina in cemento armato. Nasce la protesta con assemblee di quartiere, ricorsi, interrogazioni in consiglio comunale. E siamo al 2026 con la questione ancora aperta.<\/li>\n<\/ul>\n<p><strong>L&#8217;esempio di Milano: quando l&#8217;auto diventa arte<\/strong><\/p>\n<p>Mentre a Belluno ci si interroga sul futuro dell&#8217;area, altrove queste strutture vengono celebrate come monumenti. L&#8217;esempio pi\u00f9 celebre \u00e8 quello di Milano, in viale Certosa (piazzale Accursio). Qui, una stazione Agip (il modello di punta, dall&#8217;architettura pi\u00f9 prestigiosa) ma della stessa filosofia e firma del Bacciocchi, \u00e8 stata salvata dal degrado grazie a un restauro filologico monumentale.\u00a0Oggi quella struttura \u00e8 diventata Garage Italia, un hub creativo e ristorante di design firmato dall&#8217;architetto Michele De Lucchi su iniziativa di Lapo Elkann. L\u2019ex distributore \u00e8 ora un\u2019icona internazionale che ospita eventi e alta cucina, dimostrando che il patrimonio industriale pu\u00f2 generare valore economico senza essere cancellato.<\/p>\n<p>Resta da vedere se Belluno vorr\u00e0 continuare a demolire il proprio Novecento o se, guardando a Milano, trover\u00e0 il coraggio di scommettere sulla bellezza.<\/p>\n<p>(rdn)<\/p>\n<p>&nbsp;<\/p>\n<p>&nbsp;<\/p>","protected":false},"excerpt":{"rendered":"<p>L\u2019immagine futurista dell\u2019ex distributore Agip di via Vittorio Veneto, diventata virale sul gruppo Facebook &#8220;Belluno, attualit\u00e0 e politica&#8221; con oltre 10.000 visualizzazioni in meno di 24 ore, riaccende il dibattito Belluno, 28\/03\/2026 \u2013 Se un\u2019immagine pubblicata su Facebook totalizza oltre 10.000 visualizzazioni in meno di 24 ore in una citt\u00e0 di 35.000 abitanti frazioni comprese, [&hellip;]<\/p>\n","protected":false},"author":2,"featured_media":168572,"comment_status":"closed","ping_status":"open","sticky":false,"template":"","format":"standard","meta":{"footnotes":""},"categories":[5,3446,26,8],"tags":[],"class_list":["post-168571","post","type-post","status-publish","format-standard","has-post-thumbnail","category-cronaca","category-featured","category-prima-pagina","category-societa-istituzioni"],"yoast_head":"<!-- This site is optimized with the Yoast SEO plugin v28.4 - https:\/\/yoast.com\/product\/yoast-seo-wordpress\/ -->\n<title>Dalle \u201castronavi\u201d di Mattei ai carrelli della spesa - Bellunopress - Dolomiti<\/title>\n<meta name=\"robots\" content=\"index, follow, max-snippet:-1, max-image-preview:large, max-video-preview:-1\" \/>\n<link rel=\"canonical\" href=\"https:\/\/www.bellunopress.it\/fr\/2026\/03\/28\/dalle-astronavi-di-mattei-ai-carrelli-della-spesa\/\" \/>\n<meta property=\"og:locale\" content=\"fr_FR\" \/>\n<meta property=\"og:type\" content=\"article\" \/>\n<meta property=\"og:title\" content=\"Dalle \u201castronavi\u201d di Mattei ai carrelli della spesa - Bellunopress - Dolomiti\" \/>\n<meta property=\"og:description\" content=\"L\u2019immagine futurista dell\u2019ex distributore Agip di via Vittorio Veneto, diventata virale sul gruppo Facebook &#8220;Belluno, attualit\u00e0 e politica&#8221; con oltre 10.000 visualizzazioni in meno di 24 ore, riaccende il dibattito Belluno, 28\/03\/2026 \u2013 Se un\u2019immagine pubblicata su Facebook totalizza oltre 10.000 visualizzazioni in meno di 24 ore in una citt\u00e0 di 35.000 abitanti frazioni comprese, [&hellip;]\" \/>\n<meta property=\"og:url\" content=\"https:\/\/www.bellunopress.it\/fr\/2026\/03\/28\/dalle-astronavi-di-mattei-ai-carrelli-della-spesa\/\" \/>\n<meta property=\"og:site_name\" content=\"Bellunopress - Dolomiti\" \/>\n<meta property=\"article:publisher\" content=\"https:\/\/www.facebook.com\/profile.php?id=100008943462799\" \/>\n<meta property=\"article:published_time\" content=\"2026-03-28T06:20:28+00:00\" \/>\n<meta property=\"article:modified_time\" content=\"2026-03-28T13:46:26+00:00\" \/>\n<meta property=\"og:image\" content=\"https:\/\/www.bellunopress.it\/wp-content\/uploads\/2026\/03\/ex-agip-IA-centro-commerciale.jpg\" \/>\n\t<meta property=\"og:image:width\" content=\"600\" \/>\n\t<meta property=\"og:image:height\" content=\"408\" \/>\n\t<meta property=\"og:image:type\" content=\"image\/jpeg\" \/>\n<meta name=\"author\" content=\"redazione\" \/>\n<meta name=\"twitter:card\" content=\"summary_large_image\" \/>\n<meta name=\"twitter:creator\" content=\"@bellunopress\" \/>\n<meta name=\"twitter:site\" content=\"@bellunopress\" \/>\n<meta name=\"twitter:label1\" content=\"\u00c9crit par\" \/>\n\t<meta name=\"twitter:data1\" content=\"redazione\" \/>\n\t<meta name=\"twitter:label2\" content=\"Dur\u00e9e de lecture estim\u00e9e\" \/>\n\t<meta name=\"twitter:data2\" content=\"2 minutes\" \/>\n<script type=\"application\/ld+json\" class=\"yoast-schema-graph\">{\"@context\":\"https:\\\/\\\/schema.org\",\"@graph\":[{\"@type\":\"Article\",\"@id\":\"https:\\\/\\\/www.bellunopress.it\\\/2026\\\/03\\\/28\\\/dalle-astronavi-di-mattei-ai-carrelli-della-spesa\\\/#article\",\"isPartOf\":{\"@id\":\"https:\\\/\\\/www.bellunopress.it\\\/2026\\\/03\\\/28\\\/dalle-astronavi-di-mattei-ai-carrelli-della-spesa\\\/\"},\"author\":{\"name\":\"redazione\",\"@id\":\"https:\\\/\\\/www.bellunopress.it\\\/#\\\/schema\\\/person\\\/79bb06722b37ece1c03d3e94beb30d73\"},\"headline\":\"Dalle \u201castronavi\u201d di Mattei ai carrelli della spesa\",\"datePublished\":\"2026-03-28T06:20:28+00:00\",\"dateModified\":\"2026-03-28T13:46:26+00:00\",\"mainEntityOfPage\":{\"@id\":\"https:\\\/\\\/www.bellunopress.it\\\/2026\\\/03\\\/28\\\/dalle-astronavi-di-mattei-ai-carrelli-della-spesa\\\/\"},\"wordCount\":463,\"publisher\":{\"@id\":\"https:\\\/\\\/www.bellunopress.it\\\/#organization\"},\"image\":{\"@id\":\"https:\\\/\\\/www.bellunopress.it\\\/2026\\\/03\\\/28\\\/dalle-astronavi-di-mattei-ai-carrelli-della-spesa\\\/#primaryimage\"},\"thumbnailUrl\":\"https:\\\/\\\/www.bellunopress.it\\\/wp-content\\\/uploads\\\/2026\\\/03\\\/ex-agip-IA-centro-commerciale.jpg\",\"articleSection\":[\"Cronaca\\\/Politica\",\"Featured\",\"Prima Pagina\",\"Societ\u00e0, Associazioni, Istituzioni\"],\"inLanguage\":\"fr-FR\"},{\"@type\":\"WebPage\",\"@id\":\"https:\\\/\\\/www.bellunopress.it\\\/2026\\\/03\\\/28\\\/dalle-astronavi-di-mattei-ai-carrelli-della-spesa\\\/\",\"url\":\"https:\\\/\\\/www.bellunopress.it\\\/2026\\\/03\\\/28\\\/dalle-astronavi-di-mattei-ai-carrelli-della-spesa\\\/\",\"name\":\"Dalle \u201castronavi\u201d di Mattei ai carrelli della spesa - Bellunopress - Dolomiti\",\"isPartOf\":{\"@id\":\"https:\\\/\\\/www.bellunopress.it\\\/#website\"},\"primaryImageOfPage\":{\"@id\":\"https:\\\/\\\/www.bellunopress.it\\\/2026\\\/03\\\/28\\\/dalle-astronavi-di-mattei-ai-carrelli-della-spesa\\\/#primaryimage\"},\"image\":{\"@id\":\"https:\\\/\\\/www.bellunopress.it\\\/2026\\\/03\\\/28\\\/dalle-astronavi-di-mattei-ai-carrelli-della-spesa\\\/#primaryimage\"},\"thumbnailUrl\":\"https:\\\/\\\/www.bellunopress.it\\\/wp-content\\\/uploads\\\/2026\\\/03\\\/ex-agip-IA-centro-commerciale.jpg\",\"datePublished\":\"2026-03-28T06:20:28+00:00\",\"dateModified\":\"2026-03-28T13:46:26+00:00\",\"breadcrumb\":{\"@id\":\"https:\\\/\\\/www.bellunopress.it\\\/2026\\\/03\\\/28\\\/dalle-astronavi-di-mattei-ai-carrelli-della-spesa\\\/#breadcrumb\"},\"inLanguage\":\"fr-FR\",\"potentialAction\":[{\"@type\":\"ReadAction\",\"target\":[\"https:\\\/\\\/www.bellunopress.it\\\/2026\\\/03\\\/28\\\/dalle-astronavi-di-mattei-ai-carrelli-della-spesa\\\/\"]}]},{\"@type\":\"ImageObject\",\"inLanguage\":\"fr-FR\",\"@id\":\"https:\\\/\\\/www.bellunopress.it\\\/2026\\\/03\\\/28\\\/dalle-astronavi-di-mattei-ai-carrelli-della-spesa\\\/#primaryimage\",\"url\":\"https:\\\/\\\/www.bellunopress.it\\\/wp-content\\\/uploads\\\/2026\\\/03\\\/ex-agip-IA-centro-commerciale.jpg\",\"contentUrl\":\"https:\\\/\\\/www.bellunopress.it\\\/wp-content\\\/uploads\\\/2026\\\/03\\\/ex-agip-IA-centro-commerciale.jpg\",\"width\":600,\"height\":408,\"caption\":\"Immagine creata dall'intelligenza artificiale, ispirata all'architettura originaria della stazione di servizio Agip\"},{\"@type\":\"BreadcrumbList\",\"@id\":\"https:\\\/\\\/www.bellunopress.it\\\/2026\\\/03\\\/28\\\/dalle-astronavi-di-mattei-ai-carrelli-della-spesa\\\/#breadcrumb\",\"itemListElement\":[{\"@type\":\"ListItem\",\"position\":1,\"name\":\"Home\",\"item\":\"https:\\\/\\\/www.bellunopress.it\\\/\"},{\"@type\":\"ListItem\",\"position\":2,\"name\":\"Dalle \u201castronavi\u201d di Mattei ai carrelli della spesa\"}]},{\"@type\":\"WebSite\",\"@id\":\"https:\\\/\\\/www.bellunopress.it\\\/#website\",\"url\":\"https:\\\/\\\/www.bellunopress.it\\\/\",\"name\":\"Bellunopress - Dolomiti\",\"description\":\"e-mail: redazione@bellunopress.it\",\"publisher\":{\"@id\":\"https:\\\/\\\/www.bellunopress.it\\\/#organization\"},\"potentialAction\":[{\"@type\":\"SearchAction\",\"target\":{\"@type\":\"EntryPoint\",\"urlTemplate\":\"https:\\\/\\\/www.bellunopress.it\\\/?s={search_term_string}\"},\"query-input\":{\"@type\":\"PropertyValueSpecification\",\"valueRequired\":true,\"valueName\":\"search_term_string\"}}],\"inLanguage\":\"fr-FR\"},{\"@type\":\"Organization\",\"@id\":\"https:\\\/\\\/www.bellunopress.it\\\/#organization\",\"name\":\"Bellunopress\",\"url\":\"https:\\\/\\\/www.bellunopress.it\\\/\",\"logo\":{\"@type\":\"ImageObject\",\"inLanguage\":\"fr-FR\",\"@id\":\"https:\\\/\\\/www.bellunopress.it\\\/#\\\/schema\\\/logo\\\/image\\\/\",\"url\":\"https:\\\/\\\/www.bellunopress.it\\\/wp-content\\\/uploads\\\/2011\\\/05\\\/cropped-logo-bellunopress-.jpg\",\"contentUrl\":\"https:\\\/\\\/www.bellunopress.it\\\/wp-content\\\/uploads\\\/2011\\\/05\\\/cropped-logo-bellunopress-.jpg\",\"width\":512,\"height\":512,\"caption\":\"Bellunopress\"},\"image\":{\"@id\":\"https:\\\/\\\/www.bellunopress.it\\\/#\\\/schema\\\/logo\\\/image\\\/\"},\"sameAs\":[\"https:\\\/\\\/www.facebook.com\\\/profile.php?id=100008943462799\",\"https:\\\/\\\/x.com\\\/bellunopress\",\"https:\\\/\\\/www.linkedin.com\\\/hp\\\/?dnr=JBzUWaJfMUw8vbXJJ2tVW5-I3jZKvC4wsoxE&amp;amp;amp;amp;amp;amp;trk=nav_responsive_tab_home\",\"https:\\\/\\\/www.youtube.com\\\/channel\\\/UCxL0wu1uN0_3_7hGG0306cw\"]},{\"@type\":\"Person\",\"@id\":\"https:\\\/\\\/www.bellunopress.it\\\/#\\\/schema\\\/person\\\/79bb06722b37ece1c03d3e94beb30d73\",\"name\":\"redazione\",\"image\":{\"@type\":\"ImageObject\",\"inLanguage\":\"fr-FR\",\"@id\":\"https:\\\/\\\/secure.gravatar.com\\\/avatar\\\/37d968a2e67a6fd04c169c4bdef102d0bc5d31b2546345219e348575eb80e9a0?s=96&d=mm&r=g\",\"url\":\"https:\\\/\\\/secure.gravatar.com\\\/avatar\\\/37d968a2e67a6fd04c169c4bdef102d0bc5d31b2546345219e348575eb80e9a0?s=96&d=mm&r=g\",\"contentUrl\":\"https:\\\/\\\/secure.gravatar.com\\\/avatar\\\/37d968a2e67a6fd04c169c4bdef102d0bc5d31b2546345219e348575eb80e9a0?s=96&d=mm&r=g\",\"caption\":\"redazione\"},\"sameAs\":[\"http:\\\/\\\/www.bellunopress.it\",\"https:\\\/\\\/x.com\\\/bellunopress\"],\"url\":\"https:\\\/\\\/www.bellunopress.it\\\/fr\\\/author\\\/redazione\\\/\"}]}<\/script>\n<!-- \/ Yoast SEO plugin. -->","yoast_head_json":{"title":"Dalle \u201castronavi\u201d di Mattei ai carrelli della spesa - Bellunopress - Dolomiti","robots":{"index":"index","follow":"follow","max-snippet":"max-snippet:-1","max-image-preview":"max-image-preview:large","max-video-preview":"max-video-preview:-1"},"canonical":"https:\/\/www.bellunopress.it\/fr\/2026\/03\/28\/dalle-astronavi-di-mattei-ai-carrelli-della-spesa\/","og_locale":"fr_FR","og_type":"article","og_title":"Dalle \u201castronavi\u201d di Mattei ai carrelli della spesa - Bellunopress - Dolomiti","og_description":"L\u2019immagine futurista dell\u2019ex distributore Agip di via Vittorio Veneto, diventata virale sul gruppo Facebook &#8220;Belluno, attualit\u00e0 e politica&#8221; con oltre 10.000 visualizzazioni in meno di 24 ore, riaccende il dibattito Belluno, 28\/03\/2026 \u2013 Se un\u2019immagine pubblicata su Facebook totalizza oltre 10.000 visualizzazioni in meno di 24 ore in una citt\u00e0 di 35.000 abitanti frazioni comprese, [&hellip;]","og_url":"https:\/\/www.bellunopress.it\/fr\/2026\/03\/28\/dalle-astronavi-di-mattei-ai-carrelli-della-spesa\/","og_site_name":"Bellunopress - Dolomiti","article_publisher":"https:\/\/www.facebook.com\/profile.php?id=100008943462799","article_published_time":"2026-03-28T06:20:28+00:00","article_modified_time":"2026-03-28T13:46:26+00:00","og_image":[{"width":600,"height":408,"url":"https:\/\/www.bellunopress.it\/wp-content\/uploads\/2026\/03\/ex-agip-IA-centro-commerciale.jpg","type":"image\/jpeg"}],"author":"redazione","twitter_card":"summary_large_image","twitter_creator":"@bellunopress","twitter_site":"@bellunopress","twitter_misc":{"\u00c9crit par":"redazione","Dur\u00e9e de lecture estim\u00e9e":"2 minutes"},"schema":{"@context":"https:\/\/schema.org","@graph":[{"@type":"Article","@id":"https:\/\/www.bellunopress.it\/2026\/03\/28\/dalle-astronavi-di-mattei-ai-carrelli-della-spesa\/#article","isPartOf":{"@id":"https:\/\/www.bellunopress.it\/2026\/03\/28\/dalle-astronavi-di-mattei-ai-carrelli-della-spesa\/"},"author":{"name":"redazione","@id":"https:\/\/www.bellunopress.it\/#\/schema\/person\/79bb06722b37ece1c03d3e94beb30d73"},"headline":"Dalle \u201castronavi\u201d di Mattei ai carrelli della spesa","datePublished":"2026-03-28T06:20:28+00:00","dateModified":"2026-03-28T13:46:26+00:00","mainEntityOfPage":{"@id":"https:\/\/www.bellunopress.it\/2026\/03\/28\/dalle-astronavi-di-mattei-ai-carrelli-della-spesa\/"},"wordCount":463,"publisher":{"@id":"https:\/\/www.bellunopress.it\/#organization"},"image":{"@id":"https:\/\/www.bellunopress.it\/2026\/03\/28\/dalle-astronavi-di-mattei-ai-carrelli-della-spesa\/#primaryimage"},"thumbnailUrl":"https:\/\/www.bellunopress.it\/wp-content\/uploads\/2026\/03\/ex-agip-IA-centro-commerciale.jpg","articleSection":["Cronaca\/Politica","Featured","Prima Pagina","Societ\u00e0, Associazioni, Istituzioni"],"inLanguage":"fr-FR"},{"@type":"WebPage","@id":"https:\/\/www.bellunopress.it\/2026\/03\/28\/dalle-astronavi-di-mattei-ai-carrelli-della-spesa\/","url":"https:\/\/www.bellunopress.it\/2026\/03\/28\/dalle-astronavi-di-mattei-ai-carrelli-della-spesa\/","name":"Dalle \u201castronavi\u201d di Mattei ai carrelli della spesa - Bellunopress - Dolomiti","isPartOf":{"@id":"https:\/\/www.bellunopress.it\/#website"},"primaryImageOfPage":{"@id":"https:\/\/www.bellunopress.it\/2026\/03\/28\/dalle-astronavi-di-mattei-ai-carrelli-della-spesa\/#primaryimage"},"image":{"@id":"https:\/\/www.bellunopress.it\/2026\/03\/28\/dalle-astronavi-di-mattei-ai-carrelli-della-spesa\/#primaryimage"},"thumbnailUrl":"https:\/\/www.bellunopress.it\/wp-content\/uploads\/2026\/03\/ex-agip-IA-centro-commerciale.jpg","datePublished":"2026-03-28T06:20:28+00:00","dateModified":"2026-03-28T13:46:26+00:00","breadcrumb":{"@id":"https:\/\/www.bellunopress.it\/2026\/03\/28\/dalle-astronavi-di-mattei-ai-carrelli-della-spesa\/#breadcrumb"},"inLanguage":"fr-FR","potentialAction":[{"@type":"ReadAction","target":["https:\/\/www.bellunopress.it\/2026\/03\/28\/dalle-astronavi-di-mattei-ai-carrelli-della-spesa\/"]}]},{"@type":"ImageObject","inLanguage":"fr-FR","@id":"https:\/\/www.bellunopress.it\/2026\/03\/28\/dalle-astronavi-di-mattei-ai-carrelli-della-spesa\/#primaryimage","url":"https:\/\/www.bellunopress.it\/wp-content\/uploads\/2026\/03\/ex-agip-IA-centro-commerciale.jpg","contentUrl":"https:\/\/www.bellunopress.it\/wp-content\/uploads\/2026\/03\/ex-agip-IA-centro-commerciale.jpg","width":600,"height":408,"caption":"Immagine creata dall'intelligenza artificiale, ispirata all'architettura originaria della stazione di servizio Agip"},{"@type":"BreadcrumbList","@id":"https:\/\/www.bellunopress.it\/2026\/03\/28\/dalle-astronavi-di-mattei-ai-carrelli-della-spesa\/#breadcrumb","itemListElement":[{"@type":"ListItem","position":1,"name":"Home","item":"https:\/\/www.bellunopress.it\/"},{"@type":"ListItem","position":2,"name":"Dalle \u201castronavi\u201d di Mattei ai carrelli della spesa"}]},{"@type":"WebSite","@id":"https:\/\/www.bellunopress.it\/#website","url":"https:\/\/www.bellunopress.it\/","name":"Bellunopress - Dolomiti","description":"e-mail: redazione@bellunopress.it","publisher":{"@id":"https:\/\/www.bellunopress.it\/#organization"},"potentialAction":[{"@type":"SearchAction","target":{"@type":"EntryPoint","urlTemplate":"https:\/\/www.bellunopress.it\/?s={search_term_string}"},"query-input":{"@type":"PropertyValueSpecification","valueRequired":true,"valueName":"search_term_string"}}],"inLanguage":"fr-FR"},{"@type":"Organization","@id":"https:\/\/www.bellunopress.it\/#organization","name":"Bellunopress","url":"https:\/\/www.bellunopress.it\/","logo":{"@type":"ImageObject","inLanguage":"fr-FR","@id":"https:\/\/www.bellunopress.it\/#\/schema\/logo\/image\/","url":"https:\/\/www.bellunopress.it\/wp-content\/uploads\/2011\/05\/cropped-logo-bellunopress-.jpg","contentUrl":"https:\/\/www.bellunopress.it\/wp-content\/uploads\/2011\/05\/cropped-logo-bellunopress-.jpg","width":512,"height":512,"caption":"Bellunopress"},"image":{"@id":"https:\/\/www.bellunopress.it\/#\/schema\/logo\/image\/"},"sameAs":["https:\/\/www.facebook.com\/profile.php?id=100008943462799","https:\/\/x.com\/bellunopress","https:\/\/www.linkedin.com\/hp\/?dnr=JBzUWaJfMUw8vbXJJ2tVW5-I3jZKvC4wsoxE&amp;amp;amp;amp;amp;amp;trk=nav_responsive_tab_home","https:\/\/www.youtube.com\/channel\/UCxL0wu1uN0_3_7hGG0306cw"]},{"@type":"Person","@id":"https:\/\/www.bellunopress.it\/#\/schema\/person\/79bb06722b37ece1c03d3e94beb30d73","name":"r\u00e9daction","image":{"@type":"ImageObject","inLanguage":"fr-FR","@id":"https:\/\/secure.gravatar.com\/avatar\/37d968a2e67a6fd04c169c4bdef102d0bc5d31b2546345219e348575eb80e9a0?s=96&d=mm&r=g","url":"https:\/\/secure.gravatar.com\/avatar\/37d968a2e67a6fd04c169c4bdef102d0bc5d31b2546345219e348575eb80e9a0?s=96&d=mm&r=g","contentUrl":"https:\/\/secure.gravatar.com\/avatar\/37d968a2e67a6fd04c169c4bdef102d0bc5d31b2546345219e348575eb80e9a0?s=96&d=mm&r=g","caption":"redazione"},"sameAs":["http:\/\/www.bellunopress.it","https:\/\/x.com\/bellunopress"],"url":"https:\/\/www.bellunopress.it\/fr\/author\/redazione\/"}]}},"_links":{"self":[{"href":"https:\/\/www.bellunopress.it\/fr\/wp-json\/wp\/v2\/posts\/168571","targetHints":{"allow":["GET"]}}],"collection":[{"href":"https:\/\/www.bellunopress.it\/fr\/wp-json\/wp\/v2\/posts"}],"about":[{"href":"https:\/\/www.bellunopress.it\/fr\/wp-json\/wp\/v2\/types\/post"}],"author":[{"embeddable":true,"href":"https:\/\/www.bellunopress.it\/fr\/wp-json\/wp\/v2\/users\/2"}],"replies":[{"embeddable":true,"href":"https:\/\/www.bellunopress.it\/fr\/wp-json\/wp\/v2\/comments?post=168571"}],"version-history":[{"count":1,"href":"https:\/\/www.bellunopress.it\/fr\/wp-json\/wp\/v2\/posts\/168571\/revisions"}],"predecessor-version":[{"id":168573,"href":"https:\/\/www.bellunopress.it\/fr\/wp-json\/wp\/v2\/posts\/168571\/revisions\/168573"}],"wp:featuredmedia":[{"embeddable":true,"href":"https:\/\/www.bellunopress.it\/fr\/wp-json\/wp\/v2\/media\/168572"}],"wp:attachment":[{"href":"https:\/\/www.bellunopress.it\/fr\/wp-json\/wp\/v2\/media?parent=168571"}],"wp:term":[{"taxonomy":"category","embeddable":true,"href":"https:\/\/www.bellunopress.it\/fr\/wp-json\/wp\/v2\/categories?post=168571"},{"taxonomy":"post_tag","embeddable":true,"href":"https:\/\/www.bellunopress.it\/fr\/wp-json\/wp\/v2\/tags?post=168571"}],"curies":[{"name":"wp","href":"https:\/\/api.w.org\/{rel}","templated":true}]}}