{"id":168568,"date":"2026-03-27T20:21:48","date_gmt":"2026-03-27T19:21:48","guid":{"rendered":"https:\/\/www.bellunopress.it\/?p=168568"},"modified":"2026-03-27T20:21:48","modified_gmt":"2026-03-27T19:21:48","slug":"giornalismo-al-buio-ecco-perche-oggi-la-tv-e-la-stampa-si-fermano","status":"publish","type":"post","link":"https:\/\/www.bellunopress.it\/fr\/2026\/03\/27\/giornalismo-al-buio-ecco-perche-oggi-la-tv-e-la-stampa-si-fermano\/","title":{"rendered":"Giornalismo al buio: ecco perch\u00e9 oggi la TV e la stampa si fermano"},"content":{"rendered":"<h3 data-path-to-node=\"3\">Contratto scaduto da 10 anni, stipendi in calo e 500 milioni di fondi pubblici: i numeri di una crisi di dignit\u00e0<\/h3>\n<p data-path-to-node=\"4\">Oggi, venerd\u00ec 27 marzo 2026, l\u2019informazione italiana incrocia le braccia. \u00c8 la seconda giornata di un pacchetto di cinque scioperi proclamati dalla FNSI (Federazione Nazionale Stampa Italiana), che vede un&#8217;adesione massiccia nelle redazioni dei telegiornali Rai, Mediaset, Sky e La7, oltre che nei quotidiani e nelle agenzie di stampa.<\/p>\n<p data-path-to-node=\"5\">Non \u00e8 solo una protesta di categoria, ma il grido d&#8217;allarme di un settore che denuncia un paradosso insostenibile: mentre lo Stato continua a erogare massicci contributi pubblici all&#8217;editoria, i lavoratori vedono i propri diritti e salari erosi da un decennio di immobilismo.<\/p>\n<h3 data-path-to-node=\"6\">1. Il record negativo: 10 anni senza contratto<\/h3>\n<p data-path-to-node=\"7\">I giornalisti italiani rappresentano oggi l&#8217;unica categoria di lavoratori dipendenti in Italia con un contratto nazionale (Fieg-Fnsi) scaduto dal 1\u00b0 aprile 2016. In dieci anni il mondo della comunicazione \u00e8 stato stravolto dalla rivoluzione digitale e dall&#8217;intelligenza artificiale, ma le regole che tutelano chi scrive e produce informazione sono rimaste ferme a un&#8217;epoca pre-pandemica.<\/p>\n<h3 data-path-to-node=\"8\">2. Stipendi: una perdita del 20% del potere d&#8217;acquisto<\/h3>\n<p data-path-to-node=\"9\">Il dato economico \u00e8 impietoso. A causa del mancato rinnovo e dell&#8217;impennata inflattiva degli ultimi anni, il valore reale degli stipendi dei giornalisti \u00e8 diminuito di circa il 20%.<\/p>\n<ul data-path-to-node=\"10\">\n<li>\n<p data-path-to-node=\"10,0,0\">Carichi di lavoro: A fronte di redazioni &#8220;fantasma&#8221; (svuotate da prepensionamenti e blocchi del turnover), ai giornalisti rimasti viene chiesta una produttivit\u00e0 multipiattaforma (TV, web, social) h24.<\/p>\n<\/li>\n<li>\n<p data-path-to-node=\"10,1,0\">Il precariato: Mentre i dipendenti vedono i minimi tabellari fermi, il lavoro autonomo \u00e8 scivolato verso forme di &#8220;sfruttamento legalizzato&#8221;, con collaboratori pagati pochi euro a pezzo o a servizio video.<\/p>\n<\/li>\n<\/ul>\n<h3 data-path-to-node=\"11\">3. Il paradosso dei contributi pubblici<\/h3>\n<p data-path-to-node=\"12\">Il punto pi\u00f9 critico della protesta riguarda la gestione delle risorse pubbliche. Secondo i dati sindacali e i bilanci del Dipartimento per l&#8217;Editoria:<\/p>\n<ul data-path-to-node=\"13\">\n<li>\n<p data-path-to-node=\"13,0,0\">500 milioni di euro: \u00c8 la stima complessiva dei fondi che, tra contributi diretti, crediti d&#8217;imposta (per carta, energia, digitale) e incentivi ai prepensionamenti, lo Stato ha riversato nelle casse delle aziende editoriali negli ultimi anni.<\/p>\n<\/li>\n<li>\n<p data-path-to-node=\"13,1,0\">Investimenti mancanti: La critica della FNSI agli editori (Fieg) \u00e8 netta: queste risorse milionarie sono state utilizzate per &#8220;far quadrare i bilanci&#8221; e finanziare le uscite del personale, anzich\u00e9 essere investite nel rinnovo contrattuale o nel potenziamento della qualit\u00e0 professionale.<\/p>\n<\/li>\n<\/ul>\n<blockquote data-path-to-node=\"16\">\n<h6 style=\"text-align: left;\" data-path-to-node=\"16,0\">&#8220;Il contratto non \u00e8 un privilegio, ma la prima garanzia di libert\u00e0 per i cittadini. Senza una retribuzione dignitosa e tutele certe, il giornalismo soccombe ai ricatti economici, minando le basi della democrazia.&#8221;<\/h6>\n<h6 style=\"text-align: left;\" data-path-to-node=\"16,0\"><i data-path-to-node=\"16,0\" data-index-in-node=\"216\">Sintesi del comunicato sindacale FNSI<\/i><\/h6>\n<\/blockquote>\n<p data-path-to-node=\"17\">Oggi le edizioni dei telegiornali saranno ridotte o assenti, sostituite da un breve comunicato sindacale. Il &#8220;silenzio&#8221; dei video e delle rotative \u00e8 l&#8217;unico modo rimasto per far sentire una voce che, da dieci anni, resta inascoltata ai tavoli delle trattative.<\/p>","protected":false},"excerpt":{"rendered":"<p>Contratto scaduto da 10 anni, stipendi in calo e 500 milioni di fondi pubblici: i numeri di una crisi di dignit\u00e0 Oggi, venerd\u00ec 27 marzo 2026, l\u2019informazione italiana incrocia le braccia. \u00c8 la seconda giornata di un pacchetto di cinque scioperi proclamati dalla FNSI (Federazione Nazionale Stampa Italiana), che vede un&#8217;adesione massiccia nelle redazioni dei [&hellip;]<\/p>\n","protected":false},"author":2,"featured_media":168569,"comment_status":"closed","ping_status":"open","sticky":false,"template":"","format":"standard","meta":{"footnotes":""},"categories":[5],"tags":[],"class_list":["post-168568","post","type-post","status-publish","format-standard","has-post-thumbnail","category-cronaca"],"yoast_head":"<!-- This site is optimized with the Yoast SEO plugin v28.4 - https:\/\/yoast.com\/product\/yoast-seo-wordpress\/ -->\n<title>Giornalismo al buio: ecco perch\u00e9 oggi la TV e la stampa si fermano - Bellunopress - Dolomiti<\/title>\n<meta name=\"robots\" content=\"index, follow, max-snippet:-1, max-image-preview:large, max-video-preview:-1\" \/>\n<link rel=\"canonical\" href=\"https:\/\/www.bellunopress.it\/fr\/2026\/03\/27\/giornalismo-al-buio-ecco-perche-oggi-la-tv-e-la-stampa-si-fermano\/\" \/>\n<meta property=\"og:locale\" content=\"fr_FR\" \/>\n<meta property=\"og:type\" content=\"article\" \/>\n<meta property=\"og:title\" content=\"Giornalismo al buio: ecco perch\u00e9 oggi la TV e la stampa si fermano - Bellunopress - Dolomiti\" \/>\n<meta property=\"og:description\" content=\"Contratto scaduto da 10 anni, stipendi in calo e 500 milioni di fondi pubblici: i numeri di una crisi di dignit\u00e0 Oggi, venerd\u00ec 27 marzo 2026, l\u2019informazione italiana incrocia le braccia. \u00c8 la seconda giornata di un pacchetto di cinque scioperi proclamati dalla FNSI (Federazione Nazionale Stampa Italiana), che vede un&#8217;adesione massiccia nelle redazioni dei [&hellip;]\" \/>\n<meta property=\"og:url\" content=\"https:\/\/www.bellunopress.it\/fr\/2026\/03\/27\/giornalismo-al-buio-ecco-perche-oggi-la-tv-e-la-stampa-si-fermano\/\" \/>\n<meta property=\"og:site_name\" content=\"Bellunopress - Dolomiti\" \/>\n<meta property=\"article:publisher\" content=\"https:\/\/www.facebook.com\/profile.php?id=100008943462799\" \/>\n<meta property=\"article:published_time\" content=\"2026-03-27T19:21:48+00:00\" \/>\n<meta property=\"og:image\" content=\"https:\/\/www.bellunopress.it\/wp-content\/uploads\/2026\/03\/giornali.jpg\" \/>\n\t<meta property=\"og:image:width\" content=\"449\" \/>\n\t<meta property=\"og:image:height\" content=\"600\" \/>\n\t<meta property=\"og:image:type\" content=\"image\/jpeg\" \/>\n<meta name=\"author\" content=\"redazione\" \/>\n<meta name=\"twitter:card\" content=\"summary_large_image\" \/>\n<meta name=\"twitter:creator\" content=\"@bellunopress\" \/>\n<meta name=\"twitter:site\" content=\"@bellunopress\" \/>\n<meta name=\"twitter:label1\" content=\"\u00c9crit par\" \/>\n\t<meta name=\"twitter:data1\" content=\"redazione\" \/>\n\t<meta name=\"twitter:label2\" content=\"Dur\u00e9e de lecture estim\u00e9e\" \/>\n\t<meta name=\"twitter:data2\" content=\"2 minutes\" \/>\n<script type=\"application\/ld+json\" class=\"yoast-schema-graph\">{\"@context\":\"https:\\\/\\\/schema.org\",\"@graph\":[{\"@type\":\"Article\",\"@id\":\"https:\\\/\\\/www.bellunopress.it\\\/2026\\\/03\\\/27\\\/giornalismo-al-buio-ecco-perche-oggi-la-tv-e-la-stampa-si-fermano\\\/#article\",\"isPartOf\":{\"@id\":\"https:\\\/\\\/www.bellunopress.it\\\/2026\\\/03\\\/27\\\/giornalismo-al-buio-ecco-perche-oggi-la-tv-e-la-stampa-si-fermano\\\/\"},\"author\":{\"name\":\"redazione\",\"@id\":\"https:\\\/\\\/www.bellunopress.it\\\/#\\\/schema\\\/person\\\/79bb06722b37ece1c03d3e94beb30d73\"},\"headline\":\"Giornalismo al buio: ecco perch\u00e9 oggi la TV e la stampa si fermano\",\"datePublished\":\"2026-03-27T19:21:48+00:00\",\"mainEntityOfPage\":{\"@id\":\"https:\\\/\\\/www.bellunopress.it\\\/2026\\\/03\\\/27\\\/giornalismo-al-buio-ecco-perche-oggi-la-tv-e-la-stampa-si-fermano\\\/\"},\"wordCount\":457,\"publisher\":{\"@id\":\"https:\\\/\\\/www.bellunopress.it\\\/#organization\"},\"image\":{\"@id\":\"https:\\\/\\\/www.bellunopress.it\\\/2026\\\/03\\\/27\\\/giornalismo-al-buio-ecco-perche-oggi-la-tv-e-la-stampa-si-fermano\\\/#primaryimage\"},\"thumbnailUrl\":\"https:\\\/\\\/www.bellunopress.it\\\/wp-content\\\/uploads\\\/2026\\\/03\\\/giornali.jpg\",\"articleSection\":[\"Cronaca\\\/Politica\"],\"inLanguage\":\"fr-FR\"},{\"@type\":\"WebPage\",\"@id\":\"https:\\\/\\\/www.bellunopress.it\\\/2026\\\/03\\\/27\\\/giornalismo-al-buio-ecco-perche-oggi-la-tv-e-la-stampa-si-fermano\\\/\",\"url\":\"https:\\\/\\\/www.bellunopress.it\\\/2026\\\/03\\\/27\\\/giornalismo-al-buio-ecco-perche-oggi-la-tv-e-la-stampa-si-fermano\\\/\",\"name\":\"Giornalismo al buio: ecco perch\u00e9 oggi la TV e la stampa si fermano - Bellunopress - Dolomiti\",\"isPartOf\":{\"@id\":\"https:\\\/\\\/www.bellunopress.it\\\/#website\"},\"primaryImageOfPage\":{\"@id\":\"https:\\\/\\\/www.bellunopress.it\\\/2026\\\/03\\\/27\\\/giornalismo-al-buio-ecco-perche-oggi-la-tv-e-la-stampa-si-fermano\\\/#primaryimage\"},\"image\":{\"@id\":\"https:\\\/\\\/www.bellunopress.it\\\/2026\\\/03\\\/27\\\/giornalismo-al-buio-ecco-perche-oggi-la-tv-e-la-stampa-si-fermano\\\/#primaryimage\"},\"thumbnailUrl\":\"https:\\\/\\\/www.bellunopress.it\\\/wp-content\\\/uploads\\\/2026\\\/03\\\/giornali.jpg\",\"datePublished\":\"2026-03-27T19:21:48+00:00\",\"breadcrumb\":{\"@id\":\"https:\\\/\\\/www.bellunopress.it\\\/2026\\\/03\\\/27\\\/giornalismo-al-buio-ecco-perche-oggi-la-tv-e-la-stampa-si-fermano\\\/#breadcrumb\"},\"inLanguage\":\"fr-FR\",\"potentialAction\":[{\"@type\":\"ReadAction\",\"target\":[\"https:\\\/\\\/www.bellunopress.it\\\/2026\\\/03\\\/27\\\/giornalismo-al-buio-ecco-perche-oggi-la-tv-e-la-stampa-si-fermano\\\/\"]}]},{\"@type\":\"ImageObject\",\"inLanguage\":\"fr-FR\",\"@id\":\"https:\\\/\\\/www.bellunopress.it\\\/2026\\\/03\\\/27\\\/giornalismo-al-buio-ecco-perche-oggi-la-tv-e-la-stampa-si-fermano\\\/#primaryimage\",\"url\":\"https:\\\/\\\/www.bellunopress.it\\\/wp-content\\\/uploads\\\/2026\\\/03\\\/giornali.jpg\",\"contentUrl\":\"https:\\\/\\\/www.bellunopress.it\\\/wp-content\\\/uploads\\\/2026\\\/03\\\/giornali.jpg\",\"width\":449,\"height\":600},{\"@type\":\"BreadcrumbList\",\"@id\":\"https:\\\/\\\/www.bellunopress.it\\\/2026\\\/03\\\/27\\\/giornalismo-al-buio-ecco-perche-oggi-la-tv-e-la-stampa-si-fermano\\\/#breadcrumb\",\"itemListElement\":[{\"@type\":\"ListItem\",\"position\":1,\"name\":\"Home\",\"item\":\"https:\\\/\\\/www.bellunopress.it\\\/\"},{\"@type\":\"ListItem\",\"position\":2,\"name\":\"Giornalismo al buio: ecco perch\u00e9 oggi la TV e la stampa si fermano\"}]},{\"@type\":\"WebSite\",\"@id\":\"https:\\\/\\\/www.bellunopress.it\\\/#website\",\"url\":\"https:\\\/\\\/www.bellunopress.it\\\/\",\"name\":\"Bellunopress - Dolomiti\",\"description\":\"e-mail: redazione@bellunopress.it\",\"publisher\":{\"@id\":\"https:\\\/\\\/www.bellunopress.it\\\/#organization\"},\"potentialAction\":[{\"@type\":\"SearchAction\",\"target\":{\"@type\":\"EntryPoint\",\"urlTemplate\":\"https:\\\/\\\/www.bellunopress.it\\\/?s={search_term_string}\"},\"query-input\":{\"@type\":\"PropertyValueSpecification\",\"valueRequired\":true,\"valueName\":\"search_term_string\"}}],\"inLanguage\":\"fr-FR\"},{\"@type\":\"Organization\",\"@id\":\"https:\\\/\\\/www.bellunopress.it\\\/#organization\",\"name\":\"Bellunopress\",\"url\":\"https:\\\/\\\/www.bellunopress.it\\\/\",\"logo\":{\"@type\":\"ImageObject\",\"inLanguage\":\"fr-FR\",\"@id\":\"https:\\\/\\\/www.bellunopress.it\\\/#\\\/schema\\\/logo\\\/image\\\/\",\"url\":\"https:\\\/\\\/www.bellunopress.it\\\/wp-content\\\/uploads\\\/2011\\\/05\\\/cropped-logo-bellunopress-.jpg\",\"contentUrl\":\"https:\\\/\\\/www.bellunopress.it\\\/wp-content\\\/uploads\\\/2011\\\/05\\\/cropped-logo-bellunopress-.jpg\",\"width\":512,\"height\":512,\"caption\":\"Bellunopress\"},\"image\":{\"@id\":\"https:\\\/\\\/www.bellunopress.it\\\/#\\\/schema\\\/logo\\\/image\\\/\"},\"sameAs\":[\"https:\\\/\\\/www.facebook.com\\\/profile.php?id=100008943462799\",\"https:\\\/\\\/x.com\\\/bellunopress\",\"https:\\\/\\\/www.linkedin.com\\\/hp\\\/?dnr=JBzUWaJfMUw8vbXJJ2tVW5-I3jZKvC4wsoxE&amp;amp;amp;amp;amp;amp;trk=nav_responsive_tab_home\",\"https:\\\/\\\/www.youtube.com\\\/channel\\\/UCxL0wu1uN0_3_7hGG0306cw\"]},{\"@type\":\"Person\",\"@id\":\"https:\\\/\\\/www.bellunopress.it\\\/#\\\/schema\\\/person\\\/79bb06722b37ece1c03d3e94beb30d73\",\"name\":\"redazione\",\"image\":{\"@type\":\"ImageObject\",\"inLanguage\":\"fr-FR\",\"@id\":\"https:\\\/\\\/secure.gravatar.com\\\/avatar\\\/37d968a2e67a6fd04c169c4bdef102d0bc5d31b2546345219e348575eb80e9a0?s=96&d=mm&r=g\",\"url\":\"https:\\\/\\\/secure.gravatar.com\\\/avatar\\\/37d968a2e67a6fd04c169c4bdef102d0bc5d31b2546345219e348575eb80e9a0?s=96&d=mm&r=g\",\"contentUrl\":\"https:\\\/\\\/secure.gravatar.com\\\/avatar\\\/37d968a2e67a6fd04c169c4bdef102d0bc5d31b2546345219e348575eb80e9a0?s=96&d=mm&r=g\",\"caption\":\"redazione\"},\"sameAs\":[\"http:\\\/\\\/www.bellunopress.it\",\"https:\\\/\\\/x.com\\\/bellunopress\"],\"url\":\"https:\\\/\\\/www.bellunopress.it\\\/fr\\\/author\\\/redazione\\\/\"}]}<\/script>\n<!-- \/ Yoast SEO plugin. -->","yoast_head_json":{"title":"Giornalismo al buio: ecco perch\u00e9 oggi la TV e la stampa si fermano - Bellunopress - Dolomiti","robots":{"index":"index","follow":"follow","max-snippet":"max-snippet:-1","max-image-preview":"max-image-preview:large","max-video-preview":"max-video-preview:-1"},"canonical":"https:\/\/www.bellunopress.it\/fr\/2026\/03\/27\/giornalismo-al-buio-ecco-perche-oggi-la-tv-e-la-stampa-si-fermano\/","og_locale":"fr_FR","og_type":"article","og_title":"Giornalismo al buio: ecco perch\u00e9 oggi la TV e la stampa si fermano - Bellunopress - Dolomiti","og_description":"Contratto scaduto da 10 anni, stipendi in calo e 500 milioni di fondi pubblici: i numeri di una crisi di dignit\u00e0 Oggi, venerd\u00ec 27 marzo 2026, l\u2019informazione italiana incrocia le braccia. \u00c8 la seconda giornata di un pacchetto di cinque scioperi proclamati dalla FNSI (Federazione Nazionale Stampa Italiana), che vede un&#8217;adesione massiccia nelle redazioni dei [&hellip;]","og_url":"https:\/\/www.bellunopress.it\/fr\/2026\/03\/27\/giornalismo-al-buio-ecco-perche-oggi-la-tv-e-la-stampa-si-fermano\/","og_site_name":"Bellunopress - Dolomiti","article_publisher":"https:\/\/www.facebook.com\/profile.php?id=100008943462799","article_published_time":"2026-03-27T19:21:48+00:00","og_image":[{"width":449,"height":600,"url":"https:\/\/www.bellunopress.it\/wp-content\/uploads\/2026\/03\/giornali.jpg","type":"image\/jpeg"}],"author":"redazione","twitter_card":"summary_large_image","twitter_creator":"@bellunopress","twitter_site":"@bellunopress","twitter_misc":{"\u00c9crit par":"redazione","Dur\u00e9e de lecture estim\u00e9e":"2 minutes"},"schema":{"@context":"https:\/\/schema.org","@graph":[{"@type":"Article","@id":"https:\/\/www.bellunopress.it\/2026\/03\/27\/giornalismo-al-buio-ecco-perche-oggi-la-tv-e-la-stampa-si-fermano\/#article","isPartOf":{"@id":"https:\/\/www.bellunopress.it\/2026\/03\/27\/giornalismo-al-buio-ecco-perche-oggi-la-tv-e-la-stampa-si-fermano\/"},"author":{"name":"redazione","@id":"https:\/\/www.bellunopress.it\/#\/schema\/person\/79bb06722b37ece1c03d3e94beb30d73"},"headline":"Giornalismo al buio: ecco perch\u00e9 oggi la TV e la stampa si fermano","datePublished":"2026-03-27T19:21:48+00:00","mainEntityOfPage":{"@id":"https:\/\/www.bellunopress.it\/2026\/03\/27\/giornalismo-al-buio-ecco-perche-oggi-la-tv-e-la-stampa-si-fermano\/"},"wordCount":457,"publisher":{"@id":"https:\/\/www.bellunopress.it\/#organization"},"image":{"@id":"https:\/\/www.bellunopress.it\/2026\/03\/27\/giornalismo-al-buio-ecco-perche-oggi-la-tv-e-la-stampa-si-fermano\/#primaryimage"},"thumbnailUrl":"https:\/\/www.bellunopress.it\/wp-content\/uploads\/2026\/03\/giornali.jpg","articleSection":["Cronaca\/Politica"],"inLanguage":"fr-FR"},{"@type":"WebPage","@id":"https:\/\/www.bellunopress.it\/2026\/03\/27\/giornalismo-al-buio-ecco-perche-oggi-la-tv-e-la-stampa-si-fermano\/","url":"https:\/\/www.bellunopress.it\/2026\/03\/27\/giornalismo-al-buio-ecco-perche-oggi-la-tv-e-la-stampa-si-fermano\/","name":"Giornalismo al buio: ecco perch\u00e9 oggi la TV e la stampa si fermano - Bellunopress - Dolomiti","isPartOf":{"@id":"https:\/\/www.bellunopress.it\/#website"},"primaryImageOfPage":{"@id":"https:\/\/www.bellunopress.it\/2026\/03\/27\/giornalismo-al-buio-ecco-perche-oggi-la-tv-e-la-stampa-si-fermano\/#primaryimage"},"image":{"@id":"https:\/\/www.bellunopress.it\/2026\/03\/27\/giornalismo-al-buio-ecco-perche-oggi-la-tv-e-la-stampa-si-fermano\/#primaryimage"},"thumbnailUrl":"https:\/\/www.bellunopress.it\/wp-content\/uploads\/2026\/03\/giornali.jpg","datePublished":"2026-03-27T19:21:48+00:00","breadcrumb":{"@id":"https:\/\/www.bellunopress.it\/2026\/03\/27\/giornalismo-al-buio-ecco-perche-oggi-la-tv-e-la-stampa-si-fermano\/#breadcrumb"},"inLanguage":"fr-FR","potentialAction":[{"@type":"ReadAction","target":["https:\/\/www.bellunopress.it\/2026\/03\/27\/giornalismo-al-buio-ecco-perche-oggi-la-tv-e-la-stampa-si-fermano\/"]}]},{"@type":"ImageObject","inLanguage":"fr-FR","@id":"https:\/\/www.bellunopress.it\/2026\/03\/27\/giornalismo-al-buio-ecco-perche-oggi-la-tv-e-la-stampa-si-fermano\/#primaryimage","url":"https:\/\/www.bellunopress.it\/wp-content\/uploads\/2026\/03\/giornali.jpg","contentUrl":"https:\/\/www.bellunopress.it\/wp-content\/uploads\/2026\/03\/giornali.jpg","width":449,"height":600},{"@type":"BreadcrumbList","@id":"https:\/\/www.bellunopress.it\/2026\/03\/27\/giornalismo-al-buio-ecco-perche-oggi-la-tv-e-la-stampa-si-fermano\/#breadcrumb","itemListElement":[{"@type":"ListItem","position":1,"name":"Home","item":"https:\/\/www.bellunopress.it\/"},{"@type":"ListItem","position":2,"name":"Giornalismo al buio: ecco perch\u00e9 oggi la TV e la stampa si fermano"}]},{"@type":"WebSite","@id":"https:\/\/www.bellunopress.it\/#website","url":"https:\/\/www.bellunopress.it\/","name":"Bellunopress - Dolomiti","description":"e-mail: redazione@bellunopress.it","publisher":{"@id":"https:\/\/www.bellunopress.it\/#organization"},"potentialAction":[{"@type":"SearchAction","target":{"@type":"EntryPoint","urlTemplate":"https:\/\/www.bellunopress.it\/?s={search_term_string}"},"query-input":{"@type":"PropertyValueSpecification","valueRequired":true,"valueName":"search_term_string"}}],"inLanguage":"fr-FR"},{"@type":"Organization","@id":"https:\/\/www.bellunopress.it\/#organization","name":"Bellunopress","url":"https:\/\/www.bellunopress.it\/","logo":{"@type":"ImageObject","inLanguage":"fr-FR","@id":"https:\/\/www.bellunopress.it\/#\/schema\/logo\/image\/","url":"https:\/\/www.bellunopress.it\/wp-content\/uploads\/2011\/05\/cropped-logo-bellunopress-.jpg","contentUrl":"https:\/\/www.bellunopress.it\/wp-content\/uploads\/2011\/05\/cropped-logo-bellunopress-.jpg","width":512,"height":512,"caption":"Bellunopress"},"image":{"@id":"https:\/\/www.bellunopress.it\/#\/schema\/logo\/image\/"},"sameAs":["https:\/\/www.facebook.com\/profile.php?id=100008943462799","https:\/\/x.com\/bellunopress","https:\/\/www.linkedin.com\/hp\/?dnr=JBzUWaJfMUw8vbXJJ2tVW5-I3jZKvC4wsoxE&amp;amp;amp;amp;amp;amp;trk=nav_responsive_tab_home","https:\/\/www.youtube.com\/channel\/UCxL0wu1uN0_3_7hGG0306cw"]},{"@type":"Person","@id":"https:\/\/www.bellunopress.it\/#\/schema\/person\/79bb06722b37ece1c03d3e94beb30d73","name":"r\u00e9daction","image":{"@type":"ImageObject","inLanguage":"fr-FR","@id":"https:\/\/secure.gravatar.com\/avatar\/37d968a2e67a6fd04c169c4bdef102d0bc5d31b2546345219e348575eb80e9a0?s=96&d=mm&r=g","url":"https:\/\/secure.gravatar.com\/avatar\/37d968a2e67a6fd04c169c4bdef102d0bc5d31b2546345219e348575eb80e9a0?s=96&d=mm&r=g","contentUrl":"https:\/\/secure.gravatar.com\/avatar\/37d968a2e67a6fd04c169c4bdef102d0bc5d31b2546345219e348575eb80e9a0?s=96&d=mm&r=g","caption":"redazione"},"sameAs":["http:\/\/www.bellunopress.it","https:\/\/x.com\/bellunopress"],"url":"https:\/\/www.bellunopress.it\/fr\/author\/redazione\/"}]}},"_links":{"self":[{"href":"https:\/\/www.bellunopress.it\/fr\/wp-json\/wp\/v2\/posts\/168568","targetHints":{"allow":["GET"]}}],"collection":[{"href":"https:\/\/www.bellunopress.it\/fr\/wp-json\/wp\/v2\/posts"}],"about":[{"href":"https:\/\/www.bellunopress.it\/fr\/wp-json\/wp\/v2\/types\/post"}],"author":[{"embeddable":true,"href":"https:\/\/www.bellunopress.it\/fr\/wp-json\/wp\/v2\/users\/2"}],"replies":[{"embeddable":true,"href":"https:\/\/www.bellunopress.it\/fr\/wp-json\/wp\/v2\/comments?post=168568"}],"version-history":[{"count":1,"href":"https:\/\/www.bellunopress.it\/fr\/wp-json\/wp\/v2\/posts\/168568\/revisions"}],"predecessor-version":[{"id":168570,"href":"https:\/\/www.bellunopress.it\/fr\/wp-json\/wp\/v2\/posts\/168568\/revisions\/168570"}],"wp:featuredmedia":[{"embeddable":true,"href":"https:\/\/www.bellunopress.it\/fr\/wp-json\/wp\/v2\/media\/168569"}],"wp:attachment":[{"href":"https:\/\/www.bellunopress.it\/fr\/wp-json\/wp\/v2\/media?parent=168568"}],"wp:term":[{"taxonomy":"category","embeddable":true,"href":"https:\/\/www.bellunopress.it\/fr\/wp-json\/wp\/v2\/categories?post=168568"},{"taxonomy":"post_tag","embeddable":true,"href":"https:\/\/www.bellunopress.it\/fr\/wp-json\/wp\/v2\/tags?post=168568"}],"curies":[{"name":"wp","href":"https:\/\/api.w.org\/{rel}","templated":true}]}}