{"id":168566,"date":"2026-03-27T20:04:37","date_gmt":"2026-03-27T19:04:37","guid":{"rendered":"https:\/\/www.bellunopress.it\/?p=168566"},"modified":"2026-03-27T20:04:37","modified_gmt":"2026-03-27T19:04:37","slug":"servizi-sociali-a-limana-e-caos-tra-comune-e-azienda-speciale-laffondo-del-gruppo-oltre-limana","status":"publish","type":"post","link":"https:\/\/www.bellunopress.it\/fr\/2026\/03\/27\/servizi-sociali-a-limana-e-caos-tra-comune-e-azienda-speciale-laffondo-del-gruppo-oltre-limana\/","title":{"rendered":"Servizi sociali: a Limana \u00e8 caos tra Comune e Azienda Speciale. L&#8217;affondo del Gruppo Oltre Limana"},"content":{"rendered":"<p data-path-to-node=\"3\"><b data-path-to-node=\"3\" data-index-in-node=\"0\">Documenti contraddittori, risposte ritenute evasive e incognite sul futuro del personale: il gruppo di opposizione guidato da Milena De Zanet chiede chiarezza sulla gestione dell&#8217;assistenza domiciliare e della casa di riposo.<\/b><\/p>\n<p data-path-to-node=\"4\">Limana, 27\/03\/2026\u00a0\u2013 Un &#8220;paradosso amministrativo&#8221; che rischia di lasciare i servizi sociali del Comune in una fitta nebbia. \u00c8 questa la denuncia che arriva dai banchi della minoranza di Oltre Limana, che ha depositato una nuova e urgente interrogazione per fare luce sulla gestione del welfare locale e sul coordinamento tra l\u2019Amministrazione Talo e la sua societ\u00e0 partecipata, l\u2019Azienda Speciale &#8220;Limana Servizi&#8221;.<\/p>\n<h6 style=\"text-align: left;\" data-path-to-node=\"6\">Al centro della polemica c\u2019\u00e8 una discrepanza tra i documenti contabili e programmatici dei due enti. Secondo quanto emerso nell\u2019ultimo Consiglio comunale di dicembre, il Piano Programma della Limana Servizi fissa per il 2026 l\u2019obiettivo di assumere la gestione diretta dei servizi domiciliari e dell\u2019assistente sociale. Tuttavia, nel Documento Unico di Programmazione (DUP) del Comune di Limana, non vi sarebbe traccia di questo passaggio di consegne.<\/h6>\n<blockquote data-path-to-node=\"7\">\n<h6 style=\"text-align: left;\" data-path-to-node=\"7,0\">\u00abCom\u2019\u00e8 possibile che gli atti programmatori del Comune non recepiscano questa transizione?\u00bb si chiede la capogruppo Milena De Zanet. \u00abLe risposte dell&#8217;Assessore Dalla Cort sono state carenti ed evasive. Abbiamo la netta sensazione che manchi un coordinamento reale o, peggio, che la maggioranza non eserciti il necessario controllo sulla sua Azienda Speciale\u00bb.<\/h6>\n<\/blockquote>\n<p data-path-to-node=\"9\">L\u2019interrogazione punta il dito anche sul futuro dei dipendenti. Se il servizio passer\u00e0 alla Limana Servizi, quale sar\u00e0 il destino dei lavoratori comunali attualmente in forza all\u2019Ufficio Servizi Sociali? L&#8217;opposizione chiede di sapere se il personale sia stato coinvolto nelle scelte e se sia previsto un passaggio di organico o un cambio di mansioni, sottolineando la delicatezza di uffici che trattano quotidianamente con le fragilit\u00e0 del territorio.<\/p>\n<p data-path-to-node=\"11\">A preoccupare ulteriormente il gruppo Oltre Limana \u00e8 la situazione interna alla stessa Azienda Speciale, che gestisce il Centro Servizi per l\u2019Anziano &#8220;C. Testolini&#8221;. I documenti previsionali indicherebbero infatti una riduzione di ben 7 lavoratori entro il 2026.<\/p>\n<p data-path-to-node=\"12\">I consiglieri di minoranza hanno presentato una seconda richiesta di chiarimenti focalizzata su:<\/p>\n<ul data-path-to-node=\"13\">\n<li>\n<p data-path-to-node=\"13,0,0\">Gestione dei turni e delle assenze.<\/p>\n<\/li>\n<li>\n<p data-path-to-node=\"13,1,0\">Ricorso a collaboratori esterni.<\/p>\n<\/li>\n<li>\n<p data-path-to-node=\"13,2,0\">Qualit\u00e0 del servizio.<\/p>\n<\/li>\n<\/ul>\n<p data-path-to-node=\"14\">\u00abDopo i forti aumenti delle rette applicati nel 2025 \u2013 conclude De Zanet \u2013 sarebbe inammissibile che la qualit\u00e0 dell\u2019assistenza ai nostri anziani diminuisse a fronte di un calo del personale dipendente. Vogliamo dati precisi: i cittadini hanno il diritto di sapere come verranno spesi i loro soldi e chi si prender\u00e0 cura delle famiglie\u00bb.<\/p>\n<p data-path-to-node=\"16\"><i data-path-to-node=\"16\" data-index-in-node=\"0\">L&#8217;Amministrazione comunale sar\u00e0 ora chiamata a rispondere ufficialmente in aula ai dubbi sollevati, in un clima che si preannuncia teso sul fronte delle politiche sociali.<\/i><\/p>","protected":false},"excerpt":{"rendered":"<p>Documenti contraddittori, risposte ritenute evasive e incognite sul futuro del personale: il gruppo di opposizione guidato da Milena De Zanet chiede chiarezza sulla gestione dell&#8217;assistenza domiciliare e della casa di riposo. Limana, 27\/03\/2026\u00a0\u2013 Un &#8220;paradosso amministrativo&#8221; che rischia di lasciare i servizi sociali del Comune in una fitta nebbia. \u00c8 questa la denuncia che arriva [&hellip;]<\/p>\n","protected":false},"author":2,"featured_media":150612,"comment_status":"closed","ping_status":"open","sticky":false,"template":"","format":"standard","meta":{"footnotes":""},"categories":[5,26],"tags":[],"class_list":["post-168566","post","type-post","status-publish","format-standard","has-post-thumbnail","category-cronaca","category-prima-pagina"],"yoast_head":"<!-- This site is optimized with the Yoast SEO plugin v28.4 - https:\/\/yoast.com\/product\/yoast-seo-wordpress\/ -->\n<title>Servizi sociali: a Limana \u00e8 caos tra Comune e Azienda Speciale. L&#039;affondo del Gruppo Oltre Limana - Bellunopress - Dolomiti<\/title>\n<meta name=\"robots\" content=\"index, follow, max-snippet:-1, max-image-preview:large, max-video-preview:-1\" \/>\n<link rel=\"canonical\" href=\"https:\/\/www.bellunopress.it\/fr\/2026\/03\/27\/servizi-sociali-a-limana-e-caos-tra-comune-e-azienda-speciale-laffondo-del-gruppo-oltre-limana\/\" \/>\n<meta property=\"og:locale\" content=\"fr_FR\" \/>\n<meta property=\"og:type\" content=\"article\" \/>\n<meta property=\"og:title\" content=\"Servizi sociali: a Limana \u00e8 caos tra Comune e Azienda Speciale. L&#039;affondo del Gruppo Oltre Limana - Bellunopress - Dolomiti\" \/>\n<meta property=\"og:description\" content=\"Documenti contraddittori, risposte ritenute evasive e incognite sul futuro del personale: il gruppo di opposizione guidato da Milena De Zanet chiede chiarezza sulla gestione dell&#8217;assistenza domiciliare e della casa di riposo. Limana, 27\/03\/2026\u00a0\u2013 Un &#8220;paradosso amministrativo&#8221; che rischia di lasciare i servizi sociali del Comune in una fitta nebbia. \u00c8 questa la denuncia che arriva [&hellip;]\" \/>\n<meta property=\"og:url\" content=\"https:\/\/www.bellunopress.it\/fr\/2026\/03\/27\/servizi-sociali-a-limana-e-caos-tra-comune-e-azienda-speciale-laffondo-del-gruppo-oltre-limana\/\" \/>\n<meta property=\"og:site_name\" content=\"Bellunopress - Dolomiti\" \/>\n<meta property=\"article:publisher\" content=\"https:\/\/www.facebook.com\/profile.php?id=100008943462799\" \/>\n<meta property=\"article:published_time\" content=\"2026-03-27T19:04:37+00:00\" \/>\n<meta property=\"og:image\" content=\"https:\/\/www.bellunopress.it\/wp-content\/uploads\/2024\/05\/Oltre-Limana-logo_edited.jpg\" \/>\n\t<meta property=\"og:image:width\" content=\"997\" \/>\n\t<meta property=\"og:image:height\" content=\"1000\" \/>\n\t<meta property=\"og:image:type\" content=\"image\/jpeg\" \/>\n<meta name=\"author\" content=\"redazione\" \/>\n<meta name=\"twitter:card\" content=\"summary_large_image\" \/>\n<meta name=\"twitter:creator\" content=\"@bellunopress\" \/>\n<meta name=\"twitter:site\" content=\"@bellunopress\" \/>\n<meta name=\"twitter:label1\" content=\"\u00c9crit par\" \/>\n\t<meta name=\"twitter:data1\" content=\"redazione\" \/>\n\t<meta name=\"twitter:label2\" content=\"Dur\u00e9e de lecture estim\u00e9e\" \/>\n\t<meta name=\"twitter:data2\" content=\"2 minutes\" \/>\n<script type=\"application\/ld+json\" class=\"yoast-schema-graph\">{\"@context\":\"https:\\\/\\\/schema.org\",\"@graph\":[{\"@type\":\"Article\",\"@id\":\"https:\\\/\\\/www.bellunopress.it\\\/2026\\\/03\\\/27\\\/servizi-sociali-a-limana-e-caos-tra-comune-e-azienda-speciale-laffondo-del-gruppo-oltre-limana\\\/#article\",\"isPartOf\":{\"@id\":\"https:\\\/\\\/www.bellunopress.it\\\/2026\\\/03\\\/27\\\/servizi-sociali-a-limana-e-caos-tra-comune-e-azienda-speciale-laffondo-del-gruppo-oltre-limana\\\/\"},\"author\":{\"name\":\"redazione\",\"@id\":\"https:\\\/\\\/www.bellunopress.it\\\/#\\\/schema\\\/person\\\/79bb06722b37ece1c03d3e94beb30d73\"},\"headline\":\"Servizi sociali: a Limana \u00e8 caos tra Comune e Azienda Speciale. L&#8217;affondo del Gruppo Oltre Limana\",\"datePublished\":\"2026-03-27T19:04:37+00:00\",\"mainEntityOfPage\":{\"@id\":\"https:\\\/\\\/www.bellunopress.it\\\/2026\\\/03\\\/27\\\/servizi-sociali-a-limana-e-caos-tra-comune-e-azienda-speciale-laffondo-del-gruppo-oltre-limana\\\/\"},\"wordCount\":442,\"publisher\":{\"@id\":\"https:\\\/\\\/www.bellunopress.it\\\/#organization\"},\"image\":{\"@id\":\"https:\\\/\\\/www.bellunopress.it\\\/2026\\\/03\\\/27\\\/servizi-sociali-a-limana-e-caos-tra-comune-e-azienda-speciale-laffondo-del-gruppo-oltre-limana\\\/#primaryimage\"},\"thumbnailUrl\":\"https:\\\/\\\/www.bellunopress.it\\\/wp-content\\\/uploads\\\/2024\\\/05\\\/Oltre-Limana-logo_edited.jpg\",\"articleSection\":[\"Cronaca\\\/Politica\",\"Prima Pagina\"],\"inLanguage\":\"fr-FR\"},{\"@type\":\"WebPage\",\"@id\":\"https:\\\/\\\/www.bellunopress.it\\\/2026\\\/03\\\/27\\\/servizi-sociali-a-limana-e-caos-tra-comune-e-azienda-speciale-laffondo-del-gruppo-oltre-limana\\\/\",\"url\":\"https:\\\/\\\/www.bellunopress.it\\\/2026\\\/03\\\/27\\\/servizi-sociali-a-limana-e-caos-tra-comune-e-azienda-speciale-laffondo-del-gruppo-oltre-limana\\\/\",\"name\":\"Servizi sociali: a Limana \u00e8 caos tra Comune e Azienda Speciale. L'affondo del Gruppo Oltre Limana - Bellunopress - Dolomiti\",\"isPartOf\":{\"@id\":\"https:\\\/\\\/www.bellunopress.it\\\/#website\"},\"primaryImageOfPage\":{\"@id\":\"https:\\\/\\\/www.bellunopress.it\\\/2026\\\/03\\\/27\\\/servizi-sociali-a-limana-e-caos-tra-comune-e-azienda-speciale-laffondo-del-gruppo-oltre-limana\\\/#primaryimage\"},\"image\":{\"@id\":\"https:\\\/\\\/www.bellunopress.it\\\/2026\\\/03\\\/27\\\/servizi-sociali-a-limana-e-caos-tra-comune-e-azienda-speciale-laffondo-del-gruppo-oltre-limana\\\/#primaryimage\"},\"thumbnailUrl\":\"https:\\\/\\\/www.bellunopress.it\\\/wp-content\\\/uploads\\\/2024\\\/05\\\/Oltre-Limana-logo_edited.jpg\",\"datePublished\":\"2026-03-27T19:04:37+00:00\",\"breadcrumb\":{\"@id\":\"https:\\\/\\\/www.bellunopress.it\\\/2026\\\/03\\\/27\\\/servizi-sociali-a-limana-e-caos-tra-comune-e-azienda-speciale-laffondo-del-gruppo-oltre-limana\\\/#breadcrumb\"},\"inLanguage\":\"fr-FR\",\"potentialAction\":[{\"@type\":\"ReadAction\",\"target\":[\"https:\\\/\\\/www.bellunopress.it\\\/2026\\\/03\\\/27\\\/servizi-sociali-a-limana-e-caos-tra-comune-e-azienda-speciale-laffondo-del-gruppo-oltre-limana\\\/\"]}]},{\"@type\":\"ImageObject\",\"inLanguage\":\"fr-FR\",\"@id\":\"https:\\\/\\\/www.bellunopress.it\\\/2026\\\/03\\\/27\\\/servizi-sociali-a-limana-e-caos-tra-comune-e-azienda-speciale-laffondo-del-gruppo-oltre-limana\\\/#primaryimage\",\"url\":\"https:\\\/\\\/www.bellunopress.it\\\/wp-content\\\/uploads\\\/2024\\\/05\\\/Oltre-Limana-logo_edited.jpg\",\"contentUrl\":\"https:\\\/\\\/www.bellunopress.it\\\/wp-content\\\/uploads\\\/2024\\\/05\\\/Oltre-Limana-logo_edited.jpg\",\"width\":997,\"height\":1000},{\"@type\":\"BreadcrumbList\",\"@id\":\"https:\\\/\\\/www.bellunopress.it\\\/2026\\\/03\\\/27\\\/servizi-sociali-a-limana-e-caos-tra-comune-e-azienda-speciale-laffondo-del-gruppo-oltre-limana\\\/#breadcrumb\",\"itemListElement\":[{\"@type\":\"ListItem\",\"position\":1,\"name\":\"Home\",\"item\":\"https:\\\/\\\/www.bellunopress.it\\\/\"},{\"@type\":\"ListItem\",\"position\":2,\"name\":\"Servizi sociali: a Limana \u00e8 caos tra Comune e Azienda Speciale. L&#8217;affondo del Gruppo Oltre Limana\"}]},{\"@type\":\"WebSite\",\"@id\":\"https:\\\/\\\/www.bellunopress.it\\\/#website\",\"url\":\"https:\\\/\\\/www.bellunopress.it\\\/\",\"name\":\"Bellunopress - Dolomiti\",\"description\":\"e-mail: redazione@bellunopress.it\",\"publisher\":{\"@id\":\"https:\\\/\\\/www.bellunopress.it\\\/#organization\"},\"potentialAction\":[{\"@type\":\"SearchAction\",\"target\":{\"@type\":\"EntryPoint\",\"urlTemplate\":\"https:\\\/\\\/www.bellunopress.it\\\/?s={search_term_string}\"},\"query-input\":{\"@type\":\"PropertyValueSpecification\",\"valueRequired\":true,\"valueName\":\"search_term_string\"}}],\"inLanguage\":\"fr-FR\"},{\"@type\":\"Organization\",\"@id\":\"https:\\\/\\\/www.bellunopress.it\\\/#organization\",\"name\":\"Bellunopress\",\"url\":\"https:\\\/\\\/www.bellunopress.it\\\/\",\"logo\":{\"@type\":\"ImageObject\",\"inLanguage\":\"fr-FR\",\"@id\":\"https:\\\/\\\/www.bellunopress.it\\\/#\\\/schema\\\/logo\\\/image\\\/\",\"url\":\"https:\\\/\\\/www.bellunopress.it\\\/wp-content\\\/uploads\\\/2011\\\/05\\\/cropped-logo-bellunopress-.jpg\",\"contentUrl\":\"https:\\\/\\\/www.bellunopress.it\\\/wp-content\\\/uploads\\\/2011\\\/05\\\/cropped-logo-bellunopress-.jpg\",\"width\":512,\"height\":512,\"caption\":\"Bellunopress\"},\"image\":{\"@id\":\"https:\\\/\\\/www.bellunopress.it\\\/#\\\/schema\\\/logo\\\/image\\\/\"},\"sameAs\":[\"https:\\\/\\\/www.facebook.com\\\/profile.php?id=100008943462799\",\"https:\\\/\\\/x.com\\\/bellunopress\",\"https:\\\/\\\/www.linkedin.com\\\/hp\\\/?dnr=JBzUWaJfMUw8vbXJJ2tVW5-I3jZKvC4wsoxE&amp;amp;amp;amp;amp;amp;trk=nav_responsive_tab_home\",\"https:\\\/\\\/www.youtube.com\\\/channel\\\/UCxL0wu1uN0_3_7hGG0306cw\"]},{\"@type\":\"Person\",\"@id\":\"https:\\\/\\\/www.bellunopress.it\\\/#\\\/schema\\\/person\\\/79bb06722b37ece1c03d3e94beb30d73\",\"name\":\"redazione\",\"image\":{\"@type\":\"ImageObject\",\"inLanguage\":\"fr-FR\",\"@id\":\"https:\\\/\\\/secure.gravatar.com\\\/avatar\\\/37d968a2e67a6fd04c169c4bdef102d0bc5d31b2546345219e348575eb80e9a0?s=96&d=mm&r=g\",\"url\":\"https:\\\/\\\/secure.gravatar.com\\\/avatar\\\/37d968a2e67a6fd04c169c4bdef102d0bc5d31b2546345219e348575eb80e9a0?s=96&d=mm&r=g\",\"contentUrl\":\"https:\\\/\\\/secure.gravatar.com\\\/avatar\\\/37d968a2e67a6fd04c169c4bdef102d0bc5d31b2546345219e348575eb80e9a0?s=96&d=mm&r=g\",\"caption\":\"redazione\"},\"sameAs\":[\"http:\\\/\\\/www.bellunopress.it\",\"https:\\\/\\\/x.com\\\/bellunopress\"],\"url\":\"https:\\\/\\\/www.bellunopress.it\\\/fr\\\/author\\\/redazione\\\/\"}]}<\/script>\n<!-- \/ Yoast SEO plugin. -->","yoast_head_json":{"title":"Servizi sociali: a Limana \u00e8 caos tra Comune e Azienda Speciale. L'affondo del Gruppo Oltre Limana - Bellunopress - Dolomiti","robots":{"index":"index","follow":"follow","max-snippet":"max-snippet:-1","max-image-preview":"max-image-preview:large","max-video-preview":"max-video-preview:-1"},"canonical":"https:\/\/www.bellunopress.it\/fr\/2026\/03\/27\/servizi-sociali-a-limana-e-caos-tra-comune-e-azienda-speciale-laffondo-del-gruppo-oltre-limana\/","og_locale":"fr_FR","og_type":"article","og_title":"Servizi sociali: a Limana \u00e8 caos tra Comune e Azienda Speciale. L'affondo del Gruppo Oltre Limana - Bellunopress - Dolomiti","og_description":"Documenti contraddittori, risposte ritenute evasive e incognite sul futuro del personale: il gruppo di opposizione guidato da Milena De Zanet chiede chiarezza sulla gestione dell&#8217;assistenza domiciliare e della casa di riposo. Limana, 27\/03\/2026\u00a0\u2013 Un &#8220;paradosso amministrativo&#8221; che rischia di lasciare i servizi sociali del Comune in una fitta nebbia. \u00c8 questa la denuncia che arriva [&hellip;]","og_url":"https:\/\/www.bellunopress.it\/fr\/2026\/03\/27\/servizi-sociali-a-limana-e-caos-tra-comune-e-azienda-speciale-laffondo-del-gruppo-oltre-limana\/","og_site_name":"Bellunopress - Dolomiti","article_publisher":"https:\/\/www.facebook.com\/profile.php?id=100008943462799","article_published_time":"2026-03-27T19:04:37+00:00","og_image":[{"width":997,"height":1000,"url":"https:\/\/www.bellunopress.it\/wp-content\/uploads\/2024\/05\/Oltre-Limana-logo_edited.jpg","type":"image\/jpeg"}],"author":"redazione","twitter_card":"summary_large_image","twitter_creator":"@bellunopress","twitter_site":"@bellunopress","twitter_misc":{"\u00c9crit par":"redazione","Dur\u00e9e de lecture estim\u00e9e":"2 minutes"},"schema":{"@context":"https:\/\/schema.org","@graph":[{"@type":"Article","@id":"https:\/\/www.bellunopress.it\/2026\/03\/27\/servizi-sociali-a-limana-e-caos-tra-comune-e-azienda-speciale-laffondo-del-gruppo-oltre-limana\/#article","isPartOf":{"@id":"https:\/\/www.bellunopress.it\/2026\/03\/27\/servizi-sociali-a-limana-e-caos-tra-comune-e-azienda-speciale-laffondo-del-gruppo-oltre-limana\/"},"author":{"name":"redazione","@id":"https:\/\/www.bellunopress.it\/#\/schema\/person\/79bb06722b37ece1c03d3e94beb30d73"},"headline":"Servizi sociali: a Limana \u00e8 caos tra Comune e Azienda Speciale. L&#8217;affondo del Gruppo Oltre Limana","datePublished":"2026-03-27T19:04:37+00:00","mainEntityOfPage":{"@id":"https:\/\/www.bellunopress.it\/2026\/03\/27\/servizi-sociali-a-limana-e-caos-tra-comune-e-azienda-speciale-laffondo-del-gruppo-oltre-limana\/"},"wordCount":442,"publisher":{"@id":"https:\/\/www.bellunopress.it\/#organization"},"image":{"@id":"https:\/\/www.bellunopress.it\/2026\/03\/27\/servizi-sociali-a-limana-e-caos-tra-comune-e-azienda-speciale-laffondo-del-gruppo-oltre-limana\/#primaryimage"},"thumbnailUrl":"https:\/\/www.bellunopress.it\/wp-content\/uploads\/2024\/05\/Oltre-Limana-logo_edited.jpg","articleSection":["Cronaca\/Politica","Prima Pagina"],"inLanguage":"fr-FR"},{"@type":"WebPage","@id":"https:\/\/www.bellunopress.it\/2026\/03\/27\/servizi-sociali-a-limana-e-caos-tra-comune-e-azienda-speciale-laffondo-del-gruppo-oltre-limana\/","url":"https:\/\/www.bellunopress.it\/2026\/03\/27\/servizi-sociali-a-limana-e-caos-tra-comune-e-azienda-speciale-laffondo-del-gruppo-oltre-limana\/","name":"Servizi sociali: a Limana \u00e8 caos tra Comune e Azienda Speciale. L'affondo del Gruppo Oltre Limana - Bellunopress - Dolomiti","isPartOf":{"@id":"https:\/\/www.bellunopress.it\/#website"},"primaryImageOfPage":{"@id":"https:\/\/www.bellunopress.it\/2026\/03\/27\/servizi-sociali-a-limana-e-caos-tra-comune-e-azienda-speciale-laffondo-del-gruppo-oltre-limana\/#primaryimage"},"image":{"@id":"https:\/\/www.bellunopress.it\/2026\/03\/27\/servizi-sociali-a-limana-e-caos-tra-comune-e-azienda-speciale-laffondo-del-gruppo-oltre-limana\/#primaryimage"},"thumbnailUrl":"https:\/\/www.bellunopress.it\/wp-content\/uploads\/2024\/05\/Oltre-Limana-logo_edited.jpg","datePublished":"2026-03-27T19:04:37+00:00","breadcrumb":{"@id":"https:\/\/www.bellunopress.it\/2026\/03\/27\/servizi-sociali-a-limana-e-caos-tra-comune-e-azienda-speciale-laffondo-del-gruppo-oltre-limana\/#breadcrumb"},"inLanguage":"fr-FR","potentialAction":[{"@type":"ReadAction","target":["https:\/\/www.bellunopress.it\/2026\/03\/27\/servizi-sociali-a-limana-e-caos-tra-comune-e-azienda-speciale-laffondo-del-gruppo-oltre-limana\/"]}]},{"@type":"ImageObject","inLanguage":"fr-FR","@id":"https:\/\/www.bellunopress.it\/2026\/03\/27\/servizi-sociali-a-limana-e-caos-tra-comune-e-azienda-speciale-laffondo-del-gruppo-oltre-limana\/#primaryimage","url":"https:\/\/www.bellunopress.it\/wp-content\/uploads\/2024\/05\/Oltre-Limana-logo_edited.jpg","contentUrl":"https:\/\/www.bellunopress.it\/wp-content\/uploads\/2024\/05\/Oltre-Limana-logo_edited.jpg","width":997,"height":1000},{"@type":"BreadcrumbList","@id":"https:\/\/www.bellunopress.it\/2026\/03\/27\/servizi-sociali-a-limana-e-caos-tra-comune-e-azienda-speciale-laffondo-del-gruppo-oltre-limana\/#breadcrumb","itemListElement":[{"@type":"ListItem","position":1,"name":"Home","item":"https:\/\/www.bellunopress.it\/"},{"@type":"ListItem","position":2,"name":"Servizi sociali: a Limana \u00e8 caos tra Comune e Azienda Speciale. L&#8217;affondo del Gruppo Oltre Limana"}]},{"@type":"WebSite","@id":"https:\/\/www.bellunopress.it\/#website","url":"https:\/\/www.bellunopress.it\/","name":"Bellunopress - Dolomiti","description":"e-mail: redazione@bellunopress.it","publisher":{"@id":"https:\/\/www.bellunopress.it\/#organization"},"potentialAction":[{"@type":"SearchAction","target":{"@type":"EntryPoint","urlTemplate":"https:\/\/www.bellunopress.it\/?s={search_term_string}"},"query-input":{"@type":"PropertyValueSpecification","valueRequired":true,"valueName":"search_term_string"}}],"inLanguage":"fr-FR"},{"@type":"Organization","@id":"https:\/\/www.bellunopress.it\/#organization","name":"Bellunopress","url":"https:\/\/www.bellunopress.it\/","logo":{"@type":"ImageObject","inLanguage":"fr-FR","@id":"https:\/\/www.bellunopress.it\/#\/schema\/logo\/image\/","url":"https:\/\/www.bellunopress.it\/wp-content\/uploads\/2011\/05\/cropped-logo-bellunopress-.jpg","contentUrl":"https:\/\/www.bellunopress.it\/wp-content\/uploads\/2011\/05\/cropped-logo-bellunopress-.jpg","width":512,"height":512,"caption":"Bellunopress"},"image":{"@id":"https:\/\/www.bellunopress.it\/#\/schema\/logo\/image\/"},"sameAs":["https:\/\/www.facebook.com\/profile.php?id=100008943462799","https:\/\/x.com\/bellunopress","https:\/\/www.linkedin.com\/hp\/?dnr=JBzUWaJfMUw8vbXJJ2tVW5-I3jZKvC4wsoxE&amp;amp;amp;amp;amp;amp;trk=nav_responsive_tab_home","https:\/\/www.youtube.com\/channel\/UCxL0wu1uN0_3_7hGG0306cw"]},{"@type":"Person","@id":"https:\/\/www.bellunopress.it\/#\/schema\/person\/79bb06722b37ece1c03d3e94beb30d73","name":"r\u00e9daction","image":{"@type":"ImageObject","inLanguage":"fr-FR","@id":"https:\/\/secure.gravatar.com\/avatar\/37d968a2e67a6fd04c169c4bdef102d0bc5d31b2546345219e348575eb80e9a0?s=96&d=mm&r=g","url":"https:\/\/secure.gravatar.com\/avatar\/37d968a2e67a6fd04c169c4bdef102d0bc5d31b2546345219e348575eb80e9a0?s=96&d=mm&r=g","contentUrl":"https:\/\/secure.gravatar.com\/avatar\/37d968a2e67a6fd04c169c4bdef102d0bc5d31b2546345219e348575eb80e9a0?s=96&d=mm&r=g","caption":"redazione"},"sameAs":["http:\/\/www.bellunopress.it","https:\/\/x.com\/bellunopress"],"url":"https:\/\/www.bellunopress.it\/fr\/author\/redazione\/"}]}},"_links":{"self":[{"href":"https:\/\/www.bellunopress.it\/fr\/wp-json\/wp\/v2\/posts\/168566","targetHints":{"allow":["GET"]}}],"collection":[{"href":"https:\/\/www.bellunopress.it\/fr\/wp-json\/wp\/v2\/posts"}],"about":[{"href":"https:\/\/www.bellunopress.it\/fr\/wp-json\/wp\/v2\/types\/post"}],"author":[{"embeddable":true,"href":"https:\/\/www.bellunopress.it\/fr\/wp-json\/wp\/v2\/users\/2"}],"replies":[{"embeddable":true,"href":"https:\/\/www.bellunopress.it\/fr\/wp-json\/wp\/v2\/comments?post=168566"}],"version-history":[{"count":1,"href":"https:\/\/www.bellunopress.it\/fr\/wp-json\/wp\/v2\/posts\/168566\/revisions"}],"predecessor-version":[{"id":168567,"href":"https:\/\/www.bellunopress.it\/fr\/wp-json\/wp\/v2\/posts\/168566\/revisions\/168567"}],"wp:featuredmedia":[{"embeddable":true,"href":"https:\/\/www.bellunopress.it\/fr\/wp-json\/wp\/v2\/media\/150612"}],"wp:attachment":[{"href":"https:\/\/www.bellunopress.it\/fr\/wp-json\/wp\/v2\/media?parent=168566"}],"wp:term":[{"taxonomy":"category","embeddable":true,"href":"https:\/\/www.bellunopress.it\/fr\/wp-json\/wp\/v2\/categories?post=168566"},{"taxonomy":"post_tag","embeddable":true,"href":"https:\/\/www.bellunopress.it\/fr\/wp-json\/wp\/v2\/tags?post=168566"}],"curies":[{"name":"wp","href":"https:\/\/api.w.org\/{rel}","templated":true}]}}