{"id":168558,"date":"2026-03-27T11:32:04","date_gmt":"2026-03-27T10:32:04","guid":{"rendered":"https:\/\/www.bellunopress.it\/?p=168558"},"modified":"2026-03-27T11:32:04","modified_gmt":"2026-03-27T10:32:04","slug":"belluno-area-ex-agip-baldenich-insieme-per-belluno-bene-comune-farsa-in-consiglio-comunale","status":"publish","type":"post","link":"https:\/\/www.bellunopress.it\/fr\/2026\/03\/27\/belluno-area-ex-agip-baldenich-insieme-per-belluno-bene-comune-farsa-in-consiglio-comunale\/","title":{"rendered":"Belluno, area ex Agip Baldenich. Insieme per Belluno Bene Comune: farsa in consiglio comunale"},"content":{"rendered":"<p>Non solo la storia, talvolta anche la cronaca si ripete in farsa.<\/p>\n<p>Difficile trovare un&#8217;altra parola per definire lo spettacolo offerto nella seduta del consiglio comunale di Belluno di gioved\u00ec 26 marzo, ove si discuteva, dopo l\u2019adozione avvenuta a luglio 2025, dell&#8217;approvazione del PUA in variante relativo all&#8217;area ex Agip, che permetter\u00e0 la realizzazione di un nuovo supermercato.<\/p>\n<p>Una maggioranza divisa ha tentato di far risalire alla (comunque malaugurata) scelta del 2022, relativa alla oramai famosa area di degrado, ogni responsabilit\u00e0 per le scelte attuali, per poi ritrovarsi con 16 voti su 33 e la presenza di un consigliere silente a fare da diciassettesimo per non far mancare il numero legale che dunque ha determinato, pur senza votare, l\u2019esito stesso della votazione<\/p>\n<p>In realt\u00e0, la scelta dell&#8217;area di degrado fu presa anche grazie al voto di chi allora era in minoranza ed oggi \u00e8 invece in maggioranza (con la sola eccezione dei consiglieri Sovilla e Pingitore) mentre Insieme per Belluno ed il PD votarono contro.<br \/>\nIn ogni caso, la successiva scelta di approvare il Pua in variante non era una scelta obbligata, proprio perch\u00e8 la necessit\u00e0 di una variante urbanistica ridava al Consiglio Comunale non solo la facolt\u00e0, ma anche l&#8217;obbligo, di verificare la sussistenza di un interesse pubblico che la motivasse.<\/p>\n<p>Tale interesse pubblico per noi non sussiste e non sussisteva, n\u00e8 pu\u00f2 essere dato dalle opere che verranno realizzate e che sono semplicemente gli oneri di urbanizzazione (cio\u00e8 quella compensazione o corrispettivo di diritto pubblico che chiunque costruisca deve versare) a scomputo, n\u00e8 il contributo perequativo straordinario relativo all&#8217;aumento di valore dell&#8217;area sul cui ammontare abbiamo peraltro espresso le nostre riserve.<br \/>\nInascoltate, infine, le osservazioni della popolazione , come del resto per questa maggioranza \u00e8 d&#8217;uso.<\/p>\n<p>Abbiamo ribadito in consiglio, e confermiamo, la nostra contrariet\u00e0 ad un intervento che presenta tutte le criticit\u00e0 che sono state chiaramente esposte (e non solo da noi) e terremo comunque viva la nostra attenzione sui successivi passaggi amministrativi<\/p>\n<p><strong>Insieme per Belluno Bene Comune<\/strong><\/p>","protected":false},"excerpt":{"rendered":"<p>Non solo la storia, talvolta anche la cronaca si ripete in farsa. Difficile trovare un&#8217;altra parola per definire lo spettacolo offerto nella seduta del consiglio comunale di Belluno di gioved\u00ec 26 marzo, ove si discuteva, dopo l\u2019adozione avvenuta a luglio 2025, dell&#8217;approvazione del PUA in variante relativo all&#8217;area ex Agip, che permetter\u00e0 la realizzazione di [&hellip;]<\/p>\n","protected":false},"author":2,"featured_media":139515,"comment_status":"closed","ping_status":"open","sticky":false,"template":"","format":"standard","meta":{"footnotes":""},"categories":[5,1],"tags":[],"class_list":["post-168558","post","type-post","status-publish","format-standard","has-post-thumbnail","category-cronaca","category-leo"],"yoast_head":"<!-- This site is optimized with the Yoast SEO plugin v28.4 - https:\/\/yoast.com\/product\/yoast-seo-wordpress\/ -->\n<title>Belluno, area ex Agip Baldenich. Insieme per Belluno Bene Comune: farsa in consiglio comunale - Bellunopress - Dolomiti<\/title>\n<meta name=\"robots\" content=\"index, follow, max-snippet:-1, max-image-preview:large, max-video-preview:-1\" \/>\n<link rel=\"canonical\" href=\"https:\/\/www.bellunopress.it\/fr\/2026\/03\/27\/belluno-area-ex-agip-baldenich-insieme-per-belluno-bene-comune-farsa-in-consiglio-comunale\/\" \/>\n<meta property=\"og:locale\" content=\"fr_FR\" \/>\n<meta property=\"og:type\" content=\"article\" \/>\n<meta property=\"og:title\" content=\"Belluno, area ex Agip Baldenich. Insieme per Belluno Bene Comune: farsa in consiglio comunale - Bellunopress - Dolomiti\" \/>\n<meta property=\"og:description\" content=\"Non solo la storia, talvolta anche la cronaca si ripete in farsa. Difficile trovare un&#8217;altra parola per definire lo spettacolo offerto nella seduta del consiglio comunale di Belluno di gioved\u00ec 26 marzo, ove si discuteva, dopo l\u2019adozione avvenuta a luglio 2025, dell&#8217;approvazione del PUA in variante relativo all&#8217;area ex Agip, che permetter\u00e0 la realizzazione di [&hellip;]\" \/>\n<meta property=\"og:url\" content=\"https:\/\/www.bellunopress.it\/fr\/2026\/03\/27\/belluno-area-ex-agip-baldenich-insieme-per-belluno-bene-comune-farsa-in-consiglio-comunale\/\" \/>\n<meta property=\"og:site_name\" content=\"Bellunopress - Dolomiti\" \/>\n<meta property=\"article:publisher\" content=\"https:\/\/www.facebook.com\/profile.php?id=100008943462799\" \/>\n<meta property=\"article:published_time\" content=\"2026-03-27T10:32:04+00:00\" \/>\n<meta property=\"og:image\" content=\"https:\/\/www.bellunopress.it\/wp-content\/uploads\/2023\/02\/Insieme-per-Belluno-Bene-comune_edited.jpg\" \/>\n\t<meta property=\"og:image:width\" content=\"1000\" \/>\n\t<meta property=\"og:image:height\" content=\"1000\" \/>\n\t<meta property=\"og:image:type\" content=\"image\/jpeg\" \/>\n<meta name=\"author\" content=\"redazione\" \/>\n<meta name=\"twitter:card\" content=\"summary_large_image\" \/>\n<meta name=\"twitter:creator\" content=\"@bellunopress\" \/>\n<meta name=\"twitter:site\" content=\"@bellunopress\" \/>\n<meta name=\"twitter:label1\" content=\"\u00c9crit par\" \/>\n\t<meta name=\"twitter:data1\" content=\"redazione\" \/>\n\t<meta name=\"twitter:label2\" content=\"Dur\u00e9e de lecture estim\u00e9e\" \/>\n\t<meta name=\"twitter:data2\" content=\"2 minutes\" \/>\n<script type=\"application\/ld+json\" class=\"yoast-schema-graph\">{\"@context\":\"https:\\\/\\\/schema.org\",\"@graph\":[{\"@type\":\"Article\",\"@id\":\"https:\\\/\\\/www.bellunopress.it\\\/2026\\\/03\\\/27\\\/belluno-area-ex-agip-baldenich-insieme-per-belluno-bene-comune-farsa-in-consiglio-comunale\\\/#article\",\"isPartOf\":{\"@id\":\"https:\\\/\\\/www.bellunopress.it\\\/2026\\\/03\\\/27\\\/belluno-area-ex-agip-baldenich-insieme-per-belluno-bene-comune-farsa-in-consiglio-comunale\\\/\"},\"author\":{\"name\":\"redazione\",\"@id\":\"https:\\\/\\\/www.bellunopress.it\\\/#\\\/schema\\\/person\\\/79bb06722b37ece1c03d3e94beb30d73\"},\"headline\":\"Belluno, area ex Agip Baldenich. Insieme per Belluno Bene Comune: farsa in consiglio comunale\",\"datePublished\":\"2026-03-27T10:32:04+00:00\",\"mainEntityOfPage\":{\"@id\":\"https:\\\/\\\/www.bellunopress.it\\\/2026\\\/03\\\/27\\\/belluno-area-ex-agip-baldenich-insieme-per-belluno-bene-comune-farsa-in-consiglio-comunale\\\/\"},\"wordCount\":347,\"publisher\":{\"@id\":\"https:\\\/\\\/www.bellunopress.it\\\/#organization\"},\"image\":{\"@id\":\"https:\\\/\\\/www.bellunopress.it\\\/2026\\\/03\\\/27\\\/belluno-area-ex-agip-baldenich-insieme-per-belluno-bene-comune-farsa-in-consiglio-comunale\\\/#primaryimage\"},\"thumbnailUrl\":\"https:\\\/\\\/www.bellunopress.it\\\/wp-content\\\/uploads\\\/2023\\\/02\\\/Insieme-per-Belluno-Bene-comune_edited.jpg\",\"articleSection\":[\"Cronaca\\\/Politica\",\"Lettere Opinioni\"],\"inLanguage\":\"fr-FR\"},{\"@type\":\"WebPage\",\"@id\":\"https:\\\/\\\/www.bellunopress.it\\\/2026\\\/03\\\/27\\\/belluno-area-ex-agip-baldenich-insieme-per-belluno-bene-comune-farsa-in-consiglio-comunale\\\/\",\"url\":\"https:\\\/\\\/www.bellunopress.it\\\/2026\\\/03\\\/27\\\/belluno-area-ex-agip-baldenich-insieme-per-belluno-bene-comune-farsa-in-consiglio-comunale\\\/\",\"name\":\"Belluno, area ex Agip Baldenich. Insieme per Belluno Bene Comune: farsa in consiglio comunale - Bellunopress - Dolomiti\",\"isPartOf\":{\"@id\":\"https:\\\/\\\/www.bellunopress.it\\\/#website\"},\"primaryImageOfPage\":{\"@id\":\"https:\\\/\\\/www.bellunopress.it\\\/2026\\\/03\\\/27\\\/belluno-area-ex-agip-baldenich-insieme-per-belluno-bene-comune-farsa-in-consiglio-comunale\\\/#primaryimage\"},\"image\":{\"@id\":\"https:\\\/\\\/www.bellunopress.it\\\/2026\\\/03\\\/27\\\/belluno-area-ex-agip-baldenich-insieme-per-belluno-bene-comune-farsa-in-consiglio-comunale\\\/#primaryimage\"},\"thumbnailUrl\":\"https:\\\/\\\/www.bellunopress.it\\\/wp-content\\\/uploads\\\/2023\\\/02\\\/Insieme-per-Belluno-Bene-comune_edited.jpg\",\"datePublished\":\"2026-03-27T10:32:04+00:00\",\"breadcrumb\":{\"@id\":\"https:\\\/\\\/www.bellunopress.it\\\/2026\\\/03\\\/27\\\/belluno-area-ex-agip-baldenich-insieme-per-belluno-bene-comune-farsa-in-consiglio-comunale\\\/#breadcrumb\"},\"inLanguage\":\"fr-FR\",\"potentialAction\":[{\"@type\":\"ReadAction\",\"target\":[\"https:\\\/\\\/www.bellunopress.it\\\/2026\\\/03\\\/27\\\/belluno-area-ex-agip-baldenich-insieme-per-belluno-bene-comune-farsa-in-consiglio-comunale\\\/\"]}]},{\"@type\":\"ImageObject\",\"inLanguage\":\"fr-FR\",\"@id\":\"https:\\\/\\\/www.bellunopress.it\\\/2026\\\/03\\\/27\\\/belluno-area-ex-agip-baldenich-insieme-per-belluno-bene-comune-farsa-in-consiglio-comunale\\\/#primaryimage\",\"url\":\"https:\\\/\\\/www.bellunopress.it\\\/wp-content\\\/uploads\\\/2023\\\/02\\\/Insieme-per-Belluno-Bene-comune_edited.jpg\",\"contentUrl\":\"https:\\\/\\\/www.bellunopress.it\\\/wp-content\\\/uploads\\\/2023\\\/02\\\/Insieme-per-Belluno-Bene-comune_edited.jpg\",\"width\":1000,\"height\":1000,\"caption\":\"Gruppo Insieme per Belluno Bene Comune\"},{\"@type\":\"BreadcrumbList\",\"@id\":\"https:\\\/\\\/www.bellunopress.it\\\/2026\\\/03\\\/27\\\/belluno-area-ex-agip-baldenich-insieme-per-belluno-bene-comune-farsa-in-consiglio-comunale\\\/#breadcrumb\",\"itemListElement\":[{\"@type\":\"ListItem\",\"position\":1,\"name\":\"Home\",\"item\":\"https:\\\/\\\/www.bellunopress.it\\\/\"},{\"@type\":\"ListItem\",\"position\":2,\"name\":\"Belluno, area ex Agip Baldenich. Insieme per Belluno Bene Comune: farsa in consiglio comunale\"}]},{\"@type\":\"WebSite\",\"@id\":\"https:\\\/\\\/www.bellunopress.it\\\/#website\",\"url\":\"https:\\\/\\\/www.bellunopress.it\\\/\",\"name\":\"Bellunopress - Dolomiti\",\"description\":\"e-mail: redazione@bellunopress.it\",\"publisher\":{\"@id\":\"https:\\\/\\\/www.bellunopress.it\\\/#organization\"},\"potentialAction\":[{\"@type\":\"SearchAction\",\"target\":{\"@type\":\"EntryPoint\",\"urlTemplate\":\"https:\\\/\\\/www.bellunopress.it\\\/?s={search_term_string}\"},\"query-input\":{\"@type\":\"PropertyValueSpecification\",\"valueRequired\":true,\"valueName\":\"search_term_string\"}}],\"inLanguage\":\"fr-FR\"},{\"@type\":\"Organization\",\"@id\":\"https:\\\/\\\/www.bellunopress.it\\\/#organization\",\"name\":\"Bellunopress\",\"url\":\"https:\\\/\\\/www.bellunopress.it\\\/\",\"logo\":{\"@type\":\"ImageObject\",\"inLanguage\":\"fr-FR\",\"@id\":\"https:\\\/\\\/www.bellunopress.it\\\/#\\\/schema\\\/logo\\\/image\\\/\",\"url\":\"https:\\\/\\\/www.bellunopress.it\\\/wp-content\\\/uploads\\\/2011\\\/05\\\/cropped-logo-bellunopress-.jpg\",\"contentUrl\":\"https:\\\/\\\/www.bellunopress.it\\\/wp-content\\\/uploads\\\/2011\\\/05\\\/cropped-logo-bellunopress-.jpg\",\"width\":512,\"height\":512,\"caption\":\"Bellunopress\"},\"image\":{\"@id\":\"https:\\\/\\\/www.bellunopress.it\\\/#\\\/schema\\\/logo\\\/image\\\/\"},\"sameAs\":[\"https:\\\/\\\/www.facebook.com\\\/profile.php?id=100008943462799\",\"https:\\\/\\\/x.com\\\/bellunopress\",\"https:\\\/\\\/www.linkedin.com\\\/hp\\\/?dnr=JBzUWaJfMUw8vbXJJ2tVW5-I3jZKvC4wsoxE&amp;amp;amp;amp;amp;amp;trk=nav_responsive_tab_home\",\"https:\\\/\\\/www.youtube.com\\\/channel\\\/UCxL0wu1uN0_3_7hGG0306cw\"]},{\"@type\":\"Person\",\"@id\":\"https:\\\/\\\/www.bellunopress.it\\\/#\\\/schema\\\/person\\\/79bb06722b37ece1c03d3e94beb30d73\",\"name\":\"redazione\",\"image\":{\"@type\":\"ImageObject\",\"inLanguage\":\"fr-FR\",\"@id\":\"https:\\\/\\\/secure.gravatar.com\\\/avatar\\\/37d968a2e67a6fd04c169c4bdef102d0bc5d31b2546345219e348575eb80e9a0?s=96&d=mm&r=g\",\"url\":\"https:\\\/\\\/secure.gravatar.com\\\/avatar\\\/37d968a2e67a6fd04c169c4bdef102d0bc5d31b2546345219e348575eb80e9a0?s=96&d=mm&r=g\",\"contentUrl\":\"https:\\\/\\\/secure.gravatar.com\\\/avatar\\\/37d968a2e67a6fd04c169c4bdef102d0bc5d31b2546345219e348575eb80e9a0?s=96&d=mm&r=g\",\"caption\":\"redazione\"},\"sameAs\":[\"http:\\\/\\\/www.bellunopress.it\",\"https:\\\/\\\/x.com\\\/bellunopress\"],\"url\":\"https:\\\/\\\/www.bellunopress.it\\\/fr\\\/author\\\/redazione\\\/\"}]}<\/script>\n<!-- \/ Yoast SEO plugin. -->","yoast_head_json":{"title":"Belluno, area ex Agip Baldenich. Insieme per Belluno Bene Comune: farsa in consiglio comunale - Bellunopress - Dolomiti","robots":{"index":"index","follow":"follow","max-snippet":"max-snippet:-1","max-image-preview":"max-image-preview:large","max-video-preview":"max-video-preview:-1"},"canonical":"https:\/\/www.bellunopress.it\/fr\/2026\/03\/27\/belluno-area-ex-agip-baldenich-insieme-per-belluno-bene-comune-farsa-in-consiglio-comunale\/","og_locale":"fr_FR","og_type":"article","og_title":"Belluno, area ex Agip Baldenich. Insieme per Belluno Bene Comune: farsa in consiglio comunale - Bellunopress - Dolomiti","og_description":"Non solo la storia, talvolta anche la cronaca si ripete in farsa. Difficile trovare un&#8217;altra parola per definire lo spettacolo offerto nella seduta del consiglio comunale di Belluno di gioved\u00ec 26 marzo, ove si discuteva, dopo l\u2019adozione avvenuta a luglio 2025, dell&#8217;approvazione del PUA in variante relativo all&#8217;area ex Agip, che permetter\u00e0 la realizzazione di [&hellip;]","og_url":"https:\/\/www.bellunopress.it\/fr\/2026\/03\/27\/belluno-area-ex-agip-baldenich-insieme-per-belluno-bene-comune-farsa-in-consiglio-comunale\/","og_site_name":"Bellunopress - Dolomiti","article_publisher":"https:\/\/www.facebook.com\/profile.php?id=100008943462799","article_published_time":"2026-03-27T10:32:04+00:00","og_image":[{"width":1000,"height":1000,"url":"https:\/\/www.bellunopress.it\/wp-content\/uploads\/2023\/02\/Insieme-per-Belluno-Bene-comune_edited.jpg","type":"image\/jpeg"}],"author":"redazione","twitter_card":"summary_large_image","twitter_creator":"@bellunopress","twitter_site":"@bellunopress","twitter_misc":{"\u00c9crit par":"redazione","Dur\u00e9e de lecture estim\u00e9e":"2 minutes"},"schema":{"@context":"https:\/\/schema.org","@graph":[{"@type":"Article","@id":"https:\/\/www.bellunopress.it\/2026\/03\/27\/belluno-area-ex-agip-baldenich-insieme-per-belluno-bene-comune-farsa-in-consiglio-comunale\/#article","isPartOf":{"@id":"https:\/\/www.bellunopress.it\/2026\/03\/27\/belluno-area-ex-agip-baldenich-insieme-per-belluno-bene-comune-farsa-in-consiglio-comunale\/"},"author":{"name":"redazione","@id":"https:\/\/www.bellunopress.it\/#\/schema\/person\/79bb06722b37ece1c03d3e94beb30d73"},"headline":"Belluno, area ex Agip Baldenich. Insieme per Belluno Bene Comune: farsa in consiglio comunale","datePublished":"2026-03-27T10:32:04+00:00","mainEntityOfPage":{"@id":"https:\/\/www.bellunopress.it\/2026\/03\/27\/belluno-area-ex-agip-baldenich-insieme-per-belluno-bene-comune-farsa-in-consiglio-comunale\/"},"wordCount":347,"publisher":{"@id":"https:\/\/www.bellunopress.it\/#organization"},"image":{"@id":"https:\/\/www.bellunopress.it\/2026\/03\/27\/belluno-area-ex-agip-baldenich-insieme-per-belluno-bene-comune-farsa-in-consiglio-comunale\/#primaryimage"},"thumbnailUrl":"https:\/\/www.bellunopress.it\/wp-content\/uploads\/2023\/02\/Insieme-per-Belluno-Bene-comune_edited.jpg","articleSection":["Cronaca\/Politica","Lettere Opinioni"],"inLanguage":"fr-FR"},{"@type":"WebPage","@id":"https:\/\/www.bellunopress.it\/2026\/03\/27\/belluno-area-ex-agip-baldenich-insieme-per-belluno-bene-comune-farsa-in-consiglio-comunale\/","url":"https:\/\/www.bellunopress.it\/2026\/03\/27\/belluno-area-ex-agip-baldenich-insieme-per-belluno-bene-comune-farsa-in-consiglio-comunale\/","name":"Belluno, area ex Agip Baldenich. Insieme per Belluno Bene Comune: farsa in consiglio comunale - Bellunopress - Dolomiti","isPartOf":{"@id":"https:\/\/www.bellunopress.it\/#website"},"primaryImageOfPage":{"@id":"https:\/\/www.bellunopress.it\/2026\/03\/27\/belluno-area-ex-agip-baldenich-insieme-per-belluno-bene-comune-farsa-in-consiglio-comunale\/#primaryimage"},"image":{"@id":"https:\/\/www.bellunopress.it\/2026\/03\/27\/belluno-area-ex-agip-baldenich-insieme-per-belluno-bene-comune-farsa-in-consiglio-comunale\/#primaryimage"},"thumbnailUrl":"https:\/\/www.bellunopress.it\/wp-content\/uploads\/2023\/02\/Insieme-per-Belluno-Bene-comune_edited.jpg","datePublished":"2026-03-27T10:32:04+00:00","breadcrumb":{"@id":"https:\/\/www.bellunopress.it\/2026\/03\/27\/belluno-area-ex-agip-baldenich-insieme-per-belluno-bene-comune-farsa-in-consiglio-comunale\/#breadcrumb"},"inLanguage":"fr-FR","potentialAction":[{"@type":"ReadAction","target":["https:\/\/www.bellunopress.it\/2026\/03\/27\/belluno-area-ex-agip-baldenich-insieme-per-belluno-bene-comune-farsa-in-consiglio-comunale\/"]}]},{"@type":"ImageObject","inLanguage":"fr-FR","@id":"https:\/\/www.bellunopress.it\/2026\/03\/27\/belluno-area-ex-agip-baldenich-insieme-per-belluno-bene-comune-farsa-in-consiglio-comunale\/#primaryimage","url":"https:\/\/www.bellunopress.it\/wp-content\/uploads\/2023\/02\/Insieme-per-Belluno-Bene-comune_edited.jpg","contentUrl":"https:\/\/www.bellunopress.it\/wp-content\/uploads\/2023\/02\/Insieme-per-Belluno-Bene-comune_edited.jpg","width":1000,"height":1000,"caption":"Gruppo Insieme per Belluno Bene Comune"},{"@type":"BreadcrumbList","@id":"https:\/\/www.bellunopress.it\/2026\/03\/27\/belluno-area-ex-agip-baldenich-insieme-per-belluno-bene-comune-farsa-in-consiglio-comunale\/#breadcrumb","itemListElement":[{"@type":"ListItem","position":1,"name":"Home","item":"https:\/\/www.bellunopress.it\/"},{"@type":"ListItem","position":2,"name":"Belluno, area ex Agip Baldenich. Insieme per Belluno Bene Comune: farsa in consiglio comunale"}]},{"@type":"WebSite","@id":"https:\/\/www.bellunopress.it\/#website","url":"https:\/\/www.bellunopress.it\/","name":"Bellunopress - Dolomiti","description":"e-mail: redazione@bellunopress.it","publisher":{"@id":"https:\/\/www.bellunopress.it\/#organization"},"potentialAction":[{"@type":"SearchAction","target":{"@type":"EntryPoint","urlTemplate":"https:\/\/www.bellunopress.it\/?s={search_term_string}"},"query-input":{"@type":"PropertyValueSpecification","valueRequired":true,"valueName":"search_term_string"}}],"inLanguage":"fr-FR"},{"@type":"Organization","@id":"https:\/\/www.bellunopress.it\/#organization","name":"Bellunopress","url":"https:\/\/www.bellunopress.it\/","logo":{"@type":"ImageObject","inLanguage":"fr-FR","@id":"https:\/\/www.bellunopress.it\/#\/schema\/logo\/image\/","url":"https:\/\/www.bellunopress.it\/wp-content\/uploads\/2011\/05\/cropped-logo-bellunopress-.jpg","contentUrl":"https:\/\/www.bellunopress.it\/wp-content\/uploads\/2011\/05\/cropped-logo-bellunopress-.jpg","width":512,"height":512,"caption":"Bellunopress"},"image":{"@id":"https:\/\/www.bellunopress.it\/#\/schema\/logo\/image\/"},"sameAs":["https:\/\/www.facebook.com\/profile.php?id=100008943462799","https:\/\/x.com\/bellunopress","https:\/\/www.linkedin.com\/hp\/?dnr=JBzUWaJfMUw8vbXJJ2tVW5-I3jZKvC4wsoxE&amp;amp;amp;amp;amp;amp;trk=nav_responsive_tab_home","https:\/\/www.youtube.com\/channel\/UCxL0wu1uN0_3_7hGG0306cw"]},{"@type":"Person","@id":"https:\/\/www.bellunopress.it\/#\/schema\/person\/79bb06722b37ece1c03d3e94beb30d73","name":"r\u00e9daction","image":{"@type":"ImageObject","inLanguage":"fr-FR","@id":"https:\/\/secure.gravatar.com\/avatar\/37d968a2e67a6fd04c169c4bdef102d0bc5d31b2546345219e348575eb80e9a0?s=96&d=mm&r=g","url":"https:\/\/secure.gravatar.com\/avatar\/37d968a2e67a6fd04c169c4bdef102d0bc5d31b2546345219e348575eb80e9a0?s=96&d=mm&r=g","contentUrl":"https:\/\/secure.gravatar.com\/avatar\/37d968a2e67a6fd04c169c4bdef102d0bc5d31b2546345219e348575eb80e9a0?s=96&d=mm&r=g","caption":"redazione"},"sameAs":["http:\/\/www.bellunopress.it","https:\/\/x.com\/bellunopress"],"url":"https:\/\/www.bellunopress.it\/fr\/author\/redazione\/"}]}},"_links":{"self":[{"href":"https:\/\/www.bellunopress.it\/fr\/wp-json\/wp\/v2\/posts\/168558","targetHints":{"allow":["GET"]}}],"collection":[{"href":"https:\/\/www.bellunopress.it\/fr\/wp-json\/wp\/v2\/posts"}],"about":[{"href":"https:\/\/www.bellunopress.it\/fr\/wp-json\/wp\/v2\/types\/post"}],"author":[{"embeddable":true,"href":"https:\/\/www.bellunopress.it\/fr\/wp-json\/wp\/v2\/users\/2"}],"replies":[{"embeddable":true,"href":"https:\/\/www.bellunopress.it\/fr\/wp-json\/wp\/v2\/comments?post=168558"}],"version-history":[{"count":1,"href":"https:\/\/www.bellunopress.it\/fr\/wp-json\/wp\/v2\/posts\/168558\/revisions"}],"predecessor-version":[{"id":168559,"href":"https:\/\/www.bellunopress.it\/fr\/wp-json\/wp\/v2\/posts\/168558\/revisions\/168559"}],"wp:featuredmedia":[{"embeddable":true,"href":"https:\/\/www.bellunopress.it\/fr\/wp-json\/wp\/v2\/media\/139515"}],"wp:attachment":[{"href":"https:\/\/www.bellunopress.it\/fr\/wp-json\/wp\/v2\/media?parent=168558"}],"wp:term":[{"taxonomy":"category","embeddable":true,"href":"https:\/\/www.bellunopress.it\/fr\/wp-json\/wp\/v2\/categories?post=168558"},{"taxonomy":"post_tag","embeddable":true,"href":"https:\/\/www.bellunopress.it\/fr\/wp-json\/wp\/v2\/tags?post=168558"}],"curies":[{"name":"wp","href":"https:\/\/api.w.org\/{rel}","templated":true}]}}