{"id":168552,"date":"2026-03-27T09:30:28","date_gmt":"2026-03-27T08:30:28","guid":{"rendered":"https:\/\/www.bellunopress.it\/?p=168552"},"modified":"2026-03-27T08:31:09","modified_gmt":"2026-03-27T07:31:09","slug":"sicurezza-in-quota-14-ufficiali-dei-carabinieri-forestali-a-lezione-ad-auronzo-di-cadore","status":"publish","type":"post","link":"https:\/\/www.bellunopress.it\/fr\/2026\/03\/27\/sicurezza-in-quota-14-ufficiali-dei-carabinieri-forestali-a-lezione-ad-auronzo-di-cadore\/","title":{"rendered":"Sicurezza in quota: 14 ufficiali dei Carabinieri Forestali a lezione ad Auronzo di Cadore"},"content":{"rendered":"<p data-path-to-node=\"3\">Auronzo di Cadore\u00a0\u2013 La montagna invernale non \u00e8 solo svago e turismo, ma un ambiente complesso che richiede competenza, prevenzione e una vigilanza costante. Con questo obiettivo si \u00e8 concluso in questi giorni, presso il Centro Carabinieri Addestramento Alpino &#8211; Distaccamento di Auronzo di Cadore, un importante modulo formativo dedicato alla sicurezza in montagna.<\/p>\n<p data-path-to-node=\"4\">Protagonisti della sessione addestrativa sono stati 14 tenenti dell\u2019Arma dei Carabinieri, frequentatori dell&#8217;8\u00b0 corso di formazione per ufficiali del ruolo forestale. Il corso, organizzato dalla Scuola Ufficiali di Roma, rappresenta un passaggio fondamentale per chi sar\u00e0 chiamato a gestire la tutela del territorio e della pubblica incolumit\u00e0 nelle aree montane del Paese.<\/p>\n<p data-path-to-node=\"6\"><img loading=\"lazy\" decoding=\"async\" class=\"size-full wp-image-168554 aligncenter\" src=\"https:\/\/www.bellunopress.it\/wp-content\/uploads\/2026\/03\/carabinieri-forestali.jpg\" alt=\"\" width=\"600\" height=\"313\" srcset=\"https:\/\/www.bellunopress.it\/wp-content\/uploads\/2026\/03\/carabinieri-forestali.jpg 600w, https:\/\/www.bellunopress.it\/wp-content\/uploads\/2026\/03\/carabinieri-forestali-500x261.jpg 500w, https:\/\/www.bellunopress.it\/wp-content\/uploads\/2026\/03\/carabinieri-forestali-150x78.jpg 150w, https:\/\/www.bellunopress.it\/wp-content\/uploads\/2026\/03\/carabinieri-forestali-300x157.jpg 300w\" sizes=\"auto, (max-width: 600px) 100vw, 600px\" \/>Sotto la direzione del capitano Giancarlo Caprini, comandante del distaccamento di Auronzo, i giovani ufficiali hanno alternato lezioni teoriche in aula a intense esercitazioni sul campo. Il programma ha toccato i pilastri della sicurezza invernale:<\/p>\n<ul data-path-to-node=\"7\">\n<li>\n<p data-path-to-node=\"7,0,0\">Gestione del rischio valanghe: tecniche di rilevamento meteonivometrico e test di stabilit\u00e0 del manto nevoso.<\/p>\n<\/li>\n<li>\n<p data-path-to-node=\"7,1,0\">Soccorso alpino: utilizzo del sistema ARTVA (Apparecchio di Ricerca dei Travolti in Valanga) per la localizzazione rapida in caso di emergenza.<\/p>\n<\/li>\n<li>\n<p data-path-to-node=\"7,2,0\">Polizia delle piste: controllo e soccorso nelle discipline sportive invernali, per garantire il rispetto delle norme di sicurezza da parte degli sciatori.<\/p>\n<\/li>\n<\/ul>\n<p data-path-to-node=\"9\">La scelta di Auronzo come sede del modulo non \u00e8 casuale: il centro \u00e8 un&#8217;eccellenza nell&#8217;addestramento alpino dell&#8217;Arma. In un periodo storico segnato da flussi turistici sempre pi\u00f9 massicci, la capacit\u00e0 di prevenire incidenti legati a rischi naturali \u00e8 diventata una priorit\u00e0.<\/p>\n<p data-path-to-node=\"10\">A guidare le attivit\u00e0 addestrative \u00e8 intervenuta anche il tenente colonnello Emanuela Gini, Capo del Servizio Meteomont Carabinieri, la struttura d&#8217;\u00e9lite che si occupa quotidianamente della previsione del pericolo valanghe su scala nazionale.<\/p>\n<p data-path-to-node=\"12\">L&#8217;obiettivo finale di questa formazione d&#8217;alto livello \u00e8 la ricaduta pratica sui territori. Grazie alla rete dei Nuclei Carabinieri Forestali, questi ufficiali avranno il compito di coordinare attivit\u00e0 di divulgazione e sensibilizzazione verso i cittadini. Sapere come comportarsi in ambiente innevato e conoscere i limiti della montagna sono, infatti, i primi strumenti per ridurre drasticamente la statistica degli incidenti.<\/p>\n<p data-path-to-node=\"13\">Con la conclusione di questo modulo, l&#8217;Arma dei Carabinieri ribadisce il suo ruolo di &#8220;custode&#8221; della montagna, investendo sulla preparazione tecnica dei propri quadri dirigenti per garantire un inverno pi\u00f9 sicuro a residenti e turisti tra le vette delle Dolomiti e di tutta Italia.<\/p>","protected":false},"excerpt":{"rendered":"<p>Auronzo di Cadore\u00a0\u2013 La montagna invernale non \u00e8 solo svago e turismo, ma un ambiente complesso che richiede competenza, prevenzione e una vigilanza costante. Con questo obiettivo si \u00e8 concluso in questi giorni, presso il Centro Carabinieri Addestramento Alpino &#8211; Distaccamento di Auronzo di Cadore, un importante modulo formativo dedicato alla sicurezza in montagna. Protagonisti [&hellip;]<\/p>\n","protected":false},"author":2,"featured_media":160148,"comment_status":"closed","ping_status":"open","sticky":false,"template":"","format":"standard","meta":{"footnotes":""},"categories":[26,8],"tags":[],"class_list":["post-168552","post","type-post","status-publish","format-standard","has-post-thumbnail","category-prima-pagina","category-societa-istituzioni"],"yoast_head":"<!-- This site is optimized with the Yoast SEO plugin v28.4 - https:\/\/yoast.com\/product\/yoast-seo-wordpress\/ -->\n<title>Sicurezza in quota: 14 ufficiali dei Carabinieri Forestali a lezione ad Auronzo di Cadore - Bellunopress - Dolomiti<\/title>\n<meta name=\"robots\" content=\"index, follow, max-snippet:-1, max-image-preview:large, max-video-preview:-1\" \/>\n<link rel=\"canonical\" href=\"https:\/\/www.bellunopress.it\/fr\/2026\/03\/27\/sicurezza-in-quota-14-ufficiali-dei-carabinieri-forestali-a-lezione-ad-auronzo-di-cadore\/\" \/>\n<meta property=\"og:locale\" content=\"fr_FR\" \/>\n<meta property=\"og:type\" content=\"article\" \/>\n<meta property=\"og:title\" content=\"Sicurezza in quota: 14 ufficiali dei Carabinieri Forestali a lezione ad Auronzo di Cadore - Bellunopress - Dolomiti\" \/>\n<meta property=\"og:description\" content=\"Auronzo di Cadore\u00a0\u2013 La montagna invernale non \u00e8 solo svago e turismo, ma un ambiente complesso che richiede competenza, prevenzione e una vigilanza costante. Con questo obiettivo si \u00e8 concluso in questi giorni, presso il Centro Carabinieri Addestramento Alpino &#8211; Distaccamento di Auronzo di Cadore, un importante modulo formativo dedicato alla sicurezza in montagna. Protagonisti [&hellip;]\" \/>\n<meta property=\"og:url\" content=\"https:\/\/www.bellunopress.it\/fr\/2026\/03\/27\/sicurezza-in-quota-14-ufficiali-dei-carabinieri-forestali-a-lezione-ad-auronzo-di-cadore\/\" \/>\n<meta property=\"og:site_name\" content=\"Bellunopress - Dolomiti\" \/>\n<meta property=\"article:publisher\" content=\"https:\/\/www.facebook.com\/profile.php?id=100008943462799\" \/>\n<meta property=\"article:published_time\" content=\"2026-03-27T08:30:28+00:00\" \/>\n<meta property=\"og:image\" content=\"https:\/\/www.bellunopress.it\/wp-content\/uploads\/2025\/05\/Carabinieri-forestali-Feltre_edited.jpg\" \/>\n\t<meta property=\"og:image:width\" content=\"714\" \/>\n\t<meta property=\"og:image:height\" content=\"474\" \/>\n\t<meta property=\"og:image:type\" content=\"image\/jpeg\" \/>\n<meta name=\"author\" content=\"redazione\" \/>\n<meta name=\"twitter:card\" content=\"summary_large_image\" \/>\n<meta name=\"twitter:creator\" content=\"@bellunopress\" \/>\n<meta name=\"twitter:site\" content=\"@bellunopress\" \/>\n<meta name=\"twitter:label1\" content=\"\u00c9crit par\" \/>\n\t<meta name=\"twitter:data1\" content=\"redazione\" \/>\n\t<meta name=\"twitter:label2\" content=\"Dur\u00e9e de lecture estim\u00e9e\" \/>\n\t<meta name=\"twitter:data2\" content=\"2 minutes\" \/>\n<script type=\"application\/ld+json\" class=\"yoast-schema-graph\">{\"@context\":\"https:\\\/\\\/schema.org\",\"@graph\":[{\"@type\":\"Article\",\"@id\":\"https:\\\/\\\/www.bellunopress.it\\\/2026\\\/03\\\/27\\\/sicurezza-in-quota-14-ufficiali-dei-carabinieri-forestali-a-lezione-ad-auronzo-di-cadore\\\/#article\",\"isPartOf\":{\"@id\":\"https:\\\/\\\/www.bellunopress.it\\\/2026\\\/03\\\/27\\\/sicurezza-in-quota-14-ufficiali-dei-carabinieri-forestali-a-lezione-ad-auronzo-di-cadore\\\/\"},\"author\":{\"name\":\"redazione\",\"@id\":\"https:\\\/\\\/www.bellunopress.it\\\/#\\\/schema\\\/person\\\/79bb06722b37ece1c03d3e94beb30d73\"},\"headline\":\"Sicurezza in quota: 14 ufficiali dei Carabinieri Forestali a lezione ad Auronzo di Cadore\",\"datePublished\":\"2026-03-27T08:30:28+00:00\",\"mainEntityOfPage\":{\"@id\":\"https:\\\/\\\/www.bellunopress.it\\\/2026\\\/03\\\/27\\\/sicurezza-in-quota-14-ufficiali-dei-carabinieri-forestali-a-lezione-ad-auronzo-di-cadore\\\/\"},\"wordCount\":390,\"publisher\":{\"@id\":\"https:\\\/\\\/www.bellunopress.it\\\/#organization\"},\"image\":{\"@id\":\"https:\\\/\\\/www.bellunopress.it\\\/2026\\\/03\\\/27\\\/sicurezza-in-quota-14-ufficiali-dei-carabinieri-forestali-a-lezione-ad-auronzo-di-cadore\\\/#primaryimage\"},\"thumbnailUrl\":\"https:\\\/\\\/www.bellunopress.it\\\/wp-content\\\/uploads\\\/2025\\\/05\\\/Carabinieri-forestali-Feltre_edited.jpg\",\"articleSection\":[\"Prima Pagina\",\"Societ\u00e0, Associazioni, Istituzioni\"],\"inLanguage\":\"fr-FR\"},{\"@type\":\"WebPage\",\"@id\":\"https:\\\/\\\/www.bellunopress.it\\\/2026\\\/03\\\/27\\\/sicurezza-in-quota-14-ufficiali-dei-carabinieri-forestali-a-lezione-ad-auronzo-di-cadore\\\/\",\"url\":\"https:\\\/\\\/www.bellunopress.it\\\/2026\\\/03\\\/27\\\/sicurezza-in-quota-14-ufficiali-dei-carabinieri-forestali-a-lezione-ad-auronzo-di-cadore\\\/\",\"name\":\"Sicurezza in quota: 14 ufficiali dei Carabinieri Forestali a lezione ad Auronzo di Cadore - Bellunopress - Dolomiti\",\"isPartOf\":{\"@id\":\"https:\\\/\\\/www.bellunopress.it\\\/#website\"},\"primaryImageOfPage\":{\"@id\":\"https:\\\/\\\/www.bellunopress.it\\\/2026\\\/03\\\/27\\\/sicurezza-in-quota-14-ufficiali-dei-carabinieri-forestali-a-lezione-ad-auronzo-di-cadore\\\/#primaryimage\"},\"image\":{\"@id\":\"https:\\\/\\\/www.bellunopress.it\\\/2026\\\/03\\\/27\\\/sicurezza-in-quota-14-ufficiali-dei-carabinieri-forestali-a-lezione-ad-auronzo-di-cadore\\\/#primaryimage\"},\"thumbnailUrl\":\"https:\\\/\\\/www.bellunopress.it\\\/wp-content\\\/uploads\\\/2025\\\/05\\\/Carabinieri-forestali-Feltre_edited.jpg\",\"datePublished\":\"2026-03-27T08:30:28+00:00\",\"breadcrumb\":{\"@id\":\"https:\\\/\\\/www.bellunopress.it\\\/2026\\\/03\\\/27\\\/sicurezza-in-quota-14-ufficiali-dei-carabinieri-forestali-a-lezione-ad-auronzo-di-cadore\\\/#breadcrumb\"},\"inLanguage\":\"fr-FR\",\"potentialAction\":[{\"@type\":\"ReadAction\",\"target\":[\"https:\\\/\\\/www.bellunopress.it\\\/2026\\\/03\\\/27\\\/sicurezza-in-quota-14-ufficiali-dei-carabinieri-forestali-a-lezione-ad-auronzo-di-cadore\\\/\"]}]},{\"@type\":\"ImageObject\",\"inLanguage\":\"fr-FR\",\"@id\":\"https:\\\/\\\/www.bellunopress.it\\\/2026\\\/03\\\/27\\\/sicurezza-in-quota-14-ufficiali-dei-carabinieri-forestali-a-lezione-ad-auronzo-di-cadore\\\/#primaryimage\",\"url\":\"https:\\\/\\\/www.bellunopress.it\\\/wp-content\\\/uploads\\\/2025\\\/05\\\/Carabinieri-forestali-Feltre_edited.jpg\",\"contentUrl\":\"https:\\\/\\\/www.bellunopress.it\\\/wp-content\\\/uploads\\\/2025\\\/05\\\/Carabinieri-forestali-Feltre_edited.jpg\",\"width\":714,\"height\":474,\"caption\":\"Carabinieri forestali\"},{\"@type\":\"BreadcrumbList\",\"@id\":\"https:\\\/\\\/www.bellunopress.it\\\/2026\\\/03\\\/27\\\/sicurezza-in-quota-14-ufficiali-dei-carabinieri-forestali-a-lezione-ad-auronzo-di-cadore\\\/#breadcrumb\",\"itemListElement\":[{\"@type\":\"ListItem\",\"position\":1,\"name\":\"Home\",\"item\":\"https:\\\/\\\/www.bellunopress.it\\\/\"},{\"@type\":\"ListItem\",\"position\":2,\"name\":\"Sicurezza in quota: 14 ufficiali dei Carabinieri Forestali a lezione ad Auronzo di Cadore\"}]},{\"@type\":\"WebSite\",\"@id\":\"https:\\\/\\\/www.bellunopress.it\\\/#website\",\"url\":\"https:\\\/\\\/www.bellunopress.it\\\/\",\"name\":\"Bellunopress - Dolomiti\",\"description\":\"e-mail: redazione@bellunopress.it\",\"publisher\":{\"@id\":\"https:\\\/\\\/www.bellunopress.it\\\/#organization\"},\"potentialAction\":[{\"@type\":\"SearchAction\",\"target\":{\"@type\":\"EntryPoint\",\"urlTemplate\":\"https:\\\/\\\/www.bellunopress.it\\\/?s={search_term_string}\"},\"query-input\":{\"@type\":\"PropertyValueSpecification\",\"valueRequired\":true,\"valueName\":\"search_term_string\"}}],\"inLanguage\":\"fr-FR\"},{\"@type\":\"Organization\",\"@id\":\"https:\\\/\\\/www.bellunopress.it\\\/#organization\",\"name\":\"Bellunopress\",\"url\":\"https:\\\/\\\/www.bellunopress.it\\\/\",\"logo\":{\"@type\":\"ImageObject\",\"inLanguage\":\"fr-FR\",\"@id\":\"https:\\\/\\\/www.bellunopress.it\\\/#\\\/schema\\\/logo\\\/image\\\/\",\"url\":\"https:\\\/\\\/www.bellunopress.it\\\/wp-content\\\/uploads\\\/2011\\\/05\\\/cropped-logo-bellunopress-.jpg\",\"contentUrl\":\"https:\\\/\\\/www.bellunopress.it\\\/wp-content\\\/uploads\\\/2011\\\/05\\\/cropped-logo-bellunopress-.jpg\",\"width\":512,\"height\":512,\"caption\":\"Bellunopress\"},\"image\":{\"@id\":\"https:\\\/\\\/www.bellunopress.it\\\/#\\\/schema\\\/logo\\\/image\\\/\"},\"sameAs\":[\"https:\\\/\\\/www.facebook.com\\\/profile.php?id=100008943462799\",\"https:\\\/\\\/x.com\\\/bellunopress\",\"https:\\\/\\\/www.linkedin.com\\\/hp\\\/?dnr=JBzUWaJfMUw8vbXJJ2tVW5-I3jZKvC4wsoxE&amp;amp;amp;amp;amp;amp;trk=nav_responsive_tab_home\",\"https:\\\/\\\/www.youtube.com\\\/channel\\\/UCxL0wu1uN0_3_7hGG0306cw\"]},{\"@type\":\"Person\",\"@id\":\"https:\\\/\\\/www.bellunopress.it\\\/#\\\/schema\\\/person\\\/79bb06722b37ece1c03d3e94beb30d73\",\"name\":\"redazione\",\"image\":{\"@type\":\"ImageObject\",\"inLanguage\":\"fr-FR\",\"@id\":\"https:\\\/\\\/secure.gravatar.com\\\/avatar\\\/37d968a2e67a6fd04c169c4bdef102d0bc5d31b2546345219e348575eb80e9a0?s=96&d=mm&r=g\",\"url\":\"https:\\\/\\\/secure.gravatar.com\\\/avatar\\\/37d968a2e67a6fd04c169c4bdef102d0bc5d31b2546345219e348575eb80e9a0?s=96&d=mm&r=g\",\"contentUrl\":\"https:\\\/\\\/secure.gravatar.com\\\/avatar\\\/37d968a2e67a6fd04c169c4bdef102d0bc5d31b2546345219e348575eb80e9a0?s=96&d=mm&r=g\",\"caption\":\"redazione\"},\"sameAs\":[\"http:\\\/\\\/www.bellunopress.it\",\"https:\\\/\\\/x.com\\\/bellunopress\"],\"url\":\"https:\\\/\\\/www.bellunopress.it\\\/fr\\\/author\\\/redazione\\\/\"}]}<\/script>\n<!-- \/ Yoast SEO plugin. -->","yoast_head_json":{"title":"Sicurezza in quota: 14 ufficiali dei Carabinieri Forestali a lezione ad Auronzo di Cadore - Bellunopress - Dolomiti","robots":{"index":"index","follow":"follow","max-snippet":"max-snippet:-1","max-image-preview":"max-image-preview:large","max-video-preview":"max-video-preview:-1"},"canonical":"https:\/\/www.bellunopress.it\/fr\/2026\/03\/27\/sicurezza-in-quota-14-ufficiali-dei-carabinieri-forestali-a-lezione-ad-auronzo-di-cadore\/","og_locale":"fr_FR","og_type":"article","og_title":"Sicurezza in quota: 14 ufficiali dei Carabinieri Forestali a lezione ad Auronzo di Cadore - Bellunopress - Dolomiti","og_description":"Auronzo di Cadore\u00a0\u2013 La montagna invernale non \u00e8 solo svago e turismo, ma un ambiente complesso che richiede competenza, prevenzione e una vigilanza costante. Con questo obiettivo si \u00e8 concluso in questi giorni, presso il Centro Carabinieri Addestramento Alpino &#8211; Distaccamento di Auronzo di Cadore, un importante modulo formativo dedicato alla sicurezza in montagna. Protagonisti [&hellip;]","og_url":"https:\/\/www.bellunopress.it\/fr\/2026\/03\/27\/sicurezza-in-quota-14-ufficiali-dei-carabinieri-forestali-a-lezione-ad-auronzo-di-cadore\/","og_site_name":"Bellunopress - Dolomiti","article_publisher":"https:\/\/www.facebook.com\/profile.php?id=100008943462799","article_published_time":"2026-03-27T08:30:28+00:00","og_image":[{"width":714,"height":474,"url":"https:\/\/www.bellunopress.it\/wp-content\/uploads\/2025\/05\/Carabinieri-forestali-Feltre_edited.jpg","type":"image\/jpeg"}],"author":"redazione","twitter_card":"summary_large_image","twitter_creator":"@bellunopress","twitter_site":"@bellunopress","twitter_misc":{"\u00c9crit par":"redazione","Dur\u00e9e de lecture estim\u00e9e":"2 minutes"},"schema":{"@context":"https:\/\/schema.org","@graph":[{"@type":"Article","@id":"https:\/\/www.bellunopress.it\/2026\/03\/27\/sicurezza-in-quota-14-ufficiali-dei-carabinieri-forestali-a-lezione-ad-auronzo-di-cadore\/#article","isPartOf":{"@id":"https:\/\/www.bellunopress.it\/2026\/03\/27\/sicurezza-in-quota-14-ufficiali-dei-carabinieri-forestali-a-lezione-ad-auronzo-di-cadore\/"},"author":{"name":"redazione","@id":"https:\/\/www.bellunopress.it\/#\/schema\/person\/79bb06722b37ece1c03d3e94beb30d73"},"headline":"Sicurezza in quota: 14 ufficiali dei Carabinieri Forestali a lezione ad Auronzo di Cadore","datePublished":"2026-03-27T08:30:28+00:00","mainEntityOfPage":{"@id":"https:\/\/www.bellunopress.it\/2026\/03\/27\/sicurezza-in-quota-14-ufficiali-dei-carabinieri-forestali-a-lezione-ad-auronzo-di-cadore\/"},"wordCount":390,"publisher":{"@id":"https:\/\/www.bellunopress.it\/#organization"},"image":{"@id":"https:\/\/www.bellunopress.it\/2026\/03\/27\/sicurezza-in-quota-14-ufficiali-dei-carabinieri-forestali-a-lezione-ad-auronzo-di-cadore\/#primaryimage"},"thumbnailUrl":"https:\/\/www.bellunopress.it\/wp-content\/uploads\/2025\/05\/Carabinieri-forestali-Feltre_edited.jpg","articleSection":["Prima Pagina","Societ\u00e0, Associazioni, Istituzioni"],"inLanguage":"fr-FR"},{"@type":"WebPage","@id":"https:\/\/www.bellunopress.it\/2026\/03\/27\/sicurezza-in-quota-14-ufficiali-dei-carabinieri-forestali-a-lezione-ad-auronzo-di-cadore\/","url":"https:\/\/www.bellunopress.it\/2026\/03\/27\/sicurezza-in-quota-14-ufficiali-dei-carabinieri-forestali-a-lezione-ad-auronzo-di-cadore\/","name":"Sicurezza in quota: 14 ufficiali dei Carabinieri Forestali a lezione ad Auronzo di Cadore - Bellunopress - Dolomiti","isPartOf":{"@id":"https:\/\/www.bellunopress.it\/#website"},"primaryImageOfPage":{"@id":"https:\/\/www.bellunopress.it\/2026\/03\/27\/sicurezza-in-quota-14-ufficiali-dei-carabinieri-forestali-a-lezione-ad-auronzo-di-cadore\/#primaryimage"},"image":{"@id":"https:\/\/www.bellunopress.it\/2026\/03\/27\/sicurezza-in-quota-14-ufficiali-dei-carabinieri-forestali-a-lezione-ad-auronzo-di-cadore\/#primaryimage"},"thumbnailUrl":"https:\/\/www.bellunopress.it\/wp-content\/uploads\/2025\/05\/Carabinieri-forestali-Feltre_edited.jpg","datePublished":"2026-03-27T08:30:28+00:00","breadcrumb":{"@id":"https:\/\/www.bellunopress.it\/2026\/03\/27\/sicurezza-in-quota-14-ufficiali-dei-carabinieri-forestali-a-lezione-ad-auronzo-di-cadore\/#breadcrumb"},"inLanguage":"fr-FR","potentialAction":[{"@type":"ReadAction","target":["https:\/\/www.bellunopress.it\/2026\/03\/27\/sicurezza-in-quota-14-ufficiali-dei-carabinieri-forestali-a-lezione-ad-auronzo-di-cadore\/"]}]},{"@type":"ImageObject","inLanguage":"fr-FR","@id":"https:\/\/www.bellunopress.it\/2026\/03\/27\/sicurezza-in-quota-14-ufficiali-dei-carabinieri-forestali-a-lezione-ad-auronzo-di-cadore\/#primaryimage","url":"https:\/\/www.bellunopress.it\/wp-content\/uploads\/2025\/05\/Carabinieri-forestali-Feltre_edited.jpg","contentUrl":"https:\/\/www.bellunopress.it\/wp-content\/uploads\/2025\/05\/Carabinieri-forestali-Feltre_edited.jpg","width":714,"height":474,"caption":"Carabinieri forestali"},{"@type":"BreadcrumbList","@id":"https:\/\/www.bellunopress.it\/2026\/03\/27\/sicurezza-in-quota-14-ufficiali-dei-carabinieri-forestali-a-lezione-ad-auronzo-di-cadore\/#breadcrumb","itemListElement":[{"@type":"ListItem","position":1,"name":"Home","item":"https:\/\/www.bellunopress.it\/"},{"@type":"ListItem","position":2,"name":"Sicurezza in quota: 14 ufficiali dei Carabinieri Forestali a lezione ad Auronzo di Cadore"}]},{"@type":"WebSite","@id":"https:\/\/www.bellunopress.it\/#website","url":"https:\/\/www.bellunopress.it\/","name":"Bellunopress - Dolomiti","description":"e-mail: redazione@bellunopress.it","publisher":{"@id":"https:\/\/www.bellunopress.it\/#organization"},"potentialAction":[{"@type":"SearchAction","target":{"@type":"EntryPoint","urlTemplate":"https:\/\/www.bellunopress.it\/?s={search_term_string}"},"query-input":{"@type":"PropertyValueSpecification","valueRequired":true,"valueName":"search_term_string"}}],"inLanguage":"fr-FR"},{"@type":"Organization","@id":"https:\/\/www.bellunopress.it\/#organization","name":"Bellunopress","url":"https:\/\/www.bellunopress.it\/","logo":{"@type":"ImageObject","inLanguage":"fr-FR","@id":"https:\/\/www.bellunopress.it\/#\/schema\/logo\/image\/","url":"https:\/\/www.bellunopress.it\/wp-content\/uploads\/2011\/05\/cropped-logo-bellunopress-.jpg","contentUrl":"https:\/\/www.bellunopress.it\/wp-content\/uploads\/2011\/05\/cropped-logo-bellunopress-.jpg","width":512,"height":512,"caption":"Bellunopress"},"image":{"@id":"https:\/\/www.bellunopress.it\/#\/schema\/logo\/image\/"},"sameAs":["https:\/\/www.facebook.com\/profile.php?id=100008943462799","https:\/\/x.com\/bellunopress","https:\/\/www.linkedin.com\/hp\/?dnr=JBzUWaJfMUw8vbXJJ2tVW5-I3jZKvC4wsoxE&amp;amp;amp;amp;amp;amp;trk=nav_responsive_tab_home","https:\/\/www.youtube.com\/channel\/UCxL0wu1uN0_3_7hGG0306cw"]},{"@type":"Person","@id":"https:\/\/www.bellunopress.it\/#\/schema\/person\/79bb06722b37ece1c03d3e94beb30d73","name":"r\u00e9daction","image":{"@type":"ImageObject","inLanguage":"fr-FR","@id":"https:\/\/secure.gravatar.com\/avatar\/37d968a2e67a6fd04c169c4bdef102d0bc5d31b2546345219e348575eb80e9a0?s=96&d=mm&r=g","url":"https:\/\/secure.gravatar.com\/avatar\/37d968a2e67a6fd04c169c4bdef102d0bc5d31b2546345219e348575eb80e9a0?s=96&d=mm&r=g","contentUrl":"https:\/\/secure.gravatar.com\/avatar\/37d968a2e67a6fd04c169c4bdef102d0bc5d31b2546345219e348575eb80e9a0?s=96&d=mm&r=g","caption":"redazione"},"sameAs":["http:\/\/www.bellunopress.it","https:\/\/x.com\/bellunopress"],"url":"https:\/\/www.bellunopress.it\/fr\/author\/redazione\/"}]}},"_links":{"self":[{"href":"https:\/\/www.bellunopress.it\/fr\/wp-json\/wp\/v2\/posts\/168552","targetHints":{"allow":["GET"]}}],"collection":[{"href":"https:\/\/www.bellunopress.it\/fr\/wp-json\/wp\/v2\/posts"}],"about":[{"href":"https:\/\/www.bellunopress.it\/fr\/wp-json\/wp\/v2\/types\/post"}],"author":[{"embeddable":true,"href":"https:\/\/www.bellunopress.it\/fr\/wp-json\/wp\/v2\/users\/2"}],"replies":[{"embeddable":true,"href":"https:\/\/www.bellunopress.it\/fr\/wp-json\/wp\/v2\/comments?post=168552"}],"version-history":[{"count":2,"href":"https:\/\/www.bellunopress.it\/fr\/wp-json\/wp\/v2\/posts\/168552\/revisions"}],"predecessor-version":[{"id":168555,"href":"https:\/\/www.bellunopress.it\/fr\/wp-json\/wp\/v2\/posts\/168552\/revisions\/168555"}],"wp:featuredmedia":[{"embeddable":true,"href":"https:\/\/www.bellunopress.it\/fr\/wp-json\/wp\/v2\/media\/160148"}],"wp:attachment":[{"href":"https:\/\/www.bellunopress.it\/fr\/wp-json\/wp\/v2\/media?parent=168552"}],"wp:term":[{"taxonomy":"category","embeddable":true,"href":"https:\/\/www.bellunopress.it\/fr\/wp-json\/wp\/v2\/categories?post=168552"},{"taxonomy":"post_tag","embeddable":true,"href":"https:\/\/www.bellunopress.it\/fr\/wp-json\/wp\/v2\/tags?post=168552"}],"curies":[{"name":"wp","href":"https:\/\/api.w.org\/{rel}","templated":true}]}}