{"id":168541,"date":"2026-03-26T20:40:13","date_gmt":"2026-03-26T19:40:13","guid":{"rendered":"https:\/\/www.bellunopress.it\/?p=168541"},"modified":"2026-03-26T20:40:13","modified_gmt":"2026-03-26T19:40:13","slug":"tiziano-e-il-paesaggio-dal-cadore-alla-laguna-a-pieve-di-cadore-il-28-e-il-29-marzo","status":"publish","type":"post","link":"https:\/\/www.bellunopress.it\/fr\/2026\/03\/26\/tiziano-e-il-paesaggio-dal-cadore-alla-laguna-a-pieve-di-cadore-il-28-e-il-29-marzo\/","title":{"rendered":"\u201cTiziano e il paesaggio. Dal Cadore alla Laguna\u201d. A Pieve di Cadore il 28 e il 29 marzo"},"content":{"rendered":"<p><strong>Gran finale per salutare la partenza della monumentale \u201cPala Gozzi\u201d di Tiziano.<\/strong><\/p>\n<p><strong>Nell\u2019ultimo weekend della mostra, aperture serali straordinarie<\/strong><\/p>\n<p><strong>Sabato 28 marzo<\/strong><br \/>\n<strong>apertura serale <\/strong><br \/>\n<strong>dalle ore 20.30 alle 22.30<\/strong><\/p>\n<p><strong>Domenica 29 marzo<\/strong><br \/>\n<strong>apertura continuata nel pomeriggio, <\/strong><br \/>\n<strong>dalle 15.30 alle 22.30.<\/strong><\/p>\n<p><strong>Alle 17.30, nella sala antistante l\u2019ingresso alla mostra,\u00a0il concerto: \u201cDipingere la bellezza. Musiche ai tempi di Tiziano\u201d<\/strong><\/p>\n<p>Ci voleva proprio un \u201cgran finale\u201d per salutare la partenza della straordinaria \u201cPala Gozzi\u201d di Tiziano (1520), per la prima volta, e per soli due mesi, esposta nel paese natale del grande artista, nell\u2019occasione speciale dei 450 anni dalla sua morte e delle Olimpiadi Invernali Milano-Cortina 2026.<\/p>\n<p>Cos\u00ec, l\u2019ultimo week-end della mostra \u201cTIZIANO E IL PAESAGGIO. Dal Cadore alla Laguna. La Pala Gozzi e La Sommersione del Faraone\u201d &#8211; a Pieve di Cadore presso il Palazzo della Magnifica Comunit\u00e0 di Cadore &#8211; sar\u00e0 una vera festa, con aperture serali straordinarie rese necessarie anche dal notevole afflusso di visitatori delle ultime settimane, sabato 28 (dalle 20.30 alle 22.30) e domenica 29 marzo ultimo giorno di mostra (apertura continuata dalle 15.30 alle 22.30), e con un concerto di musiche d\u2019epoca &#8211; domenica 29 marzo alle ore 17.30 &#8211; che risuoneranno negli ambienti dello storico edificio che chiude Piazza Tiziano, a Pieve, a pochi passi dalla Casa Natale del pittore riaperta dopo il lungo restauro e visitabile con lo stesso biglietto della mostra.<\/p>\n<p>Guide e mediatori culturali saranno sempre a supporto del pubblico con visite guidate gratuite a partenza cadenzata.<\/p>\n<p>Il concerto, con strumenti rinascimentali ispirati a famosi manufatti o a dipinti d\u2019epoca, vedr\u00e0 Elena Modena al canto e alla viola contralto rinascimentale (copia da Juan Maria da Brescia) e Ilario Gregoletto con una viola bassa rinascimentale da un quadro di Benvenuto Tisi detto il Garofolo, e un clavicembalo Giovan Battista Giusti:un percorso nel nome di compositori tra i pi\u00f9 rappresentativi dei generi musicali rinascimentali, attivi in particolare in area veneta e a Venezia.<\/p>\n<p>Dunque, con queste iniziative, sar\u00e0 l\u2019ultima occasione per quanti desiderano ammirare da vicino l\u2018opera monumentale del grande Tiziano firmata eccezionalmente \u201cTitianus Cadorinus\u201d, centrale nella sua maturazione artistica; ultima occasione perammirare e comprendere, particolare su particolare, i molteplici significati e i messaggi che il Cadorino affida alla tela, a partire dal valore innovativo attribuito al paesaggio, con la prima veduta in pittura dell\u2019area marciana di Venezia.<\/p>\n<p>Accanto, una xilografia potente e monumentale dove il mare-laguna, tanto minaccioso quanto centrale, invade l\u2019opera mescolandosi alle figure, colte nella tragedia umana e dalle molteplici espressioni: uomini e cavalli trascinati nelle acque, Mos\u00e8 che possente conduce il suo popolo in salvo, ma anche una donna che allatta, e un cane che, irrispettoso, fa i propri bisogni.<\/p>\n<p>La mostra-dossier, curata da Bernard Aikema e Thomas Dalla Costa, \u00e8 il primo dei due eventi espositivi sul tema del paesaggio nell\u2019opera di Tiziano promossi dalla Magnifica Comunit\u00e0 di Cadore e dalla Fondazione Centro Studi Tiziano e Cadore, con la collaborazione del Comune di Pieve Cadore e l\u2019organizzazione generale di Villaggio Globale International, nell\u2019ambito delle celebrazioni TITIANUS CADORINUS 1576-2026 per i 450 dalla morte del geniale Maestro del Rinascimento.<\/p>\n<p>Per la seconda mostra, che proporr\u00e0 un affondo ancora maggiore sul paesaggio tizianesco e l\u2019influenza avuta su generazioni d\u2019artisti in Europa, l\u2019appuntamento sar\u00e0 a luglio.<\/p>\n<p><strong>Programma concerto:<\/strong><\/p>\n<p>Jacques Arcadelt (Liegi 1507 Parigi 1568)<br \/>\nDormendo un giorno<br \/>\n(Primo libro di Madrigali a 3 voci, Gardano. Venezia, 1543)<\/p>\n<p>Francesco D\u2019Ana Venetus (Venezia? 1502)<br \/>\nChi vi dar\u00e0 pi\u00f9 luce (sonetto)<\/p>\n<p>Costanzo Festa Villafranca (Torino) ca. 1480Roma 1545<br \/>\nSi come siete bella<br \/>\nTanta beltad\u2019\u00e8 in voi<br \/>\n(Primo libro di Madrigali a 3 voci, Gardano, Venezia, 1556)<\/p>\n<p>Bartolomeo Tromboncino (Verona ca. 1470Venezia? dopo il 1535<br \/>\nVirgine bella<br \/>\nPer dolor mi bagno il viso<br \/>\nSu su leva al alza ciglia<br \/>\n(Ottavio Petrucci, Frottole, Venezia, 1504-1514)<\/p>\n<p>Marchetto Cara (Verona 1470Mantova 1525)<br \/>\nNon \u00e8 tempo d\u2019aspettare<br \/>\n(Ibidem)<\/p>\n<p>&nbsp;<\/p>","protected":false},"excerpt":{"rendered":"<p>Gran finale per salutare la partenza della monumentale \u201cPala Gozzi\u201d di Tiziano. Nell\u2019ultimo weekend della mostra, aperture serali straordinarie Sabato 28 marzo apertura serale dalle ore 20.30 alle 22.30 Domenica 29 marzo apertura continuata nel pomeriggio, dalle 15.30 alle 22.30. Alle 17.30, nella sala antistante l\u2019ingresso alla mostra,\u00a0il concerto: \u201cDipingere la bellezza. Musiche ai tempi [&hellip;]<\/p>\n","protected":false},"author":2,"featured_media":168542,"comment_status":"closed","ping_status":"open","sticky":false,"template":"","format":"standard","meta":{"footnotes":""},"categories":[27,3,25],"tags":[],"class_list":["post-168541","post","type-post","status-publish","format-standard","has-post-thumbnail","category-appuntamenti","category-arte-cultura-spettacoli-scienza-archivi","category-pausa-caffe"],"yoast_head":"<!-- This site is optimized with the Yoast SEO plugin v28.4 - https:\/\/yoast.com\/product\/yoast-seo-wordpress\/ -->\n<title>\u201cTiziano e il paesaggio. Dal Cadore alla Laguna\u201d. A Pieve di Cadore il 28 e il 29 marzo - Bellunopress - Dolomiti<\/title>\n<meta name=\"robots\" content=\"index, follow, max-snippet:-1, max-image-preview:large, max-video-preview:-1\" \/>\n<link rel=\"canonical\" href=\"https:\/\/www.bellunopress.it\/fr\/2026\/03\/26\/tiziano-e-il-paesaggio-dal-cadore-alla-laguna-a-pieve-di-cadore-il-28-e-il-29-marzo\/\" \/>\n<meta property=\"og:locale\" content=\"fr_FR\" \/>\n<meta property=\"og:type\" content=\"article\" \/>\n<meta property=\"og:title\" content=\"\u201cTiziano e il paesaggio. Dal Cadore alla Laguna\u201d. A Pieve di Cadore il 28 e il 29 marzo - Bellunopress - Dolomiti\" \/>\n<meta property=\"og:description\" content=\"Gran finale per salutare la partenza della monumentale \u201cPala Gozzi\u201d di Tiziano. Nell\u2019ultimo weekend della mostra, aperture serali straordinarie Sabato 28 marzo apertura serale dalle ore 20.30 alle 22.30 Domenica 29 marzo apertura continuata nel pomeriggio, dalle 15.30 alle 22.30. Alle 17.30, nella sala antistante l\u2019ingresso alla mostra,\u00a0il concerto: \u201cDipingere la bellezza. Musiche ai tempi [&hellip;]\" \/>\n<meta property=\"og:url\" content=\"https:\/\/www.bellunopress.it\/fr\/2026\/03\/26\/tiziano-e-il-paesaggio-dal-cadore-alla-laguna-a-pieve-di-cadore-il-28-e-il-29-marzo\/\" \/>\n<meta property=\"og:site_name\" content=\"Bellunopress - Dolomiti\" \/>\n<meta property=\"article:publisher\" content=\"https:\/\/www.facebook.com\/profile.php?id=100008943462799\" \/>\n<meta property=\"article:published_time\" content=\"2026-03-26T19:40:13+00:00\" \/>\n<meta property=\"og:image\" content=\"https:\/\/www.bellunopress.it\/wp-content\/uploads\/2026\/03\/Pala-Gozzi-di-Tiziano-1520.jpg\" \/>\n\t<meta property=\"og:image:width\" content=\"318\" \/>\n\t<meta property=\"og:image:height\" content=\"462\" \/>\n\t<meta property=\"og:image:type\" content=\"image\/jpeg\" \/>\n<meta name=\"author\" content=\"redazione\" \/>\n<meta name=\"twitter:card\" content=\"summary_large_image\" \/>\n<meta name=\"twitter:creator\" content=\"@bellunopress\" \/>\n<meta name=\"twitter:site\" content=\"@bellunopress\" \/>\n<meta name=\"twitter:label1\" content=\"\u00c9crit par\" \/>\n\t<meta name=\"twitter:data1\" content=\"redazione\" \/>\n\t<meta name=\"twitter:label2\" content=\"Dur\u00e9e de lecture estim\u00e9e\" \/>\n\t<meta name=\"twitter:data2\" content=\"3 minutes\" \/>\n<script type=\"application\/ld+json\" class=\"yoast-schema-graph\">{\"@context\":\"https:\\\/\\\/schema.org\",\"@graph\":[{\"@type\":\"Article\",\"@id\":\"https:\\\/\\\/www.bellunopress.it\\\/2026\\\/03\\\/26\\\/tiziano-e-il-paesaggio-dal-cadore-alla-laguna-a-pieve-di-cadore-il-28-e-il-29-marzo\\\/#article\",\"isPartOf\":{\"@id\":\"https:\\\/\\\/www.bellunopress.it\\\/2026\\\/03\\\/26\\\/tiziano-e-il-paesaggio-dal-cadore-alla-laguna-a-pieve-di-cadore-il-28-e-il-29-marzo\\\/\"},\"author\":{\"name\":\"redazione\",\"@id\":\"https:\\\/\\\/www.bellunopress.it\\\/#\\\/schema\\\/person\\\/79bb06722b37ece1c03d3e94beb30d73\"},\"headline\":\"\u201cTiziano e il paesaggio. Dal Cadore alla Laguna\u201d. A Pieve di Cadore il 28 e il 29 marzo\",\"datePublished\":\"2026-03-26T19:40:13+00:00\",\"mainEntityOfPage\":{\"@id\":\"https:\\\/\\\/www.bellunopress.it\\\/2026\\\/03\\\/26\\\/tiziano-e-il-paesaggio-dal-cadore-alla-laguna-a-pieve-di-cadore-il-28-e-il-29-marzo\\\/\"},\"wordCount\":633,\"publisher\":{\"@id\":\"https:\\\/\\\/www.bellunopress.it\\\/#organization\"},\"image\":{\"@id\":\"https:\\\/\\\/www.bellunopress.it\\\/2026\\\/03\\\/26\\\/tiziano-e-il-paesaggio-dal-cadore-alla-laguna-a-pieve-di-cadore-il-28-e-il-29-marzo\\\/#primaryimage\"},\"thumbnailUrl\":\"https:\\\/\\\/www.bellunopress.it\\\/wp-content\\\/uploads\\\/2026\\\/03\\\/Pala-Gozzi-di-Tiziano-1520.jpg\",\"articleSection\":[\"Appuntamenti, Eventi\",\"Arte, Cultura, Spettacoli, Scienza\",\"Pausa Caff\u00e8\"],\"inLanguage\":\"fr-FR\"},{\"@type\":\"WebPage\",\"@id\":\"https:\\\/\\\/www.bellunopress.it\\\/2026\\\/03\\\/26\\\/tiziano-e-il-paesaggio-dal-cadore-alla-laguna-a-pieve-di-cadore-il-28-e-il-29-marzo\\\/\",\"url\":\"https:\\\/\\\/www.bellunopress.it\\\/2026\\\/03\\\/26\\\/tiziano-e-il-paesaggio-dal-cadore-alla-laguna-a-pieve-di-cadore-il-28-e-il-29-marzo\\\/\",\"name\":\"\u201cTiziano e il paesaggio. Dal Cadore alla Laguna\u201d. A Pieve di Cadore il 28 e il 29 marzo - Bellunopress - Dolomiti\",\"isPartOf\":{\"@id\":\"https:\\\/\\\/www.bellunopress.it\\\/#website\"},\"primaryImageOfPage\":{\"@id\":\"https:\\\/\\\/www.bellunopress.it\\\/2026\\\/03\\\/26\\\/tiziano-e-il-paesaggio-dal-cadore-alla-laguna-a-pieve-di-cadore-il-28-e-il-29-marzo\\\/#primaryimage\"},\"image\":{\"@id\":\"https:\\\/\\\/www.bellunopress.it\\\/2026\\\/03\\\/26\\\/tiziano-e-il-paesaggio-dal-cadore-alla-laguna-a-pieve-di-cadore-il-28-e-il-29-marzo\\\/#primaryimage\"},\"thumbnailUrl\":\"https:\\\/\\\/www.bellunopress.it\\\/wp-content\\\/uploads\\\/2026\\\/03\\\/Pala-Gozzi-di-Tiziano-1520.jpg\",\"datePublished\":\"2026-03-26T19:40:13+00:00\",\"breadcrumb\":{\"@id\":\"https:\\\/\\\/www.bellunopress.it\\\/2026\\\/03\\\/26\\\/tiziano-e-il-paesaggio-dal-cadore-alla-laguna-a-pieve-di-cadore-il-28-e-il-29-marzo\\\/#breadcrumb\"},\"inLanguage\":\"fr-FR\",\"potentialAction\":[{\"@type\":\"ReadAction\",\"target\":[\"https:\\\/\\\/www.bellunopress.it\\\/2026\\\/03\\\/26\\\/tiziano-e-il-paesaggio-dal-cadore-alla-laguna-a-pieve-di-cadore-il-28-e-il-29-marzo\\\/\"]}]},{\"@type\":\"ImageObject\",\"inLanguage\":\"fr-FR\",\"@id\":\"https:\\\/\\\/www.bellunopress.it\\\/2026\\\/03\\\/26\\\/tiziano-e-il-paesaggio-dal-cadore-alla-laguna-a-pieve-di-cadore-il-28-e-il-29-marzo\\\/#primaryimage\",\"url\":\"https:\\\/\\\/www.bellunopress.it\\\/wp-content\\\/uploads\\\/2026\\\/03\\\/Pala-Gozzi-di-Tiziano-1520.jpg\",\"contentUrl\":\"https:\\\/\\\/www.bellunopress.it\\\/wp-content\\\/uploads\\\/2026\\\/03\\\/Pala-Gozzi-di-Tiziano-1520.jpg\",\"width\":318,\"height\":462,\"caption\":\"Pala Gozzi - Tiziano 1520\"},{\"@type\":\"BreadcrumbList\",\"@id\":\"https:\\\/\\\/www.bellunopress.it\\\/2026\\\/03\\\/26\\\/tiziano-e-il-paesaggio-dal-cadore-alla-laguna-a-pieve-di-cadore-il-28-e-il-29-marzo\\\/#breadcrumb\",\"itemListElement\":[{\"@type\":\"ListItem\",\"position\":1,\"name\":\"Home\",\"item\":\"https:\\\/\\\/www.bellunopress.it\\\/\"},{\"@type\":\"ListItem\",\"position\":2,\"name\":\"\u201cTiziano e il paesaggio. Dal Cadore alla Laguna\u201d. A Pieve di Cadore il 28 e il 29 marzo\"}]},{\"@type\":\"WebSite\",\"@id\":\"https:\\\/\\\/www.bellunopress.it\\\/#website\",\"url\":\"https:\\\/\\\/www.bellunopress.it\\\/\",\"name\":\"Bellunopress - Dolomiti\",\"description\":\"e-mail: redazione@bellunopress.it\",\"publisher\":{\"@id\":\"https:\\\/\\\/www.bellunopress.it\\\/#organization\"},\"potentialAction\":[{\"@type\":\"SearchAction\",\"target\":{\"@type\":\"EntryPoint\",\"urlTemplate\":\"https:\\\/\\\/www.bellunopress.it\\\/?s={search_term_string}\"},\"query-input\":{\"@type\":\"PropertyValueSpecification\",\"valueRequired\":true,\"valueName\":\"search_term_string\"}}],\"inLanguage\":\"fr-FR\"},{\"@type\":\"Organization\",\"@id\":\"https:\\\/\\\/www.bellunopress.it\\\/#organization\",\"name\":\"Bellunopress\",\"url\":\"https:\\\/\\\/www.bellunopress.it\\\/\",\"logo\":{\"@type\":\"ImageObject\",\"inLanguage\":\"fr-FR\",\"@id\":\"https:\\\/\\\/www.bellunopress.it\\\/#\\\/schema\\\/logo\\\/image\\\/\",\"url\":\"https:\\\/\\\/www.bellunopress.it\\\/wp-content\\\/uploads\\\/2011\\\/05\\\/cropped-logo-bellunopress-.jpg\",\"contentUrl\":\"https:\\\/\\\/www.bellunopress.it\\\/wp-content\\\/uploads\\\/2011\\\/05\\\/cropped-logo-bellunopress-.jpg\",\"width\":512,\"height\":512,\"caption\":\"Bellunopress\"},\"image\":{\"@id\":\"https:\\\/\\\/www.bellunopress.it\\\/#\\\/schema\\\/logo\\\/image\\\/\"},\"sameAs\":[\"https:\\\/\\\/www.facebook.com\\\/profile.php?id=100008943462799\",\"https:\\\/\\\/x.com\\\/bellunopress\",\"https:\\\/\\\/www.linkedin.com\\\/hp\\\/?dnr=JBzUWaJfMUw8vbXJJ2tVW5-I3jZKvC4wsoxE&amp;amp;amp;amp;amp;amp;trk=nav_responsive_tab_home\",\"https:\\\/\\\/www.youtube.com\\\/channel\\\/UCxL0wu1uN0_3_7hGG0306cw\"]},{\"@type\":\"Person\",\"@id\":\"https:\\\/\\\/www.bellunopress.it\\\/#\\\/schema\\\/person\\\/79bb06722b37ece1c03d3e94beb30d73\",\"name\":\"redazione\",\"image\":{\"@type\":\"ImageObject\",\"inLanguage\":\"fr-FR\",\"@id\":\"https:\\\/\\\/secure.gravatar.com\\\/avatar\\\/37d968a2e67a6fd04c169c4bdef102d0bc5d31b2546345219e348575eb80e9a0?s=96&d=mm&r=g\",\"url\":\"https:\\\/\\\/secure.gravatar.com\\\/avatar\\\/37d968a2e67a6fd04c169c4bdef102d0bc5d31b2546345219e348575eb80e9a0?s=96&d=mm&r=g\",\"contentUrl\":\"https:\\\/\\\/secure.gravatar.com\\\/avatar\\\/37d968a2e67a6fd04c169c4bdef102d0bc5d31b2546345219e348575eb80e9a0?s=96&d=mm&r=g\",\"caption\":\"redazione\"},\"sameAs\":[\"http:\\\/\\\/www.bellunopress.it\",\"https:\\\/\\\/x.com\\\/bellunopress\"],\"url\":\"https:\\\/\\\/www.bellunopress.it\\\/fr\\\/author\\\/redazione\\\/\"}]}<\/script>\n<!-- \/ Yoast SEO plugin. -->","yoast_head_json":{"title":"\u201cTiziano e il paesaggio. Dal Cadore alla Laguna\u201d. A Pieve di Cadore il 28 e il 29 marzo - Bellunopress - Dolomiti","robots":{"index":"index","follow":"follow","max-snippet":"max-snippet:-1","max-image-preview":"max-image-preview:large","max-video-preview":"max-video-preview:-1"},"canonical":"https:\/\/www.bellunopress.it\/fr\/2026\/03\/26\/tiziano-e-il-paesaggio-dal-cadore-alla-laguna-a-pieve-di-cadore-il-28-e-il-29-marzo\/","og_locale":"fr_FR","og_type":"article","og_title":"\u201cTiziano e il paesaggio. Dal Cadore alla Laguna\u201d. A Pieve di Cadore il 28 e il 29 marzo - Bellunopress - Dolomiti","og_description":"Gran finale per salutare la partenza della monumentale \u201cPala Gozzi\u201d di Tiziano. Nell\u2019ultimo weekend della mostra, aperture serali straordinarie Sabato 28 marzo apertura serale dalle ore 20.30 alle 22.30 Domenica 29 marzo apertura continuata nel pomeriggio, dalle 15.30 alle 22.30. Alle 17.30, nella sala antistante l\u2019ingresso alla mostra,\u00a0il concerto: \u201cDipingere la bellezza. Musiche ai tempi [&hellip;]","og_url":"https:\/\/www.bellunopress.it\/fr\/2026\/03\/26\/tiziano-e-il-paesaggio-dal-cadore-alla-laguna-a-pieve-di-cadore-il-28-e-il-29-marzo\/","og_site_name":"Bellunopress - Dolomiti","article_publisher":"https:\/\/www.facebook.com\/profile.php?id=100008943462799","article_published_time":"2026-03-26T19:40:13+00:00","og_image":[{"width":318,"height":462,"url":"https:\/\/www.bellunopress.it\/wp-content\/uploads\/2026\/03\/Pala-Gozzi-di-Tiziano-1520.jpg","type":"image\/jpeg"}],"author":"redazione","twitter_card":"summary_large_image","twitter_creator":"@bellunopress","twitter_site":"@bellunopress","twitter_misc":{"\u00c9crit par":"redazione","Dur\u00e9e de lecture estim\u00e9e":"3 minutes"},"schema":{"@context":"https:\/\/schema.org","@graph":[{"@type":"Article","@id":"https:\/\/www.bellunopress.it\/2026\/03\/26\/tiziano-e-il-paesaggio-dal-cadore-alla-laguna-a-pieve-di-cadore-il-28-e-il-29-marzo\/#article","isPartOf":{"@id":"https:\/\/www.bellunopress.it\/2026\/03\/26\/tiziano-e-il-paesaggio-dal-cadore-alla-laguna-a-pieve-di-cadore-il-28-e-il-29-marzo\/"},"author":{"name":"redazione","@id":"https:\/\/www.bellunopress.it\/#\/schema\/person\/79bb06722b37ece1c03d3e94beb30d73"},"headline":"\u201cTiziano e il paesaggio. Dal Cadore alla Laguna\u201d. A Pieve di Cadore il 28 e il 29 marzo","datePublished":"2026-03-26T19:40:13+00:00","mainEntityOfPage":{"@id":"https:\/\/www.bellunopress.it\/2026\/03\/26\/tiziano-e-il-paesaggio-dal-cadore-alla-laguna-a-pieve-di-cadore-il-28-e-il-29-marzo\/"},"wordCount":633,"publisher":{"@id":"https:\/\/www.bellunopress.it\/#organization"},"image":{"@id":"https:\/\/www.bellunopress.it\/2026\/03\/26\/tiziano-e-il-paesaggio-dal-cadore-alla-laguna-a-pieve-di-cadore-il-28-e-il-29-marzo\/#primaryimage"},"thumbnailUrl":"https:\/\/www.bellunopress.it\/wp-content\/uploads\/2026\/03\/Pala-Gozzi-di-Tiziano-1520.jpg","articleSection":["Appuntamenti, Eventi","Arte, Cultura, Spettacoli, Scienza","Pausa Caff\u00e8"],"inLanguage":"fr-FR"},{"@type":"WebPage","@id":"https:\/\/www.bellunopress.it\/2026\/03\/26\/tiziano-e-il-paesaggio-dal-cadore-alla-laguna-a-pieve-di-cadore-il-28-e-il-29-marzo\/","url":"https:\/\/www.bellunopress.it\/2026\/03\/26\/tiziano-e-il-paesaggio-dal-cadore-alla-laguna-a-pieve-di-cadore-il-28-e-il-29-marzo\/","name":"\u201cTiziano e il paesaggio. Dal Cadore alla Laguna\u201d. A Pieve di Cadore il 28 e il 29 marzo - Bellunopress - Dolomiti","isPartOf":{"@id":"https:\/\/www.bellunopress.it\/#website"},"primaryImageOfPage":{"@id":"https:\/\/www.bellunopress.it\/2026\/03\/26\/tiziano-e-il-paesaggio-dal-cadore-alla-laguna-a-pieve-di-cadore-il-28-e-il-29-marzo\/#primaryimage"},"image":{"@id":"https:\/\/www.bellunopress.it\/2026\/03\/26\/tiziano-e-il-paesaggio-dal-cadore-alla-laguna-a-pieve-di-cadore-il-28-e-il-29-marzo\/#primaryimage"},"thumbnailUrl":"https:\/\/www.bellunopress.it\/wp-content\/uploads\/2026\/03\/Pala-Gozzi-di-Tiziano-1520.jpg","datePublished":"2026-03-26T19:40:13+00:00","breadcrumb":{"@id":"https:\/\/www.bellunopress.it\/2026\/03\/26\/tiziano-e-il-paesaggio-dal-cadore-alla-laguna-a-pieve-di-cadore-il-28-e-il-29-marzo\/#breadcrumb"},"inLanguage":"fr-FR","potentialAction":[{"@type":"ReadAction","target":["https:\/\/www.bellunopress.it\/2026\/03\/26\/tiziano-e-il-paesaggio-dal-cadore-alla-laguna-a-pieve-di-cadore-il-28-e-il-29-marzo\/"]}]},{"@type":"ImageObject","inLanguage":"fr-FR","@id":"https:\/\/www.bellunopress.it\/2026\/03\/26\/tiziano-e-il-paesaggio-dal-cadore-alla-laguna-a-pieve-di-cadore-il-28-e-il-29-marzo\/#primaryimage","url":"https:\/\/www.bellunopress.it\/wp-content\/uploads\/2026\/03\/Pala-Gozzi-di-Tiziano-1520.jpg","contentUrl":"https:\/\/www.bellunopress.it\/wp-content\/uploads\/2026\/03\/Pala-Gozzi-di-Tiziano-1520.jpg","width":318,"height":462,"caption":"Pala Gozzi - Tiziano 1520"},{"@type":"BreadcrumbList","@id":"https:\/\/www.bellunopress.it\/2026\/03\/26\/tiziano-e-il-paesaggio-dal-cadore-alla-laguna-a-pieve-di-cadore-il-28-e-il-29-marzo\/#breadcrumb","itemListElement":[{"@type":"ListItem","position":1,"name":"Home","item":"https:\/\/www.bellunopress.it\/"},{"@type":"ListItem","position":2,"name":"\u201cTiziano e il paesaggio. Dal Cadore alla Laguna\u201d. A Pieve di Cadore il 28 e il 29 marzo"}]},{"@type":"WebSite","@id":"https:\/\/www.bellunopress.it\/#website","url":"https:\/\/www.bellunopress.it\/","name":"Bellunopress - Dolomiti","description":"e-mail: redazione@bellunopress.it","publisher":{"@id":"https:\/\/www.bellunopress.it\/#organization"},"potentialAction":[{"@type":"SearchAction","target":{"@type":"EntryPoint","urlTemplate":"https:\/\/www.bellunopress.it\/?s={search_term_string}"},"query-input":{"@type":"PropertyValueSpecification","valueRequired":true,"valueName":"search_term_string"}}],"inLanguage":"fr-FR"},{"@type":"Organization","@id":"https:\/\/www.bellunopress.it\/#organization","name":"Bellunopress","url":"https:\/\/www.bellunopress.it\/","logo":{"@type":"ImageObject","inLanguage":"fr-FR","@id":"https:\/\/www.bellunopress.it\/#\/schema\/logo\/image\/","url":"https:\/\/www.bellunopress.it\/wp-content\/uploads\/2011\/05\/cropped-logo-bellunopress-.jpg","contentUrl":"https:\/\/www.bellunopress.it\/wp-content\/uploads\/2011\/05\/cropped-logo-bellunopress-.jpg","width":512,"height":512,"caption":"Bellunopress"},"image":{"@id":"https:\/\/www.bellunopress.it\/#\/schema\/logo\/image\/"},"sameAs":["https:\/\/www.facebook.com\/profile.php?id=100008943462799","https:\/\/x.com\/bellunopress","https:\/\/www.linkedin.com\/hp\/?dnr=JBzUWaJfMUw8vbXJJ2tVW5-I3jZKvC4wsoxE&amp;amp;amp;amp;amp;amp;trk=nav_responsive_tab_home","https:\/\/www.youtube.com\/channel\/UCxL0wu1uN0_3_7hGG0306cw"]},{"@type":"Person","@id":"https:\/\/www.bellunopress.it\/#\/schema\/person\/79bb06722b37ece1c03d3e94beb30d73","name":"r\u00e9daction","image":{"@type":"ImageObject","inLanguage":"fr-FR","@id":"https:\/\/secure.gravatar.com\/avatar\/37d968a2e67a6fd04c169c4bdef102d0bc5d31b2546345219e348575eb80e9a0?s=96&d=mm&r=g","url":"https:\/\/secure.gravatar.com\/avatar\/37d968a2e67a6fd04c169c4bdef102d0bc5d31b2546345219e348575eb80e9a0?s=96&d=mm&r=g","contentUrl":"https:\/\/secure.gravatar.com\/avatar\/37d968a2e67a6fd04c169c4bdef102d0bc5d31b2546345219e348575eb80e9a0?s=96&d=mm&r=g","caption":"redazione"},"sameAs":["http:\/\/www.bellunopress.it","https:\/\/x.com\/bellunopress"],"url":"https:\/\/www.bellunopress.it\/fr\/author\/redazione\/"}]}},"_links":{"self":[{"href":"https:\/\/www.bellunopress.it\/fr\/wp-json\/wp\/v2\/posts\/168541","targetHints":{"allow":["GET"]}}],"collection":[{"href":"https:\/\/www.bellunopress.it\/fr\/wp-json\/wp\/v2\/posts"}],"about":[{"href":"https:\/\/www.bellunopress.it\/fr\/wp-json\/wp\/v2\/types\/post"}],"author":[{"embeddable":true,"href":"https:\/\/www.bellunopress.it\/fr\/wp-json\/wp\/v2\/users\/2"}],"replies":[{"embeddable":true,"href":"https:\/\/www.bellunopress.it\/fr\/wp-json\/wp\/v2\/comments?post=168541"}],"version-history":[{"count":1,"href":"https:\/\/www.bellunopress.it\/fr\/wp-json\/wp\/v2\/posts\/168541\/revisions"}],"predecessor-version":[{"id":168543,"href":"https:\/\/www.bellunopress.it\/fr\/wp-json\/wp\/v2\/posts\/168541\/revisions\/168543"}],"wp:featuredmedia":[{"embeddable":true,"href":"https:\/\/www.bellunopress.it\/fr\/wp-json\/wp\/v2\/media\/168542"}],"wp:attachment":[{"href":"https:\/\/www.bellunopress.it\/fr\/wp-json\/wp\/v2\/media?parent=168541"}],"wp:term":[{"taxonomy":"category","embeddable":true,"href":"https:\/\/www.bellunopress.it\/fr\/wp-json\/wp\/v2\/categories?post=168541"},{"taxonomy":"post_tag","embeddable":true,"href":"https:\/\/www.bellunopress.it\/fr\/wp-json\/wp\/v2\/tags?post=168541"}],"curies":[{"name":"wp","href":"https:\/\/api.w.org\/{rel}","templated":true}]}}