{"id":168523,"date":"2026-04-12T11:00:20","date_gmt":"2026-04-12T09:00:20","guid":{"rendered":"https:\/\/www.bellunopress.it\/?p=168523"},"modified":"2026-03-26T11:50:24","modified_gmt":"2026-03-26T10:50:24","slug":"borca-di-cadore-tre-giorni-tra-cammini-racconti-e-laboratori","status":"publish","type":"post","link":"https:\/\/www.bellunopress.it\/fr\/2026\/04\/12\/borca-di-cadore-tre-giorni-tra-cammini-racconti-e-laboratori\/","title":{"rendered":"Borca di Cadore. Tre giorni tra cammini, racconti e laboratori"},"content":{"rendered":"<p><strong>Dal 17 al 19 aprile un programma promosso da Made in Art tra memoria, paesaggio e comunit\u00e0<\/strong><\/p>\n<p>A Borca di Cadore, dal 17 al 19 aprile, inaugura un fine settimana che la cittadina dolomitica dedica a s\u00e9 stessa, agli abitanti, ai visitatori. Si tratta di incontrarsi, camminare e fare insieme per guardare Borca con occhi nuovi, riscoprirla nelle poetiche di ieri e di oggi, raccontarsi e immaginare nuovi orizzonti.<br \/>\nTre giornate promosse dall\u2019associazione Made in Art nell\u2019ambito del progetto \u201cBorgo di Borca di Cadore\u201d, finanziato dal PNRR \u2013 Attrattivit\u00e0 dei Borghi Storici, per schiudere il territorio, esplorarlo, percorrere lo spazio vivo, fragile, stratificato, abitato da storie, relazioni e visioni.<\/p>\n<p>Il programma debutta venerd\u00ec 17 aprile alle 19.30 presso la Sala Polivalente \u201cLa Scola\u201d in Via Don Natale Talamini con l\u2019evento \u201cBorca, racconti in azione\u201d per presentare gli esiti del laboratorio artistico \u201cCartoline da Borca\u201d, il libro fotografico \u201cRaccontare Borca\u201d nato dalle storie e dagli scatti della comunit\u00e0 e i nuovi itinerari tematici \u201cBorca Story Trail\u201d.<br \/>\nIl cuore della serata sar\u00e0 il lavoro dei cinque artisti \u2014 Paulina Moncada, Aronne Pleuteri, Pierluigi Scandiuzzi, Sofie Tobi\u00e1\u0161ov\u00e1 e Matteo Trentin \u2014 che dai racconti e dai ricordi dei residenti, hanno creato cinque cartoline, non solo souvenir, ma &#8220;piccole epifanie visive&#8221; di idee, memorie, racconti che viaggiano, dispositivi critici per esprimere senso di appartenenza, identit\u00e0, orgoglio.<br \/>\nSar\u00e0 anche il momento di parlare insieme di montagna e di abitanti, senza formule prefabbricate o nostalgia di maniera ma di rispetto, attenzione, cura, in una prospettiva che non pu\u00f2 essere solo estetica o turistica bens\u00ec sociale, culturale, abitativa, facendo convergere la memoria e la necessit\u00e0 di nuove funzioni, il desiderio di restare e quello di immaginare un futuro.<\/p>\n<p>Sabato 18 aprile due sono gli appuntamenti: la mattina Zangrandi Trail, una passeggiata nel fondovalle tra borgate storiche, prati e sguardi verso i monti per introdurre ai partecipanti la vita e le opere della scrittrice, alpinista, partigiana Giovanna Zangrandi, che scelse queste valli per vivere, scrivere e andare in montagna. Le tappe del sentiero evocheranno episodi biografici e opere, riconnettendo il testo letterario al paesaggio vissuto. Ritrovo e partenza alle ore 9.00 dall&#8217;Ufficio Turistico di Borca di Cadore in Via Roma 73.<\/p>\n<p>Il pomeriggio il Laboratorio Collettivo, alle ore 15.00, presso la Sala \u201cLa Scola\u201d. L\u2019incontro dedicato a cittadini, visitatori, residenti temporanei \u00e8 l\u2019occasione per accedere all\u2019archivio fotografico di Piero Martinello, guidati in una riflessione partecipata sui cambiamenti della comunit\u00e0 e sulle trasformazioni del paesaggio lungo la Statale Alemagna. Un percorso condiviso per comprendere come la &#8220;fatica dell&#8217;abitare&#8221; possa rafforzare il senso di appartenenza, la collaborazione, la sostenibilit\u00e0, trasformando la cura delle relazioni, dello spazio pubblico e della memoria in visione per il futuro.<\/p>\n<p>Il weekend si congeda con Dolomiti Epic Trail un trekking panoramico di mezza giornata al cospetto delle grandiose vette che circondano Borca di Cadore, rievocando i protagonisti, John Ball in primis che nel 1857 sal\u00ec il Monte Pelmo partendo proprio da Borca, e le opere di quella stagione alacre e pionieristica che fece conoscere le Dolomiti al mondo.<br \/>\nRitrovo e partenza Domenica 19 aprile alle ore 9.00, presso Passo Staulanza.<\/p>\n<p>Gli eventi proposti da Made in Art per questi tre giorni sono concepiti come capitoli di un racconto continuo e collettivo, ogni incontro alimenta il successivo: le cartoline aprono conversazioni che si trasformano in cammini, i cammini esplorano paesaggi vissuti e narrati svelando immaginari, orizzonti e memorie che le fotografie, con occhi diversi restituiscono come progetto di comunit\u00e0. E la comunit\u00e0 \u00e8 il perno del circuito, abitanti e visitatori non sono ruoli fissi, piuttosto posizioni che si scambiano, si contaminano, si arricchiscono vicendevolmente.<br \/>\nUn weekend alternativo all\u2019insegna di cultura e socialit\u00e0 per intrattenersi, comprendere e ragionare insieme sulle trasformazioni del contesto locale postulando nuovi scenari e narrazioni alternative meno scontate e pi\u00f9 aderenti al genius loci.<br \/>\nBorca si mostra per quello che \u00e8 \u2014 un luogo denso di bellezza e memoria, complesso e delicato, vivo \u2014 e chiede di essere abitato con rispetto e immaginazione.<\/p>\n<p>Partecipare \u00e8 semplice, basta la curiosit\u00e0 e la voglia di camminare nelle storie condividendo con l\u2019occasione i vostri punti di vista o idee. Gli incontri sono gratuiti, ma alcuni laboratori e i trekking hanno posti limitati per garantire che la partecipazione resti esperienza corale e non spettacolo.<\/p>\n<p><strong>Informazioni\u00a0<\/strong><br \/>\nVenerd\u00ec 17 aprile, ore 19.30 \u2013 Borca, racconti in azione, Sala Polivalente \u201cLa Scola\u201d, Via Don Natale Talamini<br \/>\nSabato 18 aprile, ore 9.00 \u2013 Zangrandi Trail, ritrovo presso Ufficio Informazioni Turistiche, Via Roma 73, prenotazioni alla mail: emaretre@gmail.com<br \/>\nSabato 18 aprile, ore 15.00 \u2013 Laboratorio collettivo, Sala Polivalente \u201cLa Scola\u201d<br \/>\nprenotazioni alla mail: saveriobonato@gmail.com<br \/>\nDomenica 19 aprile, ore 9.00 \u2013 Dolomiti Epic Trail, ritrovo presso Passo Staulanza<br \/>\nPrenotazione obbligatoria per le attivit\u00e0 con numero chiuso, secondo le modalit\u00e0 indicate nel programma alla mail: emaretre@gmail.com<\/p>","protected":false},"excerpt":{"rendered":"<p>Dal 17 al 19 aprile un programma promosso da Made in Art tra memoria, paesaggio e comunit\u00e0 A Borca di Cadore, dal 17 al 19 aprile, inaugura un fine settimana che la cittadina dolomitica dedica a s\u00e9 stessa, agli abitanti, ai visitatori. Si tratta di incontrarsi, camminare e fare insieme per guardare Borca con occhi [&hellip;]<\/p>\n","protected":false},"author":2,"featured_media":168524,"comment_status":"closed","ping_status":"open","sticky":false,"template":"","format":"standard","meta":{"footnotes":""},"categories":[25,4],"tags":[],"class_list":["post-168523","post","type-post","status-publish","format-standard","has-post-thumbnail","category-pausa-caffe","category-sport"],"yoast_head":"<!-- This site is optimized with the Yoast SEO plugin v28.4 - https:\/\/yoast.com\/product\/yoast-seo-wordpress\/ -->\n<title>Borca di Cadore. Tre giorni tra cammini, racconti e laboratori - Bellunopress - Dolomiti<\/title>\n<meta name=\"robots\" content=\"index, follow, max-snippet:-1, max-image-preview:large, max-video-preview:-1\" \/>\n<link rel=\"canonical\" href=\"https:\/\/www.bellunopress.it\/fr\/2026\/04\/12\/borca-di-cadore-tre-giorni-tra-cammini-racconti-e-laboratori\/\" \/>\n<meta property=\"og:locale\" content=\"fr_FR\" \/>\n<meta property=\"og:type\" content=\"article\" \/>\n<meta property=\"og:title\" content=\"Borca di Cadore. Tre giorni tra cammini, racconti e laboratori - Bellunopress - Dolomiti\" \/>\n<meta property=\"og:description\" content=\"Dal 17 al 19 aprile un programma promosso da Made in Art tra memoria, paesaggio e comunit\u00e0 A Borca di Cadore, dal 17 al 19 aprile, inaugura un fine settimana che la cittadina dolomitica dedica a s\u00e9 stessa, agli abitanti, ai visitatori. Si tratta di incontrarsi, camminare e fare insieme per guardare Borca con occhi [&hellip;]\" \/>\n<meta property=\"og:url\" content=\"https:\/\/www.bellunopress.it\/fr\/2026\/04\/12\/borca-di-cadore-tre-giorni-tra-cammini-racconti-e-laboratori\/\" \/>\n<meta property=\"og:site_name\" content=\"Bellunopress - Dolomiti\" \/>\n<meta property=\"article:publisher\" content=\"https:\/\/www.facebook.com\/profile.php?id=100008943462799\" \/>\n<meta property=\"article:published_time\" content=\"2026-04-12T09:00:20+00:00\" \/>\n<meta property=\"og:image\" content=\"https:\/\/www.bellunopress.it\/wp-content\/uploads\/2026\/03\/Borca-di-Cadore-programma.jpg\" \/>\n\t<meta property=\"og:image:width\" content=\"424\" \/>\n\t<meta property=\"og:image:height\" content=\"600\" \/>\n\t<meta property=\"og:image:type\" content=\"image\/jpeg\" \/>\n<meta name=\"author\" content=\"redazione\" \/>\n<meta name=\"twitter:card\" content=\"summary_large_image\" \/>\n<meta name=\"twitter:creator\" content=\"@bellunopress\" \/>\n<meta name=\"twitter:site\" content=\"@bellunopress\" \/>\n<meta name=\"twitter:label1\" content=\"\u00c9crit par\" \/>\n\t<meta name=\"twitter:data1\" content=\"redazione\" \/>\n\t<meta name=\"twitter:label2\" content=\"Dur\u00e9e de lecture estim\u00e9e\" \/>\n\t<meta name=\"twitter:data2\" content=\"4 minutes\" \/>\n<script type=\"application\/ld+json\" class=\"yoast-schema-graph\">{\"@context\":\"https:\\\/\\\/schema.org\",\"@graph\":[{\"@type\":\"Article\",\"@id\":\"https:\\\/\\\/www.bellunopress.it\\\/2026\\\/04\\\/12\\\/borca-di-cadore-tre-giorni-tra-cammini-racconti-e-laboratori\\\/#article\",\"isPartOf\":{\"@id\":\"https:\\\/\\\/www.bellunopress.it\\\/2026\\\/04\\\/12\\\/borca-di-cadore-tre-giorni-tra-cammini-racconti-e-laboratori\\\/\"},\"author\":{\"name\":\"redazione\",\"@id\":\"https:\\\/\\\/www.bellunopress.it\\\/#\\\/schema\\\/person\\\/79bb06722b37ece1c03d3e94beb30d73\"},\"headline\":\"Borca di Cadore. Tre giorni tra cammini, racconti e laboratori\",\"datePublished\":\"2026-04-12T09:00:20+00:00\",\"mainEntityOfPage\":{\"@id\":\"https:\\\/\\\/www.bellunopress.it\\\/2026\\\/04\\\/12\\\/borca-di-cadore-tre-giorni-tra-cammini-racconti-e-laboratori\\\/\"},\"wordCount\":784,\"publisher\":{\"@id\":\"https:\\\/\\\/www.bellunopress.it\\\/#organization\"},\"image\":{\"@id\":\"https:\\\/\\\/www.bellunopress.it\\\/2026\\\/04\\\/12\\\/borca-di-cadore-tre-giorni-tra-cammini-racconti-e-laboratori\\\/#primaryimage\"},\"thumbnailUrl\":\"https:\\\/\\\/www.bellunopress.it\\\/wp-content\\\/uploads\\\/2026\\\/03\\\/Borca-di-Cadore-programma.jpg\",\"articleSection\":[\"Pausa Caff\u00e8\",\"Sport, tempo libero\"],\"inLanguage\":\"fr-FR\"},{\"@type\":\"WebPage\",\"@id\":\"https:\\\/\\\/www.bellunopress.it\\\/2026\\\/04\\\/12\\\/borca-di-cadore-tre-giorni-tra-cammini-racconti-e-laboratori\\\/\",\"url\":\"https:\\\/\\\/www.bellunopress.it\\\/2026\\\/04\\\/12\\\/borca-di-cadore-tre-giorni-tra-cammini-racconti-e-laboratori\\\/\",\"name\":\"Borca di Cadore. Tre giorni tra cammini, racconti e laboratori - Bellunopress - Dolomiti\",\"isPartOf\":{\"@id\":\"https:\\\/\\\/www.bellunopress.it\\\/#website\"},\"primaryImageOfPage\":{\"@id\":\"https:\\\/\\\/www.bellunopress.it\\\/2026\\\/04\\\/12\\\/borca-di-cadore-tre-giorni-tra-cammini-racconti-e-laboratori\\\/#primaryimage\"},\"image\":{\"@id\":\"https:\\\/\\\/www.bellunopress.it\\\/2026\\\/04\\\/12\\\/borca-di-cadore-tre-giorni-tra-cammini-racconti-e-laboratori\\\/#primaryimage\"},\"thumbnailUrl\":\"https:\\\/\\\/www.bellunopress.it\\\/wp-content\\\/uploads\\\/2026\\\/03\\\/Borca-di-Cadore-programma.jpg\",\"datePublished\":\"2026-04-12T09:00:20+00:00\",\"breadcrumb\":{\"@id\":\"https:\\\/\\\/www.bellunopress.it\\\/2026\\\/04\\\/12\\\/borca-di-cadore-tre-giorni-tra-cammini-racconti-e-laboratori\\\/#breadcrumb\"},\"inLanguage\":\"fr-FR\",\"potentialAction\":[{\"@type\":\"ReadAction\",\"target\":[\"https:\\\/\\\/www.bellunopress.it\\\/2026\\\/04\\\/12\\\/borca-di-cadore-tre-giorni-tra-cammini-racconti-e-laboratori\\\/\"]}]},{\"@type\":\"ImageObject\",\"inLanguage\":\"fr-FR\",\"@id\":\"https:\\\/\\\/www.bellunopress.it\\\/2026\\\/04\\\/12\\\/borca-di-cadore-tre-giorni-tra-cammini-racconti-e-laboratori\\\/#primaryimage\",\"url\":\"https:\\\/\\\/www.bellunopress.it\\\/wp-content\\\/uploads\\\/2026\\\/03\\\/Borca-di-Cadore-programma.jpg\",\"contentUrl\":\"https:\\\/\\\/www.bellunopress.it\\\/wp-content\\\/uploads\\\/2026\\\/03\\\/Borca-di-Cadore-programma.jpg\",\"width\":424,\"height\":600},{\"@type\":\"BreadcrumbList\",\"@id\":\"https:\\\/\\\/www.bellunopress.it\\\/2026\\\/04\\\/12\\\/borca-di-cadore-tre-giorni-tra-cammini-racconti-e-laboratori\\\/#breadcrumb\",\"itemListElement\":[{\"@type\":\"ListItem\",\"position\":1,\"name\":\"Home\",\"item\":\"https:\\\/\\\/www.bellunopress.it\\\/\"},{\"@type\":\"ListItem\",\"position\":2,\"name\":\"Borca di Cadore. Tre giorni tra cammini, racconti e laboratori\"}]},{\"@type\":\"WebSite\",\"@id\":\"https:\\\/\\\/www.bellunopress.it\\\/#website\",\"url\":\"https:\\\/\\\/www.bellunopress.it\\\/\",\"name\":\"Bellunopress - Dolomiti\",\"description\":\"e-mail: redazione@bellunopress.it\",\"publisher\":{\"@id\":\"https:\\\/\\\/www.bellunopress.it\\\/#organization\"},\"potentialAction\":[{\"@type\":\"SearchAction\",\"target\":{\"@type\":\"EntryPoint\",\"urlTemplate\":\"https:\\\/\\\/www.bellunopress.it\\\/?s={search_term_string}\"},\"query-input\":{\"@type\":\"PropertyValueSpecification\",\"valueRequired\":true,\"valueName\":\"search_term_string\"}}],\"inLanguage\":\"fr-FR\"},{\"@type\":\"Organization\",\"@id\":\"https:\\\/\\\/www.bellunopress.it\\\/#organization\",\"name\":\"Bellunopress\",\"url\":\"https:\\\/\\\/www.bellunopress.it\\\/\",\"logo\":{\"@type\":\"ImageObject\",\"inLanguage\":\"fr-FR\",\"@id\":\"https:\\\/\\\/www.bellunopress.it\\\/#\\\/schema\\\/logo\\\/image\\\/\",\"url\":\"https:\\\/\\\/www.bellunopress.it\\\/wp-content\\\/uploads\\\/2011\\\/05\\\/cropped-logo-bellunopress-.jpg\",\"contentUrl\":\"https:\\\/\\\/www.bellunopress.it\\\/wp-content\\\/uploads\\\/2011\\\/05\\\/cropped-logo-bellunopress-.jpg\",\"width\":512,\"height\":512,\"caption\":\"Bellunopress\"},\"image\":{\"@id\":\"https:\\\/\\\/www.bellunopress.it\\\/#\\\/schema\\\/logo\\\/image\\\/\"},\"sameAs\":[\"https:\\\/\\\/www.facebook.com\\\/profile.php?id=100008943462799\",\"https:\\\/\\\/x.com\\\/bellunopress\",\"https:\\\/\\\/www.linkedin.com\\\/hp\\\/?dnr=JBzUWaJfMUw8vbXJJ2tVW5-I3jZKvC4wsoxE&amp;amp;amp;amp;amp;amp;trk=nav_responsive_tab_home\",\"https:\\\/\\\/www.youtube.com\\\/channel\\\/UCxL0wu1uN0_3_7hGG0306cw\"]},{\"@type\":\"Person\",\"@id\":\"https:\\\/\\\/www.bellunopress.it\\\/#\\\/schema\\\/person\\\/79bb06722b37ece1c03d3e94beb30d73\",\"name\":\"redazione\",\"image\":{\"@type\":\"ImageObject\",\"inLanguage\":\"fr-FR\",\"@id\":\"https:\\\/\\\/secure.gravatar.com\\\/avatar\\\/37d968a2e67a6fd04c169c4bdef102d0bc5d31b2546345219e348575eb80e9a0?s=96&d=mm&r=g\",\"url\":\"https:\\\/\\\/secure.gravatar.com\\\/avatar\\\/37d968a2e67a6fd04c169c4bdef102d0bc5d31b2546345219e348575eb80e9a0?s=96&d=mm&r=g\",\"contentUrl\":\"https:\\\/\\\/secure.gravatar.com\\\/avatar\\\/37d968a2e67a6fd04c169c4bdef102d0bc5d31b2546345219e348575eb80e9a0?s=96&d=mm&r=g\",\"caption\":\"redazione\"},\"sameAs\":[\"http:\\\/\\\/www.bellunopress.it\",\"https:\\\/\\\/x.com\\\/bellunopress\"],\"url\":\"https:\\\/\\\/www.bellunopress.it\\\/fr\\\/author\\\/redazione\\\/\"}]}<\/script>\n<!-- \/ Yoast SEO plugin. -->","yoast_head_json":{"title":"Borca di Cadore. Tre giorni tra cammini, racconti e laboratori - Bellunopress - Dolomiti","robots":{"index":"index","follow":"follow","max-snippet":"max-snippet:-1","max-image-preview":"max-image-preview:large","max-video-preview":"max-video-preview:-1"},"canonical":"https:\/\/www.bellunopress.it\/fr\/2026\/04\/12\/borca-di-cadore-tre-giorni-tra-cammini-racconti-e-laboratori\/","og_locale":"fr_FR","og_type":"article","og_title":"Borca di Cadore. Tre giorni tra cammini, racconti e laboratori - Bellunopress - Dolomiti","og_description":"Dal 17 al 19 aprile un programma promosso da Made in Art tra memoria, paesaggio e comunit\u00e0 A Borca di Cadore, dal 17 al 19 aprile, inaugura un fine settimana che la cittadina dolomitica dedica a s\u00e9 stessa, agli abitanti, ai visitatori. Si tratta di incontrarsi, camminare e fare insieme per guardare Borca con occhi [&hellip;]","og_url":"https:\/\/www.bellunopress.it\/fr\/2026\/04\/12\/borca-di-cadore-tre-giorni-tra-cammini-racconti-e-laboratori\/","og_site_name":"Bellunopress - Dolomiti","article_publisher":"https:\/\/www.facebook.com\/profile.php?id=100008943462799","article_published_time":"2026-04-12T09:00:20+00:00","og_image":[{"width":424,"height":600,"url":"https:\/\/www.bellunopress.it\/wp-content\/uploads\/2026\/03\/Borca-di-Cadore-programma.jpg","type":"image\/jpeg"}],"author":"redazione","twitter_card":"summary_large_image","twitter_creator":"@bellunopress","twitter_site":"@bellunopress","twitter_misc":{"\u00c9crit par":"redazione","Dur\u00e9e de lecture estim\u00e9e":"4 minutes"},"schema":{"@context":"https:\/\/schema.org","@graph":[{"@type":"Article","@id":"https:\/\/www.bellunopress.it\/2026\/04\/12\/borca-di-cadore-tre-giorni-tra-cammini-racconti-e-laboratori\/#article","isPartOf":{"@id":"https:\/\/www.bellunopress.it\/2026\/04\/12\/borca-di-cadore-tre-giorni-tra-cammini-racconti-e-laboratori\/"},"author":{"name":"redazione","@id":"https:\/\/www.bellunopress.it\/#\/schema\/person\/79bb06722b37ece1c03d3e94beb30d73"},"headline":"Borca di Cadore. Tre giorni tra cammini, racconti e laboratori","datePublished":"2026-04-12T09:00:20+00:00","mainEntityOfPage":{"@id":"https:\/\/www.bellunopress.it\/2026\/04\/12\/borca-di-cadore-tre-giorni-tra-cammini-racconti-e-laboratori\/"},"wordCount":784,"publisher":{"@id":"https:\/\/www.bellunopress.it\/#organization"},"image":{"@id":"https:\/\/www.bellunopress.it\/2026\/04\/12\/borca-di-cadore-tre-giorni-tra-cammini-racconti-e-laboratori\/#primaryimage"},"thumbnailUrl":"https:\/\/www.bellunopress.it\/wp-content\/uploads\/2026\/03\/Borca-di-Cadore-programma.jpg","articleSection":["Pausa Caff\u00e8","Sport, tempo libero"],"inLanguage":"fr-FR"},{"@type":"WebPage","@id":"https:\/\/www.bellunopress.it\/2026\/04\/12\/borca-di-cadore-tre-giorni-tra-cammini-racconti-e-laboratori\/","url":"https:\/\/www.bellunopress.it\/2026\/04\/12\/borca-di-cadore-tre-giorni-tra-cammini-racconti-e-laboratori\/","name":"Borca di Cadore. Tre giorni tra cammini, racconti e laboratori - Bellunopress - Dolomiti","isPartOf":{"@id":"https:\/\/www.bellunopress.it\/#website"},"primaryImageOfPage":{"@id":"https:\/\/www.bellunopress.it\/2026\/04\/12\/borca-di-cadore-tre-giorni-tra-cammini-racconti-e-laboratori\/#primaryimage"},"image":{"@id":"https:\/\/www.bellunopress.it\/2026\/04\/12\/borca-di-cadore-tre-giorni-tra-cammini-racconti-e-laboratori\/#primaryimage"},"thumbnailUrl":"https:\/\/www.bellunopress.it\/wp-content\/uploads\/2026\/03\/Borca-di-Cadore-programma.jpg","datePublished":"2026-04-12T09:00:20+00:00","breadcrumb":{"@id":"https:\/\/www.bellunopress.it\/2026\/04\/12\/borca-di-cadore-tre-giorni-tra-cammini-racconti-e-laboratori\/#breadcrumb"},"inLanguage":"fr-FR","potentialAction":[{"@type":"ReadAction","target":["https:\/\/www.bellunopress.it\/2026\/04\/12\/borca-di-cadore-tre-giorni-tra-cammini-racconti-e-laboratori\/"]}]},{"@type":"ImageObject","inLanguage":"fr-FR","@id":"https:\/\/www.bellunopress.it\/2026\/04\/12\/borca-di-cadore-tre-giorni-tra-cammini-racconti-e-laboratori\/#primaryimage","url":"https:\/\/www.bellunopress.it\/wp-content\/uploads\/2026\/03\/Borca-di-Cadore-programma.jpg","contentUrl":"https:\/\/www.bellunopress.it\/wp-content\/uploads\/2026\/03\/Borca-di-Cadore-programma.jpg","width":424,"height":600},{"@type":"BreadcrumbList","@id":"https:\/\/www.bellunopress.it\/2026\/04\/12\/borca-di-cadore-tre-giorni-tra-cammini-racconti-e-laboratori\/#breadcrumb","itemListElement":[{"@type":"ListItem","position":1,"name":"Home","item":"https:\/\/www.bellunopress.it\/"},{"@type":"ListItem","position":2,"name":"Borca di Cadore. Tre giorni tra cammini, racconti e laboratori"}]},{"@type":"WebSite","@id":"https:\/\/www.bellunopress.it\/#website","url":"https:\/\/www.bellunopress.it\/","name":"Bellunopress - Dolomiti","description":"e-mail: redazione@bellunopress.it","publisher":{"@id":"https:\/\/www.bellunopress.it\/#organization"},"potentialAction":[{"@type":"SearchAction","target":{"@type":"EntryPoint","urlTemplate":"https:\/\/www.bellunopress.it\/?s={search_term_string}"},"query-input":{"@type":"PropertyValueSpecification","valueRequired":true,"valueName":"search_term_string"}}],"inLanguage":"fr-FR"},{"@type":"Organization","@id":"https:\/\/www.bellunopress.it\/#organization","name":"Bellunopress","url":"https:\/\/www.bellunopress.it\/","logo":{"@type":"ImageObject","inLanguage":"fr-FR","@id":"https:\/\/www.bellunopress.it\/#\/schema\/logo\/image\/","url":"https:\/\/www.bellunopress.it\/wp-content\/uploads\/2011\/05\/cropped-logo-bellunopress-.jpg","contentUrl":"https:\/\/www.bellunopress.it\/wp-content\/uploads\/2011\/05\/cropped-logo-bellunopress-.jpg","width":512,"height":512,"caption":"Bellunopress"},"image":{"@id":"https:\/\/www.bellunopress.it\/#\/schema\/logo\/image\/"},"sameAs":["https:\/\/www.facebook.com\/profile.php?id=100008943462799","https:\/\/x.com\/bellunopress","https:\/\/www.linkedin.com\/hp\/?dnr=JBzUWaJfMUw8vbXJJ2tVW5-I3jZKvC4wsoxE&amp;amp;amp;amp;amp;amp;trk=nav_responsive_tab_home","https:\/\/www.youtube.com\/channel\/UCxL0wu1uN0_3_7hGG0306cw"]},{"@type":"Person","@id":"https:\/\/www.bellunopress.it\/#\/schema\/person\/79bb06722b37ece1c03d3e94beb30d73","name":"r\u00e9daction","image":{"@type":"ImageObject","inLanguage":"fr-FR","@id":"https:\/\/secure.gravatar.com\/avatar\/37d968a2e67a6fd04c169c4bdef102d0bc5d31b2546345219e348575eb80e9a0?s=96&d=mm&r=g","url":"https:\/\/secure.gravatar.com\/avatar\/37d968a2e67a6fd04c169c4bdef102d0bc5d31b2546345219e348575eb80e9a0?s=96&d=mm&r=g","contentUrl":"https:\/\/secure.gravatar.com\/avatar\/37d968a2e67a6fd04c169c4bdef102d0bc5d31b2546345219e348575eb80e9a0?s=96&d=mm&r=g","caption":"redazione"},"sameAs":["http:\/\/www.bellunopress.it","https:\/\/x.com\/bellunopress"],"url":"https:\/\/www.bellunopress.it\/fr\/author\/redazione\/"}]}},"_links":{"self":[{"href":"https:\/\/www.bellunopress.it\/fr\/wp-json\/wp\/v2\/posts\/168523","targetHints":{"allow":["GET"]}}],"collection":[{"href":"https:\/\/www.bellunopress.it\/fr\/wp-json\/wp\/v2\/posts"}],"about":[{"href":"https:\/\/www.bellunopress.it\/fr\/wp-json\/wp\/v2\/types\/post"}],"author":[{"embeddable":true,"href":"https:\/\/www.bellunopress.it\/fr\/wp-json\/wp\/v2\/users\/2"}],"replies":[{"embeddable":true,"href":"https:\/\/www.bellunopress.it\/fr\/wp-json\/wp\/v2\/comments?post=168523"}],"version-history":[{"count":1,"href":"https:\/\/www.bellunopress.it\/fr\/wp-json\/wp\/v2\/posts\/168523\/revisions"}],"predecessor-version":[{"id":168525,"href":"https:\/\/www.bellunopress.it\/fr\/wp-json\/wp\/v2\/posts\/168523\/revisions\/168525"}],"wp:featuredmedia":[{"embeddable":true,"href":"https:\/\/www.bellunopress.it\/fr\/wp-json\/wp\/v2\/media\/168524"}],"wp:attachment":[{"href":"https:\/\/www.bellunopress.it\/fr\/wp-json\/wp\/v2\/media?parent=168523"}],"wp:term":[{"taxonomy":"category","embeddable":true,"href":"https:\/\/www.bellunopress.it\/fr\/wp-json\/wp\/v2\/categories?post=168523"},{"taxonomy":"post_tag","embeddable":true,"href":"https:\/\/www.bellunopress.it\/fr\/wp-json\/wp\/v2\/tags?post=168523"}],"curies":[{"name":"wp","href":"https:\/\/api.w.org\/{rel}","templated":true}]}}