{"id":168499,"date":"2026-03-25T09:41:52","date_gmt":"2026-03-25T08:41:52","guid":{"rendered":"https:\/\/www.bellunopress.it\/?p=168499"},"modified":"2026-03-26T07:45:14","modified_gmt":"2026-03-26T06:45:14","slug":"cortina-appello-per-lex-stazione-il-progetto-di-riqualificazione-soffoca-la-storia","status":"publish","type":"post","link":"https:\/\/www.bellunopress.it\/fr\/2026\/03\/25\/cortina-appello-per-lex-stazione-il-progetto-di-riqualificazione-soffoca-la-storia\/","title":{"rendered":"Cortina, appello per l&#8217;ex Stazione: &#8220;Il progetto di riqualificazione soffoca la storia&#8221;"},"content":{"rendered":"<p data-path-to-node=\"3\"><b data-path-to-node=\"3\" data-index-in-node=\"0\">Un gruppo di 24 esperti, tra docenti universitari, urbanisti e storici, scrive alla Soprintendente Marta Mazza alla vigilia della Conferenza dei Servizi: \u00abSi rischia di distruggere l&#8217;unitaria leggibilit\u00e0 di un monumento unico in Europa\u00bb.<\/b><\/p>\n<p data-path-to-node=\"4\">Cortina d&#8217;Ampezzo, 25\/03\/2026\u00a0\u2013 Non una semplice stazione, ma una vera e propria &#8220;cittadella ferroviaria&#8221; del primo Novecento, simbolo della modernizzazione ampezzana dopo l&#8217;annessione all&#8217;Italia. \u00c8 questo il valore che un nutrito gruppo di intellettuali, tecnici e accademici intende difendere con una lettera aperta indirizzata alla Soprintendente Archeologia, Belle Arti e Paesaggio, dott.ssa Marta Mazza.<\/p>\n<p data-path-to-node=\"5\">L&#8217;occasione \u00e8 la decisiva Conferenza dei Servizi di oggi, chiamata a esprimersi sul progetto di edificazione dell&#8217;area dell&#8217;ex stazione di Cortina d&#8217;Ampezzo. Un intervento che, secondo i firmatari \u2013 tra cui spiccano nomi come Salvatore Settis, Tomaso Montanari e i coordinatori Carlo Giacomini e Giovanna Ceiner \u2013 minaccerebbe l&#8217;integrit\u00e0 di un complesso tutelato dal 2013.<\/p>\n<h3 data-path-to-node=\"6\">L\u2019accusa: &#8220;Una barriera visiva sulla citt\u00e0&#8221;<\/h3>\n<h6 style=\"text-align: left;\" data-path-to-node=\"7\">Il fulcro della contestazione risiede nella &#8220;costipazione&#8221; dell&#8217;area. Se fino ad oggi i pareri della Soprintendenza si erano limitati agli interventi sotterranei, ora il progetto prevede la costruzione di sei nuovi edifici. Secondo gli esperti, queste nuove volumetrie creerebbero una &#8220;barriera visiva totale&#8221; sul fianco sud-est, chiudendo il rapporto storico tra la stazione e il centro cittadino.<\/h6>\n<p data-path-to-node=\"8,0\">\u00abQuello che era un sistema aperto verso la citt\u00e0 verrebbe di fatto ridotto a un cortile interno\u00bb, si legge nel documento. \u00abSi perderebbe la possibilit\u00e0 di una grande piazza pubblica per ottenere un corridoio di servizio ai nuovi edifici, negando il disegno urbanistico originario\u00bb.<\/p>\n<h6 style=\"text-align: left;\" data-path-to-node=\"9\">Un &#8220;unicum&#8221; da proteggere<\/h6>\n<p data-path-to-node=\"10\">La lettera ricorda come la stazione di Cortina non sia un piazzale qualunque, ma la &#8220;capitale&#8221; della Ferrovia delle Dolomiti. Realizzata negli anni &#8217;20, la cittadella concentrava uffici, officine, depositi e alloggi in un sistema coerente e ancora oggi intonso. Il vincolo del 2013 impone la tutela non solo dei singoli fabbricati, ma della loro leggibilit\u00e0 unitaria.<\/p>\n<p data-path-to-node=\"11\">Il rischio denunciato \u00e8 che i nuovi edifici &#8220;umilino&#8221; quelli storici, sovrastandoli per altezza e volume. Il caso pi\u00f9 eclatante riguarderebbe il monumentale fabbricato viaggiatori, che finirebbe per diventare \u00abil centro di una rotatoria di traffico\u00bb, schiacciato dal viavai di bus e auto private.<\/p>\n<h3 data-path-to-node=\"12\">Le alternative possibili<\/h3>\n<p data-path-to-node=\"13\">I firmatari chiariscono di non essere contrari a ogni forma di intervento: \u00abNon \u00e8 questione di inedificabilit\u00e0 totale\u00bb, precisano. Sarebbe possibile, ad esempio, ricostruire sul lato nord dove sorgeva l&#8217;antico deposito locomotori oggi demolito, o rifunzionalizzare le strutture esistenti. La condizione imprescindibile resta per\u00f2 il rispetto delle visuali verso Dobbiaco e Calalzo e la salvaguardia del tracciato ferroviario, oggi cuore pulsante della pista ciclabile.<\/p>\n<p data-path-to-node=\"14\">L&#8217;appello finale alla Soprintendente \u00e8 un richiamo al suo ruolo di &#8220;tutore&#8221;: l&#8217;auspicio \u00e8 che il parere determinante di mercoled\u00ec possa salvare l&#8217;ultima possibilit\u00e0 di dotare Cortina di una vera piazza monumentale, preservando l&#8217;identit\u00e0 tecnologica e urbanistica di un pezzo fondamentale di storia delle Dolomiti.<\/p>\n<h3 data-path-to-node=\"16\">I primi firmatari<\/h3>\n<p data-path-to-node=\"17\">Tra i 24 sottoscrittori figurano, oltre ai gi\u00e0 citati Settis e Montanari: Maurizio Malo (Diritto Pubblico, Padova), Maria Rosa Vittadini (Pianificazione Iuav), Carmine Abate (Italia Nostra Veneto), Sergio Pratali Maffei (Restauro, Trieste) e numerosi altri architetti, giuristi e funzionari pubblici.<\/p>","protected":false},"excerpt":{"rendered":"<p>Un gruppo di 24 esperti, tra docenti universitari, urbanisti e storici, scrive alla Soprintendente Marta Mazza alla vigilia della Conferenza dei Servizi: \u00abSi rischia di distruggere l&#8217;unitaria leggibilit\u00e0 di un monumento unico in Europa\u00bb. Cortina d&#8217;Ampezzo, 25\/03\/2026\u00a0\u2013 Non una semplice stazione, ma una vera e propria &#8220;cittadella ferroviaria&#8221; del primo Novecento, simbolo della modernizzazione ampezzana [&hellip;]<\/p>\n","protected":false},"author":2,"featured_media":168500,"comment_status":"closed","ping_status":"open","sticky":false,"template":"","format":"standard","meta":{"footnotes":""},"categories":[1,26],"tags":[],"class_list":["post-168499","post","type-post","status-publish","format-standard","has-post-thumbnail","category-leo","category-prima-pagina"],"yoast_head":"<!-- This site is optimized with the Yoast SEO plugin v28.4 - https:\/\/yoast.com\/product\/yoast-seo-wordpress\/ -->\n<title>Cortina, appello per l&#039;ex Stazione: &quot;Il progetto di riqualificazione soffoca la storia&quot; - Bellunopress - Dolomiti<\/title>\n<meta name=\"robots\" content=\"index, follow, max-snippet:-1, max-image-preview:large, max-video-preview:-1\" \/>\n<link rel=\"canonical\" href=\"https:\/\/www.bellunopress.it\/fr\/2026\/03\/25\/cortina-appello-per-lex-stazione-il-progetto-di-riqualificazione-soffoca-la-storia\/\" \/>\n<meta property=\"og:locale\" content=\"fr_FR\" \/>\n<meta property=\"og:type\" content=\"article\" \/>\n<meta property=\"og:title\" content=\"Cortina, appello per l&#039;ex Stazione: &quot;Il progetto di riqualificazione soffoca la storia&quot; - Bellunopress - Dolomiti\" \/>\n<meta property=\"og:description\" content=\"Un gruppo di 24 esperti, tra docenti universitari, urbanisti e storici, scrive alla Soprintendente Marta Mazza alla vigilia della Conferenza dei Servizi: \u00abSi rischia di distruggere l&#8217;unitaria leggibilit\u00e0 di un monumento unico in Europa\u00bb. Cortina d&#8217;Ampezzo, 25\/03\/2026\u00a0\u2013 Non una semplice stazione, ma una vera e propria &#8220;cittadella ferroviaria&#8221; del primo Novecento, simbolo della modernizzazione ampezzana [&hellip;]\" \/>\n<meta property=\"og:url\" content=\"https:\/\/www.bellunopress.it\/fr\/2026\/03\/25\/cortina-appello-per-lex-stazione-il-progetto-di-riqualificazione-soffoca-la-storia\/\" \/>\n<meta property=\"og:site_name\" content=\"Bellunopress - Dolomiti\" \/>\n<meta property=\"article:publisher\" content=\"https:\/\/www.facebook.com\/profile.php?id=100008943462799\" \/>\n<meta property=\"article:published_time\" content=\"2026-03-25T08:41:52+00:00\" \/>\n<meta property=\"article:modified_time\" content=\"2026-03-26T06:45:14+00:00\" \/>\n<meta property=\"og:image\" content=\"https:\/\/www.bellunopress.it\/wp-content\/uploads\/2026\/03\/progetto-ex-stazione-cortina.jpg\" \/>\n\t<meta property=\"og:image:width\" content=\"700\" \/>\n\t<meta property=\"og:image:height\" content=\"221\" \/>\n\t<meta property=\"og:image:type\" content=\"image\/jpeg\" \/>\n<meta name=\"author\" content=\"redazione\" \/>\n<meta name=\"twitter:card\" content=\"summary_large_image\" \/>\n<meta name=\"twitter:creator\" content=\"@bellunopress\" \/>\n<meta name=\"twitter:site\" content=\"@bellunopress\" \/>\n<meta name=\"twitter:label1\" content=\"\u00c9crit par\" \/>\n\t<meta name=\"twitter:data1\" content=\"redazione\" \/>\n\t<meta name=\"twitter:label2\" content=\"Dur\u00e9e de lecture estim\u00e9e\" \/>\n\t<meta name=\"twitter:data2\" content=\"2 minutes\" \/>\n<script type=\"application\/ld+json\" class=\"yoast-schema-graph\">{\"@context\":\"https:\\\/\\\/schema.org\",\"@graph\":[{\"@type\":\"Article\",\"@id\":\"https:\\\/\\\/www.bellunopress.it\\\/2026\\\/03\\\/25\\\/cortina-appello-per-lex-stazione-il-progetto-di-riqualificazione-soffoca-la-storia\\\/#article\",\"isPartOf\":{\"@id\":\"https:\\\/\\\/www.bellunopress.it\\\/2026\\\/03\\\/25\\\/cortina-appello-per-lex-stazione-il-progetto-di-riqualificazione-soffoca-la-storia\\\/\"},\"author\":{\"name\":\"redazione\",\"@id\":\"https:\\\/\\\/www.bellunopress.it\\\/#\\\/schema\\\/person\\\/79bb06722b37ece1c03d3e94beb30d73\"},\"headline\":\"Cortina, appello per l&#8217;ex Stazione: &#8220;Il progetto di riqualificazione soffoca la storia&#8221;\",\"datePublished\":\"2026-03-25T08:41:52+00:00\",\"dateModified\":\"2026-03-26T06:45:14+00:00\",\"mainEntityOfPage\":{\"@id\":\"https:\\\/\\\/www.bellunopress.it\\\/2026\\\/03\\\/25\\\/cortina-appello-per-lex-stazione-il-progetto-di-riqualificazione-soffoca-la-storia\\\/\"},\"wordCount\":526,\"publisher\":{\"@id\":\"https:\\\/\\\/www.bellunopress.it\\\/#organization\"},\"image\":{\"@id\":\"https:\\\/\\\/www.bellunopress.it\\\/2026\\\/03\\\/25\\\/cortina-appello-per-lex-stazione-il-progetto-di-riqualificazione-soffoca-la-storia\\\/#primaryimage\"},\"thumbnailUrl\":\"https:\\\/\\\/www.bellunopress.it\\\/wp-content\\\/uploads\\\/2026\\\/03\\\/progetto-ex-stazione-cortina.jpg\",\"articleSection\":[\"Lettere Opinioni\",\"Prima Pagina\"],\"inLanguage\":\"fr-FR\"},{\"@type\":\"WebPage\",\"@id\":\"https:\\\/\\\/www.bellunopress.it\\\/2026\\\/03\\\/25\\\/cortina-appello-per-lex-stazione-il-progetto-di-riqualificazione-soffoca-la-storia\\\/\",\"url\":\"https:\\\/\\\/www.bellunopress.it\\\/2026\\\/03\\\/25\\\/cortina-appello-per-lex-stazione-il-progetto-di-riqualificazione-soffoca-la-storia\\\/\",\"name\":\"Cortina, appello per l'ex Stazione: \\\"Il progetto di riqualificazione soffoca la storia\\\" - Bellunopress - Dolomiti\",\"isPartOf\":{\"@id\":\"https:\\\/\\\/www.bellunopress.it\\\/#website\"},\"primaryImageOfPage\":{\"@id\":\"https:\\\/\\\/www.bellunopress.it\\\/2026\\\/03\\\/25\\\/cortina-appello-per-lex-stazione-il-progetto-di-riqualificazione-soffoca-la-storia\\\/#primaryimage\"},\"image\":{\"@id\":\"https:\\\/\\\/www.bellunopress.it\\\/2026\\\/03\\\/25\\\/cortina-appello-per-lex-stazione-il-progetto-di-riqualificazione-soffoca-la-storia\\\/#primaryimage\"},\"thumbnailUrl\":\"https:\\\/\\\/www.bellunopress.it\\\/wp-content\\\/uploads\\\/2026\\\/03\\\/progetto-ex-stazione-cortina.jpg\",\"datePublished\":\"2026-03-25T08:41:52+00:00\",\"dateModified\":\"2026-03-26T06:45:14+00:00\",\"breadcrumb\":{\"@id\":\"https:\\\/\\\/www.bellunopress.it\\\/2026\\\/03\\\/25\\\/cortina-appello-per-lex-stazione-il-progetto-di-riqualificazione-soffoca-la-storia\\\/#breadcrumb\"},\"inLanguage\":\"fr-FR\",\"potentialAction\":[{\"@type\":\"ReadAction\",\"target\":[\"https:\\\/\\\/www.bellunopress.it\\\/2026\\\/03\\\/25\\\/cortina-appello-per-lex-stazione-il-progetto-di-riqualificazione-soffoca-la-storia\\\/\"]}]},{\"@type\":\"ImageObject\",\"inLanguage\":\"fr-FR\",\"@id\":\"https:\\\/\\\/www.bellunopress.it\\\/2026\\\/03\\\/25\\\/cortina-appello-per-lex-stazione-il-progetto-di-riqualificazione-soffoca-la-storia\\\/#primaryimage\",\"url\":\"https:\\\/\\\/www.bellunopress.it\\\/wp-content\\\/uploads\\\/2026\\\/03\\\/progetto-ex-stazione-cortina.jpg\",\"contentUrl\":\"https:\\\/\\\/www.bellunopress.it\\\/wp-content\\\/uploads\\\/2026\\\/03\\\/progetto-ex-stazione-cortina.jpg\",\"width\":700,\"height\":221,\"caption\":\"Progetto ex Stazione di Cortina d'Ampezzo\"},{\"@type\":\"BreadcrumbList\",\"@id\":\"https:\\\/\\\/www.bellunopress.it\\\/2026\\\/03\\\/25\\\/cortina-appello-per-lex-stazione-il-progetto-di-riqualificazione-soffoca-la-storia\\\/#breadcrumb\",\"itemListElement\":[{\"@type\":\"ListItem\",\"position\":1,\"name\":\"Home\",\"item\":\"https:\\\/\\\/www.bellunopress.it\\\/\"},{\"@type\":\"ListItem\",\"position\":2,\"name\":\"Cortina, appello per l&#8217;ex Stazione: &#8220;Il progetto di riqualificazione soffoca la storia&#8221;\"}]},{\"@type\":\"WebSite\",\"@id\":\"https:\\\/\\\/www.bellunopress.it\\\/#website\",\"url\":\"https:\\\/\\\/www.bellunopress.it\\\/\",\"name\":\"Bellunopress - Dolomiti\",\"description\":\"e-mail: redazione@bellunopress.it\",\"publisher\":{\"@id\":\"https:\\\/\\\/www.bellunopress.it\\\/#organization\"},\"potentialAction\":[{\"@type\":\"SearchAction\",\"target\":{\"@type\":\"EntryPoint\",\"urlTemplate\":\"https:\\\/\\\/www.bellunopress.it\\\/?s={search_term_string}\"},\"query-input\":{\"@type\":\"PropertyValueSpecification\",\"valueRequired\":true,\"valueName\":\"search_term_string\"}}],\"inLanguage\":\"fr-FR\"},{\"@type\":\"Organization\",\"@id\":\"https:\\\/\\\/www.bellunopress.it\\\/#organization\",\"name\":\"Bellunopress\",\"url\":\"https:\\\/\\\/www.bellunopress.it\\\/\",\"logo\":{\"@type\":\"ImageObject\",\"inLanguage\":\"fr-FR\",\"@id\":\"https:\\\/\\\/www.bellunopress.it\\\/#\\\/schema\\\/logo\\\/image\\\/\",\"url\":\"https:\\\/\\\/www.bellunopress.it\\\/wp-content\\\/uploads\\\/2011\\\/05\\\/cropped-logo-bellunopress-.jpg\",\"contentUrl\":\"https:\\\/\\\/www.bellunopress.it\\\/wp-content\\\/uploads\\\/2011\\\/05\\\/cropped-logo-bellunopress-.jpg\",\"width\":512,\"height\":512,\"caption\":\"Bellunopress\"},\"image\":{\"@id\":\"https:\\\/\\\/www.bellunopress.it\\\/#\\\/schema\\\/logo\\\/image\\\/\"},\"sameAs\":[\"https:\\\/\\\/www.facebook.com\\\/profile.php?id=100008943462799\",\"https:\\\/\\\/x.com\\\/bellunopress\",\"https:\\\/\\\/www.linkedin.com\\\/hp\\\/?dnr=JBzUWaJfMUw8vbXJJ2tVW5-I3jZKvC4wsoxE&amp;amp;amp;amp;amp;amp;trk=nav_responsive_tab_home\",\"https:\\\/\\\/www.youtube.com\\\/channel\\\/UCxL0wu1uN0_3_7hGG0306cw\"]},{\"@type\":\"Person\",\"@id\":\"https:\\\/\\\/www.bellunopress.it\\\/#\\\/schema\\\/person\\\/79bb06722b37ece1c03d3e94beb30d73\",\"name\":\"redazione\",\"image\":{\"@type\":\"ImageObject\",\"inLanguage\":\"fr-FR\",\"@id\":\"https:\\\/\\\/secure.gravatar.com\\\/avatar\\\/37d968a2e67a6fd04c169c4bdef102d0bc5d31b2546345219e348575eb80e9a0?s=96&d=mm&r=g\",\"url\":\"https:\\\/\\\/secure.gravatar.com\\\/avatar\\\/37d968a2e67a6fd04c169c4bdef102d0bc5d31b2546345219e348575eb80e9a0?s=96&d=mm&r=g\",\"contentUrl\":\"https:\\\/\\\/secure.gravatar.com\\\/avatar\\\/37d968a2e67a6fd04c169c4bdef102d0bc5d31b2546345219e348575eb80e9a0?s=96&d=mm&r=g\",\"caption\":\"redazione\"},\"sameAs\":[\"http:\\\/\\\/www.bellunopress.it\",\"https:\\\/\\\/x.com\\\/bellunopress\"],\"url\":\"https:\\\/\\\/www.bellunopress.it\\\/fr\\\/author\\\/redazione\\\/\"}]}<\/script>\n<!-- \/ Yoast SEO plugin. -->","yoast_head_json":{"title":"Cortina, appello per l'ex Stazione: \"Il progetto di riqualificazione soffoca la storia\" - Bellunopress - Dolomiti","robots":{"index":"index","follow":"follow","max-snippet":"max-snippet:-1","max-image-preview":"max-image-preview:large","max-video-preview":"max-video-preview:-1"},"canonical":"https:\/\/www.bellunopress.it\/fr\/2026\/03\/25\/cortina-appello-per-lex-stazione-il-progetto-di-riqualificazione-soffoca-la-storia\/","og_locale":"fr_FR","og_type":"article","og_title":"Cortina, appello per l'ex Stazione: \"Il progetto di riqualificazione soffoca la storia\" - Bellunopress - Dolomiti","og_description":"Un gruppo di 24 esperti, tra docenti universitari, urbanisti e storici, scrive alla Soprintendente Marta Mazza alla vigilia della Conferenza dei Servizi: \u00abSi rischia di distruggere l&#8217;unitaria leggibilit\u00e0 di un monumento unico in Europa\u00bb. Cortina d&#8217;Ampezzo, 25\/03\/2026\u00a0\u2013 Non una semplice stazione, ma una vera e propria &#8220;cittadella ferroviaria&#8221; del primo Novecento, simbolo della modernizzazione ampezzana [&hellip;]","og_url":"https:\/\/www.bellunopress.it\/fr\/2026\/03\/25\/cortina-appello-per-lex-stazione-il-progetto-di-riqualificazione-soffoca-la-storia\/","og_site_name":"Bellunopress - Dolomiti","article_publisher":"https:\/\/www.facebook.com\/profile.php?id=100008943462799","article_published_time":"2026-03-25T08:41:52+00:00","article_modified_time":"2026-03-26T06:45:14+00:00","og_image":[{"width":700,"height":221,"url":"https:\/\/www.bellunopress.it\/wp-content\/uploads\/2026\/03\/progetto-ex-stazione-cortina.jpg","type":"image\/jpeg"}],"author":"redazione","twitter_card":"summary_large_image","twitter_creator":"@bellunopress","twitter_site":"@bellunopress","twitter_misc":{"\u00c9crit par":"redazione","Dur\u00e9e de lecture estim\u00e9e":"2 minutes"},"schema":{"@context":"https:\/\/schema.org","@graph":[{"@type":"Article","@id":"https:\/\/www.bellunopress.it\/2026\/03\/25\/cortina-appello-per-lex-stazione-il-progetto-di-riqualificazione-soffoca-la-storia\/#article","isPartOf":{"@id":"https:\/\/www.bellunopress.it\/2026\/03\/25\/cortina-appello-per-lex-stazione-il-progetto-di-riqualificazione-soffoca-la-storia\/"},"author":{"name":"redazione","@id":"https:\/\/www.bellunopress.it\/#\/schema\/person\/79bb06722b37ece1c03d3e94beb30d73"},"headline":"Cortina, appello per l&#8217;ex Stazione: &#8220;Il progetto di riqualificazione soffoca la storia&#8221;","datePublished":"2026-03-25T08:41:52+00:00","dateModified":"2026-03-26T06:45:14+00:00","mainEntityOfPage":{"@id":"https:\/\/www.bellunopress.it\/2026\/03\/25\/cortina-appello-per-lex-stazione-il-progetto-di-riqualificazione-soffoca-la-storia\/"},"wordCount":526,"publisher":{"@id":"https:\/\/www.bellunopress.it\/#organization"},"image":{"@id":"https:\/\/www.bellunopress.it\/2026\/03\/25\/cortina-appello-per-lex-stazione-il-progetto-di-riqualificazione-soffoca-la-storia\/#primaryimage"},"thumbnailUrl":"https:\/\/www.bellunopress.it\/wp-content\/uploads\/2026\/03\/progetto-ex-stazione-cortina.jpg","articleSection":["Lettere Opinioni","Prima Pagina"],"inLanguage":"fr-FR"},{"@type":"WebPage","@id":"https:\/\/www.bellunopress.it\/2026\/03\/25\/cortina-appello-per-lex-stazione-il-progetto-di-riqualificazione-soffoca-la-storia\/","url":"https:\/\/www.bellunopress.it\/2026\/03\/25\/cortina-appello-per-lex-stazione-il-progetto-di-riqualificazione-soffoca-la-storia\/","name":"Cortina, appello per l'ex Stazione: \"Il progetto di riqualificazione soffoca la storia\" - Bellunopress - Dolomiti","isPartOf":{"@id":"https:\/\/www.bellunopress.it\/#website"},"primaryImageOfPage":{"@id":"https:\/\/www.bellunopress.it\/2026\/03\/25\/cortina-appello-per-lex-stazione-il-progetto-di-riqualificazione-soffoca-la-storia\/#primaryimage"},"image":{"@id":"https:\/\/www.bellunopress.it\/2026\/03\/25\/cortina-appello-per-lex-stazione-il-progetto-di-riqualificazione-soffoca-la-storia\/#primaryimage"},"thumbnailUrl":"https:\/\/www.bellunopress.it\/wp-content\/uploads\/2026\/03\/progetto-ex-stazione-cortina.jpg","datePublished":"2026-03-25T08:41:52+00:00","dateModified":"2026-03-26T06:45:14+00:00","breadcrumb":{"@id":"https:\/\/www.bellunopress.it\/2026\/03\/25\/cortina-appello-per-lex-stazione-il-progetto-di-riqualificazione-soffoca-la-storia\/#breadcrumb"},"inLanguage":"fr-FR","potentialAction":[{"@type":"ReadAction","target":["https:\/\/www.bellunopress.it\/2026\/03\/25\/cortina-appello-per-lex-stazione-il-progetto-di-riqualificazione-soffoca-la-storia\/"]}]},{"@type":"ImageObject","inLanguage":"fr-FR","@id":"https:\/\/www.bellunopress.it\/2026\/03\/25\/cortina-appello-per-lex-stazione-il-progetto-di-riqualificazione-soffoca-la-storia\/#primaryimage","url":"https:\/\/www.bellunopress.it\/wp-content\/uploads\/2026\/03\/progetto-ex-stazione-cortina.jpg","contentUrl":"https:\/\/www.bellunopress.it\/wp-content\/uploads\/2026\/03\/progetto-ex-stazione-cortina.jpg","width":700,"height":221,"caption":"Progetto ex Stazione di Cortina d'Ampezzo"},{"@type":"BreadcrumbList","@id":"https:\/\/www.bellunopress.it\/2026\/03\/25\/cortina-appello-per-lex-stazione-il-progetto-di-riqualificazione-soffoca-la-storia\/#breadcrumb","itemListElement":[{"@type":"ListItem","position":1,"name":"Home","item":"https:\/\/www.bellunopress.it\/"},{"@type":"ListItem","position":2,"name":"Cortina, appello per l&#8217;ex Stazione: &#8220;Il progetto di riqualificazione soffoca la storia&#8221;"}]},{"@type":"WebSite","@id":"https:\/\/www.bellunopress.it\/#website","url":"https:\/\/www.bellunopress.it\/","name":"Bellunopress - Dolomiti","description":"e-mail: redazione@bellunopress.it","publisher":{"@id":"https:\/\/www.bellunopress.it\/#organization"},"potentialAction":[{"@type":"SearchAction","target":{"@type":"EntryPoint","urlTemplate":"https:\/\/www.bellunopress.it\/?s={search_term_string}"},"query-input":{"@type":"PropertyValueSpecification","valueRequired":true,"valueName":"search_term_string"}}],"inLanguage":"fr-FR"},{"@type":"Organization","@id":"https:\/\/www.bellunopress.it\/#organization","name":"Bellunopress","url":"https:\/\/www.bellunopress.it\/","logo":{"@type":"ImageObject","inLanguage":"fr-FR","@id":"https:\/\/www.bellunopress.it\/#\/schema\/logo\/image\/","url":"https:\/\/www.bellunopress.it\/wp-content\/uploads\/2011\/05\/cropped-logo-bellunopress-.jpg","contentUrl":"https:\/\/www.bellunopress.it\/wp-content\/uploads\/2011\/05\/cropped-logo-bellunopress-.jpg","width":512,"height":512,"caption":"Bellunopress"},"image":{"@id":"https:\/\/www.bellunopress.it\/#\/schema\/logo\/image\/"},"sameAs":["https:\/\/www.facebook.com\/profile.php?id=100008943462799","https:\/\/x.com\/bellunopress","https:\/\/www.linkedin.com\/hp\/?dnr=JBzUWaJfMUw8vbXJJ2tVW5-I3jZKvC4wsoxE&amp;amp;amp;amp;amp;amp;trk=nav_responsive_tab_home","https:\/\/www.youtube.com\/channel\/UCxL0wu1uN0_3_7hGG0306cw"]},{"@type":"Person","@id":"https:\/\/www.bellunopress.it\/#\/schema\/person\/79bb06722b37ece1c03d3e94beb30d73","name":"r\u00e9daction","image":{"@type":"ImageObject","inLanguage":"fr-FR","@id":"https:\/\/secure.gravatar.com\/avatar\/37d968a2e67a6fd04c169c4bdef102d0bc5d31b2546345219e348575eb80e9a0?s=96&d=mm&r=g","url":"https:\/\/secure.gravatar.com\/avatar\/37d968a2e67a6fd04c169c4bdef102d0bc5d31b2546345219e348575eb80e9a0?s=96&d=mm&r=g","contentUrl":"https:\/\/secure.gravatar.com\/avatar\/37d968a2e67a6fd04c169c4bdef102d0bc5d31b2546345219e348575eb80e9a0?s=96&d=mm&r=g","caption":"redazione"},"sameAs":["http:\/\/www.bellunopress.it","https:\/\/x.com\/bellunopress"],"url":"https:\/\/www.bellunopress.it\/fr\/author\/redazione\/"}]}},"_links":{"self":[{"href":"https:\/\/www.bellunopress.it\/fr\/wp-json\/wp\/v2\/posts\/168499","targetHints":{"allow":["GET"]}}],"collection":[{"href":"https:\/\/www.bellunopress.it\/fr\/wp-json\/wp\/v2\/posts"}],"about":[{"href":"https:\/\/www.bellunopress.it\/fr\/wp-json\/wp\/v2\/types\/post"}],"author":[{"embeddable":true,"href":"https:\/\/www.bellunopress.it\/fr\/wp-json\/wp\/v2\/users\/2"}],"replies":[{"embeddable":true,"href":"https:\/\/www.bellunopress.it\/fr\/wp-json\/wp\/v2\/comments?post=168499"}],"version-history":[{"count":1,"href":"https:\/\/www.bellunopress.it\/fr\/wp-json\/wp\/v2\/posts\/168499\/revisions"}],"predecessor-version":[{"id":168501,"href":"https:\/\/www.bellunopress.it\/fr\/wp-json\/wp\/v2\/posts\/168499\/revisions\/168501"}],"wp:featuredmedia":[{"embeddable":true,"href":"https:\/\/www.bellunopress.it\/fr\/wp-json\/wp\/v2\/media\/168500"}],"wp:attachment":[{"href":"https:\/\/www.bellunopress.it\/fr\/wp-json\/wp\/v2\/media?parent=168499"}],"wp:term":[{"taxonomy":"category","embeddable":true,"href":"https:\/\/www.bellunopress.it\/fr\/wp-json\/wp\/v2\/categories?post=168499"},{"taxonomy":"post_tag","embeddable":true,"href":"https:\/\/www.bellunopress.it\/fr\/wp-json\/wp\/v2\/tags?post=168499"}],"curies":[{"name":"wp","href":"https:\/\/api.w.org\/{rel}","templated":true}]}}