{"id":168488,"date":"2026-03-25T14:27:16","date_gmt":"2026-03-25T13:27:16","guid":{"rendered":"https:\/\/www.bellunopress.it\/?p=168488"},"modified":"2026-03-25T14:27:16","modified_gmt":"2026-03-25T13:27:16","slug":"rimborsi-linea-30-dolomitibus-ce-tempo-fino-a-fine-marzo-per-presentare-domanda","status":"publish","type":"post","link":"https:\/\/www.bellunopress.it\/fr\/2026\/03\/25\/rimborsi-linea-30-dolomitibus-ce-tempo-fino-a-fine-marzo-per-presentare-domanda\/","title":{"rendered":"Rimborsi linea 30 Dolomitibus: c&#8217;\u00e8 tempo fino a fine marzo per presentare domanda"},"content":{"rendered":"<p><strong>Bortoluzzi: \u201cAl momento poche richieste, ma siamo attenti a tutte le esigenze che dovessero emergere. Il servizio speciale olimpico ha funzionato bene\u201d<\/strong><\/p>\n<p>C&#8217;\u00e8 tempo fino alle ore 24 del 31 marzo per presentare domanda di rimborso dei biglietti usufruiti sulla linea 30 di Dolomitibus (la Calalzo-Cortina) durante il periodo dal 23 al 30 gennaio, vale a dire prima dell&#8217;introduzione del prezzo da ticket chilometrico per i residenti, nei giorni in cui era invece in vigore il costo di 10 euro per l&#8217;intera giornata e l&#8217;intera tratta.<\/p>\n<p>L\u2019iniziativa \u00e8 promossa dalla Provincia. Il provvedimento nasce a seguito delle modifiche al trasporto pubblico introdotte in occasione delle Olimpiadi e Paralimpiadi invernali. In quel periodo il servizio extraurbano della\u00a0linea 30\u00a0\u201cCalalzo-Cortina\u201d era stato potenziato, trasformandosi di fatto in una sorta di metropolitana di superficie con corse ogni 20-30\u00a0minuti tra le 5 e le 24 con l\u2019obiettivo di ridurre il traffico privato lungo la strada statale 51 di Alemagna. Durante la primissima fase di intensificazione del servizio, per accedere alla\u00a0linea\u00a0\u00e8 stato necessario possedere un biglietto giornaliero da 10 euro oppure uno specifico abbonamento valido per l\u2019intero periodo dei Giochi, dal costo di 150 euro. Fino al\u00a030\u00a0gennaio non era consentito utilizzare i tradizionali biglietti a fascia chilometrica. Poi, a partire dal 31 gennaio i residenti della provincia di Belluno hanno potuto tornare ai normali titoli di viaggio singoli acquistati a terra, scegliendo cos\u00ec la soluzione pi\u00f9 conveniente.<\/p>\n<p>\u201cCon il bando dei rimborsi intendiamo evitare che i grandi eventi sportivi e le conseguenti modifiche alla mobilit\u00e0 sul territorio abbiano ricadute economiche sui residenti che utilizzano il trasporto pubblico per necessit\u00e0 quotidiane\u201d spiega il consigliere provinciale delegato ai trasporti Massimo Bortoluzzi. \u201c\u00c8 previsto il rimborso delle spese sostenute per l\u2019acquisto dei titoli di viaggio straordinari, fino a un massimo di cinque biglietti per ciascun richiedente. Il rimborso sar\u00e0 erogato tramite bonifico sul conto corrente indicato nella domanda e le richieste saranno accolte in ordine cronologico di arrivo fino all\u2019esaurimento delle risorse disponibili, pari complessivamente a 10mila euro. Al momento abbiamo ricevuto poche domande, segno che la settimana di biglietto a tariffa unica non ha inciso particolarmente e che la decisione di tornare ai biglietti a fascia chilometrica per i residenti \u00e8 stata presa nei tempi utili. In ogni caso, siamo attenti a qualsiasi esigenza e ricordiamo che il bando \u00e8 aperto fino a fine mese\u201d.<\/p>\n<p>Bortoluzzi sottolinea anche la bont\u00e0 del servizio potenziato della linea 30. \u201cHa funzionato e abbiamo avuto ottimi riscontri. Questo significa che potenziare i servizi richiama utenti e consente di snellire il traffico sulle nostre strade pi\u00f9 intasate. Il problema \u00e8 avere le risorse per potenziare i servizi. E su questo dovremmo lavorare per far valere il differenziale montagna\u201d.<\/p>","protected":false},"excerpt":{"rendered":"<p>Bortoluzzi: \u201cAl momento poche richieste, ma siamo attenti a tutte le esigenze che dovessero emergere. Il servizio speciale olimpico ha funzionato bene\u201d C&#8217;\u00e8 tempo fino alle ore 24 del 31 marzo per presentare domanda di rimborso dei biglietti usufruiti sulla linea 30 di Dolomitibus (la Calalzo-Cortina) durante il periodo dal 23 al 30 gennaio, vale [&hellip;]<\/p>\n","protected":false},"author":2,"featured_media":152663,"comment_status":"closed","ping_status":"open","sticky":false,"template":"","format":"standard","meta":{"footnotes":""},"categories":[5,26,8],"tags":[],"class_list":["post-168488","post","type-post","status-publish","format-standard","has-post-thumbnail","category-cronaca","category-prima-pagina","category-societa-istituzioni"],"yoast_head":"<!-- This site is optimized with the Yoast SEO plugin v28.4 - https:\/\/yoast.com\/product\/yoast-seo-wordpress\/ -->\n<title>Rimborsi linea 30 Dolomitibus: c&#039;\u00e8 tempo fino a fine marzo per presentare domanda - Bellunopress - Dolomiti<\/title>\n<meta name=\"robots\" content=\"index, follow, max-snippet:-1, max-image-preview:large, max-video-preview:-1\" \/>\n<link rel=\"canonical\" href=\"https:\/\/www.bellunopress.it\/fr\/2026\/03\/25\/rimborsi-linea-30-dolomitibus-ce-tempo-fino-a-fine-marzo-per-presentare-domanda\/\" \/>\n<meta property=\"og:locale\" content=\"fr_FR\" \/>\n<meta property=\"og:type\" content=\"article\" \/>\n<meta property=\"og:title\" content=\"Rimborsi linea 30 Dolomitibus: c&#039;\u00e8 tempo fino a fine marzo per presentare domanda - Bellunopress - Dolomiti\" \/>\n<meta property=\"og:description\" content=\"Bortoluzzi: \u201cAl momento poche richieste, ma siamo attenti a tutte le esigenze che dovessero emergere. Il servizio speciale olimpico ha funzionato bene\u201d C&#8217;\u00e8 tempo fino alle ore 24 del 31 marzo per presentare domanda di rimborso dei biglietti usufruiti sulla linea 30 di Dolomitibus (la Calalzo-Cortina) durante il periodo dal 23 al 30 gennaio, vale [&hellip;]\" \/>\n<meta property=\"og:url\" content=\"https:\/\/www.bellunopress.it\/fr\/2026\/03\/25\/rimborsi-linea-30-dolomitibus-ce-tempo-fino-a-fine-marzo-per-presentare-domanda\/\" \/>\n<meta property=\"og:site_name\" content=\"Bellunopress - Dolomiti\" \/>\n<meta property=\"article:publisher\" content=\"https:\/\/www.facebook.com\/profile.php?id=100008943462799\" \/>\n<meta property=\"article:published_time\" content=\"2026-03-25T13:27:16+00:00\" \/>\n<meta property=\"og:image\" content=\"https:\/\/www.bellunopress.it\/wp-content\/uploads\/2024\/07\/Massimo-Bortoluzzi-consigloiere-provinciale.jpg\" \/>\n\t<meta property=\"og:image:width\" content=\"643\" \/>\n\t<meta property=\"og:image:height\" content=\"491\" \/>\n\t<meta property=\"og:image:type\" content=\"image\/jpeg\" \/>\n<meta name=\"author\" content=\"redazione\" \/>\n<meta name=\"twitter:card\" content=\"summary_large_image\" \/>\n<meta name=\"twitter:creator\" content=\"@bellunopress\" \/>\n<meta name=\"twitter:site\" content=\"@bellunopress\" \/>\n<meta name=\"twitter:label1\" content=\"\u00c9crit par\" \/>\n\t<meta name=\"twitter:data1\" content=\"redazione\" \/>\n\t<meta name=\"twitter:label2\" content=\"Dur\u00e9e de lecture estim\u00e9e\" \/>\n\t<meta name=\"twitter:data2\" content=\"2 minutes\" \/>\n<script type=\"application\/ld+json\" class=\"yoast-schema-graph\">{\"@context\":\"https:\\\/\\\/schema.org\",\"@graph\":[{\"@type\":\"Article\",\"@id\":\"https:\\\/\\\/www.bellunopress.it\\\/2026\\\/03\\\/25\\\/rimborsi-linea-30-dolomitibus-ce-tempo-fino-a-fine-marzo-per-presentare-domanda\\\/#article\",\"isPartOf\":{\"@id\":\"https:\\\/\\\/www.bellunopress.it\\\/2026\\\/03\\\/25\\\/rimborsi-linea-30-dolomitibus-ce-tempo-fino-a-fine-marzo-per-presentare-domanda\\\/\"},\"author\":{\"name\":\"redazione\",\"@id\":\"https:\\\/\\\/www.bellunopress.it\\\/#\\\/schema\\\/person\\\/79bb06722b37ece1c03d3e94beb30d73\"},\"headline\":\"Rimborsi linea 30 Dolomitibus: c&#8217;\u00e8 tempo fino a fine marzo per presentare domanda\",\"datePublished\":\"2026-03-25T13:27:16+00:00\",\"mainEntityOfPage\":{\"@id\":\"https:\\\/\\\/www.bellunopress.it\\\/2026\\\/03\\\/25\\\/rimborsi-linea-30-dolomitibus-ce-tempo-fino-a-fine-marzo-per-presentare-domanda\\\/\"},\"wordCount\":451,\"publisher\":{\"@id\":\"https:\\\/\\\/www.bellunopress.it\\\/#organization\"},\"image\":{\"@id\":\"https:\\\/\\\/www.bellunopress.it\\\/2026\\\/03\\\/25\\\/rimborsi-linea-30-dolomitibus-ce-tempo-fino-a-fine-marzo-per-presentare-domanda\\\/#primaryimage\"},\"thumbnailUrl\":\"https:\\\/\\\/www.bellunopress.it\\\/wp-content\\\/uploads\\\/2024\\\/07\\\/Massimo-Bortoluzzi-consigloiere-provinciale.jpg\",\"articleSection\":[\"Cronaca\\\/Politica\",\"Prima Pagina\",\"Societ\u00e0, Associazioni, Istituzioni\"],\"inLanguage\":\"fr-FR\"},{\"@type\":\"WebPage\",\"@id\":\"https:\\\/\\\/www.bellunopress.it\\\/2026\\\/03\\\/25\\\/rimborsi-linea-30-dolomitibus-ce-tempo-fino-a-fine-marzo-per-presentare-domanda\\\/\",\"url\":\"https:\\\/\\\/www.bellunopress.it\\\/2026\\\/03\\\/25\\\/rimborsi-linea-30-dolomitibus-ce-tempo-fino-a-fine-marzo-per-presentare-domanda\\\/\",\"name\":\"Rimborsi linea 30 Dolomitibus: c'\u00e8 tempo fino a fine marzo per presentare domanda - Bellunopress - Dolomiti\",\"isPartOf\":{\"@id\":\"https:\\\/\\\/www.bellunopress.it\\\/#website\"},\"primaryImageOfPage\":{\"@id\":\"https:\\\/\\\/www.bellunopress.it\\\/2026\\\/03\\\/25\\\/rimborsi-linea-30-dolomitibus-ce-tempo-fino-a-fine-marzo-per-presentare-domanda\\\/#primaryimage\"},\"image\":{\"@id\":\"https:\\\/\\\/www.bellunopress.it\\\/2026\\\/03\\\/25\\\/rimborsi-linea-30-dolomitibus-ce-tempo-fino-a-fine-marzo-per-presentare-domanda\\\/#primaryimage\"},\"thumbnailUrl\":\"https:\\\/\\\/www.bellunopress.it\\\/wp-content\\\/uploads\\\/2024\\\/07\\\/Massimo-Bortoluzzi-consigloiere-provinciale.jpg\",\"datePublished\":\"2026-03-25T13:27:16+00:00\",\"breadcrumb\":{\"@id\":\"https:\\\/\\\/www.bellunopress.it\\\/2026\\\/03\\\/25\\\/rimborsi-linea-30-dolomitibus-ce-tempo-fino-a-fine-marzo-per-presentare-domanda\\\/#breadcrumb\"},\"inLanguage\":\"fr-FR\",\"potentialAction\":[{\"@type\":\"ReadAction\",\"target\":[\"https:\\\/\\\/www.bellunopress.it\\\/2026\\\/03\\\/25\\\/rimborsi-linea-30-dolomitibus-ce-tempo-fino-a-fine-marzo-per-presentare-domanda\\\/\"]}]},{\"@type\":\"ImageObject\",\"inLanguage\":\"fr-FR\",\"@id\":\"https:\\\/\\\/www.bellunopress.it\\\/2026\\\/03\\\/25\\\/rimborsi-linea-30-dolomitibus-ce-tempo-fino-a-fine-marzo-per-presentare-domanda\\\/#primaryimage\",\"url\":\"https:\\\/\\\/www.bellunopress.it\\\/wp-content\\\/uploads\\\/2024\\\/07\\\/Massimo-Bortoluzzi-consigloiere-provinciale.jpg\",\"contentUrl\":\"https:\\\/\\\/www.bellunopress.it\\\/wp-content\\\/uploads\\\/2024\\\/07\\\/Massimo-Bortoluzzi-consigloiere-provinciale.jpg\",\"width\":643,\"height\":491,\"caption\":\"Massimo Bortoluzzi, gi\u00e0 consigliere provinciale delegato al Demanio idrico e Trasporti, Protezione civile e Difesa del suolo\"},{\"@type\":\"BreadcrumbList\",\"@id\":\"https:\\\/\\\/www.bellunopress.it\\\/2026\\\/03\\\/25\\\/rimborsi-linea-30-dolomitibus-ce-tempo-fino-a-fine-marzo-per-presentare-domanda\\\/#breadcrumb\",\"itemListElement\":[{\"@type\":\"ListItem\",\"position\":1,\"name\":\"Home\",\"item\":\"https:\\\/\\\/www.bellunopress.it\\\/\"},{\"@type\":\"ListItem\",\"position\":2,\"name\":\"Rimborsi linea 30 Dolomitibus: c&#8217;\u00e8 tempo fino a fine marzo per presentare domanda\"}]},{\"@type\":\"WebSite\",\"@id\":\"https:\\\/\\\/www.bellunopress.it\\\/#website\",\"url\":\"https:\\\/\\\/www.bellunopress.it\\\/\",\"name\":\"Bellunopress - Dolomiti\",\"description\":\"e-mail: redazione@bellunopress.it\",\"publisher\":{\"@id\":\"https:\\\/\\\/www.bellunopress.it\\\/#organization\"},\"potentialAction\":[{\"@type\":\"SearchAction\",\"target\":{\"@type\":\"EntryPoint\",\"urlTemplate\":\"https:\\\/\\\/www.bellunopress.it\\\/?s={search_term_string}\"},\"query-input\":{\"@type\":\"PropertyValueSpecification\",\"valueRequired\":true,\"valueName\":\"search_term_string\"}}],\"inLanguage\":\"fr-FR\"},{\"@type\":\"Organization\",\"@id\":\"https:\\\/\\\/www.bellunopress.it\\\/#organization\",\"name\":\"Bellunopress\",\"url\":\"https:\\\/\\\/www.bellunopress.it\\\/\",\"logo\":{\"@type\":\"ImageObject\",\"inLanguage\":\"fr-FR\",\"@id\":\"https:\\\/\\\/www.bellunopress.it\\\/#\\\/schema\\\/logo\\\/image\\\/\",\"url\":\"https:\\\/\\\/www.bellunopress.it\\\/wp-content\\\/uploads\\\/2011\\\/05\\\/cropped-logo-bellunopress-.jpg\",\"contentUrl\":\"https:\\\/\\\/www.bellunopress.it\\\/wp-content\\\/uploads\\\/2011\\\/05\\\/cropped-logo-bellunopress-.jpg\",\"width\":512,\"height\":512,\"caption\":\"Bellunopress\"},\"image\":{\"@id\":\"https:\\\/\\\/www.bellunopress.it\\\/#\\\/schema\\\/logo\\\/image\\\/\"},\"sameAs\":[\"https:\\\/\\\/www.facebook.com\\\/profile.php?id=100008943462799\",\"https:\\\/\\\/x.com\\\/bellunopress\",\"https:\\\/\\\/www.linkedin.com\\\/hp\\\/?dnr=JBzUWaJfMUw8vbXJJ2tVW5-I3jZKvC4wsoxE&amp;amp;amp;amp;amp;amp;trk=nav_responsive_tab_home\",\"https:\\\/\\\/www.youtube.com\\\/channel\\\/UCxL0wu1uN0_3_7hGG0306cw\"]},{\"@type\":\"Person\",\"@id\":\"https:\\\/\\\/www.bellunopress.it\\\/#\\\/schema\\\/person\\\/79bb06722b37ece1c03d3e94beb30d73\",\"name\":\"redazione\",\"image\":{\"@type\":\"ImageObject\",\"inLanguage\":\"fr-FR\",\"@id\":\"https:\\\/\\\/secure.gravatar.com\\\/avatar\\\/37d968a2e67a6fd04c169c4bdef102d0bc5d31b2546345219e348575eb80e9a0?s=96&d=mm&r=g\",\"url\":\"https:\\\/\\\/secure.gravatar.com\\\/avatar\\\/37d968a2e67a6fd04c169c4bdef102d0bc5d31b2546345219e348575eb80e9a0?s=96&d=mm&r=g\",\"contentUrl\":\"https:\\\/\\\/secure.gravatar.com\\\/avatar\\\/37d968a2e67a6fd04c169c4bdef102d0bc5d31b2546345219e348575eb80e9a0?s=96&d=mm&r=g\",\"caption\":\"redazione\"},\"sameAs\":[\"http:\\\/\\\/www.bellunopress.it\",\"https:\\\/\\\/x.com\\\/bellunopress\"],\"url\":\"https:\\\/\\\/www.bellunopress.it\\\/fr\\\/author\\\/redazione\\\/\"}]}<\/script>\n<!-- \/ Yoast SEO plugin. -->","yoast_head_json":{"title":"Rimborsi linea 30 Dolomitibus: c'\u00e8 tempo fino a fine marzo per presentare domanda - Bellunopress - Dolomiti","robots":{"index":"index","follow":"follow","max-snippet":"max-snippet:-1","max-image-preview":"max-image-preview:large","max-video-preview":"max-video-preview:-1"},"canonical":"https:\/\/www.bellunopress.it\/fr\/2026\/03\/25\/rimborsi-linea-30-dolomitibus-ce-tempo-fino-a-fine-marzo-per-presentare-domanda\/","og_locale":"fr_FR","og_type":"article","og_title":"Rimborsi linea 30 Dolomitibus: c'\u00e8 tempo fino a fine marzo per presentare domanda - Bellunopress - Dolomiti","og_description":"Bortoluzzi: \u201cAl momento poche richieste, ma siamo attenti a tutte le esigenze che dovessero emergere. Il servizio speciale olimpico ha funzionato bene\u201d C&#8217;\u00e8 tempo fino alle ore 24 del 31 marzo per presentare domanda di rimborso dei biglietti usufruiti sulla linea 30 di Dolomitibus (la Calalzo-Cortina) durante il periodo dal 23 al 30 gennaio, vale [&hellip;]","og_url":"https:\/\/www.bellunopress.it\/fr\/2026\/03\/25\/rimborsi-linea-30-dolomitibus-ce-tempo-fino-a-fine-marzo-per-presentare-domanda\/","og_site_name":"Bellunopress - Dolomiti","article_publisher":"https:\/\/www.facebook.com\/profile.php?id=100008943462799","article_published_time":"2026-03-25T13:27:16+00:00","og_image":[{"width":643,"height":491,"url":"https:\/\/www.bellunopress.it\/wp-content\/uploads\/2024\/07\/Massimo-Bortoluzzi-consigloiere-provinciale.jpg","type":"image\/jpeg"}],"author":"redazione","twitter_card":"summary_large_image","twitter_creator":"@bellunopress","twitter_site":"@bellunopress","twitter_misc":{"\u00c9crit par":"redazione","Dur\u00e9e de lecture estim\u00e9e":"2 minutes"},"schema":{"@context":"https:\/\/schema.org","@graph":[{"@type":"Article","@id":"https:\/\/www.bellunopress.it\/2026\/03\/25\/rimborsi-linea-30-dolomitibus-ce-tempo-fino-a-fine-marzo-per-presentare-domanda\/#article","isPartOf":{"@id":"https:\/\/www.bellunopress.it\/2026\/03\/25\/rimborsi-linea-30-dolomitibus-ce-tempo-fino-a-fine-marzo-per-presentare-domanda\/"},"author":{"name":"redazione","@id":"https:\/\/www.bellunopress.it\/#\/schema\/person\/79bb06722b37ece1c03d3e94beb30d73"},"headline":"Rimborsi linea 30 Dolomitibus: c&#8217;\u00e8 tempo fino a fine marzo per presentare domanda","datePublished":"2026-03-25T13:27:16+00:00","mainEntityOfPage":{"@id":"https:\/\/www.bellunopress.it\/2026\/03\/25\/rimborsi-linea-30-dolomitibus-ce-tempo-fino-a-fine-marzo-per-presentare-domanda\/"},"wordCount":451,"publisher":{"@id":"https:\/\/www.bellunopress.it\/#organization"},"image":{"@id":"https:\/\/www.bellunopress.it\/2026\/03\/25\/rimborsi-linea-30-dolomitibus-ce-tempo-fino-a-fine-marzo-per-presentare-domanda\/#primaryimage"},"thumbnailUrl":"https:\/\/www.bellunopress.it\/wp-content\/uploads\/2024\/07\/Massimo-Bortoluzzi-consigloiere-provinciale.jpg","articleSection":["Cronaca\/Politica","Prima Pagina","Societ\u00e0, Associazioni, Istituzioni"],"inLanguage":"fr-FR"},{"@type":"WebPage","@id":"https:\/\/www.bellunopress.it\/2026\/03\/25\/rimborsi-linea-30-dolomitibus-ce-tempo-fino-a-fine-marzo-per-presentare-domanda\/","url":"https:\/\/www.bellunopress.it\/2026\/03\/25\/rimborsi-linea-30-dolomitibus-ce-tempo-fino-a-fine-marzo-per-presentare-domanda\/","name":"Rimborsi linea 30 Dolomitibus: c'\u00e8 tempo fino a fine marzo per presentare domanda - Bellunopress - Dolomiti","isPartOf":{"@id":"https:\/\/www.bellunopress.it\/#website"},"primaryImageOfPage":{"@id":"https:\/\/www.bellunopress.it\/2026\/03\/25\/rimborsi-linea-30-dolomitibus-ce-tempo-fino-a-fine-marzo-per-presentare-domanda\/#primaryimage"},"image":{"@id":"https:\/\/www.bellunopress.it\/2026\/03\/25\/rimborsi-linea-30-dolomitibus-ce-tempo-fino-a-fine-marzo-per-presentare-domanda\/#primaryimage"},"thumbnailUrl":"https:\/\/www.bellunopress.it\/wp-content\/uploads\/2024\/07\/Massimo-Bortoluzzi-consigloiere-provinciale.jpg","datePublished":"2026-03-25T13:27:16+00:00","breadcrumb":{"@id":"https:\/\/www.bellunopress.it\/2026\/03\/25\/rimborsi-linea-30-dolomitibus-ce-tempo-fino-a-fine-marzo-per-presentare-domanda\/#breadcrumb"},"inLanguage":"fr-FR","potentialAction":[{"@type":"ReadAction","target":["https:\/\/www.bellunopress.it\/2026\/03\/25\/rimborsi-linea-30-dolomitibus-ce-tempo-fino-a-fine-marzo-per-presentare-domanda\/"]}]},{"@type":"ImageObject","inLanguage":"fr-FR","@id":"https:\/\/www.bellunopress.it\/2026\/03\/25\/rimborsi-linea-30-dolomitibus-ce-tempo-fino-a-fine-marzo-per-presentare-domanda\/#primaryimage","url":"https:\/\/www.bellunopress.it\/wp-content\/uploads\/2024\/07\/Massimo-Bortoluzzi-consigloiere-provinciale.jpg","contentUrl":"https:\/\/www.bellunopress.it\/wp-content\/uploads\/2024\/07\/Massimo-Bortoluzzi-consigloiere-provinciale.jpg","width":643,"height":491,"caption":"Massimo Bortoluzzi, gi\u00e0 consigliere provinciale delegato al Demanio idrico e Trasporti, Protezione civile e Difesa del suolo"},{"@type":"BreadcrumbList","@id":"https:\/\/www.bellunopress.it\/2026\/03\/25\/rimborsi-linea-30-dolomitibus-ce-tempo-fino-a-fine-marzo-per-presentare-domanda\/#breadcrumb","itemListElement":[{"@type":"ListItem","position":1,"name":"Home","item":"https:\/\/www.bellunopress.it\/"},{"@type":"ListItem","position":2,"name":"Rimborsi linea 30 Dolomitibus: c&#8217;\u00e8 tempo fino a fine marzo per presentare domanda"}]},{"@type":"WebSite","@id":"https:\/\/www.bellunopress.it\/#website","url":"https:\/\/www.bellunopress.it\/","name":"Bellunopress - Dolomiti","description":"e-mail: redazione@bellunopress.it","publisher":{"@id":"https:\/\/www.bellunopress.it\/#organization"},"potentialAction":[{"@type":"SearchAction","target":{"@type":"EntryPoint","urlTemplate":"https:\/\/www.bellunopress.it\/?s={search_term_string}"},"query-input":{"@type":"PropertyValueSpecification","valueRequired":true,"valueName":"search_term_string"}}],"inLanguage":"fr-FR"},{"@type":"Organization","@id":"https:\/\/www.bellunopress.it\/#organization","name":"Bellunopress","url":"https:\/\/www.bellunopress.it\/","logo":{"@type":"ImageObject","inLanguage":"fr-FR","@id":"https:\/\/www.bellunopress.it\/#\/schema\/logo\/image\/","url":"https:\/\/www.bellunopress.it\/wp-content\/uploads\/2011\/05\/cropped-logo-bellunopress-.jpg","contentUrl":"https:\/\/www.bellunopress.it\/wp-content\/uploads\/2011\/05\/cropped-logo-bellunopress-.jpg","width":512,"height":512,"caption":"Bellunopress"},"image":{"@id":"https:\/\/www.bellunopress.it\/#\/schema\/logo\/image\/"},"sameAs":["https:\/\/www.facebook.com\/profile.php?id=100008943462799","https:\/\/x.com\/bellunopress","https:\/\/www.linkedin.com\/hp\/?dnr=JBzUWaJfMUw8vbXJJ2tVW5-I3jZKvC4wsoxE&amp;amp;amp;amp;amp;amp;trk=nav_responsive_tab_home","https:\/\/www.youtube.com\/channel\/UCxL0wu1uN0_3_7hGG0306cw"]},{"@type":"Person","@id":"https:\/\/www.bellunopress.it\/#\/schema\/person\/79bb06722b37ece1c03d3e94beb30d73","name":"r\u00e9daction","image":{"@type":"ImageObject","inLanguage":"fr-FR","@id":"https:\/\/secure.gravatar.com\/avatar\/37d968a2e67a6fd04c169c4bdef102d0bc5d31b2546345219e348575eb80e9a0?s=96&d=mm&r=g","url":"https:\/\/secure.gravatar.com\/avatar\/37d968a2e67a6fd04c169c4bdef102d0bc5d31b2546345219e348575eb80e9a0?s=96&d=mm&r=g","contentUrl":"https:\/\/secure.gravatar.com\/avatar\/37d968a2e67a6fd04c169c4bdef102d0bc5d31b2546345219e348575eb80e9a0?s=96&d=mm&r=g","caption":"redazione"},"sameAs":["http:\/\/www.bellunopress.it","https:\/\/x.com\/bellunopress"],"url":"https:\/\/www.bellunopress.it\/fr\/author\/redazione\/"}]}},"_links":{"self":[{"href":"https:\/\/www.bellunopress.it\/fr\/wp-json\/wp\/v2\/posts\/168488","targetHints":{"allow":["GET"]}}],"collection":[{"href":"https:\/\/www.bellunopress.it\/fr\/wp-json\/wp\/v2\/posts"}],"about":[{"href":"https:\/\/www.bellunopress.it\/fr\/wp-json\/wp\/v2\/types\/post"}],"author":[{"embeddable":true,"href":"https:\/\/www.bellunopress.it\/fr\/wp-json\/wp\/v2\/users\/2"}],"replies":[{"embeddable":true,"href":"https:\/\/www.bellunopress.it\/fr\/wp-json\/wp\/v2\/comments?post=168488"}],"version-history":[{"count":1,"href":"https:\/\/www.bellunopress.it\/fr\/wp-json\/wp\/v2\/posts\/168488\/revisions"}],"predecessor-version":[{"id":168489,"href":"https:\/\/www.bellunopress.it\/fr\/wp-json\/wp\/v2\/posts\/168488\/revisions\/168489"}],"wp:featuredmedia":[{"embeddable":true,"href":"https:\/\/www.bellunopress.it\/fr\/wp-json\/wp\/v2\/media\/152663"}],"wp:attachment":[{"href":"https:\/\/www.bellunopress.it\/fr\/wp-json\/wp\/v2\/media?parent=168488"}],"wp:term":[{"taxonomy":"category","embeddable":true,"href":"https:\/\/www.bellunopress.it\/fr\/wp-json\/wp\/v2\/categories?post=168488"},{"taxonomy":"post_tag","embeddable":true,"href":"https:\/\/www.bellunopress.it\/fr\/wp-json\/wp\/v2\/tags?post=168488"}],"curies":[{"name":"wp","href":"https:\/\/api.w.org\/{rel}","templated":true}]}}