{"id":168480,"date":"2026-03-25T13:39:06","date_gmt":"2026-03-25T12:39:06","guid":{"rendered":"https:\/\/www.bellunopress.it\/?p=168480"},"modified":"2026-03-25T13:39:06","modified_gmt":"2026-03-25T12:39:06","slug":"operazione-antidroga-a-seregno-13-arresti-coinvolto-anche-un-residente-di-feltre","status":"publish","type":"post","link":"https:\/\/www.bellunopress.it\/fr\/2026\/03\/25\/operazione-antidroga-a-seregno-13-arresti-coinvolto-anche-un-residente-di-feltre\/","title":{"rendered":"Operazione antidroga a Seregno: 13 arresti, coinvolto anche un residente di Feltre"},"content":{"rendered":"<p data-path-to-node=\"3\">Seregno\/Feltre\u00a0\u2013 Una vasta operazione antidroga condotta dai Carabinieri di Seregno ha smantellato una fitta rete di spaccio che operava tra la Brianza e il Milanese, con ramificazioni che arrivano fino al Veneto. Tra i 13 destinatari delle misure cautelari eseguite all&#8217;alba di mercoled\u00ec 25 marzo 2026, figura infatti anche un indagato residente a Feltre.<\/p>\n<p data-path-to-node=\"5\">Il blitz \u00e8 scattato nelle prime ore del mattino, coordinato dal Comando Provinciale di Monza Brianza. Data la residenza di uno dei soggetti coinvolti, l&#8217;operazione ha visto il supporto operativo dei Carabinieri del Comando Provinciale di Belluno, che hanno collaborato per l&#8217;esecuzione del provvedimento nel territorio feltrino.<\/p>\n<p data-path-to-node=\"6\">L&#8217;ordinanza, emessa dal G.I.P. del Tribunale di Monza su richiesta della locale Procura, riguarda 13 persone di et\u00e0 compresa tra i 27 e i 52 anni. Mentre per un uomo di Mariano Comense si sono aperte le porte del carcere, per gli altri indagati \u2014 distribuiti tra vari comuni lombardi e, appunto, Feltre \u2014 il giudice ha disposto misure che vanno dagli arresti domiciliari all&#8217;obbligo di dimora.<\/p>\n<p data-path-to-node=\"8\">L\u2019inchiesta ha preso il via nel settembre 2024, in seguito all&#8217;arresto a Giussano di una coppia trovata con 185 grammi di cocaina. Da quel momento, i militari della Sezione Operativa di Seregno hanno avviato una complessa attivit\u00e0 tecnica fatta di intercettazioni e pedinamenti, ricostruendo un giro d\u2019affari imponente.<\/p>\n<p data-path-to-node=\"9\">Nel corso dell&#8217;indagine, i numeri del traffico sono emersi in tutta la loro gravit\u00e0:<\/p>\n<ul data-path-to-node=\"10\">\n<li>\n<p data-path-to-node=\"10,0,0\">4,5 kg di cocaina sequestrati;<\/p>\n<\/li>\n<li>\n<p data-path-to-node=\"10,1,0\">13,5 kg di hashish;<\/p>\n<\/li>\n<li>\n<p data-path-to-node=\"10,2,0\">5 kg di marijuana;<\/p>\n<\/li>\n<li>\n<p data-path-to-node=\"10,3,0\">65.000 euro in contanti, ritenuti provento dell&#8217;attivit\u00e0 illecita.<\/p>\n<\/li>\n<\/ul>\n<h3 data-path-to-node=\"11\">Le misure cautelari<\/h3>\n<p data-path-to-node=\"12\">Oltre ai numerosi sequestri effettuati in flagranza durante i mesi di indagine, l&#8217;operazione di mercoled\u00ec ha portato alla definitiva applicazione delle misure:<\/p>\n<ol start=\"1\" data-path-to-node=\"13\">\n<li>\n<p data-path-to-node=\"13,0,0\">1 custodia cautelare in carcere;<\/p>\n<\/li>\n<li>\n<p data-path-to-node=\"13,1,0\">9 arresti domiciliari;<\/p>\n<\/li>\n<li>\n<p data-path-to-node=\"13,2,0\">3 obblighi di dimora con divieto di uscire durante le ore notturne.<\/p>\n<\/li>\n<\/ol>\n<p data-path-to-node=\"14\">Per i soggetti sottoposti all&#8217;obbligo di dimora (tra cui rientrano le posizioni meno gravi della rete), il provvedimento impone la permanenza forzata nel comune di residenza.<\/p>\n<p data-path-to-node=\"15\">\u00c8 doveroso ricordare che, nonostante la gravit\u00e0 degli indizi raccolti, tutti i soggetti coinvolti sono da ritenersi innocenti fino a un&#8217;eventuale sentenza definitiva di condanna.<\/p>\n<blockquote data-path-to-node=\"17\">\n<h6 style=\"text-align: left;\" data-path-to-node=\"17,0\">Le indagini proseguono per accertare se la posizione dell&#8217;indagato feltrino servisse da ponte per lo spaccio nel territorio bellunese o se il coinvolgimento sia legato a dinamiche interne alla rete lombarda.<\/h6>\n<\/blockquote>","protected":false},"excerpt":{"rendered":"<p>Seregno\/Feltre\u00a0\u2013 Una vasta operazione antidroga condotta dai Carabinieri di Seregno ha smantellato una fitta rete di spaccio che operava tra la Brianza e il Milanese, con ramificazioni che arrivano fino al Veneto. Tra i 13 destinatari delle misure cautelari eseguite all&#8217;alba di mercoled\u00ec 25 marzo 2026, figura infatti anche un indagato residente a Feltre. Il [&hellip;]<\/p>\n","protected":false},"author":2,"featured_media":158615,"comment_status":"closed","ping_status":"open","sticky":false,"template":"","format":"standard","meta":{"footnotes":""},"categories":[5,26],"tags":[],"class_list":["post-168480","post","type-post","status-publish","format-standard","has-post-thumbnail","category-cronaca","category-prima-pagina"],"yoast_head":"<!-- This site is optimized with the Yoast SEO plugin v28.4 - https:\/\/yoast.com\/product\/yoast-seo-wordpress\/ -->\n<title>Operazione antidroga a Seregno: 13 arresti, coinvolto anche un residente di Feltre - Bellunopress - Dolomiti<\/title>\n<meta name=\"robots\" content=\"index, follow, max-snippet:-1, max-image-preview:large, max-video-preview:-1\" \/>\n<link rel=\"canonical\" href=\"https:\/\/www.bellunopress.it\/fr\/2026\/03\/25\/operazione-antidroga-a-seregno-13-arresti-coinvolto-anche-un-residente-di-feltre\/\" \/>\n<meta property=\"og:locale\" content=\"fr_FR\" \/>\n<meta property=\"og:type\" content=\"article\" \/>\n<meta property=\"og:title\" content=\"Operazione antidroga a Seregno: 13 arresti, coinvolto anche un residente di Feltre - Bellunopress - Dolomiti\" \/>\n<meta property=\"og:description\" content=\"Seregno\/Feltre\u00a0\u2013 Una vasta operazione antidroga condotta dai Carabinieri di Seregno ha smantellato una fitta rete di spaccio che operava tra la Brianza e il Milanese, con ramificazioni che arrivano fino al Veneto. Tra i 13 destinatari delle misure cautelari eseguite all&#8217;alba di mercoled\u00ec 25 marzo 2026, figura infatti anche un indagato residente a Feltre. Il [&hellip;]\" \/>\n<meta property=\"og:url\" content=\"https:\/\/www.bellunopress.it\/fr\/2026\/03\/25\/operazione-antidroga-a-seregno-13-arresti-coinvolto-anche-un-residente-di-feltre\/\" \/>\n<meta property=\"og:site_name\" content=\"Bellunopress - Dolomiti\" \/>\n<meta property=\"article:publisher\" content=\"https:\/\/www.facebook.com\/profile.php?id=100008943462799\" \/>\n<meta property=\"article:published_time\" content=\"2026-03-25T12:39:06+00:00\" \/>\n<meta property=\"og:image\" content=\"https:\/\/www.bellunopress.it\/wp-content\/uploads\/2025\/03\/comando-carabinieri_edited.jpg\" \/>\n\t<meta property=\"og:image:width\" content=\"1000\" \/>\n\t<meta property=\"og:image:height\" content=\"750\" \/>\n\t<meta property=\"og:image:type\" content=\"image\/jpeg\" \/>\n<meta name=\"author\" content=\"redazione\" \/>\n<meta name=\"twitter:card\" content=\"summary_large_image\" \/>\n<meta name=\"twitter:creator\" content=\"@bellunopress\" \/>\n<meta name=\"twitter:site\" content=\"@bellunopress\" \/>\n<meta name=\"twitter:label1\" content=\"\u00c9crit par\" \/>\n\t<meta name=\"twitter:data1\" content=\"redazione\" \/>\n\t<meta name=\"twitter:label2\" content=\"Dur\u00e9e de lecture estim\u00e9e\" \/>\n\t<meta name=\"twitter:data2\" content=\"2 minutes\" \/>\n<script type=\"application\/ld+json\" class=\"yoast-schema-graph\">{\"@context\":\"https:\\\/\\\/schema.org\",\"@graph\":[{\"@type\":\"Article\",\"@id\":\"https:\\\/\\\/www.bellunopress.it\\\/2026\\\/03\\\/25\\\/operazione-antidroga-a-seregno-13-arresti-coinvolto-anche-un-residente-di-feltre\\\/#article\",\"isPartOf\":{\"@id\":\"https:\\\/\\\/www.bellunopress.it\\\/2026\\\/03\\\/25\\\/operazione-antidroga-a-seregno-13-arresti-coinvolto-anche-un-residente-di-feltre\\\/\"},\"author\":{\"name\":\"redazione\",\"@id\":\"https:\\\/\\\/www.bellunopress.it\\\/#\\\/schema\\\/person\\\/79bb06722b37ece1c03d3e94beb30d73\"},\"headline\":\"Operazione antidroga a Seregno: 13 arresti, coinvolto anche un residente di Feltre\",\"datePublished\":\"2026-03-25T12:39:06+00:00\",\"mainEntityOfPage\":{\"@id\":\"https:\\\/\\\/www.bellunopress.it\\\/2026\\\/03\\\/25\\\/operazione-antidroga-a-seregno-13-arresti-coinvolto-anche-un-residente-di-feltre\\\/\"},\"wordCount\":387,\"publisher\":{\"@id\":\"https:\\\/\\\/www.bellunopress.it\\\/#organization\"},\"image\":{\"@id\":\"https:\\\/\\\/www.bellunopress.it\\\/2026\\\/03\\\/25\\\/operazione-antidroga-a-seregno-13-arresti-coinvolto-anche-un-residente-di-feltre\\\/#primaryimage\"},\"thumbnailUrl\":\"https:\\\/\\\/www.bellunopress.it\\\/wp-content\\\/uploads\\\/2025\\\/03\\\/comando-carabinieri_edited.jpg\",\"articleSection\":[\"Cronaca\\\/Politica\",\"Prima Pagina\"],\"inLanguage\":\"fr-FR\"},{\"@type\":\"WebPage\",\"@id\":\"https:\\\/\\\/www.bellunopress.it\\\/2026\\\/03\\\/25\\\/operazione-antidroga-a-seregno-13-arresti-coinvolto-anche-un-residente-di-feltre\\\/\",\"url\":\"https:\\\/\\\/www.bellunopress.it\\\/2026\\\/03\\\/25\\\/operazione-antidroga-a-seregno-13-arresti-coinvolto-anche-un-residente-di-feltre\\\/\",\"name\":\"Operazione antidroga a Seregno: 13 arresti, coinvolto anche un residente di Feltre - Bellunopress - Dolomiti\",\"isPartOf\":{\"@id\":\"https:\\\/\\\/www.bellunopress.it\\\/#website\"},\"primaryImageOfPage\":{\"@id\":\"https:\\\/\\\/www.bellunopress.it\\\/2026\\\/03\\\/25\\\/operazione-antidroga-a-seregno-13-arresti-coinvolto-anche-un-residente-di-feltre\\\/#primaryimage\"},\"image\":{\"@id\":\"https:\\\/\\\/www.bellunopress.it\\\/2026\\\/03\\\/25\\\/operazione-antidroga-a-seregno-13-arresti-coinvolto-anche-un-residente-di-feltre\\\/#primaryimage\"},\"thumbnailUrl\":\"https:\\\/\\\/www.bellunopress.it\\\/wp-content\\\/uploads\\\/2025\\\/03\\\/comando-carabinieri_edited.jpg\",\"datePublished\":\"2026-03-25T12:39:06+00:00\",\"breadcrumb\":{\"@id\":\"https:\\\/\\\/www.bellunopress.it\\\/2026\\\/03\\\/25\\\/operazione-antidroga-a-seregno-13-arresti-coinvolto-anche-un-residente-di-feltre\\\/#breadcrumb\"},\"inLanguage\":\"fr-FR\",\"potentialAction\":[{\"@type\":\"ReadAction\",\"target\":[\"https:\\\/\\\/www.bellunopress.it\\\/2026\\\/03\\\/25\\\/operazione-antidroga-a-seregno-13-arresti-coinvolto-anche-un-residente-di-feltre\\\/\"]}]},{\"@type\":\"ImageObject\",\"inLanguage\":\"fr-FR\",\"@id\":\"https:\\\/\\\/www.bellunopress.it\\\/2026\\\/03\\\/25\\\/operazione-antidroga-a-seregno-13-arresti-coinvolto-anche-un-residente-di-feltre\\\/#primaryimage\",\"url\":\"https:\\\/\\\/www.bellunopress.it\\\/wp-content\\\/uploads\\\/2025\\\/03\\\/comando-carabinieri_edited.jpg\",\"contentUrl\":\"https:\\\/\\\/www.bellunopress.it\\\/wp-content\\\/uploads\\\/2025\\\/03\\\/comando-carabinieri_edited.jpg\",\"width\":1000,\"height\":750},{\"@type\":\"BreadcrumbList\",\"@id\":\"https:\\\/\\\/www.bellunopress.it\\\/2026\\\/03\\\/25\\\/operazione-antidroga-a-seregno-13-arresti-coinvolto-anche-un-residente-di-feltre\\\/#breadcrumb\",\"itemListElement\":[{\"@type\":\"ListItem\",\"position\":1,\"name\":\"Home\",\"item\":\"https:\\\/\\\/www.bellunopress.it\\\/\"},{\"@type\":\"ListItem\",\"position\":2,\"name\":\"Operazione antidroga a Seregno: 13 arresti, coinvolto anche un residente di Feltre\"}]},{\"@type\":\"WebSite\",\"@id\":\"https:\\\/\\\/www.bellunopress.it\\\/#website\",\"url\":\"https:\\\/\\\/www.bellunopress.it\\\/\",\"name\":\"Bellunopress - Dolomiti\",\"description\":\"e-mail: redazione@bellunopress.it\",\"publisher\":{\"@id\":\"https:\\\/\\\/www.bellunopress.it\\\/#organization\"},\"potentialAction\":[{\"@type\":\"SearchAction\",\"target\":{\"@type\":\"EntryPoint\",\"urlTemplate\":\"https:\\\/\\\/www.bellunopress.it\\\/?s={search_term_string}\"},\"query-input\":{\"@type\":\"PropertyValueSpecification\",\"valueRequired\":true,\"valueName\":\"search_term_string\"}}],\"inLanguage\":\"fr-FR\"},{\"@type\":\"Organization\",\"@id\":\"https:\\\/\\\/www.bellunopress.it\\\/#organization\",\"name\":\"Bellunopress\",\"url\":\"https:\\\/\\\/www.bellunopress.it\\\/\",\"logo\":{\"@type\":\"ImageObject\",\"inLanguage\":\"fr-FR\",\"@id\":\"https:\\\/\\\/www.bellunopress.it\\\/#\\\/schema\\\/logo\\\/image\\\/\",\"url\":\"https:\\\/\\\/www.bellunopress.it\\\/wp-content\\\/uploads\\\/2011\\\/05\\\/cropped-logo-bellunopress-.jpg\",\"contentUrl\":\"https:\\\/\\\/www.bellunopress.it\\\/wp-content\\\/uploads\\\/2011\\\/05\\\/cropped-logo-bellunopress-.jpg\",\"width\":512,\"height\":512,\"caption\":\"Bellunopress\"},\"image\":{\"@id\":\"https:\\\/\\\/www.bellunopress.it\\\/#\\\/schema\\\/logo\\\/image\\\/\"},\"sameAs\":[\"https:\\\/\\\/www.facebook.com\\\/profile.php?id=100008943462799\",\"https:\\\/\\\/x.com\\\/bellunopress\",\"https:\\\/\\\/www.linkedin.com\\\/hp\\\/?dnr=JBzUWaJfMUw8vbXJJ2tVW5-I3jZKvC4wsoxE&amp;amp;amp;amp;amp;amp;trk=nav_responsive_tab_home\",\"https:\\\/\\\/www.youtube.com\\\/channel\\\/UCxL0wu1uN0_3_7hGG0306cw\"]},{\"@type\":\"Person\",\"@id\":\"https:\\\/\\\/www.bellunopress.it\\\/#\\\/schema\\\/person\\\/79bb06722b37ece1c03d3e94beb30d73\",\"name\":\"redazione\",\"image\":{\"@type\":\"ImageObject\",\"inLanguage\":\"fr-FR\",\"@id\":\"https:\\\/\\\/secure.gravatar.com\\\/avatar\\\/37d968a2e67a6fd04c169c4bdef102d0bc5d31b2546345219e348575eb80e9a0?s=96&d=mm&r=g\",\"url\":\"https:\\\/\\\/secure.gravatar.com\\\/avatar\\\/37d968a2e67a6fd04c169c4bdef102d0bc5d31b2546345219e348575eb80e9a0?s=96&d=mm&r=g\",\"contentUrl\":\"https:\\\/\\\/secure.gravatar.com\\\/avatar\\\/37d968a2e67a6fd04c169c4bdef102d0bc5d31b2546345219e348575eb80e9a0?s=96&d=mm&r=g\",\"caption\":\"redazione\"},\"sameAs\":[\"http:\\\/\\\/www.bellunopress.it\",\"https:\\\/\\\/x.com\\\/bellunopress\"],\"url\":\"https:\\\/\\\/www.bellunopress.it\\\/fr\\\/author\\\/redazione\\\/\"}]}<\/script>\n<!-- \/ Yoast SEO plugin. -->","yoast_head_json":{"title":"Operazione antidroga a Seregno: 13 arresti, coinvolto anche un residente di Feltre - Bellunopress - Dolomiti","robots":{"index":"index","follow":"follow","max-snippet":"max-snippet:-1","max-image-preview":"max-image-preview:large","max-video-preview":"max-video-preview:-1"},"canonical":"https:\/\/www.bellunopress.it\/fr\/2026\/03\/25\/operazione-antidroga-a-seregno-13-arresti-coinvolto-anche-un-residente-di-feltre\/","og_locale":"fr_FR","og_type":"article","og_title":"Operazione antidroga a Seregno: 13 arresti, coinvolto anche un residente di Feltre - Bellunopress - Dolomiti","og_description":"Seregno\/Feltre\u00a0\u2013 Una vasta operazione antidroga condotta dai Carabinieri di Seregno ha smantellato una fitta rete di spaccio che operava tra la Brianza e il Milanese, con ramificazioni che arrivano fino al Veneto. Tra i 13 destinatari delle misure cautelari eseguite all&#8217;alba di mercoled\u00ec 25 marzo 2026, figura infatti anche un indagato residente a Feltre. Il [&hellip;]","og_url":"https:\/\/www.bellunopress.it\/fr\/2026\/03\/25\/operazione-antidroga-a-seregno-13-arresti-coinvolto-anche-un-residente-di-feltre\/","og_site_name":"Bellunopress - Dolomiti","article_publisher":"https:\/\/www.facebook.com\/profile.php?id=100008943462799","article_published_time":"2026-03-25T12:39:06+00:00","og_image":[{"width":1000,"height":750,"url":"https:\/\/www.bellunopress.it\/wp-content\/uploads\/2025\/03\/comando-carabinieri_edited.jpg","type":"image\/jpeg"}],"author":"redazione","twitter_card":"summary_large_image","twitter_creator":"@bellunopress","twitter_site":"@bellunopress","twitter_misc":{"\u00c9crit par":"redazione","Dur\u00e9e de lecture estim\u00e9e":"2 minutes"},"schema":{"@context":"https:\/\/schema.org","@graph":[{"@type":"Article","@id":"https:\/\/www.bellunopress.it\/2026\/03\/25\/operazione-antidroga-a-seregno-13-arresti-coinvolto-anche-un-residente-di-feltre\/#article","isPartOf":{"@id":"https:\/\/www.bellunopress.it\/2026\/03\/25\/operazione-antidroga-a-seregno-13-arresti-coinvolto-anche-un-residente-di-feltre\/"},"author":{"name":"redazione","@id":"https:\/\/www.bellunopress.it\/#\/schema\/person\/79bb06722b37ece1c03d3e94beb30d73"},"headline":"Operazione antidroga a Seregno: 13 arresti, coinvolto anche un residente di Feltre","datePublished":"2026-03-25T12:39:06+00:00","mainEntityOfPage":{"@id":"https:\/\/www.bellunopress.it\/2026\/03\/25\/operazione-antidroga-a-seregno-13-arresti-coinvolto-anche-un-residente-di-feltre\/"},"wordCount":387,"publisher":{"@id":"https:\/\/www.bellunopress.it\/#organization"},"image":{"@id":"https:\/\/www.bellunopress.it\/2026\/03\/25\/operazione-antidroga-a-seregno-13-arresti-coinvolto-anche-un-residente-di-feltre\/#primaryimage"},"thumbnailUrl":"https:\/\/www.bellunopress.it\/wp-content\/uploads\/2025\/03\/comando-carabinieri_edited.jpg","articleSection":["Cronaca\/Politica","Prima Pagina"],"inLanguage":"fr-FR"},{"@type":"WebPage","@id":"https:\/\/www.bellunopress.it\/2026\/03\/25\/operazione-antidroga-a-seregno-13-arresti-coinvolto-anche-un-residente-di-feltre\/","url":"https:\/\/www.bellunopress.it\/2026\/03\/25\/operazione-antidroga-a-seregno-13-arresti-coinvolto-anche-un-residente-di-feltre\/","name":"Operazione antidroga a Seregno: 13 arresti, coinvolto anche un residente di Feltre - Bellunopress - Dolomiti","isPartOf":{"@id":"https:\/\/www.bellunopress.it\/#website"},"primaryImageOfPage":{"@id":"https:\/\/www.bellunopress.it\/2026\/03\/25\/operazione-antidroga-a-seregno-13-arresti-coinvolto-anche-un-residente-di-feltre\/#primaryimage"},"image":{"@id":"https:\/\/www.bellunopress.it\/2026\/03\/25\/operazione-antidroga-a-seregno-13-arresti-coinvolto-anche-un-residente-di-feltre\/#primaryimage"},"thumbnailUrl":"https:\/\/www.bellunopress.it\/wp-content\/uploads\/2025\/03\/comando-carabinieri_edited.jpg","datePublished":"2026-03-25T12:39:06+00:00","breadcrumb":{"@id":"https:\/\/www.bellunopress.it\/2026\/03\/25\/operazione-antidroga-a-seregno-13-arresti-coinvolto-anche-un-residente-di-feltre\/#breadcrumb"},"inLanguage":"fr-FR","potentialAction":[{"@type":"ReadAction","target":["https:\/\/www.bellunopress.it\/2026\/03\/25\/operazione-antidroga-a-seregno-13-arresti-coinvolto-anche-un-residente-di-feltre\/"]}]},{"@type":"ImageObject","inLanguage":"fr-FR","@id":"https:\/\/www.bellunopress.it\/2026\/03\/25\/operazione-antidroga-a-seregno-13-arresti-coinvolto-anche-un-residente-di-feltre\/#primaryimage","url":"https:\/\/www.bellunopress.it\/wp-content\/uploads\/2025\/03\/comando-carabinieri_edited.jpg","contentUrl":"https:\/\/www.bellunopress.it\/wp-content\/uploads\/2025\/03\/comando-carabinieri_edited.jpg","width":1000,"height":750},{"@type":"BreadcrumbList","@id":"https:\/\/www.bellunopress.it\/2026\/03\/25\/operazione-antidroga-a-seregno-13-arresti-coinvolto-anche-un-residente-di-feltre\/#breadcrumb","itemListElement":[{"@type":"ListItem","position":1,"name":"Home","item":"https:\/\/www.bellunopress.it\/"},{"@type":"ListItem","position":2,"name":"Operazione antidroga a Seregno: 13 arresti, coinvolto anche un residente di Feltre"}]},{"@type":"WebSite","@id":"https:\/\/www.bellunopress.it\/#website","url":"https:\/\/www.bellunopress.it\/","name":"Bellunopress - Dolomiti","description":"e-mail: redazione@bellunopress.it","publisher":{"@id":"https:\/\/www.bellunopress.it\/#organization"},"potentialAction":[{"@type":"SearchAction","target":{"@type":"EntryPoint","urlTemplate":"https:\/\/www.bellunopress.it\/?s={search_term_string}"},"query-input":{"@type":"PropertyValueSpecification","valueRequired":true,"valueName":"search_term_string"}}],"inLanguage":"fr-FR"},{"@type":"Organization","@id":"https:\/\/www.bellunopress.it\/#organization","name":"Bellunopress","url":"https:\/\/www.bellunopress.it\/","logo":{"@type":"ImageObject","inLanguage":"fr-FR","@id":"https:\/\/www.bellunopress.it\/#\/schema\/logo\/image\/","url":"https:\/\/www.bellunopress.it\/wp-content\/uploads\/2011\/05\/cropped-logo-bellunopress-.jpg","contentUrl":"https:\/\/www.bellunopress.it\/wp-content\/uploads\/2011\/05\/cropped-logo-bellunopress-.jpg","width":512,"height":512,"caption":"Bellunopress"},"image":{"@id":"https:\/\/www.bellunopress.it\/#\/schema\/logo\/image\/"},"sameAs":["https:\/\/www.facebook.com\/profile.php?id=100008943462799","https:\/\/x.com\/bellunopress","https:\/\/www.linkedin.com\/hp\/?dnr=JBzUWaJfMUw8vbXJJ2tVW5-I3jZKvC4wsoxE&amp;amp;amp;amp;amp;amp;trk=nav_responsive_tab_home","https:\/\/www.youtube.com\/channel\/UCxL0wu1uN0_3_7hGG0306cw"]},{"@type":"Person","@id":"https:\/\/www.bellunopress.it\/#\/schema\/person\/79bb06722b37ece1c03d3e94beb30d73","name":"r\u00e9daction","image":{"@type":"ImageObject","inLanguage":"fr-FR","@id":"https:\/\/secure.gravatar.com\/avatar\/37d968a2e67a6fd04c169c4bdef102d0bc5d31b2546345219e348575eb80e9a0?s=96&d=mm&r=g","url":"https:\/\/secure.gravatar.com\/avatar\/37d968a2e67a6fd04c169c4bdef102d0bc5d31b2546345219e348575eb80e9a0?s=96&d=mm&r=g","contentUrl":"https:\/\/secure.gravatar.com\/avatar\/37d968a2e67a6fd04c169c4bdef102d0bc5d31b2546345219e348575eb80e9a0?s=96&d=mm&r=g","caption":"redazione"},"sameAs":["http:\/\/www.bellunopress.it","https:\/\/x.com\/bellunopress"],"url":"https:\/\/www.bellunopress.it\/fr\/author\/redazione\/"}]}},"_links":{"self":[{"href":"https:\/\/www.bellunopress.it\/fr\/wp-json\/wp\/v2\/posts\/168480","targetHints":{"allow":["GET"]}}],"collection":[{"href":"https:\/\/www.bellunopress.it\/fr\/wp-json\/wp\/v2\/posts"}],"about":[{"href":"https:\/\/www.bellunopress.it\/fr\/wp-json\/wp\/v2\/types\/post"}],"author":[{"embeddable":true,"href":"https:\/\/www.bellunopress.it\/fr\/wp-json\/wp\/v2\/users\/2"}],"replies":[{"embeddable":true,"href":"https:\/\/www.bellunopress.it\/fr\/wp-json\/wp\/v2\/comments?post=168480"}],"version-history":[{"count":1,"href":"https:\/\/www.bellunopress.it\/fr\/wp-json\/wp\/v2\/posts\/168480\/revisions"}],"predecessor-version":[{"id":168481,"href":"https:\/\/www.bellunopress.it\/fr\/wp-json\/wp\/v2\/posts\/168480\/revisions\/168481"}],"wp:featuredmedia":[{"embeddable":true,"href":"https:\/\/www.bellunopress.it\/fr\/wp-json\/wp\/v2\/media\/158615"}],"wp:attachment":[{"href":"https:\/\/www.bellunopress.it\/fr\/wp-json\/wp\/v2\/media?parent=168480"}],"wp:term":[{"taxonomy":"category","embeddable":true,"href":"https:\/\/www.bellunopress.it\/fr\/wp-json\/wp\/v2\/categories?post=168480"},{"taxonomy":"post_tag","embeddable":true,"href":"https:\/\/www.bellunopress.it\/fr\/wp-json\/wp\/v2\/tags?post=168480"}],"curies":[{"name":"wp","href":"https:\/\/api.w.org\/{rel}","templated":true}]}}