{"id":168474,"date":"2026-03-25T09:37:37","date_gmt":"2026-03-25T08:37:37","guid":{"rendered":"https:\/\/www.bellunopress.it\/?p=168474"},"modified":"2026-03-25T09:37:37","modified_gmt":"2026-03-25T08:37:37","slug":"tra-slitta-inclusione-e-futuro-flavio-menardi-incanta-i-giovani-al-museo-etnografico-dolomiti","status":"publish","type":"post","link":"https:\/\/www.bellunopress.it\/fr\/2026\/03\/25\/tra-slitta-inclusione-e-futuro-flavio-menardi-incanta-i-giovani-al-museo-etnografico-dolomiti\/","title":{"rendered":"Tra slitta, inclusione e futuro: Flavio Menardi incanta i giovani al Museo Etnografico Dolomiti"},"content":{"rendered":"<p><strong>La visita speciale con l&#8217;atleta alla mostra &#8220;La slitta fra tradizione, gioco e competizione&#8221; diventa occasione di confronto con gli studenti dell&#8217;Istituto Agrario di Vellai e la consigliera De Francesch<\/strong><\/p>\n<p>Cesiomaggiore, 25\/03\/2026 &#8211; Un incontro che unisce sport, memoria e nuove generazioni: nel pomeriggio di ieri, marted\u00ec 24 marzo, il Museo Etnografico Dolomiti di Cesiomaggiore ha ospitato Flavio Menardi per una visita speciale alla mostra &#8220;La slitta fra tradizione, gioco e competizione&#8221;, promossa dalla Provincia di Belluno in collaborazione con Fondazione Cortina nell&#8217;ambito del progetto #SCIVOLARE.<\/p>\n<p>Accanto alla direttrice e curatrice Cristina Busatta, l&#8217;atleta ha attraversato il percorso espositivo offrendo una lettura contemporanea dei temi della mostra, tra sport, identit\u00e0 e inclusione. All&#8217;incontro ha preso parte anche la consigliera provinciale con delega all&#8217;istruzione Vanessa De Francesch, a sottolineare il valore educativo e territoriale dell&#8217;iniziativa.<\/p>\n<p>Protagonisti anche gli studenti dell&#8217;Istituto Agrario di Vellai: la loro partecipazione ha trasformato la visita in un momento dinamico e partecipato tra domande, curiosit\u00e0 e riflessioni che hanno dato vita a un confronto diretto con Menardi, capace di raccontare non solo il proprio percorso sportivo, ma anche una storia personale di determinazione e riscatto.<\/p>\n<p>\u00ab\u00c8 stato particolarmente significativo coinvolgere i giovani studenti in questa visita speciale, pensata come un momento di crescita e confronto\u00bb, ha sottolineato la consigliera Vanessa De Francesch. \u00abSi tratta di un&#8217;esposizione di grande valore, che racconta il nostro passato con uno sguardo rivolto alle nuove generazioni e al futuro, anche in vista dei Giochi Olimpici Giovanili Invernali di Cortina 2028. Flavio Menardi ci ha parlato di vita, oltre che di sport: una fonte autentica di ispirazione e ottimismo, soprattutto per i ragazzi\u00bb.<\/p>\n<p>Un dialogo autentico, che ha reso l&#8217;esperienza qualcosa di pi\u00f9 di una semplice visita: un&#8217;occasione di scambio tra generazioni, dove lo sport si \u00e8 fatto linguaggio comune.<\/p>\n<p>\u00abQuesta mostra racconta molto pi\u00f9 di un oggetto: racconta un modo di vivere la montagna, fatto di comunit\u00e0, ingegno e memoria condivisa\u00bb, sottolinea la curatrice Cristina Busatta. \u00abOggi, dopo le Paralimpiadi di Milano Cortina, questo racconto acquista un significato ancora pi\u00f9 profondo: ci ricorda\u00a0che la tradizione non \u00e8 qualcosa di fermo nel passato, ma una base da cui continuare a costruire nuove forme di sport, inclusione e futuro\u00bb.<\/p>\n<p>La presenza dell&#8217;atleta ha rafforzato il valore simbolico della mostra, che dedica spazio anche allo sport paralimpico, esponendo uno slittino per Para Ice Hockey: segno concreto di come la slitta, da oggetto della tradizione, sia oggi anche strumento di inclusione e innovazione.<\/p>\n<p>\u00abNon esistono limiti che non possano essere ripensati\u00bb, commenta Flavio Menardi. \u00abLe Paralimpiadi di Milano Cortina hanno acceso i riflettori su quanto lo sport possa cambiare lo sguardo delle persone, sulla disabilit\u00e0 e sulle possibilit\u00e0 di ciascuno. Lo sport ti mette alla prova, ti costringe a reinventarti, ma ti insegna anche che ogni ostacolo pu\u00f2 diventare una nuova partenza. Se questo messaggio arriva ai ragazzi, allora incontri come questo hanno davvero senso: significa lasciare qualcosa che va oltre la gara, oltre il risultato\u00bb.<\/p>\n<p><strong>Dalle slitte di un tempo allo sport di oggi<\/strong><\/p>\n<p>Visitabile fino al 30 aprile 2026, &#8220;La slitta fra tradizione, gioco e competizione&#8221; accompagna il visitatore in un viaggio che parte dalle pratiche quotidiane delle comunit\u00e0 dolomitiche \u2014 lavoro, gioco, vita sulla neve \u2014 e arriva fino alle discipline olimpiche e paralimpiche contemporanee.<\/p>\n<p>Tra slitte storiche, materiali d&#8217;archivio e installazioni multimediali, la mostra restituisce un patrimonio culturale fatto di memoria collettiva e trasformazione, oggi pi\u00f9 che dopo il grande successo dei Giochi Olimpici e Paralimpici Milano Cortina 2026 e in vista dei Giochi Olimpici Giovanili Invernali 2028.<\/p>\n<p>&nbsp;<\/p>","protected":false},"excerpt":{"rendered":"<p>La visita speciale con l&#8217;atleta alla mostra &#8220;La slitta fra tradizione, gioco e competizione&#8221; diventa occasione di confronto con gli studenti dell&#8217;Istituto Agrario di Vellai e la consigliera De Francesch Cesiomaggiore, 25\/03\/2026 &#8211; Un incontro che unisce sport, memoria e nuove generazioni: nel pomeriggio di ieri, marted\u00ec 24 marzo, il Museo Etnografico Dolomiti di Cesiomaggiore [&hellip;]<\/p>\n","protected":false},"author":2,"featured_media":168475,"comment_status":"closed","ping_status":"open","sticky":false,"template":"","format":"standard","meta":{"footnotes":""},"categories":[26,8,4],"tags":[],"class_list":["post-168474","post","type-post","status-publish","format-standard","has-post-thumbnail","category-prima-pagina","category-societa-istituzioni","category-sport"],"yoast_head":"<!-- This site is optimized with the Yoast SEO plugin v28.4 - https:\/\/yoast.com\/product\/yoast-seo-wordpress\/ -->\n<title>Tra slitta, inclusione e futuro: Flavio Menardi incanta i giovani al Museo Etnografico Dolomiti - Bellunopress - Dolomiti<\/title>\n<meta name=\"robots\" content=\"index, follow, max-snippet:-1, max-image-preview:large, max-video-preview:-1\" \/>\n<link rel=\"canonical\" href=\"https:\/\/www.bellunopress.it\/fr\/2026\/03\/25\/tra-slitta-inclusione-e-futuro-flavio-menardi-incanta-i-giovani-al-museo-etnografico-dolomiti\/\" \/>\n<meta property=\"og:locale\" content=\"fr_FR\" \/>\n<meta property=\"og:type\" content=\"article\" \/>\n<meta property=\"og:title\" content=\"Tra slitta, inclusione e futuro: Flavio Menardi incanta i giovani al Museo Etnografico Dolomiti - Bellunopress - Dolomiti\" \/>\n<meta property=\"og:description\" content=\"La visita speciale con l&#8217;atleta alla mostra &#8220;La slitta fra tradizione, gioco e competizione&#8221; diventa occasione di confronto con gli studenti dell&#8217;Istituto Agrario di Vellai e la consigliera De Francesch Cesiomaggiore, 25\/03\/2026 &#8211; Un incontro che unisce sport, memoria e nuove generazioni: nel pomeriggio di ieri, marted\u00ec 24 marzo, il Museo Etnografico Dolomiti di Cesiomaggiore [&hellip;]\" \/>\n<meta property=\"og:url\" content=\"https:\/\/www.bellunopress.it\/fr\/2026\/03\/25\/tra-slitta-inclusione-e-futuro-flavio-menardi-incanta-i-giovani-al-museo-etnografico-dolomiti\/\" \/>\n<meta property=\"og:site_name\" content=\"Bellunopress - Dolomiti\" \/>\n<meta property=\"article:publisher\" content=\"https:\/\/www.facebook.com\/profile.php?id=100008943462799\" \/>\n<meta property=\"article:published_time\" content=\"2026-03-25T08:37:37+00:00\" \/>\n<meta property=\"og:image\" content=\"https:\/\/www.bellunopress.it\/wp-content\/uploads\/2026\/03\/Flavio-Menardi.jpg\" \/>\n\t<meta property=\"og:image:width\" content=\"439\" \/>\n\t<meta property=\"og:image:height\" content=\"500\" \/>\n\t<meta property=\"og:image:type\" content=\"image\/jpeg\" \/>\n<meta name=\"author\" content=\"redazione\" \/>\n<meta name=\"twitter:card\" content=\"summary_large_image\" \/>\n<meta name=\"twitter:creator\" content=\"@bellunopress\" \/>\n<meta name=\"twitter:site\" content=\"@bellunopress\" \/>\n<meta name=\"twitter:label1\" content=\"\u00c9crit par\" \/>\n\t<meta name=\"twitter:data1\" content=\"redazione\" \/>\n\t<meta name=\"twitter:label2\" content=\"Dur\u00e9e de lecture estim\u00e9e\" \/>\n\t<meta name=\"twitter:data2\" content=\"3 minutes\" \/>\n<script type=\"application\/ld+json\" class=\"yoast-schema-graph\">{\"@context\":\"https:\\\/\\\/schema.org\",\"@graph\":[{\"@type\":\"Article\",\"@id\":\"https:\\\/\\\/www.bellunopress.it\\\/2026\\\/03\\\/25\\\/tra-slitta-inclusione-e-futuro-flavio-menardi-incanta-i-giovani-al-museo-etnografico-dolomiti\\\/#article\",\"isPartOf\":{\"@id\":\"https:\\\/\\\/www.bellunopress.it\\\/2026\\\/03\\\/25\\\/tra-slitta-inclusione-e-futuro-flavio-menardi-incanta-i-giovani-al-museo-etnografico-dolomiti\\\/\"},\"author\":{\"name\":\"redazione\",\"@id\":\"https:\\\/\\\/www.bellunopress.it\\\/#\\\/schema\\\/person\\\/79bb06722b37ece1c03d3e94beb30d73\"},\"headline\":\"Tra slitta, inclusione e futuro: Flavio Menardi incanta i giovani al Museo Etnografico Dolomiti\",\"datePublished\":\"2026-03-25T08:37:37+00:00\",\"mainEntityOfPage\":{\"@id\":\"https:\\\/\\\/www.bellunopress.it\\\/2026\\\/03\\\/25\\\/tra-slitta-inclusione-e-futuro-flavio-menardi-incanta-i-giovani-al-museo-etnografico-dolomiti\\\/\"},\"wordCount\":603,\"publisher\":{\"@id\":\"https:\\\/\\\/www.bellunopress.it\\\/#organization\"},\"image\":{\"@id\":\"https:\\\/\\\/www.bellunopress.it\\\/2026\\\/03\\\/25\\\/tra-slitta-inclusione-e-futuro-flavio-menardi-incanta-i-giovani-al-museo-etnografico-dolomiti\\\/#primaryimage\"},\"thumbnailUrl\":\"https:\\\/\\\/www.bellunopress.it\\\/wp-content\\\/uploads\\\/2026\\\/03\\\/Flavio-Menardi.jpg\",\"articleSection\":[\"Prima Pagina\",\"Societ\u00e0, Associazioni, Istituzioni\",\"Sport, tempo libero\"],\"inLanguage\":\"fr-FR\"},{\"@type\":\"WebPage\",\"@id\":\"https:\\\/\\\/www.bellunopress.it\\\/2026\\\/03\\\/25\\\/tra-slitta-inclusione-e-futuro-flavio-menardi-incanta-i-giovani-al-museo-etnografico-dolomiti\\\/\",\"url\":\"https:\\\/\\\/www.bellunopress.it\\\/2026\\\/03\\\/25\\\/tra-slitta-inclusione-e-futuro-flavio-menardi-incanta-i-giovani-al-museo-etnografico-dolomiti\\\/\",\"name\":\"Tra slitta, inclusione e futuro: Flavio Menardi incanta i giovani al Museo Etnografico Dolomiti - Bellunopress - Dolomiti\",\"isPartOf\":{\"@id\":\"https:\\\/\\\/www.bellunopress.it\\\/#website\"},\"primaryImageOfPage\":{\"@id\":\"https:\\\/\\\/www.bellunopress.it\\\/2026\\\/03\\\/25\\\/tra-slitta-inclusione-e-futuro-flavio-menardi-incanta-i-giovani-al-museo-etnografico-dolomiti\\\/#primaryimage\"},\"image\":{\"@id\":\"https:\\\/\\\/www.bellunopress.it\\\/2026\\\/03\\\/25\\\/tra-slitta-inclusione-e-futuro-flavio-menardi-incanta-i-giovani-al-museo-etnografico-dolomiti\\\/#primaryimage\"},\"thumbnailUrl\":\"https:\\\/\\\/www.bellunopress.it\\\/wp-content\\\/uploads\\\/2026\\\/03\\\/Flavio-Menardi.jpg\",\"datePublished\":\"2026-03-25T08:37:37+00:00\",\"breadcrumb\":{\"@id\":\"https:\\\/\\\/www.bellunopress.it\\\/2026\\\/03\\\/25\\\/tra-slitta-inclusione-e-futuro-flavio-menardi-incanta-i-giovani-al-museo-etnografico-dolomiti\\\/#breadcrumb\"},\"inLanguage\":\"fr-FR\",\"potentialAction\":[{\"@type\":\"ReadAction\",\"target\":[\"https:\\\/\\\/www.bellunopress.it\\\/2026\\\/03\\\/25\\\/tra-slitta-inclusione-e-futuro-flavio-menardi-incanta-i-giovani-al-museo-etnografico-dolomiti\\\/\"]}]},{\"@type\":\"ImageObject\",\"inLanguage\":\"fr-FR\",\"@id\":\"https:\\\/\\\/www.bellunopress.it\\\/2026\\\/03\\\/25\\\/tra-slitta-inclusione-e-futuro-flavio-menardi-incanta-i-giovani-al-museo-etnografico-dolomiti\\\/#primaryimage\",\"url\":\"https:\\\/\\\/www.bellunopress.it\\\/wp-content\\\/uploads\\\/2026\\\/03\\\/Flavio-Menardi.jpg\",\"contentUrl\":\"https:\\\/\\\/www.bellunopress.it\\\/wp-content\\\/uploads\\\/2026\\\/03\\\/Flavio-Menardi.jpg\",\"width\":439,\"height\":500,\"caption\":\"Flavio Menardi - Campione del mondo Para Bob a St. Moritz-Celerina 2026\"},{\"@type\":\"BreadcrumbList\",\"@id\":\"https:\\\/\\\/www.bellunopress.it\\\/2026\\\/03\\\/25\\\/tra-slitta-inclusione-e-futuro-flavio-menardi-incanta-i-giovani-al-museo-etnografico-dolomiti\\\/#breadcrumb\",\"itemListElement\":[{\"@type\":\"ListItem\",\"position\":1,\"name\":\"Home\",\"item\":\"https:\\\/\\\/www.bellunopress.it\\\/\"},{\"@type\":\"ListItem\",\"position\":2,\"name\":\"Tra slitta, inclusione e futuro: Flavio Menardi incanta i giovani al Museo Etnografico Dolomiti\"}]},{\"@type\":\"WebSite\",\"@id\":\"https:\\\/\\\/www.bellunopress.it\\\/#website\",\"url\":\"https:\\\/\\\/www.bellunopress.it\\\/\",\"name\":\"Bellunopress - Dolomiti\",\"description\":\"e-mail: redazione@bellunopress.it\",\"publisher\":{\"@id\":\"https:\\\/\\\/www.bellunopress.it\\\/#organization\"},\"potentialAction\":[{\"@type\":\"SearchAction\",\"target\":{\"@type\":\"EntryPoint\",\"urlTemplate\":\"https:\\\/\\\/www.bellunopress.it\\\/?s={search_term_string}\"},\"query-input\":{\"@type\":\"PropertyValueSpecification\",\"valueRequired\":true,\"valueName\":\"search_term_string\"}}],\"inLanguage\":\"fr-FR\"},{\"@type\":\"Organization\",\"@id\":\"https:\\\/\\\/www.bellunopress.it\\\/#organization\",\"name\":\"Bellunopress\",\"url\":\"https:\\\/\\\/www.bellunopress.it\\\/\",\"logo\":{\"@type\":\"ImageObject\",\"inLanguage\":\"fr-FR\",\"@id\":\"https:\\\/\\\/www.bellunopress.it\\\/#\\\/schema\\\/logo\\\/image\\\/\",\"url\":\"https:\\\/\\\/www.bellunopress.it\\\/wp-content\\\/uploads\\\/2011\\\/05\\\/cropped-logo-bellunopress-.jpg\",\"contentUrl\":\"https:\\\/\\\/www.bellunopress.it\\\/wp-content\\\/uploads\\\/2011\\\/05\\\/cropped-logo-bellunopress-.jpg\",\"width\":512,\"height\":512,\"caption\":\"Bellunopress\"},\"image\":{\"@id\":\"https:\\\/\\\/www.bellunopress.it\\\/#\\\/schema\\\/logo\\\/image\\\/\"},\"sameAs\":[\"https:\\\/\\\/www.facebook.com\\\/profile.php?id=100008943462799\",\"https:\\\/\\\/x.com\\\/bellunopress\",\"https:\\\/\\\/www.linkedin.com\\\/hp\\\/?dnr=JBzUWaJfMUw8vbXJJ2tVW5-I3jZKvC4wsoxE&amp;amp;amp;amp;amp;amp;trk=nav_responsive_tab_home\",\"https:\\\/\\\/www.youtube.com\\\/channel\\\/UCxL0wu1uN0_3_7hGG0306cw\"]},{\"@type\":\"Person\",\"@id\":\"https:\\\/\\\/www.bellunopress.it\\\/#\\\/schema\\\/person\\\/79bb06722b37ece1c03d3e94beb30d73\",\"name\":\"redazione\",\"image\":{\"@type\":\"ImageObject\",\"inLanguage\":\"fr-FR\",\"@id\":\"https:\\\/\\\/secure.gravatar.com\\\/avatar\\\/37d968a2e67a6fd04c169c4bdef102d0bc5d31b2546345219e348575eb80e9a0?s=96&d=mm&r=g\",\"url\":\"https:\\\/\\\/secure.gravatar.com\\\/avatar\\\/37d968a2e67a6fd04c169c4bdef102d0bc5d31b2546345219e348575eb80e9a0?s=96&d=mm&r=g\",\"contentUrl\":\"https:\\\/\\\/secure.gravatar.com\\\/avatar\\\/37d968a2e67a6fd04c169c4bdef102d0bc5d31b2546345219e348575eb80e9a0?s=96&d=mm&r=g\",\"caption\":\"redazione\"},\"sameAs\":[\"http:\\\/\\\/www.bellunopress.it\",\"https:\\\/\\\/x.com\\\/bellunopress\"],\"url\":\"https:\\\/\\\/www.bellunopress.it\\\/fr\\\/author\\\/redazione\\\/\"}]}<\/script>\n<!-- \/ Yoast SEO plugin. -->","yoast_head_json":{"title":"Tra slitta, inclusione e futuro: Flavio Menardi incanta i giovani al Museo Etnografico Dolomiti - Bellunopress - Dolomiti","robots":{"index":"index","follow":"follow","max-snippet":"max-snippet:-1","max-image-preview":"max-image-preview:large","max-video-preview":"max-video-preview:-1"},"canonical":"https:\/\/www.bellunopress.it\/fr\/2026\/03\/25\/tra-slitta-inclusione-e-futuro-flavio-menardi-incanta-i-giovani-al-museo-etnografico-dolomiti\/","og_locale":"fr_FR","og_type":"article","og_title":"Tra slitta, inclusione e futuro: Flavio Menardi incanta i giovani al Museo Etnografico Dolomiti - Bellunopress - Dolomiti","og_description":"La visita speciale con l&#8217;atleta alla mostra &#8220;La slitta fra tradizione, gioco e competizione&#8221; diventa occasione di confronto con gli studenti dell&#8217;Istituto Agrario di Vellai e la consigliera De Francesch Cesiomaggiore, 25\/03\/2026 &#8211; Un incontro che unisce sport, memoria e nuove generazioni: nel pomeriggio di ieri, marted\u00ec 24 marzo, il Museo Etnografico Dolomiti di Cesiomaggiore [&hellip;]","og_url":"https:\/\/www.bellunopress.it\/fr\/2026\/03\/25\/tra-slitta-inclusione-e-futuro-flavio-menardi-incanta-i-giovani-al-museo-etnografico-dolomiti\/","og_site_name":"Bellunopress - Dolomiti","article_publisher":"https:\/\/www.facebook.com\/profile.php?id=100008943462799","article_published_time":"2026-03-25T08:37:37+00:00","og_image":[{"width":439,"height":500,"url":"https:\/\/www.bellunopress.it\/wp-content\/uploads\/2026\/03\/Flavio-Menardi.jpg","type":"image\/jpeg"}],"author":"redazione","twitter_card":"summary_large_image","twitter_creator":"@bellunopress","twitter_site":"@bellunopress","twitter_misc":{"\u00c9crit par":"redazione","Dur\u00e9e de lecture estim\u00e9e":"3 minutes"},"schema":{"@context":"https:\/\/schema.org","@graph":[{"@type":"Article","@id":"https:\/\/www.bellunopress.it\/2026\/03\/25\/tra-slitta-inclusione-e-futuro-flavio-menardi-incanta-i-giovani-al-museo-etnografico-dolomiti\/#article","isPartOf":{"@id":"https:\/\/www.bellunopress.it\/2026\/03\/25\/tra-slitta-inclusione-e-futuro-flavio-menardi-incanta-i-giovani-al-museo-etnografico-dolomiti\/"},"author":{"name":"redazione","@id":"https:\/\/www.bellunopress.it\/#\/schema\/person\/79bb06722b37ece1c03d3e94beb30d73"},"headline":"Tra slitta, inclusione e futuro: Flavio Menardi incanta i giovani al Museo Etnografico Dolomiti","datePublished":"2026-03-25T08:37:37+00:00","mainEntityOfPage":{"@id":"https:\/\/www.bellunopress.it\/2026\/03\/25\/tra-slitta-inclusione-e-futuro-flavio-menardi-incanta-i-giovani-al-museo-etnografico-dolomiti\/"},"wordCount":603,"publisher":{"@id":"https:\/\/www.bellunopress.it\/#organization"},"image":{"@id":"https:\/\/www.bellunopress.it\/2026\/03\/25\/tra-slitta-inclusione-e-futuro-flavio-menardi-incanta-i-giovani-al-museo-etnografico-dolomiti\/#primaryimage"},"thumbnailUrl":"https:\/\/www.bellunopress.it\/wp-content\/uploads\/2026\/03\/Flavio-Menardi.jpg","articleSection":["Prima Pagina","Societ\u00e0, Associazioni, Istituzioni","Sport, tempo libero"],"inLanguage":"fr-FR"},{"@type":"WebPage","@id":"https:\/\/www.bellunopress.it\/2026\/03\/25\/tra-slitta-inclusione-e-futuro-flavio-menardi-incanta-i-giovani-al-museo-etnografico-dolomiti\/","url":"https:\/\/www.bellunopress.it\/2026\/03\/25\/tra-slitta-inclusione-e-futuro-flavio-menardi-incanta-i-giovani-al-museo-etnografico-dolomiti\/","name":"Tra slitta, inclusione e futuro: Flavio Menardi incanta i giovani al Museo Etnografico Dolomiti - Bellunopress - Dolomiti","isPartOf":{"@id":"https:\/\/www.bellunopress.it\/#website"},"primaryImageOfPage":{"@id":"https:\/\/www.bellunopress.it\/2026\/03\/25\/tra-slitta-inclusione-e-futuro-flavio-menardi-incanta-i-giovani-al-museo-etnografico-dolomiti\/#primaryimage"},"image":{"@id":"https:\/\/www.bellunopress.it\/2026\/03\/25\/tra-slitta-inclusione-e-futuro-flavio-menardi-incanta-i-giovani-al-museo-etnografico-dolomiti\/#primaryimage"},"thumbnailUrl":"https:\/\/www.bellunopress.it\/wp-content\/uploads\/2026\/03\/Flavio-Menardi.jpg","datePublished":"2026-03-25T08:37:37+00:00","breadcrumb":{"@id":"https:\/\/www.bellunopress.it\/2026\/03\/25\/tra-slitta-inclusione-e-futuro-flavio-menardi-incanta-i-giovani-al-museo-etnografico-dolomiti\/#breadcrumb"},"inLanguage":"fr-FR","potentialAction":[{"@type":"ReadAction","target":["https:\/\/www.bellunopress.it\/2026\/03\/25\/tra-slitta-inclusione-e-futuro-flavio-menardi-incanta-i-giovani-al-museo-etnografico-dolomiti\/"]}]},{"@type":"ImageObject","inLanguage":"fr-FR","@id":"https:\/\/www.bellunopress.it\/2026\/03\/25\/tra-slitta-inclusione-e-futuro-flavio-menardi-incanta-i-giovani-al-museo-etnografico-dolomiti\/#primaryimage","url":"https:\/\/www.bellunopress.it\/wp-content\/uploads\/2026\/03\/Flavio-Menardi.jpg","contentUrl":"https:\/\/www.bellunopress.it\/wp-content\/uploads\/2026\/03\/Flavio-Menardi.jpg","width":439,"height":500,"caption":"Flavio Menardi - Campione del mondo Para Bob a St. Moritz-Celerina 2026"},{"@type":"BreadcrumbList","@id":"https:\/\/www.bellunopress.it\/2026\/03\/25\/tra-slitta-inclusione-e-futuro-flavio-menardi-incanta-i-giovani-al-museo-etnografico-dolomiti\/#breadcrumb","itemListElement":[{"@type":"ListItem","position":1,"name":"Home","item":"https:\/\/www.bellunopress.it\/"},{"@type":"ListItem","position":2,"name":"Tra slitta, inclusione e futuro: Flavio Menardi incanta i giovani al Museo Etnografico Dolomiti"}]},{"@type":"WebSite","@id":"https:\/\/www.bellunopress.it\/#website","url":"https:\/\/www.bellunopress.it\/","name":"Bellunopress - Dolomiti","description":"e-mail: redazione@bellunopress.it","publisher":{"@id":"https:\/\/www.bellunopress.it\/#organization"},"potentialAction":[{"@type":"SearchAction","target":{"@type":"EntryPoint","urlTemplate":"https:\/\/www.bellunopress.it\/?s={search_term_string}"},"query-input":{"@type":"PropertyValueSpecification","valueRequired":true,"valueName":"search_term_string"}}],"inLanguage":"fr-FR"},{"@type":"Organization","@id":"https:\/\/www.bellunopress.it\/#organization","name":"Bellunopress","url":"https:\/\/www.bellunopress.it\/","logo":{"@type":"ImageObject","inLanguage":"fr-FR","@id":"https:\/\/www.bellunopress.it\/#\/schema\/logo\/image\/","url":"https:\/\/www.bellunopress.it\/wp-content\/uploads\/2011\/05\/cropped-logo-bellunopress-.jpg","contentUrl":"https:\/\/www.bellunopress.it\/wp-content\/uploads\/2011\/05\/cropped-logo-bellunopress-.jpg","width":512,"height":512,"caption":"Bellunopress"},"image":{"@id":"https:\/\/www.bellunopress.it\/#\/schema\/logo\/image\/"},"sameAs":["https:\/\/www.facebook.com\/profile.php?id=100008943462799","https:\/\/x.com\/bellunopress","https:\/\/www.linkedin.com\/hp\/?dnr=JBzUWaJfMUw8vbXJJ2tVW5-I3jZKvC4wsoxE&amp;amp;amp;amp;amp;amp;trk=nav_responsive_tab_home","https:\/\/www.youtube.com\/channel\/UCxL0wu1uN0_3_7hGG0306cw"]},{"@type":"Person","@id":"https:\/\/www.bellunopress.it\/#\/schema\/person\/79bb06722b37ece1c03d3e94beb30d73","name":"r\u00e9daction","image":{"@type":"ImageObject","inLanguage":"fr-FR","@id":"https:\/\/secure.gravatar.com\/avatar\/37d968a2e67a6fd04c169c4bdef102d0bc5d31b2546345219e348575eb80e9a0?s=96&d=mm&r=g","url":"https:\/\/secure.gravatar.com\/avatar\/37d968a2e67a6fd04c169c4bdef102d0bc5d31b2546345219e348575eb80e9a0?s=96&d=mm&r=g","contentUrl":"https:\/\/secure.gravatar.com\/avatar\/37d968a2e67a6fd04c169c4bdef102d0bc5d31b2546345219e348575eb80e9a0?s=96&d=mm&r=g","caption":"redazione"},"sameAs":["http:\/\/www.bellunopress.it","https:\/\/x.com\/bellunopress"],"url":"https:\/\/www.bellunopress.it\/fr\/author\/redazione\/"}]}},"_links":{"self":[{"href":"https:\/\/www.bellunopress.it\/fr\/wp-json\/wp\/v2\/posts\/168474","targetHints":{"allow":["GET"]}}],"collection":[{"href":"https:\/\/www.bellunopress.it\/fr\/wp-json\/wp\/v2\/posts"}],"about":[{"href":"https:\/\/www.bellunopress.it\/fr\/wp-json\/wp\/v2\/types\/post"}],"author":[{"embeddable":true,"href":"https:\/\/www.bellunopress.it\/fr\/wp-json\/wp\/v2\/users\/2"}],"replies":[{"embeddable":true,"href":"https:\/\/www.bellunopress.it\/fr\/wp-json\/wp\/v2\/comments?post=168474"}],"version-history":[{"count":1,"href":"https:\/\/www.bellunopress.it\/fr\/wp-json\/wp\/v2\/posts\/168474\/revisions"}],"predecessor-version":[{"id":168476,"href":"https:\/\/www.bellunopress.it\/fr\/wp-json\/wp\/v2\/posts\/168474\/revisions\/168476"}],"wp:featuredmedia":[{"embeddable":true,"href":"https:\/\/www.bellunopress.it\/fr\/wp-json\/wp\/v2\/media\/168475"}],"wp:attachment":[{"href":"https:\/\/www.bellunopress.it\/fr\/wp-json\/wp\/v2\/media?parent=168474"}],"wp:term":[{"taxonomy":"category","embeddable":true,"href":"https:\/\/www.bellunopress.it\/fr\/wp-json\/wp\/v2\/categories?post=168474"},{"taxonomy":"post_tag","embeddable":true,"href":"https:\/\/www.bellunopress.it\/fr\/wp-json\/wp\/v2\/tags?post=168474"}],"curies":[{"name":"wp","href":"https:\/\/api.w.org\/{rel}","templated":true}]}}