{"id":168435,"date":"2026-03-23T21:45:56","date_gmt":"2026-03-23T20:45:56","guid":{"rendered":"https:\/\/www.bellunopress.it\/?p=168435"},"modified":"2026-03-23T21:45:56","modified_gmt":"2026-03-23T20:45:56","slug":"frigidaire-a-belluno-quando-larte-e-resistenza-nel-congelatore-della-storia","status":"publish","type":"post","link":"https:\/\/www.bellunopress.it\/fr\/2026\/03\/23\/frigidaire-a-belluno-quando-larte-e-resistenza-nel-congelatore-della-storia\/","title":{"rendered":"Frigidaire a Belluno: quando l\u2019arte \u00e8 resistenza nel congelatore della Storia"},"content":{"rendered":"<p><strong>Inaugurata a Villa Buzzati la rassegna \u201cStampare fuori dalle righe\u201d. Un viaggio tra la rivoluzione di Vincenzo Sparagna che evoca l\u2019underground parigino di Les Frigos\u00a0<\/strong><\/p>\n<p>Belluno, 23\/03\/2026 \u2013 Non \u00e8 stato solo un incontro sull\u2019editoria, ma un salto in un\u2019epoca in cui la carta stampata era un \u201cterritorio occupato\u201d. Questo pomeriggio al Granaio di Villa Buzzati, la rassegna \u201cStampare fuori dalle righe\u201d ha aperto i battenti celebrando il mito di Frigidaire, la storica rivista fondata nel 1980 da Vincenzo Sparagna.<\/p>\n<p>A guidare il pubblico in questo &#8220;laboratorio di resistenza&#8221; sono state Laura Scarpa, fumettista e docente di fama, e la brand strategist Martina Gennari, ideatrice dell&#8217;evento insieme all&#8217;artista Alfonso Lentini e alla titolare del Granaio Buzzati Valentina Morassutti.<\/p>\n<p><strong>Frigidaire: l&#8217;eredit\u00e0 de Il Male e il sogno di Frigolandia<\/strong><\/p>\n<p>Nata dalle ceneri del settimanale satirico <em>Il Male<\/em>, Frigidaire \u00e8 stata un\u2019astronave culturale dove la politica internazionale conviveva con il cyberpunk e la filosofia con la pornografia d\u2019autore. Come sottolineato durante l&#8217;incontro, la rivista non ha solo cambiato il fumetto, ma ha imposto una rivoluzione estetica che ha travolto moda e design. Un\u2019esperienza di libert\u00e0 che oggi prosegue a Giano dell\u2019Umbria, nella Repubblica di Frigolandia, ma che a Belluno ha trovato un\u2019eco particolare.<\/p>\n<p>Ipotizziamo infatti un filo rosso &#8211; o meglio, un &#8220;filo freddo&#8221;- che unisce la rivista di Sparagna a Les Frigos di Parigi e alla citt\u00e0 di Belluno. Protagonista di questo legame \u00e8 stato il compianto artista bellunese Gino Silvestri (Premio San Martino 1989), che negli anni \u201980 partecip\u00f2 attivamente all\u2019occupazione del mastodontico ex frigorifero parigino per salvarlo dalla demolizione.<\/p>\n<p><em>&#8220;Les Frigos \u00e8 un fabbricato di 5 piani senza finestre nel XIII arrondissement&#8221;<\/em>, raccontava Silvestri nel 2020. <em>&#8220;Era il frigorifero di Parigi&#8230; nel seminterrato c&#8217;\u00e8 ancora una motrice che portava i prigionieri nei campi di concentramento. Nel 1990 gli artisti lo occuparono per salvarlo dal cemento moderno&#8221;.<\/em><\/p>\n<p>Il parallelismo tra Frigidaire e Les Frigos \u00e8 filosofico. Sparagna e i suoi vedevano probabilmente nell&#8217;occupazione parigina lo specchio della propria missione: trasformare spazi industriali &#8220;morti&#8221; in laboratori di creativit\u00e0 estrema.<\/p>\n<ul>\n<li>Les Frigos conservava le merci; gli artisti vi hanno conservato la libert\u00e0.<\/li>\n<li>Frigidaire usava l&#8217;ironia &#8220;gelida&#8221; del nome per preservare l&#8217;avanguardia dalla putrefazione del consumismo.<\/li>\n<\/ul>\n<p>Sparagna definiva questa operazione \u201cArte Maieutica\u201d: uno spazio che, come un freezer, mantiene fresco il &#8220;cibo per la mente&#8221;.<\/p>\n<p><strong>I generali della rivoluzione: Pazienza, Liberatore, Mattioli<\/strong><\/p>\n<p>La rassegna non poteva prescindere dai geni che hanno reso Frigidaire un&#8217;arma culturale. I &#8220;generali&#8221; di Sparagna hanno dato corpo al vuoto e alla rabbia di quegli anni:<\/p>\n<ol>\n<li>Andrea Pazienza: Con il suo Zanardi, ha disegnato il cinismo di una giovent\u00f9 senza finestre, speculare al cemento di Les Frigos.<\/li>\n<li>Tanino Liberatore &amp; Stefano Tamburini: Padri di Ranxerox, il &#8220;coatto sintetico&#8221; nato dal riciclo di una fotocopiatrice, simbolo perfetto di quell&#8217;estetica industriale cara all&#8217;underground parigino.<\/li>\n<li>Massimo Mattioli: Che con lo splatter geometrico di <em>Squeak the Mouse<\/em> ha trasformato il fumetto in un atto di disturbo, lontano dai salotti borghesi.<\/li>\n<\/ol>\n<p><strong>L&#8217;indipendenza come muscolo<\/strong><\/p>\n<p>L&#8217;appuntamento a &#8220;A casa di Dino&#8221; ha ricordato che l\u2019indipendenza creativa \u00e8 un muscolo che va allenato. In un mondo di palazzi di vetro e cemento che riflettono il passato senza viverlo, lo spirito di Frigidaire e il coraggio di artisti come Silvestri restano bussole fondamentali. La rassegna bellunese dimostra che, anche nel 2026, c&#8217;\u00e8 ancora bisogno di &#8220;stampare fuori dalle righe&#8221; per restare umani.<\/p>\n<p>La rassegna Stampare fuori dalle righe prosegue al Granaio di Villa Buzzati venerd\u00ec 27 marzo alle 18.30 con il libro delle Pipe, un trattatello surrealista scritto e disegnato da Dino Buzzati insieme al cognato Eppe Ramazzotti.<\/p>\n<p>(rdn)<\/p>\n<p>&nbsp;<\/p>\n<p>_<\/p>","protected":false},"excerpt":{"rendered":"<p>Inaugurata a Villa Buzzati la rassegna \u201cStampare fuori dalle righe\u201d. Un viaggio tra la rivoluzione di Vincenzo Sparagna che evoca l\u2019underground parigino di Les Frigos\u00a0 Belluno, 23\/03\/2026 \u2013 Non \u00e8 stato solo un incontro sull\u2019editoria, ma un salto in un\u2019epoca in cui la carta stampata era un \u201cterritorio occupato\u201d. Questo pomeriggio al Granaio di Villa [&hellip;]<\/p>\n","protected":false},"author":2,"featured_media":168436,"comment_status":"closed","ping_status":"open","sticky":false,"template":"","format":"standard","meta":{"footnotes":""},"categories":[3,26],"tags":[],"class_list":["post-168435","post","type-post","status-publish","format-standard","has-post-thumbnail","category-arte-cultura-spettacoli-scienza-archivi","category-prima-pagina"],"yoast_head":"<!-- This site is optimized with the Yoast SEO plugin v28.4 - https:\/\/yoast.com\/product\/yoast-seo-wordpress\/ -->\n<title>Frigidaire a Belluno: quando l\u2019arte \u00e8 resistenza nel congelatore della Storia - Bellunopress - Dolomiti<\/title>\n<meta name=\"robots\" content=\"index, follow, max-snippet:-1, max-image-preview:large, max-video-preview:-1\" \/>\n<link rel=\"canonical\" href=\"https:\/\/www.bellunopress.it\/fr\/2026\/03\/23\/frigidaire-a-belluno-quando-larte-e-resistenza-nel-congelatore-della-storia\/\" \/>\n<meta property=\"og:locale\" content=\"fr_FR\" \/>\n<meta property=\"og:type\" content=\"article\" \/>\n<meta property=\"og:title\" content=\"Frigidaire a Belluno: quando l\u2019arte \u00e8 resistenza nel congelatore della Storia - Bellunopress - Dolomiti\" \/>\n<meta property=\"og:description\" content=\"Inaugurata a Villa Buzzati la rassegna \u201cStampare fuori dalle righe\u201d. Un viaggio tra la rivoluzione di Vincenzo Sparagna che evoca l\u2019underground parigino di Les Frigos\u00a0 Belluno, 23\/03\/2026 \u2013 Non \u00e8 stato solo un incontro sull\u2019editoria, ma un salto in un\u2019epoca in cui la carta stampata era un \u201cterritorio occupato\u201d. Questo pomeriggio al Granaio di Villa [&hellip;]\" \/>\n<meta property=\"og:url\" content=\"https:\/\/www.bellunopress.it\/fr\/2026\/03\/23\/frigidaire-a-belluno-quando-larte-e-resistenza-nel-congelatore-della-storia\/\" \/>\n<meta property=\"og:site_name\" content=\"Bellunopress - Dolomiti\" \/>\n<meta property=\"article:publisher\" content=\"https:\/\/www.facebook.com\/profile.php?id=100008943462799\" \/>\n<meta property=\"article:published_time\" content=\"2026-03-23T20:45:56+00:00\" \/>\n<meta property=\"og:image\" content=\"https:\/\/www.bellunopress.it\/wp-content\/uploads\/2026\/03\/relatori.jpg\" \/>\n\t<meta property=\"og:image:width\" content=\"600\" \/>\n\t<meta property=\"og:image:height\" content=\"339\" \/>\n\t<meta property=\"og:image:type\" content=\"image\/jpeg\" \/>\n<meta name=\"author\" content=\"redazione\" \/>\n<meta name=\"twitter:card\" content=\"summary_large_image\" \/>\n<meta name=\"twitter:creator\" content=\"@bellunopress\" \/>\n<meta name=\"twitter:site\" content=\"@bellunopress\" \/>\n<meta name=\"twitter:label1\" content=\"\u00c9crit par\" \/>\n\t<meta name=\"twitter:data1\" content=\"redazione\" \/>\n\t<meta name=\"twitter:label2\" content=\"Dur\u00e9e de lecture estim\u00e9e\" \/>\n\t<meta name=\"twitter:data2\" content=\"3 minutes\" \/>\n<script type=\"application\/ld+json\" class=\"yoast-schema-graph\">{\"@context\":\"https:\\\/\\\/schema.org\",\"@graph\":[{\"@type\":\"Article\",\"@id\":\"https:\\\/\\\/www.bellunopress.it\\\/2026\\\/03\\\/23\\\/frigidaire-a-belluno-quando-larte-e-resistenza-nel-congelatore-della-storia\\\/#article\",\"isPartOf\":{\"@id\":\"https:\\\/\\\/www.bellunopress.it\\\/2026\\\/03\\\/23\\\/frigidaire-a-belluno-quando-larte-e-resistenza-nel-congelatore-della-storia\\\/\"},\"author\":{\"name\":\"redazione\",\"@id\":\"https:\\\/\\\/www.bellunopress.it\\\/#\\\/schema\\\/person\\\/79bb06722b37ece1c03d3e94beb30d73\"},\"headline\":\"Frigidaire a Belluno: quando l\u2019arte \u00e8 resistenza nel congelatore della Storia\",\"datePublished\":\"2026-03-23T20:45:56+00:00\",\"mainEntityOfPage\":{\"@id\":\"https:\\\/\\\/www.bellunopress.it\\\/2026\\\/03\\\/23\\\/frigidaire-a-belluno-quando-larte-e-resistenza-nel-congelatore-della-storia\\\/\"},\"wordCount\":610,\"publisher\":{\"@id\":\"https:\\\/\\\/www.bellunopress.it\\\/#organization\"},\"image\":{\"@id\":\"https:\\\/\\\/www.bellunopress.it\\\/2026\\\/03\\\/23\\\/frigidaire-a-belluno-quando-larte-e-resistenza-nel-congelatore-della-storia\\\/#primaryimage\"},\"thumbnailUrl\":\"https:\\\/\\\/www.bellunopress.it\\\/wp-content\\\/uploads\\\/2026\\\/03\\\/relatori.jpg\",\"articleSection\":[\"Arte, Cultura, Spettacoli, Scienza\",\"Prima Pagina\"],\"inLanguage\":\"fr-FR\"},{\"@type\":\"WebPage\",\"@id\":\"https:\\\/\\\/www.bellunopress.it\\\/2026\\\/03\\\/23\\\/frigidaire-a-belluno-quando-larte-e-resistenza-nel-congelatore-della-storia\\\/\",\"url\":\"https:\\\/\\\/www.bellunopress.it\\\/2026\\\/03\\\/23\\\/frigidaire-a-belluno-quando-larte-e-resistenza-nel-congelatore-della-storia\\\/\",\"name\":\"Frigidaire a Belluno: quando l\u2019arte \u00e8 resistenza nel congelatore della Storia - Bellunopress - Dolomiti\",\"isPartOf\":{\"@id\":\"https:\\\/\\\/www.bellunopress.it\\\/#website\"},\"primaryImageOfPage\":{\"@id\":\"https:\\\/\\\/www.bellunopress.it\\\/2026\\\/03\\\/23\\\/frigidaire-a-belluno-quando-larte-e-resistenza-nel-congelatore-della-storia\\\/#primaryimage\"},\"image\":{\"@id\":\"https:\\\/\\\/www.bellunopress.it\\\/2026\\\/03\\\/23\\\/frigidaire-a-belluno-quando-larte-e-resistenza-nel-congelatore-della-storia\\\/#primaryimage\"},\"thumbnailUrl\":\"https:\\\/\\\/www.bellunopress.it\\\/wp-content\\\/uploads\\\/2026\\\/03\\\/relatori.jpg\",\"datePublished\":\"2026-03-23T20:45:56+00:00\",\"breadcrumb\":{\"@id\":\"https:\\\/\\\/www.bellunopress.it\\\/2026\\\/03\\\/23\\\/frigidaire-a-belluno-quando-larte-e-resistenza-nel-congelatore-della-storia\\\/#breadcrumb\"},\"inLanguage\":\"fr-FR\",\"potentialAction\":[{\"@type\":\"ReadAction\",\"target\":[\"https:\\\/\\\/www.bellunopress.it\\\/2026\\\/03\\\/23\\\/frigidaire-a-belluno-quando-larte-e-resistenza-nel-congelatore-della-storia\\\/\"]}]},{\"@type\":\"ImageObject\",\"inLanguage\":\"fr-FR\",\"@id\":\"https:\\\/\\\/www.bellunopress.it\\\/2026\\\/03\\\/23\\\/frigidaire-a-belluno-quando-larte-e-resistenza-nel-congelatore-della-storia\\\/#primaryimage\",\"url\":\"https:\\\/\\\/www.bellunopress.it\\\/wp-content\\\/uploads\\\/2026\\\/03\\\/relatori.jpg\",\"contentUrl\":\"https:\\\/\\\/www.bellunopress.it\\\/wp-content\\\/uploads\\\/2026\\\/03\\\/relatori.jpg\",\"width\":600,\"height\":339,\"caption\":\"Alfonso Lentini, Valentina Morassutti, Martina Gennari, Laura Scarpa\"},{\"@type\":\"BreadcrumbList\",\"@id\":\"https:\\\/\\\/www.bellunopress.it\\\/2026\\\/03\\\/23\\\/frigidaire-a-belluno-quando-larte-e-resistenza-nel-congelatore-della-storia\\\/#breadcrumb\",\"itemListElement\":[{\"@type\":\"ListItem\",\"position\":1,\"name\":\"Home\",\"item\":\"https:\\\/\\\/www.bellunopress.it\\\/\"},{\"@type\":\"ListItem\",\"position\":2,\"name\":\"Frigidaire a Belluno: quando l\u2019arte \u00e8 resistenza nel congelatore della Storia\"}]},{\"@type\":\"WebSite\",\"@id\":\"https:\\\/\\\/www.bellunopress.it\\\/#website\",\"url\":\"https:\\\/\\\/www.bellunopress.it\\\/\",\"name\":\"Bellunopress - Dolomiti\",\"description\":\"e-mail: redazione@bellunopress.it\",\"publisher\":{\"@id\":\"https:\\\/\\\/www.bellunopress.it\\\/#organization\"},\"potentialAction\":[{\"@type\":\"SearchAction\",\"target\":{\"@type\":\"EntryPoint\",\"urlTemplate\":\"https:\\\/\\\/www.bellunopress.it\\\/?s={search_term_string}\"},\"query-input\":{\"@type\":\"PropertyValueSpecification\",\"valueRequired\":true,\"valueName\":\"search_term_string\"}}],\"inLanguage\":\"fr-FR\"},{\"@type\":\"Organization\",\"@id\":\"https:\\\/\\\/www.bellunopress.it\\\/#organization\",\"name\":\"Bellunopress\",\"url\":\"https:\\\/\\\/www.bellunopress.it\\\/\",\"logo\":{\"@type\":\"ImageObject\",\"inLanguage\":\"fr-FR\",\"@id\":\"https:\\\/\\\/www.bellunopress.it\\\/#\\\/schema\\\/logo\\\/image\\\/\",\"url\":\"https:\\\/\\\/www.bellunopress.it\\\/wp-content\\\/uploads\\\/2011\\\/05\\\/cropped-logo-bellunopress-.jpg\",\"contentUrl\":\"https:\\\/\\\/www.bellunopress.it\\\/wp-content\\\/uploads\\\/2011\\\/05\\\/cropped-logo-bellunopress-.jpg\",\"width\":512,\"height\":512,\"caption\":\"Bellunopress\"},\"image\":{\"@id\":\"https:\\\/\\\/www.bellunopress.it\\\/#\\\/schema\\\/logo\\\/image\\\/\"},\"sameAs\":[\"https:\\\/\\\/www.facebook.com\\\/profile.php?id=100008943462799\",\"https:\\\/\\\/x.com\\\/bellunopress\",\"https:\\\/\\\/www.linkedin.com\\\/hp\\\/?dnr=JBzUWaJfMUw8vbXJJ2tVW5-I3jZKvC4wsoxE&amp;amp;amp;amp;amp;amp;trk=nav_responsive_tab_home\",\"https:\\\/\\\/www.youtube.com\\\/channel\\\/UCxL0wu1uN0_3_7hGG0306cw\"]},{\"@type\":\"Person\",\"@id\":\"https:\\\/\\\/www.bellunopress.it\\\/#\\\/schema\\\/person\\\/79bb06722b37ece1c03d3e94beb30d73\",\"name\":\"redazione\",\"image\":{\"@type\":\"ImageObject\",\"inLanguage\":\"fr-FR\",\"@id\":\"https:\\\/\\\/secure.gravatar.com\\\/avatar\\\/37d968a2e67a6fd04c169c4bdef102d0bc5d31b2546345219e348575eb80e9a0?s=96&d=mm&r=g\",\"url\":\"https:\\\/\\\/secure.gravatar.com\\\/avatar\\\/37d968a2e67a6fd04c169c4bdef102d0bc5d31b2546345219e348575eb80e9a0?s=96&d=mm&r=g\",\"contentUrl\":\"https:\\\/\\\/secure.gravatar.com\\\/avatar\\\/37d968a2e67a6fd04c169c4bdef102d0bc5d31b2546345219e348575eb80e9a0?s=96&d=mm&r=g\",\"caption\":\"redazione\"},\"sameAs\":[\"http:\\\/\\\/www.bellunopress.it\",\"https:\\\/\\\/x.com\\\/bellunopress\"],\"url\":\"https:\\\/\\\/www.bellunopress.it\\\/fr\\\/author\\\/redazione\\\/\"}]}<\/script>\n<!-- \/ Yoast SEO plugin. -->","yoast_head_json":{"title":"Frigidaire a Belluno: quando l\u2019arte \u00e8 resistenza nel congelatore della Storia - Bellunopress - Dolomiti","robots":{"index":"index","follow":"follow","max-snippet":"max-snippet:-1","max-image-preview":"max-image-preview:large","max-video-preview":"max-video-preview:-1"},"canonical":"https:\/\/www.bellunopress.it\/fr\/2026\/03\/23\/frigidaire-a-belluno-quando-larte-e-resistenza-nel-congelatore-della-storia\/","og_locale":"fr_FR","og_type":"article","og_title":"Frigidaire a Belluno: quando l\u2019arte \u00e8 resistenza nel congelatore della Storia - Bellunopress - Dolomiti","og_description":"Inaugurata a Villa Buzzati la rassegna \u201cStampare fuori dalle righe\u201d. Un viaggio tra la rivoluzione di Vincenzo Sparagna che evoca l\u2019underground parigino di Les Frigos\u00a0 Belluno, 23\/03\/2026 \u2013 Non \u00e8 stato solo un incontro sull\u2019editoria, ma un salto in un\u2019epoca in cui la carta stampata era un \u201cterritorio occupato\u201d. Questo pomeriggio al Granaio di Villa [&hellip;]","og_url":"https:\/\/www.bellunopress.it\/fr\/2026\/03\/23\/frigidaire-a-belluno-quando-larte-e-resistenza-nel-congelatore-della-storia\/","og_site_name":"Bellunopress - Dolomiti","article_publisher":"https:\/\/www.facebook.com\/profile.php?id=100008943462799","article_published_time":"2026-03-23T20:45:56+00:00","og_image":[{"width":600,"height":339,"url":"https:\/\/www.bellunopress.it\/wp-content\/uploads\/2026\/03\/relatori.jpg","type":"image\/jpeg"}],"author":"redazione","twitter_card":"summary_large_image","twitter_creator":"@bellunopress","twitter_site":"@bellunopress","twitter_misc":{"\u00c9crit par":"redazione","Dur\u00e9e de lecture estim\u00e9e":"3 minutes"},"schema":{"@context":"https:\/\/schema.org","@graph":[{"@type":"Article","@id":"https:\/\/www.bellunopress.it\/2026\/03\/23\/frigidaire-a-belluno-quando-larte-e-resistenza-nel-congelatore-della-storia\/#article","isPartOf":{"@id":"https:\/\/www.bellunopress.it\/2026\/03\/23\/frigidaire-a-belluno-quando-larte-e-resistenza-nel-congelatore-della-storia\/"},"author":{"name":"redazione","@id":"https:\/\/www.bellunopress.it\/#\/schema\/person\/79bb06722b37ece1c03d3e94beb30d73"},"headline":"Frigidaire a Belluno: quando l\u2019arte \u00e8 resistenza nel congelatore della Storia","datePublished":"2026-03-23T20:45:56+00:00","mainEntityOfPage":{"@id":"https:\/\/www.bellunopress.it\/2026\/03\/23\/frigidaire-a-belluno-quando-larte-e-resistenza-nel-congelatore-della-storia\/"},"wordCount":610,"publisher":{"@id":"https:\/\/www.bellunopress.it\/#organization"},"image":{"@id":"https:\/\/www.bellunopress.it\/2026\/03\/23\/frigidaire-a-belluno-quando-larte-e-resistenza-nel-congelatore-della-storia\/#primaryimage"},"thumbnailUrl":"https:\/\/www.bellunopress.it\/wp-content\/uploads\/2026\/03\/relatori.jpg","articleSection":["Arte, Cultura, Spettacoli, Scienza","Prima Pagina"],"inLanguage":"fr-FR"},{"@type":"WebPage","@id":"https:\/\/www.bellunopress.it\/2026\/03\/23\/frigidaire-a-belluno-quando-larte-e-resistenza-nel-congelatore-della-storia\/","url":"https:\/\/www.bellunopress.it\/2026\/03\/23\/frigidaire-a-belluno-quando-larte-e-resistenza-nel-congelatore-della-storia\/","name":"Frigidaire a Belluno: quando l\u2019arte \u00e8 resistenza nel congelatore della Storia - Bellunopress - Dolomiti","isPartOf":{"@id":"https:\/\/www.bellunopress.it\/#website"},"primaryImageOfPage":{"@id":"https:\/\/www.bellunopress.it\/2026\/03\/23\/frigidaire-a-belluno-quando-larte-e-resistenza-nel-congelatore-della-storia\/#primaryimage"},"image":{"@id":"https:\/\/www.bellunopress.it\/2026\/03\/23\/frigidaire-a-belluno-quando-larte-e-resistenza-nel-congelatore-della-storia\/#primaryimage"},"thumbnailUrl":"https:\/\/www.bellunopress.it\/wp-content\/uploads\/2026\/03\/relatori.jpg","datePublished":"2026-03-23T20:45:56+00:00","breadcrumb":{"@id":"https:\/\/www.bellunopress.it\/2026\/03\/23\/frigidaire-a-belluno-quando-larte-e-resistenza-nel-congelatore-della-storia\/#breadcrumb"},"inLanguage":"fr-FR","potentialAction":[{"@type":"ReadAction","target":["https:\/\/www.bellunopress.it\/2026\/03\/23\/frigidaire-a-belluno-quando-larte-e-resistenza-nel-congelatore-della-storia\/"]}]},{"@type":"ImageObject","inLanguage":"fr-FR","@id":"https:\/\/www.bellunopress.it\/2026\/03\/23\/frigidaire-a-belluno-quando-larte-e-resistenza-nel-congelatore-della-storia\/#primaryimage","url":"https:\/\/www.bellunopress.it\/wp-content\/uploads\/2026\/03\/relatori.jpg","contentUrl":"https:\/\/www.bellunopress.it\/wp-content\/uploads\/2026\/03\/relatori.jpg","width":600,"height":339,"caption":"Alfonso Lentini, Valentina Morassutti, Martina Gennari, Laura Scarpa"},{"@type":"BreadcrumbList","@id":"https:\/\/www.bellunopress.it\/2026\/03\/23\/frigidaire-a-belluno-quando-larte-e-resistenza-nel-congelatore-della-storia\/#breadcrumb","itemListElement":[{"@type":"ListItem","position":1,"name":"Home","item":"https:\/\/www.bellunopress.it\/"},{"@type":"ListItem","position":2,"name":"Frigidaire a Belluno: quando l\u2019arte \u00e8 resistenza nel congelatore della Storia"}]},{"@type":"WebSite","@id":"https:\/\/www.bellunopress.it\/#website","url":"https:\/\/www.bellunopress.it\/","name":"Bellunopress - Dolomiti","description":"e-mail: redazione@bellunopress.it","publisher":{"@id":"https:\/\/www.bellunopress.it\/#organization"},"potentialAction":[{"@type":"SearchAction","target":{"@type":"EntryPoint","urlTemplate":"https:\/\/www.bellunopress.it\/?s={search_term_string}"},"query-input":{"@type":"PropertyValueSpecification","valueRequired":true,"valueName":"search_term_string"}}],"inLanguage":"fr-FR"},{"@type":"Organization","@id":"https:\/\/www.bellunopress.it\/#organization","name":"Bellunopress","url":"https:\/\/www.bellunopress.it\/","logo":{"@type":"ImageObject","inLanguage":"fr-FR","@id":"https:\/\/www.bellunopress.it\/#\/schema\/logo\/image\/","url":"https:\/\/www.bellunopress.it\/wp-content\/uploads\/2011\/05\/cropped-logo-bellunopress-.jpg","contentUrl":"https:\/\/www.bellunopress.it\/wp-content\/uploads\/2011\/05\/cropped-logo-bellunopress-.jpg","width":512,"height":512,"caption":"Bellunopress"},"image":{"@id":"https:\/\/www.bellunopress.it\/#\/schema\/logo\/image\/"},"sameAs":["https:\/\/www.facebook.com\/profile.php?id=100008943462799","https:\/\/x.com\/bellunopress","https:\/\/www.linkedin.com\/hp\/?dnr=JBzUWaJfMUw8vbXJJ2tVW5-I3jZKvC4wsoxE&amp;amp;amp;amp;amp;amp;trk=nav_responsive_tab_home","https:\/\/www.youtube.com\/channel\/UCxL0wu1uN0_3_7hGG0306cw"]},{"@type":"Person","@id":"https:\/\/www.bellunopress.it\/#\/schema\/person\/79bb06722b37ece1c03d3e94beb30d73","name":"r\u00e9daction","image":{"@type":"ImageObject","inLanguage":"fr-FR","@id":"https:\/\/secure.gravatar.com\/avatar\/37d968a2e67a6fd04c169c4bdef102d0bc5d31b2546345219e348575eb80e9a0?s=96&d=mm&r=g","url":"https:\/\/secure.gravatar.com\/avatar\/37d968a2e67a6fd04c169c4bdef102d0bc5d31b2546345219e348575eb80e9a0?s=96&d=mm&r=g","contentUrl":"https:\/\/secure.gravatar.com\/avatar\/37d968a2e67a6fd04c169c4bdef102d0bc5d31b2546345219e348575eb80e9a0?s=96&d=mm&r=g","caption":"redazione"},"sameAs":["http:\/\/www.bellunopress.it","https:\/\/x.com\/bellunopress"],"url":"https:\/\/www.bellunopress.it\/fr\/author\/redazione\/"}]}},"_links":{"self":[{"href":"https:\/\/www.bellunopress.it\/fr\/wp-json\/wp\/v2\/posts\/168435","targetHints":{"allow":["GET"]}}],"collection":[{"href":"https:\/\/www.bellunopress.it\/fr\/wp-json\/wp\/v2\/posts"}],"about":[{"href":"https:\/\/www.bellunopress.it\/fr\/wp-json\/wp\/v2\/types\/post"}],"author":[{"embeddable":true,"href":"https:\/\/www.bellunopress.it\/fr\/wp-json\/wp\/v2\/users\/2"}],"replies":[{"embeddable":true,"href":"https:\/\/www.bellunopress.it\/fr\/wp-json\/wp\/v2\/comments?post=168435"}],"version-history":[{"count":1,"href":"https:\/\/www.bellunopress.it\/fr\/wp-json\/wp\/v2\/posts\/168435\/revisions"}],"predecessor-version":[{"id":168437,"href":"https:\/\/www.bellunopress.it\/fr\/wp-json\/wp\/v2\/posts\/168435\/revisions\/168437"}],"wp:featuredmedia":[{"embeddable":true,"href":"https:\/\/www.bellunopress.it\/fr\/wp-json\/wp\/v2\/media\/168436"}],"wp:attachment":[{"href":"https:\/\/www.bellunopress.it\/fr\/wp-json\/wp\/v2\/media?parent=168435"}],"wp:term":[{"taxonomy":"category","embeddable":true,"href":"https:\/\/www.bellunopress.it\/fr\/wp-json\/wp\/v2\/categories?post=168435"},{"taxonomy":"post_tag","embeddable":true,"href":"https:\/\/www.bellunopress.it\/fr\/wp-json\/wp\/v2\/tags?post=168435"}],"curies":[{"name":"wp","href":"https:\/\/api.w.org\/{rel}","templated":true}]}}