{"id":168433,"date":"2026-03-23T17:49:16","date_gmt":"2026-03-23T16:49:16","guid":{"rendered":"https:\/\/www.bellunopress.it\/?p=168433"},"modified":"2026-03-23T17:49:16","modified_gmt":"2026-03-23T16:49:16","slug":"vince-il-no-torna-il-fantasma-del-2016-quando-il-referendum-diventa-un-plebiscito","status":"publish","type":"post","link":"https:\/\/www.bellunopress.it\/fr\/2026\/03\/23\/vince-il-no-torna-il-fantasma-del-2016-quando-il-referendum-diventa-un-plebiscito\/","title":{"rendered":"Vince il NO. Torna il fantasma del 2016: quando il referendum diventa un plebiscito"},"content":{"rendered":"<p data-path-to-node=\"3\">C\u2019\u00e8 un\u2019ironia sottile e brutale nella storia politica italiana, una sorta di &#8220;maledizione del riformatore&#8221; che sembra colpire chiunque tenti di toccare l\u2019architettura costituzionale senza aver fatto i conti con il sentimento profondo del Paese. Quello che balza immediatamente agli occhi oggi, con la vittoria del NO, \u00e8 il fragoroso ritorno degli italiani alle urne: un\u2019affluenza vicina al 60% che trasforma una consultazione tecnica in un vero e proprio giudizio universale sul governo.<\/p>\n<p data-path-to-node=\"5\">Nel 2016, Matteo Renzi leg\u00f2 il suo destino politico all\u2019esito del referendum, trasformandolo in un &#8220;o me o il caos&#8221;. La storia ci ha detto come and\u00f2 a finire. Giorgia Meloni, pur tentando ufficialmente di non politicizzare il voto per evitare lo stesso errore tattico, si \u00e8 ritrovata vittima della stessa dinamica: gli italiani, quando sanno di poter contare davvero, vanno volentieri alle urne. A nulla sono valsi i tentativi di tenere il dibattito su un binario puramente istituzionale. Il voto si \u00e8 trasformato, inevitabilmente, in una votazione politica. Il parallelo \u00e8 lampante: quando un leader forte cerca di blindare il proprio potere attraverso una riforma, il corpo elettorale risponde rivendicando la propria sovranit\u00e0.<\/p>\n<p data-path-to-node=\"7\">Il segnale inviato a Meloni, Tajani e Salvini \u00e8 un avviso di sfratto alla narrazione dell&#8217;autosufficienza. La vittoria del NO certifica che la Premier non sembra pi\u00f9 convincere la Nazione come un tempo. \u00c8 il paradosso della comunicazione politica moderna: quando alle parole non seguono i fatti, la credibilit\u00e0 evapora.<\/p>\n<p data-path-to-node=\"8\">L&#8217;astensionismo che solitamente piaga le nostre elezioni \u00e8 svanito di fronte alla possibilit\u00e0 di dare un segnale diretto al Palazzo. Questo dovrebbe aprire una riflessione urgente su ci\u00f2 che il popolo chiede davvero: non nuove architetture di potere, ma la facolt\u00e0 di scegliere direttamente i propri rappresentanti.<\/p>\n<p data-path-to-node=\"10\">Se il governo vuole davvero onorare questo sussulto democratico, deve smettere di guardare alle riforme di sistema e concentrarsi sulla legge elettorale. La via maestra \u00e8 ormai tracciata dal sentimento popolare:<\/p>\n<ul data-path-to-node=\"11\">\n<li>\n<p data-path-to-node=\"11,0,0\">Reintroduzione delle preferenze: per smettere di accettare passivamente i &#8220;nominati&#8221; dalle segreterie.<\/p>\n<\/li>\n<li>\n<p data-path-to-node=\"11,1,0\">Ritorno al proporzionale: sul modello delle elezioni europee, per restituire valore a ogni singolo voto.<\/p>\n<\/li>\n<\/ul>\n<p data-path-to-node=\"12\">Il Governo Meloni farebbe bene a non sottovalutare questa sconfitta. Il NO non \u00e8 stato solo un rifiuto tecnico, ma un grido di presenza da parte di un elettorato che non accetta di essere spettatore della propria storia.<\/p>","protected":false},"excerpt":{"rendered":"<p>C\u2019\u00e8 un\u2019ironia sottile e brutale nella storia politica italiana, una sorta di &#8220;maledizione del riformatore&#8221; che sembra colpire chiunque tenti di toccare l\u2019architettura costituzionale senza aver fatto i conti con il sentimento profondo del Paese. Quello che balza immediatamente agli occhi oggi, con la vittoria del NO, \u00e8 il fragoroso ritorno degli italiani alle urne: [&hellip;]<\/p>\n","protected":false},"author":2,"featured_media":166969,"comment_status":"closed","ping_status":"open","sticky":false,"template":"","format":"standard","meta":{"footnotes":""},"categories":[5,3446,26],"tags":[],"class_list":["post-168433","post","type-post","status-publish","format-standard","has-post-thumbnail","category-cronaca","category-featured","category-prima-pagina"],"yoast_head":"<!-- This site is optimized with the Yoast SEO plugin v28.4 - https:\/\/yoast.com\/product\/yoast-seo-wordpress\/ -->\n<title>Vince il NO. Torna il fantasma del 2016: quando il referendum diventa un plebiscito - Bellunopress - Dolomiti<\/title>\n<meta name=\"robots\" content=\"index, follow, max-snippet:-1, max-image-preview:large, max-video-preview:-1\" \/>\n<link rel=\"canonical\" href=\"https:\/\/www.bellunopress.it\/fr\/2026\/03\/23\/vince-il-no-torna-il-fantasma-del-2016-quando-il-referendum-diventa-un-plebiscito\/\" \/>\n<meta property=\"og:locale\" content=\"fr_FR\" \/>\n<meta property=\"og:type\" content=\"article\" \/>\n<meta property=\"og:title\" content=\"Vince il NO. Torna il fantasma del 2016: quando il referendum diventa un plebiscito - Bellunopress - Dolomiti\" \/>\n<meta property=\"og:description\" content=\"C\u2019\u00e8 un\u2019ironia sottile e brutale nella storia politica italiana, una sorta di &#8220;maledizione del riformatore&#8221; che sembra colpire chiunque tenti di toccare l\u2019architettura costituzionale senza aver fatto i conti con il sentimento profondo del Paese. Quello che balza immediatamente agli occhi oggi, con la vittoria del NO, \u00e8 il fragoroso ritorno degli italiani alle urne: [&hellip;]\" \/>\n<meta property=\"og:url\" content=\"https:\/\/www.bellunopress.it\/fr\/2026\/03\/23\/vince-il-no-torna-il-fantasma-del-2016-quando-il-referendum-diventa-un-plebiscito\/\" \/>\n<meta property=\"og:site_name\" content=\"Bellunopress - Dolomiti\" \/>\n<meta property=\"article:publisher\" content=\"https:\/\/www.facebook.com\/profile.php?id=100008943462799\" \/>\n<meta property=\"article:published_time\" content=\"2026-03-23T16:49:16+00:00\" \/>\n<meta property=\"og:image\" content=\"https:\/\/www.bellunopress.it\/wp-content\/uploads\/2026\/01\/leditoriale-di-roberto-de-nart.jpg\" \/>\n\t<meta property=\"og:image:width\" content=\"1024\" \/>\n\t<meta property=\"og:image:height\" content=\"335\" \/>\n\t<meta property=\"og:image:type\" content=\"image\/jpeg\" \/>\n<meta name=\"author\" content=\"redazione\" \/>\n<meta name=\"twitter:card\" content=\"summary_large_image\" \/>\n<meta name=\"twitter:creator\" content=\"@bellunopress\" \/>\n<meta name=\"twitter:site\" content=\"@bellunopress\" \/>\n<meta name=\"twitter:label1\" content=\"\u00c9crit par\" \/>\n\t<meta name=\"twitter:data1\" content=\"redazione\" \/>\n\t<meta name=\"twitter:label2\" content=\"Dur\u00e9e de lecture estim\u00e9e\" \/>\n\t<meta name=\"twitter:data2\" content=\"2 minutes\" \/>\n<script type=\"application\/ld+json\" class=\"yoast-schema-graph\">{\"@context\":\"https:\\\/\\\/schema.org\",\"@graph\":[{\"@type\":\"Article\",\"@id\":\"https:\\\/\\\/www.bellunopress.it\\\/2026\\\/03\\\/23\\\/vince-il-no-torna-il-fantasma-del-2016-quando-il-referendum-diventa-un-plebiscito\\\/#article\",\"isPartOf\":{\"@id\":\"https:\\\/\\\/www.bellunopress.it\\\/2026\\\/03\\\/23\\\/vince-il-no-torna-il-fantasma-del-2016-quando-il-referendum-diventa-un-plebiscito\\\/\"},\"author\":{\"name\":\"redazione\",\"@id\":\"https:\\\/\\\/www.bellunopress.it\\\/#\\\/schema\\\/person\\\/79bb06722b37ece1c03d3e94beb30d73\"},\"headline\":\"Vince il NO. Torna il fantasma del 2016: quando il referendum diventa un plebiscito\",\"datePublished\":\"2026-03-23T16:49:16+00:00\",\"mainEntityOfPage\":{\"@id\":\"https:\\\/\\\/www.bellunopress.it\\\/2026\\\/03\\\/23\\\/vince-il-no-torna-il-fantasma-del-2016-quando-il-referendum-diventa-un-plebiscito\\\/\"},\"wordCount\":388,\"publisher\":{\"@id\":\"https:\\\/\\\/www.bellunopress.it\\\/#organization\"},\"image\":{\"@id\":\"https:\\\/\\\/www.bellunopress.it\\\/2026\\\/03\\\/23\\\/vince-il-no-torna-il-fantasma-del-2016-quando-il-referendum-diventa-un-plebiscito\\\/#primaryimage\"},\"thumbnailUrl\":\"https:\\\/\\\/www.bellunopress.it\\\/wp-content\\\/uploads\\\/2026\\\/01\\\/leditoriale-di-roberto-de-nart.jpg\",\"articleSection\":[\"Cronaca\\\/Politica\",\"Featured\",\"Prima Pagina\"],\"inLanguage\":\"fr-FR\"},{\"@type\":\"WebPage\",\"@id\":\"https:\\\/\\\/www.bellunopress.it\\\/2026\\\/03\\\/23\\\/vince-il-no-torna-il-fantasma-del-2016-quando-il-referendum-diventa-un-plebiscito\\\/\",\"url\":\"https:\\\/\\\/www.bellunopress.it\\\/2026\\\/03\\\/23\\\/vince-il-no-torna-il-fantasma-del-2016-quando-il-referendum-diventa-un-plebiscito\\\/\",\"name\":\"Vince il NO. Torna il fantasma del 2016: quando il referendum diventa un plebiscito - Bellunopress - Dolomiti\",\"isPartOf\":{\"@id\":\"https:\\\/\\\/www.bellunopress.it\\\/#website\"},\"primaryImageOfPage\":{\"@id\":\"https:\\\/\\\/www.bellunopress.it\\\/2026\\\/03\\\/23\\\/vince-il-no-torna-il-fantasma-del-2016-quando-il-referendum-diventa-un-plebiscito\\\/#primaryimage\"},\"image\":{\"@id\":\"https:\\\/\\\/www.bellunopress.it\\\/2026\\\/03\\\/23\\\/vince-il-no-torna-il-fantasma-del-2016-quando-il-referendum-diventa-un-plebiscito\\\/#primaryimage\"},\"thumbnailUrl\":\"https:\\\/\\\/www.bellunopress.it\\\/wp-content\\\/uploads\\\/2026\\\/01\\\/leditoriale-di-roberto-de-nart.jpg\",\"datePublished\":\"2026-03-23T16:49:16+00:00\",\"breadcrumb\":{\"@id\":\"https:\\\/\\\/www.bellunopress.it\\\/2026\\\/03\\\/23\\\/vince-il-no-torna-il-fantasma-del-2016-quando-il-referendum-diventa-un-plebiscito\\\/#breadcrumb\"},\"inLanguage\":\"fr-FR\",\"potentialAction\":[{\"@type\":\"ReadAction\",\"target\":[\"https:\\\/\\\/www.bellunopress.it\\\/2026\\\/03\\\/23\\\/vince-il-no-torna-il-fantasma-del-2016-quando-il-referendum-diventa-un-plebiscito\\\/\"]}]},{\"@type\":\"ImageObject\",\"inLanguage\":\"fr-FR\",\"@id\":\"https:\\\/\\\/www.bellunopress.it\\\/2026\\\/03\\\/23\\\/vince-il-no-torna-il-fantasma-del-2016-quando-il-referendum-diventa-un-plebiscito\\\/#primaryimage\",\"url\":\"https:\\\/\\\/www.bellunopress.it\\\/wp-content\\\/uploads\\\/2026\\\/01\\\/leditoriale-di-roberto-de-nart.jpg\",\"contentUrl\":\"https:\\\/\\\/www.bellunopress.it\\\/wp-content\\\/uploads\\\/2026\\\/01\\\/leditoriale-di-roberto-de-nart.jpg\",\"width\":1024,\"height\":335},{\"@type\":\"BreadcrumbList\",\"@id\":\"https:\\\/\\\/www.bellunopress.it\\\/2026\\\/03\\\/23\\\/vince-il-no-torna-il-fantasma-del-2016-quando-il-referendum-diventa-un-plebiscito\\\/#breadcrumb\",\"itemListElement\":[{\"@type\":\"ListItem\",\"position\":1,\"name\":\"Home\",\"item\":\"https:\\\/\\\/www.bellunopress.it\\\/\"},{\"@type\":\"ListItem\",\"position\":2,\"name\":\"Vince il NO. Torna il fantasma del 2016: quando il referendum diventa un plebiscito\"}]},{\"@type\":\"WebSite\",\"@id\":\"https:\\\/\\\/www.bellunopress.it\\\/#website\",\"url\":\"https:\\\/\\\/www.bellunopress.it\\\/\",\"name\":\"Bellunopress - Dolomiti\",\"description\":\"e-mail: redazione@bellunopress.it\",\"publisher\":{\"@id\":\"https:\\\/\\\/www.bellunopress.it\\\/#organization\"},\"potentialAction\":[{\"@type\":\"SearchAction\",\"target\":{\"@type\":\"EntryPoint\",\"urlTemplate\":\"https:\\\/\\\/www.bellunopress.it\\\/?s={search_term_string}\"},\"query-input\":{\"@type\":\"PropertyValueSpecification\",\"valueRequired\":true,\"valueName\":\"search_term_string\"}}],\"inLanguage\":\"fr-FR\"},{\"@type\":\"Organization\",\"@id\":\"https:\\\/\\\/www.bellunopress.it\\\/#organization\",\"name\":\"Bellunopress\",\"url\":\"https:\\\/\\\/www.bellunopress.it\\\/\",\"logo\":{\"@type\":\"ImageObject\",\"inLanguage\":\"fr-FR\",\"@id\":\"https:\\\/\\\/www.bellunopress.it\\\/#\\\/schema\\\/logo\\\/image\\\/\",\"url\":\"https:\\\/\\\/www.bellunopress.it\\\/wp-content\\\/uploads\\\/2011\\\/05\\\/cropped-logo-bellunopress-.jpg\",\"contentUrl\":\"https:\\\/\\\/www.bellunopress.it\\\/wp-content\\\/uploads\\\/2011\\\/05\\\/cropped-logo-bellunopress-.jpg\",\"width\":512,\"height\":512,\"caption\":\"Bellunopress\"},\"image\":{\"@id\":\"https:\\\/\\\/www.bellunopress.it\\\/#\\\/schema\\\/logo\\\/image\\\/\"},\"sameAs\":[\"https:\\\/\\\/www.facebook.com\\\/profile.php?id=100008943462799\",\"https:\\\/\\\/x.com\\\/bellunopress\",\"https:\\\/\\\/www.linkedin.com\\\/hp\\\/?dnr=JBzUWaJfMUw8vbXJJ2tVW5-I3jZKvC4wsoxE&amp;amp;amp;amp;amp;amp;trk=nav_responsive_tab_home\",\"https:\\\/\\\/www.youtube.com\\\/channel\\\/UCxL0wu1uN0_3_7hGG0306cw\"]},{\"@type\":\"Person\",\"@id\":\"https:\\\/\\\/www.bellunopress.it\\\/#\\\/schema\\\/person\\\/79bb06722b37ece1c03d3e94beb30d73\",\"name\":\"redazione\",\"image\":{\"@type\":\"ImageObject\",\"inLanguage\":\"fr-FR\",\"@id\":\"https:\\\/\\\/secure.gravatar.com\\\/avatar\\\/37d968a2e67a6fd04c169c4bdef102d0bc5d31b2546345219e348575eb80e9a0?s=96&d=mm&r=g\",\"url\":\"https:\\\/\\\/secure.gravatar.com\\\/avatar\\\/37d968a2e67a6fd04c169c4bdef102d0bc5d31b2546345219e348575eb80e9a0?s=96&d=mm&r=g\",\"contentUrl\":\"https:\\\/\\\/secure.gravatar.com\\\/avatar\\\/37d968a2e67a6fd04c169c4bdef102d0bc5d31b2546345219e348575eb80e9a0?s=96&d=mm&r=g\",\"caption\":\"redazione\"},\"sameAs\":[\"http:\\\/\\\/www.bellunopress.it\",\"https:\\\/\\\/x.com\\\/bellunopress\"],\"url\":\"https:\\\/\\\/www.bellunopress.it\\\/fr\\\/author\\\/redazione\\\/\"}]}<\/script>\n<!-- \/ Yoast SEO plugin. -->","yoast_head_json":{"title":"Vince il NO. Torna il fantasma del 2016: quando il referendum diventa un plebiscito - Bellunopress - Dolomiti","robots":{"index":"index","follow":"follow","max-snippet":"max-snippet:-1","max-image-preview":"max-image-preview:large","max-video-preview":"max-video-preview:-1"},"canonical":"https:\/\/www.bellunopress.it\/fr\/2026\/03\/23\/vince-il-no-torna-il-fantasma-del-2016-quando-il-referendum-diventa-un-plebiscito\/","og_locale":"fr_FR","og_type":"article","og_title":"Vince il NO. Torna il fantasma del 2016: quando il referendum diventa un plebiscito - Bellunopress - Dolomiti","og_description":"C\u2019\u00e8 un\u2019ironia sottile e brutale nella storia politica italiana, una sorta di &#8220;maledizione del riformatore&#8221; che sembra colpire chiunque tenti di toccare l\u2019architettura costituzionale senza aver fatto i conti con il sentimento profondo del Paese. Quello che balza immediatamente agli occhi oggi, con la vittoria del NO, \u00e8 il fragoroso ritorno degli italiani alle urne: [&hellip;]","og_url":"https:\/\/www.bellunopress.it\/fr\/2026\/03\/23\/vince-il-no-torna-il-fantasma-del-2016-quando-il-referendum-diventa-un-plebiscito\/","og_site_name":"Bellunopress - Dolomiti","article_publisher":"https:\/\/www.facebook.com\/profile.php?id=100008943462799","article_published_time":"2026-03-23T16:49:16+00:00","og_image":[{"width":1024,"height":335,"url":"https:\/\/www.bellunopress.it\/wp-content\/uploads\/2026\/01\/leditoriale-di-roberto-de-nart.jpg","type":"image\/jpeg"}],"author":"redazione","twitter_card":"summary_large_image","twitter_creator":"@bellunopress","twitter_site":"@bellunopress","twitter_misc":{"\u00c9crit par":"redazione","Dur\u00e9e de lecture estim\u00e9e":"2 minutes"},"schema":{"@context":"https:\/\/schema.org","@graph":[{"@type":"Article","@id":"https:\/\/www.bellunopress.it\/2026\/03\/23\/vince-il-no-torna-il-fantasma-del-2016-quando-il-referendum-diventa-un-plebiscito\/#article","isPartOf":{"@id":"https:\/\/www.bellunopress.it\/2026\/03\/23\/vince-il-no-torna-il-fantasma-del-2016-quando-il-referendum-diventa-un-plebiscito\/"},"author":{"name":"redazione","@id":"https:\/\/www.bellunopress.it\/#\/schema\/person\/79bb06722b37ece1c03d3e94beb30d73"},"headline":"Vince il NO. Torna il fantasma del 2016: quando il referendum diventa un plebiscito","datePublished":"2026-03-23T16:49:16+00:00","mainEntityOfPage":{"@id":"https:\/\/www.bellunopress.it\/2026\/03\/23\/vince-il-no-torna-il-fantasma-del-2016-quando-il-referendum-diventa-un-plebiscito\/"},"wordCount":388,"publisher":{"@id":"https:\/\/www.bellunopress.it\/#organization"},"image":{"@id":"https:\/\/www.bellunopress.it\/2026\/03\/23\/vince-il-no-torna-il-fantasma-del-2016-quando-il-referendum-diventa-un-plebiscito\/#primaryimage"},"thumbnailUrl":"https:\/\/www.bellunopress.it\/wp-content\/uploads\/2026\/01\/leditoriale-di-roberto-de-nart.jpg","articleSection":["Cronaca\/Politica","Featured","Prima Pagina"],"inLanguage":"fr-FR"},{"@type":"WebPage","@id":"https:\/\/www.bellunopress.it\/2026\/03\/23\/vince-il-no-torna-il-fantasma-del-2016-quando-il-referendum-diventa-un-plebiscito\/","url":"https:\/\/www.bellunopress.it\/2026\/03\/23\/vince-il-no-torna-il-fantasma-del-2016-quando-il-referendum-diventa-un-plebiscito\/","name":"Vince il NO. Torna il fantasma del 2016: quando il referendum diventa un plebiscito - Bellunopress - Dolomiti","isPartOf":{"@id":"https:\/\/www.bellunopress.it\/#website"},"primaryImageOfPage":{"@id":"https:\/\/www.bellunopress.it\/2026\/03\/23\/vince-il-no-torna-il-fantasma-del-2016-quando-il-referendum-diventa-un-plebiscito\/#primaryimage"},"image":{"@id":"https:\/\/www.bellunopress.it\/2026\/03\/23\/vince-il-no-torna-il-fantasma-del-2016-quando-il-referendum-diventa-un-plebiscito\/#primaryimage"},"thumbnailUrl":"https:\/\/www.bellunopress.it\/wp-content\/uploads\/2026\/01\/leditoriale-di-roberto-de-nart.jpg","datePublished":"2026-03-23T16:49:16+00:00","breadcrumb":{"@id":"https:\/\/www.bellunopress.it\/2026\/03\/23\/vince-il-no-torna-il-fantasma-del-2016-quando-il-referendum-diventa-un-plebiscito\/#breadcrumb"},"inLanguage":"fr-FR","potentialAction":[{"@type":"ReadAction","target":["https:\/\/www.bellunopress.it\/2026\/03\/23\/vince-il-no-torna-il-fantasma-del-2016-quando-il-referendum-diventa-un-plebiscito\/"]}]},{"@type":"ImageObject","inLanguage":"fr-FR","@id":"https:\/\/www.bellunopress.it\/2026\/03\/23\/vince-il-no-torna-il-fantasma-del-2016-quando-il-referendum-diventa-un-plebiscito\/#primaryimage","url":"https:\/\/www.bellunopress.it\/wp-content\/uploads\/2026\/01\/leditoriale-di-roberto-de-nart.jpg","contentUrl":"https:\/\/www.bellunopress.it\/wp-content\/uploads\/2026\/01\/leditoriale-di-roberto-de-nart.jpg","width":1024,"height":335},{"@type":"BreadcrumbList","@id":"https:\/\/www.bellunopress.it\/2026\/03\/23\/vince-il-no-torna-il-fantasma-del-2016-quando-il-referendum-diventa-un-plebiscito\/#breadcrumb","itemListElement":[{"@type":"ListItem","position":1,"name":"Home","item":"https:\/\/www.bellunopress.it\/"},{"@type":"ListItem","position":2,"name":"Vince il NO. Torna il fantasma del 2016: quando il referendum diventa un plebiscito"}]},{"@type":"WebSite","@id":"https:\/\/www.bellunopress.it\/#website","url":"https:\/\/www.bellunopress.it\/","name":"Bellunopress - Dolomiti","description":"e-mail: redazione@bellunopress.it","publisher":{"@id":"https:\/\/www.bellunopress.it\/#organization"},"potentialAction":[{"@type":"SearchAction","target":{"@type":"EntryPoint","urlTemplate":"https:\/\/www.bellunopress.it\/?s={search_term_string}"},"query-input":{"@type":"PropertyValueSpecification","valueRequired":true,"valueName":"search_term_string"}}],"inLanguage":"fr-FR"},{"@type":"Organization","@id":"https:\/\/www.bellunopress.it\/#organization","name":"Bellunopress","url":"https:\/\/www.bellunopress.it\/","logo":{"@type":"ImageObject","inLanguage":"fr-FR","@id":"https:\/\/www.bellunopress.it\/#\/schema\/logo\/image\/","url":"https:\/\/www.bellunopress.it\/wp-content\/uploads\/2011\/05\/cropped-logo-bellunopress-.jpg","contentUrl":"https:\/\/www.bellunopress.it\/wp-content\/uploads\/2011\/05\/cropped-logo-bellunopress-.jpg","width":512,"height":512,"caption":"Bellunopress"},"image":{"@id":"https:\/\/www.bellunopress.it\/#\/schema\/logo\/image\/"},"sameAs":["https:\/\/www.facebook.com\/profile.php?id=100008943462799","https:\/\/x.com\/bellunopress","https:\/\/www.linkedin.com\/hp\/?dnr=JBzUWaJfMUw8vbXJJ2tVW5-I3jZKvC4wsoxE&amp;amp;amp;amp;amp;amp;trk=nav_responsive_tab_home","https:\/\/www.youtube.com\/channel\/UCxL0wu1uN0_3_7hGG0306cw"]},{"@type":"Person","@id":"https:\/\/www.bellunopress.it\/#\/schema\/person\/79bb06722b37ece1c03d3e94beb30d73","name":"r\u00e9daction","image":{"@type":"ImageObject","inLanguage":"fr-FR","@id":"https:\/\/secure.gravatar.com\/avatar\/37d968a2e67a6fd04c169c4bdef102d0bc5d31b2546345219e348575eb80e9a0?s=96&d=mm&r=g","url":"https:\/\/secure.gravatar.com\/avatar\/37d968a2e67a6fd04c169c4bdef102d0bc5d31b2546345219e348575eb80e9a0?s=96&d=mm&r=g","contentUrl":"https:\/\/secure.gravatar.com\/avatar\/37d968a2e67a6fd04c169c4bdef102d0bc5d31b2546345219e348575eb80e9a0?s=96&d=mm&r=g","caption":"redazione"},"sameAs":["http:\/\/www.bellunopress.it","https:\/\/x.com\/bellunopress"],"url":"https:\/\/www.bellunopress.it\/fr\/author\/redazione\/"}]}},"_links":{"self":[{"href":"https:\/\/www.bellunopress.it\/fr\/wp-json\/wp\/v2\/posts\/168433","targetHints":{"allow":["GET"]}}],"collection":[{"href":"https:\/\/www.bellunopress.it\/fr\/wp-json\/wp\/v2\/posts"}],"about":[{"href":"https:\/\/www.bellunopress.it\/fr\/wp-json\/wp\/v2\/types\/post"}],"author":[{"embeddable":true,"href":"https:\/\/www.bellunopress.it\/fr\/wp-json\/wp\/v2\/users\/2"}],"replies":[{"embeddable":true,"href":"https:\/\/www.bellunopress.it\/fr\/wp-json\/wp\/v2\/comments?post=168433"}],"version-history":[{"count":1,"href":"https:\/\/www.bellunopress.it\/fr\/wp-json\/wp\/v2\/posts\/168433\/revisions"}],"predecessor-version":[{"id":168434,"href":"https:\/\/www.bellunopress.it\/fr\/wp-json\/wp\/v2\/posts\/168433\/revisions\/168434"}],"wp:featuredmedia":[{"embeddable":true,"href":"https:\/\/www.bellunopress.it\/fr\/wp-json\/wp\/v2\/media\/166969"}],"wp:attachment":[{"href":"https:\/\/www.bellunopress.it\/fr\/wp-json\/wp\/v2\/media?parent=168433"}],"wp:term":[{"taxonomy":"category","embeddable":true,"href":"https:\/\/www.bellunopress.it\/fr\/wp-json\/wp\/v2\/categories?post=168433"},{"taxonomy":"post_tag","embeddable":true,"href":"https:\/\/www.bellunopress.it\/fr\/wp-json\/wp\/v2\/tags?post=168433"}],"curies":[{"name":"wp","href":"https:\/\/api.w.org\/{rel}","templated":true}]}}