{"id":168431,"date":"2026-03-23T17:40:07","date_gmt":"2026-03-23T16:40:07","guid":{"rendered":"https:\/\/www.bellunopress.it\/?p=168431"},"modified":"2026-03-23T17:40:07","modified_gmt":"2026-03-23T16:40:07","slug":"il-manoscritto-430-di-urbano-bolzanio-torna-a-raccontare-il-rinascimento-bellunese-giovedi-sera-in-biblioteca-civica-di-belluno","status":"publish","type":"post","link":"https:\/\/www.bellunopress.it\/fr\/2026\/03\/23\/il-manoscritto-430-di-urbano-bolzanio-torna-a-raccontare-il-rinascimento-bellunese-giovedi-sera-in-biblioteca-civica-di-belluno\/","title":{"rendered":"Il manoscritto 430 di Urbano Bolzanio torna a raccontare il Rinascimento bellunese. Gioved\u00ec sera in Biblioteca civica di Belluno"},"content":{"rendered":"<p>Sar\u00e0 una serata dedicata alla storia, alla cultura e all\u2019identit\u00e0 del territorio quella in programma gioved\u00ec 26 marzo alle 18.00 a Palazzo Crepadona, dove verr\u00e0 presentato ufficialmente il restauro del manoscritto 430 dell\u2019umanista Urbano Bolzanio. L\u2019iniziativa, dal titolo \u201cMemoria restituita. Il codice 430 di Urbano Bolzanio: un prezioso testimone del Rinascimento bellunese\u201d, rappresenta il momento pubblico di restituzione alla comunit\u00e0 di un importante lavoro di recupero e valorizzazione avviato nei mesi scorsi. Il restauro \u00e8 stato reso possibile grazie al sostegno del Soroptimist International Club Belluno Feltre e dell\u2019ufficio consulenti finanziari di Banca Mediolanum.<\/p>\n<p>\u201cLa tutela e la valorizzazione del nostro patrimonio culturale rappresentano una responsabilit\u00e0 civica che riguarda tutti noi \u2013 dichiara il sindaco, Oscar De Pellegrin \u2013. In ogni manoscritto, in ogni opera che custodiamo, si riflette l\u2019identit\u00e0 profonda della nostra comunit\u00e0, la sua storia e il suo modo di stare al mondo. Il restauro del manoscritto 430 \u00e8 quindi molto pi\u00f9 di un intervento conservativo: \u00e8 un gesto di grande senso civico, che testimonia quanto sia importante, oggi, prendersi cura di ci\u00f2 che abbiamo ricevuto in eredit\u00e0 per poterlo trasmettere alle generazioni future. In questo percorso, la collaborazione tra istituzioni e realt\u00e0 del territorio si conferma fondamentale, perch\u00e9 \u00e8 proprio attraverso queste alleanze che il patrimonio culturale continua a essere un bene vivo, condiviso e riconosciuto da tutti. Ringrazio Soroptomist e Mediolanum per il gesto di grande generosit\u00e0\u201d.<\/p>\n<p>Il manoscritto 430, conservato presso la Biblioteca civica, \u00e8 riconosciuto come un autografo di Urbano Bolzanio (1442-1524), figura di primo piano dell\u2019umanesimo veneto bellunese, noto anche per aver collaborato con Aldo Manuzio. Il codice contiene traduzioni attribuite all\u2019umanista e rappresenta una testimonianza di grande valore per la storia culturale locale. Durante la serata interverranno Graziella De Pra, presidente del Soroptomist Belluno Feltre, la restauratrice Viviana Molinari, che illustrer\u00e0 il lavoro eseguito sul manoscritto, e Rudi De Sandre, che approfondir\u00e0 storia e contenuti del codice.<\/p>\n<p>\u201cQuesto momento rappresenta molto pi\u00f9 di una semplice restituzione materiale \u2013 dichiara l\u2019assessore alla cultura Raffaele Addamiano \u2013. \u00c8 il segno concreto di una comunit\u00e0 che riconosce il valore della propria memoria e sceglie di prendersene cura. Il recupero del manoscritto 430 nasce da una sinergia virtuosa tra pubblico e privato, capace di tradurre in azione quel principio di tutela e promozione del patrimonio culturale che la nostra Costituzione afferma con forza nell\u2019articolo 9. A nome dell\u2019Amministrazione comunale esprimo un sincero ringraziamento a tutti coloro che hanno contribuito, con passione e generosit\u00e0, a questo intervento: grazie a loro oggi restituiamo nuova vita a un bene di straordinario valore storico, culturale e artistico, che appartiene non solo a Belluno, ma all\u2019intero patrimonio nazionale\u201d.<\/p>\n<p>Nel corso dell\u2019incontro verranno illustrati nel dettaglio gli interventi realizzati per restituire leggibilit\u00e0 e conservazione al manoscritto, che continuer\u00e0 a essere custodito presso la Biblioteca civica, a disposizione degli studiosi e della comunit\u00e0.<br \/>\nL\u2019appuntamento si inserisce nel percorso di valorizzazione del patrimonio storico e documentale cittadino, con l\u2019obiettivo di renderlo sempre pi\u00f9 accessibile e condiviso.<\/p>","protected":false},"excerpt":{"rendered":"<p>Sar\u00e0 una serata dedicata alla storia, alla cultura e all\u2019identit\u00e0 del territorio quella in programma gioved\u00ec 26 marzo alle 18.00 a Palazzo Crepadona, dove verr\u00e0 presentato ufficialmente il restauro del manoscritto 430 dell\u2019umanista Urbano Bolzanio. L\u2019iniziativa, dal titolo \u201cMemoria restituita. Il codice 430 di Urbano Bolzanio: un prezioso testimone del Rinascimento bellunese\u201d, rappresenta il momento [&hellip;]<\/p>\n","protected":false},"author":2,"featured_media":155410,"comment_status":"closed","ping_status":"open","sticky":false,"template":"","format":"standard","meta":{"footnotes":""},"categories":[27,3,25],"tags":[],"class_list":["post-168431","post","type-post","status-publish","format-standard","has-post-thumbnail","category-appuntamenti","category-arte-cultura-spettacoli-scienza-archivi","category-pausa-caffe"],"yoast_head":"<!-- This site is optimized with the Yoast SEO plugin v28.4 - https:\/\/yoast.com\/product\/yoast-seo-wordpress\/ -->\n<title>Il manoscritto 430 di Urbano Bolzanio torna a raccontare il Rinascimento bellunese. Gioved\u00ec sera in Biblioteca civica di Belluno - Bellunopress - Dolomiti<\/title>\n<meta name=\"robots\" content=\"index, follow, max-snippet:-1, max-image-preview:large, max-video-preview:-1\" \/>\n<link rel=\"canonical\" href=\"https:\/\/www.bellunopress.it\/fr\/2026\/03\/23\/il-manoscritto-430-di-urbano-bolzanio-torna-a-raccontare-il-rinascimento-bellunese-giovedi-sera-in-biblioteca-civica-di-belluno\/\" \/>\n<meta property=\"og:locale\" content=\"fr_FR\" \/>\n<meta property=\"og:type\" content=\"article\" \/>\n<meta property=\"og:title\" content=\"Il manoscritto 430 di Urbano Bolzanio torna a raccontare il Rinascimento bellunese. Gioved\u00ec sera in Biblioteca civica di Belluno - Bellunopress - Dolomiti\" \/>\n<meta property=\"og:description\" content=\"Sar\u00e0 una serata dedicata alla storia, alla cultura e all\u2019identit\u00e0 del territorio quella in programma gioved\u00ec 26 marzo alle 18.00 a Palazzo Crepadona, dove verr\u00e0 presentato ufficialmente il restauro del manoscritto 430 dell\u2019umanista Urbano Bolzanio. L\u2019iniziativa, dal titolo \u201cMemoria restituita. Il codice 430 di Urbano Bolzanio: un prezioso testimone del Rinascimento bellunese\u201d, rappresenta il momento [&hellip;]\" \/>\n<meta property=\"og:url\" content=\"https:\/\/www.bellunopress.it\/fr\/2026\/03\/23\/il-manoscritto-430-di-urbano-bolzanio-torna-a-raccontare-il-rinascimento-bellunese-giovedi-sera-in-biblioteca-civica-di-belluno\/\" \/>\n<meta property=\"og:site_name\" content=\"Bellunopress - Dolomiti\" \/>\n<meta property=\"article:publisher\" content=\"https:\/\/www.facebook.com\/profile.php?id=100008943462799\" \/>\n<meta property=\"article:published_time\" content=\"2026-03-23T16:40:07+00:00\" \/>\n<meta property=\"og:image\" content=\"https:\/\/www.bellunopress.it\/wp-content\/uploads\/2024\/10\/crepadona-biblioteca-1_edited.jpg\" \/>\n\t<meta property=\"og:image:width\" content=\"1000\" \/>\n\t<meta property=\"og:image:height\" content=\"750\" \/>\n\t<meta property=\"og:image:type\" content=\"image\/jpeg\" \/>\n<meta name=\"author\" content=\"redazione\" \/>\n<meta name=\"twitter:card\" content=\"summary_large_image\" \/>\n<meta name=\"twitter:creator\" content=\"@bellunopress\" \/>\n<meta name=\"twitter:site\" content=\"@bellunopress\" \/>\n<meta name=\"twitter:label1\" content=\"\u00c9crit par\" \/>\n\t<meta name=\"twitter:data1\" content=\"redazione\" \/>\n\t<meta name=\"twitter:label2\" content=\"Dur\u00e9e de lecture estim\u00e9e\" \/>\n\t<meta name=\"twitter:data2\" content=\"2 minutes\" \/>\n<script type=\"application\/ld+json\" class=\"yoast-schema-graph\">{\"@context\":\"https:\\\/\\\/schema.org\",\"@graph\":[{\"@type\":\"Article\",\"@id\":\"https:\\\/\\\/www.bellunopress.it\\\/2026\\\/03\\\/23\\\/il-manoscritto-430-di-urbano-bolzanio-torna-a-raccontare-il-rinascimento-bellunese-giovedi-sera-in-biblioteca-civica-di-belluno\\\/#article\",\"isPartOf\":{\"@id\":\"https:\\\/\\\/www.bellunopress.it\\\/2026\\\/03\\\/23\\\/il-manoscritto-430-di-urbano-bolzanio-torna-a-raccontare-il-rinascimento-bellunese-giovedi-sera-in-biblioteca-civica-di-belluno\\\/\"},\"author\":{\"name\":\"redazione\",\"@id\":\"https:\\\/\\\/www.bellunopress.it\\\/#\\\/schema\\\/person\\\/79bb06722b37ece1c03d3e94beb30d73\"},\"headline\":\"Il manoscritto 430 di Urbano Bolzanio torna a raccontare il Rinascimento bellunese. Gioved\u00ec sera in Biblioteca civica di Belluno\",\"datePublished\":\"2026-03-23T16:40:07+00:00\",\"mainEntityOfPage\":{\"@id\":\"https:\\\/\\\/www.bellunopress.it\\\/2026\\\/03\\\/23\\\/il-manoscritto-430-di-urbano-bolzanio-torna-a-raccontare-il-rinascimento-bellunese-giovedi-sera-in-biblioteca-civica-di-belluno\\\/\"},\"wordCount\":506,\"publisher\":{\"@id\":\"https:\\\/\\\/www.bellunopress.it\\\/#organization\"},\"image\":{\"@id\":\"https:\\\/\\\/www.bellunopress.it\\\/2026\\\/03\\\/23\\\/il-manoscritto-430-di-urbano-bolzanio-torna-a-raccontare-il-rinascimento-bellunese-giovedi-sera-in-biblioteca-civica-di-belluno\\\/#primaryimage\"},\"thumbnailUrl\":\"https:\\\/\\\/www.bellunopress.it\\\/wp-content\\\/uploads\\\/2024\\\/10\\\/crepadona-biblioteca-1_edited.jpg\",\"articleSection\":[\"Appuntamenti, Eventi\",\"Arte, Cultura, Spettacoli, Scienza\",\"Pausa Caff\u00e8\"],\"inLanguage\":\"fr-FR\"},{\"@type\":\"WebPage\",\"@id\":\"https:\\\/\\\/www.bellunopress.it\\\/2026\\\/03\\\/23\\\/il-manoscritto-430-di-urbano-bolzanio-torna-a-raccontare-il-rinascimento-bellunese-giovedi-sera-in-biblioteca-civica-di-belluno\\\/\",\"url\":\"https:\\\/\\\/www.bellunopress.it\\\/2026\\\/03\\\/23\\\/il-manoscritto-430-di-urbano-bolzanio-torna-a-raccontare-il-rinascimento-bellunese-giovedi-sera-in-biblioteca-civica-di-belluno\\\/\",\"name\":\"Il manoscritto 430 di Urbano Bolzanio torna a raccontare il Rinascimento bellunese. Gioved\u00ec sera in Biblioteca civica di Belluno - Bellunopress - Dolomiti\",\"isPartOf\":{\"@id\":\"https:\\\/\\\/www.bellunopress.it\\\/#website\"},\"primaryImageOfPage\":{\"@id\":\"https:\\\/\\\/www.bellunopress.it\\\/2026\\\/03\\\/23\\\/il-manoscritto-430-di-urbano-bolzanio-torna-a-raccontare-il-rinascimento-bellunese-giovedi-sera-in-biblioteca-civica-di-belluno\\\/#primaryimage\"},\"image\":{\"@id\":\"https:\\\/\\\/www.bellunopress.it\\\/2026\\\/03\\\/23\\\/il-manoscritto-430-di-urbano-bolzanio-torna-a-raccontare-il-rinascimento-bellunese-giovedi-sera-in-biblioteca-civica-di-belluno\\\/#primaryimage\"},\"thumbnailUrl\":\"https:\\\/\\\/www.bellunopress.it\\\/wp-content\\\/uploads\\\/2024\\\/10\\\/crepadona-biblioteca-1_edited.jpg\",\"datePublished\":\"2026-03-23T16:40:07+00:00\",\"breadcrumb\":{\"@id\":\"https:\\\/\\\/www.bellunopress.it\\\/2026\\\/03\\\/23\\\/il-manoscritto-430-di-urbano-bolzanio-torna-a-raccontare-il-rinascimento-bellunese-giovedi-sera-in-biblioteca-civica-di-belluno\\\/#breadcrumb\"},\"inLanguage\":\"fr-FR\",\"potentialAction\":[{\"@type\":\"ReadAction\",\"target\":[\"https:\\\/\\\/www.bellunopress.it\\\/2026\\\/03\\\/23\\\/il-manoscritto-430-di-urbano-bolzanio-torna-a-raccontare-il-rinascimento-bellunese-giovedi-sera-in-biblioteca-civica-di-belluno\\\/\"]}]},{\"@type\":\"ImageObject\",\"inLanguage\":\"fr-FR\",\"@id\":\"https:\\\/\\\/www.bellunopress.it\\\/2026\\\/03\\\/23\\\/il-manoscritto-430-di-urbano-bolzanio-torna-a-raccontare-il-rinascimento-bellunese-giovedi-sera-in-biblioteca-civica-di-belluno\\\/#primaryimage\",\"url\":\"https:\\\/\\\/www.bellunopress.it\\\/wp-content\\\/uploads\\\/2024\\\/10\\\/crepadona-biblioteca-1_edited.jpg\",\"contentUrl\":\"https:\\\/\\\/www.bellunopress.it\\\/wp-content\\\/uploads\\\/2024\\\/10\\\/crepadona-biblioteca-1_edited.jpg\",\"width\":1000,\"height\":750,\"caption\":\"Palazzo Crepadona, sede della Biblioteca Civica di Belluno\"},{\"@type\":\"BreadcrumbList\",\"@id\":\"https:\\\/\\\/www.bellunopress.it\\\/2026\\\/03\\\/23\\\/il-manoscritto-430-di-urbano-bolzanio-torna-a-raccontare-il-rinascimento-bellunese-giovedi-sera-in-biblioteca-civica-di-belluno\\\/#breadcrumb\",\"itemListElement\":[{\"@type\":\"ListItem\",\"position\":1,\"name\":\"Home\",\"item\":\"https:\\\/\\\/www.bellunopress.it\\\/\"},{\"@type\":\"ListItem\",\"position\":2,\"name\":\"Il manoscritto 430 di Urbano Bolzanio torna a raccontare il Rinascimento bellunese. Gioved\u00ec sera in Biblioteca civica di Belluno\"}]},{\"@type\":\"WebSite\",\"@id\":\"https:\\\/\\\/www.bellunopress.it\\\/#website\",\"url\":\"https:\\\/\\\/www.bellunopress.it\\\/\",\"name\":\"Bellunopress - Dolomiti\",\"description\":\"e-mail: redazione@bellunopress.it\",\"publisher\":{\"@id\":\"https:\\\/\\\/www.bellunopress.it\\\/#organization\"},\"potentialAction\":[{\"@type\":\"SearchAction\",\"target\":{\"@type\":\"EntryPoint\",\"urlTemplate\":\"https:\\\/\\\/www.bellunopress.it\\\/?s={search_term_string}\"},\"query-input\":{\"@type\":\"PropertyValueSpecification\",\"valueRequired\":true,\"valueName\":\"search_term_string\"}}],\"inLanguage\":\"fr-FR\"},{\"@type\":\"Organization\",\"@id\":\"https:\\\/\\\/www.bellunopress.it\\\/#organization\",\"name\":\"Bellunopress\",\"url\":\"https:\\\/\\\/www.bellunopress.it\\\/\",\"logo\":{\"@type\":\"ImageObject\",\"inLanguage\":\"fr-FR\",\"@id\":\"https:\\\/\\\/www.bellunopress.it\\\/#\\\/schema\\\/logo\\\/image\\\/\",\"url\":\"https:\\\/\\\/www.bellunopress.it\\\/wp-content\\\/uploads\\\/2011\\\/05\\\/cropped-logo-bellunopress-.jpg\",\"contentUrl\":\"https:\\\/\\\/www.bellunopress.it\\\/wp-content\\\/uploads\\\/2011\\\/05\\\/cropped-logo-bellunopress-.jpg\",\"width\":512,\"height\":512,\"caption\":\"Bellunopress\"},\"image\":{\"@id\":\"https:\\\/\\\/www.bellunopress.it\\\/#\\\/schema\\\/logo\\\/image\\\/\"},\"sameAs\":[\"https:\\\/\\\/www.facebook.com\\\/profile.php?id=100008943462799\",\"https:\\\/\\\/x.com\\\/bellunopress\",\"https:\\\/\\\/www.linkedin.com\\\/hp\\\/?dnr=JBzUWaJfMUw8vbXJJ2tVW5-I3jZKvC4wsoxE&amp;amp;amp;amp;amp;amp;trk=nav_responsive_tab_home\",\"https:\\\/\\\/www.youtube.com\\\/channel\\\/UCxL0wu1uN0_3_7hGG0306cw\"]},{\"@type\":\"Person\",\"@id\":\"https:\\\/\\\/www.bellunopress.it\\\/#\\\/schema\\\/person\\\/79bb06722b37ece1c03d3e94beb30d73\",\"name\":\"redazione\",\"image\":{\"@type\":\"ImageObject\",\"inLanguage\":\"fr-FR\",\"@id\":\"https:\\\/\\\/secure.gravatar.com\\\/avatar\\\/37d968a2e67a6fd04c169c4bdef102d0bc5d31b2546345219e348575eb80e9a0?s=96&d=mm&r=g\",\"url\":\"https:\\\/\\\/secure.gravatar.com\\\/avatar\\\/37d968a2e67a6fd04c169c4bdef102d0bc5d31b2546345219e348575eb80e9a0?s=96&d=mm&r=g\",\"contentUrl\":\"https:\\\/\\\/secure.gravatar.com\\\/avatar\\\/37d968a2e67a6fd04c169c4bdef102d0bc5d31b2546345219e348575eb80e9a0?s=96&d=mm&r=g\",\"caption\":\"redazione\"},\"sameAs\":[\"http:\\\/\\\/www.bellunopress.it\",\"https:\\\/\\\/x.com\\\/bellunopress\"],\"url\":\"https:\\\/\\\/www.bellunopress.it\\\/fr\\\/author\\\/redazione\\\/\"}]}<\/script>\n<!-- \/ Yoast SEO plugin. -->","yoast_head_json":{"title":"Il manoscritto 430 di Urbano Bolzanio torna a raccontare il Rinascimento bellunese. Gioved\u00ec sera in Biblioteca civica di Belluno - Bellunopress - Dolomiti","robots":{"index":"index","follow":"follow","max-snippet":"max-snippet:-1","max-image-preview":"max-image-preview:large","max-video-preview":"max-video-preview:-1"},"canonical":"https:\/\/www.bellunopress.it\/fr\/2026\/03\/23\/il-manoscritto-430-di-urbano-bolzanio-torna-a-raccontare-il-rinascimento-bellunese-giovedi-sera-in-biblioteca-civica-di-belluno\/","og_locale":"fr_FR","og_type":"article","og_title":"Il manoscritto 430 di Urbano Bolzanio torna a raccontare il Rinascimento bellunese. Gioved\u00ec sera in Biblioteca civica di Belluno - Bellunopress - Dolomiti","og_description":"Sar\u00e0 una serata dedicata alla storia, alla cultura e all\u2019identit\u00e0 del territorio quella in programma gioved\u00ec 26 marzo alle 18.00 a Palazzo Crepadona, dove verr\u00e0 presentato ufficialmente il restauro del manoscritto 430 dell\u2019umanista Urbano Bolzanio. L\u2019iniziativa, dal titolo \u201cMemoria restituita. Il codice 430 di Urbano Bolzanio: un prezioso testimone del Rinascimento bellunese\u201d, rappresenta il momento [&hellip;]","og_url":"https:\/\/www.bellunopress.it\/fr\/2026\/03\/23\/il-manoscritto-430-di-urbano-bolzanio-torna-a-raccontare-il-rinascimento-bellunese-giovedi-sera-in-biblioteca-civica-di-belluno\/","og_site_name":"Bellunopress - Dolomiti","article_publisher":"https:\/\/www.facebook.com\/profile.php?id=100008943462799","article_published_time":"2026-03-23T16:40:07+00:00","og_image":[{"width":1000,"height":750,"url":"https:\/\/www.bellunopress.it\/wp-content\/uploads\/2024\/10\/crepadona-biblioteca-1_edited.jpg","type":"image\/jpeg"}],"author":"redazione","twitter_card":"summary_large_image","twitter_creator":"@bellunopress","twitter_site":"@bellunopress","twitter_misc":{"\u00c9crit par":"redazione","Dur\u00e9e de lecture estim\u00e9e":"2 minutes"},"schema":{"@context":"https:\/\/schema.org","@graph":[{"@type":"Article","@id":"https:\/\/www.bellunopress.it\/2026\/03\/23\/il-manoscritto-430-di-urbano-bolzanio-torna-a-raccontare-il-rinascimento-bellunese-giovedi-sera-in-biblioteca-civica-di-belluno\/#article","isPartOf":{"@id":"https:\/\/www.bellunopress.it\/2026\/03\/23\/il-manoscritto-430-di-urbano-bolzanio-torna-a-raccontare-il-rinascimento-bellunese-giovedi-sera-in-biblioteca-civica-di-belluno\/"},"author":{"name":"redazione","@id":"https:\/\/www.bellunopress.it\/#\/schema\/person\/79bb06722b37ece1c03d3e94beb30d73"},"headline":"Il manoscritto 430 di Urbano Bolzanio torna a raccontare il Rinascimento bellunese. Gioved\u00ec sera in Biblioteca civica di Belluno","datePublished":"2026-03-23T16:40:07+00:00","mainEntityOfPage":{"@id":"https:\/\/www.bellunopress.it\/2026\/03\/23\/il-manoscritto-430-di-urbano-bolzanio-torna-a-raccontare-il-rinascimento-bellunese-giovedi-sera-in-biblioteca-civica-di-belluno\/"},"wordCount":506,"publisher":{"@id":"https:\/\/www.bellunopress.it\/#organization"},"image":{"@id":"https:\/\/www.bellunopress.it\/2026\/03\/23\/il-manoscritto-430-di-urbano-bolzanio-torna-a-raccontare-il-rinascimento-bellunese-giovedi-sera-in-biblioteca-civica-di-belluno\/#primaryimage"},"thumbnailUrl":"https:\/\/www.bellunopress.it\/wp-content\/uploads\/2024\/10\/crepadona-biblioteca-1_edited.jpg","articleSection":["Appuntamenti, Eventi","Arte, Cultura, Spettacoli, Scienza","Pausa Caff\u00e8"],"inLanguage":"fr-FR"},{"@type":"WebPage","@id":"https:\/\/www.bellunopress.it\/2026\/03\/23\/il-manoscritto-430-di-urbano-bolzanio-torna-a-raccontare-il-rinascimento-bellunese-giovedi-sera-in-biblioteca-civica-di-belluno\/","url":"https:\/\/www.bellunopress.it\/2026\/03\/23\/il-manoscritto-430-di-urbano-bolzanio-torna-a-raccontare-il-rinascimento-bellunese-giovedi-sera-in-biblioteca-civica-di-belluno\/","name":"Il manoscritto 430 di Urbano Bolzanio torna a raccontare il Rinascimento bellunese. Gioved\u00ec sera in Biblioteca civica di Belluno - Bellunopress - Dolomiti","isPartOf":{"@id":"https:\/\/www.bellunopress.it\/#website"},"primaryImageOfPage":{"@id":"https:\/\/www.bellunopress.it\/2026\/03\/23\/il-manoscritto-430-di-urbano-bolzanio-torna-a-raccontare-il-rinascimento-bellunese-giovedi-sera-in-biblioteca-civica-di-belluno\/#primaryimage"},"image":{"@id":"https:\/\/www.bellunopress.it\/2026\/03\/23\/il-manoscritto-430-di-urbano-bolzanio-torna-a-raccontare-il-rinascimento-bellunese-giovedi-sera-in-biblioteca-civica-di-belluno\/#primaryimage"},"thumbnailUrl":"https:\/\/www.bellunopress.it\/wp-content\/uploads\/2024\/10\/crepadona-biblioteca-1_edited.jpg","datePublished":"2026-03-23T16:40:07+00:00","breadcrumb":{"@id":"https:\/\/www.bellunopress.it\/2026\/03\/23\/il-manoscritto-430-di-urbano-bolzanio-torna-a-raccontare-il-rinascimento-bellunese-giovedi-sera-in-biblioteca-civica-di-belluno\/#breadcrumb"},"inLanguage":"fr-FR","potentialAction":[{"@type":"ReadAction","target":["https:\/\/www.bellunopress.it\/2026\/03\/23\/il-manoscritto-430-di-urbano-bolzanio-torna-a-raccontare-il-rinascimento-bellunese-giovedi-sera-in-biblioteca-civica-di-belluno\/"]}]},{"@type":"ImageObject","inLanguage":"fr-FR","@id":"https:\/\/www.bellunopress.it\/2026\/03\/23\/il-manoscritto-430-di-urbano-bolzanio-torna-a-raccontare-il-rinascimento-bellunese-giovedi-sera-in-biblioteca-civica-di-belluno\/#primaryimage","url":"https:\/\/www.bellunopress.it\/wp-content\/uploads\/2024\/10\/crepadona-biblioteca-1_edited.jpg","contentUrl":"https:\/\/www.bellunopress.it\/wp-content\/uploads\/2024\/10\/crepadona-biblioteca-1_edited.jpg","width":1000,"height":750,"caption":"Palazzo Crepadona, sede della Biblioteca Civica di Belluno"},{"@type":"BreadcrumbList","@id":"https:\/\/www.bellunopress.it\/2026\/03\/23\/il-manoscritto-430-di-urbano-bolzanio-torna-a-raccontare-il-rinascimento-bellunese-giovedi-sera-in-biblioteca-civica-di-belluno\/#breadcrumb","itemListElement":[{"@type":"ListItem","position":1,"name":"Home","item":"https:\/\/www.bellunopress.it\/"},{"@type":"ListItem","position":2,"name":"Il manoscritto 430 di Urbano Bolzanio torna a raccontare il Rinascimento bellunese. Gioved\u00ec sera in Biblioteca civica di Belluno"}]},{"@type":"WebSite","@id":"https:\/\/www.bellunopress.it\/#website","url":"https:\/\/www.bellunopress.it\/","name":"Bellunopress - Dolomiti","description":"e-mail: redazione@bellunopress.it","publisher":{"@id":"https:\/\/www.bellunopress.it\/#organization"},"potentialAction":[{"@type":"SearchAction","target":{"@type":"EntryPoint","urlTemplate":"https:\/\/www.bellunopress.it\/?s={search_term_string}"},"query-input":{"@type":"PropertyValueSpecification","valueRequired":true,"valueName":"search_term_string"}}],"inLanguage":"fr-FR"},{"@type":"Organization","@id":"https:\/\/www.bellunopress.it\/#organization","name":"Bellunopress","url":"https:\/\/www.bellunopress.it\/","logo":{"@type":"ImageObject","inLanguage":"fr-FR","@id":"https:\/\/www.bellunopress.it\/#\/schema\/logo\/image\/","url":"https:\/\/www.bellunopress.it\/wp-content\/uploads\/2011\/05\/cropped-logo-bellunopress-.jpg","contentUrl":"https:\/\/www.bellunopress.it\/wp-content\/uploads\/2011\/05\/cropped-logo-bellunopress-.jpg","width":512,"height":512,"caption":"Bellunopress"},"image":{"@id":"https:\/\/www.bellunopress.it\/#\/schema\/logo\/image\/"},"sameAs":["https:\/\/www.facebook.com\/profile.php?id=100008943462799","https:\/\/x.com\/bellunopress","https:\/\/www.linkedin.com\/hp\/?dnr=JBzUWaJfMUw8vbXJJ2tVW5-I3jZKvC4wsoxE&amp;amp;amp;amp;amp;amp;trk=nav_responsive_tab_home","https:\/\/www.youtube.com\/channel\/UCxL0wu1uN0_3_7hGG0306cw"]},{"@type":"Person","@id":"https:\/\/www.bellunopress.it\/#\/schema\/person\/79bb06722b37ece1c03d3e94beb30d73","name":"r\u00e9daction","image":{"@type":"ImageObject","inLanguage":"fr-FR","@id":"https:\/\/secure.gravatar.com\/avatar\/37d968a2e67a6fd04c169c4bdef102d0bc5d31b2546345219e348575eb80e9a0?s=96&d=mm&r=g","url":"https:\/\/secure.gravatar.com\/avatar\/37d968a2e67a6fd04c169c4bdef102d0bc5d31b2546345219e348575eb80e9a0?s=96&d=mm&r=g","contentUrl":"https:\/\/secure.gravatar.com\/avatar\/37d968a2e67a6fd04c169c4bdef102d0bc5d31b2546345219e348575eb80e9a0?s=96&d=mm&r=g","caption":"redazione"},"sameAs":["http:\/\/www.bellunopress.it","https:\/\/x.com\/bellunopress"],"url":"https:\/\/www.bellunopress.it\/fr\/author\/redazione\/"}]}},"_links":{"self":[{"href":"https:\/\/www.bellunopress.it\/fr\/wp-json\/wp\/v2\/posts\/168431","targetHints":{"allow":["GET"]}}],"collection":[{"href":"https:\/\/www.bellunopress.it\/fr\/wp-json\/wp\/v2\/posts"}],"about":[{"href":"https:\/\/www.bellunopress.it\/fr\/wp-json\/wp\/v2\/types\/post"}],"author":[{"embeddable":true,"href":"https:\/\/www.bellunopress.it\/fr\/wp-json\/wp\/v2\/users\/2"}],"replies":[{"embeddable":true,"href":"https:\/\/www.bellunopress.it\/fr\/wp-json\/wp\/v2\/comments?post=168431"}],"version-history":[{"count":1,"href":"https:\/\/www.bellunopress.it\/fr\/wp-json\/wp\/v2\/posts\/168431\/revisions"}],"predecessor-version":[{"id":168432,"href":"https:\/\/www.bellunopress.it\/fr\/wp-json\/wp\/v2\/posts\/168431\/revisions\/168432"}],"wp:featuredmedia":[{"embeddable":true,"href":"https:\/\/www.bellunopress.it\/fr\/wp-json\/wp\/v2\/media\/155410"}],"wp:attachment":[{"href":"https:\/\/www.bellunopress.it\/fr\/wp-json\/wp\/v2\/media?parent=168431"}],"wp:term":[{"taxonomy":"category","embeddable":true,"href":"https:\/\/www.bellunopress.it\/fr\/wp-json\/wp\/v2\/categories?post=168431"},{"taxonomy":"post_tag","embeddable":true,"href":"https:\/\/www.bellunopress.it\/fr\/wp-json\/wp\/v2\/tags?post=168431"}],"curies":[{"name":"wp","href":"https:\/\/api.w.org\/{rel}","templated":true}]}}