{"id":168413,"date":"2026-03-22T09:30:29","date_gmt":"2026-03-22T08:30:29","guid":{"rendered":"https:\/\/www.bellunopress.it\/?p=168413"},"modified":"2026-03-22T09:30:29","modified_gmt":"2026-03-22T08:30:29","slug":"liberta-di-stampa-litalia-scivola-al-49-posto-perche-siamo-lultimo-vagone-delleuropa-occidentale","status":"publish","type":"post","link":"https:\/\/www.bellunopress.it\/fr\/2026\/03\/22\/liberta-di-stampa-litalia-scivola-al-49-posto-perche-siamo-lultimo-vagone-delleuropa-occidentale\/","title":{"rendered":"Libert\u00e0 di stampa: l&#8217;Italia scivola al 49\u00b0 posto. Perch\u00e9 siamo l&#8217;ultimo vagone dell&#8217;Europa Occidentale?"},"content":{"rendered":"<p data-path-to-node=\"3\">Roma, 22\/03\/2026\u00a0\u2013 Non \u00e8 solo un numero, \u00e8 un segnale d&#8217;allarme che risuona nelle redazioni e nelle istituzioni europee. Secondo l&#8217;ultimo rapporto di Reporters Sans Fronti\u00e8res (RSF), l&#8217;Italia occupa il 49\u00b0 posto nella classifica mondiale della libert\u00e0 di stampa. Un posizionamento che ci vede declassati rispetto agli anni precedenti (eravamo al 46\u00b0 nel 2024) e che ci isola dal resto dei grandi partner dell&#8217;Europa Occidentale.<\/p>\n<p data-path-to-node=\"5\">Mentre i Paesi del Nord Europa continuano a guidare la classifica con punteggi d&#8217;eccellenza, l&#8217;Italia fatica a risalire la china. Il confronto con i vicini di casa \u00e8 impietoso:<\/p>\n<ul data-path-to-node=\"6\">\n<li>\n<p data-path-to-node=\"6,0,0\">Norvegia, Estonia e Paesi Bassi presidiano saldamente il podio (1\u00b0, 2\u00b0 e 3\u00b0 posto).<\/p>\n<\/li>\n<li>\n<p data-path-to-node=\"6,1,0\">La Germania (11\u00b0) e la Francia (25\u00b0) mantengono posizioni di alta classifica, nonostante alcune criticit\u00e0 interne.<\/p>\n<\/li>\n<li>\n<p data-path-to-node=\"6,2,0\">L&#8217;Italia (49\u00b0) si ritrova invece a ridosso di Paesi come la Romania e sotto nazioni come il Belize o le Seychelles.<\/p>\n<\/li>\n<\/ul>\n<p data-path-to-node=\"7\">Siamo, di fatto, il fanalino di coda dell&#8217;Europa Occidentale.<\/p>\n<h3 data-path-to-node=\"8\">Le cause del declino: non solo mafia, ma bavagli istituzionali<\/h3>\n<ol start=\"1\" data-path-to-node=\"10\">\n<li>\n<p data-path-to-node=\"10,0,0\">Le &#8220;Leggi Bavaglio&#8221; e la Riforma della Giustizia: A pesare maggiormente sono i recenti interventi legislativi che limitano la pubblicazione delle ordinanze di custodia cautelare. Proprio in questi giorni (marzo 2026), il dibattito sulla riforma della giustizia e il referendum in corso alimentano i timori di un ulteriore indebolimento del diritto di cronaca giudiziaria.<\/p>\n<\/li>\n<li>\n<p data-path-to-node=\"10,1,0\">Le querele temerarie (SLAPP): L&#8217;Italia detiene un triste primato per le azioni legali pretestuose intentate da politici e figure pubbliche contro i giornalisti, con l&#8217;unico scopo di intimidirli e soffocarne le inchieste. La mancata attuazione completa della Direttiva Europea Anti-SLAPP resta un punto critico.<\/p>\n<\/li>\n<li>\n<p data-path-to-node=\"10,2,0\">L&#8217;indipendenza del Servizio Pubblico: Le recenti missioni di monitoraggio del <i data-path-to-node=\"10,2,0\" data-index-in-node=\"78\">Media Freedom Rapid Response<\/i> (MFRR) a Roma hanno sollevato forti dubbi sull&#8217;indipendenza editoriale della RAI, denunciando un crescente controllo politico che ne compromette il pluralismo.<\/p>\n<\/li>\n<li>\n<p data-path-to-node=\"10,3,0\">Minacce fisiche e criminalit\u00e0 organizzata: Sebbene meno &#8220;visibili&#8221; rispetto al passato, le intimidazioni mafiose contro i cronisti di periferia restano una realt\u00e0 drammatica che impedisce il libero esercizio della professione in ampie aree del Paese.<\/p>\n<\/li>\n<\/ol>\n<p data-path-to-node=\"12\">La discesa al 49\u00b0 posto non \u00e8 solo un problema di &#8220;reputazione&#8221; internazionale, ma un colpo diretto al diritto dei cittadini di essere informati. Se il giornalismo d&#8217;inchiesta viene frenato da timori legali o restrizioni legislative, la democrazia stessa perde uno dei suoi contrappesi fondamentali.<\/p>\n<p data-path-to-node=\"13\">Le raccomandazioni della Commissione Europea sono chiare: l&#8217;Italia deve proteggere le sue fonti, riformare le leggi sulla diffamazione e garantire l&#8217;autonomia del servizio pubblico. Senza una netta inversione di rotta, il rischio \u00e8 che il 49\u00b0 posto sia solo una tappa di una caduta ancora pi\u00f9 profonda.<\/p>\n<h3 data-path-to-node=\"0\">La piaga italiana delle querele temerarie (o SLAPP, dall&#8217;inglese <i data-path-to-node=\"0\" data-index-in-node=\"68\">Strategic Lawsuits Against Public Participation<\/i>), ovvero il cuore del problema che ha fatto sprofondare l&#8217;Italia al 49\u00b0 posto<\/h3>\n<p data-path-to-node=\"1\">Non si tratta di semplici dispute legali, ma di una vera e propria strategia di &#8220;logoramento&#8221; utilizzata per silenziare le voci scomode. Ecco i punti chiave per comprendere la gravit\u00e0 del fenomeno nel 2026.<\/p>\n<p data-path-to-node=\"4\">L&#8217;Italia \u00e8 attualmente considerata la &#8220;maglia nera&#8221; d&#8217;Europa per numero di azioni legali abusive. Secondo i dati della coalizione europea CASE (Coalition Against SLAPPs in Europe) aggiornati a inizio 2026:<\/p>\n<ul data-path-to-node=\"5\">\n<li>\n<p data-path-to-node=\"5,0,0\">L&#8217;Italia guida la classifica UE per numero di nuovi casi censiti, superando persino la Germania.<\/p>\n<\/li>\n<li>\n<p data-path-to-node=\"5,1,0\">Oltre il 90% di queste querele nasce e si esaurisce entro i confini nazionali (non sono cio\u00e8 casi internazionali), il che rende pi\u00f9 difficile l&#8217;applicazione automatica delle tutele europee.<\/p>\n<\/li>\n<\/ul>\n<p data-path-to-node=\"7\">Il meccanismo della querela temeraria \u00e8 perverso perch\u00e9 non punta a vincere la causa, ma a distruggere economicamente e psicologicamente chi scrive.<\/p>\n<ul data-path-to-node=\"8\">\n<li>\n<p data-path-to-node=\"8,0,0\">Richieste danni esorbitanti: Non \u00e8 raro vedere citazioni per danni che oscillano tra i 250.000 e i 5 milioni di euro.<\/p>\n<\/li>\n<li>\n<p data-path-to-node=\"8,1,0\">L&#8217;effetto &#8220;Chilling&#8221; (Gelo): Anche se il giornalista ha ragione, dovr\u00e0 affrontare anni di spese legali, ansia e pressione. Molti editori, per evitare costi certi, scelgono di non pubblicare inchieste rischiose.<\/p>\n<\/li>\n<li>\n<p data-path-to-node=\"8,2,0\">Tasso di infondatezza: I dati dell&#8217;Osservatorio <i data-path-to-node=\"8,2,0\" data-index-in-node=\"48\">Ossigeno per l&#8217;Informazione<\/i> confermano che circa il 90% delle querele per diffamazione in Italia finisce con un proscioglimento. Questo significa che 9 denunce su 10 sono, di fatto, prive di fondamento giuridico.<\/p>\n<\/li>\n<\/ul>\n<p data-path-to-node=\"10\">Se un tempo la minaccia principale era la criminalit\u00e0 organizzata, oggi i dati mostrano un mutamento:<\/p>\n<ul data-path-to-node=\"11\">\n<li>\n<p data-path-to-node=\"11,0,0\">Politica e Pubblica Amministrazione: Circa il 39% delle minacce e delle azioni legali proviene da esponenti del mondo politico (nazionale e locale) e da funzionari pubblici.<\/p>\n<\/li>\n<li>\n<p data-path-to-node=\"11,1,0\">Imprese e potentati economici: Utilizzano la forza del capitale per intimidire piccoli giornali o blogger indipendenti che non hanno le spalle coperte da grandi gruppi editoriali.<\/p>\n<\/li>\n<\/ul>\n<p data-path-to-node=\"13\">Siamo in un momento cruciale. Entro il 7 maggio 2026, l&#8217;Italia deve recepire la Direttiva UE 2024\/1069 (la cosiddetta &#8220;Direttiva anti-SLAPP&#8221;). Il dibattito attuale a Roma \u00e8 acceso:<\/p>\n<ul data-path-to-node=\"14\">\n<li>\n<p data-path-to-node=\"14,0,0\">La richiesta delle associazioni: Chiedono che la legge italiana non si limiti ai pochi casi transfrontalieri (come previsto dalla direttiva base), ma che protegga i giornalisti anche nelle cause puramente interne, introducendo sanzioni severe per chi intenta querele infondate e un fondo di assistenza legale per i giornalisti precari.<\/p>\n<\/li>\n<li>\n<p data-path-to-node=\"14,1,0\">Il rischio: Se il recepimento sar\u00e0 solo &#8220;formale&#8221;, la protezione rester\u00e0 un miraggio per la stragrande maggioranza dei cronisti italiani.<\/p>\n<\/li>\n<\/ul>\n<blockquote data-path-to-node=\"16\">\n<h6 style=\"text-align: left;\" data-path-to-node=\"16,0\"><b data-path-to-node=\"16,0\" data-index-in-node=\"0\">Esempio emblematico:<\/b> Un caso spesso citato nel 2025\/2026 \u00e8 quello di Sigfrido Ranucci (<i data-path-to-node=\"16,0\" data-index-in-node=\"87\">Report<\/i>), che \u00e8 arrivato a collezionare quasi <b data-path-to-node=\"16,0\" data-index-in-node=\"132\">200 querele<\/b>. Se un giornalista di punta di una rete nazionale subisce una tale pressione, \u00e8 facile immaginare quanto sia vulnerabile un collaboratore precario di provincia che guadagna pochi euro a pezzo.<\/h6>\n<\/blockquote>\n<h2 data-path-to-node=\"2\">Il metodo SLAPP: la giustizia usata come arma<\/h2>\n<p data-path-to-node=\"3\">Le querele temerarie non nascono per accertare una verit\u00e0, ma per <b data-path-to-node=\"3\" data-index-in-node=\"66\">esaurire le risorse<\/b> del bersaglio. In Italia, questo fenomeno ha raggiunto livelli tali da essere citato ufficialmente come una delle cause principali del nostro 49\u00b0 posto nella classifica RSF.<\/p>\n<h3 data-path-to-node=\"4\">Tabella di confronto: Italia &#8211; modello europeo (Direttiva 2024\/1069)<\/h3>\n<p data-path-to-node=\"5\">Mentre l&#8217;Italia si prepara al recepimento definitivo entro il 7 maggio 2026, ecco come si confrontano le attuali norme italiane con gli standard richiesti dall&#8217;Europa per contrastare l&#8217;abuso del diritto.<\/p>\n<table data-path-to-node=\"6\">\n<thead>\n<tr>\n<td>Strumento di Difesa<\/td>\n<td>Situazione in Italia (Attuale)<\/td>\n<td>Standard UE (Direttiva Anti-SLAPP)<\/td>\n<\/tr>\n<\/thead>\n<tbody>\n<tr>\n<td>Archiviazione Rapida<\/td>\n<td>Molto rara. I processi durano anni prima di arrivare al proscioglimento.<\/td>\n<td>Obbligatoria: Possibilit\u00e0 per il giudice di chiudere il caso subito se palesemente infondato.<\/td>\n<\/tr>\n<tr>\n<td>Sanzioni per chi querela<\/td>\n<td>Simboliche. L&#8217;Art. 96 c.p.c. viene applicato raramente e con cifre irrisorie.<\/td>\n<td>Dissuasive: Sanzioni pecuniarie pesanti contro chi abusa del sistema giudiziario.<\/td>\n<\/tr>\n<tr>\n<td>Risarcimento Danni<\/td>\n<td>Il giornalista deve iniziare una nuova causa per ottenere i danni (altre spese).<\/td>\n<td>Diretto: Risarcimento dei danni (materiali e morali) riconosciuto nello stesso processo.<\/td>\n<\/tr>\n<tr>\n<td>Onere della Prova<\/td>\n<td>Spesso grava sul giornalista dimostrare la verit\u00e0 assoluta di ogni virgola.<\/td>\n<td>Inversione: Spetta a chi querela dimostrare che l&#8217;azione non \u00e8 abusiva.<\/td>\n<\/tr>\n<tr>\n<td>Casi Nazionali<\/td>\n<td>Oltre il 90% delle querele sono interne e non godono di tutele speciali.<\/td>\n<td>La direttiva copre i casi &#8220;transfrontalieri&#8221;, ma l&#8217;UE spinge per estenderla ai casi interni.<\/td>\n<\/tr>\n<\/tbody>\n<\/table>\n<hr data-path-to-node=\"7\" \/>\n<h3 data-path-to-node=\"8\">I numeri della vergogna (dati 2024-2026)<\/h3>\n<p data-path-to-node=\"9\">Secondo i rapporti della coalizione CASE (Coalition Against SLAPPs in Europe) e di Amnesty International, l&#8217;Italia \u00e8 stabilmente al primo posto in Europa per numero di azioni legali vessatorie censite:<\/p>\n<ul data-path-to-node=\"10\">\n<li>\n<p data-path-to-node=\"10,0,0\">21 casi eclatanti nel 2024, seguiti dalla Germania (20) e poi da Romania e Serbia.<\/p>\n<\/li>\n<li>\n<p data-path-to-node=\"10,1,0\">Le cifre della paura: Richieste di risarcimento che superano spesso i 250.000\u20ac, arrivando in casi recenti fino a 5 milioni di euro (come nel caso della querela del Ministero del Turismo contro <i data-path-to-node=\"10,1,0\" data-index-in-node=\"193\">L&#8217;Espresso<\/i>).<\/p>\n<\/li>\n<li>\n<p data-path-to-node=\"10,2,0\">L&#8217;esercito dei precari: Se i grandi giornali hanno uffici legali, il 70% dei giornalisti italiani \u00e8 freelance o precario. Per loro, una querela da 50.000\u20ac significa la fine della carriera, indipendentemente dall&#8217;aver scritto il vero.<\/p>\n<\/li>\n<\/ul>\n<p data-path-to-node=\"12\">Il dibattito politico attuale (marzo 2026) vede l&#8217;Italia a un bivio. La Legge di Delegazione Europea \u00e8 stata approvata, ma c&#8217;\u00e8 il rischio che il Governo recepisca la direttiva limitandola solo ai casi &#8220;transfrontalieri&#8221; (es. un&#8217;azienda estera che querela un giornale italiano).<\/p>\n<blockquote data-path-to-node=\"13\">\n<h6 style=\"text-align: left;\" data-path-to-node=\"13,0\">Il paradosso: Se cos\u00ec fosse, oltre il 90% dei giornalisti italiani rimarrebbe senza protezione, poich\u00e9 le querele arrivano quasi sempre da politici o imprenditori locali.<\/h6>\n<\/blockquote>\n<h3 data-path-to-node=\"14\">Gli altri Stati<\/h3>\n<ul data-path-to-node=\"15\">\n<li>\n<p data-path-to-node=\"15,0,0\"><b data-path-to-node=\"15,0,0\" data-index-in-node=\"0\">Francia e Germania:<\/b> Stanno lavorando a riforme che integrano la protezione anti-SLAPP direttamente nel codice di procedura civile, prevedendo multe che possono arrivare a una percentuale del fatturato per le aziende che usano le querele come censura.<\/p>\n<\/li>\n<li>\n<p data-path-to-node=\"15,1,0\"><b data-path-to-node=\"15,1,0\" data-index-in-node=\"0\">Paesi Bassi:<\/b> Hanno gi\u00e0 protocolli che permettono ai giudici di rigettare in tempi record le cause &#8220;manifestamente infondate&#8221;.<\/p>\n<\/li>\n<\/ul>\n<p data-path-to-node=\"13\">","protected":false},"excerpt":{"rendered":"<p>Roma, 22\/03\/2026\u00a0\u2013 Non \u00e8 solo un numero, \u00e8 un segnale d&#8217;allarme che risuona nelle redazioni e nelle istituzioni europee. Secondo l&#8217;ultimo rapporto di Reporters Sans Fronti\u00e8res (RSF), l&#8217;Italia occupa il 49\u00b0 posto nella classifica mondiale della libert\u00e0 di stampa. Un posizionamento che ci vede declassati rispetto agli anni precedenti (eravamo al 46\u00b0 nel 2024) e [&hellip;]<\/p>\n","protected":false},"author":2,"featured_media":131687,"comment_status":"closed","ping_status":"open","sticky":false,"template":"","format":"standard","meta":{"footnotes":""},"categories":[3446,26,8],"tags":[],"class_list":["post-168413","post","type-post","status-publish","format-standard","has-post-thumbnail","category-featured","category-prima-pagina","category-societa-istituzioni"],"yoast_head":"<!-- This site is optimized with the Yoast SEO plugin v28.4 - https:\/\/yoast.com\/product\/yoast-seo-wordpress\/ -->\n<title>Libert\u00e0 di stampa: l&#039;Italia scivola al 49\u00b0 posto. Perch\u00e9 siamo l&#039;ultimo vagone dell&#039;Europa Occidentale? - Bellunopress - Dolomiti<\/title>\n<meta name=\"robots\" content=\"index, follow, max-snippet:-1, max-image-preview:large, max-video-preview:-1\" \/>\n<link rel=\"canonical\" href=\"https:\/\/www.bellunopress.it\/fr\/2026\/03\/22\/liberta-di-stampa-litalia-scivola-al-49-posto-perche-siamo-lultimo-vagone-delleuropa-occidentale\/\" \/>\n<meta property=\"og:locale\" content=\"fr_FR\" \/>\n<meta property=\"og:type\" content=\"article\" \/>\n<meta property=\"og:title\" content=\"Libert\u00e0 di stampa: l&#039;Italia scivola al 49\u00b0 posto. Perch\u00e9 siamo l&#039;ultimo vagone dell&#039;Europa Occidentale? - Bellunopress - Dolomiti\" \/>\n<meta property=\"og:description\" content=\"Roma, 22\/03\/2026\u00a0\u2013 Non \u00e8 solo un numero, \u00e8 un segnale d&#8217;allarme che risuona nelle redazioni e nelle istituzioni europee. Secondo l&#8217;ultimo rapporto di Reporters Sans Fronti\u00e8res (RSF), l&#8217;Italia occupa il 49\u00b0 posto nella classifica mondiale della libert\u00e0 di stampa. Un posizionamento che ci vede declassati rispetto agli anni precedenti (eravamo al 46\u00b0 nel 2024) e [&hellip;]\" \/>\n<meta property=\"og:url\" content=\"https:\/\/www.bellunopress.it\/fr\/2026\/03\/22\/liberta-di-stampa-litalia-scivola-al-49-posto-perche-siamo-lultimo-vagone-delleuropa-occidentale\/\" \/>\n<meta property=\"og:site_name\" content=\"Bellunopress - Dolomiti\" \/>\n<meta property=\"article:publisher\" content=\"https:\/\/www.facebook.com\/profile.php?id=100008943462799\" \/>\n<meta property=\"article:published_time\" content=\"2026-03-22T08:30:29+00:00\" \/>\n<meta property=\"og:image\" content=\"https:\/\/www.bellunopress.it\/wp-content\/uploads\/2022\/02\/giornali.jpeg\" \/>\n\t<meta property=\"og:image:width\" content=\"640\" \/>\n\t<meta property=\"og:image:height\" content=\"480\" \/>\n\t<meta property=\"og:image:type\" content=\"image\/jpeg\" \/>\n<meta name=\"author\" content=\"redazione\" \/>\n<meta name=\"twitter:card\" content=\"summary_large_image\" \/>\n<meta name=\"twitter:creator\" content=\"@bellunopress\" \/>\n<meta name=\"twitter:site\" content=\"@bellunopress\" \/>\n<meta name=\"twitter:label1\" content=\"\u00c9crit par\" \/>\n\t<meta name=\"twitter:data1\" content=\"redazione\" \/>\n\t<meta name=\"twitter:label2\" content=\"Dur\u00e9e de lecture estim\u00e9e\" \/>\n\t<meta name=\"twitter:data2\" content=\"7 minutes\" \/>\n<script type=\"application\/ld+json\" class=\"yoast-schema-graph\">{\"@context\":\"https:\\\/\\\/schema.org\",\"@graph\":[{\"@type\":\"Article\",\"@id\":\"https:\\\/\\\/www.bellunopress.it\\\/2026\\\/03\\\/22\\\/liberta-di-stampa-litalia-scivola-al-49-posto-perche-siamo-lultimo-vagone-delleuropa-occidentale\\\/#article\",\"isPartOf\":{\"@id\":\"https:\\\/\\\/www.bellunopress.it\\\/2026\\\/03\\\/22\\\/liberta-di-stampa-litalia-scivola-al-49-posto-perche-siamo-lultimo-vagone-delleuropa-occidentale\\\/\"},\"author\":{\"name\":\"redazione\",\"@id\":\"https:\\\/\\\/www.bellunopress.it\\\/#\\\/schema\\\/person\\\/79bb06722b37ece1c03d3e94beb30d73\"},\"headline\":\"Libert\u00e0 di stampa: l&#8217;Italia scivola al 49\u00b0 posto. Perch\u00e9 siamo l&#8217;ultimo vagone dell&#8217;Europa Occidentale?\",\"datePublished\":\"2026-03-22T08:30:29+00:00\",\"mainEntityOfPage\":{\"@id\":\"https:\\\/\\\/www.bellunopress.it\\\/2026\\\/03\\\/22\\\/liberta-di-stampa-litalia-scivola-al-49-posto-perche-siamo-lultimo-vagone-delleuropa-occidentale\\\/\"},\"wordCount\":1357,\"publisher\":{\"@id\":\"https:\\\/\\\/www.bellunopress.it\\\/#organization\"},\"image\":{\"@id\":\"https:\\\/\\\/www.bellunopress.it\\\/2026\\\/03\\\/22\\\/liberta-di-stampa-litalia-scivola-al-49-posto-perche-siamo-lultimo-vagone-delleuropa-occidentale\\\/#primaryimage\"},\"thumbnailUrl\":\"https:\\\/\\\/www.bellunopress.it\\\/wp-content\\\/uploads\\\/2022\\\/02\\\/giornali.jpeg\",\"articleSection\":[\"Featured\",\"Prima Pagina\",\"Societ\u00e0, Associazioni, Istituzioni\"],\"inLanguage\":\"fr-FR\"},{\"@type\":\"WebPage\",\"@id\":\"https:\\\/\\\/www.bellunopress.it\\\/2026\\\/03\\\/22\\\/liberta-di-stampa-litalia-scivola-al-49-posto-perche-siamo-lultimo-vagone-delleuropa-occidentale\\\/\",\"url\":\"https:\\\/\\\/www.bellunopress.it\\\/2026\\\/03\\\/22\\\/liberta-di-stampa-litalia-scivola-al-49-posto-perche-siamo-lultimo-vagone-delleuropa-occidentale\\\/\",\"name\":\"Libert\u00e0 di stampa: l'Italia scivola al 49\u00b0 posto. Perch\u00e9 siamo l'ultimo vagone dell'Europa Occidentale? - Bellunopress - Dolomiti\",\"isPartOf\":{\"@id\":\"https:\\\/\\\/www.bellunopress.it\\\/#website\"},\"primaryImageOfPage\":{\"@id\":\"https:\\\/\\\/www.bellunopress.it\\\/2026\\\/03\\\/22\\\/liberta-di-stampa-litalia-scivola-al-49-posto-perche-siamo-lultimo-vagone-delleuropa-occidentale\\\/#primaryimage\"},\"image\":{\"@id\":\"https:\\\/\\\/www.bellunopress.it\\\/2026\\\/03\\\/22\\\/liberta-di-stampa-litalia-scivola-al-49-posto-perche-siamo-lultimo-vagone-delleuropa-occidentale\\\/#primaryimage\"},\"thumbnailUrl\":\"https:\\\/\\\/www.bellunopress.it\\\/wp-content\\\/uploads\\\/2022\\\/02\\\/giornali.jpeg\",\"datePublished\":\"2026-03-22T08:30:29+00:00\",\"breadcrumb\":{\"@id\":\"https:\\\/\\\/www.bellunopress.it\\\/2026\\\/03\\\/22\\\/liberta-di-stampa-litalia-scivola-al-49-posto-perche-siamo-lultimo-vagone-delleuropa-occidentale\\\/#breadcrumb\"},\"inLanguage\":\"fr-FR\",\"potentialAction\":[{\"@type\":\"ReadAction\",\"target\":[\"https:\\\/\\\/www.bellunopress.it\\\/2026\\\/03\\\/22\\\/liberta-di-stampa-litalia-scivola-al-49-posto-perche-siamo-lultimo-vagone-delleuropa-occidentale\\\/\"]}]},{\"@type\":\"ImageObject\",\"inLanguage\":\"fr-FR\",\"@id\":\"https:\\\/\\\/www.bellunopress.it\\\/2026\\\/03\\\/22\\\/liberta-di-stampa-litalia-scivola-al-49-posto-perche-siamo-lultimo-vagone-delleuropa-occidentale\\\/#primaryimage\",\"url\":\"https:\\\/\\\/www.bellunopress.it\\\/wp-content\\\/uploads\\\/2022\\\/02\\\/giornali.jpeg\",\"contentUrl\":\"https:\\\/\\\/www.bellunopress.it\\\/wp-content\\\/uploads\\\/2022\\\/02\\\/giornali.jpeg\",\"width\":640,\"height\":480},{\"@type\":\"BreadcrumbList\",\"@id\":\"https:\\\/\\\/www.bellunopress.it\\\/2026\\\/03\\\/22\\\/liberta-di-stampa-litalia-scivola-al-49-posto-perche-siamo-lultimo-vagone-delleuropa-occidentale\\\/#breadcrumb\",\"itemListElement\":[{\"@type\":\"ListItem\",\"position\":1,\"name\":\"Home\",\"item\":\"https:\\\/\\\/www.bellunopress.it\\\/\"},{\"@type\":\"ListItem\",\"position\":2,\"name\":\"Libert\u00e0 di stampa: l&#8217;Italia scivola al 49\u00b0 posto. Perch\u00e9 siamo l&#8217;ultimo vagone dell&#8217;Europa Occidentale?\"}]},{\"@type\":\"WebSite\",\"@id\":\"https:\\\/\\\/www.bellunopress.it\\\/#website\",\"url\":\"https:\\\/\\\/www.bellunopress.it\\\/\",\"name\":\"Bellunopress - Dolomiti\",\"description\":\"e-mail: redazione@bellunopress.it\",\"publisher\":{\"@id\":\"https:\\\/\\\/www.bellunopress.it\\\/#organization\"},\"potentialAction\":[{\"@type\":\"SearchAction\",\"target\":{\"@type\":\"EntryPoint\",\"urlTemplate\":\"https:\\\/\\\/www.bellunopress.it\\\/?s={search_term_string}\"},\"query-input\":{\"@type\":\"PropertyValueSpecification\",\"valueRequired\":true,\"valueName\":\"search_term_string\"}}],\"inLanguage\":\"fr-FR\"},{\"@type\":\"Organization\",\"@id\":\"https:\\\/\\\/www.bellunopress.it\\\/#organization\",\"name\":\"Bellunopress\",\"url\":\"https:\\\/\\\/www.bellunopress.it\\\/\",\"logo\":{\"@type\":\"ImageObject\",\"inLanguage\":\"fr-FR\",\"@id\":\"https:\\\/\\\/www.bellunopress.it\\\/#\\\/schema\\\/logo\\\/image\\\/\",\"url\":\"https:\\\/\\\/www.bellunopress.it\\\/wp-content\\\/uploads\\\/2011\\\/05\\\/cropped-logo-bellunopress-.jpg\",\"contentUrl\":\"https:\\\/\\\/www.bellunopress.it\\\/wp-content\\\/uploads\\\/2011\\\/05\\\/cropped-logo-bellunopress-.jpg\",\"width\":512,\"height\":512,\"caption\":\"Bellunopress\"},\"image\":{\"@id\":\"https:\\\/\\\/www.bellunopress.it\\\/#\\\/schema\\\/logo\\\/image\\\/\"},\"sameAs\":[\"https:\\\/\\\/www.facebook.com\\\/profile.php?id=100008943462799\",\"https:\\\/\\\/x.com\\\/bellunopress\",\"https:\\\/\\\/www.linkedin.com\\\/hp\\\/?dnr=JBzUWaJfMUw8vbXJJ2tVW5-I3jZKvC4wsoxE&amp;amp;amp;amp;amp;amp;trk=nav_responsive_tab_home\",\"https:\\\/\\\/www.youtube.com\\\/channel\\\/UCxL0wu1uN0_3_7hGG0306cw\"]},{\"@type\":\"Person\",\"@id\":\"https:\\\/\\\/www.bellunopress.it\\\/#\\\/schema\\\/person\\\/79bb06722b37ece1c03d3e94beb30d73\",\"name\":\"redazione\",\"image\":{\"@type\":\"ImageObject\",\"inLanguage\":\"fr-FR\",\"@id\":\"https:\\\/\\\/secure.gravatar.com\\\/avatar\\\/37d968a2e67a6fd04c169c4bdef102d0bc5d31b2546345219e348575eb80e9a0?s=96&d=mm&r=g\",\"url\":\"https:\\\/\\\/secure.gravatar.com\\\/avatar\\\/37d968a2e67a6fd04c169c4bdef102d0bc5d31b2546345219e348575eb80e9a0?s=96&d=mm&r=g\",\"contentUrl\":\"https:\\\/\\\/secure.gravatar.com\\\/avatar\\\/37d968a2e67a6fd04c169c4bdef102d0bc5d31b2546345219e348575eb80e9a0?s=96&d=mm&r=g\",\"caption\":\"redazione\"},\"sameAs\":[\"http:\\\/\\\/www.bellunopress.it\",\"https:\\\/\\\/x.com\\\/bellunopress\"],\"url\":\"https:\\\/\\\/www.bellunopress.it\\\/fr\\\/author\\\/redazione\\\/\"}]}<\/script>\n<!-- \/ Yoast SEO plugin. -->","yoast_head_json":{"title":"Libert\u00e0 di stampa: l'Italia scivola al 49\u00b0 posto. Perch\u00e9 siamo l'ultimo vagone dell'Europa Occidentale? - Bellunopress - Dolomiti","robots":{"index":"index","follow":"follow","max-snippet":"max-snippet:-1","max-image-preview":"max-image-preview:large","max-video-preview":"max-video-preview:-1"},"canonical":"https:\/\/www.bellunopress.it\/fr\/2026\/03\/22\/liberta-di-stampa-litalia-scivola-al-49-posto-perche-siamo-lultimo-vagone-delleuropa-occidentale\/","og_locale":"fr_FR","og_type":"article","og_title":"Libert\u00e0 di stampa: l'Italia scivola al 49\u00b0 posto. Perch\u00e9 siamo l'ultimo vagone dell'Europa Occidentale? - Bellunopress - Dolomiti","og_description":"Roma, 22\/03\/2026\u00a0\u2013 Non \u00e8 solo un numero, \u00e8 un segnale d&#8217;allarme che risuona nelle redazioni e nelle istituzioni europee. Secondo l&#8217;ultimo rapporto di Reporters Sans Fronti\u00e8res (RSF), l&#8217;Italia occupa il 49\u00b0 posto nella classifica mondiale della libert\u00e0 di stampa. Un posizionamento che ci vede declassati rispetto agli anni precedenti (eravamo al 46\u00b0 nel 2024) e [&hellip;]","og_url":"https:\/\/www.bellunopress.it\/fr\/2026\/03\/22\/liberta-di-stampa-litalia-scivola-al-49-posto-perche-siamo-lultimo-vagone-delleuropa-occidentale\/","og_site_name":"Bellunopress - Dolomiti","article_publisher":"https:\/\/www.facebook.com\/profile.php?id=100008943462799","article_published_time":"2026-03-22T08:30:29+00:00","og_image":[{"width":640,"height":480,"url":"https:\/\/www.bellunopress.it\/wp-content\/uploads\/2022\/02\/giornali.jpeg","type":"image\/jpeg"}],"author":"redazione","twitter_card":"summary_large_image","twitter_creator":"@bellunopress","twitter_site":"@bellunopress","twitter_misc":{"\u00c9crit par":"redazione","Dur\u00e9e de lecture estim\u00e9e":"7 minutes"},"schema":{"@context":"https:\/\/schema.org","@graph":[{"@type":"Article","@id":"https:\/\/www.bellunopress.it\/2026\/03\/22\/liberta-di-stampa-litalia-scivola-al-49-posto-perche-siamo-lultimo-vagone-delleuropa-occidentale\/#article","isPartOf":{"@id":"https:\/\/www.bellunopress.it\/2026\/03\/22\/liberta-di-stampa-litalia-scivola-al-49-posto-perche-siamo-lultimo-vagone-delleuropa-occidentale\/"},"author":{"name":"redazione","@id":"https:\/\/www.bellunopress.it\/#\/schema\/person\/79bb06722b37ece1c03d3e94beb30d73"},"headline":"Libert\u00e0 di stampa: l&#8217;Italia scivola al 49\u00b0 posto. Perch\u00e9 siamo l&#8217;ultimo vagone dell&#8217;Europa Occidentale?","datePublished":"2026-03-22T08:30:29+00:00","mainEntityOfPage":{"@id":"https:\/\/www.bellunopress.it\/2026\/03\/22\/liberta-di-stampa-litalia-scivola-al-49-posto-perche-siamo-lultimo-vagone-delleuropa-occidentale\/"},"wordCount":1357,"publisher":{"@id":"https:\/\/www.bellunopress.it\/#organization"},"image":{"@id":"https:\/\/www.bellunopress.it\/2026\/03\/22\/liberta-di-stampa-litalia-scivola-al-49-posto-perche-siamo-lultimo-vagone-delleuropa-occidentale\/#primaryimage"},"thumbnailUrl":"https:\/\/www.bellunopress.it\/wp-content\/uploads\/2022\/02\/giornali.jpeg","articleSection":["Featured","Prima Pagina","Societ\u00e0, Associazioni, Istituzioni"],"inLanguage":"fr-FR"},{"@type":"WebPage","@id":"https:\/\/www.bellunopress.it\/2026\/03\/22\/liberta-di-stampa-litalia-scivola-al-49-posto-perche-siamo-lultimo-vagone-delleuropa-occidentale\/","url":"https:\/\/www.bellunopress.it\/2026\/03\/22\/liberta-di-stampa-litalia-scivola-al-49-posto-perche-siamo-lultimo-vagone-delleuropa-occidentale\/","name":"Libert\u00e0 di stampa: l'Italia scivola al 49\u00b0 posto. Perch\u00e9 siamo l'ultimo vagone dell'Europa Occidentale? - Bellunopress - Dolomiti","isPartOf":{"@id":"https:\/\/www.bellunopress.it\/#website"},"primaryImageOfPage":{"@id":"https:\/\/www.bellunopress.it\/2026\/03\/22\/liberta-di-stampa-litalia-scivola-al-49-posto-perche-siamo-lultimo-vagone-delleuropa-occidentale\/#primaryimage"},"image":{"@id":"https:\/\/www.bellunopress.it\/2026\/03\/22\/liberta-di-stampa-litalia-scivola-al-49-posto-perche-siamo-lultimo-vagone-delleuropa-occidentale\/#primaryimage"},"thumbnailUrl":"https:\/\/www.bellunopress.it\/wp-content\/uploads\/2022\/02\/giornali.jpeg","datePublished":"2026-03-22T08:30:29+00:00","breadcrumb":{"@id":"https:\/\/www.bellunopress.it\/2026\/03\/22\/liberta-di-stampa-litalia-scivola-al-49-posto-perche-siamo-lultimo-vagone-delleuropa-occidentale\/#breadcrumb"},"inLanguage":"fr-FR","potentialAction":[{"@type":"ReadAction","target":["https:\/\/www.bellunopress.it\/2026\/03\/22\/liberta-di-stampa-litalia-scivola-al-49-posto-perche-siamo-lultimo-vagone-delleuropa-occidentale\/"]}]},{"@type":"ImageObject","inLanguage":"fr-FR","@id":"https:\/\/www.bellunopress.it\/2026\/03\/22\/liberta-di-stampa-litalia-scivola-al-49-posto-perche-siamo-lultimo-vagone-delleuropa-occidentale\/#primaryimage","url":"https:\/\/www.bellunopress.it\/wp-content\/uploads\/2022\/02\/giornali.jpeg","contentUrl":"https:\/\/www.bellunopress.it\/wp-content\/uploads\/2022\/02\/giornali.jpeg","width":640,"height":480},{"@type":"BreadcrumbList","@id":"https:\/\/www.bellunopress.it\/2026\/03\/22\/liberta-di-stampa-litalia-scivola-al-49-posto-perche-siamo-lultimo-vagone-delleuropa-occidentale\/#breadcrumb","itemListElement":[{"@type":"ListItem","position":1,"name":"Home","item":"https:\/\/www.bellunopress.it\/"},{"@type":"ListItem","position":2,"name":"Libert\u00e0 di stampa: l&#8217;Italia scivola al 49\u00b0 posto. Perch\u00e9 siamo l&#8217;ultimo vagone dell&#8217;Europa Occidentale?"}]},{"@type":"WebSite","@id":"https:\/\/www.bellunopress.it\/#website","url":"https:\/\/www.bellunopress.it\/","name":"Bellunopress - Dolomiti","description":"e-mail: redazione@bellunopress.it","publisher":{"@id":"https:\/\/www.bellunopress.it\/#organization"},"potentialAction":[{"@type":"SearchAction","target":{"@type":"EntryPoint","urlTemplate":"https:\/\/www.bellunopress.it\/?s={search_term_string}"},"query-input":{"@type":"PropertyValueSpecification","valueRequired":true,"valueName":"search_term_string"}}],"inLanguage":"fr-FR"},{"@type":"Organization","@id":"https:\/\/www.bellunopress.it\/#organization","name":"Bellunopress","url":"https:\/\/www.bellunopress.it\/","logo":{"@type":"ImageObject","inLanguage":"fr-FR","@id":"https:\/\/www.bellunopress.it\/#\/schema\/logo\/image\/","url":"https:\/\/www.bellunopress.it\/wp-content\/uploads\/2011\/05\/cropped-logo-bellunopress-.jpg","contentUrl":"https:\/\/www.bellunopress.it\/wp-content\/uploads\/2011\/05\/cropped-logo-bellunopress-.jpg","width":512,"height":512,"caption":"Bellunopress"},"image":{"@id":"https:\/\/www.bellunopress.it\/#\/schema\/logo\/image\/"},"sameAs":["https:\/\/www.facebook.com\/profile.php?id=100008943462799","https:\/\/x.com\/bellunopress","https:\/\/www.linkedin.com\/hp\/?dnr=JBzUWaJfMUw8vbXJJ2tVW5-I3jZKvC4wsoxE&amp;amp;amp;amp;amp;amp;trk=nav_responsive_tab_home","https:\/\/www.youtube.com\/channel\/UCxL0wu1uN0_3_7hGG0306cw"]},{"@type":"Person","@id":"https:\/\/www.bellunopress.it\/#\/schema\/person\/79bb06722b37ece1c03d3e94beb30d73","name":"r\u00e9daction","image":{"@type":"ImageObject","inLanguage":"fr-FR","@id":"https:\/\/secure.gravatar.com\/avatar\/37d968a2e67a6fd04c169c4bdef102d0bc5d31b2546345219e348575eb80e9a0?s=96&d=mm&r=g","url":"https:\/\/secure.gravatar.com\/avatar\/37d968a2e67a6fd04c169c4bdef102d0bc5d31b2546345219e348575eb80e9a0?s=96&d=mm&r=g","contentUrl":"https:\/\/secure.gravatar.com\/avatar\/37d968a2e67a6fd04c169c4bdef102d0bc5d31b2546345219e348575eb80e9a0?s=96&d=mm&r=g","caption":"redazione"},"sameAs":["http:\/\/www.bellunopress.it","https:\/\/x.com\/bellunopress"],"url":"https:\/\/www.bellunopress.it\/fr\/author\/redazione\/"}]}},"_links":{"self":[{"href":"https:\/\/www.bellunopress.it\/fr\/wp-json\/wp\/v2\/posts\/168413","targetHints":{"allow":["GET"]}}],"collection":[{"href":"https:\/\/www.bellunopress.it\/fr\/wp-json\/wp\/v2\/posts"}],"about":[{"href":"https:\/\/www.bellunopress.it\/fr\/wp-json\/wp\/v2\/types\/post"}],"author":[{"embeddable":true,"href":"https:\/\/www.bellunopress.it\/fr\/wp-json\/wp\/v2\/users\/2"}],"replies":[{"embeddable":true,"href":"https:\/\/www.bellunopress.it\/fr\/wp-json\/wp\/v2\/comments?post=168413"}],"version-history":[{"count":1,"href":"https:\/\/www.bellunopress.it\/fr\/wp-json\/wp\/v2\/posts\/168413\/revisions"}],"predecessor-version":[{"id":168414,"href":"https:\/\/www.bellunopress.it\/fr\/wp-json\/wp\/v2\/posts\/168413\/revisions\/168414"}],"wp:featuredmedia":[{"embeddable":true,"href":"https:\/\/www.bellunopress.it\/fr\/wp-json\/wp\/v2\/media\/131687"}],"wp:attachment":[{"href":"https:\/\/www.bellunopress.it\/fr\/wp-json\/wp\/v2\/media?parent=168413"}],"wp:term":[{"taxonomy":"category","embeddable":true,"href":"https:\/\/www.bellunopress.it\/fr\/wp-json\/wp\/v2\/categories?post=168413"},{"taxonomy":"post_tag","embeddable":true,"href":"https:\/\/www.bellunopress.it\/fr\/wp-json\/wp\/v2\/tags?post=168413"}],"curies":[{"name":"wp","href":"https:\/\/api.w.org\/{rel}","templated":true}]}}