{"id":168411,"date":"2026-03-22T08:30:42","date_gmt":"2026-03-22T07:30:42","guid":{"rendered":"https:\/\/www.bellunopress.it\/?p=168411"},"modified":"2026-03-22T06:59:56","modified_gmt":"2026-03-22T05:59:56","slug":"auronzo-bufera-sullo-stadio-del-ghiaccio-la-minoranza-attacca-si-demolisce-senza-un-progetto","status":"publish","type":"post","link":"https:\/\/www.bellunopress.it\/fr\/2026\/03\/22\/auronzo-bufera-sullo-stadio-del-ghiaccio-la-minoranza-attacca-si-demolisce-senza-un-progetto\/","title":{"rendered":"Auronzo, bufera sullo stadio del ghiaccio. La minoranza attacca: &#8220;Si demolisce senza un progetto&#8221;"},"content":{"rendered":"<p data-path-to-node=\"3\"><b data-path-to-node=\"3\" data-index-in-node=\"0\">Dura presa di posizione dell\u2019opposizione: \u00abGettati al vento 50mila euro. Il rischio \u00e8 che l\u2019area resti un cantiere degradato per anni. Manca una visione per il post-Olimpiadi 2026\u00bb<\/b><\/p>\n<p data-path-to-node=\"4\">Auronzo di Cadore, 22\/03\/2026\u00a0\u2013 Lo Stadio del Ghiaccio di Auronzo di Cadore torna al centro del dibattito politico, e i toni si fanno roventi. In un comunicato al vetriolo, i consiglieri di minoranza puntano il dito contro la Giunta in carica, accusandola di &#8220;brancolare nel buio&#8221; e di gestire con approssimazione uno dei nodi cruciali per lo sport e il turismo del paese.<\/p>\n<p data-path-to-node=\"6\">Secondo l\u2019opposizione, l\u2019attuale amministrazione avrebbe operato scelte contraddittorie che pesano sulle casse pubbliche. Sotto accusa c\u2019\u00e8, in particolare, la decisione di revocare l\u2019incarico a un professionista bellunese per affidare un nuovo studio di fattibilit\u00e0 a una ditta fuori regione.<\/p>\n<blockquote data-path-to-node=\"7\">\n<h6 style=\"text-align: left;\" data-path-to-node=\"7,0\">\u00abSono stati letteralmente gettati al vento circa 50.000 euro di denaro pubblico \u2013 denuncia la minoranza \u2013 ovvero il costo dello studio precedente. Dopo quattro anni di annunci, ci ritroviamo ancora senza una programmazione chiara\u00bb.<\/h6>\n<\/blockquote>\n<p data-path-to-node=\"9\">Il punto di rottura riguarda l\u2019imminente avvio dei lavori di smantellamento. L\u2019opposizione contesta la scelta di procedere alla demolizione della struttura attuale senza che, a loro dire, vi sia un progetto esecutivo e definitivo pronto per la ricostruzione. Il timore espresso \u00e8 che l\u2019area possa trasformarsi in una \u00abferita aperta\u00bb nel tessuto urbano: un cantiere infinito e una zona degradata proprio mentre il territorio si prepara alla vetrina internazionale delle Olimpiadi di Milano-Cortina 2026.<\/p>\n<p data-path-to-node=\"11\">Nel 2021 la precedente Amministrazione Pais Becher aveva ottenuto un finanziamento di 4 milioni di euro dai Fondi dei Comuni di Confine (FCC). Quel piano prevedeva un masterplan ambizioso: non solo lo stadio, ma anche la copertura dei campi da tennis e un centro benessere, con l\u2019obiettivo di accreditare Auronzo come sede di allenamenti olimpici. \u00abL&#8217;attuale amministrazione non ha voluto seguire quella strada \u2013 incalzano i consiglieri \u2013 e oggi ci chiediamo: con quali fondi verr\u00e0 pagata la demolizione? Ma soprattutto, quale vantaggio trarr\u00e0 la cittadinanza da una scelta che sembra voler solo screditare il lavoro di chi c\u2019era prima?\u00bb.<\/p>\n<p data-path-to-node=\"13\">La minoranza rievoca anche un Consiglio Comunale della primavera 2025, durante il quale il Sindaco avrebbe risposto in modo vago sulle prospettive dell&#8217;area, citando diverse possibilit\u00e0 (campi da padel, palestre, centri benessere) senza tuttavia definire una strategia univoca.<\/p>\n<p data-path-to-node=\"14\">Le domande poste dall&#8217;opposizione restano sul tavolo, in attesa di una replica ufficiale della Giunta:<\/p>\n<ul data-path-to-node=\"15\">\n<li>\n<p data-path-to-node=\"15,0,0\">A quanto ammonta il costo reale della demolizione?<\/p>\n<\/li>\n<li>\n<p data-path-to-node=\"15,1,0\">Come si pu\u00f2 demolire senza un progetto definitivo per il &#8220;dopo&#8221;?<\/p>\n<\/li>\n<li>\n<p data-path-to-node=\"15,2,0\">Per quanti anni Auronzo rimarr\u00e0 senza una struttura per gli sport del ghiaccio?<\/p>\n<\/li>\n<\/ul>\n<p data-path-to-node=\"16\">Il clima politico sotto le Tre Cime resta teso: la sfida per il futuro dello sport auronzano \u00e8 appena iniziata.<\/p>","protected":false},"excerpt":{"rendered":"<p>Dura presa di posizione dell\u2019opposizione: \u00abGettati al vento 50mila euro. Il rischio \u00e8 che l\u2019area resti un cantiere degradato per anni. Manca una visione per il post-Olimpiadi 2026\u00bb Auronzo di Cadore, 22\/03\/2026\u00a0\u2013 Lo Stadio del Ghiaccio di Auronzo di Cadore torna al centro del dibattito politico, e i toni si fanno roventi. In un comunicato [&hellip;]<\/p>\n","protected":false},"author":2,"featured_media":164929,"comment_status":"closed","ping_status":"open","sticky":false,"template":"","format":"standard","meta":{"footnotes":""},"categories":[5],"tags":[],"class_list":["post-168411","post","type-post","status-publish","format-standard","has-post-thumbnail","category-cronaca"],"yoast_head":"<!-- This site is optimized with the Yoast SEO plugin v28.4 - https:\/\/yoast.com\/product\/yoast-seo-wordpress\/ -->\n<title>Auronzo, bufera sullo stadio del ghiaccio. La minoranza attacca: &quot;Si demolisce senza un progetto&quot; - Bellunopress - Dolomiti<\/title>\n<meta name=\"robots\" content=\"index, follow, max-snippet:-1, max-image-preview:large, max-video-preview:-1\" \/>\n<link rel=\"canonical\" href=\"https:\/\/www.bellunopress.it\/fr\/2026\/03\/22\/auronzo-bufera-sullo-stadio-del-ghiaccio-la-minoranza-attacca-si-demolisce-senza-un-progetto\/\" \/>\n<meta property=\"og:locale\" content=\"fr_FR\" \/>\n<meta property=\"og:type\" content=\"article\" \/>\n<meta property=\"og:title\" content=\"Auronzo, bufera sullo stadio del ghiaccio. La minoranza attacca: &quot;Si demolisce senza un progetto&quot; - Bellunopress - Dolomiti\" \/>\n<meta property=\"og:description\" content=\"Dura presa di posizione dell\u2019opposizione: \u00abGettati al vento 50mila euro. Il rischio \u00e8 che l\u2019area resti un cantiere degradato per anni. Manca una visione per il post-Olimpiadi 2026\u00bb Auronzo di Cadore, 22\/03\/2026\u00a0\u2013 Lo Stadio del Ghiaccio di Auronzo di Cadore torna al centro del dibattito politico, e i toni si fanno roventi. In un comunicato [&hellip;]\" \/>\n<meta property=\"og:url\" content=\"https:\/\/www.bellunopress.it\/fr\/2026\/03\/22\/auronzo-bufera-sullo-stadio-del-ghiaccio-la-minoranza-attacca-si-demolisce-senza-un-progetto\/\" \/>\n<meta property=\"og:site_name\" content=\"Bellunopress - Dolomiti\" \/>\n<meta property=\"article:publisher\" content=\"https:\/\/www.facebook.com\/profile.php?id=100008943462799\" \/>\n<meta property=\"article:published_time\" content=\"2026-03-22T07:30:42+00:00\" \/>\n<meta property=\"og:image\" content=\"https:\/\/www.bellunopress.it\/wp-content\/uploads\/2025\/11\/Comune-di-Auronzo-di-Cadore.jpg\" \/>\n\t<meta property=\"og:image:width\" content=\"407\" \/>\n\t<meta property=\"og:image:height\" content=\"440\" \/>\n\t<meta property=\"og:image:type\" content=\"image\/jpeg\" \/>\n<meta name=\"author\" content=\"redazione\" \/>\n<meta name=\"twitter:card\" content=\"summary_large_image\" \/>\n<meta name=\"twitter:creator\" content=\"@bellunopress\" \/>\n<meta name=\"twitter:site\" content=\"@bellunopress\" \/>\n<meta name=\"twitter:label1\" content=\"\u00c9crit par\" \/>\n\t<meta name=\"twitter:data1\" content=\"redazione\" \/>\n\t<meta name=\"twitter:label2\" content=\"Dur\u00e9e de lecture estim\u00e9e\" \/>\n\t<meta name=\"twitter:data2\" content=\"2 minutes\" \/>\n<script type=\"application\/ld+json\" class=\"yoast-schema-graph\">{\"@context\":\"https:\\\/\\\/schema.org\",\"@graph\":[{\"@type\":\"Article\",\"@id\":\"https:\\\/\\\/www.bellunopress.it\\\/2026\\\/03\\\/22\\\/auronzo-bufera-sullo-stadio-del-ghiaccio-la-minoranza-attacca-si-demolisce-senza-un-progetto\\\/#article\",\"isPartOf\":{\"@id\":\"https:\\\/\\\/www.bellunopress.it\\\/2026\\\/03\\\/22\\\/auronzo-bufera-sullo-stadio-del-ghiaccio-la-minoranza-attacca-si-demolisce-senza-un-progetto\\\/\"},\"author\":{\"name\":\"redazione\",\"@id\":\"https:\\\/\\\/www.bellunopress.it\\\/#\\\/schema\\\/person\\\/79bb06722b37ece1c03d3e94beb30d73\"},\"headline\":\"Auronzo, bufera sullo stadio del ghiaccio. La minoranza attacca: &#8220;Si demolisce senza un progetto&#8221;\",\"datePublished\":\"2026-03-22T07:30:42+00:00\",\"mainEntityOfPage\":{\"@id\":\"https:\\\/\\\/www.bellunopress.it\\\/2026\\\/03\\\/22\\\/auronzo-bufera-sullo-stadio-del-ghiaccio-la-minoranza-attacca-si-demolisce-senza-un-progetto\\\/\"},\"wordCount\":457,\"publisher\":{\"@id\":\"https:\\\/\\\/www.bellunopress.it\\\/#organization\"},\"image\":{\"@id\":\"https:\\\/\\\/www.bellunopress.it\\\/2026\\\/03\\\/22\\\/auronzo-bufera-sullo-stadio-del-ghiaccio-la-minoranza-attacca-si-demolisce-senza-un-progetto\\\/#primaryimage\"},\"thumbnailUrl\":\"https:\\\/\\\/www.bellunopress.it\\\/wp-content\\\/uploads\\\/2025\\\/11\\\/Comune-di-Auronzo-di-Cadore.jpg\",\"articleSection\":[\"Cronaca\\\/Politica\"],\"inLanguage\":\"fr-FR\"},{\"@type\":\"WebPage\",\"@id\":\"https:\\\/\\\/www.bellunopress.it\\\/2026\\\/03\\\/22\\\/auronzo-bufera-sullo-stadio-del-ghiaccio-la-minoranza-attacca-si-demolisce-senza-un-progetto\\\/\",\"url\":\"https:\\\/\\\/www.bellunopress.it\\\/2026\\\/03\\\/22\\\/auronzo-bufera-sullo-stadio-del-ghiaccio-la-minoranza-attacca-si-demolisce-senza-un-progetto\\\/\",\"name\":\"Auronzo, bufera sullo stadio del ghiaccio. La minoranza attacca: \\\"Si demolisce senza un progetto\\\" - Bellunopress - Dolomiti\",\"isPartOf\":{\"@id\":\"https:\\\/\\\/www.bellunopress.it\\\/#website\"},\"primaryImageOfPage\":{\"@id\":\"https:\\\/\\\/www.bellunopress.it\\\/2026\\\/03\\\/22\\\/auronzo-bufera-sullo-stadio-del-ghiaccio-la-minoranza-attacca-si-demolisce-senza-un-progetto\\\/#primaryimage\"},\"image\":{\"@id\":\"https:\\\/\\\/www.bellunopress.it\\\/2026\\\/03\\\/22\\\/auronzo-bufera-sullo-stadio-del-ghiaccio-la-minoranza-attacca-si-demolisce-senza-un-progetto\\\/#primaryimage\"},\"thumbnailUrl\":\"https:\\\/\\\/www.bellunopress.it\\\/wp-content\\\/uploads\\\/2025\\\/11\\\/Comune-di-Auronzo-di-Cadore.jpg\",\"datePublished\":\"2026-03-22T07:30:42+00:00\",\"breadcrumb\":{\"@id\":\"https:\\\/\\\/www.bellunopress.it\\\/2026\\\/03\\\/22\\\/auronzo-bufera-sullo-stadio-del-ghiaccio-la-minoranza-attacca-si-demolisce-senza-un-progetto\\\/#breadcrumb\"},\"inLanguage\":\"fr-FR\",\"potentialAction\":[{\"@type\":\"ReadAction\",\"target\":[\"https:\\\/\\\/www.bellunopress.it\\\/2026\\\/03\\\/22\\\/auronzo-bufera-sullo-stadio-del-ghiaccio-la-minoranza-attacca-si-demolisce-senza-un-progetto\\\/\"]}]},{\"@type\":\"ImageObject\",\"inLanguage\":\"fr-FR\",\"@id\":\"https:\\\/\\\/www.bellunopress.it\\\/2026\\\/03\\\/22\\\/auronzo-bufera-sullo-stadio-del-ghiaccio-la-minoranza-attacca-si-demolisce-senza-un-progetto\\\/#primaryimage\",\"url\":\"https:\\\/\\\/www.bellunopress.it\\\/wp-content\\\/uploads\\\/2025\\\/11\\\/Comune-di-Auronzo-di-Cadore.jpg\",\"contentUrl\":\"https:\\\/\\\/www.bellunopress.it\\\/wp-content\\\/uploads\\\/2025\\\/11\\\/Comune-di-Auronzo-di-Cadore.jpg\",\"width\":407,\"height\":440},{\"@type\":\"BreadcrumbList\",\"@id\":\"https:\\\/\\\/www.bellunopress.it\\\/2026\\\/03\\\/22\\\/auronzo-bufera-sullo-stadio-del-ghiaccio-la-minoranza-attacca-si-demolisce-senza-un-progetto\\\/#breadcrumb\",\"itemListElement\":[{\"@type\":\"ListItem\",\"position\":1,\"name\":\"Home\",\"item\":\"https:\\\/\\\/www.bellunopress.it\\\/\"},{\"@type\":\"ListItem\",\"position\":2,\"name\":\"Auronzo, bufera sullo stadio del ghiaccio. La minoranza attacca: &#8220;Si demolisce senza un progetto&#8221;\"}]},{\"@type\":\"WebSite\",\"@id\":\"https:\\\/\\\/www.bellunopress.it\\\/#website\",\"url\":\"https:\\\/\\\/www.bellunopress.it\\\/\",\"name\":\"Bellunopress - Dolomiti\",\"description\":\"e-mail: redazione@bellunopress.it\",\"publisher\":{\"@id\":\"https:\\\/\\\/www.bellunopress.it\\\/#organization\"},\"potentialAction\":[{\"@type\":\"SearchAction\",\"target\":{\"@type\":\"EntryPoint\",\"urlTemplate\":\"https:\\\/\\\/www.bellunopress.it\\\/?s={search_term_string}\"},\"query-input\":{\"@type\":\"PropertyValueSpecification\",\"valueRequired\":true,\"valueName\":\"search_term_string\"}}],\"inLanguage\":\"fr-FR\"},{\"@type\":\"Organization\",\"@id\":\"https:\\\/\\\/www.bellunopress.it\\\/#organization\",\"name\":\"Bellunopress\",\"url\":\"https:\\\/\\\/www.bellunopress.it\\\/\",\"logo\":{\"@type\":\"ImageObject\",\"inLanguage\":\"fr-FR\",\"@id\":\"https:\\\/\\\/www.bellunopress.it\\\/#\\\/schema\\\/logo\\\/image\\\/\",\"url\":\"https:\\\/\\\/www.bellunopress.it\\\/wp-content\\\/uploads\\\/2011\\\/05\\\/cropped-logo-bellunopress-.jpg\",\"contentUrl\":\"https:\\\/\\\/www.bellunopress.it\\\/wp-content\\\/uploads\\\/2011\\\/05\\\/cropped-logo-bellunopress-.jpg\",\"width\":512,\"height\":512,\"caption\":\"Bellunopress\"},\"image\":{\"@id\":\"https:\\\/\\\/www.bellunopress.it\\\/#\\\/schema\\\/logo\\\/image\\\/\"},\"sameAs\":[\"https:\\\/\\\/www.facebook.com\\\/profile.php?id=100008943462799\",\"https:\\\/\\\/x.com\\\/bellunopress\",\"https:\\\/\\\/www.linkedin.com\\\/hp\\\/?dnr=JBzUWaJfMUw8vbXJJ2tVW5-I3jZKvC4wsoxE&amp;amp;amp;amp;amp;amp;trk=nav_responsive_tab_home\",\"https:\\\/\\\/www.youtube.com\\\/channel\\\/UCxL0wu1uN0_3_7hGG0306cw\"]},{\"@type\":\"Person\",\"@id\":\"https:\\\/\\\/www.bellunopress.it\\\/#\\\/schema\\\/person\\\/79bb06722b37ece1c03d3e94beb30d73\",\"name\":\"redazione\",\"image\":{\"@type\":\"ImageObject\",\"inLanguage\":\"fr-FR\",\"@id\":\"https:\\\/\\\/secure.gravatar.com\\\/avatar\\\/37d968a2e67a6fd04c169c4bdef102d0bc5d31b2546345219e348575eb80e9a0?s=96&d=mm&r=g\",\"url\":\"https:\\\/\\\/secure.gravatar.com\\\/avatar\\\/37d968a2e67a6fd04c169c4bdef102d0bc5d31b2546345219e348575eb80e9a0?s=96&d=mm&r=g\",\"contentUrl\":\"https:\\\/\\\/secure.gravatar.com\\\/avatar\\\/37d968a2e67a6fd04c169c4bdef102d0bc5d31b2546345219e348575eb80e9a0?s=96&d=mm&r=g\",\"caption\":\"redazione\"},\"sameAs\":[\"http:\\\/\\\/www.bellunopress.it\",\"https:\\\/\\\/x.com\\\/bellunopress\"],\"url\":\"https:\\\/\\\/www.bellunopress.it\\\/fr\\\/author\\\/redazione\\\/\"}]}<\/script>\n<!-- \/ Yoast SEO plugin. -->","yoast_head_json":{"title":"Auronzo, bufera sullo stadio del ghiaccio. La minoranza attacca: \"Si demolisce senza un progetto\" - Bellunopress - Dolomiti","robots":{"index":"index","follow":"follow","max-snippet":"max-snippet:-1","max-image-preview":"max-image-preview:large","max-video-preview":"max-video-preview:-1"},"canonical":"https:\/\/www.bellunopress.it\/fr\/2026\/03\/22\/auronzo-bufera-sullo-stadio-del-ghiaccio-la-minoranza-attacca-si-demolisce-senza-un-progetto\/","og_locale":"fr_FR","og_type":"article","og_title":"Auronzo, bufera sullo stadio del ghiaccio. La minoranza attacca: \"Si demolisce senza un progetto\" - Bellunopress - Dolomiti","og_description":"Dura presa di posizione dell\u2019opposizione: \u00abGettati al vento 50mila euro. Il rischio \u00e8 che l\u2019area resti un cantiere degradato per anni. Manca una visione per il post-Olimpiadi 2026\u00bb Auronzo di Cadore, 22\/03\/2026\u00a0\u2013 Lo Stadio del Ghiaccio di Auronzo di Cadore torna al centro del dibattito politico, e i toni si fanno roventi. In un comunicato [&hellip;]","og_url":"https:\/\/www.bellunopress.it\/fr\/2026\/03\/22\/auronzo-bufera-sullo-stadio-del-ghiaccio-la-minoranza-attacca-si-demolisce-senza-un-progetto\/","og_site_name":"Bellunopress - Dolomiti","article_publisher":"https:\/\/www.facebook.com\/profile.php?id=100008943462799","article_published_time":"2026-03-22T07:30:42+00:00","og_image":[{"width":407,"height":440,"url":"https:\/\/www.bellunopress.it\/wp-content\/uploads\/2025\/11\/Comune-di-Auronzo-di-Cadore.jpg","type":"image\/jpeg"}],"author":"redazione","twitter_card":"summary_large_image","twitter_creator":"@bellunopress","twitter_site":"@bellunopress","twitter_misc":{"\u00c9crit par":"redazione","Dur\u00e9e de lecture estim\u00e9e":"2 minutes"},"schema":{"@context":"https:\/\/schema.org","@graph":[{"@type":"Article","@id":"https:\/\/www.bellunopress.it\/2026\/03\/22\/auronzo-bufera-sullo-stadio-del-ghiaccio-la-minoranza-attacca-si-demolisce-senza-un-progetto\/#article","isPartOf":{"@id":"https:\/\/www.bellunopress.it\/2026\/03\/22\/auronzo-bufera-sullo-stadio-del-ghiaccio-la-minoranza-attacca-si-demolisce-senza-un-progetto\/"},"author":{"name":"redazione","@id":"https:\/\/www.bellunopress.it\/#\/schema\/person\/79bb06722b37ece1c03d3e94beb30d73"},"headline":"Auronzo, bufera sullo stadio del ghiaccio. La minoranza attacca: &#8220;Si demolisce senza un progetto&#8221;","datePublished":"2026-03-22T07:30:42+00:00","mainEntityOfPage":{"@id":"https:\/\/www.bellunopress.it\/2026\/03\/22\/auronzo-bufera-sullo-stadio-del-ghiaccio-la-minoranza-attacca-si-demolisce-senza-un-progetto\/"},"wordCount":457,"publisher":{"@id":"https:\/\/www.bellunopress.it\/#organization"},"image":{"@id":"https:\/\/www.bellunopress.it\/2026\/03\/22\/auronzo-bufera-sullo-stadio-del-ghiaccio-la-minoranza-attacca-si-demolisce-senza-un-progetto\/#primaryimage"},"thumbnailUrl":"https:\/\/www.bellunopress.it\/wp-content\/uploads\/2025\/11\/Comune-di-Auronzo-di-Cadore.jpg","articleSection":["Cronaca\/Politica"],"inLanguage":"fr-FR"},{"@type":"WebPage","@id":"https:\/\/www.bellunopress.it\/2026\/03\/22\/auronzo-bufera-sullo-stadio-del-ghiaccio-la-minoranza-attacca-si-demolisce-senza-un-progetto\/","url":"https:\/\/www.bellunopress.it\/2026\/03\/22\/auronzo-bufera-sullo-stadio-del-ghiaccio-la-minoranza-attacca-si-demolisce-senza-un-progetto\/","name":"Auronzo, bufera sullo stadio del ghiaccio. La minoranza attacca: \"Si demolisce senza un progetto\" - Bellunopress - Dolomiti","isPartOf":{"@id":"https:\/\/www.bellunopress.it\/#website"},"primaryImageOfPage":{"@id":"https:\/\/www.bellunopress.it\/2026\/03\/22\/auronzo-bufera-sullo-stadio-del-ghiaccio-la-minoranza-attacca-si-demolisce-senza-un-progetto\/#primaryimage"},"image":{"@id":"https:\/\/www.bellunopress.it\/2026\/03\/22\/auronzo-bufera-sullo-stadio-del-ghiaccio-la-minoranza-attacca-si-demolisce-senza-un-progetto\/#primaryimage"},"thumbnailUrl":"https:\/\/www.bellunopress.it\/wp-content\/uploads\/2025\/11\/Comune-di-Auronzo-di-Cadore.jpg","datePublished":"2026-03-22T07:30:42+00:00","breadcrumb":{"@id":"https:\/\/www.bellunopress.it\/2026\/03\/22\/auronzo-bufera-sullo-stadio-del-ghiaccio-la-minoranza-attacca-si-demolisce-senza-un-progetto\/#breadcrumb"},"inLanguage":"fr-FR","potentialAction":[{"@type":"ReadAction","target":["https:\/\/www.bellunopress.it\/2026\/03\/22\/auronzo-bufera-sullo-stadio-del-ghiaccio-la-minoranza-attacca-si-demolisce-senza-un-progetto\/"]}]},{"@type":"ImageObject","inLanguage":"fr-FR","@id":"https:\/\/www.bellunopress.it\/2026\/03\/22\/auronzo-bufera-sullo-stadio-del-ghiaccio-la-minoranza-attacca-si-demolisce-senza-un-progetto\/#primaryimage","url":"https:\/\/www.bellunopress.it\/wp-content\/uploads\/2025\/11\/Comune-di-Auronzo-di-Cadore.jpg","contentUrl":"https:\/\/www.bellunopress.it\/wp-content\/uploads\/2025\/11\/Comune-di-Auronzo-di-Cadore.jpg","width":407,"height":440},{"@type":"BreadcrumbList","@id":"https:\/\/www.bellunopress.it\/2026\/03\/22\/auronzo-bufera-sullo-stadio-del-ghiaccio-la-minoranza-attacca-si-demolisce-senza-un-progetto\/#breadcrumb","itemListElement":[{"@type":"ListItem","position":1,"name":"Home","item":"https:\/\/www.bellunopress.it\/"},{"@type":"ListItem","position":2,"name":"Auronzo, bufera sullo stadio del ghiaccio. La minoranza attacca: &#8220;Si demolisce senza un progetto&#8221;"}]},{"@type":"WebSite","@id":"https:\/\/www.bellunopress.it\/#website","url":"https:\/\/www.bellunopress.it\/","name":"Bellunopress - Dolomiti","description":"e-mail: redazione@bellunopress.it","publisher":{"@id":"https:\/\/www.bellunopress.it\/#organization"},"potentialAction":[{"@type":"SearchAction","target":{"@type":"EntryPoint","urlTemplate":"https:\/\/www.bellunopress.it\/?s={search_term_string}"},"query-input":{"@type":"PropertyValueSpecification","valueRequired":true,"valueName":"search_term_string"}}],"inLanguage":"fr-FR"},{"@type":"Organization","@id":"https:\/\/www.bellunopress.it\/#organization","name":"Bellunopress","url":"https:\/\/www.bellunopress.it\/","logo":{"@type":"ImageObject","inLanguage":"fr-FR","@id":"https:\/\/www.bellunopress.it\/#\/schema\/logo\/image\/","url":"https:\/\/www.bellunopress.it\/wp-content\/uploads\/2011\/05\/cropped-logo-bellunopress-.jpg","contentUrl":"https:\/\/www.bellunopress.it\/wp-content\/uploads\/2011\/05\/cropped-logo-bellunopress-.jpg","width":512,"height":512,"caption":"Bellunopress"},"image":{"@id":"https:\/\/www.bellunopress.it\/#\/schema\/logo\/image\/"},"sameAs":["https:\/\/www.facebook.com\/profile.php?id=100008943462799","https:\/\/x.com\/bellunopress","https:\/\/www.linkedin.com\/hp\/?dnr=JBzUWaJfMUw8vbXJJ2tVW5-I3jZKvC4wsoxE&amp;amp;amp;amp;amp;amp;trk=nav_responsive_tab_home","https:\/\/www.youtube.com\/channel\/UCxL0wu1uN0_3_7hGG0306cw"]},{"@type":"Person","@id":"https:\/\/www.bellunopress.it\/#\/schema\/person\/79bb06722b37ece1c03d3e94beb30d73","name":"r\u00e9daction","image":{"@type":"ImageObject","inLanguage":"fr-FR","@id":"https:\/\/secure.gravatar.com\/avatar\/37d968a2e67a6fd04c169c4bdef102d0bc5d31b2546345219e348575eb80e9a0?s=96&d=mm&r=g","url":"https:\/\/secure.gravatar.com\/avatar\/37d968a2e67a6fd04c169c4bdef102d0bc5d31b2546345219e348575eb80e9a0?s=96&d=mm&r=g","contentUrl":"https:\/\/secure.gravatar.com\/avatar\/37d968a2e67a6fd04c169c4bdef102d0bc5d31b2546345219e348575eb80e9a0?s=96&d=mm&r=g","caption":"redazione"},"sameAs":["http:\/\/www.bellunopress.it","https:\/\/x.com\/bellunopress"],"url":"https:\/\/www.bellunopress.it\/fr\/author\/redazione\/"}]}},"_links":{"self":[{"href":"https:\/\/www.bellunopress.it\/fr\/wp-json\/wp\/v2\/posts\/168411","targetHints":{"allow":["GET"]}}],"collection":[{"href":"https:\/\/www.bellunopress.it\/fr\/wp-json\/wp\/v2\/posts"}],"about":[{"href":"https:\/\/www.bellunopress.it\/fr\/wp-json\/wp\/v2\/types\/post"}],"author":[{"embeddable":true,"href":"https:\/\/www.bellunopress.it\/fr\/wp-json\/wp\/v2\/users\/2"}],"replies":[{"embeddable":true,"href":"https:\/\/www.bellunopress.it\/fr\/wp-json\/wp\/v2\/comments?post=168411"}],"version-history":[{"count":1,"href":"https:\/\/www.bellunopress.it\/fr\/wp-json\/wp\/v2\/posts\/168411\/revisions"}],"predecessor-version":[{"id":168412,"href":"https:\/\/www.bellunopress.it\/fr\/wp-json\/wp\/v2\/posts\/168411\/revisions\/168412"}],"wp:featuredmedia":[{"embeddable":true,"href":"https:\/\/www.bellunopress.it\/fr\/wp-json\/wp\/v2\/media\/164929"}],"wp:attachment":[{"href":"https:\/\/www.bellunopress.it\/fr\/wp-json\/wp\/v2\/media?parent=168411"}],"wp:term":[{"taxonomy":"category","embeddable":true,"href":"https:\/\/www.bellunopress.it\/fr\/wp-json\/wp\/v2\/categories?post=168411"},{"taxonomy":"post_tag","embeddable":true,"href":"https:\/\/www.bellunopress.it\/fr\/wp-json\/wp\/v2\/tags?post=168411"}],"curies":[{"name":"wp","href":"https:\/\/api.w.org\/{rel}","templated":true}]}}