{"id":168407,"date":"2026-03-21T21:07:56","date_gmt":"2026-03-21T20:07:56","guid":{"rendered":"https:\/\/www.bellunopress.it\/?p=168407"},"modified":"2026-03-21T21:07:56","modified_gmt":"2026-03-21T20:07:56","slug":"ex-caserma-fantuzzi-di-belluno","status":"publish","type":"post","link":"https:\/\/www.bellunopress.it\/fr\/2026\/03\/21\/ex-caserma-fantuzzi-di-belluno\/","title":{"rendered":"Ex caserma Fantuzzi di Belluno"},"content":{"rendered":"<p>Leggo che il presidente di Sib, Attilio Sommavilla, peraltro in scadenza, rivolgendosi a Provincia, Comune di Belluno, Ater Ulss e qualsiasi altro soggetto pubblico o privato, esprime un \u2018idea meravigliosa: \u201ccostruire insieme una proposta\u201d per realizzare nella ex Caserma Fantuzzi un \u201cpolo di servizi ai cittadini\u201d.<br \/>\nMi permetto di dire che siamo alle comiche. In un attimo si confermano decenni di incapacit\u00e0 progettuale.<br \/>\nDa decenni la caserma \u00e8 vuota e desolata, come ho avuto modo di dire e scrivere in numerose lettere inviate ai giornali locali e agli uffici coinvolti, fin dal 2010, pubblicate e desolatamente ignorate proprio da quegli enti (con la \u201ce\u201d minuscola) ai quali ora ci si rivolge.<br \/>\nSolo il precedente sindaco Massaro a suo tempo afferm\u00f2 che la mia idea non era peregrina. Ma non se ne fece nulla.<br \/>\nIn ogni caso l\u2019idea iniziale era quella di inserire nel contenitore la Questura. Poi ci si accorse che il volume era troppo consistente per tale realt\u00e0 e venne proposto di aggiungervi pure la Polizia Locale. Che ultimamente ha trovato posto nei locali realizzati nei Giardini Citta di Bologna per ospitare le scuole Gabelli, in attesa del rifacimento della sede storica.<br \/>\nPolizia per la quale, si legge in un\u2019interpellanza del gruppo consigliare Pd in Comune di Belluno, si vocifera il trasferimento nei locali della vecchia caserma dei Vigili del Fuoco in via Col di Lana. Il tempo intanto scorre invano.<br \/>\nIl caos regna sovrano e i cittadini si chiedono in che mani si trovi la citt\u00e0.<br \/>\nLa mia idea era semplice: la ex caserma dovrebbe diventare il \u201cpolo scolastico\u201d delle scuole superiori, al quale gli studenti avrebbero accesso direttamente a piedi dal piazzale della stazione, la giunti in treno o in pullman, senza bisogno di essere trasportati ai vari istituti sparsi nel territorio (pensate solo alle scuole magistrali o alla ragioneria in via Mier), con dispendio di mezzi e carburante e relativo inquinamento.<br \/>\nGli stabili rimasti vuoti avrebbero potuto essere riconvertiti a nuove sedi della Questura e della Ulss, che avrebbe avuto una contiguit\u00e0 perfetta con l\u2019Ospedale San Martino.<br \/>\nMa forse le idee troppo semplici non piacciono.<br \/>\nP.s. Chi volesse sapere il mio progetto nei dettagli, pu\u00f2 chiedere il mio indirizzo ai giornali che cortesemente vogliano pubblicare questo mio scritto.<br \/>\nTomaso Pettazzi<\/p>","protected":false},"excerpt":{"rendered":"<p>Leggo che il presidente di Sib, Attilio Sommavilla, peraltro in scadenza, rivolgendosi a Provincia, Comune di Belluno, Ater Ulss e qualsiasi altro soggetto pubblico o privato, esprime un \u2018idea meravigliosa: \u201ccostruire insieme una proposta\u201d per realizzare nella ex Caserma Fantuzzi un \u201cpolo di servizi ai cittadini\u201d. Mi permetto di dire che siamo alle comiche. In [&hellip;]<\/p>\n","protected":false},"author":2,"featured_media":115107,"comment_status":"closed","ping_status":"open","sticky":false,"template":"","format":"standard","meta":{"footnotes":""},"categories":[1],"tags":[],"class_list":["post-168407","post","type-post","status-publish","format-standard","has-post-thumbnail","category-leo"],"yoast_head":"<!-- This site is optimized with the Yoast SEO plugin v28.4 - https:\/\/yoast.com\/product\/yoast-seo-wordpress\/ -->\n<title>Ex caserma Fantuzzi di Belluno - Bellunopress - Dolomiti<\/title>\n<meta name=\"robots\" content=\"index, follow, max-snippet:-1, max-image-preview:large, max-video-preview:-1\" \/>\n<link rel=\"canonical\" href=\"https:\/\/www.bellunopress.it\/fr\/2026\/03\/21\/ex-caserma-fantuzzi-di-belluno\/\" \/>\n<meta property=\"og:locale\" content=\"fr_FR\" \/>\n<meta property=\"og:type\" content=\"article\" \/>\n<meta property=\"og:title\" content=\"Ex caserma Fantuzzi di Belluno - Bellunopress - Dolomiti\" \/>\n<meta property=\"og:description\" content=\"Leggo che il presidente di Sib, Attilio Sommavilla, peraltro in scadenza, rivolgendosi a Provincia, Comune di Belluno, Ater Ulss e qualsiasi altro soggetto pubblico o privato, esprime un \u2018idea meravigliosa: \u201ccostruire insieme una proposta\u201d per realizzare nella ex Caserma Fantuzzi un \u201cpolo di servizi ai cittadini\u201d. Mi permetto di dire che siamo alle comiche. In [&hellip;]\" \/>\n<meta property=\"og:url\" content=\"https:\/\/www.bellunopress.it\/fr\/2026\/03\/21\/ex-caserma-fantuzzi-di-belluno\/\" \/>\n<meta property=\"og:site_name\" content=\"Bellunopress - Dolomiti\" \/>\n<meta property=\"article:publisher\" content=\"https:\/\/www.facebook.com\/profile.php?id=100008943462799\" \/>\n<meta property=\"article:published_time\" content=\"2026-03-21T20:07:56+00:00\" \/>\n<meta property=\"og:image\" content=\"https:\/\/www.bellunopress.it\/wp-content\/uploads\/2020\/06\/Caserma-Fantuzzi_edited.jpg\" \/>\n\t<meta property=\"og:image:width\" content=\"800\" \/>\n\t<meta property=\"og:image:height\" content=\"569\" \/>\n\t<meta property=\"og:image:type\" content=\"image\/jpeg\" \/>\n<meta name=\"author\" content=\"redazione\" \/>\n<meta name=\"twitter:card\" content=\"summary_large_image\" \/>\n<meta name=\"twitter:creator\" content=\"@bellunopress\" \/>\n<meta name=\"twitter:site\" content=\"@bellunopress\" \/>\n<meta name=\"twitter:label1\" content=\"\u00c9crit par\" \/>\n\t<meta name=\"twitter:data1\" content=\"redazione\" \/>\n\t<meta name=\"twitter:label2\" content=\"Dur\u00e9e de lecture estim\u00e9e\" \/>\n\t<meta name=\"twitter:data2\" content=\"2 minutes\" \/>\n<script type=\"application\/ld+json\" class=\"yoast-schema-graph\">{\"@context\":\"https:\\\/\\\/schema.org\",\"@graph\":[{\"@type\":\"Article\",\"@id\":\"https:\\\/\\\/www.bellunopress.it\\\/2026\\\/03\\\/21\\\/ex-caserma-fantuzzi-di-belluno\\\/#article\",\"isPartOf\":{\"@id\":\"https:\\\/\\\/www.bellunopress.it\\\/2026\\\/03\\\/21\\\/ex-caserma-fantuzzi-di-belluno\\\/\"},\"author\":{\"name\":\"redazione\",\"@id\":\"https:\\\/\\\/www.bellunopress.it\\\/#\\\/schema\\\/person\\\/79bb06722b37ece1c03d3e94beb30d73\"},\"headline\":\"Ex caserma Fantuzzi di Belluno\",\"datePublished\":\"2026-03-21T20:07:56+00:00\",\"mainEntityOfPage\":{\"@id\":\"https:\\\/\\\/www.bellunopress.it\\\/2026\\\/03\\\/21\\\/ex-caserma-fantuzzi-di-belluno\\\/\"},\"wordCount\":381,\"publisher\":{\"@id\":\"https:\\\/\\\/www.bellunopress.it\\\/#organization\"},\"image\":{\"@id\":\"https:\\\/\\\/www.bellunopress.it\\\/2026\\\/03\\\/21\\\/ex-caserma-fantuzzi-di-belluno\\\/#primaryimage\"},\"thumbnailUrl\":\"https:\\\/\\\/www.bellunopress.it\\\/wp-content\\\/uploads\\\/2020\\\/06\\\/Caserma-Fantuzzi_edited.jpg\",\"articleSection\":[\"Lettere Opinioni\"],\"inLanguage\":\"fr-FR\"},{\"@type\":\"WebPage\",\"@id\":\"https:\\\/\\\/www.bellunopress.it\\\/2026\\\/03\\\/21\\\/ex-caserma-fantuzzi-di-belluno\\\/\",\"url\":\"https:\\\/\\\/www.bellunopress.it\\\/2026\\\/03\\\/21\\\/ex-caserma-fantuzzi-di-belluno\\\/\",\"name\":\"Ex caserma Fantuzzi di Belluno - Bellunopress - Dolomiti\",\"isPartOf\":{\"@id\":\"https:\\\/\\\/www.bellunopress.it\\\/#website\"},\"primaryImageOfPage\":{\"@id\":\"https:\\\/\\\/www.bellunopress.it\\\/2026\\\/03\\\/21\\\/ex-caserma-fantuzzi-di-belluno\\\/#primaryimage\"},\"image\":{\"@id\":\"https:\\\/\\\/www.bellunopress.it\\\/2026\\\/03\\\/21\\\/ex-caserma-fantuzzi-di-belluno\\\/#primaryimage\"},\"thumbnailUrl\":\"https:\\\/\\\/www.bellunopress.it\\\/wp-content\\\/uploads\\\/2020\\\/06\\\/Caserma-Fantuzzi_edited.jpg\",\"datePublished\":\"2026-03-21T20:07:56+00:00\",\"breadcrumb\":{\"@id\":\"https:\\\/\\\/www.bellunopress.it\\\/2026\\\/03\\\/21\\\/ex-caserma-fantuzzi-di-belluno\\\/#breadcrumb\"},\"inLanguage\":\"fr-FR\",\"potentialAction\":[{\"@type\":\"ReadAction\",\"target\":[\"https:\\\/\\\/www.bellunopress.it\\\/2026\\\/03\\\/21\\\/ex-caserma-fantuzzi-di-belluno\\\/\"]}]},{\"@type\":\"ImageObject\",\"inLanguage\":\"fr-FR\",\"@id\":\"https:\\\/\\\/www.bellunopress.it\\\/2026\\\/03\\\/21\\\/ex-caserma-fantuzzi-di-belluno\\\/#primaryimage\",\"url\":\"https:\\\/\\\/www.bellunopress.it\\\/wp-content\\\/uploads\\\/2020\\\/06\\\/Caserma-Fantuzzi_edited.jpg\",\"contentUrl\":\"https:\\\/\\\/www.bellunopress.it\\\/wp-content\\\/uploads\\\/2020\\\/06\\\/Caserma-Fantuzzi_edited.jpg\",\"width\":800,\"height\":569,\"caption\":\"Ex caserma Fantuzzi - Belluno\"},{\"@type\":\"BreadcrumbList\",\"@id\":\"https:\\\/\\\/www.bellunopress.it\\\/2026\\\/03\\\/21\\\/ex-caserma-fantuzzi-di-belluno\\\/#breadcrumb\",\"itemListElement\":[{\"@type\":\"ListItem\",\"position\":1,\"name\":\"Home\",\"item\":\"https:\\\/\\\/www.bellunopress.it\\\/\"},{\"@type\":\"ListItem\",\"position\":2,\"name\":\"Ex caserma Fantuzzi di Belluno\"}]},{\"@type\":\"WebSite\",\"@id\":\"https:\\\/\\\/www.bellunopress.it\\\/#website\",\"url\":\"https:\\\/\\\/www.bellunopress.it\\\/\",\"name\":\"Bellunopress - Dolomiti\",\"description\":\"e-mail: redazione@bellunopress.it\",\"publisher\":{\"@id\":\"https:\\\/\\\/www.bellunopress.it\\\/#organization\"},\"potentialAction\":[{\"@type\":\"SearchAction\",\"target\":{\"@type\":\"EntryPoint\",\"urlTemplate\":\"https:\\\/\\\/www.bellunopress.it\\\/?s={search_term_string}\"},\"query-input\":{\"@type\":\"PropertyValueSpecification\",\"valueRequired\":true,\"valueName\":\"search_term_string\"}}],\"inLanguage\":\"fr-FR\"},{\"@type\":\"Organization\",\"@id\":\"https:\\\/\\\/www.bellunopress.it\\\/#organization\",\"name\":\"Bellunopress\",\"url\":\"https:\\\/\\\/www.bellunopress.it\\\/\",\"logo\":{\"@type\":\"ImageObject\",\"inLanguage\":\"fr-FR\",\"@id\":\"https:\\\/\\\/www.bellunopress.it\\\/#\\\/schema\\\/logo\\\/image\\\/\",\"url\":\"https:\\\/\\\/www.bellunopress.it\\\/wp-content\\\/uploads\\\/2011\\\/05\\\/cropped-logo-bellunopress-.jpg\",\"contentUrl\":\"https:\\\/\\\/www.bellunopress.it\\\/wp-content\\\/uploads\\\/2011\\\/05\\\/cropped-logo-bellunopress-.jpg\",\"width\":512,\"height\":512,\"caption\":\"Bellunopress\"},\"image\":{\"@id\":\"https:\\\/\\\/www.bellunopress.it\\\/#\\\/schema\\\/logo\\\/image\\\/\"},\"sameAs\":[\"https:\\\/\\\/www.facebook.com\\\/profile.php?id=100008943462799\",\"https:\\\/\\\/x.com\\\/bellunopress\",\"https:\\\/\\\/www.linkedin.com\\\/hp\\\/?dnr=JBzUWaJfMUw8vbXJJ2tVW5-I3jZKvC4wsoxE&amp;amp;amp;amp;amp;amp;trk=nav_responsive_tab_home\",\"https:\\\/\\\/www.youtube.com\\\/channel\\\/UCxL0wu1uN0_3_7hGG0306cw\"]},{\"@type\":\"Person\",\"@id\":\"https:\\\/\\\/www.bellunopress.it\\\/#\\\/schema\\\/person\\\/79bb06722b37ece1c03d3e94beb30d73\",\"name\":\"redazione\",\"image\":{\"@type\":\"ImageObject\",\"inLanguage\":\"fr-FR\",\"@id\":\"https:\\\/\\\/secure.gravatar.com\\\/avatar\\\/37d968a2e67a6fd04c169c4bdef102d0bc5d31b2546345219e348575eb80e9a0?s=96&d=mm&r=g\",\"url\":\"https:\\\/\\\/secure.gravatar.com\\\/avatar\\\/37d968a2e67a6fd04c169c4bdef102d0bc5d31b2546345219e348575eb80e9a0?s=96&d=mm&r=g\",\"contentUrl\":\"https:\\\/\\\/secure.gravatar.com\\\/avatar\\\/37d968a2e67a6fd04c169c4bdef102d0bc5d31b2546345219e348575eb80e9a0?s=96&d=mm&r=g\",\"caption\":\"redazione\"},\"sameAs\":[\"http:\\\/\\\/www.bellunopress.it\",\"https:\\\/\\\/x.com\\\/bellunopress\"],\"url\":\"https:\\\/\\\/www.bellunopress.it\\\/fr\\\/author\\\/redazione\\\/\"}]}<\/script>\n<!-- \/ Yoast SEO plugin. -->","yoast_head_json":{"title":"Ex caserma Fantuzzi di Belluno - Bellunopress - Dolomiti","robots":{"index":"index","follow":"follow","max-snippet":"max-snippet:-1","max-image-preview":"max-image-preview:large","max-video-preview":"max-video-preview:-1"},"canonical":"https:\/\/www.bellunopress.it\/fr\/2026\/03\/21\/ex-caserma-fantuzzi-di-belluno\/","og_locale":"fr_FR","og_type":"article","og_title":"Ex caserma Fantuzzi di Belluno - Bellunopress - Dolomiti","og_description":"Leggo che il presidente di Sib, Attilio Sommavilla, peraltro in scadenza, rivolgendosi a Provincia, Comune di Belluno, Ater Ulss e qualsiasi altro soggetto pubblico o privato, esprime un \u2018idea meravigliosa: \u201ccostruire insieme una proposta\u201d per realizzare nella ex Caserma Fantuzzi un \u201cpolo di servizi ai cittadini\u201d. Mi permetto di dire che siamo alle comiche. In [&hellip;]","og_url":"https:\/\/www.bellunopress.it\/fr\/2026\/03\/21\/ex-caserma-fantuzzi-di-belluno\/","og_site_name":"Bellunopress - Dolomiti","article_publisher":"https:\/\/www.facebook.com\/profile.php?id=100008943462799","article_published_time":"2026-03-21T20:07:56+00:00","og_image":[{"width":800,"height":569,"url":"https:\/\/www.bellunopress.it\/wp-content\/uploads\/2020\/06\/Caserma-Fantuzzi_edited.jpg","type":"image\/jpeg"}],"author":"redazione","twitter_card":"summary_large_image","twitter_creator":"@bellunopress","twitter_site":"@bellunopress","twitter_misc":{"\u00c9crit par":"redazione","Dur\u00e9e de lecture estim\u00e9e":"2 minutes"},"schema":{"@context":"https:\/\/schema.org","@graph":[{"@type":"Article","@id":"https:\/\/www.bellunopress.it\/2026\/03\/21\/ex-caserma-fantuzzi-di-belluno\/#article","isPartOf":{"@id":"https:\/\/www.bellunopress.it\/2026\/03\/21\/ex-caserma-fantuzzi-di-belluno\/"},"author":{"name":"redazione","@id":"https:\/\/www.bellunopress.it\/#\/schema\/person\/79bb06722b37ece1c03d3e94beb30d73"},"headline":"Ex caserma Fantuzzi di Belluno","datePublished":"2026-03-21T20:07:56+00:00","mainEntityOfPage":{"@id":"https:\/\/www.bellunopress.it\/2026\/03\/21\/ex-caserma-fantuzzi-di-belluno\/"},"wordCount":381,"publisher":{"@id":"https:\/\/www.bellunopress.it\/#organization"},"image":{"@id":"https:\/\/www.bellunopress.it\/2026\/03\/21\/ex-caserma-fantuzzi-di-belluno\/#primaryimage"},"thumbnailUrl":"https:\/\/www.bellunopress.it\/wp-content\/uploads\/2020\/06\/Caserma-Fantuzzi_edited.jpg","articleSection":["Lettere Opinioni"],"inLanguage":"fr-FR"},{"@type":"WebPage","@id":"https:\/\/www.bellunopress.it\/2026\/03\/21\/ex-caserma-fantuzzi-di-belluno\/","url":"https:\/\/www.bellunopress.it\/2026\/03\/21\/ex-caserma-fantuzzi-di-belluno\/","name":"Ex caserma Fantuzzi di Belluno - Bellunopress - Dolomiti","isPartOf":{"@id":"https:\/\/www.bellunopress.it\/#website"},"primaryImageOfPage":{"@id":"https:\/\/www.bellunopress.it\/2026\/03\/21\/ex-caserma-fantuzzi-di-belluno\/#primaryimage"},"image":{"@id":"https:\/\/www.bellunopress.it\/2026\/03\/21\/ex-caserma-fantuzzi-di-belluno\/#primaryimage"},"thumbnailUrl":"https:\/\/www.bellunopress.it\/wp-content\/uploads\/2020\/06\/Caserma-Fantuzzi_edited.jpg","datePublished":"2026-03-21T20:07:56+00:00","breadcrumb":{"@id":"https:\/\/www.bellunopress.it\/2026\/03\/21\/ex-caserma-fantuzzi-di-belluno\/#breadcrumb"},"inLanguage":"fr-FR","potentialAction":[{"@type":"ReadAction","target":["https:\/\/www.bellunopress.it\/2026\/03\/21\/ex-caserma-fantuzzi-di-belluno\/"]}]},{"@type":"ImageObject","inLanguage":"fr-FR","@id":"https:\/\/www.bellunopress.it\/2026\/03\/21\/ex-caserma-fantuzzi-di-belluno\/#primaryimage","url":"https:\/\/www.bellunopress.it\/wp-content\/uploads\/2020\/06\/Caserma-Fantuzzi_edited.jpg","contentUrl":"https:\/\/www.bellunopress.it\/wp-content\/uploads\/2020\/06\/Caserma-Fantuzzi_edited.jpg","width":800,"height":569,"caption":"Ex caserma Fantuzzi - Belluno"},{"@type":"BreadcrumbList","@id":"https:\/\/www.bellunopress.it\/2026\/03\/21\/ex-caserma-fantuzzi-di-belluno\/#breadcrumb","itemListElement":[{"@type":"ListItem","position":1,"name":"Home","item":"https:\/\/www.bellunopress.it\/"},{"@type":"ListItem","position":2,"name":"Ex caserma Fantuzzi di Belluno"}]},{"@type":"WebSite","@id":"https:\/\/www.bellunopress.it\/#website","url":"https:\/\/www.bellunopress.it\/","name":"Bellunopress - Dolomiti","description":"e-mail: redazione@bellunopress.it","publisher":{"@id":"https:\/\/www.bellunopress.it\/#organization"},"potentialAction":[{"@type":"SearchAction","target":{"@type":"EntryPoint","urlTemplate":"https:\/\/www.bellunopress.it\/?s={search_term_string}"},"query-input":{"@type":"PropertyValueSpecification","valueRequired":true,"valueName":"search_term_string"}}],"inLanguage":"fr-FR"},{"@type":"Organization","@id":"https:\/\/www.bellunopress.it\/#organization","name":"Bellunopress","url":"https:\/\/www.bellunopress.it\/","logo":{"@type":"ImageObject","inLanguage":"fr-FR","@id":"https:\/\/www.bellunopress.it\/#\/schema\/logo\/image\/","url":"https:\/\/www.bellunopress.it\/wp-content\/uploads\/2011\/05\/cropped-logo-bellunopress-.jpg","contentUrl":"https:\/\/www.bellunopress.it\/wp-content\/uploads\/2011\/05\/cropped-logo-bellunopress-.jpg","width":512,"height":512,"caption":"Bellunopress"},"image":{"@id":"https:\/\/www.bellunopress.it\/#\/schema\/logo\/image\/"},"sameAs":["https:\/\/www.facebook.com\/profile.php?id=100008943462799","https:\/\/x.com\/bellunopress","https:\/\/www.linkedin.com\/hp\/?dnr=JBzUWaJfMUw8vbXJJ2tVW5-I3jZKvC4wsoxE&amp;amp;amp;amp;amp;amp;trk=nav_responsive_tab_home","https:\/\/www.youtube.com\/channel\/UCxL0wu1uN0_3_7hGG0306cw"]},{"@type":"Person","@id":"https:\/\/www.bellunopress.it\/#\/schema\/person\/79bb06722b37ece1c03d3e94beb30d73","name":"r\u00e9daction","image":{"@type":"ImageObject","inLanguage":"fr-FR","@id":"https:\/\/secure.gravatar.com\/avatar\/37d968a2e67a6fd04c169c4bdef102d0bc5d31b2546345219e348575eb80e9a0?s=96&d=mm&r=g","url":"https:\/\/secure.gravatar.com\/avatar\/37d968a2e67a6fd04c169c4bdef102d0bc5d31b2546345219e348575eb80e9a0?s=96&d=mm&r=g","contentUrl":"https:\/\/secure.gravatar.com\/avatar\/37d968a2e67a6fd04c169c4bdef102d0bc5d31b2546345219e348575eb80e9a0?s=96&d=mm&r=g","caption":"redazione"},"sameAs":["http:\/\/www.bellunopress.it","https:\/\/x.com\/bellunopress"],"url":"https:\/\/www.bellunopress.it\/fr\/author\/redazione\/"}]}},"_links":{"self":[{"href":"https:\/\/www.bellunopress.it\/fr\/wp-json\/wp\/v2\/posts\/168407","targetHints":{"allow":["GET"]}}],"collection":[{"href":"https:\/\/www.bellunopress.it\/fr\/wp-json\/wp\/v2\/posts"}],"about":[{"href":"https:\/\/www.bellunopress.it\/fr\/wp-json\/wp\/v2\/types\/post"}],"author":[{"embeddable":true,"href":"https:\/\/www.bellunopress.it\/fr\/wp-json\/wp\/v2\/users\/2"}],"replies":[{"embeddable":true,"href":"https:\/\/www.bellunopress.it\/fr\/wp-json\/wp\/v2\/comments?post=168407"}],"version-history":[{"count":1,"href":"https:\/\/www.bellunopress.it\/fr\/wp-json\/wp\/v2\/posts\/168407\/revisions"}],"predecessor-version":[{"id":168408,"href":"https:\/\/www.bellunopress.it\/fr\/wp-json\/wp\/v2\/posts\/168407\/revisions\/168408"}],"wp:featuredmedia":[{"embeddable":true,"href":"https:\/\/www.bellunopress.it\/fr\/wp-json\/wp\/v2\/media\/115107"}],"wp:attachment":[{"href":"https:\/\/www.bellunopress.it\/fr\/wp-json\/wp\/v2\/media?parent=168407"}],"wp:term":[{"taxonomy":"category","embeddable":true,"href":"https:\/\/www.bellunopress.it\/fr\/wp-json\/wp\/v2\/categories?post=168407"},{"taxonomy":"post_tag","embeddable":true,"href":"https:\/\/www.bellunopress.it\/fr\/wp-json\/wp\/v2\/tags?post=168407"}],"curies":[{"name":"wp","href":"https:\/\/api.w.org\/{rel}","templated":true}]}}