{"id":168400,"date":"2026-03-21T20:41:57","date_gmt":"2026-03-21T19:41:57","guid":{"rendered":"https:\/\/www.bellunopress.it\/?p=168400"},"modified":"2026-03-21T20:41:57","modified_gmt":"2026-03-21T19:41:57","slug":"borgo-valbelluna-assegnate-risorse-per-1-179-400-euro-per-i-danni-da-maltempo-dellautunno-2023","status":"publish","type":"post","link":"https:\/\/www.bellunopress.it\/fr\/2026\/03\/21\/borgo-valbelluna-assegnate-risorse-per-1-179-400-euro-per-i-danni-da-maltempo-dellautunno-2023\/","title":{"rendered":"Borgo Valbelluna, assegnate risorse per 1.179.400 euro per i danni da maltempo dell\u2019autunno 2023"},"content":{"rendered":"<p>Con Ordinanza del Commissario Delegato della Regione Veneto sono state assegnate le risorse destinate ai Comuni colpiti dagli eventi meteorologici avversi verificatisi nell\u2019autunno 2023. Per il Comune di Borgo Valbelluna risultano finanziati 20 interventi per un importo complessivo di quasi 1,8 milioni di euro.<\/p>\n<p>Le risorse assegnate ammontano a 1.179.400 euro e riguardano sia interventi gi\u00e0 realizzati sia opere da realizzare nei prossimi mesi.<\/p>\n<p>\u201cSi tratta di risorse per noi estremamente importanti, che interessano 13 interventi gi\u00e0 realizzati e 7 da realizzare nel corso dei prossimi mesi\u201d dichiara il vicesindaco con delega ai Lavori Pubblici, Simone Deola. \u201c994.400 euro sono destinati a nuovi lavori, mentre i restanti 185.000 euro finanziano interventi che avevamo gi\u00e0 realizzato con risorse comunali, liberandole di fatto per poter essere investite su nuove criticit\u00e0, come ad esempio quella verificatasi recentemente a Signa\u201d.<\/p>\n<p>L\u2019intervento di maggiore rilevanza, per un importo di 860.000 euro, riguarda la messa in sicurezza del versante e della strada comunale che collega Carve a Valmaor, interessata da un importante fenomeno franoso che ha comportato la chiusura parziale della carreggiata. L\u2019area \u00e8 attualmente sottoposta a monitoraggio costante mediante inclinometri e rilievi con drone.<\/p>\n<p>\u201cL\u2019intervento di Valmaor assume, per dimensioni e collocazione, un\u2019importanza fondamentale\u201d prosegue il vicesindaco Deola. \u201cLa frana interessa la principale viabilit\u00e0 di collegamento con parte della frazione e con il Passo di Praderdago ed \u00e8 monitorata dal gennaio 2025; a dicembre abbiamo affidato la progettazione e ora, grazie a queste risorse, possiamo procedere con la realizzazione dell\u2019opera\u201d.<\/p>\n<p>Tra gli ulteriori interventi previsti si segnalano la sistemazione di una scarpata stradale in localit\u00e0 Morgan, il consolidamento di un versante a Campagnola di Tremea, il ripristino di un muro di sostegno a Pedevilla Alta, il rifacimento del versante lungo la strada Rui\u2013Castello di Zumelle, oltre ad altre opere diffuse sul territorio comunale.<\/p>\n<p>\u201cDesidero ringraziare il Dipartimento nazionale della Protezione Civile, il Commissario delegato della Regione Veneto e l\u2019Ufficio regionale di pianificazione di protezione civile, con i quali abbiamo mantenuto un costante confronto nel corso di questi mesi e che hanno effettuato anche sopralluoghi sul territorio, in particolare presso la frana di Valmaor\u201d conclude il Sindaco di Borgo Valbelluna, Stefano Cesa.<\/p>\n<p>&nbsp;<\/p>","protected":false},"excerpt":{"rendered":"<p>Con Ordinanza del Commissario Delegato della Regione Veneto sono state assegnate le risorse destinate ai Comuni colpiti dagli eventi meteorologici avversi verificatisi nell\u2019autunno 2023. Per il Comune di Borgo Valbelluna risultano finanziati 20 interventi per un importo complessivo di quasi 1,8 milioni di euro. Le risorse assegnate ammontano a 1.179.400 euro e riguardano sia interventi [&hellip;]<\/p>\n","protected":false},"author":2,"featured_media":168401,"comment_status":"closed","ping_status":"open","sticky":false,"template":"","format":"standard","meta":{"footnotes":""},"categories":[26,8],"tags":[],"class_list":["post-168400","post","type-post","status-publish","format-standard","has-post-thumbnail","category-prima-pagina","category-societa-istituzioni"],"yoast_head":"<!-- This site is optimized with the Yoast SEO plugin v28.4 - https:\/\/yoast.com\/product\/yoast-seo-wordpress\/ -->\n<title>Borgo Valbelluna, assegnate risorse per 1.179.400 euro per i danni da maltempo dell\u2019autunno 2023 - Bellunopress - Dolomiti<\/title>\n<meta name=\"robots\" content=\"index, follow, max-snippet:-1, max-image-preview:large, max-video-preview:-1\" \/>\n<link rel=\"canonical\" href=\"https:\/\/www.bellunopress.it\/fr\/2026\/03\/21\/borgo-valbelluna-assegnate-risorse-per-1-179-400-euro-per-i-danni-da-maltempo-dellautunno-2023\/\" \/>\n<meta property=\"og:locale\" content=\"fr_FR\" \/>\n<meta property=\"og:type\" content=\"article\" \/>\n<meta property=\"og:title\" content=\"Borgo Valbelluna, assegnate risorse per 1.179.400 euro per i danni da maltempo dell\u2019autunno 2023 - Bellunopress - Dolomiti\" \/>\n<meta property=\"og:description\" content=\"Con Ordinanza del Commissario Delegato della Regione Veneto sono state assegnate le risorse destinate ai Comuni colpiti dagli eventi meteorologici avversi verificatisi nell\u2019autunno 2023. Per il Comune di Borgo Valbelluna risultano finanziati 20 interventi per un importo complessivo di quasi 1,8 milioni di euro. Le risorse assegnate ammontano a 1.179.400 euro e riguardano sia interventi [&hellip;]\" \/>\n<meta property=\"og:url\" content=\"https:\/\/www.bellunopress.it\/fr\/2026\/03\/21\/borgo-valbelluna-assegnate-risorse-per-1-179-400-euro-per-i-danni-da-maltempo-dellautunno-2023\/\" \/>\n<meta property=\"og:site_name\" content=\"Bellunopress - Dolomiti\" \/>\n<meta property=\"article:publisher\" content=\"https:\/\/www.facebook.com\/profile.php?id=100008943462799\" \/>\n<meta property=\"article:published_time\" content=\"2026-03-21T19:41:57+00:00\" \/>\n<meta property=\"og:image\" content=\"https:\/\/www.bellunopress.it\/wp-content\/uploads\/2026\/03\/Valmaor-Borgo-Valbelluna.jpg\" \/>\n\t<meta property=\"og:image:width\" content=\"542\" \/>\n\t<meta property=\"og:image:height\" content=\"255\" \/>\n\t<meta property=\"og:image:type\" content=\"image\/jpeg\" \/>\n<meta name=\"author\" content=\"redazione\" \/>\n<meta name=\"twitter:card\" content=\"summary_large_image\" \/>\n<meta name=\"twitter:creator\" content=\"@bellunopress\" \/>\n<meta name=\"twitter:site\" content=\"@bellunopress\" \/>\n<meta name=\"twitter:label1\" content=\"\u00c9crit par\" \/>\n\t<meta name=\"twitter:data1\" content=\"redazione\" \/>\n\t<meta name=\"twitter:label2\" content=\"Dur\u00e9e de lecture estim\u00e9e\" \/>\n\t<meta name=\"twitter:data2\" content=\"2 minutes\" \/>\n<script type=\"application\/ld+json\" class=\"yoast-schema-graph\">{\"@context\":\"https:\\\/\\\/schema.org\",\"@graph\":[{\"@type\":\"Article\",\"@id\":\"https:\\\/\\\/www.bellunopress.it\\\/2026\\\/03\\\/21\\\/borgo-valbelluna-assegnate-risorse-per-1-179-400-euro-per-i-danni-da-maltempo-dellautunno-2023\\\/#article\",\"isPartOf\":{\"@id\":\"https:\\\/\\\/www.bellunopress.it\\\/2026\\\/03\\\/21\\\/borgo-valbelluna-assegnate-risorse-per-1-179-400-euro-per-i-danni-da-maltempo-dellautunno-2023\\\/\"},\"author\":{\"name\":\"redazione\",\"@id\":\"https:\\\/\\\/www.bellunopress.it\\\/#\\\/schema\\\/person\\\/79bb06722b37ece1c03d3e94beb30d73\"},\"headline\":\"Borgo Valbelluna, assegnate risorse per 1.179.400 euro per i danni da maltempo dell\u2019autunno 2023\",\"datePublished\":\"2026-03-21T19:41:57+00:00\",\"mainEntityOfPage\":{\"@id\":\"https:\\\/\\\/www.bellunopress.it\\\/2026\\\/03\\\/21\\\/borgo-valbelluna-assegnate-risorse-per-1-179-400-euro-per-i-danni-da-maltempo-dellautunno-2023\\\/\"},\"wordCount\":366,\"publisher\":{\"@id\":\"https:\\\/\\\/www.bellunopress.it\\\/#organization\"},\"image\":{\"@id\":\"https:\\\/\\\/www.bellunopress.it\\\/2026\\\/03\\\/21\\\/borgo-valbelluna-assegnate-risorse-per-1-179-400-euro-per-i-danni-da-maltempo-dellautunno-2023\\\/#primaryimage\"},\"thumbnailUrl\":\"https:\\\/\\\/www.bellunopress.it\\\/wp-content\\\/uploads\\\/2026\\\/03\\\/Valmaor-Borgo-Valbelluna.jpg\",\"articleSection\":[\"Prima Pagina\",\"Societ\u00e0, Associazioni, Istituzioni\"],\"inLanguage\":\"fr-FR\"},{\"@type\":\"WebPage\",\"@id\":\"https:\\\/\\\/www.bellunopress.it\\\/2026\\\/03\\\/21\\\/borgo-valbelluna-assegnate-risorse-per-1-179-400-euro-per-i-danni-da-maltempo-dellautunno-2023\\\/\",\"url\":\"https:\\\/\\\/www.bellunopress.it\\\/2026\\\/03\\\/21\\\/borgo-valbelluna-assegnate-risorse-per-1-179-400-euro-per-i-danni-da-maltempo-dellautunno-2023\\\/\",\"name\":\"Borgo Valbelluna, assegnate risorse per 1.179.400 euro per i danni da maltempo dell\u2019autunno 2023 - Bellunopress - Dolomiti\",\"isPartOf\":{\"@id\":\"https:\\\/\\\/www.bellunopress.it\\\/#website\"},\"primaryImageOfPage\":{\"@id\":\"https:\\\/\\\/www.bellunopress.it\\\/2026\\\/03\\\/21\\\/borgo-valbelluna-assegnate-risorse-per-1-179-400-euro-per-i-danni-da-maltempo-dellautunno-2023\\\/#primaryimage\"},\"image\":{\"@id\":\"https:\\\/\\\/www.bellunopress.it\\\/2026\\\/03\\\/21\\\/borgo-valbelluna-assegnate-risorse-per-1-179-400-euro-per-i-danni-da-maltempo-dellautunno-2023\\\/#primaryimage\"},\"thumbnailUrl\":\"https:\\\/\\\/www.bellunopress.it\\\/wp-content\\\/uploads\\\/2026\\\/03\\\/Valmaor-Borgo-Valbelluna.jpg\",\"datePublished\":\"2026-03-21T19:41:57+00:00\",\"breadcrumb\":{\"@id\":\"https:\\\/\\\/www.bellunopress.it\\\/2026\\\/03\\\/21\\\/borgo-valbelluna-assegnate-risorse-per-1-179-400-euro-per-i-danni-da-maltempo-dellautunno-2023\\\/#breadcrumb\"},\"inLanguage\":\"fr-FR\",\"potentialAction\":[{\"@type\":\"ReadAction\",\"target\":[\"https:\\\/\\\/www.bellunopress.it\\\/2026\\\/03\\\/21\\\/borgo-valbelluna-assegnate-risorse-per-1-179-400-euro-per-i-danni-da-maltempo-dellautunno-2023\\\/\"]}]},{\"@type\":\"ImageObject\",\"inLanguage\":\"fr-FR\",\"@id\":\"https:\\\/\\\/www.bellunopress.it\\\/2026\\\/03\\\/21\\\/borgo-valbelluna-assegnate-risorse-per-1-179-400-euro-per-i-danni-da-maltempo-dellautunno-2023\\\/#primaryimage\",\"url\":\"https:\\\/\\\/www.bellunopress.it\\\/wp-content\\\/uploads\\\/2026\\\/03\\\/Valmaor-Borgo-Valbelluna.jpg\",\"contentUrl\":\"https:\\\/\\\/www.bellunopress.it\\\/wp-content\\\/uploads\\\/2026\\\/03\\\/Valmaor-Borgo-Valbelluna.jpg\",\"width\":542,\"height\":255,\"caption\":\"Valmaor (Borgo Valbelluna)\"},{\"@type\":\"BreadcrumbList\",\"@id\":\"https:\\\/\\\/www.bellunopress.it\\\/2026\\\/03\\\/21\\\/borgo-valbelluna-assegnate-risorse-per-1-179-400-euro-per-i-danni-da-maltempo-dellautunno-2023\\\/#breadcrumb\",\"itemListElement\":[{\"@type\":\"ListItem\",\"position\":1,\"name\":\"Home\",\"item\":\"https:\\\/\\\/www.bellunopress.it\\\/\"},{\"@type\":\"ListItem\",\"position\":2,\"name\":\"Borgo Valbelluna, assegnate risorse per 1.179.400 euro per i danni da maltempo dell\u2019autunno 2023\"}]},{\"@type\":\"WebSite\",\"@id\":\"https:\\\/\\\/www.bellunopress.it\\\/#website\",\"url\":\"https:\\\/\\\/www.bellunopress.it\\\/\",\"name\":\"Bellunopress - Dolomiti\",\"description\":\"e-mail: redazione@bellunopress.it\",\"publisher\":{\"@id\":\"https:\\\/\\\/www.bellunopress.it\\\/#organization\"},\"potentialAction\":[{\"@type\":\"SearchAction\",\"target\":{\"@type\":\"EntryPoint\",\"urlTemplate\":\"https:\\\/\\\/www.bellunopress.it\\\/?s={search_term_string}\"},\"query-input\":{\"@type\":\"PropertyValueSpecification\",\"valueRequired\":true,\"valueName\":\"search_term_string\"}}],\"inLanguage\":\"fr-FR\"},{\"@type\":\"Organization\",\"@id\":\"https:\\\/\\\/www.bellunopress.it\\\/#organization\",\"name\":\"Bellunopress\",\"url\":\"https:\\\/\\\/www.bellunopress.it\\\/\",\"logo\":{\"@type\":\"ImageObject\",\"inLanguage\":\"fr-FR\",\"@id\":\"https:\\\/\\\/www.bellunopress.it\\\/#\\\/schema\\\/logo\\\/image\\\/\",\"url\":\"https:\\\/\\\/www.bellunopress.it\\\/wp-content\\\/uploads\\\/2011\\\/05\\\/cropped-logo-bellunopress-.jpg\",\"contentUrl\":\"https:\\\/\\\/www.bellunopress.it\\\/wp-content\\\/uploads\\\/2011\\\/05\\\/cropped-logo-bellunopress-.jpg\",\"width\":512,\"height\":512,\"caption\":\"Bellunopress\"},\"image\":{\"@id\":\"https:\\\/\\\/www.bellunopress.it\\\/#\\\/schema\\\/logo\\\/image\\\/\"},\"sameAs\":[\"https:\\\/\\\/www.facebook.com\\\/profile.php?id=100008943462799\",\"https:\\\/\\\/x.com\\\/bellunopress\",\"https:\\\/\\\/www.linkedin.com\\\/hp\\\/?dnr=JBzUWaJfMUw8vbXJJ2tVW5-I3jZKvC4wsoxE&amp;amp;amp;amp;amp;amp;trk=nav_responsive_tab_home\",\"https:\\\/\\\/www.youtube.com\\\/channel\\\/UCxL0wu1uN0_3_7hGG0306cw\"]},{\"@type\":\"Person\",\"@id\":\"https:\\\/\\\/www.bellunopress.it\\\/#\\\/schema\\\/person\\\/79bb06722b37ece1c03d3e94beb30d73\",\"name\":\"redazione\",\"image\":{\"@type\":\"ImageObject\",\"inLanguage\":\"fr-FR\",\"@id\":\"https:\\\/\\\/secure.gravatar.com\\\/avatar\\\/37d968a2e67a6fd04c169c4bdef102d0bc5d31b2546345219e348575eb80e9a0?s=96&d=mm&r=g\",\"url\":\"https:\\\/\\\/secure.gravatar.com\\\/avatar\\\/37d968a2e67a6fd04c169c4bdef102d0bc5d31b2546345219e348575eb80e9a0?s=96&d=mm&r=g\",\"contentUrl\":\"https:\\\/\\\/secure.gravatar.com\\\/avatar\\\/37d968a2e67a6fd04c169c4bdef102d0bc5d31b2546345219e348575eb80e9a0?s=96&d=mm&r=g\",\"caption\":\"redazione\"},\"sameAs\":[\"http:\\\/\\\/www.bellunopress.it\",\"https:\\\/\\\/x.com\\\/bellunopress\"],\"url\":\"https:\\\/\\\/www.bellunopress.it\\\/fr\\\/author\\\/redazione\\\/\"}]}<\/script>\n<!-- \/ Yoast SEO plugin. -->","yoast_head_json":{"title":"Borgo Valbelluna, assegnate risorse per 1.179.400 euro per i danni da maltempo dell\u2019autunno 2023 - Bellunopress - Dolomiti","robots":{"index":"index","follow":"follow","max-snippet":"max-snippet:-1","max-image-preview":"max-image-preview:large","max-video-preview":"max-video-preview:-1"},"canonical":"https:\/\/www.bellunopress.it\/fr\/2026\/03\/21\/borgo-valbelluna-assegnate-risorse-per-1-179-400-euro-per-i-danni-da-maltempo-dellautunno-2023\/","og_locale":"fr_FR","og_type":"article","og_title":"Borgo Valbelluna, assegnate risorse per 1.179.400 euro per i danni da maltempo dell\u2019autunno 2023 - Bellunopress - Dolomiti","og_description":"Con Ordinanza del Commissario Delegato della Regione Veneto sono state assegnate le risorse destinate ai Comuni colpiti dagli eventi meteorologici avversi verificatisi nell\u2019autunno 2023. Per il Comune di Borgo Valbelluna risultano finanziati 20 interventi per un importo complessivo di quasi 1,8 milioni di euro. Le risorse assegnate ammontano a 1.179.400 euro e riguardano sia interventi [&hellip;]","og_url":"https:\/\/www.bellunopress.it\/fr\/2026\/03\/21\/borgo-valbelluna-assegnate-risorse-per-1-179-400-euro-per-i-danni-da-maltempo-dellautunno-2023\/","og_site_name":"Bellunopress - Dolomiti","article_publisher":"https:\/\/www.facebook.com\/profile.php?id=100008943462799","article_published_time":"2026-03-21T19:41:57+00:00","og_image":[{"width":542,"height":255,"url":"https:\/\/www.bellunopress.it\/wp-content\/uploads\/2026\/03\/Valmaor-Borgo-Valbelluna.jpg","type":"image\/jpeg"}],"author":"redazione","twitter_card":"summary_large_image","twitter_creator":"@bellunopress","twitter_site":"@bellunopress","twitter_misc":{"\u00c9crit par":"redazione","Dur\u00e9e de lecture estim\u00e9e":"2 minutes"},"schema":{"@context":"https:\/\/schema.org","@graph":[{"@type":"Article","@id":"https:\/\/www.bellunopress.it\/2026\/03\/21\/borgo-valbelluna-assegnate-risorse-per-1-179-400-euro-per-i-danni-da-maltempo-dellautunno-2023\/#article","isPartOf":{"@id":"https:\/\/www.bellunopress.it\/2026\/03\/21\/borgo-valbelluna-assegnate-risorse-per-1-179-400-euro-per-i-danni-da-maltempo-dellautunno-2023\/"},"author":{"name":"redazione","@id":"https:\/\/www.bellunopress.it\/#\/schema\/person\/79bb06722b37ece1c03d3e94beb30d73"},"headline":"Borgo Valbelluna, assegnate risorse per 1.179.400 euro per i danni da maltempo dell\u2019autunno 2023","datePublished":"2026-03-21T19:41:57+00:00","mainEntityOfPage":{"@id":"https:\/\/www.bellunopress.it\/2026\/03\/21\/borgo-valbelluna-assegnate-risorse-per-1-179-400-euro-per-i-danni-da-maltempo-dellautunno-2023\/"},"wordCount":366,"publisher":{"@id":"https:\/\/www.bellunopress.it\/#organization"},"image":{"@id":"https:\/\/www.bellunopress.it\/2026\/03\/21\/borgo-valbelluna-assegnate-risorse-per-1-179-400-euro-per-i-danni-da-maltempo-dellautunno-2023\/#primaryimage"},"thumbnailUrl":"https:\/\/www.bellunopress.it\/wp-content\/uploads\/2026\/03\/Valmaor-Borgo-Valbelluna.jpg","articleSection":["Prima Pagina","Societ\u00e0, Associazioni, Istituzioni"],"inLanguage":"fr-FR"},{"@type":"WebPage","@id":"https:\/\/www.bellunopress.it\/2026\/03\/21\/borgo-valbelluna-assegnate-risorse-per-1-179-400-euro-per-i-danni-da-maltempo-dellautunno-2023\/","url":"https:\/\/www.bellunopress.it\/2026\/03\/21\/borgo-valbelluna-assegnate-risorse-per-1-179-400-euro-per-i-danni-da-maltempo-dellautunno-2023\/","name":"Borgo Valbelluna, assegnate risorse per 1.179.400 euro per i danni da maltempo dell\u2019autunno 2023 - Bellunopress - Dolomiti","isPartOf":{"@id":"https:\/\/www.bellunopress.it\/#website"},"primaryImageOfPage":{"@id":"https:\/\/www.bellunopress.it\/2026\/03\/21\/borgo-valbelluna-assegnate-risorse-per-1-179-400-euro-per-i-danni-da-maltempo-dellautunno-2023\/#primaryimage"},"image":{"@id":"https:\/\/www.bellunopress.it\/2026\/03\/21\/borgo-valbelluna-assegnate-risorse-per-1-179-400-euro-per-i-danni-da-maltempo-dellautunno-2023\/#primaryimage"},"thumbnailUrl":"https:\/\/www.bellunopress.it\/wp-content\/uploads\/2026\/03\/Valmaor-Borgo-Valbelluna.jpg","datePublished":"2026-03-21T19:41:57+00:00","breadcrumb":{"@id":"https:\/\/www.bellunopress.it\/2026\/03\/21\/borgo-valbelluna-assegnate-risorse-per-1-179-400-euro-per-i-danni-da-maltempo-dellautunno-2023\/#breadcrumb"},"inLanguage":"fr-FR","potentialAction":[{"@type":"ReadAction","target":["https:\/\/www.bellunopress.it\/2026\/03\/21\/borgo-valbelluna-assegnate-risorse-per-1-179-400-euro-per-i-danni-da-maltempo-dellautunno-2023\/"]}]},{"@type":"ImageObject","inLanguage":"fr-FR","@id":"https:\/\/www.bellunopress.it\/2026\/03\/21\/borgo-valbelluna-assegnate-risorse-per-1-179-400-euro-per-i-danni-da-maltempo-dellautunno-2023\/#primaryimage","url":"https:\/\/www.bellunopress.it\/wp-content\/uploads\/2026\/03\/Valmaor-Borgo-Valbelluna.jpg","contentUrl":"https:\/\/www.bellunopress.it\/wp-content\/uploads\/2026\/03\/Valmaor-Borgo-Valbelluna.jpg","width":542,"height":255,"caption":"Valmaor (Borgo Valbelluna)"},{"@type":"BreadcrumbList","@id":"https:\/\/www.bellunopress.it\/2026\/03\/21\/borgo-valbelluna-assegnate-risorse-per-1-179-400-euro-per-i-danni-da-maltempo-dellautunno-2023\/#breadcrumb","itemListElement":[{"@type":"ListItem","position":1,"name":"Home","item":"https:\/\/www.bellunopress.it\/"},{"@type":"ListItem","position":2,"name":"Borgo Valbelluna, assegnate risorse per 1.179.400 euro per i danni da maltempo dell\u2019autunno 2023"}]},{"@type":"WebSite","@id":"https:\/\/www.bellunopress.it\/#website","url":"https:\/\/www.bellunopress.it\/","name":"Bellunopress - Dolomiti","description":"e-mail: redazione@bellunopress.it","publisher":{"@id":"https:\/\/www.bellunopress.it\/#organization"},"potentialAction":[{"@type":"SearchAction","target":{"@type":"EntryPoint","urlTemplate":"https:\/\/www.bellunopress.it\/?s={search_term_string}"},"query-input":{"@type":"PropertyValueSpecification","valueRequired":true,"valueName":"search_term_string"}}],"inLanguage":"fr-FR"},{"@type":"Organization","@id":"https:\/\/www.bellunopress.it\/#organization","name":"Bellunopress","url":"https:\/\/www.bellunopress.it\/","logo":{"@type":"ImageObject","inLanguage":"fr-FR","@id":"https:\/\/www.bellunopress.it\/#\/schema\/logo\/image\/","url":"https:\/\/www.bellunopress.it\/wp-content\/uploads\/2011\/05\/cropped-logo-bellunopress-.jpg","contentUrl":"https:\/\/www.bellunopress.it\/wp-content\/uploads\/2011\/05\/cropped-logo-bellunopress-.jpg","width":512,"height":512,"caption":"Bellunopress"},"image":{"@id":"https:\/\/www.bellunopress.it\/#\/schema\/logo\/image\/"},"sameAs":["https:\/\/www.facebook.com\/profile.php?id=100008943462799","https:\/\/x.com\/bellunopress","https:\/\/www.linkedin.com\/hp\/?dnr=JBzUWaJfMUw8vbXJJ2tVW5-I3jZKvC4wsoxE&amp;amp;amp;amp;amp;amp;trk=nav_responsive_tab_home","https:\/\/www.youtube.com\/channel\/UCxL0wu1uN0_3_7hGG0306cw"]},{"@type":"Person","@id":"https:\/\/www.bellunopress.it\/#\/schema\/person\/79bb06722b37ece1c03d3e94beb30d73","name":"r\u00e9daction","image":{"@type":"ImageObject","inLanguage":"fr-FR","@id":"https:\/\/secure.gravatar.com\/avatar\/37d968a2e67a6fd04c169c4bdef102d0bc5d31b2546345219e348575eb80e9a0?s=96&d=mm&r=g","url":"https:\/\/secure.gravatar.com\/avatar\/37d968a2e67a6fd04c169c4bdef102d0bc5d31b2546345219e348575eb80e9a0?s=96&d=mm&r=g","contentUrl":"https:\/\/secure.gravatar.com\/avatar\/37d968a2e67a6fd04c169c4bdef102d0bc5d31b2546345219e348575eb80e9a0?s=96&d=mm&r=g","caption":"redazione"},"sameAs":["http:\/\/www.bellunopress.it","https:\/\/x.com\/bellunopress"],"url":"https:\/\/www.bellunopress.it\/fr\/author\/redazione\/"}]}},"_links":{"self":[{"href":"https:\/\/www.bellunopress.it\/fr\/wp-json\/wp\/v2\/posts\/168400","targetHints":{"allow":["GET"]}}],"collection":[{"href":"https:\/\/www.bellunopress.it\/fr\/wp-json\/wp\/v2\/posts"}],"about":[{"href":"https:\/\/www.bellunopress.it\/fr\/wp-json\/wp\/v2\/types\/post"}],"author":[{"embeddable":true,"href":"https:\/\/www.bellunopress.it\/fr\/wp-json\/wp\/v2\/users\/2"}],"replies":[{"embeddable":true,"href":"https:\/\/www.bellunopress.it\/fr\/wp-json\/wp\/v2\/comments?post=168400"}],"version-history":[{"count":1,"href":"https:\/\/www.bellunopress.it\/fr\/wp-json\/wp\/v2\/posts\/168400\/revisions"}],"predecessor-version":[{"id":168402,"href":"https:\/\/www.bellunopress.it\/fr\/wp-json\/wp\/v2\/posts\/168400\/revisions\/168402"}],"wp:featuredmedia":[{"embeddable":true,"href":"https:\/\/www.bellunopress.it\/fr\/wp-json\/wp\/v2\/media\/168401"}],"wp:attachment":[{"href":"https:\/\/www.bellunopress.it\/fr\/wp-json\/wp\/v2\/media?parent=168400"}],"wp:term":[{"taxonomy":"category","embeddable":true,"href":"https:\/\/www.bellunopress.it\/fr\/wp-json\/wp\/v2\/categories?post=168400"},{"taxonomy":"post_tag","embeddable":true,"href":"https:\/\/www.bellunopress.it\/fr\/wp-json\/wp\/v2\/tags?post=168400"}],"curies":[{"name":"wp","href":"https:\/\/api.w.org\/{rel}","templated":true}]}}