{"id":168396,"date":"2026-03-21T16:29:15","date_gmt":"2026-03-21T15:29:15","guid":{"rendered":"https:\/\/www.bellunopress.it\/?p=168396"},"modified":"2026-03-21T16:29:15","modified_gmt":"2026-03-21T15:29:15","slug":"accoglienza-e-algoritmi-a-mel-il-convegno-sulla-sfida-del-turismo-nellera-dei-social","status":"publish","type":"post","link":"https:\/\/www.bellunopress.it\/fr\/2026\/03\/21\/accoglienza-e-algoritmi-a-mel-il-convegno-sulla-sfida-del-turismo-nellera-dei-social\/","title":{"rendered":"Accoglienza e algoritmi: a Mel il convegno sulla sfida del turismo nell\u2019era dei social"},"content":{"rendered":"<p data-path-to-node=\"3\">Borgo Valbelluna, 21\/03\/2026\u00a0\u2013 Com\u2019\u00e8 possibile conciliare l\u2019attrattivit\u00e0 turistica di un borgo con la necessit\u00e0 di tutelarne l\u2019identit\u00e0 e l\u2019ambiente? \u00c8 questo l\u2019interrogativo che ha fatto da filo conduttore al convegno \u201cPasso leggero, sguardo aperto: l\u2019accoglienza nell\u2019era dei social\u201d, tenutosi sabato 21 marzo nella cornice dell\u2019Auditorium San Pietro di Mel.<\/p>\n<p data-path-to-node=\"4\">L\u2019evento, inserito nel programma del festival &#8220;Camminando 2026&#8221;, ha riunito giornalisti, accademici ed esperti di settore per analizzare l&#8217;impatto dei nuovi media sulle dinamiche del turismo di massa e la ricerca di un nuovo equilibrio basato sulla responsabilit\u00e0.<\/p>\n<p data-path-to-node=\"6\">Al centro del dibattito, moderato da Marco Giovenco (direttore di <i data-path-to-node=\"6\" data-index-in-node=\"66\">Itinerari e Luoghi<\/i>), \u00e8 emersa la crescente pressione che i social network esercitano sui territori fragili. Se da un lato le piattaforme digitali sono strumenti di promozione senza precedenti, dall\u2019altro rischiano di alimentare un turismo &#8220;mordi e fuggi&#8221; che mette a dura prova la vivibilit\u00e0 dei piccoli centri.<\/p>\n<p data-path-to-node=\"7\">Tra le voci pi\u00f9 autorevoli presenti all\u2019incontro, quella di Paolo Casetti, geografo e docente universitario specializzato in Geografia del Turismo e della Percezione. Con un\u2019esperienza ventennale nel <i data-path-to-node=\"7\" data-index-in-node=\"200\">Destination Management<\/i> maturata tra Italia, Svizzera e Sud America, Casetti ha offerto una lucida analisi su come la psicologia del turismo influenzi le scelte dei viaggiatori moderni.<\/p>\n<p data-path-to-node=\"9\">Collaboratore della rivista <i data-path-to-node=\"9\" data-index-in-node=\"28\">Turismo &amp; Psicologia<\/i> dell&#8217;Universit\u00e0 di Padova e consulente della BITESP (Borsa Internazionale del Turismo Esperienziale), Casetti ha sottolineato l&#8217;importanza di una &#8220;comunicazione consapevole&#8221;. Secondo l&#8217;esperto, il turismo non deve essere solo un consumo di spazi, ma un\u2019esperienza affettiva e culturale.<\/p>\n<p data-path-to-node=\"10\">I suoi studi su Turismo Esperienziale e Psicologia Ambientale suggeriscono che il successo di una destinazione non si misura pi\u00f9 solo dal numero di &#8220;like&#8221; o di visitatori, ma dalla capacit\u00e0 di creare un incontro autentico tra la comunit\u00e0 locale e il turista, senza snaturare l\u2019essenza del luogo.<\/p>\n<p data-path-to-node=\"12\">Oltre a Casetti, il tavolo dei relatori ha visto la partecipazione di figure chiave del settore come Giulia Cananzi (Messaggero di S. Antonio), Alessia Fiorentino (Etifor), Ilaria Canali (Rete nazionale delle donne in cammino) e Sonia Bregoli (Rete IT.A.C\u00c0).<\/p>\n<p data-path-to-node=\"13\">Il messaggio emerso dall\u2019Auditorium di Mel \u00e8 chiaro: il futuro del turismo nei borghi passa per un &#8220;passo leggero&#8221;, capace di attraversare la bellezza senza calpestarla, e uno &#8220;sguardo aperto&#8221; alle innovazioni digitali, purch\u00e9 guidate da una solida etica del territorio.<\/p>\n<p data-path-to-node=\"15\">\n<figure id=\"attachment_168397\" aria-describedby=\"caption-attachment-168397\" style=\"width: 600px\" class=\"wp-caption aligncenter\"><img loading=\"lazy\" decoding=\"async\" class=\"size-full wp-image-168397\" src=\"https:\/\/www.bellunopress.it\/wp-content\/uploads\/2026\/03\/Paolo-Casetti-convegno-Mel.jpg\" alt=\"\" width=\"600\" height=\"330\" srcset=\"https:\/\/www.bellunopress.it\/wp-content\/uploads\/2026\/03\/Paolo-Casetti-convegno-Mel.jpg 600w, https:\/\/www.bellunopress.it\/wp-content\/uploads\/2026\/03\/Paolo-Casetti-convegno-Mel-500x275.jpg 500w, https:\/\/www.bellunopress.it\/wp-content\/uploads\/2026\/03\/Paolo-Casetti-convegno-Mel-150x83.jpg 150w, https:\/\/www.bellunopress.it\/wp-content\/uploads\/2026\/03\/Paolo-Casetti-convegno-Mel-300x165.jpg 300w\" sizes=\"auto, (max-width: 600px) 100vw, 600px\" \/><figcaption id=\"caption-attachment-168397\" class=\"wp-caption-text\">Prof. Paolo Casetti<\/figcaption><\/figure>\n<h1 data-path-to-node=\"2\">Turismo 5.0: l&#8217;approfondimento del professor Casetti<\/h1>\n<p data-path-to-node=\"3\">Non pi\u00f9 solo una questione di numeri e flussi, ma una sfida etica che mette al centro i valori, l&#8217;umanit\u00e0 e l&#8217;identit\u00e0 dei territori. Questo il cuore del messaggio emerso dal convegno.<\/p>\n<h3 data-path-to-node=\"5\">Overtourism: un fenomeno da gestire, non solo da subire<\/h3>\n<p data-path-to-node=\"6\">Secondo i dati UN-TOURISM 2025, a fronte di una popolazione mondiale di 8,2 miliardi di persone, i turisti sono 1,5 miliardi. Una proporzione che evidenzia come, ad oggi, poco pi\u00f9 di una persona su otto &#8220;fa turismo&#8221;, mentre le restanti sette &#8220;guardano&#8221;.<\/p>\n<p data-path-to-node=\"7\">Questa forte concentrazione alimenta l&#8217;overtourism, descritto non come un&#8217;emergenza improvvisa, ma come &#8220;un fenomeno che avviene sempre e da sempre&#8221;, seguendo un ciclo di vita turistica standardizzato. La slide illustrata ha ripercorso le fasi classiche: dall&#8217;esplorazione iniziale, con strutture semplici e scarso impatto, si passa al coinvolgimento e allo sviluppo, dove la localit\u00e0 definisce la sua immagine con campagne promozionali. Il rischio sorge con il consolidamento e la stagnazione, quando si raggiunge il limite massimo di sopportazione, portando a problemi ambientali e tensioni con la comunit\u00e0 locale. L&#8217;esito finale, se non gestito, \u00e8 il declino.<\/p>\n<p data-path-to-node=\"9\">La risposta a queste criticit\u00e0 non sta nel rifiuto della tecnologia, ma in una sua evoluzione radicale. Il convegno ha sancito l&#8217;ingresso nel Turismo 5.0, segnando una netta discontinuit\u00e0 con il recente passato.<\/p>\n<p data-path-to-node=\"10\">Mentre il Turismo 4.0 \u00e8 stato caratterizzato dalla &#8220;corsa verso il futuro digitale&#8221;, con la tecnologia usata spesso per sostituire l&#8217;umano (automazione) e un&#8217;enfasi su efficienza e profitto immediato (Smart Destination), il Turismo 5.0 propone un cambio di prospettiva:<\/p>\n<ul data-path-to-node=\"11\">\n<li>\n<p data-path-to-node=\"11,0,0\">Driver principale: dai dati ai Valori e Umanit\u00e0.<\/p>\n<\/li>\n<li>\n<p data-path-to-node=\"11,1,0\">Ruolo della tecnologia: non pi\u00f9 sostituzione, ma collaborazione uomo-macchina (Cobot).<\/p>\n<\/li>\n<li>\n<p data-path-to-node=\"11,2,0\">Obiettivo economico: non solo profitto, ma benessere sociale e sostenibilit\u00e0 a lungo termine.<\/p>\n<\/li>\n<li>\n<p data-path-to-node=\"11,3,0\">Concetto di destinazione: da Smart City a Sistema Vivente \/ Comunit\u00e0 Resiliente.<\/p>\n<\/li>\n<li>\n<p data-path-to-node=\"11,4,0\">Approccio ambientale: dalla semplice riduzione dell&#8217;impatto alla Rigenerazione degli ecosistemi.<\/p>\n<\/li>\n<li>\n<p data-path-to-node=\"11,5,0\">Lavoratore del settore: non una risorsa da ottimizzare, ma un capitale umano da valorizzare.<\/p>\n<\/li>\n<\/ul>\n<p data-path-to-node=\"13\">L&#8217;essenza del Turismo 5.0 \u00e8 stata sintetizzata come &#8220;il ritorno al &#8216;Senso del Luogo&#8217; (<i data-path-to-node=\"13\" data-index-in-node=\"86\">Sense of Place<\/i>) potenziato da strumenti tecnologici che ci rendono finalmente custodi responsabili del pianeta&#8221;. La tecnologia deve quindi servire a riscoprire e valorizzare l&#8217;unicit\u00e0 di ogni territorio.<\/p>\n<p data-path-to-node=\"15\">Per implementare questo nuovo modello, sono state proposte nuove strategie comunicative. \u00c8 necessario passare da una concezione del territorio come semplice risorsa (Destination) o mero &#8220;Setting&#8221; per lo storytelling, a una visione del Territorio come Fascio di Relazioni. L&#8217;obiettivo \u00e8 costruire rapporti autentici tra residenti e viaggiatori, evitando che la destinazione si trasformi in una rappresentazione poco credibile che generi rifiuto da parte della comunit\u00e0 locale.<\/p>\n<p data-path-to-node=\"16\">In quest&#8217;ottica, il tourist storytelling deve evolvere: &#8220;Perch\u00e9 ci leghiamo ad una destinazione turistica? Perch\u00e9 parlava a noi, di noi!&#8221;. La narrazione deve toccare corde emotive profonde, connettendo il visitatore con l&#8217;anima del luogo.<\/p>\n<p data-path-to-node=\"17\">Un ruolo chiave in questa nuova narrazione \u00e8 affidato ai Green Influencer, descritti non come celebrit\u00e0 dai grandi numeri, ma come giovani attivisti impegnati per la sostenibilit\u00e0. La slide ha sottolineato le caratteristiche di questa figura emergente:<\/p>\n<ul data-path-to-node=\"18\">\n<li>\n<p data-path-to-node=\"18,0,0\">Post\/reel\/video\/podcast coerenti con una narrazione educativa (<i data-path-to-node=\"18,0,0\" data-index-in-node=\"63\">Slow<\/i>).<\/p>\n<\/li>\n<li>\n<p data-path-to-node=\"18,1,0\">Immagini ed elementi efficaci e impattanti.<\/p>\n<\/li>\n<li>\n<p data-path-to-node=\"18,2,0\">Community ristrette (sotto i 100k follower), ma altamente ingaggiate.<\/p>\n<\/li>\n<li>\n<p data-path-to-node=\"18,3,0\">Narrazioni lontane dal greenwashing.<\/p>\n<\/li>\n<\/ul>\n<h3 data-path-to-node=\"19\">Verso un turismo rigenerativo e la valorizzazione degli Itinerari<\/h3>\n<p data-path-to-node=\"20\">Il convegno si \u00e8 chiuso con una visione ambiziosa: andare oltre la sostenibilit\u00e0 per puntare al turismo rigenerativo. Questo approccio non si limita a ridurre l&#8217;impatto negativo, ma aspira a &#8220;lasciare i luoghi visitati in condizioni migliori di come sono stati trovati&#8221;, trasformando il turista in un &#8220;co-creatore di valore&#8221; per l&#8217;ambiente e le comunit\u00e0 locali.<\/p>\n<p data-path-to-node=\"21\">Un&#8217;azione concreta in questa direzione \u00e8 la valorizzazione di itinerari in localit\u00e0 fuori dal mainstream, una strategia fondamentale per contrastare lo spopolamento delle aree interne. L&#8217;itinerario deve essere inteso come una &#8220;collana preziosa dove le singole gemme sono le localit\u00e0 con il loro <i data-path-to-node=\"21\" data-index-in-node=\"295\">genius loci<\/i>&#8220;, unito da un filo che rappresenta il senso intimo del percorso che il turista contemporaneo vuole compiere. Un approccio che pu\u00f2 offrire opportunit\u00e0 di rilancio sociale ed economico a zone in fase di abbandono demografico, dando ai residenti &#8220;motivi validi per stare ancora assieme e sentirsi comunit\u00e0&#8221;.<\/p>","protected":false},"excerpt":{"rendered":"<p>Borgo Valbelluna, 21\/03\/2026\u00a0\u2013 Com\u2019\u00e8 possibile conciliare l\u2019attrattivit\u00e0 turistica di un borgo con la necessit\u00e0 di tutelarne l\u2019identit\u00e0 e l\u2019ambiente? \u00c8 questo l\u2019interrogativo che ha fatto da filo conduttore al convegno \u201cPasso leggero, sguardo aperto: l\u2019accoglienza nell\u2019era dei social\u201d, tenutosi sabato 21 marzo nella cornice dell\u2019Auditorium San Pietro di Mel. L\u2019evento, inserito nel programma del festival [&hellip;]<\/p>\n","protected":false},"author":2,"featured_media":168398,"comment_status":"closed","ping_status":"open","sticky":false,"template":"","format":"standard","meta":{"footnotes":""},"categories":[36,26,8],"tags":[],"class_list":["post-168396","post","type-post","status-publish","format-standard","has-post-thumbnail","category-lavoro-economia","category-prima-pagina","category-societa-istituzioni"],"yoast_head":"<!-- This site is optimized with the Yoast SEO plugin v28.4 - https:\/\/yoast.com\/product\/yoast-seo-wordpress\/ -->\n<title>Accoglienza e algoritmi: a Mel il convegno sulla sfida del turismo nell\u2019era dei social - Bellunopress - Dolomiti<\/title>\n<meta name=\"robots\" content=\"index, follow, max-snippet:-1, max-image-preview:large, max-video-preview:-1\" \/>\n<link rel=\"canonical\" href=\"https:\/\/www.bellunopress.it\/fr\/2026\/03\/21\/accoglienza-e-algoritmi-a-mel-il-convegno-sulla-sfida-del-turismo-nellera-dei-social\/\" \/>\n<meta property=\"og:locale\" content=\"fr_FR\" \/>\n<meta property=\"og:type\" content=\"article\" \/>\n<meta property=\"og:title\" content=\"Accoglienza e algoritmi: a Mel il convegno sulla sfida del turismo nell\u2019era dei social - Bellunopress - Dolomiti\" \/>\n<meta property=\"og:description\" content=\"Borgo Valbelluna, 21\/03\/2026\u00a0\u2013 Com\u2019\u00e8 possibile conciliare l\u2019attrattivit\u00e0 turistica di un borgo con la necessit\u00e0 di tutelarne l\u2019identit\u00e0 e l\u2019ambiente? \u00c8 questo l\u2019interrogativo che ha fatto da filo conduttore al convegno \u201cPasso leggero, sguardo aperto: l\u2019accoglienza nell\u2019era dei social\u201d, tenutosi sabato 21 marzo nella cornice dell\u2019Auditorium San Pietro di Mel. L\u2019evento, inserito nel programma del festival [&hellip;]\" \/>\n<meta property=\"og:url\" content=\"https:\/\/www.bellunopress.it\/fr\/2026\/03\/21\/accoglienza-e-algoritmi-a-mel-il-convegno-sulla-sfida-del-turismo-nellera-dei-social\/\" \/>\n<meta property=\"og:site_name\" content=\"Bellunopress - Dolomiti\" \/>\n<meta property=\"article:publisher\" content=\"https:\/\/www.facebook.com\/profile.php?id=100008943462799\" \/>\n<meta property=\"article:published_time\" content=\"2026-03-21T15:29:15+00:00\" \/>\n<meta property=\"og:image\" content=\"https:\/\/www.bellunopress.it\/wp-content\/uploads\/2026\/03\/Convegno-giornalisti-Mel.jpg\" \/>\n\t<meta property=\"og:image:width\" content=\"457\" \/>\n\t<meta property=\"og:image:height\" content=\"356\" \/>\n\t<meta property=\"og:image:type\" content=\"image\/jpeg\" \/>\n<meta name=\"author\" content=\"redazione\" \/>\n<meta name=\"twitter:card\" content=\"summary_large_image\" \/>\n<meta name=\"twitter:creator\" content=\"@bellunopress\" \/>\n<meta name=\"twitter:site\" content=\"@bellunopress\" \/>\n<meta name=\"twitter:label1\" content=\"\u00c9crit par\" \/>\n\t<meta name=\"twitter:data1\" content=\"redazione\" \/>\n\t<meta name=\"twitter:label2\" content=\"Dur\u00e9e de lecture estim\u00e9e\" \/>\n\t<meta name=\"twitter:data2\" content=\"5 minutes\" \/>\n<script type=\"application\/ld+json\" class=\"yoast-schema-graph\">{\"@context\":\"https:\\\/\\\/schema.org\",\"@graph\":[{\"@type\":\"Article\",\"@id\":\"https:\\\/\\\/www.bellunopress.it\\\/2026\\\/03\\\/21\\\/accoglienza-e-algoritmi-a-mel-il-convegno-sulla-sfida-del-turismo-nellera-dei-social\\\/#article\",\"isPartOf\":{\"@id\":\"https:\\\/\\\/www.bellunopress.it\\\/2026\\\/03\\\/21\\\/accoglienza-e-algoritmi-a-mel-il-convegno-sulla-sfida-del-turismo-nellera-dei-social\\\/\"},\"author\":{\"name\":\"redazione\",\"@id\":\"https:\\\/\\\/www.bellunopress.it\\\/#\\\/schema\\\/person\\\/79bb06722b37ece1c03d3e94beb30d73\"},\"headline\":\"Accoglienza e algoritmi: a Mel il convegno sulla sfida del turismo nell\u2019era dei social\",\"datePublished\":\"2026-03-21T15:29:15+00:00\",\"mainEntityOfPage\":{\"@id\":\"https:\\\/\\\/www.bellunopress.it\\\/2026\\\/03\\\/21\\\/accoglienza-e-algoritmi-a-mel-il-convegno-sulla-sfida-del-turismo-nellera-dei-social\\\/\"},\"wordCount\":1100,\"publisher\":{\"@id\":\"https:\\\/\\\/www.bellunopress.it\\\/#organization\"},\"image\":{\"@id\":\"https:\\\/\\\/www.bellunopress.it\\\/2026\\\/03\\\/21\\\/accoglienza-e-algoritmi-a-mel-il-convegno-sulla-sfida-del-turismo-nellera-dei-social\\\/#primaryimage\"},\"thumbnailUrl\":\"https:\\\/\\\/www.bellunopress.it\\\/wp-content\\\/uploads\\\/2026\\\/03\\\/Convegno-giornalisti-Mel.jpg\",\"articleSection\":[\"Lavoro, Economia, Turismo\",\"Prima Pagina\",\"Societ\u00e0, Associazioni, Istituzioni\"],\"inLanguage\":\"fr-FR\"},{\"@type\":\"WebPage\",\"@id\":\"https:\\\/\\\/www.bellunopress.it\\\/2026\\\/03\\\/21\\\/accoglienza-e-algoritmi-a-mel-il-convegno-sulla-sfida-del-turismo-nellera-dei-social\\\/\",\"url\":\"https:\\\/\\\/www.bellunopress.it\\\/2026\\\/03\\\/21\\\/accoglienza-e-algoritmi-a-mel-il-convegno-sulla-sfida-del-turismo-nellera-dei-social\\\/\",\"name\":\"Accoglienza e algoritmi: a Mel il convegno sulla sfida del turismo nell\u2019era dei social - Bellunopress - Dolomiti\",\"isPartOf\":{\"@id\":\"https:\\\/\\\/www.bellunopress.it\\\/#website\"},\"primaryImageOfPage\":{\"@id\":\"https:\\\/\\\/www.bellunopress.it\\\/2026\\\/03\\\/21\\\/accoglienza-e-algoritmi-a-mel-il-convegno-sulla-sfida-del-turismo-nellera-dei-social\\\/#primaryimage\"},\"image\":{\"@id\":\"https:\\\/\\\/www.bellunopress.it\\\/2026\\\/03\\\/21\\\/accoglienza-e-algoritmi-a-mel-il-convegno-sulla-sfida-del-turismo-nellera-dei-social\\\/#primaryimage\"},\"thumbnailUrl\":\"https:\\\/\\\/www.bellunopress.it\\\/wp-content\\\/uploads\\\/2026\\\/03\\\/Convegno-giornalisti-Mel.jpg\",\"datePublished\":\"2026-03-21T15:29:15+00:00\",\"breadcrumb\":{\"@id\":\"https:\\\/\\\/www.bellunopress.it\\\/2026\\\/03\\\/21\\\/accoglienza-e-algoritmi-a-mel-il-convegno-sulla-sfida-del-turismo-nellera-dei-social\\\/#breadcrumb\"},\"inLanguage\":\"fr-FR\",\"potentialAction\":[{\"@type\":\"ReadAction\",\"target\":[\"https:\\\/\\\/www.bellunopress.it\\\/2026\\\/03\\\/21\\\/accoglienza-e-algoritmi-a-mel-il-convegno-sulla-sfida-del-turismo-nellera-dei-social\\\/\"]}]},{\"@type\":\"ImageObject\",\"inLanguage\":\"fr-FR\",\"@id\":\"https:\\\/\\\/www.bellunopress.it\\\/2026\\\/03\\\/21\\\/accoglienza-e-algoritmi-a-mel-il-convegno-sulla-sfida-del-turismo-nellera-dei-social\\\/#primaryimage\",\"url\":\"https:\\\/\\\/www.bellunopress.it\\\/wp-content\\\/uploads\\\/2026\\\/03\\\/Convegno-giornalisti-Mel.jpg\",\"contentUrl\":\"https:\\\/\\\/www.bellunopress.it\\\/wp-content\\\/uploads\\\/2026\\\/03\\\/Convegno-giornalisti-Mel.jpg\",\"width\":457,\"height\":356},{\"@type\":\"BreadcrumbList\",\"@id\":\"https:\\\/\\\/www.bellunopress.it\\\/2026\\\/03\\\/21\\\/accoglienza-e-algoritmi-a-mel-il-convegno-sulla-sfida-del-turismo-nellera-dei-social\\\/#breadcrumb\",\"itemListElement\":[{\"@type\":\"ListItem\",\"position\":1,\"name\":\"Home\",\"item\":\"https:\\\/\\\/www.bellunopress.it\\\/\"},{\"@type\":\"ListItem\",\"position\":2,\"name\":\"Accoglienza e algoritmi: a Mel il convegno sulla sfida del turismo nell\u2019era dei social\"}]},{\"@type\":\"WebSite\",\"@id\":\"https:\\\/\\\/www.bellunopress.it\\\/#website\",\"url\":\"https:\\\/\\\/www.bellunopress.it\\\/\",\"name\":\"Bellunopress - Dolomiti\",\"description\":\"e-mail: redazione@bellunopress.it\",\"publisher\":{\"@id\":\"https:\\\/\\\/www.bellunopress.it\\\/#organization\"},\"potentialAction\":[{\"@type\":\"SearchAction\",\"target\":{\"@type\":\"EntryPoint\",\"urlTemplate\":\"https:\\\/\\\/www.bellunopress.it\\\/?s={search_term_string}\"},\"query-input\":{\"@type\":\"PropertyValueSpecification\",\"valueRequired\":true,\"valueName\":\"search_term_string\"}}],\"inLanguage\":\"fr-FR\"},{\"@type\":\"Organization\",\"@id\":\"https:\\\/\\\/www.bellunopress.it\\\/#organization\",\"name\":\"Bellunopress\",\"url\":\"https:\\\/\\\/www.bellunopress.it\\\/\",\"logo\":{\"@type\":\"ImageObject\",\"inLanguage\":\"fr-FR\",\"@id\":\"https:\\\/\\\/www.bellunopress.it\\\/#\\\/schema\\\/logo\\\/image\\\/\",\"url\":\"https:\\\/\\\/www.bellunopress.it\\\/wp-content\\\/uploads\\\/2011\\\/05\\\/cropped-logo-bellunopress-.jpg\",\"contentUrl\":\"https:\\\/\\\/www.bellunopress.it\\\/wp-content\\\/uploads\\\/2011\\\/05\\\/cropped-logo-bellunopress-.jpg\",\"width\":512,\"height\":512,\"caption\":\"Bellunopress\"},\"image\":{\"@id\":\"https:\\\/\\\/www.bellunopress.it\\\/#\\\/schema\\\/logo\\\/image\\\/\"},\"sameAs\":[\"https:\\\/\\\/www.facebook.com\\\/profile.php?id=100008943462799\",\"https:\\\/\\\/x.com\\\/bellunopress\",\"https:\\\/\\\/www.linkedin.com\\\/hp\\\/?dnr=JBzUWaJfMUw8vbXJJ2tVW5-I3jZKvC4wsoxE&amp;amp;amp;amp;amp;amp;trk=nav_responsive_tab_home\",\"https:\\\/\\\/www.youtube.com\\\/channel\\\/UCxL0wu1uN0_3_7hGG0306cw\"]},{\"@type\":\"Person\",\"@id\":\"https:\\\/\\\/www.bellunopress.it\\\/#\\\/schema\\\/person\\\/79bb06722b37ece1c03d3e94beb30d73\",\"name\":\"redazione\",\"image\":{\"@type\":\"ImageObject\",\"inLanguage\":\"fr-FR\",\"@id\":\"https:\\\/\\\/secure.gravatar.com\\\/avatar\\\/37d968a2e67a6fd04c169c4bdef102d0bc5d31b2546345219e348575eb80e9a0?s=96&d=mm&r=g\",\"url\":\"https:\\\/\\\/secure.gravatar.com\\\/avatar\\\/37d968a2e67a6fd04c169c4bdef102d0bc5d31b2546345219e348575eb80e9a0?s=96&d=mm&r=g\",\"contentUrl\":\"https:\\\/\\\/secure.gravatar.com\\\/avatar\\\/37d968a2e67a6fd04c169c4bdef102d0bc5d31b2546345219e348575eb80e9a0?s=96&d=mm&r=g\",\"caption\":\"redazione\"},\"sameAs\":[\"http:\\\/\\\/www.bellunopress.it\",\"https:\\\/\\\/x.com\\\/bellunopress\"],\"url\":\"https:\\\/\\\/www.bellunopress.it\\\/fr\\\/author\\\/redazione\\\/\"}]}<\/script>\n<!-- \/ Yoast SEO plugin. -->","yoast_head_json":{"title":"Accoglienza e algoritmi: a Mel il convegno sulla sfida del turismo nell\u2019era dei social - Bellunopress - Dolomiti","robots":{"index":"index","follow":"follow","max-snippet":"max-snippet:-1","max-image-preview":"max-image-preview:large","max-video-preview":"max-video-preview:-1"},"canonical":"https:\/\/www.bellunopress.it\/fr\/2026\/03\/21\/accoglienza-e-algoritmi-a-mel-il-convegno-sulla-sfida-del-turismo-nellera-dei-social\/","og_locale":"fr_FR","og_type":"article","og_title":"Accoglienza e algoritmi: a Mel il convegno sulla sfida del turismo nell\u2019era dei social - Bellunopress - Dolomiti","og_description":"Borgo Valbelluna, 21\/03\/2026\u00a0\u2013 Com\u2019\u00e8 possibile conciliare l\u2019attrattivit\u00e0 turistica di un borgo con la necessit\u00e0 di tutelarne l\u2019identit\u00e0 e l\u2019ambiente? \u00c8 questo l\u2019interrogativo che ha fatto da filo conduttore al convegno \u201cPasso leggero, sguardo aperto: l\u2019accoglienza nell\u2019era dei social\u201d, tenutosi sabato 21 marzo nella cornice dell\u2019Auditorium San Pietro di Mel. L\u2019evento, inserito nel programma del festival [&hellip;]","og_url":"https:\/\/www.bellunopress.it\/fr\/2026\/03\/21\/accoglienza-e-algoritmi-a-mel-il-convegno-sulla-sfida-del-turismo-nellera-dei-social\/","og_site_name":"Bellunopress - Dolomiti","article_publisher":"https:\/\/www.facebook.com\/profile.php?id=100008943462799","article_published_time":"2026-03-21T15:29:15+00:00","og_image":[{"width":457,"height":356,"url":"https:\/\/www.bellunopress.it\/wp-content\/uploads\/2026\/03\/Convegno-giornalisti-Mel.jpg","type":"image\/jpeg"}],"author":"redazione","twitter_card":"summary_large_image","twitter_creator":"@bellunopress","twitter_site":"@bellunopress","twitter_misc":{"\u00c9crit par":"redazione","Dur\u00e9e de lecture estim\u00e9e":"5 minutes"},"schema":{"@context":"https:\/\/schema.org","@graph":[{"@type":"Article","@id":"https:\/\/www.bellunopress.it\/2026\/03\/21\/accoglienza-e-algoritmi-a-mel-il-convegno-sulla-sfida-del-turismo-nellera-dei-social\/#article","isPartOf":{"@id":"https:\/\/www.bellunopress.it\/2026\/03\/21\/accoglienza-e-algoritmi-a-mel-il-convegno-sulla-sfida-del-turismo-nellera-dei-social\/"},"author":{"name":"redazione","@id":"https:\/\/www.bellunopress.it\/#\/schema\/person\/79bb06722b37ece1c03d3e94beb30d73"},"headline":"Accoglienza e algoritmi: a Mel il convegno sulla sfida del turismo nell\u2019era dei social","datePublished":"2026-03-21T15:29:15+00:00","mainEntityOfPage":{"@id":"https:\/\/www.bellunopress.it\/2026\/03\/21\/accoglienza-e-algoritmi-a-mel-il-convegno-sulla-sfida-del-turismo-nellera-dei-social\/"},"wordCount":1100,"publisher":{"@id":"https:\/\/www.bellunopress.it\/#organization"},"image":{"@id":"https:\/\/www.bellunopress.it\/2026\/03\/21\/accoglienza-e-algoritmi-a-mel-il-convegno-sulla-sfida-del-turismo-nellera-dei-social\/#primaryimage"},"thumbnailUrl":"https:\/\/www.bellunopress.it\/wp-content\/uploads\/2026\/03\/Convegno-giornalisti-Mel.jpg","articleSection":["Lavoro, Economia, Turismo","Prima Pagina","Societ\u00e0, Associazioni, Istituzioni"],"inLanguage":"fr-FR"},{"@type":"WebPage","@id":"https:\/\/www.bellunopress.it\/2026\/03\/21\/accoglienza-e-algoritmi-a-mel-il-convegno-sulla-sfida-del-turismo-nellera-dei-social\/","url":"https:\/\/www.bellunopress.it\/2026\/03\/21\/accoglienza-e-algoritmi-a-mel-il-convegno-sulla-sfida-del-turismo-nellera-dei-social\/","name":"Accoglienza e algoritmi: a Mel il convegno sulla sfida del turismo nell\u2019era dei social - Bellunopress - Dolomiti","isPartOf":{"@id":"https:\/\/www.bellunopress.it\/#website"},"primaryImageOfPage":{"@id":"https:\/\/www.bellunopress.it\/2026\/03\/21\/accoglienza-e-algoritmi-a-mel-il-convegno-sulla-sfida-del-turismo-nellera-dei-social\/#primaryimage"},"image":{"@id":"https:\/\/www.bellunopress.it\/2026\/03\/21\/accoglienza-e-algoritmi-a-mel-il-convegno-sulla-sfida-del-turismo-nellera-dei-social\/#primaryimage"},"thumbnailUrl":"https:\/\/www.bellunopress.it\/wp-content\/uploads\/2026\/03\/Convegno-giornalisti-Mel.jpg","datePublished":"2026-03-21T15:29:15+00:00","breadcrumb":{"@id":"https:\/\/www.bellunopress.it\/2026\/03\/21\/accoglienza-e-algoritmi-a-mel-il-convegno-sulla-sfida-del-turismo-nellera-dei-social\/#breadcrumb"},"inLanguage":"fr-FR","potentialAction":[{"@type":"ReadAction","target":["https:\/\/www.bellunopress.it\/2026\/03\/21\/accoglienza-e-algoritmi-a-mel-il-convegno-sulla-sfida-del-turismo-nellera-dei-social\/"]}]},{"@type":"ImageObject","inLanguage":"fr-FR","@id":"https:\/\/www.bellunopress.it\/2026\/03\/21\/accoglienza-e-algoritmi-a-mel-il-convegno-sulla-sfida-del-turismo-nellera-dei-social\/#primaryimage","url":"https:\/\/www.bellunopress.it\/wp-content\/uploads\/2026\/03\/Convegno-giornalisti-Mel.jpg","contentUrl":"https:\/\/www.bellunopress.it\/wp-content\/uploads\/2026\/03\/Convegno-giornalisti-Mel.jpg","width":457,"height":356},{"@type":"BreadcrumbList","@id":"https:\/\/www.bellunopress.it\/2026\/03\/21\/accoglienza-e-algoritmi-a-mel-il-convegno-sulla-sfida-del-turismo-nellera-dei-social\/#breadcrumb","itemListElement":[{"@type":"ListItem","position":1,"name":"Home","item":"https:\/\/www.bellunopress.it\/"},{"@type":"ListItem","position":2,"name":"Accoglienza e algoritmi: a Mel il convegno sulla sfida del turismo nell\u2019era dei social"}]},{"@type":"WebSite","@id":"https:\/\/www.bellunopress.it\/#website","url":"https:\/\/www.bellunopress.it\/","name":"Bellunopress - Dolomiti","description":"e-mail: redazione@bellunopress.it","publisher":{"@id":"https:\/\/www.bellunopress.it\/#organization"},"potentialAction":[{"@type":"SearchAction","target":{"@type":"EntryPoint","urlTemplate":"https:\/\/www.bellunopress.it\/?s={search_term_string}"},"query-input":{"@type":"PropertyValueSpecification","valueRequired":true,"valueName":"search_term_string"}}],"inLanguage":"fr-FR"},{"@type":"Organization","@id":"https:\/\/www.bellunopress.it\/#organization","name":"Bellunopress","url":"https:\/\/www.bellunopress.it\/","logo":{"@type":"ImageObject","inLanguage":"fr-FR","@id":"https:\/\/www.bellunopress.it\/#\/schema\/logo\/image\/","url":"https:\/\/www.bellunopress.it\/wp-content\/uploads\/2011\/05\/cropped-logo-bellunopress-.jpg","contentUrl":"https:\/\/www.bellunopress.it\/wp-content\/uploads\/2011\/05\/cropped-logo-bellunopress-.jpg","width":512,"height":512,"caption":"Bellunopress"},"image":{"@id":"https:\/\/www.bellunopress.it\/#\/schema\/logo\/image\/"},"sameAs":["https:\/\/www.facebook.com\/profile.php?id=100008943462799","https:\/\/x.com\/bellunopress","https:\/\/www.linkedin.com\/hp\/?dnr=JBzUWaJfMUw8vbXJJ2tVW5-I3jZKvC4wsoxE&amp;amp;amp;amp;amp;amp;trk=nav_responsive_tab_home","https:\/\/www.youtube.com\/channel\/UCxL0wu1uN0_3_7hGG0306cw"]},{"@type":"Person","@id":"https:\/\/www.bellunopress.it\/#\/schema\/person\/79bb06722b37ece1c03d3e94beb30d73","name":"r\u00e9daction","image":{"@type":"ImageObject","inLanguage":"fr-FR","@id":"https:\/\/secure.gravatar.com\/avatar\/37d968a2e67a6fd04c169c4bdef102d0bc5d31b2546345219e348575eb80e9a0?s=96&d=mm&r=g","url":"https:\/\/secure.gravatar.com\/avatar\/37d968a2e67a6fd04c169c4bdef102d0bc5d31b2546345219e348575eb80e9a0?s=96&d=mm&r=g","contentUrl":"https:\/\/secure.gravatar.com\/avatar\/37d968a2e67a6fd04c169c4bdef102d0bc5d31b2546345219e348575eb80e9a0?s=96&d=mm&r=g","caption":"redazione"},"sameAs":["http:\/\/www.bellunopress.it","https:\/\/x.com\/bellunopress"],"url":"https:\/\/www.bellunopress.it\/fr\/author\/redazione\/"}]}},"_links":{"self":[{"href":"https:\/\/www.bellunopress.it\/fr\/wp-json\/wp\/v2\/posts\/168396","targetHints":{"allow":["GET"]}}],"collection":[{"href":"https:\/\/www.bellunopress.it\/fr\/wp-json\/wp\/v2\/posts"}],"about":[{"href":"https:\/\/www.bellunopress.it\/fr\/wp-json\/wp\/v2\/types\/post"}],"author":[{"embeddable":true,"href":"https:\/\/www.bellunopress.it\/fr\/wp-json\/wp\/v2\/users\/2"}],"replies":[{"embeddable":true,"href":"https:\/\/www.bellunopress.it\/fr\/wp-json\/wp\/v2\/comments?post=168396"}],"version-history":[{"count":1,"href":"https:\/\/www.bellunopress.it\/fr\/wp-json\/wp\/v2\/posts\/168396\/revisions"}],"predecessor-version":[{"id":168399,"href":"https:\/\/www.bellunopress.it\/fr\/wp-json\/wp\/v2\/posts\/168396\/revisions\/168399"}],"wp:featuredmedia":[{"embeddable":true,"href":"https:\/\/www.bellunopress.it\/fr\/wp-json\/wp\/v2\/media\/168398"}],"wp:attachment":[{"href":"https:\/\/www.bellunopress.it\/fr\/wp-json\/wp\/v2\/media?parent=168396"}],"wp:term":[{"taxonomy":"category","embeddable":true,"href":"https:\/\/www.bellunopress.it\/fr\/wp-json\/wp\/v2\/categories?post=168396"},{"taxonomy":"post_tag","embeddable":true,"href":"https:\/\/www.bellunopress.it\/fr\/wp-json\/wp\/v2\/tags?post=168396"}],"curies":[{"name":"wp","href":"https:\/\/api.w.org\/{rel}","templated":true}]}}