{"id":168392,"date":"2026-03-21T08:52:07","date_gmt":"2026-03-21T07:52:07","guid":{"rendered":"https:\/\/www.bellunopress.it\/?p=168392"},"modified":"2026-03-21T08:52:07","modified_gmt":"2026-03-21T07:52:07","slug":"5g-a-carve-lopposizione-attacca-la-giunta-cortocircuito-istituzionale-e-mancanza-di-pianificazione","status":"publish","type":"post","link":"https:\/\/www.bellunopress.it\/fr\/2026\/03\/21\/5g-a-carve-lopposizione-attacca-la-giunta-cortocircuito-istituzionale-e-mancanza-di-pianificazione\/","title":{"rendered":"5G a Carve, l\u2019opposizione attacca la Giunta: &#8220;Cortocircuito istituzionale e mancanza di pianificazione&#8221;"},"content":{"rendered":"<p data-path-to-node=\"3\">Borgo Valbelluna, 21\/03\/2026\u00a0\u2013 Il caso della stazione radio base 5G in localit\u00e0 Carve accende lo scontro politico a Borgo Valbelluna. Dopo la recente delibera con cui la Giunta ha espresso sostegno alla petizione popolare contraria all&#8217;antenna, il gruppo di minoranza &#8220;Costruiamo Borgo&#8221; esce allo scoperto con una dura nota firmata dal capogruppo Dario Dal Magro.<\/p>\n<p data-path-to-node=\"4\">Al centro della polemica non c\u2019\u00e8 solo il merito dell\u2019opera, ma soprattutto il metodo adottato dall&#8217;amministrazione, definito dai consiglieri di opposizione come un vero e proprio &#8220;duplice ruolo&#8221; difficile da sostenere.<\/p>\n<p data-path-to-node=\"6\">Secondo &#8220;Costruiamo Borgo&#8221;, la posizione della Giunta sarebbe contraddittoria. L&#8217;amministrazione si starebbe infatti ponendo contemporaneamente come <b data-path-to-node=\"6\" data-index-in-node=\"149\">interlocutore della societ\u00e0 proponente<\/b> (con cui nei mesi scorsi avrebbe collaborato per cercare siti alternativi) e come <b data-path-to-node=\"6\" data-index-in-node=\"270\">soggetto che contesta il progetto<\/b> a fianco dei cittadini.<\/p>\n<blockquote data-path-to-node=\"7\">\n<h6 style=\"text-align: left;\" data-path-to-node=\"7,0\">\u00abSi rischia un cortocircuito istituzionale \u2014 si legge nella nota del gruppo \u2014 in cui l\u2019Amministrazione assume di fatto il ruolo di controllore e controllato\u00bb.<\/h6>\n<\/blockquote>\n<p data-path-to-node=\"9\">L&#8217;attacco di Dal Magro si sposta poi sulla gestione tecnica e democratica del territorio. La minoranza evidenzia quattro criticit\u00e0 principali che peserebbero sulla trasparenza dell&#8217;operazione:<\/p>\n<ul data-path-to-node=\"10\">\n<li>\n<p data-path-to-node=\"10,0,0\">Assenza del Piano Antenne: Il Comune non dispone ancora di uno strumento di pianificazione per governare l&#8217;installazione delle infrastrutture digitali.<\/p>\n<\/li>\n<li>\n<p data-path-to-node=\"10,1,0\">Consiglio Comunale &#8220;esautorato&#8221;: La scelta di approvare un ordine del giorno solo in Giunta avrebbe escluso l&#8217;assemblea rappresentativa dal dibattito.<\/p>\n<\/li>\n<li>\n<p data-path-to-node=\"10,2,0\">Commissione Urbanistica fantasma: A quasi due anni dalle elezioni, l&#8217;organo non sarebbe ancora stato nominato.<\/p>\n<\/li>\n<li>\n<p data-path-to-node=\"10,3,0\">Mancanza di confronto: L&#8217;opposizione lamenta un persistente atteggiamento di chiusura verso la minoranza su temi di rilevante interesse pubblico.<\/p>\n<\/li>\n<\/ul>\n<p data-path-to-node=\"12\">Il gruppo &#8220;Costruiamo Borgo&#8221; ricorda che la copertura digitale rientra nel programma nazionale &#8220;Italia 5G&#8221; finanziato dal PNRR, e che proprio per questo la questione va gestita con seriet\u00e0 e pianificazione, non con decisioni &#8220;estemporanee&#8221;.<\/p>\n<p data-path-to-node=\"13\">L&#8217;appello finale rivolto al Sindaco e alla Giunta \u00e8 quello di un cambio di rotta: l&#8217;avvio di un confronto aperto che coinvolga consiglieri e cittadini per trovare un equilibrio tra innovazione tecnologica, tutela del paesaggio e salute pubblica. \u00abContinueremo a vigilare \u2014 conclude Dal Magro \u2014 affinch\u00e9 venga garantito il rispetto dei processi democratici\u00bb.<\/p>","protected":false},"excerpt":{"rendered":"<p>Borgo Valbelluna, 21\/03\/2026\u00a0\u2013 Il caso della stazione radio base 5G in localit\u00e0 Carve accende lo scontro politico a Borgo Valbelluna. Dopo la recente delibera con cui la Giunta ha espresso sostegno alla petizione popolare contraria all&#8217;antenna, il gruppo di minoranza &#8220;Costruiamo Borgo&#8221; esce allo scoperto con una dura nota firmata dal capogruppo Dario Dal Magro. [&hellip;]<\/p>\n","protected":false},"author":2,"featured_media":149482,"comment_status":"closed","ping_status":"open","sticky":false,"template":"","format":"standard","meta":{"footnotes":""},"categories":[26,8],"tags":[],"class_list":["post-168392","post","type-post","status-publish","format-standard","has-post-thumbnail","category-prima-pagina","category-societa-istituzioni"],"yoast_head":"<!-- This site is optimized with the Yoast SEO plugin v28.4 - https:\/\/yoast.com\/product\/yoast-seo-wordpress\/ -->\n<title>5G a Carve, l\u2019opposizione attacca la Giunta: &quot;Cortocircuito istituzionale e mancanza di pianificazione&quot; - Bellunopress - Dolomiti<\/title>\n<meta name=\"robots\" content=\"index, follow, max-snippet:-1, max-image-preview:large, max-video-preview:-1\" \/>\n<link rel=\"canonical\" href=\"https:\/\/www.bellunopress.it\/fr\/2026\/03\/21\/5g-a-carve-lopposizione-attacca-la-giunta-cortocircuito-istituzionale-e-mancanza-di-pianificazione\/\" \/>\n<meta property=\"og:locale\" content=\"fr_FR\" \/>\n<meta property=\"og:type\" content=\"article\" \/>\n<meta property=\"og:title\" content=\"5G a Carve, l\u2019opposizione attacca la Giunta: &quot;Cortocircuito istituzionale e mancanza di pianificazione&quot; - Bellunopress - Dolomiti\" \/>\n<meta property=\"og:description\" content=\"Borgo Valbelluna, 21\/03\/2026\u00a0\u2013 Il caso della stazione radio base 5G in localit\u00e0 Carve accende lo scontro politico a Borgo Valbelluna. Dopo la recente delibera con cui la Giunta ha espresso sostegno alla petizione popolare contraria all&#8217;antenna, il gruppo di minoranza &#8220;Costruiamo Borgo&#8221; esce allo scoperto con una dura nota firmata dal capogruppo Dario Dal Magro. [&hellip;]\" \/>\n<meta property=\"og:url\" content=\"https:\/\/www.bellunopress.it\/fr\/2026\/03\/21\/5g-a-carve-lopposizione-attacca-la-giunta-cortocircuito-istituzionale-e-mancanza-di-pianificazione\/\" \/>\n<meta property=\"og:site_name\" content=\"Bellunopress - Dolomiti\" \/>\n<meta property=\"article:publisher\" content=\"https:\/\/www.facebook.com\/profile.php?id=100008943462799\" \/>\n<meta property=\"article:published_time\" content=\"2026-03-21T07:52:07+00:00\" \/>\n<meta property=\"og:image\" content=\"https:\/\/www.bellunopress.it\/wp-content\/uploads\/2024\/03\/Dario-Dal-Magro-candidato-sindaco-Borgo-Valbelluna-.jpg\" \/>\n\t<meta property=\"og:image:width\" content=\"1000\" \/>\n\t<meta property=\"og:image:height\" content=\"667\" \/>\n\t<meta property=\"og:image:type\" content=\"image\/jpeg\" \/>\n<meta name=\"author\" content=\"redazione\" \/>\n<meta name=\"twitter:card\" content=\"summary_large_image\" \/>\n<meta name=\"twitter:creator\" content=\"@bellunopress\" \/>\n<meta name=\"twitter:site\" content=\"@bellunopress\" \/>\n<meta name=\"twitter:label1\" content=\"\u00c9crit par\" \/>\n\t<meta name=\"twitter:data1\" content=\"redazione\" \/>\n\t<meta name=\"twitter:label2\" content=\"Dur\u00e9e de lecture estim\u00e9e\" \/>\n\t<meta name=\"twitter:data2\" content=\"2 minutes\" \/>\n<script type=\"application\/ld+json\" class=\"yoast-schema-graph\">{\"@context\":\"https:\\\/\\\/schema.org\",\"@graph\":[{\"@type\":\"Article\",\"@id\":\"https:\\\/\\\/www.bellunopress.it\\\/2026\\\/03\\\/21\\\/5g-a-carve-lopposizione-attacca-la-giunta-cortocircuito-istituzionale-e-mancanza-di-pianificazione\\\/#article\",\"isPartOf\":{\"@id\":\"https:\\\/\\\/www.bellunopress.it\\\/2026\\\/03\\\/21\\\/5g-a-carve-lopposizione-attacca-la-giunta-cortocircuito-istituzionale-e-mancanza-di-pianificazione\\\/\"},\"author\":{\"name\":\"redazione\",\"@id\":\"https:\\\/\\\/www.bellunopress.it\\\/#\\\/schema\\\/person\\\/79bb06722b37ece1c03d3e94beb30d73\"},\"headline\":\"5G a Carve, l\u2019opposizione attacca la Giunta: &#8220;Cortocircuito istituzionale e mancanza di pianificazione&#8221;\",\"datePublished\":\"2026-03-21T07:52:07+00:00\",\"mainEntityOfPage\":{\"@id\":\"https:\\\/\\\/www.bellunopress.it\\\/2026\\\/03\\\/21\\\/5g-a-carve-lopposizione-attacca-la-giunta-cortocircuito-istituzionale-e-mancanza-di-pianificazione\\\/\"},\"wordCount\":362,\"publisher\":{\"@id\":\"https:\\\/\\\/www.bellunopress.it\\\/#organization\"},\"image\":{\"@id\":\"https:\\\/\\\/www.bellunopress.it\\\/2026\\\/03\\\/21\\\/5g-a-carve-lopposizione-attacca-la-giunta-cortocircuito-istituzionale-e-mancanza-di-pianificazione\\\/#primaryimage\"},\"thumbnailUrl\":\"https:\\\/\\\/www.bellunopress.it\\\/wp-content\\\/uploads\\\/2024\\\/03\\\/Dario-Dal-Magro-candidato-sindaco-Borgo-Valbelluna-.jpg\",\"articleSection\":[\"Prima Pagina\",\"Societ\u00e0, Associazioni, Istituzioni\"],\"inLanguage\":\"fr-FR\"},{\"@type\":\"WebPage\",\"@id\":\"https:\\\/\\\/www.bellunopress.it\\\/2026\\\/03\\\/21\\\/5g-a-carve-lopposizione-attacca-la-giunta-cortocircuito-istituzionale-e-mancanza-di-pianificazione\\\/\",\"url\":\"https:\\\/\\\/www.bellunopress.it\\\/2026\\\/03\\\/21\\\/5g-a-carve-lopposizione-attacca-la-giunta-cortocircuito-istituzionale-e-mancanza-di-pianificazione\\\/\",\"name\":\"5G a Carve, l\u2019opposizione attacca la Giunta: \\\"Cortocircuito istituzionale e mancanza di pianificazione\\\" - Bellunopress - Dolomiti\",\"isPartOf\":{\"@id\":\"https:\\\/\\\/www.bellunopress.it\\\/#website\"},\"primaryImageOfPage\":{\"@id\":\"https:\\\/\\\/www.bellunopress.it\\\/2026\\\/03\\\/21\\\/5g-a-carve-lopposizione-attacca-la-giunta-cortocircuito-istituzionale-e-mancanza-di-pianificazione\\\/#primaryimage\"},\"image\":{\"@id\":\"https:\\\/\\\/www.bellunopress.it\\\/2026\\\/03\\\/21\\\/5g-a-carve-lopposizione-attacca-la-giunta-cortocircuito-istituzionale-e-mancanza-di-pianificazione\\\/#primaryimage\"},\"thumbnailUrl\":\"https:\\\/\\\/www.bellunopress.it\\\/wp-content\\\/uploads\\\/2024\\\/03\\\/Dario-Dal-Magro-candidato-sindaco-Borgo-Valbelluna-.jpg\",\"datePublished\":\"2026-03-21T07:52:07+00:00\",\"breadcrumb\":{\"@id\":\"https:\\\/\\\/www.bellunopress.it\\\/2026\\\/03\\\/21\\\/5g-a-carve-lopposizione-attacca-la-giunta-cortocircuito-istituzionale-e-mancanza-di-pianificazione\\\/#breadcrumb\"},\"inLanguage\":\"fr-FR\",\"potentialAction\":[{\"@type\":\"ReadAction\",\"target\":[\"https:\\\/\\\/www.bellunopress.it\\\/2026\\\/03\\\/21\\\/5g-a-carve-lopposizione-attacca-la-giunta-cortocircuito-istituzionale-e-mancanza-di-pianificazione\\\/\"]}]},{\"@type\":\"ImageObject\",\"inLanguage\":\"fr-FR\",\"@id\":\"https:\\\/\\\/www.bellunopress.it\\\/2026\\\/03\\\/21\\\/5g-a-carve-lopposizione-attacca-la-giunta-cortocircuito-istituzionale-e-mancanza-di-pianificazione\\\/#primaryimage\",\"url\":\"https:\\\/\\\/www.bellunopress.it\\\/wp-content\\\/uploads\\\/2024\\\/03\\\/Dario-Dal-Magro-candidato-sindaco-Borgo-Valbelluna-.jpg\",\"contentUrl\":\"https:\\\/\\\/www.bellunopress.it\\\/wp-content\\\/uploads\\\/2024\\\/03\\\/Dario-Dal-Magro-candidato-sindaco-Borgo-Valbelluna-.jpg\",\"width\":1000,\"height\":667,\"caption\":\"Dario Dal Magro - Gruppo consiliare Costruiamo Borgo\"},{\"@type\":\"BreadcrumbList\",\"@id\":\"https:\\\/\\\/www.bellunopress.it\\\/2026\\\/03\\\/21\\\/5g-a-carve-lopposizione-attacca-la-giunta-cortocircuito-istituzionale-e-mancanza-di-pianificazione\\\/#breadcrumb\",\"itemListElement\":[{\"@type\":\"ListItem\",\"position\":1,\"name\":\"Home\",\"item\":\"https:\\\/\\\/www.bellunopress.it\\\/\"},{\"@type\":\"ListItem\",\"position\":2,\"name\":\"5G a Carve, l\u2019opposizione attacca la Giunta: &#8220;Cortocircuito istituzionale e mancanza di pianificazione&#8221;\"}]},{\"@type\":\"WebSite\",\"@id\":\"https:\\\/\\\/www.bellunopress.it\\\/#website\",\"url\":\"https:\\\/\\\/www.bellunopress.it\\\/\",\"name\":\"Bellunopress - Dolomiti\",\"description\":\"e-mail: redazione@bellunopress.it\",\"publisher\":{\"@id\":\"https:\\\/\\\/www.bellunopress.it\\\/#organization\"},\"potentialAction\":[{\"@type\":\"SearchAction\",\"target\":{\"@type\":\"EntryPoint\",\"urlTemplate\":\"https:\\\/\\\/www.bellunopress.it\\\/?s={search_term_string}\"},\"query-input\":{\"@type\":\"PropertyValueSpecification\",\"valueRequired\":true,\"valueName\":\"search_term_string\"}}],\"inLanguage\":\"fr-FR\"},{\"@type\":\"Organization\",\"@id\":\"https:\\\/\\\/www.bellunopress.it\\\/#organization\",\"name\":\"Bellunopress\",\"url\":\"https:\\\/\\\/www.bellunopress.it\\\/\",\"logo\":{\"@type\":\"ImageObject\",\"inLanguage\":\"fr-FR\",\"@id\":\"https:\\\/\\\/www.bellunopress.it\\\/#\\\/schema\\\/logo\\\/image\\\/\",\"url\":\"https:\\\/\\\/www.bellunopress.it\\\/wp-content\\\/uploads\\\/2011\\\/05\\\/cropped-logo-bellunopress-.jpg\",\"contentUrl\":\"https:\\\/\\\/www.bellunopress.it\\\/wp-content\\\/uploads\\\/2011\\\/05\\\/cropped-logo-bellunopress-.jpg\",\"width\":512,\"height\":512,\"caption\":\"Bellunopress\"},\"image\":{\"@id\":\"https:\\\/\\\/www.bellunopress.it\\\/#\\\/schema\\\/logo\\\/image\\\/\"},\"sameAs\":[\"https:\\\/\\\/www.facebook.com\\\/profile.php?id=100008943462799\",\"https:\\\/\\\/x.com\\\/bellunopress\",\"https:\\\/\\\/www.linkedin.com\\\/hp\\\/?dnr=JBzUWaJfMUw8vbXJJ2tVW5-I3jZKvC4wsoxE&amp;amp;amp;amp;amp;amp;trk=nav_responsive_tab_home\",\"https:\\\/\\\/www.youtube.com\\\/channel\\\/UCxL0wu1uN0_3_7hGG0306cw\"]},{\"@type\":\"Person\",\"@id\":\"https:\\\/\\\/www.bellunopress.it\\\/#\\\/schema\\\/person\\\/79bb06722b37ece1c03d3e94beb30d73\",\"name\":\"redazione\",\"image\":{\"@type\":\"ImageObject\",\"inLanguage\":\"fr-FR\",\"@id\":\"https:\\\/\\\/secure.gravatar.com\\\/avatar\\\/37d968a2e67a6fd04c169c4bdef102d0bc5d31b2546345219e348575eb80e9a0?s=96&d=mm&r=g\",\"url\":\"https:\\\/\\\/secure.gravatar.com\\\/avatar\\\/37d968a2e67a6fd04c169c4bdef102d0bc5d31b2546345219e348575eb80e9a0?s=96&d=mm&r=g\",\"contentUrl\":\"https:\\\/\\\/secure.gravatar.com\\\/avatar\\\/37d968a2e67a6fd04c169c4bdef102d0bc5d31b2546345219e348575eb80e9a0?s=96&d=mm&r=g\",\"caption\":\"redazione\"},\"sameAs\":[\"http:\\\/\\\/www.bellunopress.it\",\"https:\\\/\\\/x.com\\\/bellunopress\"],\"url\":\"https:\\\/\\\/www.bellunopress.it\\\/fr\\\/author\\\/redazione\\\/\"}]}<\/script>\n<!-- \/ Yoast SEO plugin. -->","yoast_head_json":{"title":"5G a Carve, l\u2019opposizione attacca la Giunta: \"Cortocircuito istituzionale e mancanza di pianificazione\" - Bellunopress - Dolomiti","robots":{"index":"index","follow":"follow","max-snippet":"max-snippet:-1","max-image-preview":"max-image-preview:large","max-video-preview":"max-video-preview:-1"},"canonical":"https:\/\/www.bellunopress.it\/fr\/2026\/03\/21\/5g-a-carve-lopposizione-attacca-la-giunta-cortocircuito-istituzionale-e-mancanza-di-pianificazione\/","og_locale":"fr_FR","og_type":"article","og_title":"5G a Carve, l\u2019opposizione attacca la Giunta: \"Cortocircuito istituzionale e mancanza di pianificazione\" - Bellunopress - Dolomiti","og_description":"Borgo Valbelluna, 21\/03\/2026\u00a0\u2013 Il caso della stazione radio base 5G in localit\u00e0 Carve accende lo scontro politico a Borgo Valbelluna. Dopo la recente delibera con cui la Giunta ha espresso sostegno alla petizione popolare contraria all&#8217;antenna, il gruppo di minoranza &#8220;Costruiamo Borgo&#8221; esce allo scoperto con una dura nota firmata dal capogruppo Dario Dal Magro. [&hellip;]","og_url":"https:\/\/www.bellunopress.it\/fr\/2026\/03\/21\/5g-a-carve-lopposizione-attacca-la-giunta-cortocircuito-istituzionale-e-mancanza-di-pianificazione\/","og_site_name":"Bellunopress - Dolomiti","article_publisher":"https:\/\/www.facebook.com\/profile.php?id=100008943462799","article_published_time":"2026-03-21T07:52:07+00:00","og_image":[{"width":1000,"height":667,"url":"https:\/\/www.bellunopress.it\/wp-content\/uploads\/2024\/03\/Dario-Dal-Magro-candidato-sindaco-Borgo-Valbelluna-.jpg","type":"image\/jpeg"}],"author":"redazione","twitter_card":"summary_large_image","twitter_creator":"@bellunopress","twitter_site":"@bellunopress","twitter_misc":{"\u00c9crit par":"redazione","Dur\u00e9e de lecture estim\u00e9e":"2 minutes"},"schema":{"@context":"https:\/\/schema.org","@graph":[{"@type":"Article","@id":"https:\/\/www.bellunopress.it\/2026\/03\/21\/5g-a-carve-lopposizione-attacca-la-giunta-cortocircuito-istituzionale-e-mancanza-di-pianificazione\/#article","isPartOf":{"@id":"https:\/\/www.bellunopress.it\/2026\/03\/21\/5g-a-carve-lopposizione-attacca-la-giunta-cortocircuito-istituzionale-e-mancanza-di-pianificazione\/"},"author":{"name":"redazione","@id":"https:\/\/www.bellunopress.it\/#\/schema\/person\/79bb06722b37ece1c03d3e94beb30d73"},"headline":"5G a Carve, l\u2019opposizione attacca la Giunta: &#8220;Cortocircuito istituzionale e mancanza di pianificazione&#8221;","datePublished":"2026-03-21T07:52:07+00:00","mainEntityOfPage":{"@id":"https:\/\/www.bellunopress.it\/2026\/03\/21\/5g-a-carve-lopposizione-attacca-la-giunta-cortocircuito-istituzionale-e-mancanza-di-pianificazione\/"},"wordCount":362,"publisher":{"@id":"https:\/\/www.bellunopress.it\/#organization"},"image":{"@id":"https:\/\/www.bellunopress.it\/2026\/03\/21\/5g-a-carve-lopposizione-attacca-la-giunta-cortocircuito-istituzionale-e-mancanza-di-pianificazione\/#primaryimage"},"thumbnailUrl":"https:\/\/www.bellunopress.it\/wp-content\/uploads\/2024\/03\/Dario-Dal-Magro-candidato-sindaco-Borgo-Valbelluna-.jpg","articleSection":["Prima Pagina","Societ\u00e0, Associazioni, Istituzioni"],"inLanguage":"fr-FR"},{"@type":"WebPage","@id":"https:\/\/www.bellunopress.it\/2026\/03\/21\/5g-a-carve-lopposizione-attacca-la-giunta-cortocircuito-istituzionale-e-mancanza-di-pianificazione\/","url":"https:\/\/www.bellunopress.it\/2026\/03\/21\/5g-a-carve-lopposizione-attacca-la-giunta-cortocircuito-istituzionale-e-mancanza-di-pianificazione\/","name":"5G a Carve, l\u2019opposizione attacca la Giunta: \"Cortocircuito istituzionale e mancanza di pianificazione\" - Bellunopress - Dolomiti","isPartOf":{"@id":"https:\/\/www.bellunopress.it\/#website"},"primaryImageOfPage":{"@id":"https:\/\/www.bellunopress.it\/2026\/03\/21\/5g-a-carve-lopposizione-attacca-la-giunta-cortocircuito-istituzionale-e-mancanza-di-pianificazione\/#primaryimage"},"image":{"@id":"https:\/\/www.bellunopress.it\/2026\/03\/21\/5g-a-carve-lopposizione-attacca-la-giunta-cortocircuito-istituzionale-e-mancanza-di-pianificazione\/#primaryimage"},"thumbnailUrl":"https:\/\/www.bellunopress.it\/wp-content\/uploads\/2024\/03\/Dario-Dal-Magro-candidato-sindaco-Borgo-Valbelluna-.jpg","datePublished":"2026-03-21T07:52:07+00:00","breadcrumb":{"@id":"https:\/\/www.bellunopress.it\/2026\/03\/21\/5g-a-carve-lopposizione-attacca-la-giunta-cortocircuito-istituzionale-e-mancanza-di-pianificazione\/#breadcrumb"},"inLanguage":"fr-FR","potentialAction":[{"@type":"ReadAction","target":["https:\/\/www.bellunopress.it\/2026\/03\/21\/5g-a-carve-lopposizione-attacca-la-giunta-cortocircuito-istituzionale-e-mancanza-di-pianificazione\/"]}]},{"@type":"ImageObject","inLanguage":"fr-FR","@id":"https:\/\/www.bellunopress.it\/2026\/03\/21\/5g-a-carve-lopposizione-attacca-la-giunta-cortocircuito-istituzionale-e-mancanza-di-pianificazione\/#primaryimage","url":"https:\/\/www.bellunopress.it\/wp-content\/uploads\/2024\/03\/Dario-Dal-Magro-candidato-sindaco-Borgo-Valbelluna-.jpg","contentUrl":"https:\/\/www.bellunopress.it\/wp-content\/uploads\/2024\/03\/Dario-Dal-Magro-candidato-sindaco-Borgo-Valbelluna-.jpg","width":1000,"height":667,"caption":"Dario Dal Magro - Gruppo consiliare Costruiamo Borgo"},{"@type":"BreadcrumbList","@id":"https:\/\/www.bellunopress.it\/2026\/03\/21\/5g-a-carve-lopposizione-attacca-la-giunta-cortocircuito-istituzionale-e-mancanza-di-pianificazione\/#breadcrumb","itemListElement":[{"@type":"ListItem","position":1,"name":"Home","item":"https:\/\/www.bellunopress.it\/"},{"@type":"ListItem","position":2,"name":"5G a Carve, l\u2019opposizione attacca la Giunta: &#8220;Cortocircuito istituzionale e mancanza di pianificazione&#8221;"}]},{"@type":"WebSite","@id":"https:\/\/www.bellunopress.it\/#website","url":"https:\/\/www.bellunopress.it\/","name":"Bellunopress - Dolomiti","description":"e-mail: redazione@bellunopress.it","publisher":{"@id":"https:\/\/www.bellunopress.it\/#organization"},"potentialAction":[{"@type":"SearchAction","target":{"@type":"EntryPoint","urlTemplate":"https:\/\/www.bellunopress.it\/?s={search_term_string}"},"query-input":{"@type":"PropertyValueSpecification","valueRequired":true,"valueName":"search_term_string"}}],"inLanguage":"fr-FR"},{"@type":"Organization","@id":"https:\/\/www.bellunopress.it\/#organization","name":"Bellunopress","url":"https:\/\/www.bellunopress.it\/","logo":{"@type":"ImageObject","inLanguage":"fr-FR","@id":"https:\/\/www.bellunopress.it\/#\/schema\/logo\/image\/","url":"https:\/\/www.bellunopress.it\/wp-content\/uploads\/2011\/05\/cropped-logo-bellunopress-.jpg","contentUrl":"https:\/\/www.bellunopress.it\/wp-content\/uploads\/2011\/05\/cropped-logo-bellunopress-.jpg","width":512,"height":512,"caption":"Bellunopress"},"image":{"@id":"https:\/\/www.bellunopress.it\/#\/schema\/logo\/image\/"},"sameAs":["https:\/\/www.facebook.com\/profile.php?id=100008943462799","https:\/\/x.com\/bellunopress","https:\/\/www.linkedin.com\/hp\/?dnr=JBzUWaJfMUw8vbXJJ2tVW5-I3jZKvC4wsoxE&amp;amp;amp;amp;amp;amp;trk=nav_responsive_tab_home","https:\/\/www.youtube.com\/channel\/UCxL0wu1uN0_3_7hGG0306cw"]},{"@type":"Person","@id":"https:\/\/www.bellunopress.it\/#\/schema\/person\/79bb06722b37ece1c03d3e94beb30d73","name":"r\u00e9daction","image":{"@type":"ImageObject","inLanguage":"fr-FR","@id":"https:\/\/secure.gravatar.com\/avatar\/37d968a2e67a6fd04c169c4bdef102d0bc5d31b2546345219e348575eb80e9a0?s=96&d=mm&r=g","url":"https:\/\/secure.gravatar.com\/avatar\/37d968a2e67a6fd04c169c4bdef102d0bc5d31b2546345219e348575eb80e9a0?s=96&d=mm&r=g","contentUrl":"https:\/\/secure.gravatar.com\/avatar\/37d968a2e67a6fd04c169c4bdef102d0bc5d31b2546345219e348575eb80e9a0?s=96&d=mm&r=g","caption":"redazione"},"sameAs":["http:\/\/www.bellunopress.it","https:\/\/x.com\/bellunopress"],"url":"https:\/\/www.bellunopress.it\/fr\/author\/redazione\/"}]}},"_links":{"self":[{"href":"https:\/\/www.bellunopress.it\/fr\/wp-json\/wp\/v2\/posts\/168392","targetHints":{"allow":["GET"]}}],"collection":[{"href":"https:\/\/www.bellunopress.it\/fr\/wp-json\/wp\/v2\/posts"}],"about":[{"href":"https:\/\/www.bellunopress.it\/fr\/wp-json\/wp\/v2\/types\/post"}],"author":[{"embeddable":true,"href":"https:\/\/www.bellunopress.it\/fr\/wp-json\/wp\/v2\/users\/2"}],"replies":[{"embeddable":true,"href":"https:\/\/www.bellunopress.it\/fr\/wp-json\/wp\/v2\/comments?post=168392"}],"version-history":[{"count":1,"href":"https:\/\/www.bellunopress.it\/fr\/wp-json\/wp\/v2\/posts\/168392\/revisions"}],"predecessor-version":[{"id":168393,"href":"https:\/\/www.bellunopress.it\/fr\/wp-json\/wp\/v2\/posts\/168392\/revisions\/168393"}],"wp:featuredmedia":[{"embeddable":true,"href":"https:\/\/www.bellunopress.it\/fr\/wp-json\/wp\/v2\/media\/149482"}],"wp:attachment":[{"href":"https:\/\/www.bellunopress.it\/fr\/wp-json\/wp\/v2\/media?parent=168392"}],"wp:term":[{"taxonomy":"category","embeddable":true,"href":"https:\/\/www.bellunopress.it\/fr\/wp-json\/wp\/v2\/categories?post=168392"},{"taxonomy":"post_tag","embeddable":true,"href":"https:\/\/www.bellunopress.it\/fr\/wp-json\/wp\/v2\/tags?post=168392"}],"curies":[{"name":"wp","href":"https:\/\/api.w.org\/{rel}","templated":true}]}}