{"id":168389,"date":"2026-03-21T08:38:50","date_gmt":"2026-03-21T07:38:50","guid":{"rendered":"https:\/\/www.bellunopress.it\/?p=168389"},"modified":"2026-03-21T08:38:50","modified_gmt":"2026-03-21T07:38:50","slug":"lo-zainetto-ritrovato-il-grazie-dei-bambini-ai-carabinieri-di-trichiana","status":"publish","type":"post","link":"https:\/\/www.bellunopress.it\/fr\/2026\/03\/21\/lo-zainetto-ritrovato-il-grazie-dei-bambini-ai-carabinieri-di-trichiana\/","title":{"rendered":"Lo zainetto ritrovato: il &#8220;grazie&#8221; dei bambini ai Carabinieri di Trichiana"},"content":{"rendered":"<p><strong>Dopo il furto subito a Castion, un alunno di sette anni riabbraccia i suoi libri. La classe di Badilet ringrazia l&#8217;Arma con disegni e lettere: \u00abSiete la nostra sicurezza\u00bb<\/strong><\/p>\n<p>Trichiana, 21\/03\/2026 \u2013 Ci sono storie di cronaca che iniziano con l&#8217;amarezza di un sopruso e finiscono con il sorriso di un bambino e un tavolo coperto di disegni colorati. \u00c8 il caso di quanto accaduto negli ultimi giorni tra Castion (Belluno) e Trichiana (Borgo Valbelluna), dove un normale controllo dei Carabinieri si \u00e8 trasformato in una lezione di educazione civica e gratitudine.<\/p>\n<p>Tutto ha inizio nella notte del 16 marzo, quando a Castion viene rubato un furgone carico di attrezzi da lavoro. Oltre al danno economico per il proprietario, l&#8217;episodio lascia un grande amaro in bocca: all&#8217;interno del mezzo c&#8217;era anche lo zainetto di un bambino di sette anni, pronto per la scuola il mattino seguente.<\/p>\n<p>La svolta arriva poche ore dopo, a Casteldardo. Il comandante della Stazione di Trichiana interviene per ispezionare un altro furgone abbandonato, risultato rubato la stessa notte nel Padovano. Aprendo il portellone, la sorpresa: tra la refurtiva spunta lo zaino del piccolo studente della Scuola Primaria di Badilet. Nome, cognome e libri di testo non lasciano dubbi: \u00e8 il corredo rubato a Castion.<\/p>\n<p>Dopo la riconsegna ufficiale avvenuta in caserma tra l&#8217;emozione del piccolo e dei genitori, la storia ha preso una piega inaspettata. Il bambino, una volta tornato tra i banchi, ha raccontato l&#8217;accaduto ai compagni. Sotto la guida della maestra Roberta, la classe ha deciso di trasformare quel sollievo in un gesto collettivo di ringraziamento.<\/p>\n<p>I militari di Trichiana si sono visti recapitare una lettera commovente e una serie di disegni realizzati da tutta la classe. \u00abIl tempestivo intervento ha suscitato nel bambino un\u2019emozione fortissima\u00bb, ha scritto l&#8217;insegnante in un&#8217;email inviata all&#8217;Arma. \u00abOgni bambino ha voluto disegnare qualcosa per esprimere quanto sia fondamentale la vostra presenza, non solo nelle grandi indagini, ma anche in questi gesti di vicinanza\u00bb.<\/p>\n<p>Mentre i disegni dei piccoli di Badilet restano esposti in caserma come testimonianza di un legame speciale con il territorio, l&#8217;attivit\u00e0 investigativa prosegue. Il furgone rubato a Castion \u00e8 stato infatti ritrovato dai Carabinieri in provincia di Padova, chiudendo il cerchio dei veicoli recuperati. I militari sono ora al lavoro per risalire agli autori dei furti che hanno colpito le due province nella stessa notte.<\/p>\n<p>Resta, al di l\u00e0 della cronaca giudiziaria, l&#8217;immagine pi\u00f9 bella: quella dei &#8220;cittadini di domani&#8221; che guardano alle divise non solo con rispetto, ma con autentico affetto.<\/p>","protected":false},"excerpt":{"rendered":"<p>Dopo il furto subito a Castion, un alunno di sette anni riabbraccia i suoi libri. La classe di Badilet ringrazia l&#8217;Arma con disegni e lettere: \u00abSiete la nostra sicurezza\u00bb Trichiana, 21\/03\/2026 \u2013 Ci sono storie di cronaca che iniziano con l&#8217;amarezza di un sopruso e finiscono con il sorriso di un bambino e un tavolo [&hellip;]<\/p>\n","protected":false},"author":2,"featured_media":168390,"comment_status":"closed","ping_status":"open","sticky":false,"template":"","format":"standard","meta":{"footnotes":""},"categories":[5,26,8],"tags":[],"class_list":["post-168389","post","type-post","status-publish","format-standard","has-post-thumbnail","category-cronaca","category-prima-pagina","category-societa-istituzioni"],"yoast_head":"<!-- This site is optimized with the Yoast SEO plugin v28.4 - https:\/\/yoast.com\/product\/yoast-seo-wordpress\/ -->\n<title>Lo zainetto ritrovato: il &quot;grazie&quot; dei bambini ai Carabinieri di Trichiana - Bellunopress - Dolomiti<\/title>\n<meta name=\"robots\" content=\"index, follow, max-snippet:-1, max-image-preview:large, max-video-preview:-1\" \/>\n<link rel=\"canonical\" href=\"https:\/\/www.bellunopress.it\/fr\/2026\/03\/21\/lo-zainetto-ritrovato-il-grazie-dei-bambini-ai-carabinieri-di-trichiana\/\" \/>\n<meta property=\"og:locale\" content=\"fr_FR\" \/>\n<meta property=\"og:type\" content=\"article\" \/>\n<meta property=\"og:title\" content=\"Lo zainetto ritrovato: il &quot;grazie&quot; dei bambini ai Carabinieri di Trichiana - Bellunopress - Dolomiti\" \/>\n<meta property=\"og:description\" content=\"Dopo il furto subito a Castion, un alunno di sette anni riabbraccia i suoi libri. La classe di Badilet ringrazia l&#8217;Arma con disegni e lettere: \u00abSiete la nostra sicurezza\u00bb Trichiana, 21\/03\/2026 \u2013 Ci sono storie di cronaca che iniziano con l&#8217;amarezza di un sopruso e finiscono con il sorriso di un bambino e un tavolo [&hellip;]\" \/>\n<meta property=\"og:url\" content=\"https:\/\/www.bellunopress.it\/fr\/2026\/03\/21\/lo-zainetto-ritrovato-il-grazie-dei-bambini-ai-carabinieri-di-trichiana\/\" \/>\n<meta property=\"og:site_name\" content=\"Bellunopress - Dolomiti\" \/>\n<meta property=\"article:publisher\" content=\"https:\/\/www.facebook.com\/profile.php?id=100008943462799\" \/>\n<meta property=\"article:published_time\" content=\"2026-03-21T07:38:50+00:00\" \/>\n<meta property=\"og:image\" content=\"https:\/\/www.bellunopress.it\/wp-content\/uploads\/2026\/03\/lettera-bambini-Badilet.jpg\" \/>\n\t<meta property=\"og:image:width\" content=\"600\" \/>\n\t<meta property=\"og:image:height\" content=\"268\" \/>\n\t<meta property=\"og:image:type\" content=\"image\/jpeg\" \/>\n<meta name=\"author\" content=\"redazione\" \/>\n<meta name=\"twitter:card\" content=\"summary_large_image\" \/>\n<meta name=\"twitter:creator\" content=\"@bellunopress\" \/>\n<meta name=\"twitter:site\" content=\"@bellunopress\" \/>\n<meta name=\"twitter:label1\" content=\"\u00c9crit par\" \/>\n\t<meta name=\"twitter:data1\" content=\"redazione\" \/>\n\t<meta name=\"twitter:label2\" content=\"Dur\u00e9e de lecture estim\u00e9e\" \/>\n\t<meta name=\"twitter:data2\" content=\"2 minutes\" \/>\n<script type=\"application\/ld+json\" class=\"yoast-schema-graph\">{\"@context\":\"https:\\\/\\\/schema.org\",\"@graph\":[{\"@type\":\"Article\",\"@id\":\"https:\\\/\\\/www.bellunopress.it\\\/2026\\\/03\\\/21\\\/lo-zainetto-ritrovato-il-grazie-dei-bambini-ai-carabinieri-di-trichiana\\\/#article\",\"isPartOf\":{\"@id\":\"https:\\\/\\\/www.bellunopress.it\\\/2026\\\/03\\\/21\\\/lo-zainetto-ritrovato-il-grazie-dei-bambini-ai-carabinieri-di-trichiana\\\/\"},\"author\":{\"name\":\"redazione\",\"@id\":\"https:\\\/\\\/www.bellunopress.it\\\/#\\\/schema\\\/person\\\/79bb06722b37ece1c03d3e94beb30d73\"},\"headline\":\"Lo zainetto ritrovato: il &#8220;grazie&#8221; dei bambini ai Carabinieri di Trichiana\",\"datePublished\":\"2026-03-21T07:38:50+00:00\",\"mainEntityOfPage\":{\"@id\":\"https:\\\/\\\/www.bellunopress.it\\\/2026\\\/03\\\/21\\\/lo-zainetto-ritrovato-il-grazie-dei-bambini-ai-carabinieri-di-trichiana\\\/\"},\"wordCount\":434,\"publisher\":{\"@id\":\"https:\\\/\\\/www.bellunopress.it\\\/#organization\"},\"image\":{\"@id\":\"https:\\\/\\\/www.bellunopress.it\\\/2026\\\/03\\\/21\\\/lo-zainetto-ritrovato-il-grazie-dei-bambini-ai-carabinieri-di-trichiana\\\/#primaryimage\"},\"thumbnailUrl\":\"https:\\\/\\\/www.bellunopress.it\\\/wp-content\\\/uploads\\\/2026\\\/03\\\/lettera-bambini-Badilet.jpg\",\"articleSection\":[\"Cronaca\\\/Politica\",\"Prima Pagina\",\"Societ\u00e0, Associazioni, Istituzioni\"],\"inLanguage\":\"fr-FR\"},{\"@type\":\"WebPage\",\"@id\":\"https:\\\/\\\/www.bellunopress.it\\\/2026\\\/03\\\/21\\\/lo-zainetto-ritrovato-il-grazie-dei-bambini-ai-carabinieri-di-trichiana\\\/\",\"url\":\"https:\\\/\\\/www.bellunopress.it\\\/2026\\\/03\\\/21\\\/lo-zainetto-ritrovato-il-grazie-dei-bambini-ai-carabinieri-di-trichiana\\\/\",\"name\":\"Lo zainetto ritrovato: il \\\"grazie\\\" dei bambini ai Carabinieri di Trichiana - Bellunopress - Dolomiti\",\"isPartOf\":{\"@id\":\"https:\\\/\\\/www.bellunopress.it\\\/#website\"},\"primaryImageOfPage\":{\"@id\":\"https:\\\/\\\/www.bellunopress.it\\\/2026\\\/03\\\/21\\\/lo-zainetto-ritrovato-il-grazie-dei-bambini-ai-carabinieri-di-trichiana\\\/#primaryimage\"},\"image\":{\"@id\":\"https:\\\/\\\/www.bellunopress.it\\\/2026\\\/03\\\/21\\\/lo-zainetto-ritrovato-il-grazie-dei-bambini-ai-carabinieri-di-trichiana\\\/#primaryimage\"},\"thumbnailUrl\":\"https:\\\/\\\/www.bellunopress.it\\\/wp-content\\\/uploads\\\/2026\\\/03\\\/lettera-bambini-Badilet.jpg\",\"datePublished\":\"2026-03-21T07:38:50+00:00\",\"breadcrumb\":{\"@id\":\"https:\\\/\\\/www.bellunopress.it\\\/2026\\\/03\\\/21\\\/lo-zainetto-ritrovato-il-grazie-dei-bambini-ai-carabinieri-di-trichiana\\\/#breadcrumb\"},\"inLanguage\":\"fr-FR\",\"potentialAction\":[{\"@type\":\"ReadAction\",\"target\":[\"https:\\\/\\\/www.bellunopress.it\\\/2026\\\/03\\\/21\\\/lo-zainetto-ritrovato-il-grazie-dei-bambini-ai-carabinieri-di-trichiana\\\/\"]}]},{\"@type\":\"ImageObject\",\"inLanguage\":\"fr-FR\",\"@id\":\"https:\\\/\\\/www.bellunopress.it\\\/2026\\\/03\\\/21\\\/lo-zainetto-ritrovato-il-grazie-dei-bambini-ai-carabinieri-di-trichiana\\\/#primaryimage\",\"url\":\"https:\\\/\\\/www.bellunopress.it\\\/wp-content\\\/uploads\\\/2026\\\/03\\\/lettera-bambini-Badilet.jpg\",\"contentUrl\":\"https:\\\/\\\/www.bellunopress.it\\\/wp-content\\\/uploads\\\/2026\\\/03\\\/lettera-bambini-Badilet.jpg\",\"width\":600,\"height\":268},{\"@type\":\"BreadcrumbList\",\"@id\":\"https:\\\/\\\/www.bellunopress.it\\\/2026\\\/03\\\/21\\\/lo-zainetto-ritrovato-il-grazie-dei-bambini-ai-carabinieri-di-trichiana\\\/#breadcrumb\",\"itemListElement\":[{\"@type\":\"ListItem\",\"position\":1,\"name\":\"Home\",\"item\":\"https:\\\/\\\/www.bellunopress.it\\\/\"},{\"@type\":\"ListItem\",\"position\":2,\"name\":\"Lo zainetto ritrovato: il &#8220;grazie&#8221; dei bambini ai Carabinieri di Trichiana\"}]},{\"@type\":\"WebSite\",\"@id\":\"https:\\\/\\\/www.bellunopress.it\\\/#website\",\"url\":\"https:\\\/\\\/www.bellunopress.it\\\/\",\"name\":\"Bellunopress - Dolomiti\",\"description\":\"e-mail: redazione@bellunopress.it\",\"publisher\":{\"@id\":\"https:\\\/\\\/www.bellunopress.it\\\/#organization\"},\"potentialAction\":[{\"@type\":\"SearchAction\",\"target\":{\"@type\":\"EntryPoint\",\"urlTemplate\":\"https:\\\/\\\/www.bellunopress.it\\\/?s={search_term_string}\"},\"query-input\":{\"@type\":\"PropertyValueSpecification\",\"valueRequired\":true,\"valueName\":\"search_term_string\"}}],\"inLanguage\":\"fr-FR\"},{\"@type\":\"Organization\",\"@id\":\"https:\\\/\\\/www.bellunopress.it\\\/#organization\",\"name\":\"Bellunopress\",\"url\":\"https:\\\/\\\/www.bellunopress.it\\\/\",\"logo\":{\"@type\":\"ImageObject\",\"inLanguage\":\"fr-FR\",\"@id\":\"https:\\\/\\\/www.bellunopress.it\\\/#\\\/schema\\\/logo\\\/image\\\/\",\"url\":\"https:\\\/\\\/www.bellunopress.it\\\/wp-content\\\/uploads\\\/2011\\\/05\\\/cropped-logo-bellunopress-.jpg\",\"contentUrl\":\"https:\\\/\\\/www.bellunopress.it\\\/wp-content\\\/uploads\\\/2011\\\/05\\\/cropped-logo-bellunopress-.jpg\",\"width\":512,\"height\":512,\"caption\":\"Bellunopress\"},\"image\":{\"@id\":\"https:\\\/\\\/www.bellunopress.it\\\/#\\\/schema\\\/logo\\\/image\\\/\"},\"sameAs\":[\"https:\\\/\\\/www.facebook.com\\\/profile.php?id=100008943462799\",\"https:\\\/\\\/x.com\\\/bellunopress\",\"https:\\\/\\\/www.linkedin.com\\\/hp\\\/?dnr=JBzUWaJfMUw8vbXJJ2tVW5-I3jZKvC4wsoxE&amp;amp;amp;amp;amp;amp;trk=nav_responsive_tab_home\",\"https:\\\/\\\/www.youtube.com\\\/channel\\\/UCxL0wu1uN0_3_7hGG0306cw\"]},{\"@type\":\"Person\",\"@id\":\"https:\\\/\\\/www.bellunopress.it\\\/#\\\/schema\\\/person\\\/79bb06722b37ece1c03d3e94beb30d73\",\"name\":\"redazione\",\"image\":{\"@type\":\"ImageObject\",\"inLanguage\":\"fr-FR\",\"@id\":\"https:\\\/\\\/secure.gravatar.com\\\/avatar\\\/37d968a2e67a6fd04c169c4bdef102d0bc5d31b2546345219e348575eb80e9a0?s=96&d=mm&r=g\",\"url\":\"https:\\\/\\\/secure.gravatar.com\\\/avatar\\\/37d968a2e67a6fd04c169c4bdef102d0bc5d31b2546345219e348575eb80e9a0?s=96&d=mm&r=g\",\"contentUrl\":\"https:\\\/\\\/secure.gravatar.com\\\/avatar\\\/37d968a2e67a6fd04c169c4bdef102d0bc5d31b2546345219e348575eb80e9a0?s=96&d=mm&r=g\",\"caption\":\"redazione\"},\"sameAs\":[\"http:\\\/\\\/www.bellunopress.it\",\"https:\\\/\\\/x.com\\\/bellunopress\"],\"url\":\"https:\\\/\\\/www.bellunopress.it\\\/fr\\\/author\\\/redazione\\\/\"}]}<\/script>\n<!-- \/ Yoast SEO plugin. -->","yoast_head_json":{"title":"Lo zainetto ritrovato: il \"grazie\" dei bambini ai Carabinieri di Trichiana - Bellunopress - Dolomiti","robots":{"index":"index","follow":"follow","max-snippet":"max-snippet:-1","max-image-preview":"max-image-preview:large","max-video-preview":"max-video-preview:-1"},"canonical":"https:\/\/www.bellunopress.it\/fr\/2026\/03\/21\/lo-zainetto-ritrovato-il-grazie-dei-bambini-ai-carabinieri-di-trichiana\/","og_locale":"fr_FR","og_type":"article","og_title":"Lo zainetto ritrovato: il \"grazie\" dei bambini ai Carabinieri di Trichiana - Bellunopress - Dolomiti","og_description":"Dopo il furto subito a Castion, un alunno di sette anni riabbraccia i suoi libri. La classe di Badilet ringrazia l&#8217;Arma con disegni e lettere: \u00abSiete la nostra sicurezza\u00bb Trichiana, 21\/03\/2026 \u2013 Ci sono storie di cronaca che iniziano con l&#8217;amarezza di un sopruso e finiscono con il sorriso di un bambino e un tavolo [&hellip;]","og_url":"https:\/\/www.bellunopress.it\/fr\/2026\/03\/21\/lo-zainetto-ritrovato-il-grazie-dei-bambini-ai-carabinieri-di-trichiana\/","og_site_name":"Bellunopress - Dolomiti","article_publisher":"https:\/\/www.facebook.com\/profile.php?id=100008943462799","article_published_time":"2026-03-21T07:38:50+00:00","og_image":[{"width":600,"height":268,"url":"https:\/\/www.bellunopress.it\/wp-content\/uploads\/2026\/03\/lettera-bambini-Badilet.jpg","type":"image\/jpeg"}],"author":"redazione","twitter_card":"summary_large_image","twitter_creator":"@bellunopress","twitter_site":"@bellunopress","twitter_misc":{"\u00c9crit par":"redazione","Dur\u00e9e de lecture estim\u00e9e":"2 minutes"},"schema":{"@context":"https:\/\/schema.org","@graph":[{"@type":"Article","@id":"https:\/\/www.bellunopress.it\/2026\/03\/21\/lo-zainetto-ritrovato-il-grazie-dei-bambini-ai-carabinieri-di-trichiana\/#article","isPartOf":{"@id":"https:\/\/www.bellunopress.it\/2026\/03\/21\/lo-zainetto-ritrovato-il-grazie-dei-bambini-ai-carabinieri-di-trichiana\/"},"author":{"name":"redazione","@id":"https:\/\/www.bellunopress.it\/#\/schema\/person\/79bb06722b37ece1c03d3e94beb30d73"},"headline":"Lo zainetto ritrovato: il &#8220;grazie&#8221; dei bambini ai Carabinieri di Trichiana","datePublished":"2026-03-21T07:38:50+00:00","mainEntityOfPage":{"@id":"https:\/\/www.bellunopress.it\/2026\/03\/21\/lo-zainetto-ritrovato-il-grazie-dei-bambini-ai-carabinieri-di-trichiana\/"},"wordCount":434,"publisher":{"@id":"https:\/\/www.bellunopress.it\/#organization"},"image":{"@id":"https:\/\/www.bellunopress.it\/2026\/03\/21\/lo-zainetto-ritrovato-il-grazie-dei-bambini-ai-carabinieri-di-trichiana\/#primaryimage"},"thumbnailUrl":"https:\/\/www.bellunopress.it\/wp-content\/uploads\/2026\/03\/lettera-bambini-Badilet.jpg","articleSection":["Cronaca\/Politica","Prima Pagina","Societ\u00e0, Associazioni, Istituzioni"],"inLanguage":"fr-FR"},{"@type":"WebPage","@id":"https:\/\/www.bellunopress.it\/2026\/03\/21\/lo-zainetto-ritrovato-il-grazie-dei-bambini-ai-carabinieri-di-trichiana\/","url":"https:\/\/www.bellunopress.it\/2026\/03\/21\/lo-zainetto-ritrovato-il-grazie-dei-bambini-ai-carabinieri-di-trichiana\/","name":"Lo zainetto ritrovato: il \"grazie\" dei bambini ai Carabinieri di Trichiana - Bellunopress - Dolomiti","isPartOf":{"@id":"https:\/\/www.bellunopress.it\/#website"},"primaryImageOfPage":{"@id":"https:\/\/www.bellunopress.it\/2026\/03\/21\/lo-zainetto-ritrovato-il-grazie-dei-bambini-ai-carabinieri-di-trichiana\/#primaryimage"},"image":{"@id":"https:\/\/www.bellunopress.it\/2026\/03\/21\/lo-zainetto-ritrovato-il-grazie-dei-bambini-ai-carabinieri-di-trichiana\/#primaryimage"},"thumbnailUrl":"https:\/\/www.bellunopress.it\/wp-content\/uploads\/2026\/03\/lettera-bambini-Badilet.jpg","datePublished":"2026-03-21T07:38:50+00:00","breadcrumb":{"@id":"https:\/\/www.bellunopress.it\/2026\/03\/21\/lo-zainetto-ritrovato-il-grazie-dei-bambini-ai-carabinieri-di-trichiana\/#breadcrumb"},"inLanguage":"fr-FR","potentialAction":[{"@type":"ReadAction","target":["https:\/\/www.bellunopress.it\/2026\/03\/21\/lo-zainetto-ritrovato-il-grazie-dei-bambini-ai-carabinieri-di-trichiana\/"]}]},{"@type":"ImageObject","inLanguage":"fr-FR","@id":"https:\/\/www.bellunopress.it\/2026\/03\/21\/lo-zainetto-ritrovato-il-grazie-dei-bambini-ai-carabinieri-di-trichiana\/#primaryimage","url":"https:\/\/www.bellunopress.it\/wp-content\/uploads\/2026\/03\/lettera-bambini-Badilet.jpg","contentUrl":"https:\/\/www.bellunopress.it\/wp-content\/uploads\/2026\/03\/lettera-bambini-Badilet.jpg","width":600,"height":268},{"@type":"BreadcrumbList","@id":"https:\/\/www.bellunopress.it\/2026\/03\/21\/lo-zainetto-ritrovato-il-grazie-dei-bambini-ai-carabinieri-di-trichiana\/#breadcrumb","itemListElement":[{"@type":"ListItem","position":1,"name":"Home","item":"https:\/\/www.bellunopress.it\/"},{"@type":"ListItem","position":2,"name":"Lo zainetto ritrovato: il &#8220;grazie&#8221; dei bambini ai Carabinieri di Trichiana"}]},{"@type":"WebSite","@id":"https:\/\/www.bellunopress.it\/#website","url":"https:\/\/www.bellunopress.it\/","name":"Bellunopress - Dolomiti","description":"e-mail: redazione@bellunopress.it","publisher":{"@id":"https:\/\/www.bellunopress.it\/#organization"},"potentialAction":[{"@type":"SearchAction","target":{"@type":"EntryPoint","urlTemplate":"https:\/\/www.bellunopress.it\/?s={search_term_string}"},"query-input":{"@type":"PropertyValueSpecification","valueRequired":true,"valueName":"search_term_string"}}],"inLanguage":"fr-FR"},{"@type":"Organization","@id":"https:\/\/www.bellunopress.it\/#organization","name":"Bellunopress","url":"https:\/\/www.bellunopress.it\/","logo":{"@type":"ImageObject","inLanguage":"fr-FR","@id":"https:\/\/www.bellunopress.it\/#\/schema\/logo\/image\/","url":"https:\/\/www.bellunopress.it\/wp-content\/uploads\/2011\/05\/cropped-logo-bellunopress-.jpg","contentUrl":"https:\/\/www.bellunopress.it\/wp-content\/uploads\/2011\/05\/cropped-logo-bellunopress-.jpg","width":512,"height":512,"caption":"Bellunopress"},"image":{"@id":"https:\/\/www.bellunopress.it\/#\/schema\/logo\/image\/"},"sameAs":["https:\/\/www.facebook.com\/profile.php?id=100008943462799","https:\/\/x.com\/bellunopress","https:\/\/www.linkedin.com\/hp\/?dnr=JBzUWaJfMUw8vbXJJ2tVW5-I3jZKvC4wsoxE&amp;amp;amp;amp;amp;amp;trk=nav_responsive_tab_home","https:\/\/www.youtube.com\/channel\/UCxL0wu1uN0_3_7hGG0306cw"]},{"@type":"Person","@id":"https:\/\/www.bellunopress.it\/#\/schema\/person\/79bb06722b37ece1c03d3e94beb30d73","name":"r\u00e9daction","image":{"@type":"ImageObject","inLanguage":"fr-FR","@id":"https:\/\/secure.gravatar.com\/avatar\/37d968a2e67a6fd04c169c4bdef102d0bc5d31b2546345219e348575eb80e9a0?s=96&d=mm&r=g","url":"https:\/\/secure.gravatar.com\/avatar\/37d968a2e67a6fd04c169c4bdef102d0bc5d31b2546345219e348575eb80e9a0?s=96&d=mm&r=g","contentUrl":"https:\/\/secure.gravatar.com\/avatar\/37d968a2e67a6fd04c169c4bdef102d0bc5d31b2546345219e348575eb80e9a0?s=96&d=mm&r=g","caption":"redazione"},"sameAs":["http:\/\/www.bellunopress.it","https:\/\/x.com\/bellunopress"],"url":"https:\/\/www.bellunopress.it\/fr\/author\/redazione\/"}]}},"_links":{"self":[{"href":"https:\/\/www.bellunopress.it\/fr\/wp-json\/wp\/v2\/posts\/168389","targetHints":{"allow":["GET"]}}],"collection":[{"href":"https:\/\/www.bellunopress.it\/fr\/wp-json\/wp\/v2\/posts"}],"about":[{"href":"https:\/\/www.bellunopress.it\/fr\/wp-json\/wp\/v2\/types\/post"}],"author":[{"embeddable":true,"href":"https:\/\/www.bellunopress.it\/fr\/wp-json\/wp\/v2\/users\/2"}],"replies":[{"embeddable":true,"href":"https:\/\/www.bellunopress.it\/fr\/wp-json\/wp\/v2\/comments?post=168389"}],"version-history":[{"count":1,"href":"https:\/\/www.bellunopress.it\/fr\/wp-json\/wp\/v2\/posts\/168389\/revisions"}],"predecessor-version":[{"id":168391,"href":"https:\/\/www.bellunopress.it\/fr\/wp-json\/wp\/v2\/posts\/168389\/revisions\/168391"}],"wp:featuredmedia":[{"embeddable":true,"href":"https:\/\/www.bellunopress.it\/fr\/wp-json\/wp\/v2\/media\/168390"}],"wp:attachment":[{"href":"https:\/\/www.bellunopress.it\/fr\/wp-json\/wp\/v2\/media?parent=168389"}],"wp:term":[{"taxonomy":"category","embeddable":true,"href":"https:\/\/www.bellunopress.it\/fr\/wp-json\/wp\/v2\/categories?post=168389"},{"taxonomy":"post_tag","embeddable":true,"href":"https:\/\/www.bellunopress.it\/fr\/wp-json\/wp\/v2\/tags?post=168389"}],"curies":[{"name":"wp","href":"https:\/\/api.w.org\/{rel}","templated":true}]}}