{"id":168387,"date":"2026-03-20T20:52:31","date_gmt":"2026-03-20T19:52:31","guid":{"rendered":"https:\/\/www.bellunopress.it\/?p=168387"},"modified":"2026-03-20T20:52:31","modified_gmt":"2026-03-20T19:52:31","slug":"il-futuro-di-bellunopress-un-passaggio-di-testimone-nellera-del-digital-first-di-roberto-de-nart","status":"publish","type":"post","link":"https:\/\/www.bellunopress.it\/fr\/2026\/03\/20\/il-futuro-di-bellunopress-un-passaggio-di-testimone-nellera-del-digital-first-di-roberto-de-nart\/","title":{"rendered":"Il futuro di Bellunopress: un passaggio di testimone nell&#8217;era del Digital-First * di Roberto De Nart"},"content":{"rendered":"<p data-path-to-node=\"4\">Il 27 gennaio 2009 ho registrato al Tribunale di Belluno la testata Bellunopress \u00a9. Erano anni diversi, ma la visione era chiara: offrire alle Dolomiti un quotidiano online che fosse espressione di stampa libera, indipendente e puramente digitale.<\/p>\n<p data-path-to-node=\"5\">Oggi, dopo 17 anni di cronaca, politica e cultura raccontate in tempo reale, quella scommessa \u00e8 diventata una realt\u00e0 consolidata. Nel 2010 siamo stati finalisti al Festival nazionale dei quotidiani locali online (Qoll), distinguendoci tra 700 testate. Oggi, i numeri ci dicono che quella visione non era solo corretta, ma \u00e8 diventata un pilastro dell\u2019informazione moderna.<\/p>\n<p data-path-to-node=\"7\">I recenti dati ADS di gennaio 2026 parlano chiaro: la carta stampata in provincia sta vivendo una crisi irreversibile. Il <i data-path-to-node=\"7\" data-index-in-node=\"122\">Gazzettino<\/i> ha segnato lo storico sorpasso degli abbonati digitali sulle copie fisiche (scese sotto la soglia critica delle 1.200 unit\u00e0), mentre il <i data-path-to-node=\"7\" data-index-in-node=\"269\">Corriere delle Alpi<\/i>, pur resistendo nel formato fisico, vede l&#8217;erosione costante del proprio lettorato cartaceo.<\/p>\n<p data-path-to-node=\"8\">In questo scenario di &#8220;desertificazione delle edicole&#8221;, soprattutto nelle nostre valli, Bellunopress si conferma una corazzata del web. Mentre i quotidiani tradizionali lottano per convertire i lettori in abbonati paganti, il nostro modello &#8220;free press&#8221; ha intercettato quella massa di cittadini che ha abbandonato la carta ma non la fame di notizie locali.<\/p>\n<p data-path-to-node=\"10\">I dati ShinyStat di inizio 2026 certificano uno stato di salute straordinario per Bellunopress:<\/p>\n<ul data-path-to-node=\"11\">\n<li>\n<p data-path-to-node=\"11,0,0\">Record di traffico: Abbiamo toccato picchi di oltre 33.000 pagine viste in un singolo giorno.<\/p>\n<\/li>\n<li>\n<p data-path-to-node=\"11,1,0\">Accessi quotidiani: Una media che oscilla tra i 10.000 e i 15.000 visitatori giornalieri, superando di gran lunga la diffusione pagante complessiva dei due principali quotidiani cartacei della provincia messi insieme (circa 5.700 copie).<\/p>\n<\/li>\n<li>\n<p data-path-to-node=\"11,2,0\">Community attiva: Un ecosistema social che vanta oltre 5.000 iscritti nel gruppo &#8220;Belluno, attualit\u00e0 e politica&#8221;, motore pulsante del dibattito provinciale.<\/p>\n<\/li>\n<\/ul>\n<p data-path-to-node=\"13\">Dopo quasi due decenni al timone, sento che \u00e8 giunto il momento di passare la mano. Bellunopress non ha debiti, non gode di contributi pubblici n\u00e9 di finanziamenti di partito: \u00e8 un organismo sano, autorevole e con un potenziale di monetizzazione pubblicitaria ancora in gran parte inespresso.<\/p>\n<p data-path-to-node=\"14\">Per questo motivo, ho deciso di cedere la testata Bellunopress \u00a9 al miglior offerente.<\/p>\n<p data-path-to-node=\"15\">Cerco un successore \u2014 un editore, un imprenditore o una compagine giornalistica \u2014 che sappia valorizzare questo patrimonio di credibilit\u00e0 e traffico, portandolo verso nuovi traguardi tecnologici e commerciali. Chi rileva Bellunopress oggi non acquista solo un brand storico, ma acquisisce la leadership dell&#8217;attenzione digitale nel territorio bellunese. Oltre che un dominio indicizzato da Google che potr\u00e0 modellare a suo piacere.<\/p>\n<p data-path-to-node=\"16\">Il futuro dell&#8217;informazione nelle Dolomiti \u00e8 gi\u00e0 scritto nel codice del nostro portale. \u00c8 tempo che qualcuno scriva i prossimi capitoli.<\/p>\n<p data-path-to-node=\"17\"><i data-path-to-node=\"17\" data-index-in-node=\"0\">Le manifestazioni d&#8217;interesse possono essere inviate direttamente alla mia attenzione.<\/i><\/p>\n<p data-path-to-node=\"18\">Roberto De Nart &#8211; f<i data-path-to-node=\"18\" data-index-in-node=\"16\">ondatore Bellunopress<\/i><\/p>\n<p data-path-to-node=\"18\">Cell\/WhatsApp 3280752321<\/p>\n<p data-path-to-node=\"18\">redazione@bellunopress.it<\/p>","protected":false},"excerpt":{"rendered":"<p>Il 27 gennaio 2009 ho registrato al Tribunale di Belluno la testata Bellunopress \u00a9. Erano anni diversi, ma la visione era chiara: offrire alle Dolomiti un quotidiano online che fosse espressione di stampa libera, indipendente e puramente digitale. Oggi, dopo 17 anni di cronaca, politica e cultura raccontate in tempo reale, quella scommessa \u00e8 diventata [&hellip;]<\/p>\n","protected":false},"author":2,"featured_media":155145,"comment_status":"closed","ping_status":"open","sticky":false,"template":"","format":"standard","meta":{"footnotes":""},"categories":[3446,26,50],"tags":[],"class_list":["post-168387","post","type-post","status-publish","format-standard","has-post-thumbnail","category-featured","category-prima-pagina","category-pubbliredazionali"],"yoast_head":"<!-- This site is optimized with the Yoast SEO plugin v28.4 - https:\/\/yoast.com\/product\/yoast-seo-wordpress\/ -->\n<title>Il futuro di Bellunopress: un passaggio di testimone nell&#039;era del Digital-First * di Roberto De Nart - Bellunopress - Dolomiti<\/title>\n<meta name=\"robots\" content=\"index, follow, max-snippet:-1, max-image-preview:large, max-video-preview:-1\" \/>\n<link rel=\"canonical\" href=\"https:\/\/www.bellunopress.it\/fr\/2026\/03\/20\/il-futuro-di-bellunopress-un-passaggio-di-testimone-nellera-del-digital-first-di-roberto-de-nart\/\" \/>\n<meta property=\"og:locale\" content=\"fr_FR\" \/>\n<meta property=\"og:type\" content=\"article\" \/>\n<meta property=\"og:title\" content=\"Il futuro di Bellunopress: un passaggio di testimone nell&#039;era del Digital-First * di Roberto De Nart - Bellunopress - Dolomiti\" \/>\n<meta property=\"og:description\" content=\"Il 27 gennaio 2009 ho registrato al Tribunale di Belluno la testata Bellunopress \u00a9. Erano anni diversi, ma la visione era chiara: offrire alle Dolomiti un quotidiano online che fosse espressione di stampa libera, indipendente e puramente digitale. Oggi, dopo 17 anni di cronaca, politica e cultura raccontate in tempo reale, quella scommessa \u00e8 diventata [&hellip;]\" \/>\n<meta property=\"og:url\" content=\"https:\/\/www.bellunopress.it\/fr\/2026\/03\/20\/il-futuro-di-bellunopress-un-passaggio-di-testimone-nellera-del-digital-first-di-roberto-de-nart\/\" \/>\n<meta property=\"og:site_name\" content=\"Bellunopress - Dolomiti\" \/>\n<meta property=\"article:publisher\" content=\"https:\/\/www.facebook.com\/profile.php?id=100008943462799\" \/>\n<meta property=\"article:published_time\" content=\"2026-03-20T19:52:31+00:00\" \/>\n<meta property=\"og:image\" content=\"https:\/\/www.bellunopress.it\/wp-content\/uploads\/2024\/10\/bellunopress-2024.jpg\" \/>\n\t<meta property=\"og:image:width\" content=\"1500\" \/>\n\t<meta property=\"og:image:height\" content=\"608\" \/>\n\t<meta property=\"og:image:type\" content=\"image\/jpeg\" \/>\n<meta name=\"author\" content=\"redazione\" \/>\n<meta name=\"twitter:card\" content=\"summary_large_image\" \/>\n<meta name=\"twitter:creator\" content=\"@bellunopress\" \/>\n<meta name=\"twitter:site\" content=\"@bellunopress\" \/>\n<meta name=\"twitter:label1\" content=\"\u00c9crit par\" \/>\n\t<meta name=\"twitter:data1\" content=\"redazione\" \/>\n\t<meta name=\"twitter:label2\" content=\"Dur\u00e9e de lecture estim\u00e9e\" \/>\n\t<meta name=\"twitter:data2\" content=\"2 minutes\" \/>\n<script type=\"application\/ld+json\" class=\"yoast-schema-graph\">{\"@context\":\"https:\\\/\\\/schema.org\",\"@graph\":[{\"@type\":\"Article\",\"@id\":\"https:\\\/\\\/www.bellunopress.it\\\/2026\\\/03\\\/20\\\/il-futuro-di-bellunopress-un-passaggio-di-testimone-nellera-del-digital-first-di-roberto-de-nart\\\/#article\",\"isPartOf\":{\"@id\":\"https:\\\/\\\/www.bellunopress.it\\\/2026\\\/03\\\/20\\\/il-futuro-di-bellunopress-un-passaggio-di-testimone-nellera-del-digital-first-di-roberto-de-nart\\\/\"},\"author\":{\"name\":\"redazione\",\"@id\":\"https:\\\/\\\/www.bellunopress.it\\\/#\\\/schema\\\/person\\\/79bb06722b37ece1c03d3e94beb30d73\"},\"headline\":\"Il futuro di Bellunopress: un passaggio di testimone nell&#8217;era del Digital-First * di Roberto De Nart\",\"datePublished\":\"2026-03-20T19:52:31+00:00\",\"mainEntityOfPage\":{\"@id\":\"https:\\\/\\\/www.bellunopress.it\\\/2026\\\/03\\\/20\\\/il-futuro-di-bellunopress-un-passaggio-di-testimone-nellera-del-digital-first-di-roberto-de-nart\\\/\"},\"wordCount\":450,\"publisher\":{\"@id\":\"https:\\\/\\\/www.bellunopress.it\\\/#organization\"},\"image\":{\"@id\":\"https:\\\/\\\/www.bellunopress.it\\\/2026\\\/03\\\/20\\\/il-futuro-di-bellunopress-un-passaggio-di-testimone-nellera-del-digital-first-di-roberto-de-nart\\\/#primaryimage\"},\"thumbnailUrl\":\"https:\\\/\\\/www.bellunopress.it\\\/wp-content\\\/uploads\\\/2024\\\/10\\\/bellunopress-2024.jpg\",\"articleSection\":[\"Featured\",\"Prima Pagina\",\"Pubbliredazionali\"],\"inLanguage\":\"fr-FR\"},{\"@type\":\"WebPage\",\"@id\":\"https:\\\/\\\/www.bellunopress.it\\\/2026\\\/03\\\/20\\\/il-futuro-di-bellunopress-un-passaggio-di-testimone-nellera-del-digital-first-di-roberto-de-nart\\\/\",\"url\":\"https:\\\/\\\/www.bellunopress.it\\\/2026\\\/03\\\/20\\\/il-futuro-di-bellunopress-un-passaggio-di-testimone-nellera-del-digital-first-di-roberto-de-nart\\\/\",\"name\":\"Il futuro di Bellunopress: un passaggio di testimone nell'era del Digital-First * di Roberto De Nart - Bellunopress - Dolomiti\",\"isPartOf\":{\"@id\":\"https:\\\/\\\/www.bellunopress.it\\\/#website\"},\"primaryImageOfPage\":{\"@id\":\"https:\\\/\\\/www.bellunopress.it\\\/2026\\\/03\\\/20\\\/il-futuro-di-bellunopress-un-passaggio-di-testimone-nellera-del-digital-first-di-roberto-de-nart\\\/#primaryimage\"},\"image\":{\"@id\":\"https:\\\/\\\/www.bellunopress.it\\\/2026\\\/03\\\/20\\\/il-futuro-di-bellunopress-un-passaggio-di-testimone-nellera-del-digital-first-di-roberto-de-nart\\\/#primaryimage\"},\"thumbnailUrl\":\"https:\\\/\\\/www.bellunopress.it\\\/wp-content\\\/uploads\\\/2024\\\/10\\\/bellunopress-2024.jpg\",\"datePublished\":\"2026-03-20T19:52:31+00:00\",\"breadcrumb\":{\"@id\":\"https:\\\/\\\/www.bellunopress.it\\\/2026\\\/03\\\/20\\\/il-futuro-di-bellunopress-un-passaggio-di-testimone-nellera-del-digital-first-di-roberto-de-nart\\\/#breadcrumb\"},\"inLanguage\":\"fr-FR\",\"potentialAction\":[{\"@type\":\"ReadAction\",\"target\":[\"https:\\\/\\\/www.bellunopress.it\\\/2026\\\/03\\\/20\\\/il-futuro-di-bellunopress-un-passaggio-di-testimone-nellera-del-digital-first-di-roberto-de-nart\\\/\"]}]},{\"@type\":\"ImageObject\",\"inLanguage\":\"fr-FR\",\"@id\":\"https:\\\/\\\/www.bellunopress.it\\\/2026\\\/03\\\/20\\\/il-futuro-di-bellunopress-un-passaggio-di-testimone-nellera-del-digital-first-di-roberto-de-nart\\\/#primaryimage\",\"url\":\"https:\\\/\\\/www.bellunopress.it\\\/wp-content\\\/uploads\\\/2024\\\/10\\\/bellunopress-2024.jpg\",\"contentUrl\":\"https:\\\/\\\/www.bellunopress.it\\\/wp-content\\\/uploads\\\/2024\\\/10\\\/bellunopress-2024.jpg\",\"width\":1500,\"height\":608},{\"@type\":\"BreadcrumbList\",\"@id\":\"https:\\\/\\\/www.bellunopress.it\\\/2026\\\/03\\\/20\\\/il-futuro-di-bellunopress-un-passaggio-di-testimone-nellera-del-digital-first-di-roberto-de-nart\\\/#breadcrumb\",\"itemListElement\":[{\"@type\":\"ListItem\",\"position\":1,\"name\":\"Home\",\"item\":\"https:\\\/\\\/www.bellunopress.it\\\/\"},{\"@type\":\"ListItem\",\"position\":2,\"name\":\"Il futuro di Bellunopress: un passaggio di testimone nell&#8217;era del Digital-First * di Roberto De Nart\"}]},{\"@type\":\"WebSite\",\"@id\":\"https:\\\/\\\/www.bellunopress.it\\\/#website\",\"url\":\"https:\\\/\\\/www.bellunopress.it\\\/\",\"name\":\"Bellunopress - Dolomiti\",\"description\":\"e-mail: redazione@bellunopress.it\",\"publisher\":{\"@id\":\"https:\\\/\\\/www.bellunopress.it\\\/#organization\"},\"potentialAction\":[{\"@type\":\"SearchAction\",\"target\":{\"@type\":\"EntryPoint\",\"urlTemplate\":\"https:\\\/\\\/www.bellunopress.it\\\/?s={search_term_string}\"},\"query-input\":{\"@type\":\"PropertyValueSpecification\",\"valueRequired\":true,\"valueName\":\"search_term_string\"}}],\"inLanguage\":\"fr-FR\"},{\"@type\":\"Organization\",\"@id\":\"https:\\\/\\\/www.bellunopress.it\\\/#organization\",\"name\":\"Bellunopress\",\"url\":\"https:\\\/\\\/www.bellunopress.it\\\/\",\"logo\":{\"@type\":\"ImageObject\",\"inLanguage\":\"fr-FR\",\"@id\":\"https:\\\/\\\/www.bellunopress.it\\\/#\\\/schema\\\/logo\\\/image\\\/\",\"url\":\"https:\\\/\\\/www.bellunopress.it\\\/wp-content\\\/uploads\\\/2011\\\/05\\\/cropped-logo-bellunopress-.jpg\",\"contentUrl\":\"https:\\\/\\\/www.bellunopress.it\\\/wp-content\\\/uploads\\\/2011\\\/05\\\/cropped-logo-bellunopress-.jpg\",\"width\":512,\"height\":512,\"caption\":\"Bellunopress\"},\"image\":{\"@id\":\"https:\\\/\\\/www.bellunopress.it\\\/#\\\/schema\\\/logo\\\/image\\\/\"},\"sameAs\":[\"https:\\\/\\\/www.facebook.com\\\/profile.php?id=100008943462799\",\"https:\\\/\\\/x.com\\\/bellunopress\",\"https:\\\/\\\/www.linkedin.com\\\/hp\\\/?dnr=JBzUWaJfMUw8vbXJJ2tVW5-I3jZKvC4wsoxE&amp;amp;amp;amp;amp;amp;trk=nav_responsive_tab_home\",\"https:\\\/\\\/www.youtube.com\\\/channel\\\/UCxL0wu1uN0_3_7hGG0306cw\"]},{\"@type\":\"Person\",\"@id\":\"https:\\\/\\\/www.bellunopress.it\\\/#\\\/schema\\\/person\\\/79bb06722b37ece1c03d3e94beb30d73\",\"name\":\"redazione\",\"image\":{\"@type\":\"ImageObject\",\"inLanguage\":\"fr-FR\",\"@id\":\"https:\\\/\\\/secure.gravatar.com\\\/avatar\\\/37d968a2e67a6fd04c169c4bdef102d0bc5d31b2546345219e348575eb80e9a0?s=96&d=mm&r=g\",\"url\":\"https:\\\/\\\/secure.gravatar.com\\\/avatar\\\/37d968a2e67a6fd04c169c4bdef102d0bc5d31b2546345219e348575eb80e9a0?s=96&d=mm&r=g\",\"contentUrl\":\"https:\\\/\\\/secure.gravatar.com\\\/avatar\\\/37d968a2e67a6fd04c169c4bdef102d0bc5d31b2546345219e348575eb80e9a0?s=96&d=mm&r=g\",\"caption\":\"redazione\"},\"sameAs\":[\"http:\\\/\\\/www.bellunopress.it\",\"https:\\\/\\\/x.com\\\/bellunopress\"],\"url\":\"https:\\\/\\\/www.bellunopress.it\\\/fr\\\/author\\\/redazione\\\/\"}]}<\/script>\n<!-- \/ Yoast SEO plugin. -->","yoast_head_json":{"title":"Il futuro di Bellunopress: un passaggio di testimone nell'era del Digital-First * di Roberto De Nart - Bellunopress - Dolomiti","robots":{"index":"index","follow":"follow","max-snippet":"max-snippet:-1","max-image-preview":"max-image-preview:large","max-video-preview":"max-video-preview:-1"},"canonical":"https:\/\/www.bellunopress.it\/fr\/2026\/03\/20\/il-futuro-di-bellunopress-un-passaggio-di-testimone-nellera-del-digital-first-di-roberto-de-nart\/","og_locale":"fr_FR","og_type":"article","og_title":"Il futuro di Bellunopress: un passaggio di testimone nell'era del Digital-First * di Roberto De Nart - Bellunopress - Dolomiti","og_description":"Il 27 gennaio 2009 ho registrato al Tribunale di Belluno la testata Bellunopress \u00a9. Erano anni diversi, ma la visione era chiara: offrire alle Dolomiti un quotidiano online che fosse espressione di stampa libera, indipendente e puramente digitale. Oggi, dopo 17 anni di cronaca, politica e cultura raccontate in tempo reale, quella scommessa \u00e8 diventata [&hellip;]","og_url":"https:\/\/www.bellunopress.it\/fr\/2026\/03\/20\/il-futuro-di-bellunopress-un-passaggio-di-testimone-nellera-del-digital-first-di-roberto-de-nart\/","og_site_name":"Bellunopress - Dolomiti","article_publisher":"https:\/\/www.facebook.com\/profile.php?id=100008943462799","article_published_time":"2026-03-20T19:52:31+00:00","og_image":[{"width":1500,"height":608,"url":"https:\/\/www.bellunopress.it\/wp-content\/uploads\/2024\/10\/bellunopress-2024.jpg","type":"image\/jpeg"}],"author":"redazione","twitter_card":"summary_large_image","twitter_creator":"@bellunopress","twitter_site":"@bellunopress","twitter_misc":{"\u00c9crit par":"redazione","Dur\u00e9e de lecture estim\u00e9e":"2 minutes"},"schema":{"@context":"https:\/\/schema.org","@graph":[{"@type":"Article","@id":"https:\/\/www.bellunopress.it\/2026\/03\/20\/il-futuro-di-bellunopress-un-passaggio-di-testimone-nellera-del-digital-first-di-roberto-de-nart\/#article","isPartOf":{"@id":"https:\/\/www.bellunopress.it\/2026\/03\/20\/il-futuro-di-bellunopress-un-passaggio-di-testimone-nellera-del-digital-first-di-roberto-de-nart\/"},"author":{"name":"redazione","@id":"https:\/\/www.bellunopress.it\/#\/schema\/person\/79bb06722b37ece1c03d3e94beb30d73"},"headline":"Il futuro di Bellunopress: un passaggio di testimone nell&#8217;era del Digital-First * di Roberto De Nart","datePublished":"2026-03-20T19:52:31+00:00","mainEntityOfPage":{"@id":"https:\/\/www.bellunopress.it\/2026\/03\/20\/il-futuro-di-bellunopress-un-passaggio-di-testimone-nellera-del-digital-first-di-roberto-de-nart\/"},"wordCount":450,"publisher":{"@id":"https:\/\/www.bellunopress.it\/#organization"},"image":{"@id":"https:\/\/www.bellunopress.it\/2026\/03\/20\/il-futuro-di-bellunopress-un-passaggio-di-testimone-nellera-del-digital-first-di-roberto-de-nart\/#primaryimage"},"thumbnailUrl":"https:\/\/www.bellunopress.it\/wp-content\/uploads\/2024\/10\/bellunopress-2024.jpg","articleSection":["Featured","Prima Pagina","Pubbliredazionali"],"inLanguage":"fr-FR"},{"@type":"WebPage","@id":"https:\/\/www.bellunopress.it\/2026\/03\/20\/il-futuro-di-bellunopress-un-passaggio-di-testimone-nellera-del-digital-first-di-roberto-de-nart\/","url":"https:\/\/www.bellunopress.it\/2026\/03\/20\/il-futuro-di-bellunopress-un-passaggio-di-testimone-nellera-del-digital-first-di-roberto-de-nart\/","name":"Il futuro di Bellunopress: un passaggio di testimone nell'era del Digital-First * di Roberto De Nart - Bellunopress - Dolomiti","isPartOf":{"@id":"https:\/\/www.bellunopress.it\/#website"},"primaryImageOfPage":{"@id":"https:\/\/www.bellunopress.it\/2026\/03\/20\/il-futuro-di-bellunopress-un-passaggio-di-testimone-nellera-del-digital-first-di-roberto-de-nart\/#primaryimage"},"image":{"@id":"https:\/\/www.bellunopress.it\/2026\/03\/20\/il-futuro-di-bellunopress-un-passaggio-di-testimone-nellera-del-digital-first-di-roberto-de-nart\/#primaryimage"},"thumbnailUrl":"https:\/\/www.bellunopress.it\/wp-content\/uploads\/2024\/10\/bellunopress-2024.jpg","datePublished":"2026-03-20T19:52:31+00:00","breadcrumb":{"@id":"https:\/\/www.bellunopress.it\/2026\/03\/20\/il-futuro-di-bellunopress-un-passaggio-di-testimone-nellera-del-digital-first-di-roberto-de-nart\/#breadcrumb"},"inLanguage":"fr-FR","potentialAction":[{"@type":"ReadAction","target":["https:\/\/www.bellunopress.it\/2026\/03\/20\/il-futuro-di-bellunopress-un-passaggio-di-testimone-nellera-del-digital-first-di-roberto-de-nart\/"]}]},{"@type":"ImageObject","inLanguage":"fr-FR","@id":"https:\/\/www.bellunopress.it\/2026\/03\/20\/il-futuro-di-bellunopress-un-passaggio-di-testimone-nellera-del-digital-first-di-roberto-de-nart\/#primaryimage","url":"https:\/\/www.bellunopress.it\/wp-content\/uploads\/2024\/10\/bellunopress-2024.jpg","contentUrl":"https:\/\/www.bellunopress.it\/wp-content\/uploads\/2024\/10\/bellunopress-2024.jpg","width":1500,"height":608},{"@type":"BreadcrumbList","@id":"https:\/\/www.bellunopress.it\/2026\/03\/20\/il-futuro-di-bellunopress-un-passaggio-di-testimone-nellera-del-digital-first-di-roberto-de-nart\/#breadcrumb","itemListElement":[{"@type":"ListItem","position":1,"name":"Home","item":"https:\/\/www.bellunopress.it\/"},{"@type":"ListItem","position":2,"name":"Il futuro di Bellunopress: un passaggio di testimone nell&#8217;era del Digital-First * di Roberto De Nart"}]},{"@type":"WebSite","@id":"https:\/\/www.bellunopress.it\/#website","url":"https:\/\/www.bellunopress.it\/","name":"Bellunopress - Dolomiti","description":"e-mail: redazione@bellunopress.it","publisher":{"@id":"https:\/\/www.bellunopress.it\/#organization"},"potentialAction":[{"@type":"SearchAction","target":{"@type":"EntryPoint","urlTemplate":"https:\/\/www.bellunopress.it\/?s={search_term_string}"},"query-input":{"@type":"PropertyValueSpecification","valueRequired":true,"valueName":"search_term_string"}}],"inLanguage":"fr-FR"},{"@type":"Organization","@id":"https:\/\/www.bellunopress.it\/#organization","name":"Bellunopress","url":"https:\/\/www.bellunopress.it\/","logo":{"@type":"ImageObject","inLanguage":"fr-FR","@id":"https:\/\/www.bellunopress.it\/#\/schema\/logo\/image\/","url":"https:\/\/www.bellunopress.it\/wp-content\/uploads\/2011\/05\/cropped-logo-bellunopress-.jpg","contentUrl":"https:\/\/www.bellunopress.it\/wp-content\/uploads\/2011\/05\/cropped-logo-bellunopress-.jpg","width":512,"height":512,"caption":"Bellunopress"},"image":{"@id":"https:\/\/www.bellunopress.it\/#\/schema\/logo\/image\/"},"sameAs":["https:\/\/www.facebook.com\/profile.php?id=100008943462799","https:\/\/x.com\/bellunopress","https:\/\/www.linkedin.com\/hp\/?dnr=JBzUWaJfMUw8vbXJJ2tVW5-I3jZKvC4wsoxE&amp;amp;amp;amp;amp;amp;trk=nav_responsive_tab_home","https:\/\/www.youtube.com\/channel\/UCxL0wu1uN0_3_7hGG0306cw"]},{"@type":"Person","@id":"https:\/\/www.bellunopress.it\/#\/schema\/person\/79bb06722b37ece1c03d3e94beb30d73","name":"r\u00e9daction","image":{"@type":"ImageObject","inLanguage":"fr-FR","@id":"https:\/\/secure.gravatar.com\/avatar\/37d968a2e67a6fd04c169c4bdef102d0bc5d31b2546345219e348575eb80e9a0?s=96&d=mm&r=g","url":"https:\/\/secure.gravatar.com\/avatar\/37d968a2e67a6fd04c169c4bdef102d0bc5d31b2546345219e348575eb80e9a0?s=96&d=mm&r=g","contentUrl":"https:\/\/secure.gravatar.com\/avatar\/37d968a2e67a6fd04c169c4bdef102d0bc5d31b2546345219e348575eb80e9a0?s=96&d=mm&r=g","caption":"redazione"},"sameAs":["http:\/\/www.bellunopress.it","https:\/\/x.com\/bellunopress"],"url":"https:\/\/www.bellunopress.it\/fr\/author\/redazione\/"}]}},"_links":{"self":[{"href":"https:\/\/www.bellunopress.it\/fr\/wp-json\/wp\/v2\/posts\/168387","targetHints":{"allow":["GET"]}}],"collection":[{"href":"https:\/\/www.bellunopress.it\/fr\/wp-json\/wp\/v2\/posts"}],"about":[{"href":"https:\/\/www.bellunopress.it\/fr\/wp-json\/wp\/v2\/types\/post"}],"author":[{"embeddable":true,"href":"https:\/\/www.bellunopress.it\/fr\/wp-json\/wp\/v2\/users\/2"}],"replies":[{"embeddable":true,"href":"https:\/\/www.bellunopress.it\/fr\/wp-json\/wp\/v2\/comments?post=168387"}],"version-history":[{"count":1,"href":"https:\/\/www.bellunopress.it\/fr\/wp-json\/wp\/v2\/posts\/168387\/revisions"}],"predecessor-version":[{"id":168388,"href":"https:\/\/www.bellunopress.it\/fr\/wp-json\/wp\/v2\/posts\/168387\/revisions\/168388"}],"wp:featuredmedia":[{"embeddable":true,"href":"https:\/\/www.bellunopress.it\/fr\/wp-json\/wp\/v2\/media\/155145"}],"wp:attachment":[{"href":"https:\/\/www.bellunopress.it\/fr\/wp-json\/wp\/v2\/media?parent=168387"}],"wp:term":[{"taxonomy":"category","embeddable":true,"href":"https:\/\/www.bellunopress.it\/fr\/wp-json\/wp\/v2\/categories?post=168387"},{"taxonomy":"post_tag","embeddable":true,"href":"https:\/\/www.bellunopress.it\/fr\/wp-json\/wp\/v2\/tags?post=168387"}],"curies":[{"name":"wp","href":"https:\/\/api.w.org\/{rel}","templated":true}]}}