{"id":168384,"date":"2026-03-20T16:46:24","date_gmt":"2026-03-20T15:46:24","guid":{"rendered":"https:\/\/www.bellunopress.it\/?p=168384"},"modified":"2026-03-20T16:46:24","modified_gmt":"2026-03-20T15:46:24","slug":"verde-urbano-belluno-in-corso-operazioni-di-ripiantumazione-in-centro","status":"publish","type":"post","link":"https:\/\/www.bellunopress.it\/fr\/2026\/03\/20\/verde-urbano-belluno-in-corso-operazioni-di-ripiantumazione-in-centro\/","title":{"rendered":"Verde urbano Belluno: in corso operazioni di ripiantumazione in centro"},"content":{"rendered":"<p>Belluno, 20\/03\/2026 . Cura del verde urbano: sono in corso in questi giorni gli interventi di ripiantumazione lungo la viabilit\u00e0 del centro storico di Belluno, tra via Cavour, via Segato e Via Dante Alighieri<\/p>\n<p>\u201cLa ripiantumazione non \u00e8 solo un gesto simbolico, ma un investimento concreto sulla qualit\u00e0 della vita in Citt\u00e0 &#8211; sottolinea il sindaco, Oscar De Pellegrin -. Significa restituire verde, ombra e benessere ai cittadini, scegliendo specie pi\u00f9 adatte e sostenibili nel tempo. Secondo il rapporto Ecosistema urbano di Legambiente e Ambiente Italia del 2024, la citt\u00e0 italiana con pi\u00f9 alberi \u00e8 Belluno con 200 alberi ogni 100 mila abitanti, un primato di cui andiamo fieri e che vogliamo difendere prendendoci cura del nostro verde urbano e sostituendolo dove ammalorato e pericolante\u201d.<\/p>\n<p>La maggior parte degli esemplari da sostituire erano tigli del tipoTilia x vulgaris Hayne, un tipo di tiglio ibrido. Al loro posto vengono si stanno ora mettendo a dimora tigli selvatici (Tilia cordata), specie autoctona pi\u00f9 adatta al contesto urbano. Una scelta tecnica ma anche strategica. Il tiglio selvatico presenta infatti un accrescimento pi\u00f9 contenuto in altezza e una minore capacit\u00e0 pollonifera: caratteristiche che consentono di limitare i danni alle pavimentazioni, ai marciapiedi e alla viabilit\u00e0, riducendo allo stesso tempo la necessit\u00e0 di interventi manutentivi frequenti e costosi.<\/p>\n<p><strong>IL PIANO DEL VERDE<\/strong><br \/>\nL\u2019intervento si inserisce in un\u2019ampia strategia di gestione del verde urbano. Negli ultimi mesi l\u2019Amministrazione comunale si \u00e8 infatti dotata di un censimento del patrimonio arboreo basato su sistema informativo territoriale, uno strumento dinamico e in costante aggiornamento che permette di pianificare in modo sempre pi\u00f9 preciso e mirato le manutenzioni. Un lavoro capillare, dunque, reso necessario anche dalla consistenza del patrimonio verde cittadino, un vero e proprio \u201ctesoro\u201d composto da migliaia di elementi distribuiti sul territorio urbano.<\/p>\n<p>\u201cPrendersi cura del verde urbano significa anche programmare, non intervenire solo in caso di emergenza \u2013 spiega l\u2019assessore all\u2019ambiente Lorenza De Kunovich -. Il censimento ci permette di conoscere lo stato di ogni pianta e di intervenire con anticipo, migliorando sicurezza, sostenibilit\u00e0 e qualit\u00e0 degli spazi pubblici. Tutto quello che viene fatto \u00e8 frutto di verifiche e analisi condotte da agronomi e dottori forestali incaricati dal Comune, a garanzia di scelte fondate su dati oggettivi e non su valutazioni soggettive. C\u2019\u00e8 una precisa volont\u00e0 di tutelare la salute pubblica e, allo stesso tempo, di preservare e valorizzare il verde urbano, che rappresenta un patrimonio fondamentale per la Citt\u00e0. Siamo consapevoli di quanto sia delicato intervenire sul verde e di quanto sia importante farlo con competenza e responsabilit\u00e0: per questo chiediamo ai cittadini fiducia nel lavoro delle istituzioni, che agiscono sempre sulla base di analisi approfondite e verificabili. Non solo, nei prossimi interventi nei luoghi pubblici sar\u00e0 posta grande attenzione al benessere delle alberature, affinch\u00e9 siano riservati spazi adeguati alla crescita e allo sviluppo sano. Va da s\u00e9 che in questo contesto, la ripiantumazione degli alberi in Citt\u00e0 assume un valore che va oltre il singolo intervento, perch\u00e9 \u00e8 parte di una visione pi\u00f9 strutturata e di ampio respiro\u201d.<\/p>\n<p><strong>GLI ABBATTIMENTI<\/strong><br \/>\nAll\u2019interno del Piano del Verde, ogni intervento parte da un\u2019analisi approfondita e da verifiche puntuali sullo stato delle alberature, con l\u2019obiettivo di prendersi cura nel modo migliore possibile del patrimonio esistente e, allo stesso tempo, garantire la sicurezza pubblica. Questo \u00e8 particolarmente importante in ambito urbano, dove gli alberi, spesso di grandi dimensioni, insistono su aree frequentate.<\/p>\n<p>Solo attraverso valutazioni tecniche condotte da professionisti qualificati, come agronomi e dottori forestali, \u00e8 possibile individuare eventuali criticit\u00e0 non sempre visibili a occhio nudo. Anche alberature apparentemente sane possono infatti presentare compromissioni strutturali o fitosanitarie tali da renderle instabili: in caso di vento forte, nevicate o anche in condizioni di apparente normalit\u00e0, rami pesanti o intere piante possono crollare, causando danni a persone, veicoli o edifici.<\/p>\n<p>Per questo motivo, gli abbattimenti disposti dal Comune di Belluno avvengono esclusivamente sulla base di verifiche tecniche approfondite e sono sempre finalizzati alla salvaguardia delle persone. Si tratta di interventi che rientrano in una gestione attenta e responsabile del verde pubblico e che, nella quasi totalit\u00e0 dei casi, sono accompagnati da nuove piantumazioni. Nulla viene fatto in modo arbitrario: ogni scelta \u00e8 supportata da dati oggettivi e da una visione complessiva che mette al centro la cura del verde e la sicurezza della comunit\u00e0.<\/p>\n<p>Con questo metodo si \u00e8 agito anche a Nogar\u00e8. Sulla base di uno studio condotto nel 2021 da un Dottore Forestale, esperto del settore, sono infatti stati valutati sotto il profilo della stabilit\u00e0 (analisi VTA) 23 esemplari arborei radicati all\u2019interno del Parco di Nogar\u00e8. Dall\u2019analisi effettuata \u00e8 emersa la necessit\u00e0 di abbattere 7 piante, identificate come soggetti a fine ciclo, in evidente fase di deperimento e con compromissioni strutturali e fitosanitarie tali da renderne inevitabile la rimozione. Contestualmente agli abbattimenti, sono state gi\u00e0 individuate le specie e le modalit\u00e0 di sostituzione per i nuovi impianti che verranno messi a dimora.<\/p>\n<p><strong>GIORNATA INTERNAZIONALE DELLE FORESTE<\/strong><br \/>\nL\u2019insieme di azioni messe in campo dall\u2019Amministrazione assumono un significato ancora pi\u00f9 forte con l\u2019avvio della primavera e in prossimit\u00e0 della Giornata internazionale delle foreste, celebrata il 21 marzo.<br \/>\nIstituita nel 2012 dall\u2019Assemblea Generale delle Nazioni Unite, la ricorrenza richiama l\u2019attenzione sul ruolo fondamentale delle foreste, non solo fonte di legname o prodotti naturali ma intese come sistemi complessi capaci di regolare il clima, conservare la biodiversit\u00e0, proteggere il suolo e sostenere milioni di persone.<\/p>\n<p>Il tema scelto per la Giornata 2026 \u00e8 \u201cForeste ed economie\u201d.<br \/>\nUn invito a riconoscere il valore delle risorse forestali anche in termini sociali ed economici: occupazione, sostentamento, resilienza delle comunit\u00e0.<\/p>\n<p>&nbsp;<\/p>","protected":false},"excerpt":{"rendered":"<p>Belluno, 20\/03\/2026 . Cura del verde urbano: sono in corso in questi giorni gli interventi di ripiantumazione lungo la viabilit\u00e0 del centro storico di Belluno, tra via Cavour, via Segato e Via Dante Alighieri \u201cLa ripiantumazione non \u00e8 solo un gesto simbolico, ma un investimento concreto sulla qualit\u00e0 della vita in Citt\u00e0 &#8211; sottolinea il [&hellip;]<\/p>\n","protected":false},"author":2,"featured_media":151884,"comment_status":"closed","ping_status":"open","sticky":false,"template":"","format":"standard","meta":{"footnotes":""},"categories":[26,8],"tags":[],"class_list":["post-168384","post","type-post","status-publish","format-standard","has-post-thumbnail","category-prima-pagina","category-societa-istituzioni"],"yoast_head":"<!-- This site is optimized with the Yoast SEO plugin v28.4 - https:\/\/yoast.com\/product\/yoast-seo-wordpress\/ -->\n<title>Verde urbano Belluno: in corso operazioni di ripiantumazione in centro - Bellunopress - Dolomiti<\/title>\n<meta name=\"robots\" content=\"index, follow, max-snippet:-1, max-image-preview:large, max-video-preview:-1\" \/>\n<link rel=\"canonical\" href=\"https:\/\/www.bellunopress.it\/fr\/2026\/03\/20\/verde-urbano-belluno-in-corso-operazioni-di-ripiantumazione-in-centro\/\" \/>\n<meta property=\"og:locale\" content=\"fr_FR\" \/>\n<meta property=\"og:type\" content=\"article\" \/>\n<meta property=\"og:title\" content=\"Verde urbano Belluno: in corso operazioni di ripiantumazione in centro - Bellunopress - Dolomiti\" \/>\n<meta property=\"og:description\" content=\"Belluno, 20\/03\/2026 . Cura del verde urbano: sono in corso in questi giorni gli interventi di ripiantumazione lungo la viabilit\u00e0 del centro storico di Belluno, tra via Cavour, via Segato e Via Dante Alighieri \u201cLa ripiantumazione non \u00e8 solo un gesto simbolico, ma un investimento concreto sulla qualit\u00e0 della vita in Citt\u00e0 &#8211; sottolinea il [&hellip;]\" \/>\n<meta property=\"og:url\" content=\"https:\/\/www.bellunopress.it\/fr\/2026\/03\/20\/verde-urbano-belluno-in-corso-operazioni-di-ripiantumazione-in-centro\/\" \/>\n<meta property=\"og:site_name\" content=\"Bellunopress - Dolomiti\" \/>\n<meta property=\"article:publisher\" content=\"https:\/\/www.facebook.com\/profile.php?id=100008943462799\" \/>\n<meta property=\"article:published_time\" content=\"2026-03-20T15:46:24+00:00\" \/>\n<meta property=\"og:image\" content=\"https:\/\/www.bellunopress.it\/wp-content\/uploads\/2024\/06\/Oscar-De-Pellegrin-sindaco_edited.jpg\" \/>\n\t<meta property=\"og:image:width\" content=\"979\" \/>\n\t<meta property=\"og:image:height\" content=\"1000\" \/>\n\t<meta property=\"og:image:type\" content=\"image\/jpeg\" \/>\n<meta name=\"author\" content=\"redazione\" \/>\n<meta name=\"twitter:card\" content=\"summary_large_image\" \/>\n<meta name=\"twitter:creator\" content=\"@bellunopress\" \/>\n<meta name=\"twitter:site\" content=\"@bellunopress\" \/>\n<meta name=\"twitter:label1\" content=\"\u00c9crit par\" \/>\n\t<meta name=\"twitter:data1\" content=\"redazione\" \/>\n\t<meta name=\"twitter:label2\" content=\"Dur\u00e9e de lecture estim\u00e9e\" \/>\n\t<meta name=\"twitter:data2\" content=\"5 minutes\" \/>\n<script type=\"application\/ld+json\" class=\"yoast-schema-graph\">{\"@context\":\"https:\\\/\\\/schema.org\",\"@graph\":[{\"@type\":\"Article\",\"@id\":\"https:\\\/\\\/www.bellunopress.it\\\/2026\\\/03\\\/20\\\/verde-urbano-belluno-in-corso-operazioni-di-ripiantumazione-in-centro\\\/#article\",\"isPartOf\":{\"@id\":\"https:\\\/\\\/www.bellunopress.it\\\/2026\\\/03\\\/20\\\/verde-urbano-belluno-in-corso-operazioni-di-ripiantumazione-in-centro\\\/\"},\"author\":{\"name\":\"redazione\",\"@id\":\"https:\\\/\\\/www.bellunopress.it\\\/#\\\/schema\\\/person\\\/79bb06722b37ece1c03d3e94beb30d73\"},\"headline\":\"Verde urbano Belluno: in corso operazioni di ripiantumazione in centro\",\"datePublished\":\"2026-03-20T15:46:24+00:00\",\"mainEntityOfPage\":{\"@id\":\"https:\\\/\\\/www.bellunopress.it\\\/2026\\\/03\\\/20\\\/verde-urbano-belluno-in-corso-operazioni-di-ripiantumazione-in-centro\\\/\"},\"wordCount\":925,\"publisher\":{\"@id\":\"https:\\\/\\\/www.bellunopress.it\\\/#organization\"},\"image\":{\"@id\":\"https:\\\/\\\/www.bellunopress.it\\\/2026\\\/03\\\/20\\\/verde-urbano-belluno-in-corso-operazioni-di-ripiantumazione-in-centro\\\/#primaryimage\"},\"thumbnailUrl\":\"https:\\\/\\\/www.bellunopress.it\\\/wp-content\\\/uploads\\\/2024\\\/06\\\/Oscar-De-Pellegrin-sindaco_edited.jpg\",\"articleSection\":[\"Prima Pagina\",\"Societ\u00e0, Associazioni, Istituzioni\"],\"inLanguage\":\"fr-FR\"},{\"@type\":\"WebPage\",\"@id\":\"https:\\\/\\\/www.bellunopress.it\\\/2026\\\/03\\\/20\\\/verde-urbano-belluno-in-corso-operazioni-di-ripiantumazione-in-centro\\\/\",\"url\":\"https:\\\/\\\/www.bellunopress.it\\\/2026\\\/03\\\/20\\\/verde-urbano-belluno-in-corso-operazioni-di-ripiantumazione-in-centro\\\/\",\"name\":\"Verde urbano Belluno: in corso operazioni di ripiantumazione in centro - Bellunopress - Dolomiti\",\"isPartOf\":{\"@id\":\"https:\\\/\\\/www.bellunopress.it\\\/#website\"},\"primaryImageOfPage\":{\"@id\":\"https:\\\/\\\/www.bellunopress.it\\\/2026\\\/03\\\/20\\\/verde-urbano-belluno-in-corso-operazioni-di-ripiantumazione-in-centro\\\/#primaryimage\"},\"image\":{\"@id\":\"https:\\\/\\\/www.bellunopress.it\\\/2026\\\/03\\\/20\\\/verde-urbano-belluno-in-corso-operazioni-di-ripiantumazione-in-centro\\\/#primaryimage\"},\"thumbnailUrl\":\"https:\\\/\\\/www.bellunopress.it\\\/wp-content\\\/uploads\\\/2024\\\/06\\\/Oscar-De-Pellegrin-sindaco_edited.jpg\",\"datePublished\":\"2026-03-20T15:46:24+00:00\",\"breadcrumb\":{\"@id\":\"https:\\\/\\\/www.bellunopress.it\\\/2026\\\/03\\\/20\\\/verde-urbano-belluno-in-corso-operazioni-di-ripiantumazione-in-centro\\\/#breadcrumb\"},\"inLanguage\":\"fr-FR\",\"potentialAction\":[{\"@type\":\"ReadAction\",\"target\":[\"https:\\\/\\\/www.bellunopress.it\\\/2026\\\/03\\\/20\\\/verde-urbano-belluno-in-corso-operazioni-di-ripiantumazione-in-centro\\\/\"]}]},{\"@type\":\"ImageObject\",\"inLanguage\":\"fr-FR\",\"@id\":\"https:\\\/\\\/www.bellunopress.it\\\/2026\\\/03\\\/20\\\/verde-urbano-belluno-in-corso-operazioni-di-ripiantumazione-in-centro\\\/#primaryimage\",\"url\":\"https:\\\/\\\/www.bellunopress.it\\\/wp-content\\\/uploads\\\/2024\\\/06\\\/Oscar-De-Pellegrin-sindaco_edited.jpg\",\"contentUrl\":\"https:\\\/\\\/www.bellunopress.it\\\/wp-content\\\/uploads\\\/2024\\\/06\\\/Oscar-De-Pellegrin-sindaco_edited.jpg\",\"width\":979,\"height\":1000,\"caption\":\"Oscar De Pellegrin, sindaco di Belluno\"},{\"@type\":\"BreadcrumbList\",\"@id\":\"https:\\\/\\\/www.bellunopress.it\\\/2026\\\/03\\\/20\\\/verde-urbano-belluno-in-corso-operazioni-di-ripiantumazione-in-centro\\\/#breadcrumb\",\"itemListElement\":[{\"@type\":\"ListItem\",\"position\":1,\"name\":\"Home\",\"item\":\"https:\\\/\\\/www.bellunopress.it\\\/\"},{\"@type\":\"ListItem\",\"position\":2,\"name\":\"Verde urbano Belluno: in corso operazioni di ripiantumazione in centro\"}]},{\"@type\":\"WebSite\",\"@id\":\"https:\\\/\\\/www.bellunopress.it\\\/#website\",\"url\":\"https:\\\/\\\/www.bellunopress.it\\\/\",\"name\":\"Bellunopress - Dolomiti\",\"description\":\"e-mail: redazione@bellunopress.it\",\"publisher\":{\"@id\":\"https:\\\/\\\/www.bellunopress.it\\\/#organization\"},\"potentialAction\":[{\"@type\":\"SearchAction\",\"target\":{\"@type\":\"EntryPoint\",\"urlTemplate\":\"https:\\\/\\\/www.bellunopress.it\\\/?s={search_term_string}\"},\"query-input\":{\"@type\":\"PropertyValueSpecification\",\"valueRequired\":true,\"valueName\":\"search_term_string\"}}],\"inLanguage\":\"fr-FR\"},{\"@type\":\"Organization\",\"@id\":\"https:\\\/\\\/www.bellunopress.it\\\/#organization\",\"name\":\"Bellunopress\",\"url\":\"https:\\\/\\\/www.bellunopress.it\\\/\",\"logo\":{\"@type\":\"ImageObject\",\"inLanguage\":\"fr-FR\",\"@id\":\"https:\\\/\\\/www.bellunopress.it\\\/#\\\/schema\\\/logo\\\/image\\\/\",\"url\":\"https:\\\/\\\/www.bellunopress.it\\\/wp-content\\\/uploads\\\/2011\\\/05\\\/cropped-logo-bellunopress-.jpg\",\"contentUrl\":\"https:\\\/\\\/www.bellunopress.it\\\/wp-content\\\/uploads\\\/2011\\\/05\\\/cropped-logo-bellunopress-.jpg\",\"width\":512,\"height\":512,\"caption\":\"Bellunopress\"},\"image\":{\"@id\":\"https:\\\/\\\/www.bellunopress.it\\\/#\\\/schema\\\/logo\\\/image\\\/\"},\"sameAs\":[\"https:\\\/\\\/www.facebook.com\\\/profile.php?id=100008943462799\",\"https:\\\/\\\/x.com\\\/bellunopress\",\"https:\\\/\\\/www.linkedin.com\\\/hp\\\/?dnr=JBzUWaJfMUw8vbXJJ2tVW5-I3jZKvC4wsoxE&amp;amp;amp;amp;amp;amp;trk=nav_responsive_tab_home\",\"https:\\\/\\\/www.youtube.com\\\/channel\\\/UCxL0wu1uN0_3_7hGG0306cw\"]},{\"@type\":\"Person\",\"@id\":\"https:\\\/\\\/www.bellunopress.it\\\/#\\\/schema\\\/person\\\/79bb06722b37ece1c03d3e94beb30d73\",\"name\":\"redazione\",\"image\":{\"@type\":\"ImageObject\",\"inLanguage\":\"fr-FR\",\"@id\":\"https:\\\/\\\/secure.gravatar.com\\\/avatar\\\/37d968a2e67a6fd04c169c4bdef102d0bc5d31b2546345219e348575eb80e9a0?s=96&d=mm&r=g\",\"url\":\"https:\\\/\\\/secure.gravatar.com\\\/avatar\\\/37d968a2e67a6fd04c169c4bdef102d0bc5d31b2546345219e348575eb80e9a0?s=96&d=mm&r=g\",\"contentUrl\":\"https:\\\/\\\/secure.gravatar.com\\\/avatar\\\/37d968a2e67a6fd04c169c4bdef102d0bc5d31b2546345219e348575eb80e9a0?s=96&d=mm&r=g\",\"caption\":\"redazione\"},\"sameAs\":[\"http:\\\/\\\/www.bellunopress.it\",\"https:\\\/\\\/x.com\\\/bellunopress\"],\"url\":\"https:\\\/\\\/www.bellunopress.it\\\/fr\\\/author\\\/redazione\\\/\"}]}<\/script>\n<!-- \/ Yoast SEO plugin. -->","yoast_head_json":{"title":"Verde urbano Belluno: in corso operazioni di ripiantumazione in centro - Bellunopress - Dolomiti","robots":{"index":"index","follow":"follow","max-snippet":"max-snippet:-1","max-image-preview":"max-image-preview:large","max-video-preview":"max-video-preview:-1"},"canonical":"https:\/\/www.bellunopress.it\/fr\/2026\/03\/20\/verde-urbano-belluno-in-corso-operazioni-di-ripiantumazione-in-centro\/","og_locale":"fr_FR","og_type":"article","og_title":"Verde urbano Belluno: in corso operazioni di ripiantumazione in centro - Bellunopress - Dolomiti","og_description":"Belluno, 20\/03\/2026 . Cura del verde urbano: sono in corso in questi giorni gli interventi di ripiantumazione lungo la viabilit\u00e0 del centro storico di Belluno, tra via Cavour, via Segato e Via Dante Alighieri \u201cLa ripiantumazione non \u00e8 solo un gesto simbolico, ma un investimento concreto sulla qualit\u00e0 della vita in Citt\u00e0 &#8211; sottolinea il [&hellip;]","og_url":"https:\/\/www.bellunopress.it\/fr\/2026\/03\/20\/verde-urbano-belluno-in-corso-operazioni-di-ripiantumazione-in-centro\/","og_site_name":"Bellunopress - Dolomiti","article_publisher":"https:\/\/www.facebook.com\/profile.php?id=100008943462799","article_published_time":"2026-03-20T15:46:24+00:00","og_image":[{"width":979,"height":1000,"url":"https:\/\/www.bellunopress.it\/wp-content\/uploads\/2024\/06\/Oscar-De-Pellegrin-sindaco_edited.jpg","type":"image\/jpeg"}],"author":"redazione","twitter_card":"summary_large_image","twitter_creator":"@bellunopress","twitter_site":"@bellunopress","twitter_misc":{"\u00c9crit par":"redazione","Dur\u00e9e de lecture estim\u00e9e":"5 minutes"},"schema":{"@context":"https:\/\/schema.org","@graph":[{"@type":"Article","@id":"https:\/\/www.bellunopress.it\/2026\/03\/20\/verde-urbano-belluno-in-corso-operazioni-di-ripiantumazione-in-centro\/#article","isPartOf":{"@id":"https:\/\/www.bellunopress.it\/2026\/03\/20\/verde-urbano-belluno-in-corso-operazioni-di-ripiantumazione-in-centro\/"},"author":{"name":"redazione","@id":"https:\/\/www.bellunopress.it\/#\/schema\/person\/79bb06722b37ece1c03d3e94beb30d73"},"headline":"Verde urbano Belluno: in corso operazioni di ripiantumazione in centro","datePublished":"2026-03-20T15:46:24+00:00","mainEntityOfPage":{"@id":"https:\/\/www.bellunopress.it\/2026\/03\/20\/verde-urbano-belluno-in-corso-operazioni-di-ripiantumazione-in-centro\/"},"wordCount":925,"publisher":{"@id":"https:\/\/www.bellunopress.it\/#organization"},"image":{"@id":"https:\/\/www.bellunopress.it\/2026\/03\/20\/verde-urbano-belluno-in-corso-operazioni-di-ripiantumazione-in-centro\/#primaryimage"},"thumbnailUrl":"https:\/\/www.bellunopress.it\/wp-content\/uploads\/2024\/06\/Oscar-De-Pellegrin-sindaco_edited.jpg","articleSection":["Prima Pagina","Societ\u00e0, Associazioni, Istituzioni"],"inLanguage":"fr-FR"},{"@type":"WebPage","@id":"https:\/\/www.bellunopress.it\/2026\/03\/20\/verde-urbano-belluno-in-corso-operazioni-di-ripiantumazione-in-centro\/","url":"https:\/\/www.bellunopress.it\/2026\/03\/20\/verde-urbano-belluno-in-corso-operazioni-di-ripiantumazione-in-centro\/","name":"Verde urbano Belluno: in corso operazioni di ripiantumazione in centro - Bellunopress - Dolomiti","isPartOf":{"@id":"https:\/\/www.bellunopress.it\/#website"},"primaryImageOfPage":{"@id":"https:\/\/www.bellunopress.it\/2026\/03\/20\/verde-urbano-belluno-in-corso-operazioni-di-ripiantumazione-in-centro\/#primaryimage"},"image":{"@id":"https:\/\/www.bellunopress.it\/2026\/03\/20\/verde-urbano-belluno-in-corso-operazioni-di-ripiantumazione-in-centro\/#primaryimage"},"thumbnailUrl":"https:\/\/www.bellunopress.it\/wp-content\/uploads\/2024\/06\/Oscar-De-Pellegrin-sindaco_edited.jpg","datePublished":"2026-03-20T15:46:24+00:00","breadcrumb":{"@id":"https:\/\/www.bellunopress.it\/2026\/03\/20\/verde-urbano-belluno-in-corso-operazioni-di-ripiantumazione-in-centro\/#breadcrumb"},"inLanguage":"fr-FR","potentialAction":[{"@type":"ReadAction","target":["https:\/\/www.bellunopress.it\/2026\/03\/20\/verde-urbano-belluno-in-corso-operazioni-di-ripiantumazione-in-centro\/"]}]},{"@type":"ImageObject","inLanguage":"fr-FR","@id":"https:\/\/www.bellunopress.it\/2026\/03\/20\/verde-urbano-belluno-in-corso-operazioni-di-ripiantumazione-in-centro\/#primaryimage","url":"https:\/\/www.bellunopress.it\/wp-content\/uploads\/2024\/06\/Oscar-De-Pellegrin-sindaco_edited.jpg","contentUrl":"https:\/\/www.bellunopress.it\/wp-content\/uploads\/2024\/06\/Oscar-De-Pellegrin-sindaco_edited.jpg","width":979,"height":1000,"caption":"Oscar De Pellegrin, sindaco di Belluno"},{"@type":"BreadcrumbList","@id":"https:\/\/www.bellunopress.it\/2026\/03\/20\/verde-urbano-belluno-in-corso-operazioni-di-ripiantumazione-in-centro\/#breadcrumb","itemListElement":[{"@type":"ListItem","position":1,"name":"Home","item":"https:\/\/www.bellunopress.it\/"},{"@type":"ListItem","position":2,"name":"Verde urbano Belluno: in corso operazioni di ripiantumazione in centro"}]},{"@type":"WebSite","@id":"https:\/\/www.bellunopress.it\/#website","url":"https:\/\/www.bellunopress.it\/","name":"Bellunopress - Dolomiti","description":"e-mail: redazione@bellunopress.it","publisher":{"@id":"https:\/\/www.bellunopress.it\/#organization"},"potentialAction":[{"@type":"SearchAction","target":{"@type":"EntryPoint","urlTemplate":"https:\/\/www.bellunopress.it\/?s={search_term_string}"},"query-input":{"@type":"PropertyValueSpecification","valueRequired":true,"valueName":"search_term_string"}}],"inLanguage":"fr-FR"},{"@type":"Organization","@id":"https:\/\/www.bellunopress.it\/#organization","name":"Bellunopress","url":"https:\/\/www.bellunopress.it\/","logo":{"@type":"ImageObject","inLanguage":"fr-FR","@id":"https:\/\/www.bellunopress.it\/#\/schema\/logo\/image\/","url":"https:\/\/www.bellunopress.it\/wp-content\/uploads\/2011\/05\/cropped-logo-bellunopress-.jpg","contentUrl":"https:\/\/www.bellunopress.it\/wp-content\/uploads\/2011\/05\/cropped-logo-bellunopress-.jpg","width":512,"height":512,"caption":"Bellunopress"},"image":{"@id":"https:\/\/www.bellunopress.it\/#\/schema\/logo\/image\/"},"sameAs":["https:\/\/www.facebook.com\/profile.php?id=100008943462799","https:\/\/x.com\/bellunopress","https:\/\/www.linkedin.com\/hp\/?dnr=JBzUWaJfMUw8vbXJJ2tVW5-I3jZKvC4wsoxE&amp;amp;amp;amp;amp;amp;trk=nav_responsive_tab_home","https:\/\/www.youtube.com\/channel\/UCxL0wu1uN0_3_7hGG0306cw"]},{"@type":"Person","@id":"https:\/\/www.bellunopress.it\/#\/schema\/person\/79bb06722b37ece1c03d3e94beb30d73","name":"r\u00e9daction","image":{"@type":"ImageObject","inLanguage":"fr-FR","@id":"https:\/\/secure.gravatar.com\/avatar\/37d968a2e67a6fd04c169c4bdef102d0bc5d31b2546345219e348575eb80e9a0?s=96&d=mm&r=g","url":"https:\/\/secure.gravatar.com\/avatar\/37d968a2e67a6fd04c169c4bdef102d0bc5d31b2546345219e348575eb80e9a0?s=96&d=mm&r=g","contentUrl":"https:\/\/secure.gravatar.com\/avatar\/37d968a2e67a6fd04c169c4bdef102d0bc5d31b2546345219e348575eb80e9a0?s=96&d=mm&r=g","caption":"redazione"},"sameAs":["http:\/\/www.bellunopress.it","https:\/\/x.com\/bellunopress"],"url":"https:\/\/www.bellunopress.it\/fr\/author\/redazione\/"}]}},"_links":{"self":[{"href":"https:\/\/www.bellunopress.it\/fr\/wp-json\/wp\/v2\/posts\/168384","targetHints":{"allow":["GET"]}}],"collection":[{"href":"https:\/\/www.bellunopress.it\/fr\/wp-json\/wp\/v2\/posts"}],"about":[{"href":"https:\/\/www.bellunopress.it\/fr\/wp-json\/wp\/v2\/types\/post"}],"author":[{"embeddable":true,"href":"https:\/\/www.bellunopress.it\/fr\/wp-json\/wp\/v2\/users\/2"}],"replies":[{"embeddable":true,"href":"https:\/\/www.bellunopress.it\/fr\/wp-json\/wp\/v2\/comments?post=168384"}],"version-history":[{"count":1,"href":"https:\/\/www.bellunopress.it\/fr\/wp-json\/wp\/v2\/posts\/168384\/revisions"}],"predecessor-version":[{"id":168385,"href":"https:\/\/www.bellunopress.it\/fr\/wp-json\/wp\/v2\/posts\/168384\/revisions\/168385"}],"wp:featuredmedia":[{"embeddable":true,"href":"https:\/\/www.bellunopress.it\/fr\/wp-json\/wp\/v2\/media\/151884"}],"wp:attachment":[{"href":"https:\/\/www.bellunopress.it\/fr\/wp-json\/wp\/v2\/media?parent=168384"}],"wp:term":[{"taxonomy":"category","embeddable":true,"href":"https:\/\/www.bellunopress.it\/fr\/wp-json\/wp\/v2\/categories?post=168384"},{"taxonomy":"post_tag","embeddable":true,"href":"https:\/\/www.bellunopress.it\/fr\/wp-json\/wp\/v2\/tags?post=168384"}],"curies":[{"name":"wp","href":"https:\/\/api.w.org\/{rel}","templated":true}]}}