{"id":168378,"date":"2026-03-20T13:52:00","date_gmt":"2026-03-20T12:52:00","guid":{"rendered":"https:\/\/www.bellunopress.it\/?p=168378"},"modified":"2026-03-20T13:52:00","modified_gmt":"2026-03-20T12:52:00","slug":"pubblicata-la-graduatoria-dei-nuovi-contributi-regionali-per-il-cinema-e-laudiovisivo","status":"publish","type":"post","link":"https:\/\/www.bellunopress.it\/fr\/2026\/03\/20\/pubblicata-la-graduatoria-dei-nuovi-contributi-regionali-per-il-cinema-e-laudiovisivo\/","title":{"rendered":"Pubblicata la graduatoria dei nuovi contributi regionali per il cinema e l\u2019audiovisivo"},"content":{"rendered":"<p><strong>Mantovan: \u201cLa Regione del Veneto sostiene produzioni di qualit\u00e0 e di respiro internazionale\u201d<\/strong><\/p>\n<p>Venezia, 20 marzo 2026\u00a0 &#8211;\u00a0\u00a0\u201cLa Regione conferma il proprio impegno a sostegno dell\u2019industria culturale e creativa: con decreto di AVEPA \u00e8 stata approvata la graduatoria del secondo sportello del bando dedicato alla produzione cinematografica e audiovisiva, nell\u2019ambito del PR FESR 2021-2027, per un investimento complessivo di 3 milioni di euro e con ricadute stimate sul territorio di 8 milioni di cui il 50% riservato ai professionisti del Veneto. Il ritorno complessivo, sommando anche le ricadute del primo sportello, ammonta pertanto ad un totale di quasi 17 milioni\u201d, annuncia l\u2019assessore alla Cultura, Valeria Mantovan.<\/p>\n<p>\u201cSi tratta di un intervento strategico \u2013 sottolinea l\u2019Assessore \u2013 che rafforza il posizionamento del Veneto come territorio attrattivo per le grandi produzioni e come laboratorio creativo per il cinema contemporaneo. Ci stiamo impegnando, con il supporto della Veneto Film Commission, a sostenere sempre pi\u00f9 il settore audiovisivo perch\u00e9 vogliamo generare valore culturale, occupazione qualificata e promozione internazionale del nostro territorio. Complessivamente, sono stati finanziati 14 progetti tra lungometraggi, serie e opere audiovisive, selezionati attraverso un rigoroso processo di valutazione che ha premiato qualit\u00e0 artistica, sostenibilit\u00e0 produttiva e ricadute sul territorio veneto\u201d.<\/p>\n<p>Tra i progetti finanziati emergono opere di particolare rilievo artistico e produttivo, a partire dal lungometraggio Rivo Alto, diretto dal giovane talento francese Cl\u00e9ment Cogitore e prodotto da Kino Produzioni, che ha ottenuto un contributo di 350 mila euro: \u201csi tratta di un suggestivo affresco sul mito epico della nascita di Venezia girato tra le valli da pesca e i paesaggi lagunari della Serenissima\u201d, aggiunge Mantovan.<\/p>\n<p>Di grande interesse anche la serialit\u00e0, con la seconda edizione di Stucky, nuova stagione della serie prodotta da Rosamont, diretta da Ivano De Matteo e interpretata da Giuseppe Battiston nei panni dell&#8217;ispettore, sostenuta con un contributo di 490 mila euro: \u201cun progetto che consolida la capacit\u00e0 del Veneto di attrarre, in questo caso a Treviso, produzioni seriali di qualit\u00e0, sempre pi\u00f9 centrali nel panorama audiovisivo contemporaneo e che registrano ascolti importanti\u201d, prosegue l\u2019Assessore.<\/p>\n<p>\u201cTra i lungometraggi sostenuti figura, inoltre, un progetto a cui tengo particolarmente, girato tra le province di Padova, Venezia e il Polesine. Perch\u00e9 Se domani non torno di Paola Randi racconta con delicatezza e profondit\u00e0 una vicenda che ha segnato intimamente le nostre comunit\u00e0 e l\u2019Italia intera: la tragica storia di Giulia Cecchettin ci richiama tutti a una responsabilit\u00e0 collettiva, quella di non restare indifferenti e di continuare a promuovere, anche attraverso il cinema, una cultura del rispetto, della consapevolezza e del contrasto alla violenza\u201d, evidenzia Mantovan. Il film \u00e8 prodotto da Notorious Pictures ed ha ottenuto un finanziamento di oltre 339 mila euro.<\/p>\n<p>\u201cTutti i progetti approvati \u2013 conclude Mantovan \u2013 rappresentano perfettamente la qualit\u00e0 e la variet\u00e0 dell\u2019offerta sostenuta dalla Regione: dal cinema d\u2019autore alla serialit\u00e0, fino alle nuove forme di narrazione audiovisiva. Il nostro obiettivo \u00e8 accompagnare l\u2019intera filiera, valorizzando competenze, professionalit\u00e0 e territori. Il Veneto continua a investire nella cultura come leva di sviluppo: il sostegno al cinema e all\u2019audiovisivo \u00e8 una scelta concreta per costruire opportunit\u00e0, attrarre investimenti e raccontare al mondo l\u2019identit\u00e0 e la bellezza della nostra meravigliosa regione\u201d.<\/p>\n<p>Il link ai provvedimenti:<\/p>\n<blockquote class=\"wp-embedded-content\" data-secret=\"F7X2EKdZiX\"><p><a href=\"https:\/\/venetofilmcommission.com\/it\/risultati-progetti-beneficiari-ii-finestra-2025-bando-pr-fesr-2021-2027-regione-del-veneto\/\">Risultati progetti Beneficiari II finestra 2025 Bando PR-FESR 2021-2027 Regione del Veneto-<\/a><\/p><\/blockquote>\n<p><iframe loading=\"lazy\" class=\"wp-embedded-content\" sandbox=\"allow-scripts\" security=\"restricted\" style=\"position: absolute; visibility: hidden;\" title=\"&#8220;Risultati progetti Beneficiari II finestra 2025 Bando PR-FESR 2021-2027 Regione del Veneto-&#8221; &#8212; Veneto Film Commission\" src=\"https:\/\/venetofilmcommission.com\/it\/risultati-progetti-beneficiari-ii-finestra-2025-bando-pr-fesr-2021-2027-regione-del-veneto\/embed\/#?secret=Gkibk3RAR5#?secret=F7X2EKdZiX\" data-secret=\"F7X2EKdZiX\" width=\"600\" height=\"338\" frameborder=\"0\" marginwidth=\"0\" marginheight=\"0\" scrolling=\"no\"><\/iframe><\/p>","protected":false},"excerpt":{"rendered":"<p>Mantovan: \u201cLa Regione del Veneto sostiene produzioni di qualit\u00e0 e di respiro internazionale\u201d Venezia, 20 marzo 2026\u00a0 &#8211;\u00a0\u00a0\u201cLa Regione conferma il proprio impegno a sostegno dell\u2019industria culturale e creativa: con decreto di AVEPA \u00e8 stata approvata la graduatoria del secondo sportello del bando dedicato alla produzione cinematografica e audiovisiva, nell\u2019ambito del PR FESR 2021-2027, per [&hellip;]<\/p>\n","protected":false},"author":2,"featured_media":123525,"comment_status":"closed","ping_status":"open","sticky":false,"template":"","format":"standard","meta":{"footnotes":""},"categories":[3,5],"tags":[],"class_list":["post-168378","post","type-post","status-publish","format-standard","has-post-thumbnail","category-arte-cultura-spettacoli-scienza-archivi","category-cronaca"],"yoast_head":"<!-- This site is optimized with the Yoast SEO plugin v28.4 - https:\/\/yoast.com\/product\/yoast-seo-wordpress\/ -->\n<title>Pubblicata la graduatoria dei nuovi contributi regionali per il cinema e l\u2019audiovisivo - Bellunopress - Dolomiti<\/title>\n<meta name=\"robots\" content=\"index, follow, max-snippet:-1, max-image-preview:large, max-video-preview:-1\" \/>\n<link rel=\"canonical\" href=\"https:\/\/www.bellunopress.it\/fr\/2026\/03\/20\/pubblicata-la-graduatoria-dei-nuovi-contributi-regionali-per-il-cinema-e-laudiovisivo\/\" \/>\n<meta property=\"og:locale\" content=\"fr_FR\" \/>\n<meta property=\"og:type\" content=\"article\" \/>\n<meta property=\"og:title\" content=\"Pubblicata la graduatoria dei nuovi contributi regionali per il cinema e l\u2019audiovisivo - Bellunopress - Dolomiti\" \/>\n<meta property=\"og:description\" content=\"Mantovan: \u201cLa Regione del Veneto sostiene produzioni di qualit\u00e0 e di respiro internazionale\u201d Venezia, 20 marzo 2026\u00a0 &#8211;\u00a0\u00a0\u201cLa Regione conferma il proprio impegno a sostegno dell\u2019industria culturale e creativa: con decreto di AVEPA \u00e8 stata approvata la graduatoria del secondo sportello del bando dedicato alla produzione cinematografica e audiovisiva, nell\u2019ambito del PR FESR 2021-2027, per [&hellip;]\" \/>\n<meta property=\"og:url\" content=\"https:\/\/www.bellunopress.it\/fr\/2026\/03\/20\/pubblicata-la-graduatoria-dei-nuovi-contributi-regionali-per-il-cinema-e-laudiovisivo\/\" \/>\n<meta property=\"og:site_name\" content=\"Bellunopress - Dolomiti\" \/>\n<meta property=\"article:publisher\" content=\"https:\/\/www.facebook.com\/profile.php?id=100008943462799\" \/>\n<meta property=\"article:published_time\" content=\"2026-03-20T12:52:00+00:00\" \/>\n<meta property=\"og:image\" content=\"https:\/\/www.bellunopress.it\/wp-content\/uploads\/2021\/04\/cinema_edited.jpg\" \/>\n\t<meta property=\"og:image:width\" content=\"523\" \/>\n\t<meta property=\"og:image:height\" content=\"366\" \/>\n\t<meta property=\"og:image:type\" content=\"image\/jpeg\" \/>\n<meta name=\"author\" content=\"redazione\" \/>\n<meta name=\"twitter:card\" content=\"summary_large_image\" \/>\n<meta name=\"twitter:creator\" content=\"@bellunopress\" \/>\n<meta name=\"twitter:site\" content=\"@bellunopress\" \/>\n<meta name=\"twitter:label1\" content=\"\u00c9crit par\" \/>\n\t<meta name=\"twitter:data1\" content=\"redazione\" \/>\n\t<meta name=\"twitter:label2\" content=\"Dur\u00e9e de lecture estim\u00e9e\" \/>\n\t<meta name=\"twitter:data2\" content=\"3 minutes\" \/>\n<script type=\"application\/ld+json\" class=\"yoast-schema-graph\">{\"@context\":\"https:\\\/\\\/schema.org\",\"@graph\":[{\"@type\":\"Article\",\"@id\":\"https:\\\/\\\/www.bellunopress.it\\\/2026\\\/03\\\/20\\\/pubblicata-la-graduatoria-dei-nuovi-contributi-regionali-per-il-cinema-e-laudiovisivo\\\/#article\",\"isPartOf\":{\"@id\":\"https:\\\/\\\/www.bellunopress.it\\\/2026\\\/03\\\/20\\\/pubblicata-la-graduatoria-dei-nuovi-contributi-regionali-per-il-cinema-e-laudiovisivo\\\/\"},\"author\":{\"name\":\"redazione\",\"@id\":\"https:\\\/\\\/www.bellunopress.it\\\/#\\\/schema\\\/person\\\/79bb06722b37ece1c03d3e94beb30d73\"},\"headline\":\"Pubblicata la graduatoria dei nuovi contributi regionali per il cinema e l\u2019audiovisivo\",\"datePublished\":\"2026-03-20T12:52:00+00:00\",\"mainEntityOfPage\":{\"@id\":\"https:\\\/\\\/www.bellunopress.it\\\/2026\\\/03\\\/20\\\/pubblicata-la-graduatoria-dei-nuovi-contributi-regionali-per-il-cinema-e-laudiovisivo\\\/\"},\"wordCount\":543,\"publisher\":{\"@id\":\"https:\\\/\\\/www.bellunopress.it\\\/#organization\"},\"image\":{\"@id\":\"https:\\\/\\\/www.bellunopress.it\\\/2026\\\/03\\\/20\\\/pubblicata-la-graduatoria-dei-nuovi-contributi-regionali-per-il-cinema-e-laudiovisivo\\\/#primaryimage\"},\"thumbnailUrl\":\"https:\\\/\\\/www.bellunopress.it\\\/wp-content\\\/uploads\\\/2021\\\/04\\\/cinema_edited.jpg\",\"articleSection\":[\"Arte, Cultura, Spettacoli, Scienza\",\"Cronaca\\\/Politica\"],\"inLanguage\":\"fr-FR\"},{\"@type\":\"WebPage\",\"@id\":\"https:\\\/\\\/www.bellunopress.it\\\/2026\\\/03\\\/20\\\/pubblicata-la-graduatoria-dei-nuovi-contributi-regionali-per-il-cinema-e-laudiovisivo\\\/\",\"url\":\"https:\\\/\\\/www.bellunopress.it\\\/2026\\\/03\\\/20\\\/pubblicata-la-graduatoria-dei-nuovi-contributi-regionali-per-il-cinema-e-laudiovisivo\\\/\",\"name\":\"Pubblicata la graduatoria dei nuovi contributi regionali per il cinema e l\u2019audiovisivo - Bellunopress - Dolomiti\",\"isPartOf\":{\"@id\":\"https:\\\/\\\/www.bellunopress.it\\\/#website\"},\"primaryImageOfPage\":{\"@id\":\"https:\\\/\\\/www.bellunopress.it\\\/2026\\\/03\\\/20\\\/pubblicata-la-graduatoria-dei-nuovi-contributi-regionali-per-il-cinema-e-laudiovisivo\\\/#primaryimage\"},\"image\":{\"@id\":\"https:\\\/\\\/www.bellunopress.it\\\/2026\\\/03\\\/20\\\/pubblicata-la-graduatoria-dei-nuovi-contributi-regionali-per-il-cinema-e-laudiovisivo\\\/#primaryimage\"},\"thumbnailUrl\":\"https:\\\/\\\/www.bellunopress.it\\\/wp-content\\\/uploads\\\/2021\\\/04\\\/cinema_edited.jpg\",\"datePublished\":\"2026-03-20T12:52:00+00:00\",\"breadcrumb\":{\"@id\":\"https:\\\/\\\/www.bellunopress.it\\\/2026\\\/03\\\/20\\\/pubblicata-la-graduatoria-dei-nuovi-contributi-regionali-per-il-cinema-e-laudiovisivo\\\/#breadcrumb\"},\"inLanguage\":\"fr-FR\",\"potentialAction\":[{\"@type\":\"ReadAction\",\"target\":[\"https:\\\/\\\/www.bellunopress.it\\\/2026\\\/03\\\/20\\\/pubblicata-la-graduatoria-dei-nuovi-contributi-regionali-per-il-cinema-e-laudiovisivo\\\/\"]}]},{\"@type\":\"ImageObject\",\"inLanguage\":\"fr-FR\",\"@id\":\"https:\\\/\\\/www.bellunopress.it\\\/2026\\\/03\\\/20\\\/pubblicata-la-graduatoria-dei-nuovi-contributi-regionali-per-il-cinema-e-laudiovisivo\\\/#primaryimage\",\"url\":\"https:\\\/\\\/www.bellunopress.it\\\/wp-content\\\/uploads\\\/2021\\\/04\\\/cinema_edited.jpg\",\"contentUrl\":\"https:\\\/\\\/www.bellunopress.it\\\/wp-content\\\/uploads\\\/2021\\\/04\\\/cinema_edited.jpg\",\"width\":523,\"height\":366},{\"@type\":\"BreadcrumbList\",\"@id\":\"https:\\\/\\\/www.bellunopress.it\\\/2026\\\/03\\\/20\\\/pubblicata-la-graduatoria-dei-nuovi-contributi-regionali-per-il-cinema-e-laudiovisivo\\\/#breadcrumb\",\"itemListElement\":[{\"@type\":\"ListItem\",\"position\":1,\"name\":\"Home\",\"item\":\"https:\\\/\\\/www.bellunopress.it\\\/\"},{\"@type\":\"ListItem\",\"position\":2,\"name\":\"Pubblicata la graduatoria dei nuovi contributi regionali per il cinema e l\u2019audiovisivo\"}]},{\"@type\":\"WebSite\",\"@id\":\"https:\\\/\\\/www.bellunopress.it\\\/#website\",\"url\":\"https:\\\/\\\/www.bellunopress.it\\\/\",\"name\":\"Bellunopress - Dolomiti\",\"description\":\"e-mail: redazione@bellunopress.it\",\"publisher\":{\"@id\":\"https:\\\/\\\/www.bellunopress.it\\\/#organization\"},\"potentialAction\":[{\"@type\":\"SearchAction\",\"target\":{\"@type\":\"EntryPoint\",\"urlTemplate\":\"https:\\\/\\\/www.bellunopress.it\\\/?s={search_term_string}\"},\"query-input\":{\"@type\":\"PropertyValueSpecification\",\"valueRequired\":true,\"valueName\":\"search_term_string\"}}],\"inLanguage\":\"fr-FR\"},{\"@type\":\"Organization\",\"@id\":\"https:\\\/\\\/www.bellunopress.it\\\/#organization\",\"name\":\"Bellunopress\",\"url\":\"https:\\\/\\\/www.bellunopress.it\\\/\",\"logo\":{\"@type\":\"ImageObject\",\"inLanguage\":\"fr-FR\",\"@id\":\"https:\\\/\\\/www.bellunopress.it\\\/#\\\/schema\\\/logo\\\/image\\\/\",\"url\":\"https:\\\/\\\/www.bellunopress.it\\\/wp-content\\\/uploads\\\/2011\\\/05\\\/cropped-logo-bellunopress-.jpg\",\"contentUrl\":\"https:\\\/\\\/www.bellunopress.it\\\/wp-content\\\/uploads\\\/2011\\\/05\\\/cropped-logo-bellunopress-.jpg\",\"width\":512,\"height\":512,\"caption\":\"Bellunopress\"},\"image\":{\"@id\":\"https:\\\/\\\/www.bellunopress.it\\\/#\\\/schema\\\/logo\\\/image\\\/\"},\"sameAs\":[\"https:\\\/\\\/www.facebook.com\\\/profile.php?id=100008943462799\",\"https:\\\/\\\/x.com\\\/bellunopress\",\"https:\\\/\\\/www.linkedin.com\\\/hp\\\/?dnr=JBzUWaJfMUw8vbXJJ2tVW5-I3jZKvC4wsoxE&amp;amp;amp;amp;amp;amp;trk=nav_responsive_tab_home\",\"https:\\\/\\\/www.youtube.com\\\/channel\\\/UCxL0wu1uN0_3_7hGG0306cw\"]},{\"@type\":\"Person\",\"@id\":\"https:\\\/\\\/www.bellunopress.it\\\/#\\\/schema\\\/person\\\/79bb06722b37ece1c03d3e94beb30d73\",\"name\":\"redazione\",\"image\":{\"@type\":\"ImageObject\",\"inLanguage\":\"fr-FR\",\"@id\":\"https:\\\/\\\/secure.gravatar.com\\\/avatar\\\/37d968a2e67a6fd04c169c4bdef102d0bc5d31b2546345219e348575eb80e9a0?s=96&d=mm&r=g\",\"url\":\"https:\\\/\\\/secure.gravatar.com\\\/avatar\\\/37d968a2e67a6fd04c169c4bdef102d0bc5d31b2546345219e348575eb80e9a0?s=96&d=mm&r=g\",\"contentUrl\":\"https:\\\/\\\/secure.gravatar.com\\\/avatar\\\/37d968a2e67a6fd04c169c4bdef102d0bc5d31b2546345219e348575eb80e9a0?s=96&d=mm&r=g\",\"caption\":\"redazione\"},\"sameAs\":[\"http:\\\/\\\/www.bellunopress.it\",\"https:\\\/\\\/x.com\\\/bellunopress\"],\"url\":\"https:\\\/\\\/www.bellunopress.it\\\/fr\\\/author\\\/redazione\\\/\"}]}<\/script>\n<!-- \/ Yoast SEO plugin. -->","yoast_head_json":{"title":"Pubblicata la graduatoria dei nuovi contributi regionali per il cinema e l\u2019audiovisivo - Bellunopress - Dolomiti","robots":{"index":"index","follow":"follow","max-snippet":"max-snippet:-1","max-image-preview":"max-image-preview:large","max-video-preview":"max-video-preview:-1"},"canonical":"https:\/\/www.bellunopress.it\/fr\/2026\/03\/20\/pubblicata-la-graduatoria-dei-nuovi-contributi-regionali-per-il-cinema-e-laudiovisivo\/","og_locale":"fr_FR","og_type":"article","og_title":"Pubblicata la graduatoria dei nuovi contributi regionali per il cinema e l\u2019audiovisivo - Bellunopress - Dolomiti","og_description":"Mantovan: \u201cLa Regione del Veneto sostiene produzioni di qualit\u00e0 e di respiro internazionale\u201d Venezia, 20 marzo 2026\u00a0 &#8211;\u00a0\u00a0\u201cLa Regione conferma il proprio impegno a sostegno dell\u2019industria culturale e creativa: con decreto di AVEPA \u00e8 stata approvata la graduatoria del secondo sportello del bando dedicato alla produzione cinematografica e audiovisiva, nell\u2019ambito del PR FESR 2021-2027, per [&hellip;]","og_url":"https:\/\/www.bellunopress.it\/fr\/2026\/03\/20\/pubblicata-la-graduatoria-dei-nuovi-contributi-regionali-per-il-cinema-e-laudiovisivo\/","og_site_name":"Bellunopress - Dolomiti","article_publisher":"https:\/\/www.facebook.com\/profile.php?id=100008943462799","article_published_time":"2026-03-20T12:52:00+00:00","og_image":[{"width":523,"height":366,"url":"https:\/\/www.bellunopress.it\/wp-content\/uploads\/2021\/04\/cinema_edited.jpg","type":"image\/jpeg"}],"author":"redazione","twitter_card":"summary_large_image","twitter_creator":"@bellunopress","twitter_site":"@bellunopress","twitter_misc":{"\u00c9crit par":"redazione","Dur\u00e9e de lecture estim\u00e9e":"3 minutes"},"schema":{"@context":"https:\/\/schema.org","@graph":[{"@type":"Article","@id":"https:\/\/www.bellunopress.it\/2026\/03\/20\/pubblicata-la-graduatoria-dei-nuovi-contributi-regionali-per-il-cinema-e-laudiovisivo\/#article","isPartOf":{"@id":"https:\/\/www.bellunopress.it\/2026\/03\/20\/pubblicata-la-graduatoria-dei-nuovi-contributi-regionali-per-il-cinema-e-laudiovisivo\/"},"author":{"name":"redazione","@id":"https:\/\/www.bellunopress.it\/#\/schema\/person\/79bb06722b37ece1c03d3e94beb30d73"},"headline":"Pubblicata la graduatoria dei nuovi contributi regionali per il cinema e l\u2019audiovisivo","datePublished":"2026-03-20T12:52:00+00:00","mainEntityOfPage":{"@id":"https:\/\/www.bellunopress.it\/2026\/03\/20\/pubblicata-la-graduatoria-dei-nuovi-contributi-regionali-per-il-cinema-e-laudiovisivo\/"},"wordCount":543,"publisher":{"@id":"https:\/\/www.bellunopress.it\/#organization"},"image":{"@id":"https:\/\/www.bellunopress.it\/2026\/03\/20\/pubblicata-la-graduatoria-dei-nuovi-contributi-regionali-per-il-cinema-e-laudiovisivo\/#primaryimage"},"thumbnailUrl":"https:\/\/www.bellunopress.it\/wp-content\/uploads\/2021\/04\/cinema_edited.jpg","articleSection":["Arte, Cultura, Spettacoli, Scienza","Cronaca\/Politica"],"inLanguage":"fr-FR"},{"@type":"WebPage","@id":"https:\/\/www.bellunopress.it\/2026\/03\/20\/pubblicata-la-graduatoria-dei-nuovi-contributi-regionali-per-il-cinema-e-laudiovisivo\/","url":"https:\/\/www.bellunopress.it\/2026\/03\/20\/pubblicata-la-graduatoria-dei-nuovi-contributi-regionali-per-il-cinema-e-laudiovisivo\/","name":"Pubblicata la graduatoria dei nuovi contributi regionali per il cinema e l\u2019audiovisivo - Bellunopress - Dolomiti","isPartOf":{"@id":"https:\/\/www.bellunopress.it\/#website"},"primaryImageOfPage":{"@id":"https:\/\/www.bellunopress.it\/2026\/03\/20\/pubblicata-la-graduatoria-dei-nuovi-contributi-regionali-per-il-cinema-e-laudiovisivo\/#primaryimage"},"image":{"@id":"https:\/\/www.bellunopress.it\/2026\/03\/20\/pubblicata-la-graduatoria-dei-nuovi-contributi-regionali-per-il-cinema-e-laudiovisivo\/#primaryimage"},"thumbnailUrl":"https:\/\/www.bellunopress.it\/wp-content\/uploads\/2021\/04\/cinema_edited.jpg","datePublished":"2026-03-20T12:52:00+00:00","breadcrumb":{"@id":"https:\/\/www.bellunopress.it\/2026\/03\/20\/pubblicata-la-graduatoria-dei-nuovi-contributi-regionali-per-il-cinema-e-laudiovisivo\/#breadcrumb"},"inLanguage":"fr-FR","potentialAction":[{"@type":"ReadAction","target":["https:\/\/www.bellunopress.it\/2026\/03\/20\/pubblicata-la-graduatoria-dei-nuovi-contributi-regionali-per-il-cinema-e-laudiovisivo\/"]}]},{"@type":"ImageObject","inLanguage":"fr-FR","@id":"https:\/\/www.bellunopress.it\/2026\/03\/20\/pubblicata-la-graduatoria-dei-nuovi-contributi-regionali-per-il-cinema-e-laudiovisivo\/#primaryimage","url":"https:\/\/www.bellunopress.it\/wp-content\/uploads\/2021\/04\/cinema_edited.jpg","contentUrl":"https:\/\/www.bellunopress.it\/wp-content\/uploads\/2021\/04\/cinema_edited.jpg","width":523,"height":366},{"@type":"BreadcrumbList","@id":"https:\/\/www.bellunopress.it\/2026\/03\/20\/pubblicata-la-graduatoria-dei-nuovi-contributi-regionali-per-il-cinema-e-laudiovisivo\/#breadcrumb","itemListElement":[{"@type":"ListItem","position":1,"name":"Home","item":"https:\/\/www.bellunopress.it\/"},{"@type":"ListItem","position":2,"name":"Pubblicata la graduatoria dei nuovi contributi regionali per il cinema e l\u2019audiovisivo"}]},{"@type":"WebSite","@id":"https:\/\/www.bellunopress.it\/#website","url":"https:\/\/www.bellunopress.it\/","name":"Bellunopress - Dolomiti","description":"e-mail: redazione@bellunopress.it","publisher":{"@id":"https:\/\/www.bellunopress.it\/#organization"},"potentialAction":[{"@type":"SearchAction","target":{"@type":"EntryPoint","urlTemplate":"https:\/\/www.bellunopress.it\/?s={search_term_string}"},"query-input":{"@type":"PropertyValueSpecification","valueRequired":true,"valueName":"search_term_string"}}],"inLanguage":"fr-FR"},{"@type":"Organization","@id":"https:\/\/www.bellunopress.it\/#organization","name":"Bellunopress","url":"https:\/\/www.bellunopress.it\/","logo":{"@type":"ImageObject","inLanguage":"fr-FR","@id":"https:\/\/www.bellunopress.it\/#\/schema\/logo\/image\/","url":"https:\/\/www.bellunopress.it\/wp-content\/uploads\/2011\/05\/cropped-logo-bellunopress-.jpg","contentUrl":"https:\/\/www.bellunopress.it\/wp-content\/uploads\/2011\/05\/cropped-logo-bellunopress-.jpg","width":512,"height":512,"caption":"Bellunopress"},"image":{"@id":"https:\/\/www.bellunopress.it\/#\/schema\/logo\/image\/"},"sameAs":["https:\/\/www.facebook.com\/profile.php?id=100008943462799","https:\/\/x.com\/bellunopress","https:\/\/www.linkedin.com\/hp\/?dnr=JBzUWaJfMUw8vbXJJ2tVW5-I3jZKvC4wsoxE&amp;amp;amp;amp;amp;amp;trk=nav_responsive_tab_home","https:\/\/www.youtube.com\/channel\/UCxL0wu1uN0_3_7hGG0306cw"]},{"@type":"Person","@id":"https:\/\/www.bellunopress.it\/#\/schema\/person\/79bb06722b37ece1c03d3e94beb30d73","name":"r\u00e9daction","image":{"@type":"ImageObject","inLanguage":"fr-FR","@id":"https:\/\/secure.gravatar.com\/avatar\/37d968a2e67a6fd04c169c4bdef102d0bc5d31b2546345219e348575eb80e9a0?s=96&d=mm&r=g","url":"https:\/\/secure.gravatar.com\/avatar\/37d968a2e67a6fd04c169c4bdef102d0bc5d31b2546345219e348575eb80e9a0?s=96&d=mm&r=g","contentUrl":"https:\/\/secure.gravatar.com\/avatar\/37d968a2e67a6fd04c169c4bdef102d0bc5d31b2546345219e348575eb80e9a0?s=96&d=mm&r=g","caption":"redazione"},"sameAs":["http:\/\/www.bellunopress.it","https:\/\/x.com\/bellunopress"],"url":"https:\/\/www.bellunopress.it\/fr\/author\/redazione\/"}]}},"_links":{"self":[{"href":"https:\/\/www.bellunopress.it\/fr\/wp-json\/wp\/v2\/posts\/168378","targetHints":{"allow":["GET"]}}],"collection":[{"href":"https:\/\/www.bellunopress.it\/fr\/wp-json\/wp\/v2\/posts"}],"about":[{"href":"https:\/\/www.bellunopress.it\/fr\/wp-json\/wp\/v2\/types\/post"}],"author":[{"embeddable":true,"href":"https:\/\/www.bellunopress.it\/fr\/wp-json\/wp\/v2\/users\/2"}],"replies":[{"embeddable":true,"href":"https:\/\/www.bellunopress.it\/fr\/wp-json\/wp\/v2\/comments?post=168378"}],"version-history":[{"count":1,"href":"https:\/\/www.bellunopress.it\/fr\/wp-json\/wp\/v2\/posts\/168378\/revisions"}],"predecessor-version":[{"id":168379,"href":"https:\/\/www.bellunopress.it\/fr\/wp-json\/wp\/v2\/posts\/168378\/revisions\/168379"}],"wp:featuredmedia":[{"embeddable":true,"href":"https:\/\/www.bellunopress.it\/fr\/wp-json\/wp\/v2\/media\/123525"}],"wp:attachment":[{"href":"https:\/\/www.bellunopress.it\/fr\/wp-json\/wp\/v2\/media?parent=168378"}],"wp:term":[{"taxonomy":"category","embeddable":true,"href":"https:\/\/www.bellunopress.it\/fr\/wp-json\/wp\/v2\/categories?post=168378"},{"taxonomy":"post_tag","embeddable":true,"href":"https:\/\/www.bellunopress.it\/fr\/wp-json\/wp\/v2\/tags?post=168378"}],"curies":[{"name":"wp","href":"https:\/\/api.w.org\/{rel}","templated":true}]}}