{"id":168366,"date":"2026-03-20T11:48:09","date_gmt":"2026-03-20T10:48:09","guid":{"rendered":"https:\/\/www.bellunopress.it\/?p=168366"},"modified":"2026-03-20T11:48:09","modified_gmt":"2026-03-20T10:48:09","slug":"sport-inclusione-e-territorio-successo-a-la-fenice-di-belluno-per-la-serata-dedicata-alle-paralimpiadi","status":"publish","type":"post","link":"https:\/\/www.bellunopress.it\/fr\/2026\/03\/20\/sport-inclusione-e-territorio-successo-a-la-fenice-di-belluno-per-la-serata-dedicata-alle-paralimpiadi\/","title":{"rendered":"Sport, inclusione e territorio: successo a La Fenice di Belluno per la serata dedicata alle Paralimpiadi"},"content":{"rendered":"<p><strong>Belluno &#8211; Un evento che ha celebrato i successi azzurri alle Paralimpiadi di Milano Cortina 2026 e che ha unito in un momento di confronto e riflessione istituzioni, <\/strong><br \/>\n<strong>associazioni sportive e comunit\u00e0.<\/strong><\/p>\n<p>Attraverso le testimonianze del Sindaco di Belluno Oscar De Pellegrin e di Davide Giozet, la serata ha restituito uno sguardo autentico sull\u2019evoluzione culturale dell\u2019inclusione, mettendo al centro il ruolo delle nuove generazioni. A suggellare la serata, la \u201cNuvola\u201d al mais sponcio di Angelo Di Lieto, simbolo gastronomico di un territorio che si fa interprete di valori universali.<br \/>\nLa Pizzeria La Fenice di Belluno si \u00e8 trasformata, nella serata di mercoled\u00ec 18 marzo, in uno speciale spazio di riflessione partecipata, ospitando un pubblico numeroso e attento. L\u2019incontro, nato dalla sensibilit\u00e0 del titolare e maestro pizzaiolo Angelo Di Lieto, ha celebrato lo spirito dei Giochi Paralimpici di Milano Cortina 2026, offrendo uno spaccato profondo su come lo sport e la convivialit\u00e0 possano farsi motori di un cambiamento culturale ormai inarrestabile.<\/p>\n<p><strong> <img loading=\"lazy\" decoding=\"async\" class=\"aligncenter size-full wp-image-168368\" src=\"https:\/\/www.bellunopress.it\/wp-content\/uploads\/2026\/03\/la-fenice-tavola-rotonda.jpg\" alt=\"\" width=\"600\" height=\"392\" srcset=\"https:\/\/www.bellunopress.it\/wp-content\/uploads\/2026\/03\/la-fenice-tavola-rotonda.jpg 600w, https:\/\/www.bellunopress.it\/wp-content\/uploads\/2026\/03\/la-fenice-tavola-rotonda-500x327.jpg 500w, https:\/\/www.bellunopress.it\/wp-content\/uploads\/2026\/03\/la-fenice-tavola-rotonda-150x98.jpg 150w, https:\/\/www.bellunopress.it\/wp-content\/uploads\/2026\/03\/la-fenice-tavola-rotonda-300x196.jpg 300w\" sizes=\"auto, (max-width: 600px) 100vw, 600px\" \/>La tavola rotonda con Angelo Di Lieto, Davide Giozet, Marco D\u2019Inc\u00e0 e il Sindaco di Belluno Oscar De Pellegrin<\/strong><\/p>\n<p>Sotto la guida del giornalista del territorio Marco D\u2019Inc\u00e0, la tavola rotonda ha preso il via celebrando lo straordinario palmar\u00e8s azzurro: un quarto posto nel medagliere complessivo con 7 ori, 7 argenti e 2 bronzi.<br \/>\nNumeri che, tuttavia, sono solo la superficie di un racconto umano molto pi\u00f9 vasto. Oscar De Pellegrin, Sindaco di Belluno e colonna portante del movimento sin da Barcellona \u201992, ha tracciato un parallelo significativo tra il passato e il presente. Ricordando le passate edizioni dei Giochi a cui ha preso parte come atleta, ha evidenziato il divario con la percezione di oggi: \u201cIl movimento \u00e8 cambiato radicalmente; un tempo i risultati dei nostri atleti erano relegati a piccoli trafiletti nei giornali e la societ\u00e0 appariva quasi estranea. Oggi, invece,<br \/>\nrespiriamo un clima di positivit\u00e0 che, oserei dire, ha superato persino quello delle Olimpiadi. &#8211; ha spiegato il Sindaco &#8211; C\u2019\u00e8 ancora molto da fare, e la nostra ambizione resta la normalit\u00e0: la disabilit\u00e0 \u00e8 spesso solo negli occhi di chi guarda e mi auguro che un giorno si possa parlare di atleti paralimpici con la stessa naturalezza con cui si parla di ogni altra disciplina\u201d.<\/p>\n<p>A dare voce all\u2019emozione vissuta sul campo \u00e8 stato invece Davide Giozet, Presidente dell\u2019associazione ASSI (Associazione Sociale Sportiva Invalidi), che ha raccontato la sua esperienza di cronista RAI al palaghiaccio di Cortina, un luogo invaso da colori, lingue diverse e, soprattutto, dall\u2019entusiasmo travolgente delle scuole. \u201cSpesso veniamo etichettati attraverso i nostri limiti, ma sfido chiunque a vederne guardando le imprese di questi atleti,\u201d ha esordito Giozet, sottolineando come il vero traguardo dell\u2019inclusione sia la libert\u00e0 di decidere. \u201cL\u2019inclusione \u00e8 reale solo quando viene superata, ovvero quando una persona con disabilit\u00e0 ha la piena possibilit\u00e0 di scegliere cosa fare e dove andare. Poter decidere di<br \/>\npraticare uno sport e avere a disposizione ogni strumento per farlo \u00e8 il diritto che auguro a tutti i giovani. Vedere gli studenti a Cortina con striscioni e tifo caloroso mi ha confermato che le nuove generazioni sono molto pi\u00f9 consapevoli di noi: \u00e8 su di loro che dobbiamo investire\u201d. Giozet ha inoltre rivolto un plauso corale alla macchina organizzativa e ai volontari, capaci di gestire un evento di portata mondiale con straordinaria efficienza.<\/p>\n<p>In questa cornice di valori, la Pizzeria La Fenice, premiata con Due Spicchi Gambero Rosso, ha dimostrato come l&#8217;accoglienza passi anche attraverso scelte architettoniche e imprenditoriali coraggiose. Angelo Di Lieto ha spiegato che l\u2019accessibilit\u00e0 del suo locale non \u00e8 un dettaglio, ma una missione: \u201cCredo fermamente che l&#8217;inclusivit\u00e0 parta proprio da quello che ognuno di noi pu\u00f2 fare nel proprio piccolo. Per questo ho voluto spazi ampi, insonorizzazione studiata e porte automatiche: ogni barriera abbattuta \u00e8 un invito alla condivisione. La pizza \u00e8 il prodotto popolare e inclusivo per eccellenza e la ristorazione deve farsi carico di raccontare queste storie, rendendo la comunit\u00e0 e soprattutto i giovani,<br \/>\nconsapevoli della bellezza che risiede nella diversit\u00e0. Sono loro i costruttori della<br \/>\nsociet\u00e0 di domani\u201d.<\/p>\n<figure id=\"attachment_168367\" aria-describedby=\"caption-attachment-168367\" style=\"width: 600px\" class=\"wp-caption aligncenter\"><img loading=\"lazy\" decoding=\"async\" class=\"size-full wp-image-168367\" src=\"https:\/\/www.bellunopress.it\/wp-content\/uploads\/2026\/03\/Angelo-Di-Lieto.jpg\" alt=\"\" width=\"600\" height=\"400\" srcset=\"https:\/\/www.bellunopress.it\/wp-content\/uploads\/2026\/03\/Angelo-Di-Lieto.jpg 600w, https:\/\/www.bellunopress.it\/wp-content\/uploads\/2026\/03\/Angelo-Di-Lieto-500x333.jpg 500w, https:\/\/www.bellunopress.it\/wp-content\/uploads\/2026\/03\/Angelo-Di-Lieto-150x100.jpg 150w, https:\/\/www.bellunopress.it\/wp-content\/uploads\/2026\/03\/Angelo-Di-Lieto-300x200.jpg 300w\" sizes=\"auto, (max-width: 600px) 100vw, 600px\" \/><figcaption id=\"caption-attachment-168367\" class=\"wp-caption-text\">Angelo Di Lieto<\/figcaption><\/figure>\n<p><strong>La Nuvola di Angelo Di Lieto: impasto al mais sponcio, Schiz bellunese, Rag\u00f9 di Pastin e Radicchio di Treviso<\/strong><br \/>\nPer concludere la serata in bellezza, la protagonista della degustazione a cura di Angelo Di Lieto \u00e8 stata la sua \u201cNuvola\u201d dedicata alle Paralimpiadi, una creazione che ha saputo tradurre i concetti di resilienza e identit\u00e0 territoriale in un\u2019esperienza gastronomica d\u2019eccellenza. Partendo da un impasto al mais sponcio, antico custode della biodiversit\u00e0 bellunese che dona all\u2019impasto una croccantezza e un profumo unici, il maestro pizzaiolo originario di Minori ha composto un mosaico di sapori locali. L\u2019avvolgente morbidezza del formaggio Schiz si \u00e8 sposata con la sapidit\u00e0 strutturata del rag\u00f9 di Pastin, prodotto tipico<br \/>\ndella tradizione bellunese, mentre il tocco finale con il Radicchio di Treviso ha conferito freschezza ed eleganza al piatto. Una pizza che non \u00e8 stata solo una portata, ma un vero manifesto di una terra che sa accogliere, includere e guardare al futuro con coraggio.<\/p>","protected":false},"excerpt":{"rendered":"<p>Belluno &#8211; Un evento che ha celebrato i successi azzurri alle Paralimpiadi di Milano Cortina 2026 e che ha unito in un momento di confronto e riflessione istituzioni, associazioni sportive e comunit\u00e0. Attraverso le testimonianze del Sindaco di Belluno Oscar De Pellegrin e di Davide Giozet, la serata ha restituito uno sguardo autentico sull\u2019evoluzione culturale [&hellip;]<\/p>\n","protected":false},"author":2,"featured_media":160576,"comment_status":"closed","ping_status":"open","sticky":false,"template":"","format":"standard","meta":{"footnotes":""},"categories":[26,8],"tags":[],"class_list":["post-168366","post","type-post","status-publish","format-standard","has-post-thumbnail","category-prima-pagina","category-societa-istituzioni"],"yoast_head":"<!-- This site is optimized with the Yoast SEO plugin v28.4 - https:\/\/yoast.com\/product\/yoast-seo-wordpress\/ -->\n<title>Sport, inclusione e territorio: successo a La Fenice di Belluno per la serata dedicata alle Paralimpiadi - Bellunopress - Dolomiti<\/title>\n<meta name=\"robots\" content=\"index, follow, max-snippet:-1, max-image-preview:large, max-video-preview:-1\" \/>\n<link rel=\"canonical\" href=\"https:\/\/www.bellunopress.it\/fr\/2026\/03\/20\/sport-inclusione-e-territorio-successo-a-la-fenice-di-belluno-per-la-serata-dedicata-alle-paralimpiadi\/\" \/>\n<meta property=\"og:locale\" content=\"fr_FR\" \/>\n<meta property=\"og:type\" content=\"article\" \/>\n<meta property=\"og:title\" content=\"Sport, inclusione e territorio: successo a La Fenice di Belluno per la serata dedicata alle Paralimpiadi - Bellunopress - Dolomiti\" \/>\n<meta property=\"og:description\" content=\"Belluno &#8211; Un evento che ha celebrato i successi azzurri alle Paralimpiadi di Milano Cortina 2026 e che ha unito in un momento di confronto e riflessione istituzioni, associazioni sportive e comunit\u00e0. Attraverso le testimonianze del Sindaco di Belluno Oscar De Pellegrin e di Davide Giozet, la serata ha restituito uno sguardo autentico sull\u2019evoluzione culturale [&hellip;]\" \/>\n<meta property=\"og:url\" content=\"https:\/\/www.bellunopress.it\/fr\/2026\/03\/20\/sport-inclusione-e-territorio-successo-a-la-fenice-di-belluno-per-la-serata-dedicata-alle-paralimpiadi\/\" \/>\n<meta property=\"og:site_name\" content=\"Bellunopress - Dolomiti\" \/>\n<meta property=\"article:publisher\" content=\"https:\/\/www.facebook.com\/profile.php?id=100008943462799\" \/>\n<meta property=\"article:published_time\" content=\"2026-03-20T10:48:09+00:00\" \/>\n<meta property=\"og:image\" content=\"https:\/\/www.bellunopress.it\/wp-content\/uploads\/2025\/05\/La-Fenice-edited.jpg\" \/>\n\t<meta property=\"og:image:width\" content=\"1000\" \/>\n\t<meta property=\"og:image:height\" content=\"667\" \/>\n\t<meta property=\"og:image:type\" content=\"image\/jpeg\" \/>\n<meta name=\"author\" content=\"redazione\" \/>\n<meta name=\"twitter:card\" content=\"summary_large_image\" \/>\n<meta name=\"twitter:creator\" content=\"@bellunopress\" \/>\n<meta name=\"twitter:site\" content=\"@bellunopress\" \/>\n<meta name=\"twitter:label1\" content=\"Written by\" \/>\n\t<meta name=\"twitter:data1\" content=\"redazione\" \/>\n\t<meta name=\"twitter:label2\" content=\"Est. reading time\" \/>\n\t<meta name=\"twitter:data2\" content=\"4 minutes\" \/>\n<script type=\"application\/ld+json\" class=\"yoast-schema-graph\">{\"@context\":\"https:\\\/\\\/schema.org\",\"@graph\":[{\"@type\":\"Article\",\"@id\":\"https:\\\/\\\/www.bellunopress.it\\\/2026\\\/03\\\/20\\\/sport-inclusione-e-territorio-successo-a-la-fenice-di-belluno-per-la-serata-dedicata-alle-paralimpiadi\\\/#article\",\"isPartOf\":{\"@id\":\"https:\\\/\\\/www.bellunopress.it\\\/2026\\\/03\\\/20\\\/sport-inclusione-e-territorio-successo-a-la-fenice-di-belluno-per-la-serata-dedicata-alle-paralimpiadi\\\/\"},\"author\":{\"name\":\"redazione\",\"@id\":\"https:\\\/\\\/www.bellunopress.it\\\/#\\\/schema\\\/person\\\/79bb06722b37ece1c03d3e94beb30d73\"},\"headline\":\"Sport, inclusione e territorio: successo a La Fenice di Belluno per la serata dedicata alle Paralimpiadi\",\"datePublished\":\"2026-03-20T10:48:09+00:00\",\"mainEntityOfPage\":{\"@id\":\"https:\\\/\\\/www.bellunopress.it\\\/2026\\\/03\\\/20\\\/sport-inclusione-e-territorio-successo-a-la-fenice-di-belluno-per-la-serata-dedicata-alle-paralimpiadi\\\/\"},\"wordCount\":850,\"publisher\":{\"@id\":\"https:\\\/\\\/www.bellunopress.it\\\/#organization\"},\"image\":{\"@id\":\"https:\\\/\\\/www.bellunopress.it\\\/2026\\\/03\\\/20\\\/sport-inclusione-e-territorio-successo-a-la-fenice-di-belluno-per-la-serata-dedicata-alle-paralimpiadi\\\/#primaryimage\"},\"thumbnailUrl\":\"https:\\\/\\\/www.bellunopress.it\\\/wp-content\\\/uploads\\\/2025\\\/05\\\/La-Fenice-edited.jpg\",\"articleSection\":[\"Prima Pagina\",\"Societ\u00e0, Associazioni, Istituzioni\"],\"inLanguage\":\"fr-FR\"},{\"@type\":\"WebPage\",\"@id\":\"https:\\\/\\\/www.bellunopress.it\\\/2026\\\/03\\\/20\\\/sport-inclusione-e-territorio-successo-a-la-fenice-di-belluno-per-la-serata-dedicata-alle-paralimpiadi\\\/\",\"url\":\"https:\\\/\\\/www.bellunopress.it\\\/2026\\\/03\\\/20\\\/sport-inclusione-e-territorio-successo-a-la-fenice-di-belluno-per-la-serata-dedicata-alle-paralimpiadi\\\/\",\"name\":\"Sport, inclusione e territorio: successo a La Fenice di Belluno per la serata dedicata alle Paralimpiadi - Bellunopress - Dolomiti\",\"isPartOf\":{\"@id\":\"https:\\\/\\\/www.bellunopress.it\\\/#website\"},\"primaryImageOfPage\":{\"@id\":\"https:\\\/\\\/www.bellunopress.it\\\/2026\\\/03\\\/20\\\/sport-inclusione-e-territorio-successo-a-la-fenice-di-belluno-per-la-serata-dedicata-alle-paralimpiadi\\\/#primaryimage\"},\"image\":{\"@id\":\"https:\\\/\\\/www.bellunopress.it\\\/2026\\\/03\\\/20\\\/sport-inclusione-e-territorio-successo-a-la-fenice-di-belluno-per-la-serata-dedicata-alle-paralimpiadi\\\/#primaryimage\"},\"thumbnailUrl\":\"https:\\\/\\\/www.bellunopress.it\\\/wp-content\\\/uploads\\\/2025\\\/05\\\/La-Fenice-edited.jpg\",\"datePublished\":\"2026-03-20T10:48:09+00:00\",\"breadcrumb\":{\"@id\":\"https:\\\/\\\/www.bellunopress.it\\\/2026\\\/03\\\/20\\\/sport-inclusione-e-territorio-successo-a-la-fenice-di-belluno-per-la-serata-dedicata-alle-paralimpiadi\\\/#breadcrumb\"},\"inLanguage\":\"fr-FR\",\"potentialAction\":[{\"@type\":\"ReadAction\",\"target\":[\"https:\\\/\\\/www.bellunopress.it\\\/2026\\\/03\\\/20\\\/sport-inclusione-e-territorio-successo-a-la-fenice-di-belluno-per-la-serata-dedicata-alle-paralimpiadi\\\/\"]}]},{\"@type\":\"ImageObject\",\"inLanguage\":\"fr-FR\",\"@id\":\"https:\\\/\\\/www.bellunopress.it\\\/2026\\\/03\\\/20\\\/sport-inclusione-e-territorio-successo-a-la-fenice-di-belluno-per-la-serata-dedicata-alle-paralimpiadi\\\/#primaryimage\",\"url\":\"https:\\\/\\\/www.bellunopress.it\\\/wp-content\\\/uploads\\\/2025\\\/05\\\/La-Fenice-edited.jpg\",\"contentUrl\":\"https:\\\/\\\/www.bellunopress.it\\\/wp-content\\\/uploads\\\/2025\\\/05\\\/La-Fenice-edited.jpg\",\"width\":1000,\"height\":667},{\"@type\":\"BreadcrumbList\",\"@id\":\"https:\\\/\\\/www.bellunopress.it\\\/2026\\\/03\\\/20\\\/sport-inclusione-e-territorio-successo-a-la-fenice-di-belluno-per-la-serata-dedicata-alle-paralimpiadi\\\/#breadcrumb\",\"itemListElement\":[{\"@type\":\"ListItem\",\"position\":1,\"name\":\"Home\",\"item\":\"https:\\\/\\\/www.bellunopress.it\\\/\"},{\"@type\":\"ListItem\",\"position\":2,\"name\":\"Sport, inclusione e territorio: successo a La Fenice di Belluno per la serata dedicata alle Paralimpiadi\"}]},{\"@type\":\"WebSite\",\"@id\":\"https:\\\/\\\/www.bellunopress.it\\\/#website\",\"url\":\"https:\\\/\\\/www.bellunopress.it\\\/\",\"name\":\"Bellunopress - Dolomiti\",\"description\":\"e-mail: redazione@bellunopress.it\",\"publisher\":{\"@id\":\"https:\\\/\\\/www.bellunopress.it\\\/#organization\"},\"potentialAction\":[{\"@type\":\"SearchAction\",\"target\":{\"@type\":\"EntryPoint\",\"urlTemplate\":\"https:\\\/\\\/www.bellunopress.it\\\/?s={search_term_string}\"},\"query-input\":{\"@type\":\"PropertyValueSpecification\",\"valueRequired\":true,\"valueName\":\"search_term_string\"}}],\"inLanguage\":\"fr-FR\"},{\"@type\":\"Organization\",\"@id\":\"https:\\\/\\\/www.bellunopress.it\\\/#organization\",\"name\":\"Bellunopress\",\"url\":\"https:\\\/\\\/www.bellunopress.it\\\/\",\"logo\":{\"@type\":\"ImageObject\",\"inLanguage\":\"fr-FR\",\"@id\":\"https:\\\/\\\/www.bellunopress.it\\\/#\\\/schema\\\/logo\\\/image\\\/\",\"url\":\"https:\\\/\\\/www.bellunopress.it\\\/wp-content\\\/uploads\\\/2011\\\/05\\\/cropped-logo-bellunopress-.jpg\",\"contentUrl\":\"https:\\\/\\\/www.bellunopress.it\\\/wp-content\\\/uploads\\\/2011\\\/05\\\/cropped-logo-bellunopress-.jpg\",\"width\":512,\"height\":512,\"caption\":\"Bellunopress\"},\"image\":{\"@id\":\"https:\\\/\\\/www.bellunopress.it\\\/#\\\/schema\\\/logo\\\/image\\\/\"},\"sameAs\":[\"https:\\\/\\\/www.facebook.com\\\/profile.php?id=100008943462799\",\"https:\\\/\\\/x.com\\\/bellunopress\",\"https:\\\/\\\/www.linkedin.com\\\/hp\\\/?dnr=JBzUWaJfMUw8vbXJJ2tVW5-I3jZKvC4wsoxE&amp;amp;amp;amp;amp;amp;trk=nav_responsive_tab_home\",\"https:\\\/\\\/www.youtube.com\\\/channel\\\/UCxL0wu1uN0_3_7hGG0306cw\"]},{\"@type\":\"Person\",\"@id\":\"https:\\\/\\\/www.bellunopress.it\\\/#\\\/schema\\\/person\\\/79bb06722b37ece1c03d3e94beb30d73\",\"name\":\"redazione\",\"image\":{\"@type\":\"ImageObject\",\"inLanguage\":\"fr-FR\",\"@id\":\"https:\\\/\\\/secure.gravatar.com\\\/avatar\\\/37d968a2e67a6fd04c169c4bdef102d0bc5d31b2546345219e348575eb80e9a0?s=96&d=mm&r=g\",\"url\":\"https:\\\/\\\/secure.gravatar.com\\\/avatar\\\/37d968a2e67a6fd04c169c4bdef102d0bc5d31b2546345219e348575eb80e9a0?s=96&d=mm&r=g\",\"contentUrl\":\"https:\\\/\\\/secure.gravatar.com\\\/avatar\\\/37d968a2e67a6fd04c169c4bdef102d0bc5d31b2546345219e348575eb80e9a0?s=96&d=mm&r=g\",\"caption\":\"redazione\"},\"sameAs\":[\"http:\\\/\\\/www.bellunopress.it\",\"https:\\\/\\\/x.com\\\/bellunopress\"],\"url\":\"https:\\\/\\\/www.bellunopress.it\\\/fr\\\/author\\\/redazione\\\/\"}]}<\/script>\n<!-- \/ Yoast SEO plugin. -->","yoast_head_json":{"title":"Sport, inclusione e territorio: successo a La Fenice di Belluno per la serata dedicata alle Paralimpiadi - Bellunopress - Dolomiti","robots":{"index":"index","follow":"follow","max-snippet":"max-snippet:-1","max-image-preview":"max-image-preview:large","max-video-preview":"max-video-preview:-1"},"canonical":"https:\/\/www.bellunopress.it\/fr\/2026\/03\/20\/sport-inclusione-e-territorio-successo-a-la-fenice-di-belluno-per-la-serata-dedicata-alle-paralimpiadi\/","og_locale":"fr_FR","og_type":"article","og_title":"Sport, inclusione e territorio: successo a La Fenice di Belluno per la serata dedicata alle Paralimpiadi - Bellunopress - Dolomiti","og_description":"Belluno &#8211; Un evento che ha celebrato i successi azzurri alle Paralimpiadi di Milano Cortina 2026 e che ha unito in un momento di confronto e riflessione istituzioni, associazioni sportive e comunit\u00e0. Attraverso le testimonianze del Sindaco di Belluno Oscar De Pellegrin e di Davide Giozet, la serata ha restituito uno sguardo autentico sull\u2019evoluzione culturale [&hellip;]","og_url":"https:\/\/www.bellunopress.it\/fr\/2026\/03\/20\/sport-inclusione-e-territorio-successo-a-la-fenice-di-belluno-per-la-serata-dedicata-alle-paralimpiadi\/","og_site_name":"Bellunopress - Dolomiti","article_publisher":"https:\/\/www.facebook.com\/profile.php?id=100008943462799","article_published_time":"2026-03-20T10:48:09+00:00","og_image":[{"width":1000,"height":667,"url":"https:\/\/www.bellunopress.it\/wp-content\/uploads\/2025\/05\/La-Fenice-edited.jpg","type":"image\/jpeg"}],"author":"redazione","twitter_card":"summary_large_image","twitter_creator":"@bellunopress","twitter_site":"@bellunopress","twitter_misc":{"Written by":"redazione","Est. reading time":"4 minutes"},"schema":{"@context":"https:\/\/schema.org","@graph":[{"@type":"Article","@id":"https:\/\/www.bellunopress.it\/2026\/03\/20\/sport-inclusione-e-territorio-successo-a-la-fenice-di-belluno-per-la-serata-dedicata-alle-paralimpiadi\/#article","isPartOf":{"@id":"https:\/\/www.bellunopress.it\/2026\/03\/20\/sport-inclusione-e-territorio-successo-a-la-fenice-di-belluno-per-la-serata-dedicata-alle-paralimpiadi\/"},"author":{"name":"redazione","@id":"https:\/\/www.bellunopress.it\/#\/schema\/person\/79bb06722b37ece1c03d3e94beb30d73"},"headline":"Sport, inclusione e territorio: successo a La Fenice di Belluno per la serata dedicata alle Paralimpiadi","datePublished":"2026-03-20T10:48:09+00:00","mainEntityOfPage":{"@id":"https:\/\/www.bellunopress.it\/2026\/03\/20\/sport-inclusione-e-territorio-successo-a-la-fenice-di-belluno-per-la-serata-dedicata-alle-paralimpiadi\/"},"wordCount":850,"publisher":{"@id":"https:\/\/www.bellunopress.it\/#organization"},"image":{"@id":"https:\/\/www.bellunopress.it\/2026\/03\/20\/sport-inclusione-e-territorio-successo-a-la-fenice-di-belluno-per-la-serata-dedicata-alle-paralimpiadi\/#primaryimage"},"thumbnailUrl":"https:\/\/www.bellunopress.it\/wp-content\/uploads\/2025\/05\/La-Fenice-edited.jpg","articleSection":["Prima Pagina","Societ\u00e0, Associazioni, Istituzioni"],"inLanguage":"fr-FR"},{"@type":"WebPage","@id":"https:\/\/www.bellunopress.it\/2026\/03\/20\/sport-inclusione-e-territorio-successo-a-la-fenice-di-belluno-per-la-serata-dedicata-alle-paralimpiadi\/","url":"https:\/\/www.bellunopress.it\/2026\/03\/20\/sport-inclusione-e-territorio-successo-a-la-fenice-di-belluno-per-la-serata-dedicata-alle-paralimpiadi\/","name":"Sport, inclusione e territorio: successo a La Fenice di Belluno per la serata dedicata alle Paralimpiadi - Bellunopress - Dolomiti","isPartOf":{"@id":"https:\/\/www.bellunopress.it\/#website"},"primaryImageOfPage":{"@id":"https:\/\/www.bellunopress.it\/2026\/03\/20\/sport-inclusione-e-territorio-successo-a-la-fenice-di-belluno-per-la-serata-dedicata-alle-paralimpiadi\/#primaryimage"},"image":{"@id":"https:\/\/www.bellunopress.it\/2026\/03\/20\/sport-inclusione-e-territorio-successo-a-la-fenice-di-belluno-per-la-serata-dedicata-alle-paralimpiadi\/#primaryimage"},"thumbnailUrl":"https:\/\/www.bellunopress.it\/wp-content\/uploads\/2025\/05\/La-Fenice-edited.jpg","datePublished":"2026-03-20T10:48:09+00:00","breadcrumb":{"@id":"https:\/\/www.bellunopress.it\/2026\/03\/20\/sport-inclusione-e-territorio-successo-a-la-fenice-di-belluno-per-la-serata-dedicata-alle-paralimpiadi\/#breadcrumb"},"inLanguage":"fr-FR","potentialAction":[{"@type":"ReadAction","target":["https:\/\/www.bellunopress.it\/2026\/03\/20\/sport-inclusione-e-territorio-successo-a-la-fenice-di-belluno-per-la-serata-dedicata-alle-paralimpiadi\/"]}]},{"@type":"ImageObject","inLanguage":"fr-FR","@id":"https:\/\/www.bellunopress.it\/2026\/03\/20\/sport-inclusione-e-territorio-successo-a-la-fenice-di-belluno-per-la-serata-dedicata-alle-paralimpiadi\/#primaryimage","url":"https:\/\/www.bellunopress.it\/wp-content\/uploads\/2025\/05\/La-Fenice-edited.jpg","contentUrl":"https:\/\/www.bellunopress.it\/wp-content\/uploads\/2025\/05\/La-Fenice-edited.jpg","width":1000,"height":667},{"@type":"BreadcrumbList","@id":"https:\/\/www.bellunopress.it\/2026\/03\/20\/sport-inclusione-e-territorio-successo-a-la-fenice-di-belluno-per-la-serata-dedicata-alle-paralimpiadi\/#breadcrumb","itemListElement":[{"@type":"ListItem","position":1,"name":"Home","item":"https:\/\/www.bellunopress.it\/"},{"@type":"ListItem","position":2,"name":"Sport, inclusione e territorio: successo a La Fenice di Belluno per la serata dedicata alle Paralimpiadi"}]},{"@type":"WebSite","@id":"https:\/\/www.bellunopress.it\/#website","url":"https:\/\/www.bellunopress.it\/","name":"Bellunopress - Dolomiti","description":"e-mail: redazione@bellunopress.it","publisher":{"@id":"https:\/\/www.bellunopress.it\/#organization"},"potentialAction":[{"@type":"SearchAction","target":{"@type":"EntryPoint","urlTemplate":"https:\/\/www.bellunopress.it\/?s={search_term_string}"},"query-input":{"@type":"PropertyValueSpecification","valueRequired":true,"valueName":"search_term_string"}}],"inLanguage":"fr-FR"},{"@type":"Organization","@id":"https:\/\/www.bellunopress.it\/#organization","name":"Bellunopress","url":"https:\/\/www.bellunopress.it\/","logo":{"@type":"ImageObject","inLanguage":"fr-FR","@id":"https:\/\/www.bellunopress.it\/#\/schema\/logo\/image\/","url":"https:\/\/www.bellunopress.it\/wp-content\/uploads\/2011\/05\/cropped-logo-bellunopress-.jpg","contentUrl":"https:\/\/www.bellunopress.it\/wp-content\/uploads\/2011\/05\/cropped-logo-bellunopress-.jpg","width":512,"height":512,"caption":"Bellunopress"},"image":{"@id":"https:\/\/www.bellunopress.it\/#\/schema\/logo\/image\/"},"sameAs":["https:\/\/www.facebook.com\/profile.php?id=100008943462799","https:\/\/x.com\/bellunopress","https:\/\/www.linkedin.com\/hp\/?dnr=JBzUWaJfMUw8vbXJJ2tVW5-I3jZKvC4wsoxE&amp;amp;amp;amp;amp;amp;trk=nav_responsive_tab_home","https:\/\/www.youtube.com\/channel\/UCxL0wu1uN0_3_7hGG0306cw"]},{"@type":"Person","@id":"https:\/\/www.bellunopress.it\/#\/schema\/person\/79bb06722b37ece1c03d3e94beb30d73","name":"r\u00e9daction","image":{"@type":"ImageObject","inLanguage":"fr-FR","@id":"https:\/\/secure.gravatar.com\/avatar\/37d968a2e67a6fd04c169c4bdef102d0bc5d31b2546345219e348575eb80e9a0?s=96&d=mm&r=g","url":"https:\/\/secure.gravatar.com\/avatar\/37d968a2e67a6fd04c169c4bdef102d0bc5d31b2546345219e348575eb80e9a0?s=96&d=mm&r=g","contentUrl":"https:\/\/secure.gravatar.com\/avatar\/37d968a2e67a6fd04c169c4bdef102d0bc5d31b2546345219e348575eb80e9a0?s=96&d=mm&r=g","caption":"redazione"},"sameAs":["http:\/\/www.bellunopress.it","https:\/\/x.com\/bellunopress"],"url":"https:\/\/www.bellunopress.it\/fr\/author\/redazione\/"}]}},"_links":{"self":[{"href":"https:\/\/www.bellunopress.it\/fr\/wp-json\/wp\/v2\/posts\/168366","targetHints":{"allow":["GET"]}}],"collection":[{"href":"https:\/\/www.bellunopress.it\/fr\/wp-json\/wp\/v2\/posts"}],"about":[{"href":"https:\/\/www.bellunopress.it\/fr\/wp-json\/wp\/v2\/types\/post"}],"author":[{"embeddable":true,"href":"https:\/\/www.bellunopress.it\/fr\/wp-json\/wp\/v2\/users\/2"}],"replies":[{"embeddable":true,"href":"https:\/\/www.bellunopress.it\/fr\/wp-json\/wp\/v2\/comments?post=168366"}],"version-history":[{"count":1,"href":"https:\/\/www.bellunopress.it\/fr\/wp-json\/wp\/v2\/posts\/168366\/revisions"}],"predecessor-version":[{"id":168369,"href":"https:\/\/www.bellunopress.it\/fr\/wp-json\/wp\/v2\/posts\/168366\/revisions\/168369"}],"wp:featuredmedia":[{"embeddable":true,"href":"https:\/\/www.bellunopress.it\/fr\/wp-json\/wp\/v2\/media\/160576"}],"wp:attachment":[{"href":"https:\/\/www.bellunopress.it\/fr\/wp-json\/wp\/v2\/media?parent=168366"}],"wp:term":[{"taxonomy":"category","embeddable":true,"href":"https:\/\/www.bellunopress.it\/fr\/wp-json\/wp\/v2\/categories?post=168366"},{"taxonomy":"post_tag","embeddable":true,"href":"https:\/\/www.bellunopress.it\/fr\/wp-json\/wp\/v2\/tags?post=168366"}],"curies":[{"name":"wp","href":"https:\/\/api.w.org\/{rel}","templated":true}]}}