{"id":168344,"date":"2026-03-22T08:29:50","date_gmt":"2026-03-22T07:29:50","guid":{"rendered":"https:\/\/www.bellunopress.it\/?p=168344"},"modified":"2026-03-20T07:37:01","modified_gmt":"2026-03-20T06:37:01","slug":"s-francesco-xi-canto-del-paradiso-venerdi-a-cesiomaggiore-a-cura-di-maurizio-mellini","status":"publish","type":"post","link":"https:\/\/www.bellunopress.it\/fr\/2026\/03\/22\/s-francesco-xi-canto-del-paradiso-venerdi-a-cesiomaggiore-a-cura-di-maurizio-mellini\/","title":{"rendered":"S.Francesco, XI\u00b0 Canto del Paradiso. Venerd\u00ec a Cesiomaggiore a cura di Maurizio Mellini"},"content":{"rendered":"<p>Nell&#8217;ottocentesimo anno dalla morte di S. Francesco, patrono d&#8217;Italia, La Biblioteca Comunale di Cesiomaggiore, in collaborazione con l&#8217;associazione Amici di Dante Alighieri di Belluno, propone per venerd\u00ec 27 marzo alle ore 18 presso la sala della biblioteca comunale, un incontro con il dott. Maurizio Mellini, appassionato studioso di Dante, che reciter\u00e0 e commenter\u00e0 l&#8217;XI\u00b0 canto del Paradiso dedicato a S. Francesco.<\/p>\n<p>Il sommo poeta ha voluto sottolineare, tratteggiandone la spiccata personalit\u00e0 umana e spirituale e le vicende della pur breve vita, l&#8217;importanza che ebbe Francesco gi\u00e0 all&#8217;epoca nella Chiesa e nella societ\u00e0 del suo tempo, tanto da lasciare una testimonianza attuale e un vasto seguito ancor oggi ad otto secoli dalla morte.<\/p>\n<p>Entrata libera e gratuita.<\/p>","protected":false},"excerpt":{"rendered":"<p>Nell&#8217;ottocentesimo anno dalla morte di S. Francesco, patrono d&#8217;Italia, La Biblioteca Comunale di Cesiomaggiore, in collaborazione con l&#8217;associazione Amici di Dante Alighieri di Belluno, propone per venerd\u00ec 27 marzo alle ore 18 presso la sala della biblioteca comunale, un incontro con il dott. Maurizio Mellini, appassionato studioso di Dante, che reciter\u00e0 e commenter\u00e0 l&#8217;XI\u00b0 canto [&hellip;]<\/p>\n","protected":false},"author":2,"featured_media":168345,"comment_status":"closed","ping_status":"open","sticky":false,"template":"","format":"standard","meta":{"footnotes":""},"categories":[27,25],"tags":[],"class_list":["post-168344","post","type-post","status-publish","format-standard","has-post-thumbnail","category-appuntamenti","category-pausa-caffe"],"yoast_head":"<!-- This site is optimized with the Yoast SEO plugin v28.4 - https:\/\/yoast.com\/product\/yoast-seo-wordpress\/ -->\n<title>S.Francesco, XI\u00b0 Canto del Paradiso. Venerd\u00ec a Cesiomaggiore a cura di Maurizio Mellini - Bellunopress - Dolomiti<\/title>\n<meta name=\"robots\" content=\"index, follow, max-snippet:-1, max-image-preview:large, max-video-preview:-1\" \/>\n<link rel=\"canonical\" href=\"https:\/\/www.bellunopress.it\/fr\/2026\/03\/22\/s-francesco-xi-canto-del-paradiso-venerdi-a-cesiomaggiore-a-cura-di-maurizio-mellini\/\" \/>\n<meta property=\"og:locale\" content=\"fr_FR\" \/>\n<meta property=\"og:type\" content=\"article\" \/>\n<meta property=\"og:title\" content=\"S.Francesco, XI\u00b0 Canto del Paradiso. Venerd\u00ec a Cesiomaggiore a cura di Maurizio Mellini - Bellunopress - Dolomiti\" \/>\n<meta property=\"og:description\" content=\"Nell&#8217;ottocentesimo anno dalla morte di S. Francesco, patrono d&#8217;Italia, La Biblioteca Comunale di Cesiomaggiore, in collaborazione con l&#8217;associazione Amici di Dante Alighieri di Belluno, propone per venerd\u00ec 27 marzo alle ore 18 presso la sala della biblioteca comunale, un incontro con il dott. Maurizio Mellini, appassionato studioso di Dante, che reciter\u00e0 e commenter\u00e0 l&#8217;XI\u00b0 canto [&hellip;]\" \/>\n<meta property=\"og:url\" content=\"https:\/\/www.bellunopress.it\/fr\/2026\/03\/22\/s-francesco-xi-canto-del-paradiso-venerdi-a-cesiomaggiore-a-cura-di-maurizio-mellini\/\" \/>\n<meta property=\"og:site_name\" content=\"Bellunopress - Dolomiti\" \/>\n<meta property=\"article:publisher\" content=\"https:\/\/www.facebook.com\/profile.php?id=100008943462799\" \/>\n<meta property=\"article:published_time\" content=\"2026-03-22T07:29:50+00:00\" \/>\n<meta property=\"og:image\" content=\"https:\/\/www.bellunopress.it\/wp-content\/uploads\/2026\/03\/biblioteca-cesiomaggiore.jpg\" \/>\n\t<meta property=\"og:image:width\" content=\"600\" \/>\n\t<meta property=\"og:image:height\" content=\"394\" \/>\n\t<meta property=\"og:image:type\" content=\"image\/jpeg\" \/>\n<meta name=\"author\" content=\"redazione\" \/>\n<meta name=\"twitter:card\" content=\"summary_large_image\" \/>\n<meta name=\"twitter:creator\" content=\"@bellunopress\" \/>\n<meta name=\"twitter:site\" content=\"@bellunopress\" \/>\n<meta name=\"twitter:label1\" content=\"\u00c9crit par\" \/>\n\t<meta name=\"twitter:data1\" content=\"redazione\" \/>\n\t<meta name=\"twitter:label2\" content=\"Dur\u00e9e de lecture estim\u00e9e\" \/>\n\t<meta name=\"twitter:data2\" content=\"1 minute\" \/>\n<script type=\"application\/ld+json\" class=\"yoast-schema-graph\">{\"@context\":\"https:\\\/\\\/schema.org\",\"@graph\":[{\"@type\":\"Article\",\"@id\":\"https:\\\/\\\/www.bellunopress.it\\\/2026\\\/03\\\/22\\\/s-francesco-xi-canto-del-paradiso-venerdi-a-cesiomaggiore-a-cura-di-maurizio-mellini\\\/#article\",\"isPartOf\":{\"@id\":\"https:\\\/\\\/www.bellunopress.it\\\/2026\\\/03\\\/22\\\/s-francesco-xi-canto-del-paradiso-venerdi-a-cesiomaggiore-a-cura-di-maurizio-mellini\\\/\"},\"author\":{\"name\":\"redazione\",\"@id\":\"https:\\\/\\\/www.bellunopress.it\\\/#\\\/schema\\\/person\\\/79bb06722b37ece1c03d3e94beb30d73\"},\"headline\":\"S.Francesco, XI\u00b0 Canto del Paradiso. Venerd\u00ec a Cesiomaggiore a cura di Maurizio Mellini\",\"datePublished\":\"2026-03-22T07:29:50+00:00\",\"mainEntityOfPage\":{\"@id\":\"https:\\\/\\\/www.bellunopress.it\\\/2026\\\/03\\\/22\\\/s-francesco-xi-canto-del-paradiso-venerdi-a-cesiomaggiore-a-cura-di-maurizio-mellini\\\/\"},\"wordCount\":134,\"publisher\":{\"@id\":\"https:\\\/\\\/www.bellunopress.it\\\/#organization\"},\"image\":{\"@id\":\"https:\\\/\\\/www.bellunopress.it\\\/2026\\\/03\\\/22\\\/s-francesco-xi-canto-del-paradiso-venerdi-a-cesiomaggiore-a-cura-di-maurizio-mellini\\\/#primaryimage\"},\"thumbnailUrl\":\"https:\\\/\\\/www.bellunopress.it\\\/wp-content\\\/uploads\\\/2026\\\/03\\\/biblioteca-cesiomaggiore.jpg\",\"articleSection\":[\"Appuntamenti, Eventi\",\"Pausa Caff\u00e8\"],\"inLanguage\":\"fr-FR\"},{\"@type\":\"WebPage\",\"@id\":\"https:\\\/\\\/www.bellunopress.it\\\/2026\\\/03\\\/22\\\/s-francesco-xi-canto-del-paradiso-venerdi-a-cesiomaggiore-a-cura-di-maurizio-mellini\\\/\",\"url\":\"https:\\\/\\\/www.bellunopress.it\\\/2026\\\/03\\\/22\\\/s-francesco-xi-canto-del-paradiso-venerdi-a-cesiomaggiore-a-cura-di-maurizio-mellini\\\/\",\"name\":\"S.Francesco, XI\u00b0 Canto del Paradiso. Venerd\u00ec a Cesiomaggiore a cura di Maurizio Mellini - Bellunopress - Dolomiti\",\"isPartOf\":{\"@id\":\"https:\\\/\\\/www.bellunopress.it\\\/#website\"},\"primaryImageOfPage\":{\"@id\":\"https:\\\/\\\/www.bellunopress.it\\\/2026\\\/03\\\/22\\\/s-francesco-xi-canto-del-paradiso-venerdi-a-cesiomaggiore-a-cura-di-maurizio-mellini\\\/#primaryimage\"},\"image\":{\"@id\":\"https:\\\/\\\/www.bellunopress.it\\\/2026\\\/03\\\/22\\\/s-francesco-xi-canto-del-paradiso-venerdi-a-cesiomaggiore-a-cura-di-maurizio-mellini\\\/#primaryimage\"},\"thumbnailUrl\":\"https:\\\/\\\/www.bellunopress.it\\\/wp-content\\\/uploads\\\/2026\\\/03\\\/biblioteca-cesiomaggiore.jpg\",\"datePublished\":\"2026-03-22T07:29:50+00:00\",\"breadcrumb\":{\"@id\":\"https:\\\/\\\/www.bellunopress.it\\\/2026\\\/03\\\/22\\\/s-francesco-xi-canto-del-paradiso-venerdi-a-cesiomaggiore-a-cura-di-maurizio-mellini\\\/#breadcrumb\"},\"inLanguage\":\"fr-FR\",\"potentialAction\":[{\"@type\":\"ReadAction\",\"target\":[\"https:\\\/\\\/www.bellunopress.it\\\/2026\\\/03\\\/22\\\/s-francesco-xi-canto-del-paradiso-venerdi-a-cesiomaggiore-a-cura-di-maurizio-mellini\\\/\"]}]},{\"@type\":\"ImageObject\",\"inLanguage\":\"fr-FR\",\"@id\":\"https:\\\/\\\/www.bellunopress.it\\\/2026\\\/03\\\/22\\\/s-francesco-xi-canto-del-paradiso-venerdi-a-cesiomaggiore-a-cura-di-maurizio-mellini\\\/#primaryimage\",\"url\":\"https:\\\/\\\/www.bellunopress.it\\\/wp-content\\\/uploads\\\/2026\\\/03\\\/biblioteca-cesiomaggiore.jpg\",\"contentUrl\":\"https:\\\/\\\/www.bellunopress.it\\\/wp-content\\\/uploads\\\/2026\\\/03\\\/biblioteca-cesiomaggiore.jpg\",\"width\":600,\"height\":394},{\"@type\":\"BreadcrumbList\",\"@id\":\"https:\\\/\\\/www.bellunopress.it\\\/2026\\\/03\\\/22\\\/s-francesco-xi-canto-del-paradiso-venerdi-a-cesiomaggiore-a-cura-di-maurizio-mellini\\\/#breadcrumb\",\"itemListElement\":[{\"@type\":\"ListItem\",\"position\":1,\"name\":\"Home\",\"item\":\"https:\\\/\\\/www.bellunopress.it\\\/\"},{\"@type\":\"ListItem\",\"position\":2,\"name\":\"S.Francesco, XI\u00b0 Canto del Paradiso. Venerd\u00ec a Cesiomaggiore a cura di Maurizio Mellini\"}]},{\"@type\":\"WebSite\",\"@id\":\"https:\\\/\\\/www.bellunopress.it\\\/#website\",\"url\":\"https:\\\/\\\/www.bellunopress.it\\\/\",\"name\":\"Bellunopress - Dolomiti\",\"description\":\"e-mail: redazione@bellunopress.it\",\"publisher\":{\"@id\":\"https:\\\/\\\/www.bellunopress.it\\\/#organization\"},\"potentialAction\":[{\"@type\":\"SearchAction\",\"target\":{\"@type\":\"EntryPoint\",\"urlTemplate\":\"https:\\\/\\\/www.bellunopress.it\\\/?s={search_term_string}\"},\"query-input\":{\"@type\":\"PropertyValueSpecification\",\"valueRequired\":true,\"valueName\":\"search_term_string\"}}],\"inLanguage\":\"fr-FR\"},{\"@type\":\"Organization\",\"@id\":\"https:\\\/\\\/www.bellunopress.it\\\/#organization\",\"name\":\"Bellunopress\",\"url\":\"https:\\\/\\\/www.bellunopress.it\\\/\",\"logo\":{\"@type\":\"ImageObject\",\"inLanguage\":\"fr-FR\",\"@id\":\"https:\\\/\\\/www.bellunopress.it\\\/#\\\/schema\\\/logo\\\/image\\\/\",\"url\":\"https:\\\/\\\/www.bellunopress.it\\\/wp-content\\\/uploads\\\/2011\\\/05\\\/cropped-logo-bellunopress-.jpg\",\"contentUrl\":\"https:\\\/\\\/www.bellunopress.it\\\/wp-content\\\/uploads\\\/2011\\\/05\\\/cropped-logo-bellunopress-.jpg\",\"width\":512,\"height\":512,\"caption\":\"Bellunopress\"},\"image\":{\"@id\":\"https:\\\/\\\/www.bellunopress.it\\\/#\\\/schema\\\/logo\\\/image\\\/\"},\"sameAs\":[\"https:\\\/\\\/www.facebook.com\\\/profile.php?id=100008943462799\",\"https:\\\/\\\/x.com\\\/bellunopress\",\"https:\\\/\\\/www.linkedin.com\\\/hp\\\/?dnr=JBzUWaJfMUw8vbXJJ2tVW5-I3jZKvC4wsoxE&amp;amp;amp;amp;amp;amp;trk=nav_responsive_tab_home\",\"https:\\\/\\\/www.youtube.com\\\/channel\\\/UCxL0wu1uN0_3_7hGG0306cw\"]},{\"@type\":\"Person\",\"@id\":\"https:\\\/\\\/www.bellunopress.it\\\/#\\\/schema\\\/person\\\/79bb06722b37ece1c03d3e94beb30d73\",\"name\":\"redazione\",\"image\":{\"@type\":\"ImageObject\",\"inLanguage\":\"fr-FR\",\"@id\":\"https:\\\/\\\/secure.gravatar.com\\\/avatar\\\/37d968a2e67a6fd04c169c4bdef102d0bc5d31b2546345219e348575eb80e9a0?s=96&d=mm&r=g\",\"url\":\"https:\\\/\\\/secure.gravatar.com\\\/avatar\\\/37d968a2e67a6fd04c169c4bdef102d0bc5d31b2546345219e348575eb80e9a0?s=96&d=mm&r=g\",\"contentUrl\":\"https:\\\/\\\/secure.gravatar.com\\\/avatar\\\/37d968a2e67a6fd04c169c4bdef102d0bc5d31b2546345219e348575eb80e9a0?s=96&d=mm&r=g\",\"caption\":\"redazione\"},\"sameAs\":[\"http:\\\/\\\/www.bellunopress.it\",\"https:\\\/\\\/x.com\\\/bellunopress\"],\"url\":\"https:\\\/\\\/www.bellunopress.it\\\/fr\\\/author\\\/redazione\\\/\"}]}<\/script>\n<!-- \/ Yoast SEO plugin. -->","yoast_head_json":{"title":"S.Francesco, XI\u00b0 Canto del Paradiso. Venerd\u00ec a Cesiomaggiore a cura di Maurizio Mellini - Bellunopress - Dolomiti","robots":{"index":"index","follow":"follow","max-snippet":"max-snippet:-1","max-image-preview":"max-image-preview:large","max-video-preview":"max-video-preview:-1"},"canonical":"https:\/\/www.bellunopress.it\/fr\/2026\/03\/22\/s-francesco-xi-canto-del-paradiso-venerdi-a-cesiomaggiore-a-cura-di-maurizio-mellini\/","og_locale":"fr_FR","og_type":"article","og_title":"S.Francesco, XI\u00b0 Canto del Paradiso. Venerd\u00ec a Cesiomaggiore a cura di Maurizio Mellini - Bellunopress - Dolomiti","og_description":"Nell&#8217;ottocentesimo anno dalla morte di S. Francesco, patrono d&#8217;Italia, La Biblioteca Comunale di Cesiomaggiore, in collaborazione con l&#8217;associazione Amici di Dante Alighieri di Belluno, propone per venerd\u00ec 27 marzo alle ore 18 presso la sala della biblioteca comunale, un incontro con il dott. Maurizio Mellini, appassionato studioso di Dante, che reciter\u00e0 e commenter\u00e0 l&#8217;XI\u00b0 canto [&hellip;]","og_url":"https:\/\/www.bellunopress.it\/fr\/2026\/03\/22\/s-francesco-xi-canto-del-paradiso-venerdi-a-cesiomaggiore-a-cura-di-maurizio-mellini\/","og_site_name":"Bellunopress - Dolomiti","article_publisher":"https:\/\/www.facebook.com\/profile.php?id=100008943462799","article_published_time":"2026-03-22T07:29:50+00:00","og_image":[{"width":600,"height":394,"url":"https:\/\/www.bellunopress.it\/wp-content\/uploads\/2026\/03\/biblioteca-cesiomaggiore.jpg","type":"image\/jpeg"}],"author":"redazione","twitter_card":"summary_large_image","twitter_creator":"@bellunopress","twitter_site":"@bellunopress","twitter_misc":{"\u00c9crit par":"redazione","Dur\u00e9e de lecture estim\u00e9e":"1 minute"},"schema":{"@context":"https:\/\/schema.org","@graph":[{"@type":"Article","@id":"https:\/\/www.bellunopress.it\/2026\/03\/22\/s-francesco-xi-canto-del-paradiso-venerdi-a-cesiomaggiore-a-cura-di-maurizio-mellini\/#article","isPartOf":{"@id":"https:\/\/www.bellunopress.it\/2026\/03\/22\/s-francesco-xi-canto-del-paradiso-venerdi-a-cesiomaggiore-a-cura-di-maurizio-mellini\/"},"author":{"name":"redazione","@id":"https:\/\/www.bellunopress.it\/#\/schema\/person\/79bb06722b37ece1c03d3e94beb30d73"},"headline":"S.Francesco, XI\u00b0 Canto del Paradiso. Venerd\u00ec a Cesiomaggiore a cura di Maurizio Mellini","datePublished":"2026-03-22T07:29:50+00:00","mainEntityOfPage":{"@id":"https:\/\/www.bellunopress.it\/2026\/03\/22\/s-francesco-xi-canto-del-paradiso-venerdi-a-cesiomaggiore-a-cura-di-maurizio-mellini\/"},"wordCount":134,"publisher":{"@id":"https:\/\/www.bellunopress.it\/#organization"},"image":{"@id":"https:\/\/www.bellunopress.it\/2026\/03\/22\/s-francesco-xi-canto-del-paradiso-venerdi-a-cesiomaggiore-a-cura-di-maurizio-mellini\/#primaryimage"},"thumbnailUrl":"https:\/\/www.bellunopress.it\/wp-content\/uploads\/2026\/03\/biblioteca-cesiomaggiore.jpg","articleSection":["Appuntamenti, Eventi","Pausa Caff\u00e8"],"inLanguage":"fr-FR"},{"@type":"WebPage","@id":"https:\/\/www.bellunopress.it\/2026\/03\/22\/s-francesco-xi-canto-del-paradiso-venerdi-a-cesiomaggiore-a-cura-di-maurizio-mellini\/","url":"https:\/\/www.bellunopress.it\/2026\/03\/22\/s-francesco-xi-canto-del-paradiso-venerdi-a-cesiomaggiore-a-cura-di-maurizio-mellini\/","name":"S.Francesco, XI\u00b0 Canto del Paradiso. Venerd\u00ec a Cesiomaggiore a cura di Maurizio Mellini - Bellunopress - Dolomiti","isPartOf":{"@id":"https:\/\/www.bellunopress.it\/#website"},"primaryImageOfPage":{"@id":"https:\/\/www.bellunopress.it\/2026\/03\/22\/s-francesco-xi-canto-del-paradiso-venerdi-a-cesiomaggiore-a-cura-di-maurizio-mellini\/#primaryimage"},"image":{"@id":"https:\/\/www.bellunopress.it\/2026\/03\/22\/s-francesco-xi-canto-del-paradiso-venerdi-a-cesiomaggiore-a-cura-di-maurizio-mellini\/#primaryimage"},"thumbnailUrl":"https:\/\/www.bellunopress.it\/wp-content\/uploads\/2026\/03\/biblioteca-cesiomaggiore.jpg","datePublished":"2026-03-22T07:29:50+00:00","breadcrumb":{"@id":"https:\/\/www.bellunopress.it\/2026\/03\/22\/s-francesco-xi-canto-del-paradiso-venerdi-a-cesiomaggiore-a-cura-di-maurizio-mellini\/#breadcrumb"},"inLanguage":"fr-FR","potentialAction":[{"@type":"ReadAction","target":["https:\/\/www.bellunopress.it\/2026\/03\/22\/s-francesco-xi-canto-del-paradiso-venerdi-a-cesiomaggiore-a-cura-di-maurizio-mellini\/"]}]},{"@type":"ImageObject","inLanguage":"fr-FR","@id":"https:\/\/www.bellunopress.it\/2026\/03\/22\/s-francesco-xi-canto-del-paradiso-venerdi-a-cesiomaggiore-a-cura-di-maurizio-mellini\/#primaryimage","url":"https:\/\/www.bellunopress.it\/wp-content\/uploads\/2026\/03\/biblioteca-cesiomaggiore.jpg","contentUrl":"https:\/\/www.bellunopress.it\/wp-content\/uploads\/2026\/03\/biblioteca-cesiomaggiore.jpg","width":600,"height":394},{"@type":"BreadcrumbList","@id":"https:\/\/www.bellunopress.it\/2026\/03\/22\/s-francesco-xi-canto-del-paradiso-venerdi-a-cesiomaggiore-a-cura-di-maurizio-mellini\/#breadcrumb","itemListElement":[{"@type":"ListItem","position":1,"name":"Home","item":"https:\/\/www.bellunopress.it\/"},{"@type":"ListItem","position":2,"name":"S.Francesco, XI\u00b0 Canto del Paradiso. Venerd\u00ec a Cesiomaggiore a cura di Maurizio Mellini"}]},{"@type":"WebSite","@id":"https:\/\/www.bellunopress.it\/#website","url":"https:\/\/www.bellunopress.it\/","name":"Bellunopress - Dolomiti","description":"e-mail: redazione@bellunopress.it","publisher":{"@id":"https:\/\/www.bellunopress.it\/#organization"},"potentialAction":[{"@type":"SearchAction","target":{"@type":"EntryPoint","urlTemplate":"https:\/\/www.bellunopress.it\/?s={search_term_string}"},"query-input":{"@type":"PropertyValueSpecification","valueRequired":true,"valueName":"search_term_string"}}],"inLanguage":"fr-FR"},{"@type":"Organization","@id":"https:\/\/www.bellunopress.it\/#organization","name":"Bellunopress","url":"https:\/\/www.bellunopress.it\/","logo":{"@type":"ImageObject","inLanguage":"fr-FR","@id":"https:\/\/www.bellunopress.it\/#\/schema\/logo\/image\/","url":"https:\/\/www.bellunopress.it\/wp-content\/uploads\/2011\/05\/cropped-logo-bellunopress-.jpg","contentUrl":"https:\/\/www.bellunopress.it\/wp-content\/uploads\/2011\/05\/cropped-logo-bellunopress-.jpg","width":512,"height":512,"caption":"Bellunopress"},"image":{"@id":"https:\/\/www.bellunopress.it\/#\/schema\/logo\/image\/"},"sameAs":["https:\/\/www.facebook.com\/profile.php?id=100008943462799","https:\/\/x.com\/bellunopress","https:\/\/www.linkedin.com\/hp\/?dnr=JBzUWaJfMUw8vbXJJ2tVW5-I3jZKvC4wsoxE&amp;amp;amp;amp;amp;amp;trk=nav_responsive_tab_home","https:\/\/www.youtube.com\/channel\/UCxL0wu1uN0_3_7hGG0306cw"]},{"@type":"Person","@id":"https:\/\/www.bellunopress.it\/#\/schema\/person\/79bb06722b37ece1c03d3e94beb30d73","name":"r\u00e9daction","image":{"@type":"ImageObject","inLanguage":"fr-FR","@id":"https:\/\/secure.gravatar.com\/avatar\/37d968a2e67a6fd04c169c4bdef102d0bc5d31b2546345219e348575eb80e9a0?s=96&d=mm&r=g","url":"https:\/\/secure.gravatar.com\/avatar\/37d968a2e67a6fd04c169c4bdef102d0bc5d31b2546345219e348575eb80e9a0?s=96&d=mm&r=g","contentUrl":"https:\/\/secure.gravatar.com\/avatar\/37d968a2e67a6fd04c169c4bdef102d0bc5d31b2546345219e348575eb80e9a0?s=96&d=mm&r=g","caption":"redazione"},"sameAs":["http:\/\/www.bellunopress.it","https:\/\/x.com\/bellunopress"],"url":"https:\/\/www.bellunopress.it\/fr\/author\/redazione\/"}]}},"_links":{"self":[{"href":"https:\/\/www.bellunopress.it\/fr\/wp-json\/wp\/v2\/posts\/168344","targetHints":{"allow":["GET"]}}],"collection":[{"href":"https:\/\/www.bellunopress.it\/fr\/wp-json\/wp\/v2\/posts"}],"about":[{"href":"https:\/\/www.bellunopress.it\/fr\/wp-json\/wp\/v2\/types\/post"}],"author":[{"embeddable":true,"href":"https:\/\/www.bellunopress.it\/fr\/wp-json\/wp\/v2\/users\/2"}],"replies":[{"embeddable":true,"href":"https:\/\/www.bellunopress.it\/fr\/wp-json\/wp\/v2\/comments?post=168344"}],"version-history":[{"count":1,"href":"https:\/\/www.bellunopress.it\/fr\/wp-json\/wp\/v2\/posts\/168344\/revisions"}],"predecessor-version":[{"id":168346,"href":"https:\/\/www.bellunopress.it\/fr\/wp-json\/wp\/v2\/posts\/168344\/revisions\/168346"}],"wp:featuredmedia":[{"embeddable":true,"href":"https:\/\/www.bellunopress.it\/fr\/wp-json\/wp\/v2\/media\/168345"}],"wp:attachment":[{"href":"https:\/\/www.bellunopress.it\/fr\/wp-json\/wp\/v2\/media?parent=168344"}],"wp:term":[{"taxonomy":"category","embeddable":true,"href":"https:\/\/www.bellunopress.it\/fr\/wp-json\/wp\/v2\/categories?post=168344"},{"taxonomy":"post_tag","embeddable":true,"href":"https:\/\/www.bellunopress.it\/fr\/wp-json\/wp\/v2\/tags?post=168344"}],"curies":[{"name":"wp","href":"https:\/\/api.w.org\/{rel}","templated":true}]}}