{"id":168338,"date":"2026-03-19T20:33:28","date_gmt":"2026-03-19T19:33:28","guid":{"rendered":"https:\/\/www.bellunopress.it\/?p=168338"},"modified":"2026-03-20T10:53:09","modified_gmt":"2026-03-20T09:53:09","slug":"referendum-giustizia-promesse-mancate-costi-aumentati-poltrone-triplicate-e-la-giustizia-che-non-ce","status":"publish","type":"post","link":"https:\/\/www.bellunopress.it\/fr\/2026\/03\/19\/referendum-giustizia-promesse-mancate-costi-aumentati-poltrone-triplicate-e-la-giustizia-che-non-ce\/","title":{"rendered":"Referendum Giustizia: promesse mancate, costi aumentati, poltrone triplicate e la giustizia che non c\u2019\u00e8"},"content":{"rendered":"<p><strong><em>Quando la geopolitica presenta il conto: le ricadute in Italia<\/em><\/strong><\/p>\n<p>In questi frangenti stiamo patendo le ricadute della guerra scatenata in Medio Oriente da USA e Israele. Il danno immediato \u00e8 sotto gli occhi di tutti: benzina a +13 cent al litro, gasolio a +32, poco conta un sollievo di venti giorni e poi? La fisica insegna che ad ogni azione corrisponde una reazione uguale e contraria: vale in natura e vale nelle relazioni umane e internazionali. La contromossa iraniana all\u2019aggressione del tycoon e del premier israeliano era dunque facilmente prevedibile. Chi controlla lo Stretto di Hormuz risponde colpendo dove \u00e8 pi\u00f9 efficace, gli Stati vicini all\u2019Iran. La sottovalutazione di questa dinamica da parte di Mr. Maga e Bibi Netanyahu ha amplificato una crisi che inevitabilmente ricade sui prezzi dell\u2019energia. In questo quadro, la posizione italiana del \u201cn\u00e9 concordo n\u00e9 condanno\u201d a dodici data dall\u2019inzio del conflitto bellico, appare poco convincente e plausibile agli occhi di cittadini e imprese chiamati a pagarne il conto nella loro esistenza quotidiana.<\/p>\n<p>Al G7 di pochi giorni fa, Francia, Germania, Italia, Regno Unito, Canada e la stessa Unione Europea hanno finalmente battuto un colpo, opponendosi alla linea unilaterale di DT sull\u2019escalation mediorientale e mostrando di aver compreso che i loro interessi nazionali divergono da quelli della Casa Bianca. Un cambio di passo che potrebbe trovare nella Spagna il primo naturale aderente qualora si formasse una \u201ccoalizione di volontari\u201d sul modello di Schengen, dell\u2019euro o delle iniziative comuni durante la pandemia, Covid 2019.<\/p>\n<p>In questo contesto, anche Giorgia Meloni \u2013 in trasferta \u2013 ha dovuto prendere atto di ci\u00f2 che pochi giorni prima negava: l\u2019Italia non pu\u00f2 essere sempre reggicoda di Washington, e le simpatie politiche verso il presidente americano vengono dopo (molto dopo) un\u2019efficace \u00a0tutela dell\u2019interesse nazionale. Potrebbe essere questa un\u2019opportunit\u00e0\u00a0 affinch\u00e9 il gruppo dei cinque, e da subito tutte le Nazioni UE che ci stanno, \u00a0negozino con l\u2019 Iran il libero transito per lo Stretto di Hormuz delle petrol-gas-metano-niere\u00a0 verso le rispettive destinazioni. Se gli Ayatollah chiedono di essere pagati in moneta diversa dal dollaro, dove sta il problema? Il blocco navale \u00e8 -in primis- contro chi ha scatenato la guerra: Usa e Israele non per principio contro tutti. \u00c8 tempo ed ora che l\u2019Europa acquisisca soggettivit\u00e0 \u201cpolitica\u201d, si sottragga all\u2019arroganza americana e compri ci\u00f2 che serve agli europei e all\u2019economia laddove beni e servizi, a parit\u00e0 di resa, costano \u00a0meno. Insomma, operi \u2013 pur conservando e preservando \u00a0il proprio patrimonio di ideali e valori occidentali- nel mercato libero e mondializzato da anni. In questa direzione,\u00a0 Cina ed India hanno gi\u00e0 trattando cogliendo i primi risultati positivi. Perch\u00e9 noi no?\u00a0 O gli italiani devono pagar \u201cdazio\u201d due volte ? .<\/p>\n<p><strong>La prima<\/strong> sul fronte energetico, costretti a pagare il gas statunitense a prezzi quintuplicati o a bussare a Mosca con il cappello in mano dopo aver sostenuto Zelensky e speso miliardi in euro. <strong>La seconda<\/strong>, causata da una leader di rito trumpista accompagnata da una\u00a0 maggioranza di Destra volta a disarticolare e squilibrare i tre i poteri costituzionali: esecutivo, legislativo e giudiziario, calpestando autonomia e indipendenza del secondo e del terzo a favore di chi comanda\u00a0 a Palazzo Chigi.<\/p>\n<p>In una relazione \u201cspeciale\u201d tipo quella attestata da Giorgia Meloni verso Donald Trump, prima o poi il concedente si fa vivo con il beneficiato senza alcun sconto. Esemplificando: l\u2019introduzione di dazi, l\u2019aumento dei costi energetici e probabilmente l\u2019utilizzo delle basi americane in Italia secondo le regole siglate nel 1954. Allora, il Presidente USA si chiamava Eisenhower, repubblicano, personalit\u00e0 pubblica lungimirante e saggia. Nella situazione attuale intervenendo nei media italiani ha definito DT inesperto di economia. Tuttavia, il vassallaggio meloniano \u00e8 anche l\u2019effetto della <em>rilevante irrilevanza<\/em> del Bel Paese nello scenario internazionale, una marginalit\u00e0 che pesa proprio quando le grandi crisi globali si ripercuotono sull\u2019economia reale. Un tempo eravamo i vagoni di testa per l\u2019integrazione europea, ora siamo al traino stiamo viaggiando in coda al treno.<\/p>\n<p>Il PcM e il suo vice, Matteo Salvini, oltre che vantarsi dell\u2019amicizia con Mr. Maga, frequentano la compagnia di giro in cui eccelle Orb\u00e1n, Primo Ministro dell\u2019Ungheria, Paese in cui il cittadino sottoposto a indagine viene portato in tribunale con catene ai polsi e alle caviglie; una pratica pi\u00f9 volte denunciata da Amnesty International e dall\u2019OSCE, Organizzazione per la Sicurezza e la Cooperazione in Europa.<\/p>\n<p>Allo stesso modo DT, fa salire in aereo i migranti centroamericani da deportare nei loro Paesi d\u2019origine: Guatemala, Honduras, El Salvador, Nicaragua, secondo i protocolli del Department of Homeland Security. Per questa ragione e per le guerre pacificate, Russa\/Ucraina\u00a0 tra le altre, Donald Trump possiede le qualit\u00e0 morali,\u00a0 culturali e politiche pubblicamente apprezzate da Giorgia Meloni che lo ha proposto per il \u00a0\u201cNobel della Pace\u201d, da ultimo il <strong>23 gennaio<\/strong> <strong>scorso<\/strong>.<\/p>\n<p>Di recente, gli amici intimi si sono contati per dare un \u201caiutino\u201d a Orb\u00e1n, impegnato nella riconquista della premiership. Strumento utilizzato, \u00e8 stato un video uno spottone di propaganda dove compaiono pi\u00f9 di una dozzina dirigenti politici facenti parte della destra internazionale, dieci di questi sono europei: Meloni e Salvini per l\u2019Italia, Le Pen e Bardella per la Francia, Weidel per la Germania, Kickl per l\u2019Austria, Abascal per la Spagna, Wilders per i Paesi Bassi, Babi\u0161 per la Repubblica Ceca, Morawiecki per la Polonia, Jan\u0161a per la Slovenia.<\/p>\n<p>\u00c8 la mappa politica dei movimenti sovranisti e populisti del vecchio continente.<br \/>\nCorre l\u2019obbligo di citare -per completezza- due esponenti di spicco mondiale: Benjamin Netanyahu, Primo Ministro di Israele, e Javier Milei, Presidente dell\u2019Argentina.<\/p>\n<p>Tutti costoro gravitano volentieri attorno al Presidente\u2011imperiale residente a Mar\u2011a\u2011Lago, condividendone la visione geopolitica fondata sulla regola del pi\u00f9 forte, sull\u2019avversione al principio di pari dignit\u00e0 tra etnie, religioni e persone, e sulla convinzione che i diritti civili e le libert\u00e0 individuali e collettive vadano compressi. \u00c8 la montante ed influente Destra Internazionale, di qua \u00a0e di l\u00e0 dell\u2019Atlantico bellezza !.<\/p>\n<p>Sia i leader sia le forze politiche da loro capitanate, nei rispettivi scenari nazionali, si qualificano per un esercizio del potere che parte dal <em>Chief Commander<\/em> made in USA e si muove al di l\u00e0 dei <em>checks and balances<\/em>, mal sopportando il ruolo dei \u201cterzi soggetti\u201d, in primis la magistratura, che ha l\u2019obbligo di vigilare, controllare, prevenire e sanzionare fatti, atti e comportamenti <em>ultra legem<\/em>. La Destra \u00e8 sempre alla ricerca del rapporto diretto Capo\u2011Popolo: chi \u00e8 eletto dal \u201cpopolo sovrano\u201d non deve avere limiti nel suo <em>facere<\/em>, nel suo agire per il \u201cbene\u201d e il \u201cgiusto\u201d che Lui o Lei interpreta.<\/p>\n<p>Echi di questa concezione li ritroviamo nelle affermazioni della Governante di Palazzo Chigi: \u00abi giudici ci impediscono di governare\u00bb (8 marzo scorso); oppure, il 29 ottobre 2025, dopo il no della Corte dei conti sul Ponte sullo Stretto: \u00abDai giudici intollerabile invadenza e capziosit\u00e0, non ci fermeranno\u00bb. In entrambe le situazioni il postulato sotteso \u00e8 chiaro: la magistratura non pu\u00f2 frapporsi come ostacolo all\u2019azione dell\u2019esecutivo uscito dalle urne del 2022.<\/p>\n<p>Se poi scendiamo di livello per cogliere la finalit\u00e0 vera della riforma della giustizia, troviamo Giusy Bartolozzi, gi\u00e0 deputata e oggi capo di gabinetto del Ministro Nordio, che il 15 marzo ha invitato a \u00abvotare S\u00cc per togliere di mezzo la magistratura\u00bb, definendola \u00abun plotone d\u2019esecuzione\u00bb. Il 14 marzo, a Terni, il senatore di FdI Franco Zaffini ha rincarato: \u00abFinire davanti alla magistratura \u00e8 come un cancro, peggio di un plotone d\u2019esecuzione\u00bb. E il 16 marzo, in Basilicata, il deputato di FdI Aldo Mattia ha esortato i suoi: \u00abPer il S\u00cc usate anche il solito sistema clientelare\u00bb.<\/p>\n<p>\u00c8 l\u2019arrogante e protervo esercizio di funzioni pubbliche piegate alla fazione, alla fedelt\u00e0 personale, alla gamba tesa per la \u201czarina\u201d, in un contesto dove il rispetto per lo Stato, per il diritto dei cittadini a essere informati e non manipolati, e per la libert\u00e0 del voto evapora in una cultura politica che scambia il consenso con favori, promesse e restituzioni.<\/p>\n<p><em>Dal <strong>\u201cplotone d\u2019esecuzione\u201d<\/strong> al \u201c<strong>sistema clientelare\u201d:<\/strong> parole e pratiche che raccontano la vera posta in gioco del referendum sulla giustizia.\u00a0 <\/em><\/p>\n<p>La c.d. riforma della giustizia, incidente soprattutto sulla posizione e sulla funzione della magistratura penale \u2013 in particolare dei Pubblici Ministeri \u2013 \u00e8 stata approvata a maggioranza semplice perch\u00e9 cos\u00ec ha fermamente voluto il Governo Meloni. Di fatto, il testo cucinato e sfornato dal Presidente del Consiglio e dai due staffieri\u2011vicepremier \u00e8 stato poi ingoiato e digerito dal Parlamento nelle quattro canoniche letture prescritte dalla Costituzione finora vigente.<\/p>\n<p>Qualcuno, Matteo Renzi, leader di Italia Viva, che pure avrebbe voluto votare a favore, si \u00e8 astenuto (come Azione) obiettando che \u00abla montagna ha prodotto un topolino\u00bb. Tradotto dal politichese: <strong>non \u00e8 stato permesso<\/strong> di cambiare nemmeno una virgola. Tutte le opposizioni \u2013 dal PD al M5S, da AVS a +Europa, fino alle componenti del Gruppo Misto \u2013 hanno votato contro la riforma, denunciando la politicizzazione del CSM, il rischio di subordinare i PM all\u2019esecutivo, l\u2019istituzione di un\u2019Alta Corte disciplinare percepita come strumento di pressione sui magistrati e l\u2019assenza di qualsiasi intervento sul funzionamento reale della giustizia, quello che amministra i diritti dei cittadini e la certezza del diritto alle imprese. <em>Mai era accaduta una cosa simile<\/em><strong> !. <\/strong><\/p>\n<p><strong><em>Promesse<\/em><\/strong><em> mancate, <strong>costi<\/strong> aumentati, <strong>poltron<\/strong>e triplicate e la <strong>giustizia<\/strong> che non c\u2019\u00e8 <\/em><\/p>\n<p>Le regole del gioco debbono vedere al tavolo della discussione tutti i player \u2013 tutte le forze politiche rappresentate alle Camere \u2013 se si vuole che quanto deciso resti in piedi oggi, domani e dopodomani. I principi del 1948 durano da ottant\u2019anni.<\/p>\n<p>Cos\u00ec avvenne anche con la Bicamerale D\u2019Alema (1997\u20111998): l\u00ec la separazione delle carriere era inserita in un progetto costituzionale complessivo, equilibrato e condiviso, non in uno <strong>spezzatino punitivo<\/strong> costruito a colpi di maggioranza. A farla fallire fu Silvio Berlusconi, che ritir\u00f2 il suo appoggio quando cap\u00ec che quella riforma non gli avrebbe garantito alcuna immunit\u00e0 nei procedimenti penali in corso. Oggi proprio quel fallimento viene evocato per far credere che la \u201cseparazione\u201d sia nata a sinistra, quando in realt\u00e0 nasceva dentro un contesto istituzionale che l\u2019attuale maggioranza ha scelto di ignorare.<\/p>\n<p>Il mancato dibattito e la non accettazione di emendamenti significativi espressi al di fuori del perimetro governativo hanno impedito di raggiungere i due terzi dei voti necessari per evitare il referendum confermativo. Rassicurata da sondaggi che davano il S\u00cc avanti di oltre venti punti, la compagine governativa si \u00e8 assunta la responsabilit\u00e0 di chiedere la conferma popolare, certa di aver gi\u00e0 vinto in partenza. A fine 2025, dal triangolo di vertice venne detto che \u00abil Governo non sarebbe entrato in partita\u00bb: \u00e8 accaduto l\u2019esatto contrario. Inoltre, se un confronto costruttivo avesse portato al quorum dei due terzi, i circa 90 milioni di euro necessari per la consultazione di domenica avrebbero potuto essere risparmiati \u2013 magari per prolungare di qualche giorno lo sconto sulla benzina.<\/p>\n<p>Ancora. Alle elezioni del 2022 i non votanti sono stati <strong>oltre 18 milioni<\/strong> di aventi diritto, un numero superiore a ciascuna delle due coalizioni in competizione. E l\u2019insieme delle opposizioni ha raccolto circa un milione e mezzo di voti in pi\u00f9 della coalizione oggi al governo, trainata da un partito \u2013 Fratelli d\u2019Italia \u2013 scelto da un italiano su sei (15,9% degli aventi titolo) e che, nel complesso, ha portato la coalizione <strong>al 43,8%,<\/strong> ben al di sotto della met\u00e0 del corpo elettorale.<\/p>\n<p>La scelta del Governo di ignorare sia gli oltre 18 milioni di non votanti sia l\u2019intero arco delle opposizioni rivela <strong>un\u2019indifferenza strutturale<\/strong> verso quella parte del Paese che non si riconosce nella maggioranza. \u00c8 una dinamica che si somma alla costante flessione della partecipazione popolare e che finisce per rafforzare l\u2019idea che basti il consenso di una minoranza relativa per legittimare scelte che ridisegnano gli equilibri costituzionali, alimentando la figura dell\u2019Uomo o della Donna della Provvidenza chiamato a <strong>\u201cdecidere per tutti.<\/strong><\/p>\n<p>La riforma triplica i costi del CSM da uno che costa oggi 47 milioni ad oltre 140, moltiplica le poltrone e introduce un sorteggio che non spezza le correnti ma le rende opache. Le scuole di pensiero giuridico non scompaiono per estrazioni come al lotto: si ricompongono dopo, come dimostra la storia stessa della magistratura italiana. Borsellino e Falcone appartenevano a correnti diverse: nessuno ha mai pensato che questo li rendesse meno indipendenti.<\/p>\n<p>La riforma non si limita a separare giudici e PM: intreccia la giurisdizione penale con un nuovo potere disciplinare che pu\u00f2 incidere sulla libert\u00e0 di iniziativa del Pubblico Ministero. Il confine tra reato e illecito disciplinare <strong>diventa labile<\/strong>, e un PM che indaga il potere rischia di essere vulnerabile non per ci\u00f2 che fa, ma per come qualcuno decide di interpretare ci\u00f2 che fa. Non \u00e8 la terziet\u00e0 del giudice a essere rafforzata: <strong>\u00e8 la dipendenza del PM dal potere politico a essere accresciuta<\/strong>.<\/p>\n<p>Nell\u2019intervento a gamba tesa e diretta di Giorgia Meloni tramite una video clip diffuso\u00a0 a pochi giorni dal voto su tutti le tv e i social media, la Presidente del Consiglio presenta la riforma come un\u2019\u201coccasione storica per rendere pi\u00f9 efficiente la giustizia\u201d.<\/p>\n<p>\u00c8 una formulazione che contrasta in radice con quanto dichiarato in precedenza dal Ministro della Giustizia e dalla Senatrice ed avvocato Giulia Buongiorno in aula parlamentare. Entrambi affermano che la riforma <strong>non interviene n\u00e9 sui tempi dei processi n\u00e9 sull\u2019efficienza<\/strong> del sistema, ma esclusivamente sull\u2019assetto ordinamentale della magistratura. E\u2019 grave che nella comunicazione ufficiale di Palazzo Chigi non si\u00a0 ricordi \u00a0che il quesito referendario modifica ben sette articoli della Costituzione inseriti d\u2019ufficio solo dopo la presentazione di centinaia di migliaia di firme accolte dalla Cassazione. Si tratta di omissioni pesanti che incidono sulla completezza, realt\u00e0 \u00a0e veridicit\u00e0 dell\u2019informazione offerta ai cittadini in una consultazione chiamata ad incidere profondamente sull\u2019autonomia ed indipendenza dell\u2019ordinamento giudiziario.<\/p>\n<p>Mentre ci chiedono di votare &#8216;S\u00ec&#8217; per una riforma che triplica le poltrone della giustizia, ricordiamoci dei nostri portafogli. Il 22 marzo 2022, Draghi metteva <strong>un miliardo al mese<\/strong> per tagliare le accise di <strong>32 centesimi<\/strong>. La prima mossa di Giorgia Meloni? Cancellare <strong>quello sconto a gennaio 2023<\/strong>, rimangiandosi anni di promesse urlate dai benzinai. Poi, la beffa: mini-sconti da 25 centesimi con la data di scadenza, come lo yogurt, validi solo il tempo di un post sui social. Spendono i soldi degli italiani in CPR fantasma in Albania e in tribunali politici (l&#8217;Alta Corte), mentre il debito corre verso i 3.000 miliardi e la benzina torna a correre verso i due euro.&#8221;<\/p>\n<p><strong>La priorit\u00e0<\/strong> di Giorgia Meloni non \u00e8 stata la crescita o il taglio delle tasse promesso, ma una riforma costituzionale che servir\u00e0 solo a garantire <strong>l&#8217;impunit\u00e0 della politica.<\/strong> Spendono i vostri soldi per creare tribunali che giudichino <strong>i giudici \u201cscomodi\u201d&#8217;<\/strong>, mentre i processi per i cittadini restano fermi per mancanza di personale.&#8221;<\/p>\n<p>Infine, caro elettore, cara elettrice, se in questo fine settimana andrai a votare, ricordati che lo sconto alla pompa dura venti giorni e, infine , \u00a0che la promessa di una \u201criduzione progressiva delle accise\u201d non \u00e8 stata mantenuta . In un momento in cui i cittadini attendono servizi pi\u00f9 efficienti, processi pi\u00f9 rapidi e un fisco meno oppressivo, \u00e8 legittimo chiedersi se questa sia davvero la direzione che rafforza la giustizia, la trasparenza e la fiducia nelle istituzioni. La risposta non pu\u00f2 che essere un chiaro e\u00a0 consapevole NO da apporre sulla scheda elettorale.<\/p>\n<p>19 \u00a0marzo\u00a0\u00a0\u00a0 2026\u00a0 \u00a0 \u00a0 \u00a0 \u00a0 \u00a0 \u00a0 \u00a0 \u00a0 \u00a0 \u00a0 \u00a0 \u00a0 \u00a0 \u00a0 \u00a0 \u00a0 \u00a0 \u00a0 \u00a0 \u00a0 \u00a0 \u00a0 \u00a0 \u00a0 \u00a0 \u00a0 \u00a0 \u00a0 \u00a0 \u00a0 \u00a0 \u00a0 \u00a0 \u00a0 \u00a0 \u00a0 \u00a0 \u00a0 \u00a0 \u00a0 \u00a0 \u00a0 \u00a0 \u00a0 \u00a0 \u00a0 \u00a0 \u00a0 \u00a0 \u00a0 \u00a0 \u00a0 \u00a0 \u00a0 \u00a0 Enzo De Biasi<\/p>\n<p>Fonti:<\/p>\n<p><a href=\"http:\/\/www.lidealiberale.com\/2026\/02\/chi-controlla-la-magistratura.html#:~:text=E%20chi%20controlla%20la%20magistratura%3F%E2%80%9D%20ha%20chiesto%20provocatoriamente,disciplinare%2C%20definita%20dal%20ministro%20%E2%80%9C%20giustizia%20domestica%20%E2%80%9D.\">C Nordio chi controlla la magistratura ?<\/a> \u00a0; <a href=\"https:\/\/www.instagram.com\/reels\/DUePVcjiCqj\/\">Zagrebelsky commenta l\u2019intervento di C. Nordio<\/a><\/p>\n<p><a href=\"https:\/\/stream24.ilsole24ore.com\/video\/italia\/referendum-video-meloni-x-riguarda-tutti-votate-si\/AIp8jwqB\">Sole 24 ore Video Clip 19 03 del PcM<\/a> ; <a href=\"https:\/\/www.avvenire.it\/politica\/il-caso-bartolozzi-lira-delle-opposizioni-e-il-muro-del-governo_105662\">G, Bortoluzzi Capo Gabinetto Ministero Grazia e Giustizia<\/a> ; <a href=\"https:\/\/www.lastampa.it\/politica\/2026\/03\/16\/video\/referendum_il_deputato_fdi_aldo_mattia_allevento_per_il_si_utilizzate_il_sistema_clientelare-15546821\/\">FdI A Mattia \u201csolito sistema clientelare\u201d<\/a>; <a href=\"https:\/\/www.lastampa.it\/politica\/2026\/03\/17\/video\/franco_zaffini_fdi_contro_la_magistratura_finire_davanti_ai_pm_e_come_aver_un_cancro-15548480\/\">FdI Franco Zeffini \u201c Magistratura come un cancro\u201d<\/a><\/p>\n<p>Per sorridere ( o per capirne di pi\u00f9) :<\/p>\n<p><a href=\"https:\/\/www.repubblica.it\/spettacoli\/2025\/11\/01\/video\/giustizia_crozza_un_referendum_costituzionale_per_la_carriera_di_40_persone_lanno-424952486\/\">M Crozza spiega la riforma della giustizia <\/a><\/p>\n<p>&nbsp;<\/p>\n<p>&nbsp;<\/p>\n<p><strong>\u00a0<\/strong><\/p>\n<p><strong>\u00a0<\/strong><\/p>\n<p><strong>\u00a0<\/strong><\/p>\n<p><strong>\u00a0<\/strong><\/p>\n<p><strong>\u00a0<\/strong><\/p>\n<p><strong>\u00a0<\/strong><\/p>\n<p><strong>\u00a0<\/strong><\/p>\n<p><strong>\u00a0<\/strong><\/p>\n<p><strong>\u00a0<\/strong><\/p>","protected":false},"excerpt":{"rendered":"<p>Quando la geopolitica presenta il conto: le ricadute in Italia In questi frangenti stiamo patendo le ricadute della guerra scatenata in Medio Oriente da USA e Israele. Il danno immediato \u00e8 sotto gli occhi di tutti: benzina a +13 cent al litro, gasolio a +32, poco conta un sollievo di venti giorni e poi? La [&hellip;]<\/p>\n","protected":false},"author":2,"featured_media":167875,"comment_status":"closed","ping_status":"open","sticky":false,"template":"","format":"standard","meta":{"footnotes":""},"categories":[5,26],"tags":[],"class_list":["post-168338","post","type-post","status-publish","format-standard","has-post-thumbnail","category-cronaca","category-prima-pagina"],"yoast_head":"<!-- This site is optimized with the Yoast SEO plugin v28.4 - https:\/\/yoast.com\/product\/yoast-seo-wordpress\/ -->\n<title>Referendum Giustizia: promesse mancate, costi aumentati, poltrone triplicate e la giustizia che non c\u2019\u00e8 - Bellunopress - Dolomiti<\/title>\n<meta name=\"robots\" content=\"index, follow, max-snippet:-1, max-image-preview:large, max-video-preview:-1\" \/>\n<link rel=\"canonical\" href=\"https:\/\/www.bellunopress.it\/fr\/2026\/03\/19\/referendum-giustizia-promesse-mancate-costi-aumentati-poltrone-triplicate-e-la-giustizia-che-non-ce\/\" \/>\n<meta property=\"og:locale\" content=\"fr_FR\" \/>\n<meta property=\"og:type\" content=\"article\" \/>\n<meta property=\"og:title\" content=\"Referendum Giustizia: promesse mancate, costi aumentati, poltrone triplicate e la giustizia che non c\u2019\u00e8 - Bellunopress - Dolomiti\" \/>\n<meta property=\"og:description\" content=\"Quando la geopolitica presenta il conto: le ricadute in Italia In questi frangenti stiamo patendo le ricadute della guerra scatenata in Medio Oriente da USA e Israele. Il danno immediato \u00e8 sotto gli occhi di tutti: benzina a +13 cent al litro, gasolio a +32, poco conta un sollievo di venti giorni e poi? La [&hellip;]\" \/>\n<meta property=\"og:url\" content=\"https:\/\/www.bellunopress.it\/fr\/2026\/03\/19\/referendum-giustizia-promesse-mancate-costi-aumentati-poltrone-triplicate-e-la-giustizia-che-non-ce\/\" \/>\n<meta property=\"og:site_name\" content=\"Bellunopress - Dolomiti\" \/>\n<meta property=\"article:publisher\" content=\"https:\/\/www.facebook.com\/profile.php?id=100008943462799\" \/>\n<meta property=\"article:published_time\" content=\"2026-03-19T19:33:28+00:00\" \/>\n<meta property=\"article:modified_time\" content=\"2026-03-20T09:53:09+00:00\" \/>\n<meta property=\"og:image\" content=\"https:\/\/www.bellunopress.it\/wp-content\/uploads\/2026\/03\/referendum-urna-voto.jpg\" \/>\n\t<meta property=\"og:image:width\" content=\"600\" \/>\n\t<meta property=\"og:image:height\" content=\"327\" \/>\n\t<meta property=\"og:image:type\" content=\"image\/jpeg\" \/>\n<meta name=\"author\" content=\"redazione\" \/>\n<meta name=\"twitter:card\" content=\"summary_large_image\" \/>\n<meta name=\"twitter:creator\" content=\"@bellunopress\" \/>\n<meta name=\"twitter:site\" content=\"@bellunopress\" \/>\n<meta name=\"twitter:label1\" content=\"\u00c9crit par\" \/>\n\t<meta name=\"twitter:data1\" content=\"redazione\" \/>\n\t<meta name=\"twitter:label2\" content=\"Dur\u00e9e de lecture estim\u00e9e\" \/>\n\t<meta name=\"twitter:data2\" content=\"13 minutes\" \/>\n<script type=\"application\/ld+json\" class=\"yoast-schema-graph\">{\"@context\":\"https:\\\/\\\/schema.org\",\"@graph\":[{\"@type\":\"Article\",\"@id\":\"https:\\\/\\\/www.bellunopress.it\\\/2026\\\/03\\\/19\\\/referendum-giustizia-promesse-mancate-costi-aumentati-poltrone-triplicate-e-la-giustizia-che-non-ce\\\/#article\",\"isPartOf\":{\"@id\":\"https:\\\/\\\/www.bellunopress.it\\\/2026\\\/03\\\/19\\\/referendum-giustizia-promesse-mancate-costi-aumentati-poltrone-triplicate-e-la-giustizia-che-non-ce\\\/\"},\"author\":{\"name\":\"redazione\",\"@id\":\"https:\\\/\\\/www.bellunopress.it\\\/#\\\/schema\\\/person\\\/79bb06722b37ece1c03d3e94beb30d73\"},\"headline\":\"Referendum Giustizia: promesse mancate, costi aumentati, poltrone triplicate e la giustizia che non c\u2019\u00e8\",\"datePublished\":\"2026-03-19T19:33:28+00:00\",\"dateModified\":\"2026-03-20T09:53:09+00:00\",\"mainEntityOfPage\":{\"@id\":\"https:\\\/\\\/www.bellunopress.it\\\/2026\\\/03\\\/19\\\/referendum-giustizia-promesse-mancate-costi-aumentati-poltrone-triplicate-e-la-giustizia-che-non-ce\\\/\"},\"wordCount\":2583,\"publisher\":{\"@id\":\"https:\\\/\\\/www.bellunopress.it\\\/#organization\"},\"image\":{\"@id\":\"https:\\\/\\\/www.bellunopress.it\\\/2026\\\/03\\\/19\\\/referendum-giustizia-promesse-mancate-costi-aumentati-poltrone-triplicate-e-la-giustizia-che-non-ce\\\/#primaryimage\"},\"thumbnailUrl\":\"https:\\\/\\\/www.bellunopress.it\\\/wp-content\\\/uploads\\\/2026\\\/03\\\/referendum-urna-voto.jpg\",\"articleSection\":[\"Cronaca\\\/Politica\",\"Prima Pagina\"],\"inLanguage\":\"fr-FR\"},{\"@type\":\"WebPage\",\"@id\":\"https:\\\/\\\/www.bellunopress.it\\\/2026\\\/03\\\/19\\\/referendum-giustizia-promesse-mancate-costi-aumentati-poltrone-triplicate-e-la-giustizia-che-non-ce\\\/\",\"url\":\"https:\\\/\\\/www.bellunopress.it\\\/2026\\\/03\\\/19\\\/referendum-giustizia-promesse-mancate-costi-aumentati-poltrone-triplicate-e-la-giustizia-che-non-ce\\\/\",\"name\":\"Referendum Giustizia: promesse mancate, costi aumentati, poltrone triplicate e la giustizia che non c\u2019\u00e8 - Bellunopress - Dolomiti\",\"isPartOf\":{\"@id\":\"https:\\\/\\\/www.bellunopress.it\\\/#website\"},\"primaryImageOfPage\":{\"@id\":\"https:\\\/\\\/www.bellunopress.it\\\/2026\\\/03\\\/19\\\/referendum-giustizia-promesse-mancate-costi-aumentati-poltrone-triplicate-e-la-giustizia-che-non-ce\\\/#primaryimage\"},\"image\":{\"@id\":\"https:\\\/\\\/www.bellunopress.it\\\/2026\\\/03\\\/19\\\/referendum-giustizia-promesse-mancate-costi-aumentati-poltrone-triplicate-e-la-giustizia-che-non-ce\\\/#primaryimage\"},\"thumbnailUrl\":\"https:\\\/\\\/www.bellunopress.it\\\/wp-content\\\/uploads\\\/2026\\\/03\\\/referendum-urna-voto.jpg\",\"datePublished\":\"2026-03-19T19:33:28+00:00\",\"dateModified\":\"2026-03-20T09:53:09+00:00\",\"breadcrumb\":{\"@id\":\"https:\\\/\\\/www.bellunopress.it\\\/2026\\\/03\\\/19\\\/referendum-giustizia-promesse-mancate-costi-aumentati-poltrone-triplicate-e-la-giustizia-che-non-ce\\\/#breadcrumb\"},\"inLanguage\":\"fr-FR\",\"potentialAction\":[{\"@type\":\"ReadAction\",\"target\":[\"https:\\\/\\\/www.bellunopress.it\\\/2026\\\/03\\\/19\\\/referendum-giustizia-promesse-mancate-costi-aumentati-poltrone-triplicate-e-la-giustizia-che-non-ce\\\/\"]}]},{\"@type\":\"ImageObject\",\"inLanguage\":\"fr-FR\",\"@id\":\"https:\\\/\\\/www.bellunopress.it\\\/2026\\\/03\\\/19\\\/referendum-giustizia-promesse-mancate-costi-aumentati-poltrone-triplicate-e-la-giustizia-che-non-ce\\\/#primaryimage\",\"url\":\"https:\\\/\\\/www.bellunopress.it\\\/wp-content\\\/uploads\\\/2026\\\/03\\\/referendum-urna-voto.jpg\",\"contentUrl\":\"https:\\\/\\\/www.bellunopress.it\\\/wp-content\\\/uploads\\\/2026\\\/03\\\/referendum-urna-voto.jpg\",\"width\":600,\"height\":327},{\"@type\":\"BreadcrumbList\",\"@id\":\"https:\\\/\\\/www.bellunopress.it\\\/2026\\\/03\\\/19\\\/referendum-giustizia-promesse-mancate-costi-aumentati-poltrone-triplicate-e-la-giustizia-che-non-ce\\\/#breadcrumb\",\"itemListElement\":[{\"@type\":\"ListItem\",\"position\":1,\"name\":\"Home\",\"item\":\"https:\\\/\\\/www.bellunopress.it\\\/\"},{\"@type\":\"ListItem\",\"position\":2,\"name\":\"Referendum Giustizia: promesse mancate, costi aumentati, poltrone triplicate e la giustizia che non c\u2019\u00e8\"}]},{\"@type\":\"WebSite\",\"@id\":\"https:\\\/\\\/www.bellunopress.it\\\/#website\",\"url\":\"https:\\\/\\\/www.bellunopress.it\\\/\",\"name\":\"Bellunopress - Dolomiti\",\"description\":\"e-mail: redazione@bellunopress.it\",\"publisher\":{\"@id\":\"https:\\\/\\\/www.bellunopress.it\\\/#organization\"},\"potentialAction\":[{\"@type\":\"SearchAction\",\"target\":{\"@type\":\"EntryPoint\",\"urlTemplate\":\"https:\\\/\\\/www.bellunopress.it\\\/?s={search_term_string}\"},\"query-input\":{\"@type\":\"PropertyValueSpecification\",\"valueRequired\":true,\"valueName\":\"search_term_string\"}}],\"inLanguage\":\"fr-FR\"},{\"@type\":\"Organization\",\"@id\":\"https:\\\/\\\/www.bellunopress.it\\\/#organization\",\"name\":\"Bellunopress\",\"url\":\"https:\\\/\\\/www.bellunopress.it\\\/\",\"logo\":{\"@type\":\"ImageObject\",\"inLanguage\":\"fr-FR\",\"@id\":\"https:\\\/\\\/www.bellunopress.it\\\/#\\\/schema\\\/logo\\\/image\\\/\",\"url\":\"https:\\\/\\\/www.bellunopress.it\\\/wp-content\\\/uploads\\\/2011\\\/05\\\/cropped-logo-bellunopress-.jpg\",\"contentUrl\":\"https:\\\/\\\/www.bellunopress.it\\\/wp-content\\\/uploads\\\/2011\\\/05\\\/cropped-logo-bellunopress-.jpg\",\"width\":512,\"height\":512,\"caption\":\"Bellunopress\"},\"image\":{\"@id\":\"https:\\\/\\\/www.bellunopress.it\\\/#\\\/schema\\\/logo\\\/image\\\/\"},\"sameAs\":[\"https:\\\/\\\/www.facebook.com\\\/profile.php?id=100008943462799\",\"https:\\\/\\\/x.com\\\/bellunopress\",\"https:\\\/\\\/www.linkedin.com\\\/hp\\\/?dnr=JBzUWaJfMUw8vbXJJ2tVW5-I3jZKvC4wsoxE&amp;amp;amp;amp;amp;amp;trk=nav_responsive_tab_home\",\"https:\\\/\\\/www.youtube.com\\\/channel\\\/UCxL0wu1uN0_3_7hGG0306cw\"]},{\"@type\":\"Person\",\"@id\":\"https:\\\/\\\/www.bellunopress.it\\\/#\\\/schema\\\/person\\\/79bb06722b37ece1c03d3e94beb30d73\",\"name\":\"redazione\",\"image\":{\"@type\":\"ImageObject\",\"inLanguage\":\"fr-FR\",\"@id\":\"https:\\\/\\\/secure.gravatar.com\\\/avatar\\\/37d968a2e67a6fd04c169c4bdef102d0bc5d31b2546345219e348575eb80e9a0?s=96&d=mm&r=g\",\"url\":\"https:\\\/\\\/secure.gravatar.com\\\/avatar\\\/37d968a2e67a6fd04c169c4bdef102d0bc5d31b2546345219e348575eb80e9a0?s=96&d=mm&r=g\",\"contentUrl\":\"https:\\\/\\\/secure.gravatar.com\\\/avatar\\\/37d968a2e67a6fd04c169c4bdef102d0bc5d31b2546345219e348575eb80e9a0?s=96&d=mm&r=g\",\"caption\":\"redazione\"},\"sameAs\":[\"http:\\\/\\\/www.bellunopress.it\",\"https:\\\/\\\/x.com\\\/bellunopress\"],\"url\":\"https:\\\/\\\/www.bellunopress.it\\\/fr\\\/author\\\/redazione\\\/\"}]}<\/script>\n<!-- \/ Yoast SEO plugin. -->","yoast_head_json":{"title":"Referendum Giustizia: promesse mancate, costi aumentati, poltrone triplicate e la giustizia che non c\u2019\u00e8 - Bellunopress - Dolomiti","robots":{"index":"index","follow":"follow","max-snippet":"max-snippet:-1","max-image-preview":"max-image-preview:large","max-video-preview":"max-video-preview:-1"},"canonical":"https:\/\/www.bellunopress.it\/fr\/2026\/03\/19\/referendum-giustizia-promesse-mancate-costi-aumentati-poltrone-triplicate-e-la-giustizia-che-non-ce\/","og_locale":"fr_FR","og_type":"article","og_title":"Referendum Giustizia: promesse mancate, costi aumentati, poltrone triplicate e la giustizia che non c\u2019\u00e8 - Bellunopress - Dolomiti","og_description":"Quando la geopolitica presenta il conto: le ricadute in Italia In questi frangenti stiamo patendo le ricadute della guerra scatenata in Medio Oriente da USA e Israele. Il danno immediato \u00e8 sotto gli occhi di tutti: benzina a +13 cent al litro, gasolio a +32, poco conta un sollievo di venti giorni e poi? La [&hellip;]","og_url":"https:\/\/www.bellunopress.it\/fr\/2026\/03\/19\/referendum-giustizia-promesse-mancate-costi-aumentati-poltrone-triplicate-e-la-giustizia-che-non-ce\/","og_site_name":"Bellunopress - Dolomiti","article_publisher":"https:\/\/www.facebook.com\/profile.php?id=100008943462799","article_published_time":"2026-03-19T19:33:28+00:00","article_modified_time":"2026-03-20T09:53:09+00:00","og_image":[{"width":600,"height":327,"url":"https:\/\/www.bellunopress.it\/wp-content\/uploads\/2026\/03\/referendum-urna-voto.jpg","type":"image\/jpeg"}],"author":"redazione","twitter_card":"summary_large_image","twitter_creator":"@bellunopress","twitter_site":"@bellunopress","twitter_misc":{"\u00c9crit par":"redazione","Dur\u00e9e de lecture estim\u00e9e":"13 minutes"},"schema":{"@context":"https:\/\/schema.org","@graph":[{"@type":"Article","@id":"https:\/\/www.bellunopress.it\/2026\/03\/19\/referendum-giustizia-promesse-mancate-costi-aumentati-poltrone-triplicate-e-la-giustizia-che-non-ce\/#article","isPartOf":{"@id":"https:\/\/www.bellunopress.it\/2026\/03\/19\/referendum-giustizia-promesse-mancate-costi-aumentati-poltrone-triplicate-e-la-giustizia-che-non-ce\/"},"author":{"name":"redazione","@id":"https:\/\/www.bellunopress.it\/#\/schema\/person\/79bb06722b37ece1c03d3e94beb30d73"},"headline":"Referendum Giustizia: promesse mancate, costi aumentati, poltrone triplicate e la giustizia che non c\u2019\u00e8","datePublished":"2026-03-19T19:33:28+00:00","dateModified":"2026-03-20T09:53:09+00:00","mainEntityOfPage":{"@id":"https:\/\/www.bellunopress.it\/2026\/03\/19\/referendum-giustizia-promesse-mancate-costi-aumentati-poltrone-triplicate-e-la-giustizia-che-non-ce\/"},"wordCount":2583,"publisher":{"@id":"https:\/\/www.bellunopress.it\/#organization"},"image":{"@id":"https:\/\/www.bellunopress.it\/2026\/03\/19\/referendum-giustizia-promesse-mancate-costi-aumentati-poltrone-triplicate-e-la-giustizia-che-non-ce\/#primaryimage"},"thumbnailUrl":"https:\/\/www.bellunopress.it\/wp-content\/uploads\/2026\/03\/referendum-urna-voto.jpg","articleSection":["Cronaca\/Politica","Prima Pagina"],"inLanguage":"fr-FR"},{"@type":"WebPage","@id":"https:\/\/www.bellunopress.it\/2026\/03\/19\/referendum-giustizia-promesse-mancate-costi-aumentati-poltrone-triplicate-e-la-giustizia-che-non-ce\/","url":"https:\/\/www.bellunopress.it\/2026\/03\/19\/referendum-giustizia-promesse-mancate-costi-aumentati-poltrone-triplicate-e-la-giustizia-che-non-ce\/","name":"Referendum Giustizia: promesse mancate, costi aumentati, poltrone triplicate e la giustizia che non c\u2019\u00e8 - Bellunopress - Dolomiti","isPartOf":{"@id":"https:\/\/www.bellunopress.it\/#website"},"primaryImageOfPage":{"@id":"https:\/\/www.bellunopress.it\/2026\/03\/19\/referendum-giustizia-promesse-mancate-costi-aumentati-poltrone-triplicate-e-la-giustizia-che-non-ce\/#primaryimage"},"image":{"@id":"https:\/\/www.bellunopress.it\/2026\/03\/19\/referendum-giustizia-promesse-mancate-costi-aumentati-poltrone-triplicate-e-la-giustizia-che-non-ce\/#primaryimage"},"thumbnailUrl":"https:\/\/www.bellunopress.it\/wp-content\/uploads\/2026\/03\/referendum-urna-voto.jpg","datePublished":"2026-03-19T19:33:28+00:00","dateModified":"2026-03-20T09:53:09+00:00","breadcrumb":{"@id":"https:\/\/www.bellunopress.it\/2026\/03\/19\/referendum-giustizia-promesse-mancate-costi-aumentati-poltrone-triplicate-e-la-giustizia-che-non-ce\/#breadcrumb"},"inLanguage":"fr-FR","potentialAction":[{"@type":"ReadAction","target":["https:\/\/www.bellunopress.it\/2026\/03\/19\/referendum-giustizia-promesse-mancate-costi-aumentati-poltrone-triplicate-e-la-giustizia-che-non-ce\/"]}]},{"@type":"ImageObject","inLanguage":"fr-FR","@id":"https:\/\/www.bellunopress.it\/2026\/03\/19\/referendum-giustizia-promesse-mancate-costi-aumentati-poltrone-triplicate-e-la-giustizia-che-non-ce\/#primaryimage","url":"https:\/\/www.bellunopress.it\/wp-content\/uploads\/2026\/03\/referendum-urna-voto.jpg","contentUrl":"https:\/\/www.bellunopress.it\/wp-content\/uploads\/2026\/03\/referendum-urna-voto.jpg","width":600,"height":327},{"@type":"BreadcrumbList","@id":"https:\/\/www.bellunopress.it\/2026\/03\/19\/referendum-giustizia-promesse-mancate-costi-aumentati-poltrone-triplicate-e-la-giustizia-che-non-ce\/#breadcrumb","itemListElement":[{"@type":"ListItem","position":1,"name":"Home","item":"https:\/\/www.bellunopress.it\/"},{"@type":"ListItem","position":2,"name":"Referendum Giustizia: promesse mancate, costi aumentati, poltrone triplicate e la giustizia che non c\u2019\u00e8"}]},{"@type":"WebSite","@id":"https:\/\/www.bellunopress.it\/#website","url":"https:\/\/www.bellunopress.it\/","name":"Bellunopress - Dolomiti","description":"e-mail: redazione@bellunopress.it","publisher":{"@id":"https:\/\/www.bellunopress.it\/#organization"},"potentialAction":[{"@type":"SearchAction","target":{"@type":"EntryPoint","urlTemplate":"https:\/\/www.bellunopress.it\/?s={search_term_string}"},"query-input":{"@type":"PropertyValueSpecification","valueRequired":true,"valueName":"search_term_string"}}],"inLanguage":"fr-FR"},{"@type":"Organization","@id":"https:\/\/www.bellunopress.it\/#organization","name":"Bellunopress","url":"https:\/\/www.bellunopress.it\/","logo":{"@type":"ImageObject","inLanguage":"fr-FR","@id":"https:\/\/www.bellunopress.it\/#\/schema\/logo\/image\/","url":"https:\/\/www.bellunopress.it\/wp-content\/uploads\/2011\/05\/cropped-logo-bellunopress-.jpg","contentUrl":"https:\/\/www.bellunopress.it\/wp-content\/uploads\/2011\/05\/cropped-logo-bellunopress-.jpg","width":512,"height":512,"caption":"Bellunopress"},"image":{"@id":"https:\/\/www.bellunopress.it\/#\/schema\/logo\/image\/"},"sameAs":["https:\/\/www.facebook.com\/profile.php?id=100008943462799","https:\/\/x.com\/bellunopress","https:\/\/www.linkedin.com\/hp\/?dnr=JBzUWaJfMUw8vbXJJ2tVW5-I3jZKvC4wsoxE&amp;amp;amp;amp;amp;amp;trk=nav_responsive_tab_home","https:\/\/www.youtube.com\/channel\/UCxL0wu1uN0_3_7hGG0306cw"]},{"@type":"Person","@id":"https:\/\/www.bellunopress.it\/#\/schema\/person\/79bb06722b37ece1c03d3e94beb30d73","name":"r\u00e9daction","image":{"@type":"ImageObject","inLanguage":"fr-FR","@id":"https:\/\/secure.gravatar.com\/avatar\/37d968a2e67a6fd04c169c4bdef102d0bc5d31b2546345219e348575eb80e9a0?s=96&d=mm&r=g","url":"https:\/\/secure.gravatar.com\/avatar\/37d968a2e67a6fd04c169c4bdef102d0bc5d31b2546345219e348575eb80e9a0?s=96&d=mm&r=g","contentUrl":"https:\/\/secure.gravatar.com\/avatar\/37d968a2e67a6fd04c169c4bdef102d0bc5d31b2546345219e348575eb80e9a0?s=96&d=mm&r=g","caption":"redazione"},"sameAs":["http:\/\/www.bellunopress.it","https:\/\/x.com\/bellunopress"],"url":"https:\/\/www.bellunopress.it\/fr\/author\/redazione\/"}]}},"_links":{"self":[{"href":"https:\/\/www.bellunopress.it\/fr\/wp-json\/wp\/v2\/posts\/168338","targetHints":{"allow":["GET"]}}],"collection":[{"href":"https:\/\/www.bellunopress.it\/fr\/wp-json\/wp\/v2\/posts"}],"about":[{"href":"https:\/\/www.bellunopress.it\/fr\/wp-json\/wp\/v2\/types\/post"}],"author":[{"embeddable":true,"href":"https:\/\/www.bellunopress.it\/fr\/wp-json\/wp\/v2\/users\/2"}],"replies":[{"embeddable":true,"href":"https:\/\/www.bellunopress.it\/fr\/wp-json\/wp\/v2\/comments?post=168338"}],"version-history":[{"count":4,"href":"https:\/\/www.bellunopress.it\/fr\/wp-json\/wp\/v2\/posts\/168338\/revisions"}],"predecessor-version":[{"id":168361,"href":"https:\/\/www.bellunopress.it\/fr\/wp-json\/wp\/v2\/posts\/168338\/revisions\/168361"}],"wp:featuredmedia":[{"embeddable":true,"href":"https:\/\/www.bellunopress.it\/fr\/wp-json\/wp\/v2\/media\/167875"}],"wp:attachment":[{"href":"https:\/\/www.bellunopress.it\/fr\/wp-json\/wp\/v2\/media?parent=168338"}],"wp:term":[{"taxonomy":"category","embeddable":true,"href":"https:\/\/www.bellunopress.it\/fr\/wp-json\/wp\/v2\/categories?post=168338"},{"taxonomy":"post_tag","embeddable":true,"href":"https:\/\/www.bellunopress.it\/fr\/wp-json\/wp\/v2\/tags?post=168338"}],"curies":[{"name":"wp","href":"https:\/\/api.w.org\/{rel}","templated":true}]}}