{"id":168331,"date":"2026-03-19T17:19:51","date_gmt":"2026-03-19T16:19:51","guid":{"rendered":"https:\/\/www.bellunopress.it\/?p=168331"},"modified":"2026-03-19T17:19:51","modified_gmt":"2026-03-19T16:19:51","slug":"questa-mattina-a-palazzo-rosso-lincontro-con-la-nuova-direttrice-del-carcere-dottoressa-fabiana-sasso","status":"publish","type":"post","link":"https:\/\/www.bellunopress.it\/fr\/2026\/03\/19\/questa-mattina-a-palazzo-rosso-lincontro-con-la-nuova-direttrice-del-carcere-dottoressa-fabiana-sasso\/","title":{"rendered":"Questa mattina a Palazzo Rosso l\u2019incontro con la nuova direttrice del carcere, dottoressa Fabiana Sasso"},"content":{"rendered":"<p>Belluno, 19\/03\/2026 &#8211; Un primo confronto per conoscersi e per mettere subito a fuoco obiettivi e collaborazione: \u00e8 stato questo il contenuto dell\u2019incontro di questa mattina a Palazzo Rosso tra il sindaco Oscar De Pellegrin, l\u2019assessore al sociale Marco Dal Pont, il comandante della Polizia Locale Antonio Codemo e la nuova direttrice della Casa circondariale di Belluno, la dottoressa Fabiana Sasso.<\/p>\n<p>Un momento per conoscersi, ma anche un incontro operativo utile per ribadire la volont\u00e0 di collaborare e di sviluppare progetti insieme. \u201cIl carcere \u00e8 parte integrante della nostra citt\u00e0 e della nostra comunit\u00e0 \u2013 le parole del Primo cittadino -. Non pu\u00f2 essere considerato un luogo separato o marginale. Per questo \u00e8 fondamentale lavorare insieme, istituzioni e territorio, per costruire percorsi di integrazione. L\u2019inclusione passa anche da qui\u201d.<\/p>\n<p>Durante il confronto sono stati illustrati i progetti che il Comune gi\u00e0 porta avanti insieme al carcere, a partire dall\u2019esperienza dei detenuti in regime di semilibert\u00e0 che, il sabato mattina, sono impegnati in attivit\u00e0 socialmente utili sul territorio. Un\u2019iniziativa concreta, gi\u00e0 avviata, che punta a responsabilizzare e a creare un legame diretto con la comunit\u00e0.<br \/>\nDa parte dell\u2019Amministrazione, \u00e8 stata confermata la volont\u00e0 di proseguire su questa strada, rafforzando la collaborazione e costruendo nuove opportunit\u00e0 condivise.<\/p>\n<p>La direttrice Sasso ha sottolineato l\u2019importanza di poter contare su un rapporto costante con le istituzioni locali, evidenziando come il supporto del territorio sia un elemento fondamentale nel percorso di reinserimento.<\/p>\n<p>&nbsp;<\/p>","protected":false},"excerpt":{"rendered":"<p>Belluno, 19\/03\/2026 &#8211; Un primo confronto per conoscersi e per mettere subito a fuoco obiettivi e collaborazione: \u00e8 stato questo il contenuto dell\u2019incontro di questa mattina a Palazzo Rosso tra il sindaco Oscar De Pellegrin, l\u2019assessore al sociale Marco Dal Pont, il comandante della Polizia Locale Antonio Codemo e la nuova direttrice della Casa circondariale [&hellip;]<\/p>\n","protected":false},"author":2,"featured_media":168332,"comment_status":"closed","ping_status":"open","sticky":false,"template":"","format":"standard","meta":{"footnotes":""},"categories":[26,8],"tags":[],"class_list":["post-168331","post","type-post","status-publish","format-standard","has-post-thumbnail","category-prima-pagina","category-societa-istituzioni"],"yoast_head":"<!-- This site is optimized with the Yoast SEO plugin v28.4 - https:\/\/yoast.com\/product\/yoast-seo-wordpress\/ -->\n<title>Questa mattina a Palazzo Rosso l\u2019incontro con la nuova direttrice del carcere, dottoressa Fabiana Sasso - Bellunopress - Dolomiti<\/title>\n<meta name=\"robots\" content=\"index, follow, max-snippet:-1, max-image-preview:large, max-video-preview:-1\" \/>\n<link rel=\"canonical\" href=\"https:\/\/www.bellunopress.it\/fr\/2026\/03\/19\/questa-mattina-a-palazzo-rosso-lincontro-con-la-nuova-direttrice-del-carcere-dottoressa-fabiana-sasso\/\" \/>\n<meta property=\"og:locale\" content=\"fr_FR\" \/>\n<meta property=\"og:type\" content=\"article\" \/>\n<meta property=\"og:title\" content=\"Questa mattina a Palazzo Rosso l\u2019incontro con la nuova direttrice del carcere, dottoressa Fabiana Sasso - Bellunopress - Dolomiti\" \/>\n<meta property=\"og:description\" content=\"Belluno, 19\/03\/2026 &#8211; Un primo confronto per conoscersi e per mettere subito a fuoco obiettivi e collaborazione: \u00e8 stato questo il contenuto dell\u2019incontro di questa mattina a Palazzo Rosso tra il sindaco Oscar De Pellegrin, l\u2019assessore al sociale Marco Dal Pont, il comandante della Polizia Locale Antonio Codemo e la nuova direttrice della Casa circondariale [&hellip;]\" \/>\n<meta property=\"og:url\" content=\"https:\/\/www.bellunopress.it\/fr\/2026\/03\/19\/questa-mattina-a-palazzo-rosso-lincontro-con-la-nuova-direttrice-del-carcere-dottoressa-fabiana-sasso\/\" \/>\n<meta property=\"og:site_name\" content=\"Bellunopress - Dolomiti\" \/>\n<meta property=\"article:publisher\" content=\"https:\/\/www.facebook.com\/profile.php?id=100008943462799\" \/>\n<meta property=\"article:published_time\" content=\"2026-03-19T16:19:51+00:00\" \/>\n<meta property=\"og:image\" content=\"https:\/\/www.bellunopress.it\/wp-content\/uploads\/2026\/03\/Incontro-direttrice-carcere.jpeg\" \/>\n\t<meta property=\"og:image:width\" content=\"465\" \/>\n\t<meta property=\"og:image:height\" content=\"500\" \/>\n\t<meta property=\"og:image:type\" content=\"image\/jpeg\" \/>\n<meta name=\"author\" content=\"redazione\" \/>\n<meta name=\"twitter:card\" content=\"summary_large_image\" \/>\n<meta name=\"twitter:creator\" content=\"@bellunopress\" \/>\n<meta name=\"twitter:site\" content=\"@bellunopress\" \/>\n<meta name=\"twitter:label1\" content=\"\u00c9crit par\" \/>\n\t<meta name=\"twitter:data1\" content=\"redazione\" \/>\n\t<meta name=\"twitter:label2\" content=\"Dur\u00e9e de lecture estim\u00e9e\" \/>\n\t<meta name=\"twitter:data2\" content=\"1 minute\" \/>\n<script type=\"application\/ld+json\" class=\"yoast-schema-graph\">{\"@context\":\"https:\\\/\\\/schema.org\",\"@graph\":[{\"@type\":\"Article\",\"@id\":\"https:\\\/\\\/www.bellunopress.it\\\/2026\\\/03\\\/19\\\/questa-mattina-a-palazzo-rosso-lincontro-con-la-nuova-direttrice-del-carcere-dottoressa-fabiana-sasso\\\/#article\",\"isPartOf\":{\"@id\":\"https:\\\/\\\/www.bellunopress.it\\\/2026\\\/03\\\/19\\\/questa-mattina-a-palazzo-rosso-lincontro-con-la-nuova-direttrice-del-carcere-dottoressa-fabiana-sasso\\\/\"},\"author\":{\"name\":\"redazione\",\"@id\":\"https:\\\/\\\/www.bellunopress.it\\\/#\\\/schema\\\/person\\\/79bb06722b37ece1c03d3e94beb30d73\"},\"headline\":\"Questa mattina a Palazzo Rosso l\u2019incontro con la nuova direttrice del carcere, dottoressa Fabiana Sasso\",\"datePublished\":\"2026-03-19T16:19:51+00:00\",\"mainEntityOfPage\":{\"@id\":\"https:\\\/\\\/www.bellunopress.it\\\/2026\\\/03\\\/19\\\/questa-mattina-a-palazzo-rosso-lincontro-con-la-nuova-direttrice-del-carcere-dottoressa-fabiana-sasso\\\/\"},\"wordCount\":254,\"publisher\":{\"@id\":\"https:\\\/\\\/www.bellunopress.it\\\/#organization\"},\"image\":{\"@id\":\"https:\\\/\\\/www.bellunopress.it\\\/2026\\\/03\\\/19\\\/questa-mattina-a-palazzo-rosso-lincontro-con-la-nuova-direttrice-del-carcere-dottoressa-fabiana-sasso\\\/#primaryimage\"},\"thumbnailUrl\":\"https:\\\/\\\/www.bellunopress.it\\\/wp-content\\\/uploads\\\/2026\\\/03\\\/Incontro-direttrice-carcere.jpeg\",\"articleSection\":[\"Prima Pagina\",\"Societ\u00e0, Associazioni, Istituzioni\"],\"inLanguage\":\"fr-FR\"},{\"@type\":\"WebPage\",\"@id\":\"https:\\\/\\\/www.bellunopress.it\\\/2026\\\/03\\\/19\\\/questa-mattina-a-palazzo-rosso-lincontro-con-la-nuova-direttrice-del-carcere-dottoressa-fabiana-sasso\\\/\",\"url\":\"https:\\\/\\\/www.bellunopress.it\\\/2026\\\/03\\\/19\\\/questa-mattina-a-palazzo-rosso-lincontro-con-la-nuova-direttrice-del-carcere-dottoressa-fabiana-sasso\\\/\",\"name\":\"Questa mattina a Palazzo Rosso l\u2019incontro con la nuova direttrice del carcere, dottoressa Fabiana Sasso - Bellunopress - Dolomiti\",\"isPartOf\":{\"@id\":\"https:\\\/\\\/www.bellunopress.it\\\/#website\"},\"primaryImageOfPage\":{\"@id\":\"https:\\\/\\\/www.bellunopress.it\\\/2026\\\/03\\\/19\\\/questa-mattina-a-palazzo-rosso-lincontro-con-la-nuova-direttrice-del-carcere-dottoressa-fabiana-sasso\\\/#primaryimage\"},\"image\":{\"@id\":\"https:\\\/\\\/www.bellunopress.it\\\/2026\\\/03\\\/19\\\/questa-mattina-a-palazzo-rosso-lincontro-con-la-nuova-direttrice-del-carcere-dottoressa-fabiana-sasso\\\/#primaryimage\"},\"thumbnailUrl\":\"https:\\\/\\\/www.bellunopress.it\\\/wp-content\\\/uploads\\\/2026\\\/03\\\/Incontro-direttrice-carcere.jpeg\",\"datePublished\":\"2026-03-19T16:19:51+00:00\",\"breadcrumb\":{\"@id\":\"https:\\\/\\\/www.bellunopress.it\\\/2026\\\/03\\\/19\\\/questa-mattina-a-palazzo-rosso-lincontro-con-la-nuova-direttrice-del-carcere-dottoressa-fabiana-sasso\\\/#breadcrumb\"},\"inLanguage\":\"fr-FR\",\"potentialAction\":[{\"@type\":\"ReadAction\",\"target\":[\"https:\\\/\\\/www.bellunopress.it\\\/2026\\\/03\\\/19\\\/questa-mattina-a-palazzo-rosso-lincontro-con-la-nuova-direttrice-del-carcere-dottoressa-fabiana-sasso\\\/\"]}]},{\"@type\":\"ImageObject\",\"inLanguage\":\"fr-FR\",\"@id\":\"https:\\\/\\\/www.bellunopress.it\\\/2026\\\/03\\\/19\\\/questa-mattina-a-palazzo-rosso-lincontro-con-la-nuova-direttrice-del-carcere-dottoressa-fabiana-sasso\\\/#primaryimage\",\"url\":\"https:\\\/\\\/www.bellunopress.it\\\/wp-content\\\/uploads\\\/2026\\\/03\\\/Incontro-direttrice-carcere.jpeg\",\"contentUrl\":\"https:\\\/\\\/www.bellunopress.it\\\/wp-content\\\/uploads\\\/2026\\\/03\\\/Incontro-direttrice-carcere.jpeg\",\"width\":465,\"height\":500},{\"@type\":\"BreadcrumbList\",\"@id\":\"https:\\\/\\\/www.bellunopress.it\\\/2026\\\/03\\\/19\\\/questa-mattina-a-palazzo-rosso-lincontro-con-la-nuova-direttrice-del-carcere-dottoressa-fabiana-sasso\\\/#breadcrumb\",\"itemListElement\":[{\"@type\":\"ListItem\",\"position\":1,\"name\":\"Home\",\"item\":\"https:\\\/\\\/www.bellunopress.it\\\/\"},{\"@type\":\"ListItem\",\"position\":2,\"name\":\"Questa mattina a Palazzo Rosso l\u2019incontro con la nuova direttrice del carcere, dottoressa Fabiana Sasso\"}]},{\"@type\":\"WebSite\",\"@id\":\"https:\\\/\\\/www.bellunopress.it\\\/#website\",\"url\":\"https:\\\/\\\/www.bellunopress.it\\\/\",\"name\":\"Bellunopress - Dolomiti\",\"description\":\"e-mail: redazione@bellunopress.it\",\"publisher\":{\"@id\":\"https:\\\/\\\/www.bellunopress.it\\\/#organization\"},\"potentialAction\":[{\"@type\":\"SearchAction\",\"target\":{\"@type\":\"EntryPoint\",\"urlTemplate\":\"https:\\\/\\\/www.bellunopress.it\\\/?s={search_term_string}\"},\"query-input\":{\"@type\":\"PropertyValueSpecification\",\"valueRequired\":true,\"valueName\":\"search_term_string\"}}],\"inLanguage\":\"fr-FR\"},{\"@type\":\"Organization\",\"@id\":\"https:\\\/\\\/www.bellunopress.it\\\/#organization\",\"name\":\"Bellunopress\",\"url\":\"https:\\\/\\\/www.bellunopress.it\\\/\",\"logo\":{\"@type\":\"ImageObject\",\"inLanguage\":\"fr-FR\",\"@id\":\"https:\\\/\\\/www.bellunopress.it\\\/#\\\/schema\\\/logo\\\/image\\\/\",\"url\":\"https:\\\/\\\/www.bellunopress.it\\\/wp-content\\\/uploads\\\/2011\\\/05\\\/cropped-logo-bellunopress-.jpg\",\"contentUrl\":\"https:\\\/\\\/www.bellunopress.it\\\/wp-content\\\/uploads\\\/2011\\\/05\\\/cropped-logo-bellunopress-.jpg\",\"width\":512,\"height\":512,\"caption\":\"Bellunopress\"},\"image\":{\"@id\":\"https:\\\/\\\/www.bellunopress.it\\\/#\\\/schema\\\/logo\\\/image\\\/\"},\"sameAs\":[\"https:\\\/\\\/www.facebook.com\\\/profile.php?id=100008943462799\",\"https:\\\/\\\/x.com\\\/bellunopress\",\"https:\\\/\\\/www.linkedin.com\\\/hp\\\/?dnr=JBzUWaJfMUw8vbXJJ2tVW5-I3jZKvC4wsoxE&amp;amp;amp;amp;amp;amp;trk=nav_responsive_tab_home\",\"https:\\\/\\\/www.youtube.com\\\/channel\\\/UCxL0wu1uN0_3_7hGG0306cw\"]},{\"@type\":\"Person\",\"@id\":\"https:\\\/\\\/www.bellunopress.it\\\/#\\\/schema\\\/person\\\/79bb06722b37ece1c03d3e94beb30d73\",\"name\":\"redazione\",\"image\":{\"@type\":\"ImageObject\",\"inLanguage\":\"fr-FR\",\"@id\":\"https:\\\/\\\/secure.gravatar.com\\\/avatar\\\/37d968a2e67a6fd04c169c4bdef102d0bc5d31b2546345219e348575eb80e9a0?s=96&d=mm&r=g\",\"url\":\"https:\\\/\\\/secure.gravatar.com\\\/avatar\\\/37d968a2e67a6fd04c169c4bdef102d0bc5d31b2546345219e348575eb80e9a0?s=96&d=mm&r=g\",\"contentUrl\":\"https:\\\/\\\/secure.gravatar.com\\\/avatar\\\/37d968a2e67a6fd04c169c4bdef102d0bc5d31b2546345219e348575eb80e9a0?s=96&d=mm&r=g\",\"caption\":\"redazione\"},\"sameAs\":[\"http:\\\/\\\/www.bellunopress.it\",\"https:\\\/\\\/x.com\\\/bellunopress\"],\"url\":\"https:\\\/\\\/www.bellunopress.it\\\/fr\\\/author\\\/redazione\\\/\"}]}<\/script>\n<!-- \/ Yoast SEO plugin. -->","yoast_head_json":{"title":"Questa mattina a Palazzo Rosso l\u2019incontro con la nuova direttrice del carcere, dottoressa Fabiana Sasso - Bellunopress - Dolomiti","robots":{"index":"index","follow":"follow","max-snippet":"max-snippet:-1","max-image-preview":"max-image-preview:large","max-video-preview":"max-video-preview:-1"},"canonical":"https:\/\/www.bellunopress.it\/fr\/2026\/03\/19\/questa-mattina-a-palazzo-rosso-lincontro-con-la-nuova-direttrice-del-carcere-dottoressa-fabiana-sasso\/","og_locale":"fr_FR","og_type":"article","og_title":"Questa mattina a Palazzo Rosso l\u2019incontro con la nuova direttrice del carcere, dottoressa Fabiana Sasso - Bellunopress - Dolomiti","og_description":"Belluno, 19\/03\/2026 &#8211; Un primo confronto per conoscersi e per mettere subito a fuoco obiettivi e collaborazione: \u00e8 stato questo il contenuto dell\u2019incontro di questa mattina a Palazzo Rosso tra il sindaco Oscar De Pellegrin, l\u2019assessore al sociale Marco Dal Pont, il comandante della Polizia Locale Antonio Codemo e la nuova direttrice della Casa circondariale [&hellip;]","og_url":"https:\/\/www.bellunopress.it\/fr\/2026\/03\/19\/questa-mattina-a-palazzo-rosso-lincontro-con-la-nuova-direttrice-del-carcere-dottoressa-fabiana-sasso\/","og_site_name":"Bellunopress - Dolomiti","article_publisher":"https:\/\/www.facebook.com\/profile.php?id=100008943462799","article_published_time":"2026-03-19T16:19:51+00:00","og_image":[{"width":465,"height":500,"url":"https:\/\/www.bellunopress.it\/wp-content\/uploads\/2026\/03\/Incontro-direttrice-carcere.jpeg","type":"image\/jpeg"}],"author":"redazione","twitter_card":"summary_large_image","twitter_creator":"@bellunopress","twitter_site":"@bellunopress","twitter_misc":{"\u00c9crit par":"redazione","Dur\u00e9e de lecture estim\u00e9e":"1 minute"},"schema":{"@context":"https:\/\/schema.org","@graph":[{"@type":"Article","@id":"https:\/\/www.bellunopress.it\/2026\/03\/19\/questa-mattina-a-palazzo-rosso-lincontro-con-la-nuova-direttrice-del-carcere-dottoressa-fabiana-sasso\/#article","isPartOf":{"@id":"https:\/\/www.bellunopress.it\/2026\/03\/19\/questa-mattina-a-palazzo-rosso-lincontro-con-la-nuova-direttrice-del-carcere-dottoressa-fabiana-sasso\/"},"author":{"name":"redazione","@id":"https:\/\/www.bellunopress.it\/#\/schema\/person\/79bb06722b37ece1c03d3e94beb30d73"},"headline":"Questa mattina a Palazzo Rosso l\u2019incontro con la nuova direttrice del carcere, dottoressa Fabiana Sasso","datePublished":"2026-03-19T16:19:51+00:00","mainEntityOfPage":{"@id":"https:\/\/www.bellunopress.it\/2026\/03\/19\/questa-mattina-a-palazzo-rosso-lincontro-con-la-nuova-direttrice-del-carcere-dottoressa-fabiana-sasso\/"},"wordCount":254,"publisher":{"@id":"https:\/\/www.bellunopress.it\/#organization"},"image":{"@id":"https:\/\/www.bellunopress.it\/2026\/03\/19\/questa-mattina-a-palazzo-rosso-lincontro-con-la-nuova-direttrice-del-carcere-dottoressa-fabiana-sasso\/#primaryimage"},"thumbnailUrl":"https:\/\/www.bellunopress.it\/wp-content\/uploads\/2026\/03\/Incontro-direttrice-carcere.jpeg","articleSection":["Prima Pagina","Societ\u00e0, Associazioni, Istituzioni"],"inLanguage":"fr-FR"},{"@type":"WebPage","@id":"https:\/\/www.bellunopress.it\/2026\/03\/19\/questa-mattina-a-palazzo-rosso-lincontro-con-la-nuova-direttrice-del-carcere-dottoressa-fabiana-sasso\/","url":"https:\/\/www.bellunopress.it\/2026\/03\/19\/questa-mattina-a-palazzo-rosso-lincontro-con-la-nuova-direttrice-del-carcere-dottoressa-fabiana-sasso\/","name":"Questa mattina a Palazzo Rosso l\u2019incontro con la nuova direttrice del carcere, dottoressa Fabiana Sasso - Bellunopress - Dolomiti","isPartOf":{"@id":"https:\/\/www.bellunopress.it\/#website"},"primaryImageOfPage":{"@id":"https:\/\/www.bellunopress.it\/2026\/03\/19\/questa-mattina-a-palazzo-rosso-lincontro-con-la-nuova-direttrice-del-carcere-dottoressa-fabiana-sasso\/#primaryimage"},"image":{"@id":"https:\/\/www.bellunopress.it\/2026\/03\/19\/questa-mattina-a-palazzo-rosso-lincontro-con-la-nuova-direttrice-del-carcere-dottoressa-fabiana-sasso\/#primaryimage"},"thumbnailUrl":"https:\/\/www.bellunopress.it\/wp-content\/uploads\/2026\/03\/Incontro-direttrice-carcere.jpeg","datePublished":"2026-03-19T16:19:51+00:00","breadcrumb":{"@id":"https:\/\/www.bellunopress.it\/2026\/03\/19\/questa-mattina-a-palazzo-rosso-lincontro-con-la-nuova-direttrice-del-carcere-dottoressa-fabiana-sasso\/#breadcrumb"},"inLanguage":"fr-FR","potentialAction":[{"@type":"ReadAction","target":["https:\/\/www.bellunopress.it\/2026\/03\/19\/questa-mattina-a-palazzo-rosso-lincontro-con-la-nuova-direttrice-del-carcere-dottoressa-fabiana-sasso\/"]}]},{"@type":"ImageObject","inLanguage":"fr-FR","@id":"https:\/\/www.bellunopress.it\/2026\/03\/19\/questa-mattina-a-palazzo-rosso-lincontro-con-la-nuova-direttrice-del-carcere-dottoressa-fabiana-sasso\/#primaryimage","url":"https:\/\/www.bellunopress.it\/wp-content\/uploads\/2026\/03\/Incontro-direttrice-carcere.jpeg","contentUrl":"https:\/\/www.bellunopress.it\/wp-content\/uploads\/2026\/03\/Incontro-direttrice-carcere.jpeg","width":465,"height":500},{"@type":"BreadcrumbList","@id":"https:\/\/www.bellunopress.it\/2026\/03\/19\/questa-mattina-a-palazzo-rosso-lincontro-con-la-nuova-direttrice-del-carcere-dottoressa-fabiana-sasso\/#breadcrumb","itemListElement":[{"@type":"ListItem","position":1,"name":"Home","item":"https:\/\/www.bellunopress.it\/"},{"@type":"ListItem","position":2,"name":"Questa mattina a Palazzo Rosso l\u2019incontro con la nuova direttrice del carcere, dottoressa Fabiana Sasso"}]},{"@type":"WebSite","@id":"https:\/\/www.bellunopress.it\/#website","url":"https:\/\/www.bellunopress.it\/","name":"Bellunopress - Dolomiti","description":"e-mail: redazione@bellunopress.it","publisher":{"@id":"https:\/\/www.bellunopress.it\/#organization"},"potentialAction":[{"@type":"SearchAction","target":{"@type":"EntryPoint","urlTemplate":"https:\/\/www.bellunopress.it\/?s={search_term_string}"},"query-input":{"@type":"PropertyValueSpecification","valueRequired":true,"valueName":"search_term_string"}}],"inLanguage":"fr-FR"},{"@type":"Organization","@id":"https:\/\/www.bellunopress.it\/#organization","name":"Bellunopress","url":"https:\/\/www.bellunopress.it\/","logo":{"@type":"ImageObject","inLanguage":"fr-FR","@id":"https:\/\/www.bellunopress.it\/#\/schema\/logo\/image\/","url":"https:\/\/www.bellunopress.it\/wp-content\/uploads\/2011\/05\/cropped-logo-bellunopress-.jpg","contentUrl":"https:\/\/www.bellunopress.it\/wp-content\/uploads\/2011\/05\/cropped-logo-bellunopress-.jpg","width":512,"height":512,"caption":"Bellunopress"},"image":{"@id":"https:\/\/www.bellunopress.it\/#\/schema\/logo\/image\/"},"sameAs":["https:\/\/www.facebook.com\/profile.php?id=100008943462799","https:\/\/x.com\/bellunopress","https:\/\/www.linkedin.com\/hp\/?dnr=JBzUWaJfMUw8vbXJJ2tVW5-I3jZKvC4wsoxE&amp;amp;amp;amp;amp;amp;trk=nav_responsive_tab_home","https:\/\/www.youtube.com\/channel\/UCxL0wu1uN0_3_7hGG0306cw"]},{"@type":"Person","@id":"https:\/\/www.bellunopress.it\/#\/schema\/person\/79bb06722b37ece1c03d3e94beb30d73","name":"r\u00e9daction","image":{"@type":"ImageObject","inLanguage":"fr-FR","@id":"https:\/\/secure.gravatar.com\/avatar\/37d968a2e67a6fd04c169c4bdef102d0bc5d31b2546345219e348575eb80e9a0?s=96&d=mm&r=g","url":"https:\/\/secure.gravatar.com\/avatar\/37d968a2e67a6fd04c169c4bdef102d0bc5d31b2546345219e348575eb80e9a0?s=96&d=mm&r=g","contentUrl":"https:\/\/secure.gravatar.com\/avatar\/37d968a2e67a6fd04c169c4bdef102d0bc5d31b2546345219e348575eb80e9a0?s=96&d=mm&r=g","caption":"redazione"},"sameAs":["http:\/\/www.bellunopress.it","https:\/\/x.com\/bellunopress"],"url":"https:\/\/www.bellunopress.it\/fr\/author\/redazione\/"}]}},"_links":{"self":[{"href":"https:\/\/www.bellunopress.it\/fr\/wp-json\/wp\/v2\/posts\/168331","targetHints":{"allow":["GET"]}}],"collection":[{"href":"https:\/\/www.bellunopress.it\/fr\/wp-json\/wp\/v2\/posts"}],"about":[{"href":"https:\/\/www.bellunopress.it\/fr\/wp-json\/wp\/v2\/types\/post"}],"author":[{"embeddable":true,"href":"https:\/\/www.bellunopress.it\/fr\/wp-json\/wp\/v2\/users\/2"}],"replies":[{"embeddable":true,"href":"https:\/\/www.bellunopress.it\/fr\/wp-json\/wp\/v2\/comments?post=168331"}],"version-history":[{"count":1,"href":"https:\/\/www.bellunopress.it\/fr\/wp-json\/wp\/v2\/posts\/168331\/revisions"}],"predecessor-version":[{"id":168334,"href":"https:\/\/www.bellunopress.it\/fr\/wp-json\/wp\/v2\/posts\/168331\/revisions\/168334"}],"wp:featuredmedia":[{"embeddable":true,"href":"https:\/\/www.bellunopress.it\/fr\/wp-json\/wp\/v2\/media\/168332"}],"wp:attachment":[{"href":"https:\/\/www.bellunopress.it\/fr\/wp-json\/wp\/v2\/media?parent=168331"}],"wp:term":[{"taxonomy":"category","embeddable":true,"href":"https:\/\/www.bellunopress.it\/fr\/wp-json\/wp\/v2\/categories?post=168331"},{"taxonomy":"post_tag","embeddable":true,"href":"https:\/\/www.bellunopress.it\/fr\/wp-json\/wp\/v2\/tags?post=168331"}],"curies":[{"name":"wp","href":"https:\/\/api.w.org\/{rel}","templated":true}]}}