{"id":168327,"date":"2026-03-19T16:15:25","date_gmt":"2026-03-19T15:15:25","guid":{"rendered":"https:\/\/www.bellunopress.it\/?p=168327"},"modified":"2026-03-20T19:51:18","modified_gmt":"2026-03-20T18:51:18","slug":"belluno-marco-staunovo-polacco-e-il-nuovo-presidente-della-provincia","status":"publish","type":"post","link":"https:\/\/www.bellunopress.it\/fr\/2026\/03\/19\/belluno-marco-staunovo-polacco-e-il-nuovo-presidente-della-provincia\/","title":{"rendered":"Belluno, Marco Staunovo Polacco \u00e8 il nuovo Presidente della Provincia"},"content":{"rendered":"<h3 data-path-to-node=\"3\">Il sindaco di Comelico Superiore guida il centrodestra alla vittoria. Decisiva la compattezza della coalizione che ha confermato l&#8217;asse delle scorse regionali.<\/h3>\n<p data-path-to-node=\"4\">Belluno, 19\/03\/2026 \u2013 La Provincia di Belluno ha il suo nuovo inquilino a Palazzo Piloni. Le elezioni provinciali del 18 marzo hanno decretato la vittoria di Marco Staunovo Polacco, che si appresta a guidare l\u2019amministrazione provinciale dopo una consultazione che ha confermato i rapporti di forza sul territorio.<\/p>\n<p data-path-to-node=\"5\">Sindaco di Comelico Superiore e figura di primo piano nel panorama amministrativo locale come presidente del Consorzio Bim Piave, Staunovo Polacco ha raccolto il testimone grazie al sostegno compatto di una coalizione di centrodestra ampia e strutturata.<\/p>\n<p data-path-to-node=\"7\">A sancire il successo \u00e8 stata l&#8217;intesa tra le diverse anime dell\u2019area conservatrice e moderata. La decisione di puntare sul primo cittadino comeliano \u00e8 stata messa &#8220;nero su bianco&#8221; dai rappresentanti dei partiti che gi\u00e0 a novembre, in occasione delle regionali, avevano dato prova di solidit\u00e0.<\/p>\n<p data-path-to-node=\"8\">Il fronte pro-Staunovo Polacco ha visto schierati:<\/p>\n<ul data-path-to-node=\"9\">\n<li>\n<p data-path-to-node=\"9,0,0\"><b data-path-to-node=\"9,0,0\" data-index-in-node=\"0\">Fratelli d\u2019Italia<\/b><\/p>\n<\/li>\n<li>\n<p data-path-to-node=\"9,1,0\"><b data-path-to-node=\"9,1,0\" data-index-in-node=\"0\">Lega<\/b><\/p>\n<\/li>\n<li>\n<p data-path-to-node=\"9,2,0\"><b data-path-to-node=\"9,2,0\" data-index-in-node=\"0\">Forza Italia<\/b><\/p>\n<\/li>\n<li>\n<p data-path-to-node=\"9,3,0\"><b data-path-to-node=\"9,3,0\" data-index-in-node=\"0\">Liga Veneta Repubblica<\/b><\/p>\n<\/li>\n<li>\n<p data-path-to-node=\"9,4,0\"><b data-path-to-node=\"9,4,0\" data-index-in-node=\"0\">Unione Di Centro<\/b><\/p>\n<\/li>\n<\/ul>\n<p data-path-to-node=\"11\">La scelta di Staunovo Polacco non \u00e8 casuale: la sua esperienza alla guida del Bim Piave gli conferisce una visione strategica sulla gestione delle risorse idriche ed energetiche, temi cruciali per la montagna bellunese. Nel suo nuovo ruolo, il Presidente sar\u00e0 chiamato a gestire partite complesse, dai collegamenti infrastrutturali alla gestione dei fondi post-Pnrr, fino alla tutela dei servizi nei comuni periferici per contrastare lo spopolamento.<\/p>\n<blockquote data-path-to-node=\"12\">\n<h6 style=\"text-align: left;\" data-path-to-node=\"12,0\">&#8220;\u00c8 un onore e una responsabilit\u00e0 che assumo con l&#8217;obiettivo di dare voce a ogni singolo comune, dalle vette dolomitiche alla Valbelluna,&#8221; sono state le prime parole circolate negli ambienti vicini al neo-presidente.<\/h6>\n<\/blockquote>\n<p>L\u2019Unione Province del Veneto esprime le proprie congratulazioni e il pi\u00f9 sentito augurio di buon lavoro a Marco Staunovo Polacco, sindaco di Comelico Superiore, eletto oggi Presidente della Provincia di Belluno.\u00a0Staunovo Polacco subentra a Roberto Padrin, sindaco di Longarone, che ha ricoperto la carica di Presidente della Provincia di Belluno negli ultimi 12 anni: a lui, un ringraziamento caloroso per l&#8217;attenzione e l&#8217;impegno profusi in questi anni in UPI Veneto come vicepresidente, nel rilevare le necessit\u00e0 dei territori montani in un&#8217;ottica di miglioramento e sviluppo dell&#8217;area.<\/p>\n<p>&#8220;Siamo pronti a lavorare insieme per contrastare lo spopolamento in atto e rendere il nostro territorio pi\u00f9 attrattivo per una montagna a misura di famiglie e di giovani. Al nuovo presidente della Provincia di Belluno Marco Staunovo Polacco va l&#8217;augurio di un buon lavoro. La nostra Associazione, come sempre, far\u00e0 la propria parte in termini di proposte e operativit\u00e0. Solo il confronto continuo fra Istituzioni, imprese e comunit\u00e0 pu\u00f2 garantire lo sviluppo sostenibile dei territori e di tutte le vallate bellunesi&#8221;.\u00a0Cos\u00ec Lorraine Berton, presidente di Confindustria Belluno Dolomiti, saluta la nomina di Marco Staunovo Polacco, sindaco di Comelico Superiore e presidente di Bim Piave, a nuovo presidente della Provincia di Belluno.\u00a0&#8220;Incontrer\u00f2 il nuovo presidente Staunovo Polacco quanto prima per affrontare, ciascuno per la propria parte, i dossier pi\u00f9 urgenti. Penso che la priorit\u00e0 condivisa sia quella di continuare a mettere a terra tutte quelle progettualit\u00e0 utili a ridurre il decremento demografico: in questo, la Provincia \u2013 quale ente di coordinamento fra sindaci \u2013 pu\u00f2 fare molto, intercettando nuovi fondi e favorendo nuova residenzialit\u00e0&#8221;, afferma Berton.\u00a0Collaterale e strategico \u00e8 il fronte delle infrastrutture e della messa in sicurezza del territorio: &#8220;Mobilit\u00e0 intervalliva e difesa idrogeologica dei versanti sono facce della stessa medaglia. Le nostre vallate, dal Comelico al Feltrino, devono essere sempre pi\u00f9 interconnesse&#8221;.\u00a0Immancabile il capitolo olimpico: &#8220;La legacy delle Olimpiadi \u00e8 responsabilit\u00e0 comune: anche su questo, auspico una piena cooperazione fra le anime di questa provincia. La sfida \u00e8 epocale&#8221;.\u00a0In ultima battuta, Berton si rivolge al presidente della Provincia uscente: &#8220;A Roberto Padrin va il ringraziamento per il lavoro svolto e per esserci sempre stato, a partire dalle grandi emergenze che hanno interessato questa provincia negli ultimi anni, da Vaia alle frane sull&#8217;Alemagna. Con Padrin il confronto \u00e8 stato sempre franco e operativo. Confido che la sua esperienza possa ancora essere messa a disposizione del territorio&#8221;, conclude Berton.<\/p>\n<p>&#8220;Congratulazioni e buon lavoro a Marco Staunovo Polacco: sono certo che, come ha gi\u00e0 fatto in questi anni in altre posizioni, sar\u00e0 in grado di svolgere questo nuovo ruolo libero da condizionamenti esterni e pienamente al servizio del territorio bellunese. I numeri parlano chiaro, con il consenso raccolto tra due amministratori su tre. Arriva alla guida di Palazzo Piloni un amministratore capace, di esperienza, con una visione chiara e che far\u00e0 valere la sua capacit\u00e0 di fare sintesi e collaborazione gi\u00e0 dimostrata in questi anni al Consorzio Bim Piave. Sono certo che sar\u00e0 in grado di dare il cambio di marcia necessario alla nostra provincia: a lui toccher\u00e0 un ruolo centrale nella regia complessiva necessaria per affrontare le sfide che il territorio dovr\u00e0 affrontare e che \u2013 sono certo \u2013 il nuovo presidente sar\u00e0 in grado di superare grazie alla concretezza tipica delle genti di montagna&#8221;: cos\u00ec il senatore di Fratelli d&#8217;Italia Luca De Carlo commenta l&#8217;elezione di Marco Staunovo Polacco, sindaco di Comelico Superiore, a presidente della Provincia di Belluno.<\/p>\n<p>\u201cComplimenti e buon lavoro al Presidente della Provincia di Belluno Marco Staunovo Polacco. Abbiamo di fronte importanti sfide per il bene della montagna e gli assicuro che nella Regione Veneto trover\u00e0 un interlocutore attento, attivo e concreto\u201d.\u00a0Cos\u00ec il Presidente della Regione Veneto, Alberto Stefani, si congratula con il nuovo Presidente della Provincia di Belluno.\u00a0\u201cCombattere lo spopolamento \u2013 prosegue Stefani \u2013 garantire occasioni di lavoro e sviluppo pensando prima di tutto ai giovani, valorizzare e difendere l\u2019ambiente dolomitico, salvaguardare l\u2019agricoltura di montagna, garantire assistenza sanitaria e sociale agli abitanti delle terre alte in quantit\u00e0 e qualit\u00e0 pari alla pianura, lavorare perch\u00e9 lo sfruttamento della risorsa idrica sia equo e rispettoso. Sono solo alcuni esempi dei tanti settori nei quali ritengo indispensabile che le Istituzioni facciano squadra. Di certo la Regione \u00e8 pronta a fare la sua parte e a lavorare fianco a fianco con Staunovo Polacco e la sua Amministrazione\u201d.<\/p>\n<p>\u201cAuguri di buon lavoro al sindaco di Comelico Superiore Marco Staunovo Polacco, nuovo presidente della provincia di Belluno: a lui il nostro in bocca al lupo e la nostra disponibilit\u00e0 a collaborare per il bene del territorio. Un ringraziamento va anche al presidente uscente Roberto Padrin. Dodici lunghi anni di lavoro, con due spartiacque fondamentali, affrontati con impegno e buoni risultati: la tragedia di Vaja nel 2018 e la gestione delle Olimpiadi invernali del 2026. Due occasioni per ripensare il nostro territorio e il rapporto tra l\u2019uomo e l\u2019ambiente circostante\u201d. \u00c8 l\u2019augurio del segretario generale di Uil Veneto Roberto Toigo.<\/p>\n<p>\u00abAuguriamo buon lavoro e facciamo le nostre congratulazioni al nuovo presidente della Provincia di Belluno, Marco Staunovo Polacco. Apriamo insieme un nuovo capitolo nella storia post-olimpica del nostro territorio e siamo pronti a lavorare insieme al nuovo presidente per il bene del nostro territorio; Staunovo Polacco \u00e8 un uomo delle terre alte, conosce da vicino tematiche e problematiche del Bellunese, dallo spopolamento agli aspetti sociali ai temi della residenzialit\u00e0, tutte questioni che come Appia CNA abbiamo cercato di affrontare in questi anni con proposte concrete. Arriva da quel Comelico rappresentato ad alti livelli anche nella nostra associazione con la vicepresidenza a Claudio Sacco Proila, un legame che permetter\u00e0 di rafforzare ancora di pi\u00f9 la collaborazione tra Appia CNA Belluno e Provincia di Belluno. In questo senso, ringraziamo per quanto fatto in questi anni il presidente uscente Roberto Padrin, con il quale abbiamo operato su progetti sui temi a noi cari e che ha dato il via a quegli Stati Generali bellunesi che dovranno portarci a scrivere tutti insieme il futuro della nostra provincia\u00bb: il presidente di Appia CNA Belluno, Andrea Cerentin, e l&#8217;intera associazione provinciale accolgono cos\u00ec l&#8217;ufficializzazione dell&#8217;elezione di Marco Staunovo Polacco, sindaco di Comelico Superiore, a presidente della Provincia di Belluno.<\/p>\n<p>Grande soddisfazione da parte del direttivo della Lega per l&#8217;esito del voto per il Presidente della Provincia. Marco Staunovo, Sindaco di Comelico Superiore, tesserato Lega, ha vinto con ampio margine su Nicola Vieceli Sindaco di San Gregorio nelle Alpi del Partito Democratico.<br \/>\nLa candidatura di Marco Staunovo \u00e8 arrivata dopo molte riunioni all&#8217;interno del Centro Destra (Lega, Fratelli d&#8217;Italia, Forza Italia, Unione di Centro e Liga VenetaRepubblica) dove il confronto \u00e8 stato davvero di ottima collaborazione per arrivare a proporre una persona notoriamente moderata e ben consapevole dei problemi della nostra Provincia, essendo oltre che Sindaco anche Presidente del Consorzio BIM da molti anni.<br \/>\nAllo scrutinio odierno sono saliti a trovarci anche il Capogruppo della Lega in Consiglio Regionale Riccardo Barbisan e il consigliere del direttivo Federale della Lega a Milano, il trevigiano Giuseppe Canova. Questo \u00e8 un buon segnale per il nuovo Presidente che avr\u00e0 sicuramente le porte aperte in Regione e anche un buon rapporto collaborativo col Presidente Alberto Stefani e con l&#8217;intero Partito dove uno dei primi a fare i complimenti a Staunovo \u00e8 stato proprio il Segretario Matteo Salvini.<\/p>\n<p>\u201cIl mio sentito augurio di buon lavoro e i miei complimenti a Marco Staunovo Polacco, neo eletto presidente della nostra Provincia\u201d cos\u00ec il sindaco di Belluno, Oscar De Pellegrin nel commentare l\u2019elezione del nuovo presidente della Provincia.\u00a0\u201cSi tratta di un amministratore di grande esperienza, profondamente legato al nostro territorio e alle Terre Alte, che conosce da vicino le difficolt\u00e0 ma anche le potenzialit\u00e0 delle nostre comunit\u00e0. Una conoscenza che sar\u00e0 fondamentale per affrontare le sfide che abbiamo davanti, a partire dal contrasto allo spopolamento, dal sostegno ai servizi nelle aree pi\u00f9 fragili e dalla valorizzazione delle specificit\u00e0 della nostra montagna. Ma non solo, penso anche al sostegno del lavoro e alla valorizzazione dei giovani.\u00a0Piena disponibilit\u00e0 a lavorare fin da subito ai grandi temi del nostro territorio.<br \/>\nLe sfide sono molte e complesse, ma altrettanto forti sono le energie e le competenze presenti nel nostro territorio: metterle a sistema, in sistema e con lo spirito di squadra che so di poter trovare nel neo eletto presidente, sar\u00e0 il compito che ci attende nei prossimi anni.\u201d<\/p>\n<p>\u201cComplimenti a Marco Staunovo Polacco per l\u2019elezione alla guida della Provincia. Buon lavoro, Presidente\u201d.<br \/>\nCos\u00ec il sindaco di Feltre, Viviana Fusaro, nel commentare l\u2019elezione a Palazzo<br \/>\nPiloni.<br \/>\n\u201cMarco Staunovo Polacco \u00e8 un uomo di montagna. Un amministratore che conosce bene la parte pi\u00f9 fragile del nostro territorio: quelle terre alte dove lo<br \/>\nspopolamento incide di pi\u00f9, dove la perdita dei servizi allontana famiglie e<br \/>\nmette a rischio la tenuta stessa delle comunit\u00e0. \u00c8 l\u00ec che ha dimostrato, negli<br \/>\nanni, presenza e capacit\u00e0. Allo stesso tempo, in lui ho sempre riconosciuto una<br \/>\nvisione ampia, capace di affrontare le grandi partite del nostro territorio con<br \/>\nspirito di squadra, pensando davvero alla provincia come a un unico territorio.<br \/>\nIl suo programma di governo intercetta in modo chiaro i nodi strutturali della<br \/>\nnostra provincia. Questioni che noi sindaci viviamo ogni giorno, nei nostri comuni, cercando di dare risposte concrete con risorse spesso limitate. Per questo oggi sentiamo ancora pi\u00f9 forte la necessit\u00e0 di lavorare insieme. Di sederci<br \/>\nattorno a un tavolo e costruire una programmazione condivisa, capace di mettere a sistema le energie di tutto il territorio.<br \/>\nAbbiamo davanti una responsabilit\u00e0 importante. Dopo aver affrontato una sfida<br \/>\ncome quella delle Olimpiadi e Paralimpiadi, ora \u00e8 il momento di tenere alta<br \/>\nl\u2019attenzione sulla montagna, sia sul piano normativo (penso all\u2019attuazione della<br \/>\nlegge sulla montagna, alla revisione della legge Delrio e alla piena applicazione<br \/>\ndella legge regionale 25 del 2014) sia attraverso azioni concrete e coordinate.<br \/>\nAllo stesso tempo, proprio negli ultimi anni, \u00e8 emerso un segnale che non possiamo ignorare. Dopo il periodo del Covid e anche grazie alla visibilit\u00e0 internazionale portata dalle Olimpiadi, iniziamo a vedere timidi segnali di quella che,<br \/>\nsperiamo, possa essere un\u2019inversione di tendenza: famiglie che scelgono di<br \/>\nlasciare i grandi centri urbani per trasferirsi nel nostro territorio, riconoscendo<br \/>\nnella montagna un luogo dove la qualit\u00e0 della vita \u00e8 alta. \u00c8 un cambiamento<br \/>\nancora fragile, ma reale. E ci chiama a una doppia responsabilit\u00e0: da un lato<br \/>\ncontrastare con determinazione lo spopolamento delle nostre terre alte, dall\u2019altro accompagnare e sostenere chi sceglie di venire a vivere qui. Con un punto<br \/>\nfermo che non pu\u00f2 mai venire meno: garantire servizi, perch\u00e9 senza servizi<br \/>\nnon c\u2019\u00e8 futuro per le comunit\u00e0.<br \/>\nLe sfide che abbiamo davanti sono complesse, ma anche stimolanti. Aprono<br \/>\nprospettive nuove per il nostro territorio, e credo sia nostro compito coglierle<br \/>\nfino in fondo. Sono certa che il neo eletto Presidente sapr\u00e0 interpretare questo<br \/>\nruolo con equilibrio e capacit\u00e0 di dialogo. Da parte mia, e della citt\u00e0 di Feltre,<br \/>\nc\u2019\u00e8 piena disponibilit\u00e0 a lavorare insieme, con spirito di squadra.<br \/>\nUn ringraziamento, infine, a Roberto Padrin per il lavoro svolto in questi anni<br \/>\nalla guida della Provincia, per lo spirito di servizio e la propensione al dialogo<br \/>\nche ha sempre dimostrato con le comunit\u00e0 e con le istituzioni\u201d.<\/p>\n<p>&nbsp;<\/p>\n<p>&nbsp;<\/p>\n<blockquote data-path-to-node=\"12\"><p>&nbsp;<\/p><\/blockquote>\n<p data-path-to-node=\"13\">","protected":false},"excerpt":{"rendered":"<p>Il sindaco di Comelico Superiore guida il centrodestra alla vittoria. Decisiva la compattezza della coalizione che ha confermato l&#8217;asse delle scorse regionali. Belluno, 19\/03\/2026 \u2013 La Provincia di Belluno ha il suo nuovo inquilino a Palazzo Piloni. Le elezioni provinciali del 18 marzo hanno decretato la vittoria di Marco Staunovo Polacco, che si appresta a [&hellip;]<\/p>\n","protected":false},"author":2,"featured_media":167633,"comment_status":"closed","ping_status":"open","sticky":false,"template":"","format":"standard","meta":{"footnotes":""},"categories":[5,26],"tags":[],"class_list":["post-168327","post","type-post","status-publish","format-standard","has-post-thumbnail","category-cronaca","category-prima-pagina"],"yoast_head":"<!-- This site is optimized with the Yoast SEO plugin v28.4 - https:\/\/yoast.com\/product\/yoast-seo-wordpress\/ -->\n<title>Belluno, Marco Staunovo Polacco \u00e8 il nuovo Presidente della Provincia - Bellunopress - Dolomiti<\/title>\n<meta name=\"robots\" content=\"index, follow, max-snippet:-1, max-image-preview:large, max-video-preview:-1\" \/>\n<link rel=\"canonical\" href=\"https:\/\/www.bellunopress.it\/fr\/2026\/03\/19\/belluno-marco-staunovo-polacco-e-il-nuovo-presidente-della-provincia\/\" \/>\n<meta property=\"og:locale\" content=\"fr_FR\" \/>\n<meta property=\"og:type\" content=\"article\" \/>\n<meta property=\"og:title\" content=\"Belluno, Marco Staunovo Polacco \u00e8 il nuovo Presidente della Provincia - Bellunopress - Dolomiti\" \/>\n<meta property=\"og:description\" content=\"Il sindaco di Comelico Superiore guida il centrodestra alla vittoria. Decisiva la compattezza della coalizione che ha confermato l&#8217;asse delle scorse regionali. Belluno, 19\/03\/2026 \u2013 La Provincia di Belluno ha il suo nuovo inquilino a Palazzo Piloni. Le elezioni provinciali del 18 marzo hanno decretato la vittoria di Marco Staunovo Polacco, che si appresta a [&hellip;]\" \/>\n<meta property=\"og:url\" content=\"https:\/\/www.bellunopress.it\/fr\/2026\/03\/19\/belluno-marco-staunovo-polacco-e-il-nuovo-presidente-della-provincia\/\" \/>\n<meta property=\"og:site_name\" content=\"Bellunopress - Dolomiti\" \/>\n<meta property=\"article:publisher\" content=\"https:\/\/www.facebook.com\/profile.php?id=100008943462799\" \/>\n<meta property=\"article:published_time\" content=\"2026-03-19T15:15:25+00:00\" \/>\n<meta property=\"article:modified_time\" content=\"2026-03-20T18:51:18+00:00\" \/>\n<meta property=\"og:image\" content=\"https:\/\/www.bellunopress.it\/wp-content\/uploads\/2026\/02\/Marco-Staunovo-Polacco-sindaco-Comelico-Superiore.jpg\" \/>\n\t<meta property=\"og:image:width\" content=\"896\" \/>\n\t<meta property=\"og:image:height\" content=\"674\" \/>\n\t<meta property=\"og:image:type\" content=\"image\/jpeg\" \/>\n<meta name=\"author\" content=\"redazione\" \/>\n<meta name=\"twitter:card\" content=\"summary_large_image\" \/>\n<meta name=\"twitter:creator\" content=\"@bellunopress\" \/>\n<meta name=\"twitter:site\" content=\"@bellunopress\" \/>\n<meta name=\"twitter:label1\" content=\"\u00c9crit par\" \/>\n\t<meta name=\"twitter:data1\" content=\"redazione\" \/>\n\t<meta name=\"twitter:label2\" content=\"Dur\u00e9e de lecture estim\u00e9e\" \/>\n\t<meta name=\"twitter:data2\" content=\"11 minutes\" \/>\n<script type=\"application\/ld+json\" class=\"yoast-schema-graph\">{\"@context\":\"https:\\\/\\\/schema.org\",\"@graph\":[{\"@type\":\"Article\",\"@id\":\"https:\\\/\\\/www.bellunopress.it\\\/2026\\\/03\\\/19\\\/belluno-marco-staunovo-polacco-e-il-nuovo-presidente-della-provincia\\\/#article\",\"isPartOf\":{\"@id\":\"https:\\\/\\\/www.bellunopress.it\\\/2026\\\/03\\\/19\\\/belluno-marco-staunovo-polacco-e-il-nuovo-presidente-della-provincia\\\/\"},\"author\":{\"name\":\"redazione\",\"@id\":\"https:\\\/\\\/www.bellunopress.it\\\/#\\\/schema\\\/person\\\/79bb06722b37ece1c03d3e94beb30d73\"},\"headline\":\"Belluno, Marco Staunovo Polacco \u00e8 il nuovo Presidente della Provincia\",\"datePublished\":\"2026-03-19T15:15:25+00:00\",\"dateModified\":\"2026-03-20T18:51:18+00:00\",\"mainEntityOfPage\":{\"@id\":\"https:\\\/\\\/www.bellunopress.it\\\/2026\\\/03\\\/19\\\/belluno-marco-staunovo-polacco-e-il-nuovo-presidente-della-provincia\\\/\"},\"wordCount\":2131,\"publisher\":{\"@id\":\"https:\\\/\\\/www.bellunopress.it\\\/#organization\"},\"image\":{\"@id\":\"https:\\\/\\\/www.bellunopress.it\\\/2026\\\/03\\\/19\\\/belluno-marco-staunovo-polacco-e-il-nuovo-presidente-della-provincia\\\/#primaryimage\"},\"thumbnailUrl\":\"https:\\\/\\\/www.bellunopress.it\\\/wp-content\\\/uploads\\\/2026\\\/02\\\/Marco-Staunovo-Polacco-sindaco-Comelico-Superiore.jpg\",\"articleSection\":[\"Cronaca\\\/Politica\",\"Prima Pagina\"],\"inLanguage\":\"fr-FR\"},{\"@type\":\"WebPage\",\"@id\":\"https:\\\/\\\/www.bellunopress.it\\\/2026\\\/03\\\/19\\\/belluno-marco-staunovo-polacco-e-il-nuovo-presidente-della-provincia\\\/\",\"url\":\"https:\\\/\\\/www.bellunopress.it\\\/2026\\\/03\\\/19\\\/belluno-marco-staunovo-polacco-e-il-nuovo-presidente-della-provincia\\\/\",\"name\":\"Belluno, Marco Staunovo Polacco \u00e8 il nuovo Presidente della Provincia - Bellunopress - Dolomiti\",\"isPartOf\":{\"@id\":\"https:\\\/\\\/www.bellunopress.it\\\/#website\"},\"primaryImageOfPage\":{\"@id\":\"https:\\\/\\\/www.bellunopress.it\\\/2026\\\/03\\\/19\\\/belluno-marco-staunovo-polacco-e-il-nuovo-presidente-della-provincia\\\/#primaryimage\"},\"image\":{\"@id\":\"https:\\\/\\\/www.bellunopress.it\\\/2026\\\/03\\\/19\\\/belluno-marco-staunovo-polacco-e-il-nuovo-presidente-della-provincia\\\/#primaryimage\"},\"thumbnailUrl\":\"https:\\\/\\\/www.bellunopress.it\\\/wp-content\\\/uploads\\\/2026\\\/02\\\/Marco-Staunovo-Polacco-sindaco-Comelico-Superiore.jpg\",\"datePublished\":\"2026-03-19T15:15:25+00:00\",\"dateModified\":\"2026-03-20T18:51:18+00:00\",\"breadcrumb\":{\"@id\":\"https:\\\/\\\/www.bellunopress.it\\\/2026\\\/03\\\/19\\\/belluno-marco-staunovo-polacco-e-il-nuovo-presidente-della-provincia\\\/#breadcrumb\"},\"inLanguage\":\"fr-FR\",\"potentialAction\":[{\"@type\":\"ReadAction\",\"target\":[\"https:\\\/\\\/www.bellunopress.it\\\/2026\\\/03\\\/19\\\/belluno-marco-staunovo-polacco-e-il-nuovo-presidente-della-provincia\\\/\"]}]},{\"@type\":\"ImageObject\",\"inLanguage\":\"fr-FR\",\"@id\":\"https:\\\/\\\/www.bellunopress.it\\\/2026\\\/03\\\/19\\\/belluno-marco-staunovo-polacco-e-il-nuovo-presidente-della-provincia\\\/#primaryimage\",\"url\":\"https:\\\/\\\/www.bellunopress.it\\\/wp-content\\\/uploads\\\/2026\\\/02\\\/Marco-Staunovo-Polacco-sindaco-Comelico-Superiore.jpg\",\"contentUrl\":\"https:\\\/\\\/www.bellunopress.it\\\/wp-content\\\/uploads\\\/2026\\\/02\\\/Marco-Staunovo-Polacco-sindaco-Comelico-Superiore.jpg\",\"width\":896,\"height\":674,\"caption\":\"Marco Staunovo Polacco, presidente della Provincia di Belluno\"},{\"@type\":\"BreadcrumbList\",\"@id\":\"https:\\\/\\\/www.bellunopress.it\\\/2026\\\/03\\\/19\\\/belluno-marco-staunovo-polacco-e-il-nuovo-presidente-della-provincia\\\/#breadcrumb\",\"itemListElement\":[{\"@type\":\"ListItem\",\"position\":1,\"name\":\"Home\",\"item\":\"https:\\\/\\\/www.bellunopress.it\\\/\"},{\"@type\":\"ListItem\",\"position\":2,\"name\":\"Belluno, Marco Staunovo Polacco \u00e8 il nuovo Presidente della Provincia\"}]},{\"@type\":\"WebSite\",\"@id\":\"https:\\\/\\\/www.bellunopress.it\\\/#website\",\"url\":\"https:\\\/\\\/www.bellunopress.it\\\/\",\"name\":\"Bellunopress - Dolomiti\",\"description\":\"e-mail: redazione@bellunopress.it\",\"publisher\":{\"@id\":\"https:\\\/\\\/www.bellunopress.it\\\/#organization\"},\"potentialAction\":[{\"@type\":\"SearchAction\",\"target\":{\"@type\":\"EntryPoint\",\"urlTemplate\":\"https:\\\/\\\/www.bellunopress.it\\\/?s={search_term_string}\"},\"query-input\":{\"@type\":\"PropertyValueSpecification\",\"valueRequired\":true,\"valueName\":\"search_term_string\"}}],\"inLanguage\":\"fr-FR\"},{\"@type\":\"Organization\",\"@id\":\"https:\\\/\\\/www.bellunopress.it\\\/#organization\",\"name\":\"Bellunopress\",\"url\":\"https:\\\/\\\/www.bellunopress.it\\\/\",\"logo\":{\"@type\":\"ImageObject\",\"inLanguage\":\"fr-FR\",\"@id\":\"https:\\\/\\\/www.bellunopress.it\\\/#\\\/schema\\\/logo\\\/image\\\/\",\"url\":\"https:\\\/\\\/www.bellunopress.it\\\/wp-content\\\/uploads\\\/2011\\\/05\\\/cropped-logo-bellunopress-.jpg\",\"contentUrl\":\"https:\\\/\\\/www.bellunopress.it\\\/wp-content\\\/uploads\\\/2011\\\/05\\\/cropped-logo-bellunopress-.jpg\",\"width\":512,\"height\":512,\"caption\":\"Bellunopress\"},\"image\":{\"@id\":\"https:\\\/\\\/www.bellunopress.it\\\/#\\\/schema\\\/logo\\\/image\\\/\"},\"sameAs\":[\"https:\\\/\\\/www.facebook.com\\\/profile.php?id=100008943462799\",\"https:\\\/\\\/x.com\\\/bellunopress\",\"https:\\\/\\\/www.linkedin.com\\\/hp\\\/?dnr=JBzUWaJfMUw8vbXJJ2tVW5-I3jZKvC4wsoxE&amp;amp;amp;amp;amp;amp;trk=nav_responsive_tab_home\",\"https:\\\/\\\/www.youtube.com\\\/channel\\\/UCxL0wu1uN0_3_7hGG0306cw\"]},{\"@type\":\"Person\",\"@id\":\"https:\\\/\\\/www.bellunopress.it\\\/#\\\/schema\\\/person\\\/79bb06722b37ece1c03d3e94beb30d73\",\"name\":\"redazione\",\"image\":{\"@type\":\"ImageObject\",\"inLanguage\":\"fr-FR\",\"@id\":\"https:\\\/\\\/secure.gravatar.com\\\/avatar\\\/37d968a2e67a6fd04c169c4bdef102d0bc5d31b2546345219e348575eb80e9a0?s=96&d=mm&r=g\",\"url\":\"https:\\\/\\\/secure.gravatar.com\\\/avatar\\\/37d968a2e67a6fd04c169c4bdef102d0bc5d31b2546345219e348575eb80e9a0?s=96&d=mm&r=g\",\"contentUrl\":\"https:\\\/\\\/secure.gravatar.com\\\/avatar\\\/37d968a2e67a6fd04c169c4bdef102d0bc5d31b2546345219e348575eb80e9a0?s=96&d=mm&r=g\",\"caption\":\"redazione\"},\"sameAs\":[\"http:\\\/\\\/www.bellunopress.it\",\"https:\\\/\\\/x.com\\\/bellunopress\"],\"url\":\"https:\\\/\\\/www.bellunopress.it\\\/fr\\\/author\\\/redazione\\\/\"}]}<\/script>\n<!-- \/ Yoast SEO plugin. -->","yoast_head_json":{"title":"Belluno, Marco Staunovo Polacco \u00e8 il nuovo Presidente della Provincia - Bellunopress - Dolomiti","robots":{"index":"index","follow":"follow","max-snippet":"max-snippet:-1","max-image-preview":"max-image-preview:large","max-video-preview":"max-video-preview:-1"},"canonical":"https:\/\/www.bellunopress.it\/fr\/2026\/03\/19\/belluno-marco-staunovo-polacco-e-il-nuovo-presidente-della-provincia\/","og_locale":"fr_FR","og_type":"article","og_title":"Belluno, Marco Staunovo Polacco \u00e8 il nuovo Presidente della Provincia - Bellunopress - Dolomiti","og_description":"Il sindaco di Comelico Superiore guida il centrodestra alla vittoria. Decisiva la compattezza della coalizione che ha confermato l&#8217;asse delle scorse regionali. Belluno, 19\/03\/2026 \u2013 La Provincia di Belluno ha il suo nuovo inquilino a Palazzo Piloni. Le elezioni provinciali del 18 marzo hanno decretato la vittoria di Marco Staunovo Polacco, che si appresta a [&hellip;]","og_url":"https:\/\/www.bellunopress.it\/fr\/2026\/03\/19\/belluno-marco-staunovo-polacco-e-il-nuovo-presidente-della-provincia\/","og_site_name":"Bellunopress - Dolomiti","article_publisher":"https:\/\/www.facebook.com\/profile.php?id=100008943462799","article_published_time":"2026-03-19T15:15:25+00:00","article_modified_time":"2026-03-20T18:51:18+00:00","og_image":[{"width":896,"height":674,"url":"https:\/\/www.bellunopress.it\/wp-content\/uploads\/2026\/02\/Marco-Staunovo-Polacco-sindaco-Comelico-Superiore.jpg","type":"image\/jpeg"}],"author":"redazione","twitter_card":"summary_large_image","twitter_creator":"@bellunopress","twitter_site":"@bellunopress","twitter_misc":{"\u00c9crit par":"redazione","Dur\u00e9e de lecture estim\u00e9e":"11 minutes"},"schema":{"@context":"https:\/\/schema.org","@graph":[{"@type":"Article","@id":"https:\/\/www.bellunopress.it\/2026\/03\/19\/belluno-marco-staunovo-polacco-e-il-nuovo-presidente-della-provincia\/#article","isPartOf":{"@id":"https:\/\/www.bellunopress.it\/2026\/03\/19\/belluno-marco-staunovo-polacco-e-il-nuovo-presidente-della-provincia\/"},"author":{"name":"redazione","@id":"https:\/\/www.bellunopress.it\/#\/schema\/person\/79bb06722b37ece1c03d3e94beb30d73"},"headline":"Belluno, Marco Staunovo Polacco \u00e8 il nuovo Presidente della Provincia","datePublished":"2026-03-19T15:15:25+00:00","dateModified":"2026-03-20T18:51:18+00:00","mainEntityOfPage":{"@id":"https:\/\/www.bellunopress.it\/2026\/03\/19\/belluno-marco-staunovo-polacco-e-il-nuovo-presidente-della-provincia\/"},"wordCount":2131,"publisher":{"@id":"https:\/\/www.bellunopress.it\/#organization"},"image":{"@id":"https:\/\/www.bellunopress.it\/2026\/03\/19\/belluno-marco-staunovo-polacco-e-il-nuovo-presidente-della-provincia\/#primaryimage"},"thumbnailUrl":"https:\/\/www.bellunopress.it\/wp-content\/uploads\/2026\/02\/Marco-Staunovo-Polacco-sindaco-Comelico-Superiore.jpg","articleSection":["Cronaca\/Politica","Prima Pagina"],"inLanguage":"fr-FR"},{"@type":"WebPage","@id":"https:\/\/www.bellunopress.it\/2026\/03\/19\/belluno-marco-staunovo-polacco-e-il-nuovo-presidente-della-provincia\/","url":"https:\/\/www.bellunopress.it\/2026\/03\/19\/belluno-marco-staunovo-polacco-e-il-nuovo-presidente-della-provincia\/","name":"Belluno, Marco Staunovo Polacco \u00e8 il nuovo Presidente della Provincia - Bellunopress - Dolomiti","isPartOf":{"@id":"https:\/\/www.bellunopress.it\/#website"},"primaryImageOfPage":{"@id":"https:\/\/www.bellunopress.it\/2026\/03\/19\/belluno-marco-staunovo-polacco-e-il-nuovo-presidente-della-provincia\/#primaryimage"},"image":{"@id":"https:\/\/www.bellunopress.it\/2026\/03\/19\/belluno-marco-staunovo-polacco-e-il-nuovo-presidente-della-provincia\/#primaryimage"},"thumbnailUrl":"https:\/\/www.bellunopress.it\/wp-content\/uploads\/2026\/02\/Marco-Staunovo-Polacco-sindaco-Comelico-Superiore.jpg","datePublished":"2026-03-19T15:15:25+00:00","dateModified":"2026-03-20T18:51:18+00:00","breadcrumb":{"@id":"https:\/\/www.bellunopress.it\/2026\/03\/19\/belluno-marco-staunovo-polacco-e-il-nuovo-presidente-della-provincia\/#breadcrumb"},"inLanguage":"fr-FR","potentialAction":[{"@type":"ReadAction","target":["https:\/\/www.bellunopress.it\/2026\/03\/19\/belluno-marco-staunovo-polacco-e-il-nuovo-presidente-della-provincia\/"]}]},{"@type":"ImageObject","inLanguage":"fr-FR","@id":"https:\/\/www.bellunopress.it\/2026\/03\/19\/belluno-marco-staunovo-polacco-e-il-nuovo-presidente-della-provincia\/#primaryimage","url":"https:\/\/www.bellunopress.it\/wp-content\/uploads\/2026\/02\/Marco-Staunovo-Polacco-sindaco-Comelico-Superiore.jpg","contentUrl":"https:\/\/www.bellunopress.it\/wp-content\/uploads\/2026\/02\/Marco-Staunovo-Polacco-sindaco-Comelico-Superiore.jpg","width":896,"height":674,"caption":"Marco Staunovo Polacco, presidente della Provincia di Belluno"},{"@type":"BreadcrumbList","@id":"https:\/\/www.bellunopress.it\/2026\/03\/19\/belluno-marco-staunovo-polacco-e-il-nuovo-presidente-della-provincia\/#breadcrumb","itemListElement":[{"@type":"ListItem","position":1,"name":"Home","item":"https:\/\/www.bellunopress.it\/"},{"@type":"ListItem","position":2,"name":"Belluno, Marco Staunovo Polacco \u00e8 il nuovo Presidente della Provincia"}]},{"@type":"WebSite","@id":"https:\/\/www.bellunopress.it\/#website","url":"https:\/\/www.bellunopress.it\/","name":"Bellunopress - Dolomiti","description":"e-mail: redazione@bellunopress.it","publisher":{"@id":"https:\/\/www.bellunopress.it\/#organization"},"potentialAction":[{"@type":"SearchAction","target":{"@type":"EntryPoint","urlTemplate":"https:\/\/www.bellunopress.it\/?s={search_term_string}"},"query-input":{"@type":"PropertyValueSpecification","valueRequired":true,"valueName":"search_term_string"}}],"inLanguage":"fr-FR"},{"@type":"Organization","@id":"https:\/\/www.bellunopress.it\/#organization","name":"Bellunopress","url":"https:\/\/www.bellunopress.it\/","logo":{"@type":"ImageObject","inLanguage":"fr-FR","@id":"https:\/\/www.bellunopress.it\/#\/schema\/logo\/image\/","url":"https:\/\/www.bellunopress.it\/wp-content\/uploads\/2011\/05\/cropped-logo-bellunopress-.jpg","contentUrl":"https:\/\/www.bellunopress.it\/wp-content\/uploads\/2011\/05\/cropped-logo-bellunopress-.jpg","width":512,"height":512,"caption":"Bellunopress"},"image":{"@id":"https:\/\/www.bellunopress.it\/#\/schema\/logo\/image\/"},"sameAs":["https:\/\/www.facebook.com\/profile.php?id=100008943462799","https:\/\/x.com\/bellunopress","https:\/\/www.linkedin.com\/hp\/?dnr=JBzUWaJfMUw8vbXJJ2tVW5-I3jZKvC4wsoxE&amp;amp;amp;amp;amp;amp;trk=nav_responsive_tab_home","https:\/\/www.youtube.com\/channel\/UCxL0wu1uN0_3_7hGG0306cw"]},{"@type":"Person","@id":"https:\/\/www.bellunopress.it\/#\/schema\/person\/79bb06722b37ece1c03d3e94beb30d73","name":"r\u00e9daction","image":{"@type":"ImageObject","inLanguage":"fr-FR","@id":"https:\/\/secure.gravatar.com\/avatar\/37d968a2e67a6fd04c169c4bdef102d0bc5d31b2546345219e348575eb80e9a0?s=96&d=mm&r=g","url":"https:\/\/secure.gravatar.com\/avatar\/37d968a2e67a6fd04c169c4bdef102d0bc5d31b2546345219e348575eb80e9a0?s=96&d=mm&r=g","contentUrl":"https:\/\/secure.gravatar.com\/avatar\/37d968a2e67a6fd04c169c4bdef102d0bc5d31b2546345219e348575eb80e9a0?s=96&d=mm&r=g","caption":"redazione"},"sameAs":["http:\/\/www.bellunopress.it","https:\/\/x.com\/bellunopress"],"url":"https:\/\/www.bellunopress.it\/fr\/author\/redazione\/"}]}},"_links":{"self":[{"href":"https:\/\/www.bellunopress.it\/fr\/wp-json\/wp\/v2\/posts\/168327","targetHints":{"allow":["GET"]}}],"collection":[{"href":"https:\/\/www.bellunopress.it\/fr\/wp-json\/wp\/v2\/posts"}],"about":[{"href":"https:\/\/www.bellunopress.it\/fr\/wp-json\/wp\/v2\/types\/post"}],"author":[{"embeddable":true,"href":"https:\/\/www.bellunopress.it\/fr\/wp-json\/wp\/v2\/users\/2"}],"replies":[{"embeddable":true,"href":"https:\/\/www.bellunopress.it\/fr\/wp-json\/wp\/v2\/comments?post=168327"}],"version-history":[{"count":8,"href":"https:\/\/www.bellunopress.it\/fr\/wp-json\/wp\/v2\/posts\/168327\/revisions"}],"predecessor-version":[{"id":168386,"href":"https:\/\/www.bellunopress.it\/fr\/wp-json\/wp\/v2\/posts\/168327\/revisions\/168386"}],"wp:featuredmedia":[{"embeddable":true,"href":"https:\/\/www.bellunopress.it\/fr\/wp-json\/wp\/v2\/media\/167633"}],"wp:attachment":[{"href":"https:\/\/www.bellunopress.it\/fr\/wp-json\/wp\/v2\/media?parent=168327"}],"wp:term":[{"taxonomy":"category","embeddable":true,"href":"https:\/\/www.bellunopress.it\/fr\/wp-json\/wp\/v2\/categories?post=168327"},{"taxonomy":"post_tag","embeddable":true,"href":"https:\/\/www.bellunopress.it\/fr\/wp-json\/wp\/v2\/tags?post=168327"}],"curies":[{"name":"wp","href":"https:\/\/api.w.org\/{rel}","templated":true}]}}