{"id":168319,"date":"2026-03-19T09:32:48","date_gmt":"2026-03-19T08:32:48","guid":{"rendered":"https:\/\/www.bellunopress.it\/?p=168319"},"modified":"2026-03-19T09:29:33","modified_gmt":"2026-03-19T08:29:33","slug":"londa-durto-di-frigidaire-a-villa-buzzati-rivive-leditoria-che-sfido-il-perbenismo","status":"publish","type":"post","link":"https:\/\/www.bellunopress.it\/fr\/2026\/03\/19\/londa-durto-di-frigidaire-a-villa-buzzati-rivive-leditoria-che-sfido-il-perbenismo\/","title":{"rendered":"L&#8217;onda d\u2019urto di Frigidaire: a Villa Buzzati rivive l\u2019editoria che sfid\u00f2 il perbenismo"},"content":{"rendered":"<p data-path-to-node=\"3\"><b data-path-to-node=\"3\" data-index-in-node=\"0\">Luned\u00ec 23 marzo inaugura la rassegna &#8220;Stampare fuori dalle righe&#8221;. Un viaggio nel laboratorio di resistenza culturale che ha ridefinito il fumetto e la satira in Italia.<\/b><\/p>\n<p data-path-to-node=\"4\">Belluno, 19\/01\/2026\u00a0\u2013 C\u2019\u00e8 stata una stagione in cui l\u2019editoria italiana non chiedeva permesso, non cercava il consenso e, soprattutto, non aveva paura di &#8220;congelare&#8221; la realt\u00e0 per farne a pezzi le ipocrisie. Quella stagione aveva un nome che evocava il freddo industriale ma bruciava di creativit\u00e0: Frigidaire.<\/p>\n<p data-path-to-node=\"5\">Sar\u00e0 proprio la storica rivista fondata da Vincenzo Sparagna la protagonista dell\u2019appuntamento inaugurale di &#8220;Stampare fuori dalle righe, intelligenza e coraggio dell\u2019editoria indipendente&#8221;, la nuova rassegna di <i data-path-to-node=\"5\" data-index-in-node=\"212\">A casa di Dino<\/i> che aprir\u00e0 i battenti luned\u00ec 23 marzo alle ore 18:30 presso il suggestivo Granaio di Villa Buzzati.<\/p>\n<p data-path-to-node=\"7\">Nata nel 1980 come erede del settimanale satirico <i data-path-to-node=\"7\" data-index-in-node=\"50\">Il Male<\/i>, Frigidaire \u00e8 stata molto pi\u00f9 di un periodico: \u00e8 stata un &#8220;laboratorio di resistenza&#8221;. Nelle sue pagine la politica internazionale si mescolava al cyberpunk, la filosofia alla pornografia d\u2019autore, il fotoreportage d\u2019assalto al fumetto visionario.<\/p>\n<p data-path-to-node=\"8\">A parlarne nel cuore della casa che fu di Dino Buzzati sar\u00e0 Laura Scarpa, fumettista e docente di chiara fama, in dialogo con la brand strategist Martina Gennari, ideatrice di questa edizione 2026 della rassegna insieme ad Alfonso Lentini e Valentina Morassutti.<\/p>\n<p data-path-to-node=\"10\">L\u2019incontro sar\u00e0 l\u2019occasione per ricordare come Frigidaire abbia cambiato l&#8217;immaginario collettivo, ospitando i &#8220;diamanti grezzi&#8221; del fumetto europeo:<\/p>\n<ul data-path-to-node=\"11\">\n<li>\n<p data-path-to-node=\"11,0,0\">Andrea Pazienza, con il cinico adolescente <i data-path-to-node=\"11,0,0\" data-index-in-node=\"43\">Zanardi<\/i>;<\/p>\n<\/li>\n<li>\n<p data-path-to-node=\"11,1,0\">Tanino Liberatore e Stefano Tamburini, padri del coatto sintetico <i data-path-to-node=\"11,1,0\" data-index-in-node=\"66\">Ranxerox<\/i>;<\/p>\n<\/li>\n<li>\n<p data-path-to-node=\"11,2,0\">Massimo Mattioli, con lo splatter geniale di <i data-path-to-node=\"11,2,0\" data-index-in-node=\"45\">Squeak the Mouse<\/i>.<\/p>\n<\/li>\n<\/ul>\n<p data-path-to-node=\"12\">Ma Frigidaire non era solo disegno. Era una rivoluzione cromatica ed estetica che ha influenzato la moda, il design e la pubblicit\u00e0, grazie a un layout &#8220;elettrico&#8221; e a una libert\u00e0 espressiva che portava i lettori direttamente nei teatri di guerra o nelle periferie pi\u00f9 dimenticate.<\/p>\n<p data-path-to-node=\"14\">Oggi quell&#8217;esperienza di libert\u00e0 assoluta continua a vivere a Giano dell\u2019Umbria, nella Repubblica di Frigolandia, ma il suo spirito arriva a Belluno per ricordare che l\u2019indipendenza creativa \u00e8 un muscolo che va allenato costantemente.<\/p>\n<blockquote data-path-to-node=\"15\">\n<h6 style=\"text-align: left;\" data-path-to-node=\"15,0\">&#8220;Frigidaire rimane un caso unico: una testata capace di essere &#8216;fuori moda&#8217; perch\u00e9 sempre in anticipo sui tempi,&#8221; spiegano gli organizzatori.<\/h6>\n<\/blockquote>\n<p data-path-to-node=\"17\">Oltre al dibattito, i visitatori potranno immergersi fisicamente nel mondo dell\u2019editoria indipendente: il Granaio ospiter\u00e0 infatti una piccola esposizione di libri, riviste e oggetti rari che rester\u00e0 visitabile anche durante i successivi incontri della rassegna, previsti per venerd\u00ec 27 e luned\u00ec 30 marzo.<\/p>\n<p><strong>Laura Scarpa<\/strong><\/p>\n<p>Nata a Venezia nel 1957, ha vissuto a Milano, Roma e Venezia.\u00a0Dal 1977 \u00e8 autrice di fumetti, illustratrice, editor, docente in varie scuole e direttrice della\u00a0<em>A Scuola di Fumetto Online<\/em> da lei creata. Presiede l\u2019Associazione Culturale ComicOut, che si occupa della diffusione e studio della Nona Arte.\u00a0Come autrice ha scritto e disegnato storie su per le pi\u00f9 note riviste italiane, da \u00abLinus\u00bb a \u00abOrient Express\u00bb e \u00abCorriere dei Piccoli\u00bb, da \u00abBlue\u00bb a \u00abMondo Naif\u00bb e \u00abInternazionale\u00bb, \u00e8 autrice di graphic novel pubblicate in Italia con Coniglio Editore, Kappa Edizioni, Shockdom, Mondadori, Sole 24ore, e in Francia e Germania.\u00a0Come editor ha curato il \u00abCorriere dei Piccoli\u00bb e \u00abBlue\u00bb, ha fondato e diretto \u00abScuola di Fumetto\u00bb e \u00abANIMAls\u00bb.\u00a0Ha scritto saggi, tra cui <em>Hugo Pratt \u2013 le lezioni perdute<\/em>, per Mompracem, vincitore di premi a Lucca 2013 e Romics 2013, curato antologie critiche sul fumetto italiano della prima met\u00e0 del 900, e scritto alcuni manuali di fumetto, per adulti e ragazzi.\u00a0Online dal 2010 ha un blog disegnato: caff\u00e8 a colazione, e dal 2020 tiene i venerd\u00ec una rubrica in diretta su FB e Youtube e pubblica settimanalmente Online articoli per SdF digitale.\u00a0Ha curato alcune manifestazioni di fumetto: Critical Comics a Roma, nel 2013, Vincomics in Liguria nel 2018, e ora Venezia, citt\u00e0 invisibile (febbraio 2026).<\/p>\n<p>&nbsp;<\/p>\n<p><strong><em>\u00a0<\/em>Agenda dell&#8217;evento<\/strong><\/p>\n<ul data-path-to-node=\"20\">\n<li>\n<p data-path-to-node=\"20,0,0\">Cosa: Inaugurazione rassegna &#8220;Stampare fuori dalle righe&#8221;<\/p>\n<\/li>\n<li>\n<p data-path-to-node=\"20,1,0\">Quando: Luned\u00ec 23 marzo, ore 18:30<\/p>\n<\/li>\n<li>\n<p data-path-to-node=\"20,2,0\">Dove: Granaio di Villa Buzzati, Belluno<\/p>\n<\/li>\n<li>\n<p data-path-to-node=\"20,3,0\">Ospiti: Laura Scarpa e Martina Gennari<\/p>\n<\/li>\n<li>\n<p data-path-to-node=\"20,4,0\">Ingresso: Libero<\/p>\n<\/li>\n<\/ul>","protected":false},"excerpt":{"rendered":"<p>Luned\u00ec 23 marzo inaugura la rassegna &#8220;Stampare fuori dalle righe&#8221;. Un viaggio nel laboratorio di resistenza culturale che ha ridefinito il fumetto e la satira in Italia. Belluno, 19\/01\/2026\u00a0\u2013 C\u2019\u00e8 stata una stagione in cui l\u2019editoria italiana non chiedeva permesso, non cercava il consenso e, soprattutto, non aveva paura di &#8220;congelare&#8221; la realt\u00e0 per farne [&hellip;]<\/p>\n","protected":false},"author":2,"featured_media":168320,"comment_status":"closed","ping_status":"open","sticky":false,"template":"","format":"standard","meta":{"footnotes":""},"categories":[27,3,25],"tags":[],"class_list":["post-168319","post","type-post","status-publish","format-standard","has-post-thumbnail","category-appuntamenti","category-arte-cultura-spettacoli-scienza-archivi","category-pausa-caffe"],"yoast_head":"<!-- This site is optimized with the Yoast SEO plugin v28.4 - https:\/\/yoast.com\/product\/yoast-seo-wordpress\/ -->\n<title>L&#039;onda d\u2019urto di Frigidaire: a Villa Buzzati rivive l\u2019editoria che sfid\u00f2 il perbenismo - Bellunopress - Dolomiti<\/title>\n<meta name=\"robots\" content=\"index, follow, max-snippet:-1, max-image-preview:large, max-video-preview:-1\" \/>\n<link rel=\"canonical\" href=\"https:\/\/www.bellunopress.it\/fr\/2026\/03\/19\/londa-durto-di-frigidaire-a-villa-buzzati-rivive-leditoria-che-sfido-il-perbenismo\/\" \/>\n<meta property=\"og:locale\" content=\"fr_FR\" \/>\n<meta property=\"og:type\" content=\"article\" \/>\n<meta property=\"og:title\" content=\"L&#039;onda d\u2019urto di Frigidaire: a Villa Buzzati rivive l\u2019editoria che sfid\u00f2 il perbenismo - Bellunopress - Dolomiti\" \/>\n<meta property=\"og:description\" content=\"Luned\u00ec 23 marzo inaugura la rassegna &#8220;Stampare fuori dalle righe&#8221;. Un viaggio nel laboratorio di resistenza culturale che ha ridefinito il fumetto e la satira in Italia. Belluno, 19\/01\/2026\u00a0\u2013 C\u2019\u00e8 stata una stagione in cui l\u2019editoria italiana non chiedeva permesso, non cercava il consenso e, soprattutto, non aveva paura di &#8220;congelare&#8221; la realt\u00e0 per farne [&hellip;]\" \/>\n<meta property=\"og:url\" content=\"https:\/\/www.bellunopress.it\/fr\/2026\/03\/19\/londa-durto-di-frigidaire-a-villa-buzzati-rivive-leditoria-che-sfido-il-perbenismo\/\" \/>\n<meta property=\"og:site_name\" content=\"Bellunopress - Dolomiti\" \/>\n<meta property=\"article:publisher\" content=\"https:\/\/www.facebook.com\/profile.php?id=100008943462799\" \/>\n<meta property=\"article:published_time\" content=\"2026-03-19T08:32:48+00:00\" \/>\n<meta property=\"og:image\" content=\"https:\/\/www.bellunopress.it\/wp-content\/uploads\/2026\/03\/Frigidaire.jpg\" \/>\n\t<meta property=\"og:image:width\" content=\"451\" \/>\n\t<meta property=\"og:image:height\" content=\"600\" \/>\n\t<meta property=\"og:image:type\" content=\"image\/jpeg\" \/>\n<meta name=\"author\" content=\"redazione\" \/>\n<meta name=\"twitter:card\" content=\"summary_large_image\" \/>\n<meta name=\"twitter:creator\" content=\"@bellunopress\" \/>\n<meta name=\"twitter:site\" content=\"@bellunopress\" \/>\n<meta name=\"twitter:label1\" content=\"\u00c9crit par\" \/>\n\t<meta name=\"twitter:data1\" content=\"redazione\" \/>\n\t<meta name=\"twitter:label2\" content=\"Dur\u00e9e de lecture estim\u00e9e\" \/>\n\t<meta name=\"twitter:data2\" content=\"3 minutes\" \/>\n<script type=\"application\/ld+json\" class=\"yoast-schema-graph\">{\"@context\":\"https:\\\/\\\/schema.org\",\"@graph\":[{\"@type\":\"Article\",\"@id\":\"https:\\\/\\\/www.bellunopress.it\\\/2026\\\/03\\\/19\\\/londa-durto-di-frigidaire-a-villa-buzzati-rivive-leditoria-che-sfido-il-perbenismo\\\/#article\",\"isPartOf\":{\"@id\":\"https:\\\/\\\/www.bellunopress.it\\\/2026\\\/03\\\/19\\\/londa-durto-di-frigidaire-a-villa-buzzati-rivive-leditoria-che-sfido-il-perbenismo\\\/\"},\"author\":{\"name\":\"redazione\",\"@id\":\"https:\\\/\\\/www.bellunopress.it\\\/#\\\/schema\\\/person\\\/79bb06722b37ece1c03d3e94beb30d73\"},\"headline\":\"L&#8217;onda d\u2019urto di Frigidaire: a Villa Buzzati rivive l\u2019editoria che sfid\u00f2 il perbenismo\",\"datePublished\":\"2026-03-19T08:32:48+00:00\",\"mainEntityOfPage\":{\"@id\":\"https:\\\/\\\/www.bellunopress.it\\\/2026\\\/03\\\/19\\\/londa-durto-di-frigidaire-a-villa-buzzati-rivive-leditoria-che-sfido-il-perbenismo\\\/\"},\"wordCount\":653,\"publisher\":{\"@id\":\"https:\\\/\\\/www.bellunopress.it\\\/#organization\"},\"image\":{\"@id\":\"https:\\\/\\\/www.bellunopress.it\\\/2026\\\/03\\\/19\\\/londa-durto-di-frigidaire-a-villa-buzzati-rivive-leditoria-che-sfido-il-perbenismo\\\/#primaryimage\"},\"thumbnailUrl\":\"https:\\\/\\\/www.bellunopress.it\\\/wp-content\\\/uploads\\\/2026\\\/03\\\/Frigidaire.jpg\",\"articleSection\":[\"Appuntamenti, Eventi\",\"Arte, Cultura, Spettacoli, Scienza\",\"Pausa Caff\u00e8\"],\"inLanguage\":\"fr-FR\"},{\"@type\":\"WebPage\",\"@id\":\"https:\\\/\\\/www.bellunopress.it\\\/2026\\\/03\\\/19\\\/londa-durto-di-frigidaire-a-villa-buzzati-rivive-leditoria-che-sfido-il-perbenismo\\\/\",\"url\":\"https:\\\/\\\/www.bellunopress.it\\\/2026\\\/03\\\/19\\\/londa-durto-di-frigidaire-a-villa-buzzati-rivive-leditoria-che-sfido-il-perbenismo\\\/\",\"name\":\"L'onda d\u2019urto di Frigidaire: a Villa Buzzati rivive l\u2019editoria che sfid\u00f2 il perbenismo - Bellunopress - Dolomiti\",\"isPartOf\":{\"@id\":\"https:\\\/\\\/www.bellunopress.it\\\/#website\"},\"primaryImageOfPage\":{\"@id\":\"https:\\\/\\\/www.bellunopress.it\\\/2026\\\/03\\\/19\\\/londa-durto-di-frigidaire-a-villa-buzzati-rivive-leditoria-che-sfido-il-perbenismo\\\/#primaryimage\"},\"image\":{\"@id\":\"https:\\\/\\\/www.bellunopress.it\\\/2026\\\/03\\\/19\\\/londa-durto-di-frigidaire-a-villa-buzzati-rivive-leditoria-che-sfido-il-perbenismo\\\/#primaryimage\"},\"thumbnailUrl\":\"https:\\\/\\\/www.bellunopress.it\\\/wp-content\\\/uploads\\\/2026\\\/03\\\/Frigidaire.jpg\",\"datePublished\":\"2026-03-19T08:32:48+00:00\",\"breadcrumb\":{\"@id\":\"https:\\\/\\\/www.bellunopress.it\\\/2026\\\/03\\\/19\\\/londa-durto-di-frigidaire-a-villa-buzzati-rivive-leditoria-che-sfido-il-perbenismo\\\/#breadcrumb\"},\"inLanguage\":\"fr-FR\",\"potentialAction\":[{\"@type\":\"ReadAction\",\"target\":[\"https:\\\/\\\/www.bellunopress.it\\\/2026\\\/03\\\/19\\\/londa-durto-di-frigidaire-a-villa-buzzati-rivive-leditoria-che-sfido-il-perbenismo\\\/\"]}]},{\"@type\":\"ImageObject\",\"inLanguage\":\"fr-FR\",\"@id\":\"https:\\\/\\\/www.bellunopress.it\\\/2026\\\/03\\\/19\\\/londa-durto-di-frigidaire-a-villa-buzzati-rivive-leditoria-che-sfido-il-perbenismo\\\/#primaryimage\",\"url\":\"https:\\\/\\\/www.bellunopress.it\\\/wp-content\\\/uploads\\\/2026\\\/03\\\/Frigidaire.jpg\",\"contentUrl\":\"https:\\\/\\\/www.bellunopress.it\\\/wp-content\\\/uploads\\\/2026\\\/03\\\/Frigidaire.jpg\",\"width\":451,\"height\":600},{\"@type\":\"BreadcrumbList\",\"@id\":\"https:\\\/\\\/www.bellunopress.it\\\/2026\\\/03\\\/19\\\/londa-durto-di-frigidaire-a-villa-buzzati-rivive-leditoria-che-sfido-il-perbenismo\\\/#breadcrumb\",\"itemListElement\":[{\"@type\":\"ListItem\",\"position\":1,\"name\":\"Home\",\"item\":\"https:\\\/\\\/www.bellunopress.it\\\/\"},{\"@type\":\"ListItem\",\"position\":2,\"name\":\"L&#8217;onda d\u2019urto di Frigidaire: a Villa Buzzati rivive l\u2019editoria che sfid\u00f2 il perbenismo\"}]},{\"@type\":\"WebSite\",\"@id\":\"https:\\\/\\\/www.bellunopress.it\\\/#website\",\"url\":\"https:\\\/\\\/www.bellunopress.it\\\/\",\"name\":\"Bellunopress - Dolomiti\",\"description\":\"e-mail: redazione@bellunopress.it\",\"publisher\":{\"@id\":\"https:\\\/\\\/www.bellunopress.it\\\/#organization\"},\"potentialAction\":[{\"@type\":\"SearchAction\",\"target\":{\"@type\":\"EntryPoint\",\"urlTemplate\":\"https:\\\/\\\/www.bellunopress.it\\\/?s={search_term_string}\"},\"query-input\":{\"@type\":\"PropertyValueSpecification\",\"valueRequired\":true,\"valueName\":\"search_term_string\"}}],\"inLanguage\":\"fr-FR\"},{\"@type\":\"Organization\",\"@id\":\"https:\\\/\\\/www.bellunopress.it\\\/#organization\",\"name\":\"Bellunopress\",\"url\":\"https:\\\/\\\/www.bellunopress.it\\\/\",\"logo\":{\"@type\":\"ImageObject\",\"inLanguage\":\"fr-FR\",\"@id\":\"https:\\\/\\\/www.bellunopress.it\\\/#\\\/schema\\\/logo\\\/image\\\/\",\"url\":\"https:\\\/\\\/www.bellunopress.it\\\/wp-content\\\/uploads\\\/2011\\\/05\\\/cropped-logo-bellunopress-.jpg\",\"contentUrl\":\"https:\\\/\\\/www.bellunopress.it\\\/wp-content\\\/uploads\\\/2011\\\/05\\\/cropped-logo-bellunopress-.jpg\",\"width\":512,\"height\":512,\"caption\":\"Bellunopress\"},\"image\":{\"@id\":\"https:\\\/\\\/www.bellunopress.it\\\/#\\\/schema\\\/logo\\\/image\\\/\"},\"sameAs\":[\"https:\\\/\\\/www.facebook.com\\\/profile.php?id=100008943462799\",\"https:\\\/\\\/x.com\\\/bellunopress\",\"https:\\\/\\\/www.linkedin.com\\\/hp\\\/?dnr=JBzUWaJfMUw8vbXJJ2tVW5-I3jZKvC4wsoxE&amp;amp;amp;amp;amp;amp;trk=nav_responsive_tab_home\",\"https:\\\/\\\/www.youtube.com\\\/channel\\\/UCxL0wu1uN0_3_7hGG0306cw\"]},{\"@type\":\"Person\",\"@id\":\"https:\\\/\\\/www.bellunopress.it\\\/#\\\/schema\\\/person\\\/79bb06722b37ece1c03d3e94beb30d73\",\"name\":\"redazione\",\"image\":{\"@type\":\"ImageObject\",\"inLanguage\":\"fr-FR\",\"@id\":\"https:\\\/\\\/secure.gravatar.com\\\/avatar\\\/37d968a2e67a6fd04c169c4bdef102d0bc5d31b2546345219e348575eb80e9a0?s=96&d=mm&r=g\",\"url\":\"https:\\\/\\\/secure.gravatar.com\\\/avatar\\\/37d968a2e67a6fd04c169c4bdef102d0bc5d31b2546345219e348575eb80e9a0?s=96&d=mm&r=g\",\"contentUrl\":\"https:\\\/\\\/secure.gravatar.com\\\/avatar\\\/37d968a2e67a6fd04c169c4bdef102d0bc5d31b2546345219e348575eb80e9a0?s=96&d=mm&r=g\",\"caption\":\"redazione\"},\"sameAs\":[\"http:\\\/\\\/www.bellunopress.it\",\"https:\\\/\\\/x.com\\\/bellunopress\"],\"url\":\"https:\\\/\\\/www.bellunopress.it\\\/fr\\\/author\\\/redazione\\\/\"}]}<\/script>\n<!-- \/ Yoast SEO plugin. -->","yoast_head_json":{"title":"L'onda d\u2019urto di Frigidaire: a Villa Buzzati rivive l\u2019editoria che sfid\u00f2 il perbenismo - Bellunopress - Dolomiti","robots":{"index":"index","follow":"follow","max-snippet":"max-snippet:-1","max-image-preview":"max-image-preview:large","max-video-preview":"max-video-preview:-1"},"canonical":"https:\/\/www.bellunopress.it\/fr\/2026\/03\/19\/londa-durto-di-frigidaire-a-villa-buzzati-rivive-leditoria-che-sfido-il-perbenismo\/","og_locale":"fr_FR","og_type":"article","og_title":"L'onda d\u2019urto di Frigidaire: a Villa Buzzati rivive l\u2019editoria che sfid\u00f2 il perbenismo - Bellunopress - Dolomiti","og_description":"Luned\u00ec 23 marzo inaugura la rassegna &#8220;Stampare fuori dalle righe&#8221;. Un viaggio nel laboratorio di resistenza culturale che ha ridefinito il fumetto e la satira in Italia. Belluno, 19\/01\/2026\u00a0\u2013 C\u2019\u00e8 stata una stagione in cui l\u2019editoria italiana non chiedeva permesso, non cercava il consenso e, soprattutto, non aveva paura di &#8220;congelare&#8221; la realt\u00e0 per farne [&hellip;]","og_url":"https:\/\/www.bellunopress.it\/fr\/2026\/03\/19\/londa-durto-di-frigidaire-a-villa-buzzati-rivive-leditoria-che-sfido-il-perbenismo\/","og_site_name":"Bellunopress - Dolomiti","article_publisher":"https:\/\/www.facebook.com\/profile.php?id=100008943462799","article_published_time":"2026-03-19T08:32:48+00:00","og_image":[{"width":451,"height":600,"url":"https:\/\/www.bellunopress.it\/wp-content\/uploads\/2026\/03\/Frigidaire.jpg","type":"image\/jpeg"}],"author":"redazione","twitter_card":"summary_large_image","twitter_creator":"@bellunopress","twitter_site":"@bellunopress","twitter_misc":{"\u00c9crit par":"redazione","Dur\u00e9e de lecture estim\u00e9e":"3 minutes"},"schema":{"@context":"https:\/\/schema.org","@graph":[{"@type":"Article","@id":"https:\/\/www.bellunopress.it\/2026\/03\/19\/londa-durto-di-frigidaire-a-villa-buzzati-rivive-leditoria-che-sfido-il-perbenismo\/#article","isPartOf":{"@id":"https:\/\/www.bellunopress.it\/2026\/03\/19\/londa-durto-di-frigidaire-a-villa-buzzati-rivive-leditoria-che-sfido-il-perbenismo\/"},"author":{"name":"redazione","@id":"https:\/\/www.bellunopress.it\/#\/schema\/person\/79bb06722b37ece1c03d3e94beb30d73"},"headline":"L&#8217;onda d\u2019urto di Frigidaire: a Villa Buzzati rivive l\u2019editoria che sfid\u00f2 il perbenismo","datePublished":"2026-03-19T08:32:48+00:00","mainEntityOfPage":{"@id":"https:\/\/www.bellunopress.it\/2026\/03\/19\/londa-durto-di-frigidaire-a-villa-buzzati-rivive-leditoria-che-sfido-il-perbenismo\/"},"wordCount":653,"publisher":{"@id":"https:\/\/www.bellunopress.it\/#organization"},"image":{"@id":"https:\/\/www.bellunopress.it\/2026\/03\/19\/londa-durto-di-frigidaire-a-villa-buzzati-rivive-leditoria-che-sfido-il-perbenismo\/#primaryimage"},"thumbnailUrl":"https:\/\/www.bellunopress.it\/wp-content\/uploads\/2026\/03\/Frigidaire.jpg","articleSection":["Appuntamenti, Eventi","Arte, Cultura, Spettacoli, Scienza","Pausa Caff\u00e8"],"inLanguage":"fr-FR"},{"@type":"WebPage","@id":"https:\/\/www.bellunopress.it\/2026\/03\/19\/londa-durto-di-frigidaire-a-villa-buzzati-rivive-leditoria-che-sfido-il-perbenismo\/","url":"https:\/\/www.bellunopress.it\/2026\/03\/19\/londa-durto-di-frigidaire-a-villa-buzzati-rivive-leditoria-che-sfido-il-perbenismo\/","name":"L'onda d\u2019urto di Frigidaire: a Villa Buzzati rivive l\u2019editoria che sfid\u00f2 il perbenismo - Bellunopress - Dolomiti","isPartOf":{"@id":"https:\/\/www.bellunopress.it\/#website"},"primaryImageOfPage":{"@id":"https:\/\/www.bellunopress.it\/2026\/03\/19\/londa-durto-di-frigidaire-a-villa-buzzati-rivive-leditoria-che-sfido-il-perbenismo\/#primaryimage"},"image":{"@id":"https:\/\/www.bellunopress.it\/2026\/03\/19\/londa-durto-di-frigidaire-a-villa-buzzati-rivive-leditoria-che-sfido-il-perbenismo\/#primaryimage"},"thumbnailUrl":"https:\/\/www.bellunopress.it\/wp-content\/uploads\/2026\/03\/Frigidaire.jpg","datePublished":"2026-03-19T08:32:48+00:00","breadcrumb":{"@id":"https:\/\/www.bellunopress.it\/2026\/03\/19\/londa-durto-di-frigidaire-a-villa-buzzati-rivive-leditoria-che-sfido-il-perbenismo\/#breadcrumb"},"inLanguage":"fr-FR","potentialAction":[{"@type":"ReadAction","target":["https:\/\/www.bellunopress.it\/2026\/03\/19\/londa-durto-di-frigidaire-a-villa-buzzati-rivive-leditoria-che-sfido-il-perbenismo\/"]}]},{"@type":"ImageObject","inLanguage":"fr-FR","@id":"https:\/\/www.bellunopress.it\/2026\/03\/19\/londa-durto-di-frigidaire-a-villa-buzzati-rivive-leditoria-che-sfido-il-perbenismo\/#primaryimage","url":"https:\/\/www.bellunopress.it\/wp-content\/uploads\/2026\/03\/Frigidaire.jpg","contentUrl":"https:\/\/www.bellunopress.it\/wp-content\/uploads\/2026\/03\/Frigidaire.jpg","width":451,"height":600},{"@type":"BreadcrumbList","@id":"https:\/\/www.bellunopress.it\/2026\/03\/19\/londa-durto-di-frigidaire-a-villa-buzzati-rivive-leditoria-che-sfido-il-perbenismo\/#breadcrumb","itemListElement":[{"@type":"ListItem","position":1,"name":"Home","item":"https:\/\/www.bellunopress.it\/"},{"@type":"ListItem","position":2,"name":"L&#8217;onda d\u2019urto di Frigidaire: a Villa Buzzati rivive l\u2019editoria che sfid\u00f2 il perbenismo"}]},{"@type":"WebSite","@id":"https:\/\/www.bellunopress.it\/#website","url":"https:\/\/www.bellunopress.it\/","name":"Bellunopress - Dolomiti","description":"e-mail: redazione@bellunopress.it","publisher":{"@id":"https:\/\/www.bellunopress.it\/#organization"},"potentialAction":[{"@type":"SearchAction","target":{"@type":"EntryPoint","urlTemplate":"https:\/\/www.bellunopress.it\/?s={search_term_string}"},"query-input":{"@type":"PropertyValueSpecification","valueRequired":true,"valueName":"search_term_string"}}],"inLanguage":"fr-FR"},{"@type":"Organization","@id":"https:\/\/www.bellunopress.it\/#organization","name":"Bellunopress","url":"https:\/\/www.bellunopress.it\/","logo":{"@type":"ImageObject","inLanguage":"fr-FR","@id":"https:\/\/www.bellunopress.it\/#\/schema\/logo\/image\/","url":"https:\/\/www.bellunopress.it\/wp-content\/uploads\/2011\/05\/cropped-logo-bellunopress-.jpg","contentUrl":"https:\/\/www.bellunopress.it\/wp-content\/uploads\/2011\/05\/cropped-logo-bellunopress-.jpg","width":512,"height":512,"caption":"Bellunopress"},"image":{"@id":"https:\/\/www.bellunopress.it\/#\/schema\/logo\/image\/"},"sameAs":["https:\/\/www.facebook.com\/profile.php?id=100008943462799","https:\/\/x.com\/bellunopress","https:\/\/www.linkedin.com\/hp\/?dnr=JBzUWaJfMUw8vbXJJ2tVW5-I3jZKvC4wsoxE&amp;amp;amp;amp;amp;amp;trk=nav_responsive_tab_home","https:\/\/www.youtube.com\/channel\/UCxL0wu1uN0_3_7hGG0306cw"]},{"@type":"Person","@id":"https:\/\/www.bellunopress.it\/#\/schema\/person\/79bb06722b37ece1c03d3e94beb30d73","name":"r\u00e9daction","image":{"@type":"ImageObject","inLanguage":"fr-FR","@id":"https:\/\/secure.gravatar.com\/avatar\/37d968a2e67a6fd04c169c4bdef102d0bc5d31b2546345219e348575eb80e9a0?s=96&d=mm&r=g","url":"https:\/\/secure.gravatar.com\/avatar\/37d968a2e67a6fd04c169c4bdef102d0bc5d31b2546345219e348575eb80e9a0?s=96&d=mm&r=g","contentUrl":"https:\/\/secure.gravatar.com\/avatar\/37d968a2e67a6fd04c169c4bdef102d0bc5d31b2546345219e348575eb80e9a0?s=96&d=mm&r=g","caption":"redazione"},"sameAs":["http:\/\/www.bellunopress.it","https:\/\/x.com\/bellunopress"],"url":"https:\/\/www.bellunopress.it\/fr\/author\/redazione\/"}]}},"_links":{"self":[{"href":"https:\/\/www.bellunopress.it\/fr\/wp-json\/wp\/v2\/posts\/168319","targetHints":{"allow":["GET"]}}],"collection":[{"href":"https:\/\/www.bellunopress.it\/fr\/wp-json\/wp\/v2\/posts"}],"about":[{"href":"https:\/\/www.bellunopress.it\/fr\/wp-json\/wp\/v2\/types\/post"}],"author":[{"embeddable":true,"href":"https:\/\/www.bellunopress.it\/fr\/wp-json\/wp\/v2\/users\/2"}],"replies":[{"embeddable":true,"href":"https:\/\/www.bellunopress.it\/fr\/wp-json\/wp\/v2\/comments?post=168319"}],"version-history":[{"count":2,"href":"https:\/\/www.bellunopress.it\/fr\/wp-json\/wp\/v2\/posts\/168319\/revisions"}],"predecessor-version":[{"id":168322,"href":"https:\/\/www.bellunopress.it\/fr\/wp-json\/wp\/v2\/posts\/168319\/revisions\/168322"}],"wp:featuredmedia":[{"embeddable":true,"href":"https:\/\/www.bellunopress.it\/fr\/wp-json\/wp\/v2\/media\/168320"}],"wp:attachment":[{"href":"https:\/\/www.bellunopress.it\/fr\/wp-json\/wp\/v2\/media?parent=168319"}],"wp:term":[{"taxonomy":"category","embeddable":true,"href":"https:\/\/www.bellunopress.it\/fr\/wp-json\/wp\/v2\/categories?post=168319"},{"taxonomy":"post_tag","embeddable":true,"href":"https:\/\/www.bellunopress.it\/fr\/wp-json\/wp\/v2\/tags?post=168319"}],"curies":[{"name":"wp","href":"https:\/\/api.w.org\/{rel}","templated":true}]}}