{"id":168316,"date":"2026-03-19T09:31:50","date_gmt":"2026-03-19T08:31:50","guid":{"rendered":"https:\/\/www.bellunopress.it\/?p=168316"},"modified":"2026-03-19T08:37:14","modified_gmt":"2026-03-19T07:37:14","slug":"a-pedavena-la-cultura-germoglia-nasce-la-biblioteca-delle-sementi","status":"publish","type":"post","link":"https:\/\/www.bellunopress.it\/fr\/2026\/03\/19\/a-pedavena-la-cultura-germoglia-nasce-la-biblioteca-delle-sementi\/","title":{"rendered":"A Pedavena la cultura germoglia: nasce la Biblioteca delle Sementi"},"content":{"rendered":"<p data-path-to-node=\"3\"><b data-path-to-node=\"3\" data-index-in-node=\"0\">Inaugurazione sabato 21 marzo, in coincidenza con l&#8217;equinozio di primavera. Un&#8217;iniziativa etica e gratuita per recuperare la biodiversit\u00e0 bellunese e promuovere la coltivazione naturale.<\/b><\/p>\n<p data-path-to-node=\"4\">Pedavena, 19\/03\/2026\u00a0\u2013 Non solo libri tra gli scaffali, ma vita che attende di germogliare. Sabato 21 marzo, in concomitanza con il primo giorno di primavera, la biblioteca comunale di Pedavena si arricchisce di un nuovo, prezioso spazio: la &#8220;Biblioteca delle Sementi&#8221;.<\/p>\n<p data-path-to-node=\"5\">L\u2019iniziativa nasce dalla sinergia tra il Comune di Pedavena, la Biblioteca e l&#8217;associazione Coltivare Condividendo, che da oltre sedici anni \u00e8 il punto di riferimento per il recupero e la salvaguardia della biodiversit\u00e0 agricola nel bellunese.<\/p>\n<p data-path-to-node=\"7\">Il meccanismo \u00e8 semplice e poetico: all&#8217;interno della biblioteca sar\u00e0 posizionata una scatola di legno contenente decine di variet\u00e0 di sementi, tutte rigorosamente <b data-path-to-node=\"7\" data-index-in-node=\"164\">riproducibili<\/b>. Ogni cittadino potr\u00e0 scegliere le bustine che preferisce per portarle nel proprio orto o giardino.<\/p>\n<blockquote data-path-to-node=\"8\">\n<h6 style=\"text-align: left;\" data-path-to-node=\"8,0\">&#8220;Non viene chiesto denaro,&#8221; spiegano i promotori, &#8220;ma chi preleva i semi assume un impegno morale: coltivarli con cura e, una volta ottenuto il raccolto, donare a sua volta parte della nuova semenza ad altri.&#8221;<\/h6>\n<\/blockquote>\n<p data-path-to-node=\"9\">L&#8217;obiettivo non \u00e8 solo fornire materia prima per l&#8217;auto-produzione di cibo, ma innescare un circolo virtuoso di condivisione che si ispira a modelli gi\u00e0 di successo in Italia, come quello di Vicenza.<\/p>\n<p data-path-to-node=\"11\">Ogni bustina riporter\u00e0 i contatti di <i data-path-to-node=\"11\" data-index-in-node=\"37\">Coltivare Condividendo<\/i>, a cui i neo-contadini potranno rivolgersi per consigli tecnici su come coltivare senza l&#8217;uso di chimica di sintesi. La biblioteca diventer\u00e0 cos\u00ec un centro di diffusione per le variet\u00e0 locali e tipiche, spesso dimenticate dal mercato industriale.<\/p>\n<p data-path-to-node=\"12\">A breve, inoltre, verranno avviati <b data-path-to-node=\"12\" data-index-in-node=\"35\">i<\/b>ncontri informativi gratuiti aperti a tutta la cittadinanza, dedicati alla riproduzione dei semi e alle tecniche di agricoltura naturale.<\/p>\n<p data-path-to-node=\"14\">Oltre l&#8217;aspetto agricolo, l&#8217;iniziativa punta alla coesione sociale. Da un piccolo seme pu\u00f2 nascere un ottimo ortaggio, ma anche l&#8217;occasione per tessere nuove relazioni e riscoprire il valore della comunit\u00e0.<\/p>\n<h3 data-path-to-node=\"16\">I dettagli del progetto<\/h3>\n<table data-path-to-node=\"17\">\n<thead>\n<tr>\n<td><strong>Info<\/strong><\/td>\n<td><strong>Dettagli<\/strong><\/td>\n<\/tr>\n<\/thead>\n<tbody>\n<tr>\n<td><span data-path-to-node=\"17,1,0,0\"><b data-path-to-node=\"17,1,0,0\" data-index-in-node=\"0\">Inaugurazione<\/b><\/span><\/td>\n<td><span data-path-to-node=\"17,1,1,0\">Sabato 21 marzo<\/span><\/td>\n<\/tr>\n<tr>\n<td><span data-path-to-node=\"17,2,0,0\"><b data-path-to-node=\"17,2,0,0\" data-index-in-node=\"0\">Luogo<\/b><\/span><\/td>\n<td><span data-path-to-node=\"17,2,1,0\">Biblioteca Comunale di Pedavena<\/span><\/td>\n<\/tr>\n<tr>\n<td><span data-path-to-node=\"17,3,0,0\"><b data-path-to-node=\"17,3,0,0\" data-index-in-node=\"0\">Costo<\/b><\/span><\/td>\n<td><span data-path-to-node=\"17,3,1,0\">Gratuito (basato sul baratto etico)<\/span><\/td>\n<\/tr>\n<tr>\n<td><span data-path-to-node=\"17,4,0,0\"><b data-path-to-node=\"17,4,0,0\" data-index-in-node=\"0\">Contatti<\/b><\/span><\/td>\n<td><span data-path-to-node=\"17,4,1,0\">coltivacondividendo@gmail.com<\/span><\/td>\n<\/tr>\n<tr>\n<td><span data-path-to-node=\"17,5,0,0\"><b data-path-to-node=\"17,5,0,0\" data-index-in-node=\"0\">Telefono<\/b><\/span><\/td>\n<td><span data-path-to-node=\"17,5,1,0\">333 6889954<\/span><\/td>\n<\/tr>\n<\/tbody>\n<\/table>","protected":false},"excerpt":{"rendered":"<p>Inaugurazione sabato 21 marzo, in coincidenza con l&#8217;equinozio di primavera. Un&#8217;iniziativa etica e gratuita per recuperare la biodiversit\u00e0 bellunese e promuovere la coltivazione naturale. Pedavena, 19\/03\/2026\u00a0\u2013 Non solo libri tra gli scaffali, ma vita che attende di germogliare. Sabato 21 marzo, in concomitanza con il primo giorno di primavera, la biblioteca comunale di Pedavena si [&hellip;]<\/p>\n","protected":false},"author":2,"featured_media":168317,"comment_status":"closed","ping_status":"open","sticky":false,"template":"","format":"standard","meta":{"footnotes":""},"categories":[25,8],"tags":[],"class_list":["post-168316","post","type-post","status-publish","format-standard","has-post-thumbnail","category-pausa-caffe","category-societa-istituzioni"],"yoast_head":"<!-- This site is optimized with the Yoast SEO plugin v28.4 - https:\/\/yoast.com\/product\/yoast-seo-wordpress\/ -->\n<title>A Pedavena la cultura germoglia: nasce la Biblioteca delle Sementi - Bellunopress - Dolomiti<\/title>\n<meta name=\"robots\" content=\"index, follow, max-snippet:-1, max-image-preview:large, max-video-preview:-1\" \/>\n<link rel=\"canonical\" href=\"https:\/\/www.bellunopress.it\/fr\/2026\/03\/19\/a-pedavena-la-cultura-germoglia-nasce-la-biblioteca-delle-sementi\/\" \/>\n<meta property=\"og:locale\" content=\"fr_FR\" \/>\n<meta property=\"og:type\" content=\"article\" \/>\n<meta property=\"og:title\" content=\"A Pedavena la cultura germoglia: nasce la Biblioteca delle Sementi - Bellunopress - Dolomiti\" \/>\n<meta property=\"og:description\" content=\"Inaugurazione sabato 21 marzo, in coincidenza con l&#8217;equinozio di primavera. Un&#8217;iniziativa etica e gratuita per recuperare la biodiversit\u00e0 bellunese e promuovere la coltivazione naturale. Pedavena, 19\/03\/2026\u00a0\u2013 Non solo libri tra gli scaffali, ma vita che attende di germogliare. Sabato 21 marzo, in concomitanza con il primo giorno di primavera, la biblioteca comunale di Pedavena si [&hellip;]\" \/>\n<meta property=\"og:url\" content=\"https:\/\/www.bellunopress.it\/fr\/2026\/03\/19\/a-pedavena-la-cultura-germoglia-nasce-la-biblioteca-delle-sementi\/\" \/>\n<meta property=\"og:site_name\" content=\"Bellunopress - Dolomiti\" \/>\n<meta property=\"article:publisher\" content=\"https:\/\/www.facebook.com\/profile.php?id=100008943462799\" \/>\n<meta property=\"article:published_time\" content=\"2026-03-19T08:31:50+00:00\" \/>\n<meta property=\"og:image\" content=\"https:\/\/www.bellunopress.it\/wp-content\/uploads\/2026\/03\/Biblioteca-delle-Sementi-Pedavena.jpg\" \/>\n\t<meta property=\"og:image:width\" content=\"318\" \/>\n\t<meta property=\"og:image:height\" content=\"512\" \/>\n\t<meta property=\"og:image:type\" content=\"image\/jpeg\" \/>\n<meta name=\"author\" content=\"redazione\" \/>\n<meta name=\"twitter:card\" content=\"summary_large_image\" \/>\n<meta name=\"twitter:creator\" content=\"@bellunopress\" \/>\n<meta name=\"twitter:site\" content=\"@bellunopress\" \/>\n<meta name=\"twitter:label1\" content=\"\u00c9crit par\" \/>\n\t<meta name=\"twitter:data1\" content=\"redazione\" \/>\n\t<meta name=\"twitter:label2\" content=\"Dur\u00e9e de lecture estim\u00e9e\" \/>\n\t<meta name=\"twitter:data2\" content=\"2 minutes\" \/>\n<script type=\"application\/ld+json\" class=\"yoast-schema-graph\">{\"@context\":\"https:\\\/\\\/schema.org\",\"@graph\":[{\"@type\":\"Article\",\"@id\":\"https:\\\/\\\/www.bellunopress.it\\\/2026\\\/03\\\/19\\\/a-pedavena-la-cultura-germoglia-nasce-la-biblioteca-delle-sementi\\\/#article\",\"isPartOf\":{\"@id\":\"https:\\\/\\\/www.bellunopress.it\\\/2026\\\/03\\\/19\\\/a-pedavena-la-cultura-germoglia-nasce-la-biblioteca-delle-sementi\\\/\"},\"author\":{\"name\":\"redazione\",\"@id\":\"https:\\\/\\\/www.bellunopress.it\\\/#\\\/schema\\\/person\\\/79bb06722b37ece1c03d3e94beb30d73\"},\"headline\":\"A Pedavena la cultura germoglia: nasce la Biblioteca delle Sementi\",\"datePublished\":\"2026-03-19T08:31:50+00:00\",\"mainEntityOfPage\":{\"@id\":\"https:\\\/\\\/www.bellunopress.it\\\/2026\\\/03\\\/19\\\/a-pedavena-la-cultura-germoglia-nasce-la-biblioteca-delle-sementi\\\/\"},\"wordCount\":346,\"publisher\":{\"@id\":\"https:\\\/\\\/www.bellunopress.it\\\/#organization\"},\"image\":{\"@id\":\"https:\\\/\\\/www.bellunopress.it\\\/2026\\\/03\\\/19\\\/a-pedavena-la-cultura-germoglia-nasce-la-biblioteca-delle-sementi\\\/#primaryimage\"},\"thumbnailUrl\":\"https:\\\/\\\/www.bellunopress.it\\\/wp-content\\\/uploads\\\/2026\\\/03\\\/Biblioteca-delle-Sementi-Pedavena.jpg\",\"articleSection\":[\"Pausa Caff\u00e8\",\"Societ\u00e0, Associazioni, Istituzioni\"],\"inLanguage\":\"fr-FR\"},{\"@type\":\"WebPage\",\"@id\":\"https:\\\/\\\/www.bellunopress.it\\\/2026\\\/03\\\/19\\\/a-pedavena-la-cultura-germoglia-nasce-la-biblioteca-delle-sementi\\\/\",\"url\":\"https:\\\/\\\/www.bellunopress.it\\\/2026\\\/03\\\/19\\\/a-pedavena-la-cultura-germoglia-nasce-la-biblioteca-delle-sementi\\\/\",\"name\":\"A Pedavena la cultura germoglia: nasce la Biblioteca delle Sementi - Bellunopress - Dolomiti\",\"isPartOf\":{\"@id\":\"https:\\\/\\\/www.bellunopress.it\\\/#website\"},\"primaryImageOfPage\":{\"@id\":\"https:\\\/\\\/www.bellunopress.it\\\/2026\\\/03\\\/19\\\/a-pedavena-la-cultura-germoglia-nasce-la-biblioteca-delle-sementi\\\/#primaryimage\"},\"image\":{\"@id\":\"https:\\\/\\\/www.bellunopress.it\\\/2026\\\/03\\\/19\\\/a-pedavena-la-cultura-germoglia-nasce-la-biblioteca-delle-sementi\\\/#primaryimage\"},\"thumbnailUrl\":\"https:\\\/\\\/www.bellunopress.it\\\/wp-content\\\/uploads\\\/2026\\\/03\\\/Biblioteca-delle-Sementi-Pedavena.jpg\",\"datePublished\":\"2026-03-19T08:31:50+00:00\",\"breadcrumb\":{\"@id\":\"https:\\\/\\\/www.bellunopress.it\\\/2026\\\/03\\\/19\\\/a-pedavena-la-cultura-germoglia-nasce-la-biblioteca-delle-sementi\\\/#breadcrumb\"},\"inLanguage\":\"fr-FR\",\"potentialAction\":[{\"@type\":\"ReadAction\",\"target\":[\"https:\\\/\\\/www.bellunopress.it\\\/2026\\\/03\\\/19\\\/a-pedavena-la-cultura-germoglia-nasce-la-biblioteca-delle-sementi\\\/\"]}]},{\"@type\":\"ImageObject\",\"inLanguage\":\"fr-FR\",\"@id\":\"https:\\\/\\\/www.bellunopress.it\\\/2026\\\/03\\\/19\\\/a-pedavena-la-cultura-germoglia-nasce-la-biblioteca-delle-sementi\\\/#primaryimage\",\"url\":\"https:\\\/\\\/www.bellunopress.it\\\/wp-content\\\/uploads\\\/2026\\\/03\\\/Biblioteca-delle-Sementi-Pedavena.jpg\",\"contentUrl\":\"https:\\\/\\\/www.bellunopress.it\\\/wp-content\\\/uploads\\\/2026\\\/03\\\/Biblioteca-delle-Sementi-Pedavena.jpg\",\"width\":318,\"height\":512},{\"@type\":\"BreadcrumbList\",\"@id\":\"https:\\\/\\\/www.bellunopress.it\\\/2026\\\/03\\\/19\\\/a-pedavena-la-cultura-germoglia-nasce-la-biblioteca-delle-sementi\\\/#breadcrumb\",\"itemListElement\":[{\"@type\":\"ListItem\",\"position\":1,\"name\":\"Home\",\"item\":\"https:\\\/\\\/www.bellunopress.it\\\/\"},{\"@type\":\"ListItem\",\"position\":2,\"name\":\"A Pedavena la cultura germoglia: nasce la Biblioteca delle Sementi\"}]},{\"@type\":\"WebSite\",\"@id\":\"https:\\\/\\\/www.bellunopress.it\\\/#website\",\"url\":\"https:\\\/\\\/www.bellunopress.it\\\/\",\"name\":\"Bellunopress - Dolomiti\",\"description\":\"e-mail: redazione@bellunopress.it\",\"publisher\":{\"@id\":\"https:\\\/\\\/www.bellunopress.it\\\/#organization\"},\"potentialAction\":[{\"@type\":\"SearchAction\",\"target\":{\"@type\":\"EntryPoint\",\"urlTemplate\":\"https:\\\/\\\/www.bellunopress.it\\\/?s={search_term_string}\"},\"query-input\":{\"@type\":\"PropertyValueSpecification\",\"valueRequired\":true,\"valueName\":\"search_term_string\"}}],\"inLanguage\":\"fr-FR\"},{\"@type\":\"Organization\",\"@id\":\"https:\\\/\\\/www.bellunopress.it\\\/#organization\",\"name\":\"Bellunopress\",\"url\":\"https:\\\/\\\/www.bellunopress.it\\\/\",\"logo\":{\"@type\":\"ImageObject\",\"inLanguage\":\"fr-FR\",\"@id\":\"https:\\\/\\\/www.bellunopress.it\\\/#\\\/schema\\\/logo\\\/image\\\/\",\"url\":\"https:\\\/\\\/www.bellunopress.it\\\/wp-content\\\/uploads\\\/2011\\\/05\\\/cropped-logo-bellunopress-.jpg\",\"contentUrl\":\"https:\\\/\\\/www.bellunopress.it\\\/wp-content\\\/uploads\\\/2011\\\/05\\\/cropped-logo-bellunopress-.jpg\",\"width\":512,\"height\":512,\"caption\":\"Bellunopress\"},\"image\":{\"@id\":\"https:\\\/\\\/www.bellunopress.it\\\/#\\\/schema\\\/logo\\\/image\\\/\"},\"sameAs\":[\"https:\\\/\\\/www.facebook.com\\\/profile.php?id=100008943462799\",\"https:\\\/\\\/x.com\\\/bellunopress\",\"https:\\\/\\\/www.linkedin.com\\\/hp\\\/?dnr=JBzUWaJfMUw8vbXJJ2tVW5-I3jZKvC4wsoxE&amp;amp;amp;amp;amp;amp;trk=nav_responsive_tab_home\",\"https:\\\/\\\/www.youtube.com\\\/channel\\\/UCxL0wu1uN0_3_7hGG0306cw\"]},{\"@type\":\"Person\",\"@id\":\"https:\\\/\\\/www.bellunopress.it\\\/#\\\/schema\\\/person\\\/79bb06722b37ece1c03d3e94beb30d73\",\"name\":\"redazione\",\"image\":{\"@type\":\"ImageObject\",\"inLanguage\":\"fr-FR\",\"@id\":\"https:\\\/\\\/secure.gravatar.com\\\/avatar\\\/37d968a2e67a6fd04c169c4bdef102d0bc5d31b2546345219e348575eb80e9a0?s=96&d=mm&r=g\",\"url\":\"https:\\\/\\\/secure.gravatar.com\\\/avatar\\\/37d968a2e67a6fd04c169c4bdef102d0bc5d31b2546345219e348575eb80e9a0?s=96&d=mm&r=g\",\"contentUrl\":\"https:\\\/\\\/secure.gravatar.com\\\/avatar\\\/37d968a2e67a6fd04c169c4bdef102d0bc5d31b2546345219e348575eb80e9a0?s=96&d=mm&r=g\",\"caption\":\"redazione\"},\"sameAs\":[\"http:\\\/\\\/www.bellunopress.it\",\"https:\\\/\\\/x.com\\\/bellunopress\"],\"url\":\"https:\\\/\\\/www.bellunopress.it\\\/fr\\\/author\\\/redazione\\\/\"}]}<\/script>\n<!-- \/ Yoast SEO plugin. -->","yoast_head_json":{"title":"A Pedavena la cultura germoglia: nasce la Biblioteca delle Sementi - Bellunopress - Dolomiti","robots":{"index":"index","follow":"follow","max-snippet":"max-snippet:-1","max-image-preview":"max-image-preview:large","max-video-preview":"max-video-preview:-1"},"canonical":"https:\/\/www.bellunopress.it\/fr\/2026\/03\/19\/a-pedavena-la-cultura-germoglia-nasce-la-biblioteca-delle-sementi\/","og_locale":"fr_FR","og_type":"article","og_title":"A Pedavena la cultura germoglia: nasce la Biblioteca delle Sementi - Bellunopress - Dolomiti","og_description":"Inaugurazione sabato 21 marzo, in coincidenza con l&#8217;equinozio di primavera. Un&#8217;iniziativa etica e gratuita per recuperare la biodiversit\u00e0 bellunese e promuovere la coltivazione naturale. Pedavena, 19\/03\/2026\u00a0\u2013 Non solo libri tra gli scaffali, ma vita che attende di germogliare. Sabato 21 marzo, in concomitanza con il primo giorno di primavera, la biblioteca comunale di Pedavena si [&hellip;]","og_url":"https:\/\/www.bellunopress.it\/fr\/2026\/03\/19\/a-pedavena-la-cultura-germoglia-nasce-la-biblioteca-delle-sementi\/","og_site_name":"Bellunopress - Dolomiti","article_publisher":"https:\/\/www.facebook.com\/profile.php?id=100008943462799","article_published_time":"2026-03-19T08:31:50+00:00","og_image":[{"width":318,"height":512,"url":"https:\/\/www.bellunopress.it\/wp-content\/uploads\/2026\/03\/Biblioteca-delle-Sementi-Pedavena.jpg","type":"image\/jpeg"}],"author":"redazione","twitter_card":"summary_large_image","twitter_creator":"@bellunopress","twitter_site":"@bellunopress","twitter_misc":{"\u00c9crit par":"redazione","Dur\u00e9e de lecture estim\u00e9e":"2 minutes"},"schema":{"@context":"https:\/\/schema.org","@graph":[{"@type":"Article","@id":"https:\/\/www.bellunopress.it\/2026\/03\/19\/a-pedavena-la-cultura-germoglia-nasce-la-biblioteca-delle-sementi\/#article","isPartOf":{"@id":"https:\/\/www.bellunopress.it\/2026\/03\/19\/a-pedavena-la-cultura-germoglia-nasce-la-biblioteca-delle-sementi\/"},"author":{"name":"redazione","@id":"https:\/\/www.bellunopress.it\/#\/schema\/person\/79bb06722b37ece1c03d3e94beb30d73"},"headline":"A Pedavena la cultura germoglia: nasce la Biblioteca delle Sementi","datePublished":"2026-03-19T08:31:50+00:00","mainEntityOfPage":{"@id":"https:\/\/www.bellunopress.it\/2026\/03\/19\/a-pedavena-la-cultura-germoglia-nasce-la-biblioteca-delle-sementi\/"},"wordCount":346,"publisher":{"@id":"https:\/\/www.bellunopress.it\/#organization"},"image":{"@id":"https:\/\/www.bellunopress.it\/2026\/03\/19\/a-pedavena-la-cultura-germoglia-nasce-la-biblioteca-delle-sementi\/#primaryimage"},"thumbnailUrl":"https:\/\/www.bellunopress.it\/wp-content\/uploads\/2026\/03\/Biblioteca-delle-Sementi-Pedavena.jpg","articleSection":["Pausa Caff\u00e8","Societ\u00e0, Associazioni, Istituzioni"],"inLanguage":"fr-FR"},{"@type":"WebPage","@id":"https:\/\/www.bellunopress.it\/2026\/03\/19\/a-pedavena-la-cultura-germoglia-nasce-la-biblioteca-delle-sementi\/","url":"https:\/\/www.bellunopress.it\/2026\/03\/19\/a-pedavena-la-cultura-germoglia-nasce-la-biblioteca-delle-sementi\/","name":"A Pedavena la cultura germoglia: nasce la Biblioteca delle Sementi - Bellunopress - Dolomiti","isPartOf":{"@id":"https:\/\/www.bellunopress.it\/#website"},"primaryImageOfPage":{"@id":"https:\/\/www.bellunopress.it\/2026\/03\/19\/a-pedavena-la-cultura-germoglia-nasce-la-biblioteca-delle-sementi\/#primaryimage"},"image":{"@id":"https:\/\/www.bellunopress.it\/2026\/03\/19\/a-pedavena-la-cultura-germoglia-nasce-la-biblioteca-delle-sementi\/#primaryimage"},"thumbnailUrl":"https:\/\/www.bellunopress.it\/wp-content\/uploads\/2026\/03\/Biblioteca-delle-Sementi-Pedavena.jpg","datePublished":"2026-03-19T08:31:50+00:00","breadcrumb":{"@id":"https:\/\/www.bellunopress.it\/2026\/03\/19\/a-pedavena-la-cultura-germoglia-nasce-la-biblioteca-delle-sementi\/#breadcrumb"},"inLanguage":"fr-FR","potentialAction":[{"@type":"ReadAction","target":["https:\/\/www.bellunopress.it\/2026\/03\/19\/a-pedavena-la-cultura-germoglia-nasce-la-biblioteca-delle-sementi\/"]}]},{"@type":"ImageObject","inLanguage":"fr-FR","@id":"https:\/\/www.bellunopress.it\/2026\/03\/19\/a-pedavena-la-cultura-germoglia-nasce-la-biblioteca-delle-sementi\/#primaryimage","url":"https:\/\/www.bellunopress.it\/wp-content\/uploads\/2026\/03\/Biblioteca-delle-Sementi-Pedavena.jpg","contentUrl":"https:\/\/www.bellunopress.it\/wp-content\/uploads\/2026\/03\/Biblioteca-delle-Sementi-Pedavena.jpg","width":318,"height":512},{"@type":"BreadcrumbList","@id":"https:\/\/www.bellunopress.it\/2026\/03\/19\/a-pedavena-la-cultura-germoglia-nasce-la-biblioteca-delle-sementi\/#breadcrumb","itemListElement":[{"@type":"ListItem","position":1,"name":"Home","item":"https:\/\/www.bellunopress.it\/"},{"@type":"ListItem","position":2,"name":"A Pedavena la cultura germoglia: nasce la Biblioteca delle Sementi"}]},{"@type":"WebSite","@id":"https:\/\/www.bellunopress.it\/#website","url":"https:\/\/www.bellunopress.it\/","name":"Bellunopress - Dolomiti","description":"e-mail: redazione@bellunopress.it","publisher":{"@id":"https:\/\/www.bellunopress.it\/#organization"},"potentialAction":[{"@type":"SearchAction","target":{"@type":"EntryPoint","urlTemplate":"https:\/\/www.bellunopress.it\/?s={search_term_string}"},"query-input":{"@type":"PropertyValueSpecification","valueRequired":true,"valueName":"search_term_string"}}],"inLanguage":"fr-FR"},{"@type":"Organization","@id":"https:\/\/www.bellunopress.it\/#organization","name":"Bellunopress","url":"https:\/\/www.bellunopress.it\/","logo":{"@type":"ImageObject","inLanguage":"fr-FR","@id":"https:\/\/www.bellunopress.it\/#\/schema\/logo\/image\/","url":"https:\/\/www.bellunopress.it\/wp-content\/uploads\/2011\/05\/cropped-logo-bellunopress-.jpg","contentUrl":"https:\/\/www.bellunopress.it\/wp-content\/uploads\/2011\/05\/cropped-logo-bellunopress-.jpg","width":512,"height":512,"caption":"Bellunopress"},"image":{"@id":"https:\/\/www.bellunopress.it\/#\/schema\/logo\/image\/"},"sameAs":["https:\/\/www.facebook.com\/profile.php?id=100008943462799","https:\/\/x.com\/bellunopress","https:\/\/www.linkedin.com\/hp\/?dnr=JBzUWaJfMUw8vbXJJ2tVW5-I3jZKvC4wsoxE&amp;amp;amp;amp;amp;amp;trk=nav_responsive_tab_home","https:\/\/www.youtube.com\/channel\/UCxL0wu1uN0_3_7hGG0306cw"]},{"@type":"Person","@id":"https:\/\/www.bellunopress.it\/#\/schema\/person\/79bb06722b37ece1c03d3e94beb30d73","name":"r\u00e9daction","image":{"@type":"ImageObject","inLanguage":"fr-FR","@id":"https:\/\/secure.gravatar.com\/avatar\/37d968a2e67a6fd04c169c4bdef102d0bc5d31b2546345219e348575eb80e9a0?s=96&d=mm&r=g","url":"https:\/\/secure.gravatar.com\/avatar\/37d968a2e67a6fd04c169c4bdef102d0bc5d31b2546345219e348575eb80e9a0?s=96&d=mm&r=g","contentUrl":"https:\/\/secure.gravatar.com\/avatar\/37d968a2e67a6fd04c169c4bdef102d0bc5d31b2546345219e348575eb80e9a0?s=96&d=mm&r=g","caption":"redazione"},"sameAs":["http:\/\/www.bellunopress.it","https:\/\/x.com\/bellunopress"],"url":"https:\/\/www.bellunopress.it\/fr\/author\/redazione\/"}]}},"_links":{"self":[{"href":"https:\/\/www.bellunopress.it\/fr\/wp-json\/wp\/v2\/posts\/168316","targetHints":{"allow":["GET"]}}],"collection":[{"href":"https:\/\/www.bellunopress.it\/fr\/wp-json\/wp\/v2\/posts"}],"about":[{"href":"https:\/\/www.bellunopress.it\/fr\/wp-json\/wp\/v2\/types\/post"}],"author":[{"embeddable":true,"href":"https:\/\/www.bellunopress.it\/fr\/wp-json\/wp\/v2\/users\/2"}],"replies":[{"embeddable":true,"href":"https:\/\/www.bellunopress.it\/fr\/wp-json\/wp\/v2\/comments?post=168316"}],"version-history":[{"count":1,"href":"https:\/\/www.bellunopress.it\/fr\/wp-json\/wp\/v2\/posts\/168316\/revisions"}],"predecessor-version":[{"id":168318,"href":"https:\/\/www.bellunopress.it\/fr\/wp-json\/wp\/v2\/posts\/168316\/revisions\/168318"}],"wp:featuredmedia":[{"embeddable":true,"href":"https:\/\/www.bellunopress.it\/fr\/wp-json\/wp\/v2\/media\/168317"}],"wp:attachment":[{"href":"https:\/\/www.bellunopress.it\/fr\/wp-json\/wp\/v2\/media?parent=168316"}],"wp:term":[{"taxonomy":"category","embeddable":true,"href":"https:\/\/www.bellunopress.it\/fr\/wp-json\/wp\/v2\/categories?post=168316"},{"taxonomy":"post_tag","embeddable":true,"href":"https:\/\/www.bellunopress.it\/fr\/wp-json\/wp\/v2\/tags?post=168316"}],"curies":[{"name":"wp","href":"https:\/\/api.w.org\/{rel}","templated":true}]}}