{"id":168314,"date":"2026-03-19T08:20:35","date_gmt":"2026-03-19T07:20:35","guid":{"rendered":"https:\/\/www.bellunopress.it\/?p=168314"},"modified":"2026-03-19T15:33:12","modified_gmt":"2026-03-19T14:33:12","slug":"perche-il-22-e-23-marzo-voteremo-no","status":"publish","type":"post","link":"https:\/\/www.bellunopress.it\/fr\/2026\/03\/19\/perche-il-22-e-23-marzo-voteremo-no\/","title":{"rendered":"Perch\u00e9 il 22 e 23 marzo voteremo NO"},"content":{"rendered":"<p>I sottoscritti avvocati del Foro di Belluno sentono quale loro dovere civico rendere pubbliche le motivazioni per le quali intendono votare \u201cNO\u201d al referendum costituzionale del 22 e 23 marzo prossimi, mettendo a disposizione della cittadinanza la propria competenza ed esperienza per contribuire, in una materia indubbiamente delicata e tecnicamente complessa, ad una scelta elettorale maggiormente consapevole e meditata.<\/p>\n<p>In primo luogo, riteniamo assai discutibile la stessa premessa di fondo da cui prende le mosse l\u2019iniziativa riformatrice, secondo la quale l\u2019attuale condizione di carriera unica, seppur nella separazione delle rispettive funzioni, dei magistrati giudicanti (i giudici) e requirenti (i pubblici ministeri, che principalmente si occupano delle indagini penali) non garantirebbe una condizione di sufficiente imparzialit\u00e0, all\u2019interno del processo, dei primi rispetto ai secondi, nel senso che il percorso unitario delle carriere, che dipende dalle valutazioni, anche disciplinari, di un unico C.S.M., nel quale siedono rappresentanti dei giudici e dei p.m., renderebbe i giudicanti pi\u00f9 propensi ad accogliere le richieste dei loro colleghi requirenti a discapito delle istanze avanzate dagli avvocati e dai loro assisiti.<\/p>\n<p>Invero, come ben sa chi frequenta le aule di giustizia, la realt\u00e0 \u00e8 pi\u00f9 articolata e complessa rispetto a tale semplicistica rappresentazione, essendovi, nelle considerazioni sopra esposte, un\u2019eccessiva sopravvalutazione dell\u2019organizzazione della carriera dei giudici sull\u2019attitudine all\u2019indipendenza di giudizio dei medesimi, la quale, in ultima analisi, dipende soprattutto dalla professionalit\u00e0 e dal senso critico dei singoli magistrati.<\/p>\n<p>Reputiamo quindi improprio sostenere che la qualit\u00e0 dell\u2019amministrazione della giustizia, in termini di maggior terziet\u00e0 dei giudici, potrebbe sicuramente migliorare attraverso la mera separazione delle carriere, quando \u00e8 pacifico che la qualit\u00e0 del servizio dipende <em>in primis<\/em> dall\u2019erogazione di adeguate risorse, umane e finanziarie, aspetto su cui la riforma non incide affatto.<\/p>\n<p>Peraltro, gi\u00e0 oggi<strong> l\u2019autonomia del giudice dal p.m. \u00e8 un dato di fatto <\/strong>che emerge dalla realt\u00e0 processuale di tutti i giorni, come ad esempio dimostra il numero elevato (pari a quasi il 50%) di casi in cui i giudici di primo grado, smentendo le tesi accusatorie dei loro colleghi requirenti, pronunciano una sentenza di assoluzione a favore dell\u2019imputato.<\/p>\n<p>Pertanto, pur ritenendo apprezzabile ogni sforzo teso a rafforzare la garanzia della terziet\u00e0 ed imparzialit\u00e0 del giudice all\u2019interno del processo, esprimiamo la nostra contrariet\u00e0 rispetto ad un riforma costituzionale che, al fine di realizzare la separazione delle carriere dei magistrati, introduce nel nostro ordinamento <strong>soluzioni normative che di fatto vanno ad incidere negativamente sull\u2019autonomia e l\u2019indipendenza della magistratura<\/strong>, principio che &#8211; \u00e8 bene sottolinearlo &#8211; rappresenta una delle fondamentali garanzie per l\u2019effettiva attuazione di uno dei valori cardine del nostro ordinamento, ossia l\u2019uguaglianza di tutti i cittadini davanti alla legge (art. 3 Cost.).<\/p>\n<p>Dell\u2019importanza di tale garanzia dobbiamo esserne ben consapevoli noi bellunesi: basti pensare al processo per il disastro del Vajont, che pot\u00e9 giungere a compimento, con un riconoscimento processuale delle responsabilit\u00e0 per quanto accaduto, grazie al lavoro di magistrati come il dott. Mario Fabbri, che seppe istruire il processo con tenacia e senso di giustizia, resistendo a forti pressioni esterne anche grazie alla sua condizione di appartenente ad una magistratura autonoma ed indipendente dagli altri poteri dello Stato e, pi\u00f9 in generale, dagli interessi delle classi dirigenti.<\/p>\n<p>Da questo punto di vista, riteniamo non condivisibile la scelta di realizzare uno sdoppiamento dell\u2019attuale Consiglio Superiore della Magistratura, suddiviso in due distinti organi di autogoverno, uno per i magistrati giudicanti ed uno per i magistrati requirenti.<\/p>\n<p>Tale soluzione, infatti, finisce per dare vita ad <strong>una categoria distinta ed autoreferenziale di pubblici accusatori<\/strong> che, gestendosi in autonomia le proprie carriere, potrebbe allontanarsi progressivamente dall\u2019idea dell\u2019imparziale applicazione della legge, in base alla quale oggi i p.m., quali \u201corgani di giustizia\u201d, sono tenuti a chiedere l\u2019archiviazione o l\u2019assoluzione dell\u2019accusato, qualora emerga la sua estraneit\u00e0 ai reati contestati. Con la riforma, vi \u00e8 quindi il rischio di determinare, in senso opposto a quanto voluto dalla maggioranza parlamentare che l\u2019ha sostenuta, una sorta di \u201cmutazione culturale\u201d dei pubblici ministeri, con la conseguenza di indurre, all\u2019interno della dialettica processuale, ad un rafforzamento degli aspetti pi\u00f9 prettamente inquisitori di tali magistrati, il tutto, per\u00f2, <strong>a discapito dei diritti di difesa dei cittadini<\/strong>.<\/p>\n<p>Altro aspetto assai critico della riforma riguarda l\u2019introduzione del sorteggio, in luogo dell\u2019elezione, come metodo di nomina dei componenti dei due nuovi Consigli Superiori della Magistratura, e la previsione di due diverse modalit\u00e0 di svolgimento di tale procedura a seconda che si tratti della selezione dei componenti laici (espressione della politica, e pari ad un terzo del totale), i quali verrebbero estratti a sorte all\u2019interno di un elenco predisposto dal Parlamento all\u2019inizio di ogni legislatura, quindi con un \u201csorteggio temperato\u201d, o della selezione dei componenti togati (espressione dei magistrati e pari ai restanti due terzi), i quali, invece, verrebbero scelti attraverso un sorteggio tra tutti i magistrati in servizio (che, tra giudici e p.m., sono circa 9.500), ovvero tramite un meccanismo di \u201csorteggio secco\u201d.<\/p>\n<p>Tale novit\u00e0, introdotta per cercare di porre un freno al potere delle correnti della magistratura, che, come spesso \u00e8 accaduto, incidono sulle decisioni degli organi di autogoverno secondo inaccettabili logiche di mera appartenenza politica, determina, in realt\u00e0, un aggravamento dei fenomeni che intende correggere. Essa, infatti, apre la strada &#8211; al contrario di quanto sostenuto dai riformatori &#8211; ad <strong>una pi\u00f9 ampia influenza della politica sulla magistratura<\/strong>: da un lato, infatti, le correnti della magistratura continueranno ad esistere (probabilmente anche incrementando la loro propensione a fare proselitismo tra i magistrati, proprio per aumentare le proprie possibilit\u00e0 al momento del sorteggio per i posti riservati ai togati), mentre, dall\u2019altro lato, in virt\u00f9 dei diversi tipi di estrazione a sorte cos\u00ec introdotti, si assister\u00e0, nelle dinamiche interne agli organi di autogoverno, ad una maggiore capacit\u00e0 di condizionamento della minoranza laica, coesa e compatta in quanto opportunamente selezionata dalle forze politiche al momento della predisposizione della lista dei sorteggiabili, rispetto ad una maggioranza di togati disorganica, frutto del caso, e, dunque, pi\u00f9 permeabile alle istanze politiche del momento.<\/p>\n<p>Infine, preoccupa &#8211; e non poco &#8211; la sottrazione ai nuovi C.S.M. del potere disciplinare sui magistrati e l\u2019attribuzione, in via esclusiva, di tale potest\u00e0 ad un nuovo organismo, l\u2019Alta Corte Disciplinare.<\/p>\n<p>La composizione di detta Corte, prevista con un meccanismo di sorteggio simile a quello introdotto per i nuovi C.S.M., determina di fatto, in seno a tale nuovo organismo, un <strong>complessivo indebolimento<\/strong> <strong>dell\u2019autorevolezza della componente togata<\/strong>, la cui composizione \u00e8 lasciata al caso, <strong>a vantaggio di quella laica<\/strong>, pi\u00f9 organica rispetto all\u2019istituzione di provenienza, e della quale, peraltro, viene altres\u00ec aumentato il peso numerico rispetto all\u2019attuale composizione dell\u2019organo di autogoverno disciplinare (non pi\u00f9 1\/3 di laici e 2\/3 di togati, ma bens\u00ec 2\/5 e 3\/5).<\/p>\n<p>Inoltre, non possiamo non esprimere il nostro disappunto rispetto alla disciplina riguardante l\u2019impugnazione delle decisioni disciplinari. Riteniamo, infatti, <strong>paradossale<\/strong> che proprio il disegno di legge in discussione, il quale si propone di rafforzare la terziet\u00e0 del giudice nel processo, finisca per fornire una versione annacquata di tale garanzia quando sono i magistrati ad essere parti di un processo (quello disciplinare), ai quali non solo viene negata la possibilit\u00e0 di un secondo giudizio da parte di organo giurisdizionale diverso (e non semplicemente formato da altri componenti dello stesso organo che si \u00e8 gi\u00e0 espresso), ma anche, stante la formulazione letterale della modifica, la possibilit\u00e0, riconosciuta a tutti i cittadini, di ricorrere, ai sensi dell\u2019art. 111 Cost., avanti la Corte di cassazione per motivi di violazione di legge.<\/p>\n<p>Per tutte queste ragioni, riteniamo quindi doveroso esprimere un <strong>voto contrario<\/strong> ad una modifica costituzionale pericolosa, la quale, nel complesso, rappresenta un significativo passo indietro rispetto ai presidi di autonomia e indipendenza della magistratura previsti dall\u2019attuale Carta costituzionale.<\/p>\n<p>Piero Tandura, Tullio Tandura, Chiara Zaetta, Guido Luciani, Francesco Rasera Berna, Luigi Della Colletta, Livio Viel, Gino Sperandio, Cristiana Riccitiello, Luciano Perco, Massimo Perco, Francesco Viale, Francesca Larese, Roberto Larese, Claudia Bettiol, Rita Mondolo, Ivan Borsato, Eliana Mezzacasa, Giuseppe Triolo, Antonio Ariano, Giacomo Giacobbi, Stefano Zallot, Sandra Constantini, Francesco Masini, Roberta Zancanaro, Lucia Pellegrini, Claudia Osti, Claudia Alpagotti, Eugenio Ponti, Silvia Bertinelli, Alice Burigo, avvocati.<\/p>\n<p>&nbsp;<\/p>","protected":false},"excerpt":{"rendered":"<p>I sottoscritti avvocati del Foro di Belluno sentono quale loro dovere civico rendere pubbliche le motivazioni per le quali intendono votare \u201cNO\u201d al referendum costituzionale del 22 e 23 marzo prossimi, mettendo a disposizione della cittadinanza la propria competenza ed esperienza per contribuire, in una materia indubbiamente delicata e tecnicamente complessa, ad una scelta elettorale [&hellip;]<\/p>\n","protected":false},"author":2,"featured_media":167875,"comment_status":"closed","ping_status":"open","sticky":false,"template":"","format":"standard","meta":{"footnotes":""},"categories":[5,1],"tags":[],"class_list":["post-168314","post","type-post","status-publish","format-standard","has-post-thumbnail","category-cronaca","category-leo"],"yoast_head":"<!-- This site is optimized with the Yoast SEO plugin v28.4 - https:\/\/yoast.com\/product\/yoast-seo-wordpress\/ -->\n<title>Perch\u00e9 il 22 e 23 marzo voteremo NO - Bellunopress - Dolomiti<\/title>\n<meta name=\"robots\" content=\"index, follow, max-snippet:-1, max-image-preview:large, max-video-preview:-1\" \/>\n<link rel=\"canonical\" href=\"https:\/\/www.bellunopress.it\/fr\/2026\/03\/19\/perche-il-22-e-23-marzo-voteremo-no\/\" \/>\n<meta property=\"og:locale\" content=\"fr_FR\" \/>\n<meta property=\"og:type\" content=\"article\" \/>\n<meta property=\"og:title\" content=\"Perch\u00e9 il 22 e 23 marzo voteremo NO - Bellunopress - Dolomiti\" \/>\n<meta property=\"og:description\" content=\"I sottoscritti avvocati del Foro di Belluno sentono quale loro dovere civico rendere pubbliche le motivazioni per le quali intendono votare \u201cNO\u201d al referendum costituzionale del 22 e 23 marzo prossimi, mettendo a disposizione della cittadinanza la propria competenza ed esperienza per contribuire, in una materia indubbiamente delicata e tecnicamente complessa, ad una scelta elettorale [&hellip;]\" \/>\n<meta property=\"og:url\" content=\"https:\/\/www.bellunopress.it\/fr\/2026\/03\/19\/perche-il-22-e-23-marzo-voteremo-no\/\" \/>\n<meta property=\"og:site_name\" content=\"Bellunopress - Dolomiti\" \/>\n<meta property=\"article:publisher\" content=\"https:\/\/www.facebook.com\/profile.php?id=100008943462799\" \/>\n<meta property=\"article:published_time\" content=\"2026-03-19T07:20:35+00:00\" \/>\n<meta property=\"article:modified_time\" content=\"2026-03-19T14:33:12+00:00\" \/>\n<meta property=\"og:image\" content=\"https:\/\/www.bellunopress.it\/wp-content\/uploads\/2026\/03\/referendum-urna-voto.jpg\" \/>\n\t<meta property=\"og:image:width\" content=\"600\" \/>\n\t<meta property=\"og:image:height\" content=\"327\" \/>\n\t<meta property=\"og:image:type\" content=\"image\/jpeg\" \/>\n<meta name=\"author\" content=\"redazione\" \/>\n<meta name=\"twitter:card\" content=\"summary_large_image\" \/>\n<meta name=\"twitter:creator\" content=\"@bellunopress\" \/>\n<meta name=\"twitter:site\" content=\"@bellunopress\" \/>\n<meta name=\"twitter:label1\" content=\"Written by\" \/>\n\t<meta name=\"twitter:data1\" content=\"redazione\" \/>\n\t<meta name=\"twitter:label2\" content=\"Est. reading time\" \/>\n\t<meta name=\"twitter:data2\" content=\"7 minutes\" \/>\n<script type=\"application\/ld+json\" class=\"yoast-schema-graph\">{\"@context\":\"https:\\\/\\\/schema.org\",\"@graph\":[{\"@type\":\"Article\",\"@id\":\"https:\\\/\\\/www.bellunopress.it\\\/2026\\\/03\\\/19\\\/perche-il-22-e-23-marzo-voteremo-no\\\/#article\",\"isPartOf\":{\"@id\":\"https:\\\/\\\/www.bellunopress.it\\\/2026\\\/03\\\/19\\\/perche-il-22-e-23-marzo-voteremo-no\\\/\"},\"author\":{\"name\":\"redazione\",\"@id\":\"https:\\\/\\\/www.bellunopress.it\\\/#\\\/schema\\\/person\\\/79bb06722b37ece1c03d3e94beb30d73\"},\"headline\":\"Perch\u00e9 il 22 e 23 marzo voteremo NO\",\"datePublished\":\"2026-03-19T07:20:35+00:00\",\"dateModified\":\"2026-03-19T14:33:12+00:00\",\"mainEntityOfPage\":{\"@id\":\"https:\\\/\\\/www.bellunopress.it\\\/2026\\\/03\\\/19\\\/perche-il-22-e-23-marzo-voteremo-no\\\/\"},\"wordCount\":1358,\"publisher\":{\"@id\":\"https:\\\/\\\/www.bellunopress.it\\\/#organization\"},\"image\":{\"@id\":\"https:\\\/\\\/www.bellunopress.it\\\/2026\\\/03\\\/19\\\/perche-il-22-e-23-marzo-voteremo-no\\\/#primaryimage\"},\"thumbnailUrl\":\"https:\\\/\\\/www.bellunopress.it\\\/wp-content\\\/uploads\\\/2026\\\/03\\\/referendum-urna-voto.jpg\",\"articleSection\":[\"Cronaca\\\/Politica\",\"Lettere Opinioni\"],\"inLanguage\":\"fr-FR\"},{\"@type\":\"WebPage\",\"@id\":\"https:\\\/\\\/www.bellunopress.it\\\/2026\\\/03\\\/19\\\/perche-il-22-e-23-marzo-voteremo-no\\\/\",\"url\":\"https:\\\/\\\/www.bellunopress.it\\\/2026\\\/03\\\/19\\\/perche-il-22-e-23-marzo-voteremo-no\\\/\",\"name\":\"Perch\u00e9 il 22 e 23 marzo voteremo NO - Bellunopress - Dolomiti\",\"isPartOf\":{\"@id\":\"https:\\\/\\\/www.bellunopress.it\\\/#website\"},\"primaryImageOfPage\":{\"@id\":\"https:\\\/\\\/www.bellunopress.it\\\/2026\\\/03\\\/19\\\/perche-il-22-e-23-marzo-voteremo-no\\\/#primaryimage\"},\"image\":{\"@id\":\"https:\\\/\\\/www.bellunopress.it\\\/2026\\\/03\\\/19\\\/perche-il-22-e-23-marzo-voteremo-no\\\/#primaryimage\"},\"thumbnailUrl\":\"https:\\\/\\\/www.bellunopress.it\\\/wp-content\\\/uploads\\\/2026\\\/03\\\/referendum-urna-voto.jpg\",\"datePublished\":\"2026-03-19T07:20:35+00:00\",\"dateModified\":\"2026-03-19T14:33:12+00:00\",\"breadcrumb\":{\"@id\":\"https:\\\/\\\/www.bellunopress.it\\\/2026\\\/03\\\/19\\\/perche-il-22-e-23-marzo-voteremo-no\\\/#breadcrumb\"},\"inLanguage\":\"fr-FR\",\"potentialAction\":[{\"@type\":\"ReadAction\",\"target\":[\"https:\\\/\\\/www.bellunopress.it\\\/2026\\\/03\\\/19\\\/perche-il-22-e-23-marzo-voteremo-no\\\/\"]}]},{\"@type\":\"ImageObject\",\"inLanguage\":\"fr-FR\",\"@id\":\"https:\\\/\\\/www.bellunopress.it\\\/2026\\\/03\\\/19\\\/perche-il-22-e-23-marzo-voteremo-no\\\/#primaryimage\",\"url\":\"https:\\\/\\\/www.bellunopress.it\\\/wp-content\\\/uploads\\\/2026\\\/03\\\/referendum-urna-voto.jpg\",\"contentUrl\":\"https:\\\/\\\/www.bellunopress.it\\\/wp-content\\\/uploads\\\/2026\\\/03\\\/referendum-urna-voto.jpg\",\"width\":600,\"height\":327},{\"@type\":\"BreadcrumbList\",\"@id\":\"https:\\\/\\\/www.bellunopress.it\\\/2026\\\/03\\\/19\\\/perche-il-22-e-23-marzo-voteremo-no\\\/#breadcrumb\",\"itemListElement\":[{\"@type\":\"ListItem\",\"position\":1,\"name\":\"Home\",\"item\":\"https:\\\/\\\/www.bellunopress.it\\\/\"},{\"@type\":\"ListItem\",\"position\":2,\"name\":\"Perch\u00e9 il 22 e 23 marzo voteremo NO\"}]},{\"@type\":\"WebSite\",\"@id\":\"https:\\\/\\\/www.bellunopress.it\\\/#website\",\"url\":\"https:\\\/\\\/www.bellunopress.it\\\/\",\"name\":\"Bellunopress - Dolomiti\",\"description\":\"e-mail: redazione@bellunopress.it\",\"publisher\":{\"@id\":\"https:\\\/\\\/www.bellunopress.it\\\/#organization\"},\"potentialAction\":[{\"@type\":\"SearchAction\",\"target\":{\"@type\":\"EntryPoint\",\"urlTemplate\":\"https:\\\/\\\/www.bellunopress.it\\\/?s={search_term_string}\"},\"query-input\":{\"@type\":\"PropertyValueSpecification\",\"valueRequired\":true,\"valueName\":\"search_term_string\"}}],\"inLanguage\":\"fr-FR\"},{\"@type\":\"Organization\",\"@id\":\"https:\\\/\\\/www.bellunopress.it\\\/#organization\",\"name\":\"Bellunopress\",\"url\":\"https:\\\/\\\/www.bellunopress.it\\\/\",\"logo\":{\"@type\":\"ImageObject\",\"inLanguage\":\"fr-FR\",\"@id\":\"https:\\\/\\\/www.bellunopress.it\\\/#\\\/schema\\\/logo\\\/image\\\/\",\"url\":\"https:\\\/\\\/www.bellunopress.it\\\/wp-content\\\/uploads\\\/2011\\\/05\\\/cropped-logo-bellunopress-.jpg\",\"contentUrl\":\"https:\\\/\\\/www.bellunopress.it\\\/wp-content\\\/uploads\\\/2011\\\/05\\\/cropped-logo-bellunopress-.jpg\",\"width\":512,\"height\":512,\"caption\":\"Bellunopress\"},\"image\":{\"@id\":\"https:\\\/\\\/www.bellunopress.it\\\/#\\\/schema\\\/logo\\\/image\\\/\"},\"sameAs\":[\"https:\\\/\\\/www.facebook.com\\\/profile.php?id=100008943462799\",\"https:\\\/\\\/x.com\\\/bellunopress\",\"https:\\\/\\\/www.linkedin.com\\\/hp\\\/?dnr=JBzUWaJfMUw8vbXJJ2tVW5-I3jZKvC4wsoxE&amp;amp;amp;amp;amp;amp;trk=nav_responsive_tab_home\",\"https:\\\/\\\/www.youtube.com\\\/channel\\\/UCxL0wu1uN0_3_7hGG0306cw\"]},{\"@type\":\"Person\",\"@id\":\"https:\\\/\\\/www.bellunopress.it\\\/#\\\/schema\\\/person\\\/79bb06722b37ece1c03d3e94beb30d73\",\"name\":\"redazione\",\"image\":{\"@type\":\"ImageObject\",\"inLanguage\":\"fr-FR\",\"@id\":\"https:\\\/\\\/secure.gravatar.com\\\/avatar\\\/37d968a2e67a6fd04c169c4bdef102d0bc5d31b2546345219e348575eb80e9a0?s=96&d=mm&r=g\",\"url\":\"https:\\\/\\\/secure.gravatar.com\\\/avatar\\\/37d968a2e67a6fd04c169c4bdef102d0bc5d31b2546345219e348575eb80e9a0?s=96&d=mm&r=g\",\"contentUrl\":\"https:\\\/\\\/secure.gravatar.com\\\/avatar\\\/37d968a2e67a6fd04c169c4bdef102d0bc5d31b2546345219e348575eb80e9a0?s=96&d=mm&r=g\",\"caption\":\"redazione\"},\"sameAs\":[\"http:\\\/\\\/www.bellunopress.it\",\"https:\\\/\\\/x.com\\\/bellunopress\"],\"url\":\"https:\\\/\\\/www.bellunopress.it\\\/fr\\\/author\\\/redazione\\\/\"}]}<\/script>\n<!-- \/ Yoast SEO plugin. -->","yoast_head_json":{"title":"Perch\u00e9 il 22 e 23 marzo voteremo NO - Bellunopress - Dolomiti","robots":{"index":"index","follow":"follow","max-snippet":"max-snippet:-1","max-image-preview":"max-image-preview:large","max-video-preview":"max-video-preview:-1"},"canonical":"https:\/\/www.bellunopress.it\/fr\/2026\/03\/19\/perche-il-22-e-23-marzo-voteremo-no\/","og_locale":"fr_FR","og_type":"article","og_title":"Perch\u00e9 il 22 e 23 marzo voteremo NO - Bellunopress - Dolomiti","og_description":"I sottoscritti avvocati del Foro di Belluno sentono quale loro dovere civico rendere pubbliche le motivazioni per le quali intendono votare \u201cNO\u201d al referendum costituzionale del 22 e 23 marzo prossimi, mettendo a disposizione della cittadinanza la propria competenza ed esperienza per contribuire, in una materia indubbiamente delicata e tecnicamente complessa, ad una scelta elettorale [&hellip;]","og_url":"https:\/\/www.bellunopress.it\/fr\/2026\/03\/19\/perche-il-22-e-23-marzo-voteremo-no\/","og_site_name":"Bellunopress - Dolomiti","article_publisher":"https:\/\/www.facebook.com\/profile.php?id=100008943462799","article_published_time":"2026-03-19T07:20:35+00:00","article_modified_time":"2026-03-19T14:33:12+00:00","og_image":[{"width":600,"height":327,"url":"https:\/\/www.bellunopress.it\/wp-content\/uploads\/2026\/03\/referendum-urna-voto.jpg","type":"image\/jpeg"}],"author":"redazione","twitter_card":"summary_large_image","twitter_creator":"@bellunopress","twitter_site":"@bellunopress","twitter_misc":{"Written by":"redazione","Est. reading time":"7 minutes"},"schema":{"@context":"https:\/\/schema.org","@graph":[{"@type":"Article","@id":"https:\/\/www.bellunopress.it\/2026\/03\/19\/perche-il-22-e-23-marzo-voteremo-no\/#article","isPartOf":{"@id":"https:\/\/www.bellunopress.it\/2026\/03\/19\/perche-il-22-e-23-marzo-voteremo-no\/"},"author":{"name":"redazione","@id":"https:\/\/www.bellunopress.it\/#\/schema\/person\/79bb06722b37ece1c03d3e94beb30d73"},"headline":"Perch\u00e9 il 22 e 23 marzo voteremo NO","datePublished":"2026-03-19T07:20:35+00:00","dateModified":"2026-03-19T14:33:12+00:00","mainEntityOfPage":{"@id":"https:\/\/www.bellunopress.it\/2026\/03\/19\/perche-il-22-e-23-marzo-voteremo-no\/"},"wordCount":1358,"publisher":{"@id":"https:\/\/www.bellunopress.it\/#organization"},"image":{"@id":"https:\/\/www.bellunopress.it\/2026\/03\/19\/perche-il-22-e-23-marzo-voteremo-no\/#primaryimage"},"thumbnailUrl":"https:\/\/www.bellunopress.it\/wp-content\/uploads\/2026\/03\/referendum-urna-voto.jpg","articleSection":["Cronaca\/Politica","Lettere Opinioni"],"inLanguage":"fr-FR"},{"@type":"WebPage","@id":"https:\/\/www.bellunopress.it\/2026\/03\/19\/perche-il-22-e-23-marzo-voteremo-no\/","url":"https:\/\/www.bellunopress.it\/2026\/03\/19\/perche-il-22-e-23-marzo-voteremo-no\/","name":"Perch\u00e9 il 22 e 23 marzo voteremo NO - Bellunopress - Dolomiti","isPartOf":{"@id":"https:\/\/www.bellunopress.it\/#website"},"primaryImageOfPage":{"@id":"https:\/\/www.bellunopress.it\/2026\/03\/19\/perche-il-22-e-23-marzo-voteremo-no\/#primaryimage"},"image":{"@id":"https:\/\/www.bellunopress.it\/2026\/03\/19\/perche-il-22-e-23-marzo-voteremo-no\/#primaryimage"},"thumbnailUrl":"https:\/\/www.bellunopress.it\/wp-content\/uploads\/2026\/03\/referendum-urna-voto.jpg","datePublished":"2026-03-19T07:20:35+00:00","dateModified":"2026-03-19T14:33:12+00:00","breadcrumb":{"@id":"https:\/\/www.bellunopress.it\/2026\/03\/19\/perche-il-22-e-23-marzo-voteremo-no\/#breadcrumb"},"inLanguage":"fr-FR","potentialAction":[{"@type":"ReadAction","target":["https:\/\/www.bellunopress.it\/2026\/03\/19\/perche-il-22-e-23-marzo-voteremo-no\/"]}]},{"@type":"ImageObject","inLanguage":"fr-FR","@id":"https:\/\/www.bellunopress.it\/2026\/03\/19\/perche-il-22-e-23-marzo-voteremo-no\/#primaryimage","url":"https:\/\/www.bellunopress.it\/wp-content\/uploads\/2026\/03\/referendum-urna-voto.jpg","contentUrl":"https:\/\/www.bellunopress.it\/wp-content\/uploads\/2026\/03\/referendum-urna-voto.jpg","width":600,"height":327},{"@type":"BreadcrumbList","@id":"https:\/\/www.bellunopress.it\/2026\/03\/19\/perche-il-22-e-23-marzo-voteremo-no\/#breadcrumb","itemListElement":[{"@type":"ListItem","position":1,"name":"Home","item":"https:\/\/www.bellunopress.it\/"},{"@type":"ListItem","position":2,"name":"Perch\u00e9 il 22 e 23 marzo voteremo NO"}]},{"@type":"WebSite","@id":"https:\/\/www.bellunopress.it\/#website","url":"https:\/\/www.bellunopress.it\/","name":"Bellunopress - Dolomiti","description":"e-mail: redazione@bellunopress.it","publisher":{"@id":"https:\/\/www.bellunopress.it\/#organization"},"potentialAction":[{"@type":"SearchAction","target":{"@type":"EntryPoint","urlTemplate":"https:\/\/www.bellunopress.it\/?s={search_term_string}"},"query-input":{"@type":"PropertyValueSpecification","valueRequired":true,"valueName":"search_term_string"}}],"inLanguage":"fr-FR"},{"@type":"Organization","@id":"https:\/\/www.bellunopress.it\/#organization","name":"Bellunopress","url":"https:\/\/www.bellunopress.it\/","logo":{"@type":"ImageObject","inLanguage":"fr-FR","@id":"https:\/\/www.bellunopress.it\/#\/schema\/logo\/image\/","url":"https:\/\/www.bellunopress.it\/wp-content\/uploads\/2011\/05\/cropped-logo-bellunopress-.jpg","contentUrl":"https:\/\/www.bellunopress.it\/wp-content\/uploads\/2011\/05\/cropped-logo-bellunopress-.jpg","width":512,"height":512,"caption":"Bellunopress"},"image":{"@id":"https:\/\/www.bellunopress.it\/#\/schema\/logo\/image\/"},"sameAs":["https:\/\/www.facebook.com\/profile.php?id=100008943462799","https:\/\/x.com\/bellunopress","https:\/\/www.linkedin.com\/hp\/?dnr=JBzUWaJfMUw8vbXJJ2tVW5-I3jZKvC4wsoxE&amp;amp;amp;amp;amp;amp;trk=nav_responsive_tab_home","https:\/\/www.youtube.com\/channel\/UCxL0wu1uN0_3_7hGG0306cw"]},{"@type":"Person","@id":"https:\/\/www.bellunopress.it\/#\/schema\/person\/79bb06722b37ece1c03d3e94beb30d73","name":"r\u00e9daction","image":{"@type":"ImageObject","inLanguage":"fr-FR","@id":"https:\/\/secure.gravatar.com\/avatar\/37d968a2e67a6fd04c169c4bdef102d0bc5d31b2546345219e348575eb80e9a0?s=96&d=mm&r=g","url":"https:\/\/secure.gravatar.com\/avatar\/37d968a2e67a6fd04c169c4bdef102d0bc5d31b2546345219e348575eb80e9a0?s=96&d=mm&r=g","contentUrl":"https:\/\/secure.gravatar.com\/avatar\/37d968a2e67a6fd04c169c4bdef102d0bc5d31b2546345219e348575eb80e9a0?s=96&d=mm&r=g","caption":"redazione"},"sameAs":["http:\/\/www.bellunopress.it","https:\/\/x.com\/bellunopress"],"url":"https:\/\/www.bellunopress.it\/fr\/author\/redazione\/"}]}},"_links":{"self":[{"href":"https:\/\/www.bellunopress.it\/fr\/wp-json\/wp\/v2\/posts\/168314","targetHints":{"allow":["GET"]}}],"collection":[{"href":"https:\/\/www.bellunopress.it\/fr\/wp-json\/wp\/v2\/posts"}],"about":[{"href":"https:\/\/www.bellunopress.it\/fr\/wp-json\/wp\/v2\/types\/post"}],"author":[{"embeddable":true,"href":"https:\/\/www.bellunopress.it\/fr\/wp-json\/wp\/v2\/users\/2"}],"replies":[{"embeddable":true,"href":"https:\/\/www.bellunopress.it\/fr\/wp-json\/wp\/v2\/comments?post=168314"}],"version-history":[{"count":3,"href":"https:\/\/www.bellunopress.it\/fr\/wp-json\/wp\/v2\/posts\/168314\/revisions"}],"predecessor-version":[{"id":168324,"href":"https:\/\/www.bellunopress.it\/fr\/wp-json\/wp\/v2\/posts\/168314\/revisions\/168324"}],"wp:featuredmedia":[{"embeddable":true,"href":"https:\/\/www.bellunopress.it\/fr\/wp-json\/wp\/v2\/media\/167875"}],"wp:attachment":[{"href":"https:\/\/www.bellunopress.it\/fr\/wp-json\/wp\/v2\/media?parent=168314"}],"wp:term":[{"taxonomy":"category","embeddable":true,"href":"https:\/\/www.bellunopress.it\/fr\/wp-json\/wp\/v2\/categories?post=168314"},{"taxonomy":"post_tag","embeddable":true,"href":"https:\/\/www.bellunopress.it\/fr\/wp-json\/wp\/v2\/tags?post=168314"}],"curies":[{"name":"wp","href":"https:\/\/api.w.org\/{rel}","templated":true}]}}