{"id":168310,"date":"2026-03-19T08:30:00","date_gmt":"2026-03-19T07:30:00","guid":{"rendered":"https:\/\/www.bellunopress.it\/?p=168310"},"modified":"2026-03-18T18:42:20","modified_gmt":"2026-03-18T17:42:20","slug":"missione-strategica-in-australia-per-il-sistema-veneto","status":"publish","type":"post","link":"https:\/\/www.bellunopress.it\/fr\/2026\/03\/19\/missione-strategica-in-australia-per-il-sistema-veneto\/","title":{"rendered":"Missione strategica in Australia per il Sistema Veneto"},"content":{"rendered":"<p data-path-to-node=\"3\"><b data-path-to-node=\"3\" data-index-in-node=\"0\">Il Presidente Mario Pozza guida la delegazione tra Melbourne, Sydney e Canberra. Obiettivo: invertire il trend dell&#8217;export e lanciare il Forum Sud-Est Asiatico di giugno.<\/b><\/p>\n<p data-path-to-node=\"4\">Treviso\u00a0\u2013 Non \u00e8 solo una questione di chilometri, ma di mercati che attendono l\u2019eccellenza del &#8220;Saper fare&#8221; italiano. Si \u00e8 conclusa con successo la missione istituzionale in Australia guidata da Mario Pozza, Presidente di Assocamerestero, Venicepromex e della Camera di Commercio di Treviso-Belluno|Dolomiti. Un viaggio strategico che ha toccato le principali metropoli del continente \u2013 Melbourne, Sydney, Brisbane e Canberra \u2013 con un obiettivo chiaro: riattivare la crescita dell\u2019interscambio commerciale e posizionare le imprese venete al centro dell\u2019area Asia-Pacifico.<\/p>\n<h3 data-path-to-node=\"5\">Un ponte tra le Dolomiti e l&#8217;Australia<\/h3>\n<p data-path-to-node=\"6\">Accompagnato da <b data-path-to-node=\"6\" data-index-in-node=\"16\">Franco Conzato<\/b> (AD di Venicepromex) e <b data-path-to-node=\"6\" data-index-in-node=\"54\">Domenico Mauriello<\/b> (Segretario Generale di Assocamerestero), Pozza ha incontrato i vertici della diplomazia italiana in Australia, tra cui l\u2019Ambasciatore Nicola Lener e la Console Generale Chiara Mauri. Al centro dei colloqui, l\u2019analisi dei flussi import-export delle province di Treviso e Belluno. I dati Istat evidenziano una necessit\u00e0: agire in modo sinergico per invertire l&#8217;attuale congiuntura e spingere nuovamente l&#8217;export verso una fase di espansione.<\/p>\n<blockquote data-path-to-node=\"7\">\n<h6 style=\"text-align: left;\" data-path-to-node=\"7,0\"><i data-path-to-node=\"7,0\" data-index-in-node=\"0\">&#8220;L\u2019Australia \u00e8 un mercato stabile, aperto e con una forte affinit\u00e0 culturale con l\u2019Italia,&#8221;<\/i> ha dichiarato <b data-path-to-node=\"7,0\" data-index-in-node=\"106\">Mario Pozza<\/b>. <i data-path-to-node=\"7,0\" data-index-in-node=\"119\">&#8220;Parliamo di aziende che hanno prodotti straordinari e meritano mercati all\u2019altezza. Nonostante le incertezze internazionali, la nostra missione non si ferma: promuoviamo la manifattura, ma anche il turismo delle Dolomiti, delle Ville Venete e delle Colline Unesco.&#8221;<\/i><\/h6>\n<\/blockquote>\n<h3 data-path-to-node=\"8\">Verso il Forum Sud-Est Asiatico di Treviso<\/h3>\n<p data-path-to-node=\"9\">La missione australiana non \u00e8 stata un evento isolato, ma il preludio a un appuntamento cruciale per l&#8217;economia veneta. A met\u00e0 <b data-path-to-node=\"9\" data-index-in-node=\"127\">g<\/b>iugno, Treviso ospiter\u00e0 infatti il Forum Sud-Est Asiatico, un tavolo di confronto ad alto livello che vedr\u00e0 la partecipazione dei Segretari Generali delle Camere di Commercio italiane di Giappone, Singapore, Thailandia, Vietnam, Corea del Sud, Malesia, Filippine e Hong Kong.<\/p>\n<p data-path-to-node=\"10\">Il format, presentato durante la tappa di Melbourne, mira a costruire relazioni strutturate con una delle aree a pi\u00f9 alto potenziale di crescita globale. L&#8217;impegno prosegue gi\u00e0 nei prossimi giorni a Roma, dove Pozza incontrer\u00e0 il Vice Ambasciatore australiano per rendere operative le reti create durante il viaggio.<\/p>\n<h3 data-path-to-node=\"11\">I punti chiave della missione:<\/h3>\n<ul data-path-to-node=\"12\">\n<li>\n<p data-path-to-node=\"12,0,0\">Networking Istituzionale: Incontri con ambasciatori, consoli e parlamentari (Sen. Giacobbe e On. Car\u00e8).<\/p>\n<\/li>\n<li>\n<p data-path-to-node=\"12,1,0\">Promozione Territoriale: Focus non solo sul prodotto industriale, ma sull&#8217;intero &#8220;Brand Veneto&#8221; (Turismo e Siti Unesco).<\/p>\n<\/li>\n<li>\n<p data-path-to-node=\"12,2,0\">Diversificazione dei Mercati: Strategia per ridurre la dipendenza dai mercati tradizionali in crisi.<\/p>\n<\/li>\n<\/ul>\n<p data-path-to-node=\"13\">Il Presidente Pozza ha concluso con un appello diretto al tessuto produttivo locale: <i data-path-to-node=\"13\" data-index-in-node=\"85\">&#8220;Invito le imprese a cogliere questa opportunit\u00e0. Il Forum di giugno sar\u00e0 il momento per trasformare queste relazioni diplomatiche in occasioni concrete di business.&#8221;<\/i><\/p>","protected":false},"excerpt":{"rendered":"<p>Il Presidente Mario Pozza guida la delegazione tra Melbourne, Sydney e Canberra. Obiettivo: invertire il trend dell&#8217;export e lanciare il Forum Sud-Est Asiatico di giugno. Treviso\u00a0\u2013 Non \u00e8 solo una questione di chilometri, ma di mercati che attendono l\u2019eccellenza del &#8220;Saper fare&#8221; italiano. Si \u00e8 conclusa con successo la missione istituzionale in Australia guidata da [&hellip;]<\/p>\n","protected":false},"author":2,"featured_media":145120,"comment_status":"closed","ping_status":"open","sticky":false,"template":"","format":"standard","meta":{"footnotes":""},"categories":[36,26],"tags":[],"class_list":["post-168310","post","type-post","status-publish","format-standard","has-post-thumbnail","category-lavoro-economia","category-prima-pagina"],"yoast_head":"<!-- This site is optimized with the Yoast SEO plugin v28.4 - https:\/\/yoast.com\/product\/yoast-seo-wordpress\/ -->\n<title>Missione strategica in Australia per il Sistema Veneto - Bellunopress - Dolomiti<\/title>\n<meta name=\"robots\" content=\"index, follow, max-snippet:-1, max-image-preview:large, max-video-preview:-1\" \/>\n<link rel=\"canonical\" href=\"https:\/\/www.bellunopress.it\/fr\/2026\/03\/19\/missione-strategica-in-australia-per-il-sistema-veneto\/\" \/>\n<meta property=\"og:locale\" content=\"fr_FR\" \/>\n<meta property=\"og:type\" content=\"article\" \/>\n<meta property=\"og:title\" content=\"Missione strategica in Australia per il Sistema Veneto - Bellunopress - Dolomiti\" \/>\n<meta property=\"og:description\" content=\"Il Presidente Mario Pozza guida la delegazione tra Melbourne, Sydney e Canberra. Obiettivo: invertire il trend dell&#8217;export e lanciare il Forum Sud-Est Asiatico di giugno. Treviso\u00a0\u2013 Non \u00e8 solo una questione di chilometri, ma di mercati che attendono l\u2019eccellenza del &#8220;Saper fare&#8221; italiano. Si \u00e8 conclusa con successo la missione istituzionale in Australia guidata da [&hellip;]\" \/>\n<meta property=\"og:url\" content=\"https:\/\/www.bellunopress.it\/fr\/2026\/03\/19\/missione-strategica-in-australia-per-il-sistema-veneto\/\" \/>\n<meta property=\"og:site_name\" content=\"Bellunopress - Dolomiti\" \/>\n<meta property=\"article:publisher\" content=\"https:\/\/www.facebook.com\/profile.php?id=100008943462799\" \/>\n<meta property=\"article:published_time\" content=\"2026-03-19T07:30:00+00:00\" \/>\n<meta property=\"og:image\" content=\"https:\/\/www.bellunopress.it\/wp-content\/uploads\/2023\/10\/Mario-Pozza_edited.jpg\" \/>\n\t<meta property=\"og:image:width\" content=\"1000\" \/>\n\t<meta property=\"og:image:height\" content=\"800\" \/>\n\t<meta property=\"og:image:type\" content=\"image\/jpeg\" \/>\n<meta name=\"author\" content=\"redazione\" \/>\n<meta name=\"twitter:card\" content=\"summary_large_image\" \/>\n<meta name=\"twitter:creator\" content=\"@bellunopress\" \/>\n<meta name=\"twitter:site\" content=\"@bellunopress\" \/>\n<meta name=\"twitter:label1\" content=\"\u00c9crit par\" \/>\n\t<meta name=\"twitter:data1\" content=\"redazione\" \/>\n\t<meta name=\"twitter:label2\" content=\"Dur\u00e9e de lecture estim\u00e9e\" \/>\n\t<meta name=\"twitter:data2\" content=\"2 minutes\" \/>\n<script type=\"application\/ld+json\" class=\"yoast-schema-graph\">{\"@context\":\"https:\\\/\\\/schema.org\",\"@graph\":[{\"@type\":\"Article\",\"@id\":\"https:\\\/\\\/www.bellunopress.it\\\/2026\\\/03\\\/19\\\/missione-strategica-in-australia-per-il-sistema-veneto\\\/#article\",\"isPartOf\":{\"@id\":\"https:\\\/\\\/www.bellunopress.it\\\/2026\\\/03\\\/19\\\/missione-strategica-in-australia-per-il-sistema-veneto\\\/\"},\"author\":{\"name\":\"redazione\",\"@id\":\"https:\\\/\\\/www.bellunopress.it\\\/#\\\/schema\\\/person\\\/79bb06722b37ece1c03d3e94beb30d73\"},\"headline\":\"Missione strategica in Australia per il Sistema Veneto\",\"datePublished\":\"2026-03-19T07:30:00+00:00\",\"mainEntityOfPage\":{\"@id\":\"https:\\\/\\\/www.bellunopress.it\\\/2026\\\/03\\\/19\\\/missione-strategica-in-australia-per-il-sistema-veneto\\\/\"},\"wordCount\":456,\"publisher\":{\"@id\":\"https:\\\/\\\/www.bellunopress.it\\\/#organization\"},\"image\":{\"@id\":\"https:\\\/\\\/www.bellunopress.it\\\/2026\\\/03\\\/19\\\/missione-strategica-in-australia-per-il-sistema-veneto\\\/#primaryimage\"},\"thumbnailUrl\":\"https:\\\/\\\/www.bellunopress.it\\\/wp-content\\\/uploads\\\/2023\\\/10\\\/Mario-Pozza_edited.jpg\",\"articleSection\":[\"Lavoro, Economia, Turismo\",\"Prima Pagina\"],\"inLanguage\":\"fr-FR\"},{\"@type\":\"WebPage\",\"@id\":\"https:\\\/\\\/www.bellunopress.it\\\/2026\\\/03\\\/19\\\/missione-strategica-in-australia-per-il-sistema-veneto\\\/\",\"url\":\"https:\\\/\\\/www.bellunopress.it\\\/2026\\\/03\\\/19\\\/missione-strategica-in-australia-per-il-sistema-veneto\\\/\",\"name\":\"Missione strategica in Australia per il Sistema Veneto - Bellunopress - Dolomiti\",\"isPartOf\":{\"@id\":\"https:\\\/\\\/www.bellunopress.it\\\/#website\"},\"primaryImageOfPage\":{\"@id\":\"https:\\\/\\\/www.bellunopress.it\\\/2026\\\/03\\\/19\\\/missione-strategica-in-australia-per-il-sistema-veneto\\\/#primaryimage\"},\"image\":{\"@id\":\"https:\\\/\\\/www.bellunopress.it\\\/2026\\\/03\\\/19\\\/missione-strategica-in-australia-per-il-sistema-veneto\\\/#primaryimage\"},\"thumbnailUrl\":\"https:\\\/\\\/www.bellunopress.it\\\/wp-content\\\/uploads\\\/2023\\\/10\\\/Mario-Pozza_edited.jpg\",\"datePublished\":\"2026-03-19T07:30:00+00:00\",\"breadcrumb\":{\"@id\":\"https:\\\/\\\/www.bellunopress.it\\\/2026\\\/03\\\/19\\\/missione-strategica-in-australia-per-il-sistema-veneto\\\/#breadcrumb\"},\"inLanguage\":\"fr-FR\",\"potentialAction\":[{\"@type\":\"ReadAction\",\"target\":[\"https:\\\/\\\/www.bellunopress.it\\\/2026\\\/03\\\/19\\\/missione-strategica-in-australia-per-il-sistema-veneto\\\/\"]}]},{\"@type\":\"ImageObject\",\"inLanguage\":\"fr-FR\",\"@id\":\"https:\\\/\\\/www.bellunopress.it\\\/2026\\\/03\\\/19\\\/missione-strategica-in-australia-per-il-sistema-veneto\\\/#primaryimage\",\"url\":\"https:\\\/\\\/www.bellunopress.it\\\/wp-content\\\/uploads\\\/2023\\\/10\\\/Mario-Pozza_edited.jpg\",\"contentUrl\":\"https:\\\/\\\/www.bellunopress.it\\\/wp-content\\\/uploads\\\/2023\\\/10\\\/Mario-Pozza_edited.jpg\",\"width\":1000,\"height\":800,\"caption\":\"Mario Pozza - Presidente Camera di Commercio Treviso\\\/Belluno\\\/Dolomiti\"},{\"@type\":\"BreadcrumbList\",\"@id\":\"https:\\\/\\\/www.bellunopress.it\\\/2026\\\/03\\\/19\\\/missione-strategica-in-australia-per-il-sistema-veneto\\\/#breadcrumb\",\"itemListElement\":[{\"@type\":\"ListItem\",\"position\":1,\"name\":\"Home\",\"item\":\"https:\\\/\\\/www.bellunopress.it\\\/\"},{\"@type\":\"ListItem\",\"position\":2,\"name\":\"Missione strategica in Australia per il Sistema Veneto\"}]},{\"@type\":\"WebSite\",\"@id\":\"https:\\\/\\\/www.bellunopress.it\\\/#website\",\"url\":\"https:\\\/\\\/www.bellunopress.it\\\/\",\"name\":\"Bellunopress - Dolomiti\",\"description\":\"e-mail: redazione@bellunopress.it\",\"publisher\":{\"@id\":\"https:\\\/\\\/www.bellunopress.it\\\/#organization\"},\"potentialAction\":[{\"@type\":\"SearchAction\",\"target\":{\"@type\":\"EntryPoint\",\"urlTemplate\":\"https:\\\/\\\/www.bellunopress.it\\\/?s={search_term_string}\"},\"query-input\":{\"@type\":\"PropertyValueSpecification\",\"valueRequired\":true,\"valueName\":\"search_term_string\"}}],\"inLanguage\":\"fr-FR\"},{\"@type\":\"Organization\",\"@id\":\"https:\\\/\\\/www.bellunopress.it\\\/#organization\",\"name\":\"Bellunopress\",\"url\":\"https:\\\/\\\/www.bellunopress.it\\\/\",\"logo\":{\"@type\":\"ImageObject\",\"inLanguage\":\"fr-FR\",\"@id\":\"https:\\\/\\\/www.bellunopress.it\\\/#\\\/schema\\\/logo\\\/image\\\/\",\"url\":\"https:\\\/\\\/www.bellunopress.it\\\/wp-content\\\/uploads\\\/2011\\\/05\\\/cropped-logo-bellunopress-.jpg\",\"contentUrl\":\"https:\\\/\\\/www.bellunopress.it\\\/wp-content\\\/uploads\\\/2011\\\/05\\\/cropped-logo-bellunopress-.jpg\",\"width\":512,\"height\":512,\"caption\":\"Bellunopress\"},\"image\":{\"@id\":\"https:\\\/\\\/www.bellunopress.it\\\/#\\\/schema\\\/logo\\\/image\\\/\"},\"sameAs\":[\"https:\\\/\\\/www.facebook.com\\\/profile.php?id=100008943462799\",\"https:\\\/\\\/x.com\\\/bellunopress\",\"https:\\\/\\\/www.linkedin.com\\\/hp\\\/?dnr=JBzUWaJfMUw8vbXJJ2tVW5-I3jZKvC4wsoxE&amp;amp;amp;amp;amp;amp;trk=nav_responsive_tab_home\",\"https:\\\/\\\/www.youtube.com\\\/channel\\\/UCxL0wu1uN0_3_7hGG0306cw\"]},{\"@type\":\"Person\",\"@id\":\"https:\\\/\\\/www.bellunopress.it\\\/#\\\/schema\\\/person\\\/79bb06722b37ece1c03d3e94beb30d73\",\"name\":\"redazione\",\"image\":{\"@type\":\"ImageObject\",\"inLanguage\":\"fr-FR\",\"@id\":\"https:\\\/\\\/secure.gravatar.com\\\/avatar\\\/37d968a2e67a6fd04c169c4bdef102d0bc5d31b2546345219e348575eb80e9a0?s=96&d=mm&r=g\",\"url\":\"https:\\\/\\\/secure.gravatar.com\\\/avatar\\\/37d968a2e67a6fd04c169c4bdef102d0bc5d31b2546345219e348575eb80e9a0?s=96&d=mm&r=g\",\"contentUrl\":\"https:\\\/\\\/secure.gravatar.com\\\/avatar\\\/37d968a2e67a6fd04c169c4bdef102d0bc5d31b2546345219e348575eb80e9a0?s=96&d=mm&r=g\",\"caption\":\"redazione\"},\"sameAs\":[\"http:\\\/\\\/www.bellunopress.it\",\"https:\\\/\\\/x.com\\\/bellunopress\"],\"url\":\"https:\\\/\\\/www.bellunopress.it\\\/fr\\\/author\\\/redazione\\\/\"}]}<\/script>\n<!-- \/ Yoast SEO plugin. -->","yoast_head_json":{"title":"Missione strategica in Australia per il Sistema Veneto - Bellunopress - Dolomiti","robots":{"index":"index","follow":"follow","max-snippet":"max-snippet:-1","max-image-preview":"max-image-preview:large","max-video-preview":"max-video-preview:-1"},"canonical":"https:\/\/www.bellunopress.it\/fr\/2026\/03\/19\/missione-strategica-in-australia-per-il-sistema-veneto\/","og_locale":"fr_FR","og_type":"article","og_title":"Missione strategica in Australia per il Sistema Veneto - Bellunopress - Dolomiti","og_description":"Il Presidente Mario Pozza guida la delegazione tra Melbourne, Sydney e Canberra. Obiettivo: invertire il trend dell&#8217;export e lanciare il Forum Sud-Est Asiatico di giugno. Treviso\u00a0\u2013 Non \u00e8 solo una questione di chilometri, ma di mercati che attendono l\u2019eccellenza del &#8220;Saper fare&#8221; italiano. Si \u00e8 conclusa con successo la missione istituzionale in Australia guidata da [&hellip;]","og_url":"https:\/\/www.bellunopress.it\/fr\/2026\/03\/19\/missione-strategica-in-australia-per-il-sistema-veneto\/","og_site_name":"Bellunopress - Dolomiti","article_publisher":"https:\/\/www.facebook.com\/profile.php?id=100008943462799","article_published_time":"2026-03-19T07:30:00+00:00","og_image":[{"width":1000,"height":800,"url":"https:\/\/www.bellunopress.it\/wp-content\/uploads\/2023\/10\/Mario-Pozza_edited.jpg","type":"image\/jpeg"}],"author":"redazione","twitter_card":"summary_large_image","twitter_creator":"@bellunopress","twitter_site":"@bellunopress","twitter_misc":{"\u00c9crit par":"redazione","Dur\u00e9e de lecture estim\u00e9e":"2 minutes"},"schema":{"@context":"https:\/\/schema.org","@graph":[{"@type":"Article","@id":"https:\/\/www.bellunopress.it\/2026\/03\/19\/missione-strategica-in-australia-per-il-sistema-veneto\/#article","isPartOf":{"@id":"https:\/\/www.bellunopress.it\/2026\/03\/19\/missione-strategica-in-australia-per-il-sistema-veneto\/"},"author":{"name":"redazione","@id":"https:\/\/www.bellunopress.it\/#\/schema\/person\/79bb06722b37ece1c03d3e94beb30d73"},"headline":"Missione strategica in Australia per il Sistema Veneto","datePublished":"2026-03-19T07:30:00+00:00","mainEntityOfPage":{"@id":"https:\/\/www.bellunopress.it\/2026\/03\/19\/missione-strategica-in-australia-per-il-sistema-veneto\/"},"wordCount":456,"publisher":{"@id":"https:\/\/www.bellunopress.it\/#organization"},"image":{"@id":"https:\/\/www.bellunopress.it\/2026\/03\/19\/missione-strategica-in-australia-per-il-sistema-veneto\/#primaryimage"},"thumbnailUrl":"https:\/\/www.bellunopress.it\/wp-content\/uploads\/2023\/10\/Mario-Pozza_edited.jpg","articleSection":["Lavoro, Economia, Turismo","Prima Pagina"],"inLanguage":"fr-FR"},{"@type":"WebPage","@id":"https:\/\/www.bellunopress.it\/2026\/03\/19\/missione-strategica-in-australia-per-il-sistema-veneto\/","url":"https:\/\/www.bellunopress.it\/2026\/03\/19\/missione-strategica-in-australia-per-il-sistema-veneto\/","name":"Missione strategica in Australia per il Sistema Veneto - Bellunopress - Dolomiti","isPartOf":{"@id":"https:\/\/www.bellunopress.it\/#website"},"primaryImageOfPage":{"@id":"https:\/\/www.bellunopress.it\/2026\/03\/19\/missione-strategica-in-australia-per-il-sistema-veneto\/#primaryimage"},"image":{"@id":"https:\/\/www.bellunopress.it\/2026\/03\/19\/missione-strategica-in-australia-per-il-sistema-veneto\/#primaryimage"},"thumbnailUrl":"https:\/\/www.bellunopress.it\/wp-content\/uploads\/2023\/10\/Mario-Pozza_edited.jpg","datePublished":"2026-03-19T07:30:00+00:00","breadcrumb":{"@id":"https:\/\/www.bellunopress.it\/2026\/03\/19\/missione-strategica-in-australia-per-il-sistema-veneto\/#breadcrumb"},"inLanguage":"fr-FR","potentialAction":[{"@type":"ReadAction","target":["https:\/\/www.bellunopress.it\/2026\/03\/19\/missione-strategica-in-australia-per-il-sistema-veneto\/"]}]},{"@type":"ImageObject","inLanguage":"fr-FR","@id":"https:\/\/www.bellunopress.it\/2026\/03\/19\/missione-strategica-in-australia-per-il-sistema-veneto\/#primaryimage","url":"https:\/\/www.bellunopress.it\/wp-content\/uploads\/2023\/10\/Mario-Pozza_edited.jpg","contentUrl":"https:\/\/www.bellunopress.it\/wp-content\/uploads\/2023\/10\/Mario-Pozza_edited.jpg","width":1000,"height":800,"caption":"Mario Pozza - Presidente Camera di Commercio Treviso\/Belluno\/Dolomiti"},{"@type":"BreadcrumbList","@id":"https:\/\/www.bellunopress.it\/2026\/03\/19\/missione-strategica-in-australia-per-il-sistema-veneto\/#breadcrumb","itemListElement":[{"@type":"ListItem","position":1,"name":"Home","item":"https:\/\/www.bellunopress.it\/"},{"@type":"ListItem","position":2,"name":"Missione strategica in Australia per il Sistema Veneto"}]},{"@type":"WebSite","@id":"https:\/\/www.bellunopress.it\/#website","url":"https:\/\/www.bellunopress.it\/","name":"Bellunopress - Dolomiti","description":"e-mail: redazione@bellunopress.it","publisher":{"@id":"https:\/\/www.bellunopress.it\/#organization"},"potentialAction":[{"@type":"SearchAction","target":{"@type":"EntryPoint","urlTemplate":"https:\/\/www.bellunopress.it\/?s={search_term_string}"},"query-input":{"@type":"PropertyValueSpecification","valueRequired":true,"valueName":"search_term_string"}}],"inLanguage":"fr-FR"},{"@type":"Organization","@id":"https:\/\/www.bellunopress.it\/#organization","name":"Bellunopress","url":"https:\/\/www.bellunopress.it\/","logo":{"@type":"ImageObject","inLanguage":"fr-FR","@id":"https:\/\/www.bellunopress.it\/#\/schema\/logo\/image\/","url":"https:\/\/www.bellunopress.it\/wp-content\/uploads\/2011\/05\/cropped-logo-bellunopress-.jpg","contentUrl":"https:\/\/www.bellunopress.it\/wp-content\/uploads\/2011\/05\/cropped-logo-bellunopress-.jpg","width":512,"height":512,"caption":"Bellunopress"},"image":{"@id":"https:\/\/www.bellunopress.it\/#\/schema\/logo\/image\/"},"sameAs":["https:\/\/www.facebook.com\/profile.php?id=100008943462799","https:\/\/x.com\/bellunopress","https:\/\/www.linkedin.com\/hp\/?dnr=JBzUWaJfMUw8vbXJJ2tVW5-I3jZKvC4wsoxE&amp;amp;amp;amp;amp;amp;trk=nav_responsive_tab_home","https:\/\/www.youtube.com\/channel\/UCxL0wu1uN0_3_7hGG0306cw"]},{"@type":"Person","@id":"https:\/\/www.bellunopress.it\/#\/schema\/person\/79bb06722b37ece1c03d3e94beb30d73","name":"r\u00e9daction","image":{"@type":"ImageObject","inLanguage":"fr-FR","@id":"https:\/\/secure.gravatar.com\/avatar\/37d968a2e67a6fd04c169c4bdef102d0bc5d31b2546345219e348575eb80e9a0?s=96&d=mm&r=g","url":"https:\/\/secure.gravatar.com\/avatar\/37d968a2e67a6fd04c169c4bdef102d0bc5d31b2546345219e348575eb80e9a0?s=96&d=mm&r=g","contentUrl":"https:\/\/secure.gravatar.com\/avatar\/37d968a2e67a6fd04c169c4bdef102d0bc5d31b2546345219e348575eb80e9a0?s=96&d=mm&r=g","caption":"redazione"},"sameAs":["http:\/\/www.bellunopress.it","https:\/\/x.com\/bellunopress"],"url":"https:\/\/www.bellunopress.it\/fr\/author\/redazione\/"}]}},"_links":{"self":[{"href":"https:\/\/www.bellunopress.it\/fr\/wp-json\/wp\/v2\/posts\/168310","targetHints":{"allow":["GET"]}}],"collection":[{"href":"https:\/\/www.bellunopress.it\/fr\/wp-json\/wp\/v2\/posts"}],"about":[{"href":"https:\/\/www.bellunopress.it\/fr\/wp-json\/wp\/v2\/types\/post"}],"author":[{"embeddable":true,"href":"https:\/\/www.bellunopress.it\/fr\/wp-json\/wp\/v2\/users\/2"}],"replies":[{"embeddable":true,"href":"https:\/\/www.bellunopress.it\/fr\/wp-json\/wp\/v2\/comments?post=168310"}],"version-history":[{"count":1,"href":"https:\/\/www.bellunopress.it\/fr\/wp-json\/wp\/v2\/posts\/168310\/revisions"}],"predecessor-version":[{"id":168311,"href":"https:\/\/www.bellunopress.it\/fr\/wp-json\/wp\/v2\/posts\/168310\/revisions\/168311"}],"wp:featuredmedia":[{"embeddable":true,"href":"https:\/\/www.bellunopress.it\/fr\/wp-json\/wp\/v2\/media\/145120"}],"wp:attachment":[{"href":"https:\/\/www.bellunopress.it\/fr\/wp-json\/wp\/v2\/media?parent=168310"}],"wp:term":[{"taxonomy":"category","embeddable":true,"href":"https:\/\/www.bellunopress.it\/fr\/wp-json\/wp\/v2\/categories?post=168310"},{"taxonomy":"post_tag","embeddable":true,"href":"https:\/\/www.bellunopress.it\/fr\/wp-json\/wp\/v2\/tags?post=168310"}],"curies":[{"name":"wp","href":"https:\/\/api.w.org\/{rel}","templated":true}]}}