{"id":168302,"date":"2026-03-18T16:49:11","date_gmt":"2026-03-18T15:49:11","guid":{"rendered":"https:\/\/www.bellunopress.it\/?p=168302"},"modified":"2026-03-18T16:49:11","modified_gmt":"2026-03-18T15:49:11","slug":"laghetto-del-nevegal-riempimento-completo-ad-aprile","status":"publish","type":"post","link":"https:\/\/www.bellunopress.it\/fr\/2026\/03\/18\/laghetto-del-nevegal-riempimento-completo-ad-aprile\/","title":{"rendered":"Laghetto del Nevegal, riempimento completo ad aprile"},"content":{"rendered":"<p>Belluno, 18\/03\/2026 &#8211; Hanno preso il via nei giorni scorsi le operazioni di riempimento del nuovo bacino del Nevegal, passaggio necessario per il collaudo idraulico previsto dalla normativa vigente. Con l\u2019avanzare della stagione del disgelo e grazie alle recenti e abbondanti precipitazioni, \u00e8 stato possibile avviare l\u2019immissione dell\u2019acqua sfruttando la risorsa in quota della sorgente dello Schiara. Il riempimento avviene attraverso il troppo pieno del serbatoio di Col dei Pez e tramite un\u2019apposita condotta di alimentazione. \u201cCon l\u2019avvio del riempimento entriamo in una fase decisiva \u2013 sottolinea il sindaco Oscar De Pellegrin \u2013. \u00c8 un\u2019opera strategica per la sicurezza e il turismo del nostro Colle, un\u2019infrastruttura che rafforza la capacit\u00e0 di risposta del territorio in caso di emergenze, ma allo stesso tempo sostiene lo sviluppo di questa parte del territorio, in particolare per quanto riguarda la stagione invernale. Interveniamo in un\u2019area segnata da Vaia, restituendole una funzione utile e concreta per la comunit\u00e0\u201d.<\/p>\n<p><strong>L\u2019OPERA<\/strong><br \/>\nL\u2019intervento riguarda il nuovo bacino di accumulo a cielo aperto realizzato in localit\u00e0 \u201cLa Grava\u201d, opera con una capacit\u00e0 di invaso di circa 28.600 metri cubi. La struttura \u00e8 stata costruita mediante importanti movimenti terra, sia in scavo sia in riporto, per la formazione dei paramenti interni ed esterni, ed \u00e8 caratterizzata da una superficie completamente impermeabilizzata e protetta con uno specifico sistema di rivestimento.<br \/>\nCon afflusso idrico costante si conta entro il mese si aprile di completare il riempimento del bacino e procedere poi alle verifiche idrauliche di tenuta del bacino stesso e di tutte le opere idrauliche connesse. \u201cI tempi inizialmente delineati sono stati rispettati \u2013 commenta il vice sindaco e assessore ai lavori pubblici, Paolo Gamba -, ora manca il collaudo per arrivare a chiudere la partita del Pnrr entro giugno. Un grazie a tutti gli uffici e alla ditta per il grande lavoro di squadra\u201d.<\/p>\n<p>L\u2019opera \u00e8 stata realizzata in localit\u00e0 La Grava, a ridosso della pista \u201cRaccordo Col dei Pez\u201d e nelle vicinanze dell\u2019omonimo rifugio, a circa 1.200 metri di quota. L\u2019area, interessata in passato dagli effetti della tempesta Vaia, \u00e8 stata oggetto di recupero e riqualificazione.<br \/>\nIl bacino avr\u00e0 una capacit\u00e0 di invaso di circa 28.640 metri cubi e sar\u00e0 utilizzato principalmente per due funzioni: garantire una riserva idrica in caso di incendi e supportare l\u2019innevamento programmato durante la stagione invernale.<br \/>\nLa struttura \u00e8 una vasca a cielo aperto completamente impermeabilizzata, dotata delle opere necessarie al funzionamento e alla sicurezza: tunnel ispezionabile con locale tecnico, sfioratore di superficie, canalette di guardia, sistemi di dissipazione e restituzione delle acque, oltre alla recinzione perimetrale. Realizzata anche una viabilit\u00e0 di servizio per l\u2019accesso all\u2019area.<\/p>\n<p>L\u2019intervento ha comportato movimenti terra rilevanti, con oltre 19 mila metri cubi tra scavo e riporto su una superficie complessiva di circa 13 mila metri quadrati. Il bacino \u00e8 inoltre collegato alle infrastrutture esistenti di Col dei Pez, da cui proviene l\u2019approvvigionamento idrico.<\/p>\n<p>&nbsp;<\/p>","protected":false},"excerpt":{"rendered":"<p>Belluno, 18\/03\/2026 &#8211; Hanno preso il via nei giorni scorsi le operazioni di riempimento del nuovo bacino del Nevegal, passaggio necessario per il collaudo idraulico previsto dalla normativa vigente. Con l\u2019avanzare della stagione del disgelo e grazie alle recenti e abbondanti precipitazioni, \u00e8 stato possibile avviare l\u2019immissione dell\u2019acqua sfruttando la risorsa in quota della sorgente [&hellip;]<\/p>\n","protected":false},"author":2,"featured_media":168303,"comment_status":"closed","ping_status":"open","sticky":false,"template":"","format":"standard","meta":{"footnotes":""},"categories":[26,8],"tags":[],"class_list":["post-168302","post","type-post","status-publish","format-standard","has-post-thumbnail","category-prima-pagina","category-societa-istituzioni"],"yoast_head":"<!-- This site is optimized with the Yoast SEO plugin v28.4 - https:\/\/yoast.com\/product\/yoast-seo-wordpress\/ -->\n<title>Laghetto del Nevegal, riempimento completo ad aprile - Bellunopress - Dolomiti<\/title>\n<meta name=\"robots\" content=\"index, follow, max-snippet:-1, max-image-preview:large, max-video-preview:-1\" \/>\n<link rel=\"canonical\" href=\"https:\/\/www.bellunopress.it\/fr\/2026\/03\/18\/laghetto-del-nevegal-riempimento-completo-ad-aprile\/\" \/>\n<meta property=\"og:locale\" content=\"fr_FR\" \/>\n<meta property=\"og:type\" content=\"article\" \/>\n<meta property=\"og:title\" content=\"Laghetto del Nevegal, riempimento completo ad aprile - Bellunopress - Dolomiti\" \/>\n<meta property=\"og:description\" content=\"Belluno, 18\/03\/2026 &#8211; Hanno preso il via nei giorni scorsi le operazioni di riempimento del nuovo bacino del Nevegal, passaggio necessario per il collaudo idraulico previsto dalla normativa vigente. Con l\u2019avanzare della stagione del disgelo e grazie alle recenti e abbondanti precipitazioni, \u00e8 stato possibile avviare l\u2019immissione dell\u2019acqua sfruttando la risorsa in quota della sorgente [&hellip;]\" \/>\n<meta property=\"og:url\" content=\"https:\/\/www.bellunopress.it\/fr\/2026\/03\/18\/laghetto-del-nevegal-riempimento-completo-ad-aprile\/\" \/>\n<meta property=\"og:site_name\" content=\"Bellunopress - Dolomiti\" \/>\n<meta property=\"article:publisher\" content=\"https:\/\/www.facebook.com\/profile.php?id=100008943462799\" \/>\n<meta property=\"article:published_time\" content=\"2026-03-18T15:49:11+00:00\" \/>\n<meta property=\"og:image\" content=\"https:\/\/www.bellunopress.it\/wp-content\/uploads\/2026\/03\/laghetto-Nevegal.jpg\" \/>\n\t<meta property=\"og:image:width\" content=\"700\" \/>\n\t<meta property=\"og:image:height\" content=\"393\" \/>\n\t<meta property=\"og:image:type\" content=\"image\/jpeg\" \/>\n<meta name=\"author\" content=\"redazione\" \/>\n<meta name=\"twitter:card\" content=\"summary_large_image\" \/>\n<meta name=\"twitter:creator\" content=\"@bellunopress\" \/>\n<meta name=\"twitter:site\" content=\"@bellunopress\" \/>\n<meta name=\"twitter:label1\" content=\"\u00c9crit par\" \/>\n\t<meta name=\"twitter:data1\" content=\"redazione\" \/>\n\t<meta name=\"twitter:label2\" content=\"Dur\u00e9e de lecture estim\u00e9e\" \/>\n\t<meta name=\"twitter:data2\" content=\"2 minutes\" \/>\n<script type=\"application\/ld+json\" class=\"yoast-schema-graph\">{\"@context\":\"https:\\\/\\\/schema.org\",\"@graph\":[{\"@type\":\"Article\",\"@id\":\"https:\\\/\\\/www.bellunopress.it\\\/2026\\\/03\\\/18\\\/laghetto-del-nevegal-riempimento-completo-ad-aprile\\\/#article\",\"isPartOf\":{\"@id\":\"https:\\\/\\\/www.bellunopress.it\\\/2026\\\/03\\\/18\\\/laghetto-del-nevegal-riempimento-completo-ad-aprile\\\/\"},\"author\":{\"name\":\"redazione\",\"@id\":\"https:\\\/\\\/www.bellunopress.it\\\/#\\\/schema\\\/person\\\/79bb06722b37ece1c03d3e94beb30d73\"},\"headline\":\"Laghetto del Nevegal, riempimento completo ad aprile\",\"datePublished\":\"2026-03-18T15:49:11+00:00\",\"mainEntityOfPage\":{\"@id\":\"https:\\\/\\\/www.bellunopress.it\\\/2026\\\/03\\\/18\\\/laghetto-del-nevegal-riempimento-completo-ad-aprile\\\/\"},\"wordCount\":483,\"publisher\":{\"@id\":\"https:\\\/\\\/www.bellunopress.it\\\/#organization\"},\"image\":{\"@id\":\"https:\\\/\\\/www.bellunopress.it\\\/2026\\\/03\\\/18\\\/laghetto-del-nevegal-riempimento-completo-ad-aprile\\\/#primaryimage\"},\"thumbnailUrl\":\"https:\\\/\\\/www.bellunopress.it\\\/wp-content\\\/uploads\\\/2026\\\/03\\\/laghetto-Nevegal.jpg\",\"articleSection\":[\"Prima Pagina\",\"Societ\u00e0, Associazioni, Istituzioni\"],\"inLanguage\":\"fr-FR\"},{\"@type\":\"WebPage\",\"@id\":\"https:\\\/\\\/www.bellunopress.it\\\/2026\\\/03\\\/18\\\/laghetto-del-nevegal-riempimento-completo-ad-aprile\\\/\",\"url\":\"https:\\\/\\\/www.bellunopress.it\\\/2026\\\/03\\\/18\\\/laghetto-del-nevegal-riempimento-completo-ad-aprile\\\/\",\"name\":\"Laghetto del Nevegal, riempimento completo ad aprile - Bellunopress - Dolomiti\",\"isPartOf\":{\"@id\":\"https:\\\/\\\/www.bellunopress.it\\\/#website\"},\"primaryImageOfPage\":{\"@id\":\"https:\\\/\\\/www.bellunopress.it\\\/2026\\\/03\\\/18\\\/laghetto-del-nevegal-riempimento-completo-ad-aprile\\\/#primaryimage\"},\"image\":{\"@id\":\"https:\\\/\\\/www.bellunopress.it\\\/2026\\\/03\\\/18\\\/laghetto-del-nevegal-riempimento-completo-ad-aprile\\\/#primaryimage\"},\"thumbnailUrl\":\"https:\\\/\\\/www.bellunopress.it\\\/wp-content\\\/uploads\\\/2026\\\/03\\\/laghetto-Nevegal.jpg\",\"datePublished\":\"2026-03-18T15:49:11+00:00\",\"breadcrumb\":{\"@id\":\"https:\\\/\\\/www.bellunopress.it\\\/2026\\\/03\\\/18\\\/laghetto-del-nevegal-riempimento-completo-ad-aprile\\\/#breadcrumb\"},\"inLanguage\":\"fr-FR\",\"potentialAction\":[{\"@type\":\"ReadAction\",\"target\":[\"https:\\\/\\\/www.bellunopress.it\\\/2026\\\/03\\\/18\\\/laghetto-del-nevegal-riempimento-completo-ad-aprile\\\/\"]}]},{\"@type\":\"ImageObject\",\"inLanguage\":\"fr-FR\",\"@id\":\"https:\\\/\\\/www.bellunopress.it\\\/2026\\\/03\\\/18\\\/laghetto-del-nevegal-riempimento-completo-ad-aprile\\\/#primaryimage\",\"url\":\"https:\\\/\\\/www.bellunopress.it\\\/wp-content\\\/uploads\\\/2026\\\/03\\\/laghetto-Nevegal.jpg\",\"contentUrl\":\"https:\\\/\\\/www.bellunopress.it\\\/wp-content\\\/uploads\\\/2026\\\/03\\\/laghetto-Nevegal.jpg\",\"width\":700,\"height\":393,\"caption\":\"Belluno, laghetto del Nevegal in fase di riempimento\"},{\"@type\":\"BreadcrumbList\",\"@id\":\"https:\\\/\\\/www.bellunopress.it\\\/2026\\\/03\\\/18\\\/laghetto-del-nevegal-riempimento-completo-ad-aprile\\\/#breadcrumb\",\"itemListElement\":[{\"@type\":\"ListItem\",\"position\":1,\"name\":\"Home\",\"item\":\"https:\\\/\\\/www.bellunopress.it\\\/\"},{\"@type\":\"ListItem\",\"position\":2,\"name\":\"Laghetto del Nevegal, riempimento completo ad aprile\"}]},{\"@type\":\"WebSite\",\"@id\":\"https:\\\/\\\/www.bellunopress.it\\\/#website\",\"url\":\"https:\\\/\\\/www.bellunopress.it\\\/\",\"name\":\"Bellunopress - Dolomiti\",\"description\":\"e-mail: redazione@bellunopress.it\",\"publisher\":{\"@id\":\"https:\\\/\\\/www.bellunopress.it\\\/#organization\"},\"potentialAction\":[{\"@type\":\"SearchAction\",\"target\":{\"@type\":\"EntryPoint\",\"urlTemplate\":\"https:\\\/\\\/www.bellunopress.it\\\/?s={search_term_string}\"},\"query-input\":{\"@type\":\"PropertyValueSpecification\",\"valueRequired\":true,\"valueName\":\"search_term_string\"}}],\"inLanguage\":\"fr-FR\"},{\"@type\":\"Organization\",\"@id\":\"https:\\\/\\\/www.bellunopress.it\\\/#organization\",\"name\":\"Bellunopress\",\"url\":\"https:\\\/\\\/www.bellunopress.it\\\/\",\"logo\":{\"@type\":\"ImageObject\",\"inLanguage\":\"fr-FR\",\"@id\":\"https:\\\/\\\/www.bellunopress.it\\\/#\\\/schema\\\/logo\\\/image\\\/\",\"url\":\"https:\\\/\\\/www.bellunopress.it\\\/wp-content\\\/uploads\\\/2011\\\/05\\\/cropped-logo-bellunopress-.jpg\",\"contentUrl\":\"https:\\\/\\\/www.bellunopress.it\\\/wp-content\\\/uploads\\\/2011\\\/05\\\/cropped-logo-bellunopress-.jpg\",\"width\":512,\"height\":512,\"caption\":\"Bellunopress\"},\"image\":{\"@id\":\"https:\\\/\\\/www.bellunopress.it\\\/#\\\/schema\\\/logo\\\/image\\\/\"},\"sameAs\":[\"https:\\\/\\\/www.facebook.com\\\/profile.php?id=100008943462799\",\"https:\\\/\\\/x.com\\\/bellunopress\",\"https:\\\/\\\/www.linkedin.com\\\/hp\\\/?dnr=JBzUWaJfMUw8vbXJJ2tVW5-I3jZKvC4wsoxE&amp;amp;amp;amp;amp;amp;trk=nav_responsive_tab_home\",\"https:\\\/\\\/www.youtube.com\\\/channel\\\/UCxL0wu1uN0_3_7hGG0306cw\"]},{\"@type\":\"Person\",\"@id\":\"https:\\\/\\\/www.bellunopress.it\\\/#\\\/schema\\\/person\\\/79bb06722b37ece1c03d3e94beb30d73\",\"name\":\"redazione\",\"image\":{\"@type\":\"ImageObject\",\"inLanguage\":\"fr-FR\",\"@id\":\"https:\\\/\\\/secure.gravatar.com\\\/avatar\\\/37d968a2e67a6fd04c169c4bdef102d0bc5d31b2546345219e348575eb80e9a0?s=96&d=mm&r=g\",\"url\":\"https:\\\/\\\/secure.gravatar.com\\\/avatar\\\/37d968a2e67a6fd04c169c4bdef102d0bc5d31b2546345219e348575eb80e9a0?s=96&d=mm&r=g\",\"contentUrl\":\"https:\\\/\\\/secure.gravatar.com\\\/avatar\\\/37d968a2e67a6fd04c169c4bdef102d0bc5d31b2546345219e348575eb80e9a0?s=96&d=mm&r=g\",\"caption\":\"redazione\"},\"sameAs\":[\"http:\\\/\\\/www.bellunopress.it\",\"https:\\\/\\\/x.com\\\/bellunopress\"],\"url\":\"https:\\\/\\\/www.bellunopress.it\\\/fr\\\/author\\\/redazione\\\/\"}]}<\/script>\n<!-- \/ Yoast SEO plugin. -->","yoast_head_json":{"title":"Laghetto del Nevegal, riempimento completo ad aprile - Bellunopress - Dolomiti","robots":{"index":"index","follow":"follow","max-snippet":"max-snippet:-1","max-image-preview":"max-image-preview:large","max-video-preview":"max-video-preview:-1"},"canonical":"https:\/\/www.bellunopress.it\/fr\/2026\/03\/18\/laghetto-del-nevegal-riempimento-completo-ad-aprile\/","og_locale":"fr_FR","og_type":"article","og_title":"Laghetto del Nevegal, riempimento completo ad aprile - Bellunopress - Dolomiti","og_description":"Belluno, 18\/03\/2026 &#8211; Hanno preso il via nei giorni scorsi le operazioni di riempimento del nuovo bacino del Nevegal, passaggio necessario per il collaudo idraulico previsto dalla normativa vigente. Con l\u2019avanzare della stagione del disgelo e grazie alle recenti e abbondanti precipitazioni, \u00e8 stato possibile avviare l\u2019immissione dell\u2019acqua sfruttando la risorsa in quota della sorgente [&hellip;]","og_url":"https:\/\/www.bellunopress.it\/fr\/2026\/03\/18\/laghetto-del-nevegal-riempimento-completo-ad-aprile\/","og_site_name":"Bellunopress - Dolomiti","article_publisher":"https:\/\/www.facebook.com\/profile.php?id=100008943462799","article_published_time":"2026-03-18T15:49:11+00:00","og_image":[{"width":700,"height":393,"url":"https:\/\/www.bellunopress.it\/wp-content\/uploads\/2026\/03\/laghetto-Nevegal.jpg","type":"image\/jpeg"}],"author":"redazione","twitter_card":"summary_large_image","twitter_creator":"@bellunopress","twitter_site":"@bellunopress","twitter_misc":{"\u00c9crit par":"redazione","Dur\u00e9e de lecture estim\u00e9e":"2 minutes"},"schema":{"@context":"https:\/\/schema.org","@graph":[{"@type":"Article","@id":"https:\/\/www.bellunopress.it\/2026\/03\/18\/laghetto-del-nevegal-riempimento-completo-ad-aprile\/#article","isPartOf":{"@id":"https:\/\/www.bellunopress.it\/2026\/03\/18\/laghetto-del-nevegal-riempimento-completo-ad-aprile\/"},"author":{"name":"redazione","@id":"https:\/\/www.bellunopress.it\/#\/schema\/person\/79bb06722b37ece1c03d3e94beb30d73"},"headline":"Laghetto del Nevegal, riempimento completo ad aprile","datePublished":"2026-03-18T15:49:11+00:00","mainEntityOfPage":{"@id":"https:\/\/www.bellunopress.it\/2026\/03\/18\/laghetto-del-nevegal-riempimento-completo-ad-aprile\/"},"wordCount":483,"publisher":{"@id":"https:\/\/www.bellunopress.it\/#organization"},"image":{"@id":"https:\/\/www.bellunopress.it\/2026\/03\/18\/laghetto-del-nevegal-riempimento-completo-ad-aprile\/#primaryimage"},"thumbnailUrl":"https:\/\/www.bellunopress.it\/wp-content\/uploads\/2026\/03\/laghetto-Nevegal.jpg","articleSection":["Prima Pagina","Societ\u00e0, Associazioni, Istituzioni"],"inLanguage":"fr-FR"},{"@type":"WebPage","@id":"https:\/\/www.bellunopress.it\/2026\/03\/18\/laghetto-del-nevegal-riempimento-completo-ad-aprile\/","url":"https:\/\/www.bellunopress.it\/2026\/03\/18\/laghetto-del-nevegal-riempimento-completo-ad-aprile\/","name":"Laghetto del Nevegal, riempimento completo ad aprile - Bellunopress - Dolomiti","isPartOf":{"@id":"https:\/\/www.bellunopress.it\/#website"},"primaryImageOfPage":{"@id":"https:\/\/www.bellunopress.it\/2026\/03\/18\/laghetto-del-nevegal-riempimento-completo-ad-aprile\/#primaryimage"},"image":{"@id":"https:\/\/www.bellunopress.it\/2026\/03\/18\/laghetto-del-nevegal-riempimento-completo-ad-aprile\/#primaryimage"},"thumbnailUrl":"https:\/\/www.bellunopress.it\/wp-content\/uploads\/2026\/03\/laghetto-Nevegal.jpg","datePublished":"2026-03-18T15:49:11+00:00","breadcrumb":{"@id":"https:\/\/www.bellunopress.it\/2026\/03\/18\/laghetto-del-nevegal-riempimento-completo-ad-aprile\/#breadcrumb"},"inLanguage":"fr-FR","potentialAction":[{"@type":"ReadAction","target":["https:\/\/www.bellunopress.it\/2026\/03\/18\/laghetto-del-nevegal-riempimento-completo-ad-aprile\/"]}]},{"@type":"ImageObject","inLanguage":"fr-FR","@id":"https:\/\/www.bellunopress.it\/2026\/03\/18\/laghetto-del-nevegal-riempimento-completo-ad-aprile\/#primaryimage","url":"https:\/\/www.bellunopress.it\/wp-content\/uploads\/2026\/03\/laghetto-Nevegal.jpg","contentUrl":"https:\/\/www.bellunopress.it\/wp-content\/uploads\/2026\/03\/laghetto-Nevegal.jpg","width":700,"height":393,"caption":"Belluno, laghetto del Nevegal in fase di riempimento"},{"@type":"BreadcrumbList","@id":"https:\/\/www.bellunopress.it\/2026\/03\/18\/laghetto-del-nevegal-riempimento-completo-ad-aprile\/#breadcrumb","itemListElement":[{"@type":"ListItem","position":1,"name":"Home","item":"https:\/\/www.bellunopress.it\/"},{"@type":"ListItem","position":2,"name":"Laghetto del Nevegal, riempimento completo ad aprile"}]},{"@type":"WebSite","@id":"https:\/\/www.bellunopress.it\/#website","url":"https:\/\/www.bellunopress.it\/","name":"Bellunopress - Dolomiti","description":"e-mail: redazione@bellunopress.it","publisher":{"@id":"https:\/\/www.bellunopress.it\/#organization"},"potentialAction":[{"@type":"SearchAction","target":{"@type":"EntryPoint","urlTemplate":"https:\/\/www.bellunopress.it\/?s={search_term_string}"},"query-input":{"@type":"PropertyValueSpecification","valueRequired":true,"valueName":"search_term_string"}}],"inLanguage":"fr-FR"},{"@type":"Organization","@id":"https:\/\/www.bellunopress.it\/#organization","name":"Bellunopress","url":"https:\/\/www.bellunopress.it\/","logo":{"@type":"ImageObject","inLanguage":"fr-FR","@id":"https:\/\/www.bellunopress.it\/#\/schema\/logo\/image\/","url":"https:\/\/www.bellunopress.it\/wp-content\/uploads\/2011\/05\/cropped-logo-bellunopress-.jpg","contentUrl":"https:\/\/www.bellunopress.it\/wp-content\/uploads\/2011\/05\/cropped-logo-bellunopress-.jpg","width":512,"height":512,"caption":"Bellunopress"},"image":{"@id":"https:\/\/www.bellunopress.it\/#\/schema\/logo\/image\/"},"sameAs":["https:\/\/www.facebook.com\/profile.php?id=100008943462799","https:\/\/x.com\/bellunopress","https:\/\/www.linkedin.com\/hp\/?dnr=JBzUWaJfMUw8vbXJJ2tVW5-I3jZKvC4wsoxE&amp;amp;amp;amp;amp;amp;trk=nav_responsive_tab_home","https:\/\/www.youtube.com\/channel\/UCxL0wu1uN0_3_7hGG0306cw"]},{"@type":"Person","@id":"https:\/\/www.bellunopress.it\/#\/schema\/person\/79bb06722b37ece1c03d3e94beb30d73","name":"r\u00e9daction","image":{"@type":"ImageObject","inLanguage":"fr-FR","@id":"https:\/\/secure.gravatar.com\/avatar\/37d968a2e67a6fd04c169c4bdef102d0bc5d31b2546345219e348575eb80e9a0?s=96&d=mm&r=g","url":"https:\/\/secure.gravatar.com\/avatar\/37d968a2e67a6fd04c169c4bdef102d0bc5d31b2546345219e348575eb80e9a0?s=96&d=mm&r=g","contentUrl":"https:\/\/secure.gravatar.com\/avatar\/37d968a2e67a6fd04c169c4bdef102d0bc5d31b2546345219e348575eb80e9a0?s=96&d=mm&r=g","caption":"redazione"},"sameAs":["http:\/\/www.bellunopress.it","https:\/\/x.com\/bellunopress"],"url":"https:\/\/www.bellunopress.it\/fr\/author\/redazione\/"}]}},"_links":{"self":[{"href":"https:\/\/www.bellunopress.it\/fr\/wp-json\/wp\/v2\/posts\/168302","targetHints":{"allow":["GET"]}}],"collection":[{"href":"https:\/\/www.bellunopress.it\/fr\/wp-json\/wp\/v2\/posts"}],"about":[{"href":"https:\/\/www.bellunopress.it\/fr\/wp-json\/wp\/v2\/types\/post"}],"author":[{"embeddable":true,"href":"https:\/\/www.bellunopress.it\/fr\/wp-json\/wp\/v2\/users\/2"}],"replies":[{"embeddable":true,"href":"https:\/\/www.bellunopress.it\/fr\/wp-json\/wp\/v2\/comments?post=168302"}],"version-history":[{"count":1,"href":"https:\/\/www.bellunopress.it\/fr\/wp-json\/wp\/v2\/posts\/168302\/revisions"}],"predecessor-version":[{"id":168304,"href":"https:\/\/www.bellunopress.it\/fr\/wp-json\/wp\/v2\/posts\/168302\/revisions\/168304"}],"wp:featuredmedia":[{"embeddable":true,"href":"https:\/\/www.bellunopress.it\/fr\/wp-json\/wp\/v2\/media\/168303"}],"wp:attachment":[{"href":"https:\/\/www.bellunopress.it\/fr\/wp-json\/wp\/v2\/media?parent=168302"}],"wp:term":[{"taxonomy":"category","embeddable":true,"href":"https:\/\/www.bellunopress.it\/fr\/wp-json\/wp\/v2\/categories?post=168302"},{"taxonomy":"post_tag","embeddable":true,"href":"https:\/\/www.bellunopress.it\/fr\/wp-json\/wp\/v2\/tags?post=168302"}],"curies":[{"name":"wp","href":"https:\/\/api.w.org\/{rel}","templated":true}]}}