{"id":168298,"date":"2026-03-18T16:26:32","date_gmt":"2026-03-18T15:26:32","guid":{"rendered":"https:\/\/www.bellunopress.it\/?p=168298"},"modified":"2026-03-18T16:26:32","modified_gmt":"2026-03-18T15:26:32","slug":"venerdi-a-belluno-serata-dedicata-ai-volontari-e-agli-atleti-delle-olimpiadi-e-paralimpiadi","status":"publish","type":"post","link":"https:\/\/www.bellunopress.it\/fr\/2026\/03\/18\/venerdi-a-belluno-serata-dedicata-ai-volontari-e-agli-atleti-delle-olimpiadi-e-paralimpiadi\/","title":{"rendered":"Venerd\u00ec a Belluno, serata dedicata ai volontari e agli atleti delle Olimpiadi e Paralimpiadi"},"content":{"rendered":"<p><strong>L\u2019appuntamento \u00e8 per venerd\u00ec 20 in piazza dei Martiri<\/strong><\/p>\n<p>Appuntamento al 20 marzo, quando Belluno si ritrover\u00e0 in Piazza dei Martiri per una serata speciale dedicata ai volontari, ai tedofori e agli atleti delle Olimpiadi e Paralimpiadi Milano Cortina 2026.<\/p>\n<p>Un momento pensato per riportare al centro la comunit\u00e0 e dire grazie a chi, lavorando dietro le quinte, ha contribuito a rendere possibile un evento internazionale di straordinaria portata e ai tanti sportivi che hanno dato il massimo in gara rappresentando con impegno e orgoglio l\u2019Italia. \u201c\u00c8 il riconoscimento a una comunit\u00e0 che ha saputo mettersi in gioco con generosit\u00e0, spirito di squadra e senso di appartenenza \u2013 dichiara il sindaco, Oscar De Pellegrin \u2013. I volontari sono stati il cuore pulsante dei Giochi: donne e uomini, giovani e adulti che hanno scelto di dedicare tempo ed energie per qualcosa di pi\u00f9 grande. E gli atleti italiani hanno saputo renderci orgogliosi con gare memorabili in cui hanno messo tutto loro stesso e il loro orgoglio di rappresentare il nostro Paese. Da atleta so cosa significa vivere lo sport come occasione di crescita, inclusione e riscatto, e credo che Belluno abbia saputo interpretare pienamente questi valori, dimostrando che lo sport pu\u00f2 davvero unire e abbattere ogni barriera. Questa serata \u00e8 anche l\u2019occasione per raccogliere e custodire tutto il bello spirito che si \u00e8 diffuso nel territorio in questi anni, perch\u00e9 non vada disperso ma continui a vivere nella nostra comunit\u00e0\u201d.<\/p>\n<p><strong>LA SERATA<\/strong><br \/>\nL\u2019iniziativa rappresenta dunque il momento conclusivo di un lungo percorso che l\u2019Amministrazione aveva avviato ben prima delle gare, fatto di eventi, coinvolgimento del territorio e partecipazione diffusa, culminato con il passaggio della Fiamma olimpica e paralimpica e con le competizioni a Cortina. Una chiusura simbolica, ma anche un\u2019occasione per ritrovarsi e condividere il valore di quanto costruito.<\/p>\n<p>Protagonisti della serata saranno in particolare gli atleti e, insieme a loro, i volontari e i tedofori coinvolti dalla Fondazione Milano Cortina, affiancati da rappresentanti delle Forze dell\u2019Ordine, delle Forze Armate, dei Vigili del Fuoco e della Protezione Civile. Attesa anche la presenza di allenatori, compatibilmente con gli impegni sportivi. A condurre la serata sar\u00e0 lo speaker Nicol\u00f2 Della Gasperina.<\/p>\n<p>Il programma prevede alle 17.50 il ritrovo di atleti, volontari e tedofori davanti al Teatro Buzzati, mentre alle 18 il pubblico \u00e8 atteso sotto il maxi schermo in zona Porta Dojona. Dal Teatro partir\u00e0 la sfilata accompagnata dalla Springo Band, fino a Piazza dei Martiri. Ad accogliere il gruppo, il coro dei bambini delle scuole primarie che interpreter\u00e0 gli inni olimpici e paralimpici. Seguiranno i saluti istituzionali e quelli di quattro rappresentanti dei volontari, oltre alla consegna dei gadget del Comune e a momenti di intrattenimento musicale che accompagneranno l\u2019intera serata. Hanno confermato la propria partecipazione diversi allenatori tra i quali Alessandro Mazzoleni Ferracini, Simone Bertazzo e Giorgio De Bettin, mentre gli atleti saranno ben rappresentati da Angela Menardi (curling in carrozzina), Matteo Ronzani (curling in carrozzina) e Luca Palla (sci alpino paralimpico)<\/p>\n<p>\u201cIn questi giorni stiamo raccogliendo feedback molto positivi: tanti volontari ci hanno scritto per esprimere la loro gratitudine e la volont\u00e0 di essere presenti alla serata del 20 marzo, anche arrivando da fuori provincia \u2013 le parole dell\u2019assessore allo sport, Monica Mazzoccoli -. \u00c8 un segnale che ci rende orgogliosi e che conferma quanto questo percorso sia stato condiviso e sentito. Sar\u00e0 la festa dello sport, il momento per restituire almeno in parte il valore dell&#8217;impegno messo dagli atleti con gare di altissimo livello e da centinaia di volontari\u201d.<\/p>\n<p>L\u2019invito a partecipare in un clima di festa \u00e8 rivolto a tutta la cittadinanza.<\/p>","protected":false},"excerpt":{"rendered":"<p>L\u2019appuntamento \u00e8 per venerd\u00ec 20 in piazza dei Martiri Appuntamento al 20 marzo, quando Belluno si ritrover\u00e0 in Piazza dei Martiri per una serata speciale dedicata ai volontari, ai tedofori e agli atleti delle Olimpiadi e Paralimpiadi Milano Cortina 2026. Un momento pensato per riportare al centro la comunit\u00e0 e dire grazie a chi, lavorando [&hellip;]<\/p>\n","protected":false},"author":2,"featured_media":141211,"comment_status":"closed","ping_status":"open","sticky":false,"template":"","format":"standard","meta":{"footnotes":""},"categories":[27,25],"tags":[],"class_list":["post-168298","post","type-post","status-publish","format-standard","has-post-thumbnail","category-appuntamenti","category-pausa-caffe"],"yoast_head":"<!-- This site is optimized with the Yoast SEO plugin v28.4 - https:\/\/yoast.com\/product\/yoast-seo-wordpress\/ -->\n<title>Venerd\u00ec a Belluno, serata dedicata ai volontari e agli atleti delle Olimpiadi e Paralimpiadi - Bellunopress - Dolomiti<\/title>\n<meta name=\"robots\" content=\"index, follow, max-snippet:-1, max-image-preview:large, max-video-preview:-1\" \/>\n<link rel=\"canonical\" href=\"https:\/\/www.bellunopress.it\/fr\/2026\/03\/18\/venerdi-a-belluno-serata-dedicata-ai-volontari-e-agli-atleti-delle-olimpiadi-e-paralimpiadi\/\" \/>\n<meta property=\"og:locale\" content=\"fr_FR\" \/>\n<meta property=\"og:type\" content=\"article\" \/>\n<meta property=\"og:title\" content=\"Venerd\u00ec a Belluno, serata dedicata ai volontari e agli atleti delle Olimpiadi e Paralimpiadi - Bellunopress - Dolomiti\" \/>\n<meta property=\"og:description\" content=\"L\u2019appuntamento \u00e8 per venerd\u00ec 20 in piazza dei Martiri Appuntamento al 20 marzo, quando Belluno si ritrover\u00e0 in Piazza dei Martiri per una serata speciale dedicata ai volontari, ai tedofori e agli atleti delle Olimpiadi e Paralimpiadi Milano Cortina 2026. Un momento pensato per riportare al centro la comunit\u00e0 e dire grazie a chi, lavorando [&hellip;]\" \/>\n<meta property=\"og:url\" content=\"https:\/\/www.bellunopress.it\/fr\/2026\/03\/18\/venerdi-a-belluno-serata-dedicata-ai-volontari-e-agli-atleti-delle-olimpiadi-e-paralimpiadi\/\" \/>\n<meta property=\"og:site_name\" content=\"Bellunopress - Dolomiti\" \/>\n<meta property=\"article:publisher\" content=\"https:\/\/www.facebook.com\/profile.php?id=100008943462799\" \/>\n<meta property=\"article:published_time\" content=\"2026-03-18T15:26:32+00:00\" \/>\n<meta property=\"og:image\" content=\"https:\/\/www.bellunopress.it\/wp-content\/uploads\/2023\/05\/fontana-giardini-piazza-martiri-2_edited.jpg\" \/>\n\t<meta property=\"og:image:width\" content=\"1000\" \/>\n\t<meta property=\"og:image:height\" content=\"750\" \/>\n\t<meta property=\"og:image:type\" content=\"image\/jpeg\" \/>\n<meta name=\"author\" content=\"redazione\" \/>\n<meta name=\"twitter:card\" content=\"summary_large_image\" \/>\n<meta name=\"twitter:creator\" content=\"@bellunopress\" \/>\n<meta name=\"twitter:site\" content=\"@bellunopress\" \/>\n<meta name=\"twitter:label1\" content=\"\u00c9crit par\" \/>\n\t<meta name=\"twitter:data1\" content=\"redazione\" \/>\n\t<meta name=\"twitter:label2\" content=\"Dur\u00e9e de lecture estim\u00e9e\" \/>\n\t<meta name=\"twitter:data2\" content=\"3 minutes\" \/>\n<script type=\"application\/ld+json\" class=\"yoast-schema-graph\">{\"@context\":\"https:\\\/\\\/schema.org\",\"@graph\":[{\"@type\":\"Article\",\"@id\":\"https:\\\/\\\/www.bellunopress.it\\\/2026\\\/03\\\/18\\\/venerdi-a-belluno-serata-dedicata-ai-volontari-e-agli-atleti-delle-olimpiadi-e-paralimpiadi\\\/#article\",\"isPartOf\":{\"@id\":\"https:\\\/\\\/www.bellunopress.it\\\/2026\\\/03\\\/18\\\/venerdi-a-belluno-serata-dedicata-ai-volontari-e-agli-atleti-delle-olimpiadi-e-paralimpiadi\\\/\"},\"author\":{\"name\":\"redazione\",\"@id\":\"https:\\\/\\\/www.bellunopress.it\\\/#\\\/schema\\\/person\\\/79bb06722b37ece1c03d3e94beb30d73\"},\"headline\":\"Venerd\u00ec a Belluno, serata dedicata ai volontari e agli atleti delle Olimpiadi e Paralimpiadi\",\"datePublished\":\"2026-03-18T15:26:32+00:00\",\"mainEntityOfPage\":{\"@id\":\"https:\\\/\\\/www.bellunopress.it\\\/2026\\\/03\\\/18\\\/venerdi-a-belluno-serata-dedicata-ai-volontari-e-agli-atleti-delle-olimpiadi-e-paralimpiadi\\\/\"},\"wordCount\":603,\"publisher\":{\"@id\":\"https:\\\/\\\/www.bellunopress.it\\\/#organization\"},\"image\":{\"@id\":\"https:\\\/\\\/www.bellunopress.it\\\/2026\\\/03\\\/18\\\/venerdi-a-belluno-serata-dedicata-ai-volontari-e-agli-atleti-delle-olimpiadi-e-paralimpiadi\\\/#primaryimage\"},\"thumbnailUrl\":\"https:\\\/\\\/www.bellunopress.it\\\/wp-content\\\/uploads\\\/2023\\\/05\\\/fontana-giardini-piazza-martiri-2_edited.jpg\",\"articleSection\":[\"Appuntamenti, Eventi\",\"Pausa Caff\u00e8\"],\"inLanguage\":\"fr-FR\"},{\"@type\":\"WebPage\",\"@id\":\"https:\\\/\\\/www.bellunopress.it\\\/2026\\\/03\\\/18\\\/venerdi-a-belluno-serata-dedicata-ai-volontari-e-agli-atleti-delle-olimpiadi-e-paralimpiadi\\\/\",\"url\":\"https:\\\/\\\/www.bellunopress.it\\\/2026\\\/03\\\/18\\\/venerdi-a-belluno-serata-dedicata-ai-volontari-e-agli-atleti-delle-olimpiadi-e-paralimpiadi\\\/\",\"name\":\"Venerd\u00ec a Belluno, serata dedicata ai volontari e agli atleti delle Olimpiadi e Paralimpiadi - Bellunopress - Dolomiti\",\"isPartOf\":{\"@id\":\"https:\\\/\\\/www.bellunopress.it\\\/#website\"},\"primaryImageOfPage\":{\"@id\":\"https:\\\/\\\/www.bellunopress.it\\\/2026\\\/03\\\/18\\\/venerdi-a-belluno-serata-dedicata-ai-volontari-e-agli-atleti-delle-olimpiadi-e-paralimpiadi\\\/#primaryimage\"},\"image\":{\"@id\":\"https:\\\/\\\/www.bellunopress.it\\\/2026\\\/03\\\/18\\\/venerdi-a-belluno-serata-dedicata-ai-volontari-e-agli-atleti-delle-olimpiadi-e-paralimpiadi\\\/#primaryimage\"},\"thumbnailUrl\":\"https:\\\/\\\/www.bellunopress.it\\\/wp-content\\\/uploads\\\/2023\\\/05\\\/fontana-giardini-piazza-martiri-2_edited.jpg\",\"datePublished\":\"2026-03-18T15:26:32+00:00\",\"breadcrumb\":{\"@id\":\"https:\\\/\\\/www.bellunopress.it\\\/2026\\\/03\\\/18\\\/venerdi-a-belluno-serata-dedicata-ai-volontari-e-agli-atleti-delle-olimpiadi-e-paralimpiadi\\\/#breadcrumb\"},\"inLanguage\":\"fr-FR\",\"potentialAction\":[{\"@type\":\"ReadAction\",\"target\":[\"https:\\\/\\\/www.bellunopress.it\\\/2026\\\/03\\\/18\\\/venerdi-a-belluno-serata-dedicata-ai-volontari-e-agli-atleti-delle-olimpiadi-e-paralimpiadi\\\/\"]}]},{\"@type\":\"ImageObject\",\"inLanguage\":\"fr-FR\",\"@id\":\"https:\\\/\\\/www.bellunopress.it\\\/2026\\\/03\\\/18\\\/venerdi-a-belluno-serata-dedicata-ai-volontari-e-agli-atleti-delle-olimpiadi-e-paralimpiadi\\\/#primaryimage\",\"url\":\"https:\\\/\\\/www.bellunopress.it\\\/wp-content\\\/uploads\\\/2023\\\/05\\\/fontana-giardini-piazza-martiri-2_edited.jpg\",\"contentUrl\":\"https:\\\/\\\/www.bellunopress.it\\\/wp-content\\\/uploads\\\/2023\\\/05\\\/fontana-giardini-piazza-martiri-2_edited.jpg\",\"width\":1000,\"height\":750},{\"@type\":\"BreadcrumbList\",\"@id\":\"https:\\\/\\\/www.bellunopress.it\\\/2026\\\/03\\\/18\\\/venerdi-a-belluno-serata-dedicata-ai-volontari-e-agli-atleti-delle-olimpiadi-e-paralimpiadi\\\/#breadcrumb\",\"itemListElement\":[{\"@type\":\"ListItem\",\"position\":1,\"name\":\"Home\",\"item\":\"https:\\\/\\\/www.bellunopress.it\\\/\"},{\"@type\":\"ListItem\",\"position\":2,\"name\":\"Venerd\u00ec a Belluno, serata dedicata ai volontari e agli atleti delle Olimpiadi e Paralimpiadi\"}]},{\"@type\":\"WebSite\",\"@id\":\"https:\\\/\\\/www.bellunopress.it\\\/#website\",\"url\":\"https:\\\/\\\/www.bellunopress.it\\\/\",\"name\":\"Bellunopress - Dolomiti\",\"description\":\"e-mail: redazione@bellunopress.it\",\"publisher\":{\"@id\":\"https:\\\/\\\/www.bellunopress.it\\\/#organization\"},\"potentialAction\":[{\"@type\":\"SearchAction\",\"target\":{\"@type\":\"EntryPoint\",\"urlTemplate\":\"https:\\\/\\\/www.bellunopress.it\\\/?s={search_term_string}\"},\"query-input\":{\"@type\":\"PropertyValueSpecification\",\"valueRequired\":true,\"valueName\":\"search_term_string\"}}],\"inLanguage\":\"fr-FR\"},{\"@type\":\"Organization\",\"@id\":\"https:\\\/\\\/www.bellunopress.it\\\/#organization\",\"name\":\"Bellunopress\",\"url\":\"https:\\\/\\\/www.bellunopress.it\\\/\",\"logo\":{\"@type\":\"ImageObject\",\"inLanguage\":\"fr-FR\",\"@id\":\"https:\\\/\\\/www.bellunopress.it\\\/#\\\/schema\\\/logo\\\/image\\\/\",\"url\":\"https:\\\/\\\/www.bellunopress.it\\\/wp-content\\\/uploads\\\/2011\\\/05\\\/cropped-logo-bellunopress-.jpg\",\"contentUrl\":\"https:\\\/\\\/www.bellunopress.it\\\/wp-content\\\/uploads\\\/2011\\\/05\\\/cropped-logo-bellunopress-.jpg\",\"width\":512,\"height\":512,\"caption\":\"Bellunopress\"},\"image\":{\"@id\":\"https:\\\/\\\/www.bellunopress.it\\\/#\\\/schema\\\/logo\\\/image\\\/\"},\"sameAs\":[\"https:\\\/\\\/www.facebook.com\\\/profile.php?id=100008943462799\",\"https:\\\/\\\/x.com\\\/bellunopress\",\"https:\\\/\\\/www.linkedin.com\\\/hp\\\/?dnr=JBzUWaJfMUw8vbXJJ2tVW5-I3jZKvC4wsoxE&amp;amp;amp;amp;amp;amp;trk=nav_responsive_tab_home\",\"https:\\\/\\\/www.youtube.com\\\/channel\\\/UCxL0wu1uN0_3_7hGG0306cw\"]},{\"@type\":\"Person\",\"@id\":\"https:\\\/\\\/www.bellunopress.it\\\/#\\\/schema\\\/person\\\/79bb06722b37ece1c03d3e94beb30d73\",\"name\":\"redazione\",\"image\":{\"@type\":\"ImageObject\",\"inLanguage\":\"fr-FR\",\"@id\":\"https:\\\/\\\/secure.gravatar.com\\\/avatar\\\/37d968a2e67a6fd04c169c4bdef102d0bc5d31b2546345219e348575eb80e9a0?s=96&d=mm&r=g\",\"url\":\"https:\\\/\\\/secure.gravatar.com\\\/avatar\\\/37d968a2e67a6fd04c169c4bdef102d0bc5d31b2546345219e348575eb80e9a0?s=96&d=mm&r=g\",\"contentUrl\":\"https:\\\/\\\/secure.gravatar.com\\\/avatar\\\/37d968a2e67a6fd04c169c4bdef102d0bc5d31b2546345219e348575eb80e9a0?s=96&d=mm&r=g\",\"caption\":\"redazione\"},\"sameAs\":[\"http:\\\/\\\/www.bellunopress.it\",\"https:\\\/\\\/x.com\\\/bellunopress\"],\"url\":\"https:\\\/\\\/www.bellunopress.it\\\/fr\\\/author\\\/redazione\\\/\"}]}<\/script>\n<!-- \/ Yoast SEO plugin. -->","yoast_head_json":{"title":"Venerd\u00ec a Belluno, serata dedicata ai volontari e agli atleti delle Olimpiadi e Paralimpiadi - Bellunopress - Dolomiti","robots":{"index":"index","follow":"follow","max-snippet":"max-snippet:-1","max-image-preview":"max-image-preview:large","max-video-preview":"max-video-preview:-1"},"canonical":"https:\/\/www.bellunopress.it\/fr\/2026\/03\/18\/venerdi-a-belluno-serata-dedicata-ai-volontari-e-agli-atleti-delle-olimpiadi-e-paralimpiadi\/","og_locale":"fr_FR","og_type":"article","og_title":"Venerd\u00ec a Belluno, serata dedicata ai volontari e agli atleti delle Olimpiadi e Paralimpiadi - Bellunopress - Dolomiti","og_description":"L\u2019appuntamento \u00e8 per venerd\u00ec 20 in piazza dei Martiri Appuntamento al 20 marzo, quando Belluno si ritrover\u00e0 in Piazza dei Martiri per una serata speciale dedicata ai volontari, ai tedofori e agli atleti delle Olimpiadi e Paralimpiadi Milano Cortina 2026. Un momento pensato per riportare al centro la comunit\u00e0 e dire grazie a chi, lavorando [&hellip;]","og_url":"https:\/\/www.bellunopress.it\/fr\/2026\/03\/18\/venerdi-a-belluno-serata-dedicata-ai-volontari-e-agli-atleti-delle-olimpiadi-e-paralimpiadi\/","og_site_name":"Bellunopress - Dolomiti","article_publisher":"https:\/\/www.facebook.com\/profile.php?id=100008943462799","article_published_time":"2026-03-18T15:26:32+00:00","og_image":[{"width":1000,"height":750,"url":"https:\/\/www.bellunopress.it\/wp-content\/uploads\/2023\/05\/fontana-giardini-piazza-martiri-2_edited.jpg","type":"image\/jpeg"}],"author":"redazione","twitter_card":"summary_large_image","twitter_creator":"@bellunopress","twitter_site":"@bellunopress","twitter_misc":{"\u00c9crit par":"redazione","Dur\u00e9e de lecture estim\u00e9e":"3 minutes"},"schema":{"@context":"https:\/\/schema.org","@graph":[{"@type":"Article","@id":"https:\/\/www.bellunopress.it\/2026\/03\/18\/venerdi-a-belluno-serata-dedicata-ai-volontari-e-agli-atleti-delle-olimpiadi-e-paralimpiadi\/#article","isPartOf":{"@id":"https:\/\/www.bellunopress.it\/2026\/03\/18\/venerdi-a-belluno-serata-dedicata-ai-volontari-e-agli-atleti-delle-olimpiadi-e-paralimpiadi\/"},"author":{"name":"redazione","@id":"https:\/\/www.bellunopress.it\/#\/schema\/person\/79bb06722b37ece1c03d3e94beb30d73"},"headline":"Venerd\u00ec a Belluno, serata dedicata ai volontari e agli atleti delle Olimpiadi e Paralimpiadi","datePublished":"2026-03-18T15:26:32+00:00","mainEntityOfPage":{"@id":"https:\/\/www.bellunopress.it\/2026\/03\/18\/venerdi-a-belluno-serata-dedicata-ai-volontari-e-agli-atleti-delle-olimpiadi-e-paralimpiadi\/"},"wordCount":603,"publisher":{"@id":"https:\/\/www.bellunopress.it\/#organization"},"image":{"@id":"https:\/\/www.bellunopress.it\/2026\/03\/18\/venerdi-a-belluno-serata-dedicata-ai-volontari-e-agli-atleti-delle-olimpiadi-e-paralimpiadi\/#primaryimage"},"thumbnailUrl":"https:\/\/www.bellunopress.it\/wp-content\/uploads\/2023\/05\/fontana-giardini-piazza-martiri-2_edited.jpg","articleSection":["Appuntamenti, Eventi","Pausa Caff\u00e8"],"inLanguage":"fr-FR"},{"@type":"WebPage","@id":"https:\/\/www.bellunopress.it\/2026\/03\/18\/venerdi-a-belluno-serata-dedicata-ai-volontari-e-agli-atleti-delle-olimpiadi-e-paralimpiadi\/","url":"https:\/\/www.bellunopress.it\/2026\/03\/18\/venerdi-a-belluno-serata-dedicata-ai-volontari-e-agli-atleti-delle-olimpiadi-e-paralimpiadi\/","name":"Venerd\u00ec a Belluno, serata dedicata ai volontari e agli atleti delle Olimpiadi e Paralimpiadi - Bellunopress - Dolomiti","isPartOf":{"@id":"https:\/\/www.bellunopress.it\/#website"},"primaryImageOfPage":{"@id":"https:\/\/www.bellunopress.it\/2026\/03\/18\/venerdi-a-belluno-serata-dedicata-ai-volontari-e-agli-atleti-delle-olimpiadi-e-paralimpiadi\/#primaryimage"},"image":{"@id":"https:\/\/www.bellunopress.it\/2026\/03\/18\/venerdi-a-belluno-serata-dedicata-ai-volontari-e-agli-atleti-delle-olimpiadi-e-paralimpiadi\/#primaryimage"},"thumbnailUrl":"https:\/\/www.bellunopress.it\/wp-content\/uploads\/2023\/05\/fontana-giardini-piazza-martiri-2_edited.jpg","datePublished":"2026-03-18T15:26:32+00:00","breadcrumb":{"@id":"https:\/\/www.bellunopress.it\/2026\/03\/18\/venerdi-a-belluno-serata-dedicata-ai-volontari-e-agli-atleti-delle-olimpiadi-e-paralimpiadi\/#breadcrumb"},"inLanguage":"fr-FR","potentialAction":[{"@type":"ReadAction","target":["https:\/\/www.bellunopress.it\/2026\/03\/18\/venerdi-a-belluno-serata-dedicata-ai-volontari-e-agli-atleti-delle-olimpiadi-e-paralimpiadi\/"]}]},{"@type":"ImageObject","inLanguage":"fr-FR","@id":"https:\/\/www.bellunopress.it\/2026\/03\/18\/venerdi-a-belluno-serata-dedicata-ai-volontari-e-agli-atleti-delle-olimpiadi-e-paralimpiadi\/#primaryimage","url":"https:\/\/www.bellunopress.it\/wp-content\/uploads\/2023\/05\/fontana-giardini-piazza-martiri-2_edited.jpg","contentUrl":"https:\/\/www.bellunopress.it\/wp-content\/uploads\/2023\/05\/fontana-giardini-piazza-martiri-2_edited.jpg","width":1000,"height":750},{"@type":"BreadcrumbList","@id":"https:\/\/www.bellunopress.it\/2026\/03\/18\/venerdi-a-belluno-serata-dedicata-ai-volontari-e-agli-atleti-delle-olimpiadi-e-paralimpiadi\/#breadcrumb","itemListElement":[{"@type":"ListItem","position":1,"name":"Home","item":"https:\/\/www.bellunopress.it\/"},{"@type":"ListItem","position":2,"name":"Venerd\u00ec a Belluno, serata dedicata ai volontari e agli atleti delle Olimpiadi e Paralimpiadi"}]},{"@type":"WebSite","@id":"https:\/\/www.bellunopress.it\/#website","url":"https:\/\/www.bellunopress.it\/","name":"Bellunopress - Dolomiti","description":"e-mail: redazione@bellunopress.it","publisher":{"@id":"https:\/\/www.bellunopress.it\/#organization"},"potentialAction":[{"@type":"SearchAction","target":{"@type":"EntryPoint","urlTemplate":"https:\/\/www.bellunopress.it\/?s={search_term_string}"},"query-input":{"@type":"PropertyValueSpecification","valueRequired":true,"valueName":"search_term_string"}}],"inLanguage":"fr-FR"},{"@type":"Organization","@id":"https:\/\/www.bellunopress.it\/#organization","name":"Bellunopress","url":"https:\/\/www.bellunopress.it\/","logo":{"@type":"ImageObject","inLanguage":"fr-FR","@id":"https:\/\/www.bellunopress.it\/#\/schema\/logo\/image\/","url":"https:\/\/www.bellunopress.it\/wp-content\/uploads\/2011\/05\/cropped-logo-bellunopress-.jpg","contentUrl":"https:\/\/www.bellunopress.it\/wp-content\/uploads\/2011\/05\/cropped-logo-bellunopress-.jpg","width":512,"height":512,"caption":"Bellunopress"},"image":{"@id":"https:\/\/www.bellunopress.it\/#\/schema\/logo\/image\/"},"sameAs":["https:\/\/www.facebook.com\/profile.php?id=100008943462799","https:\/\/x.com\/bellunopress","https:\/\/www.linkedin.com\/hp\/?dnr=JBzUWaJfMUw8vbXJJ2tVW5-I3jZKvC4wsoxE&amp;amp;amp;amp;amp;amp;trk=nav_responsive_tab_home","https:\/\/www.youtube.com\/channel\/UCxL0wu1uN0_3_7hGG0306cw"]},{"@type":"Person","@id":"https:\/\/www.bellunopress.it\/#\/schema\/person\/79bb06722b37ece1c03d3e94beb30d73","name":"r\u00e9daction","image":{"@type":"ImageObject","inLanguage":"fr-FR","@id":"https:\/\/secure.gravatar.com\/avatar\/37d968a2e67a6fd04c169c4bdef102d0bc5d31b2546345219e348575eb80e9a0?s=96&d=mm&r=g","url":"https:\/\/secure.gravatar.com\/avatar\/37d968a2e67a6fd04c169c4bdef102d0bc5d31b2546345219e348575eb80e9a0?s=96&d=mm&r=g","contentUrl":"https:\/\/secure.gravatar.com\/avatar\/37d968a2e67a6fd04c169c4bdef102d0bc5d31b2546345219e348575eb80e9a0?s=96&d=mm&r=g","caption":"redazione"},"sameAs":["http:\/\/www.bellunopress.it","https:\/\/x.com\/bellunopress"],"url":"https:\/\/www.bellunopress.it\/fr\/author\/redazione\/"}]}},"_links":{"self":[{"href":"https:\/\/www.bellunopress.it\/fr\/wp-json\/wp\/v2\/posts\/168298","targetHints":{"allow":["GET"]}}],"collection":[{"href":"https:\/\/www.bellunopress.it\/fr\/wp-json\/wp\/v2\/posts"}],"about":[{"href":"https:\/\/www.bellunopress.it\/fr\/wp-json\/wp\/v2\/types\/post"}],"author":[{"embeddable":true,"href":"https:\/\/www.bellunopress.it\/fr\/wp-json\/wp\/v2\/users\/2"}],"replies":[{"embeddable":true,"href":"https:\/\/www.bellunopress.it\/fr\/wp-json\/wp\/v2\/comments?post=168298"}],"version-history":[{"count":1,"href":"https:\/\/www.bellunopress.it\/fr\/wp-json\/wp\/v2\/posts\/168298\/revisions"}],"predecessor-version":[{"id":168299,"href":"https:\/\/www.bellunopress.it\/fr\/wp-json\/wp\/v2\/posts\/168298\/revisions\/168299"}],"wp:featuredmedia":[{"embeddable":true,"href":"https:\/\/www.bellunopress.it\/fr\/wp-json\/wp\/v2\/media\/141211"}],"wp:attachment":[{"href":"https:\/\/www.bellunopress.it\/fr\/wp-json\/wp\/v2\/media?parent=168298"}],"wp:term":[{"taxonomy":"category","embeddable":true,"href":"https:\/\/www.bellunopress.it\/fr\/wp-json\/wp\/v2\/categories?post=168298"},{"taxonomy":"post_tag","embeddable":true,"href":"https:\/\/www.bellunopress.it\/fr\/wp-json\/wp\/v2\/tags?post=168298"}],"curies":[{"name":"wp","href":"https:\/\/api.w.org\/{rel}","templated":true}]}}