{"id":168296,"date":"2026-03-18T15:08:23","date_gmt":"2026-03-18T14:08:23","guid":{"rendered":"https:\/\/www.bellunopress.it\/?p=168296"},"modified":"2026-03-18T15:08:23","modified_gmt":"2026-03-18T14:08:23","slug":"inquinamento-vanoi-bortoluzzi-nessun-silenzio-ma-azione-a-tutela-del-territorio-la-protezione-dellacqua-non-si-ferma-ai-confini-provinciali","status":"publish","type":"post","link":"https:\/\/www.bellunopress.it\/fr\/2026\/03\/18\/inquinamento-vanoi-bortoluzzi-nessun-silenzio-ma-azione-a-tutela-del-territorio-la-protezione-dellacqua-non-si-ferma-ai-confini-provinciali\/","title":{"rendered":"Inquinamento Vanoi, Bortoluzzi: \u201cNessun silenzio, ma azione a tutela del territorio. La protezione dell\u2019acqua non si ferma ai confini provinciali\u201d"},"content":{"rendered":"<p>Belluno, 18 marzo 2026 \u2013 \u201cNon c\u2019\u00e8 alcun silenzio da parte della Provincia di Belluno, ma un\u2019attenzione altissima che oggi si traduce in un atto formale e concreto.\u201d Esordisce cos\u00ec Massimo Bortoluzzi, Consigliere delegato al Demanio Idrico per la Provincia di Belluno, annunciando l\u2019invio di una lettera ufficiale ai vertici della Provincia Autonoma di Trento e, per conoscenza, alla Regione Veneto.<\/p>\n<p>Al centro della questione c\u2019\u00e8 la discarica di \u201cPonte Ronco\u201d, nel Comune di Canal San Bovo (TN), dove sono stoccati materiali provenienti dalla bonifica dell\u2019ex scalo Filzi: sostanze pericolose come metalli pesanti, derivati del piombo e Idrocarburi Policiclici Aromatici (IPA).<br \/>\nIl rischio: un effetto domino fino alla pianura<\/p>\n<p>\u201cLe immagini della discarica a ridosso dell\u2019alveo del torrente Vanoi parlano da sole,\u201d spiega Bortoluzzi. \u201cIl rischio chimico non \u00e8 un affare privato di un singolo territorio: l\u2019acqua segue il suo corso e il Vanoi confluisce nel Cismon e poi nel Brenta. Un eventuale sversamento colpirebbe prima la montagna bellunese per poi arrivare direttamente ai bacini irrigui della pianura veneta, compromettendo la sicurezza ambientale e agroalimentare di un\u2019intera regione.\u201d<\/p>\n<p><strong>Le richieste a Trento: trasparenza e sicurezza<\/strong><\/p>\n<p>Nella missiva inviata ieri, la Provincia di Belluno pone tre condizioni non negoziabili alla Provincia Autonoma di Trento:<\/p>\n<p>Chiarimenti tecnici sulle modalit\u00e0 di isolamento e impermeabilizzazione della discarica.<\/p>\n<p>Accesso ai dati dei monitoraggi effettuati finora sulla qualit\u00e0 di acqua e suolo.<\/p>\n<p>Protocolli di sicurezza per la gestione di eventi meteorologici estremi, che potrebbero destabilizzare il sito.<\/p>\n<p><strong>Verso un \u201cPunto Bianco\u201d con ARPAV<\/strong><\/p>\n<p>Per non farsi trovare impreparata, l\u2019Amministrazione Bellunese sta gi\u00e0 muovendo i primi passi tecnici. \u201cHo avviato le interlocuzioni con ARPAV,\u201d annuncia il Consigliere, \u201cper valutare l&#8217;attivazione di stazioni di campionamento in territorio bellunese. \u00c8 fondamentale stabilire oggi un \u2018punto bianco\u2019, ovvero un riferimento certo dell\u2019attuale stato delle acque, per poter monitorare e contestare legalmente qualsiasi variazione futura.\u201d<br \/>\nImpegno oltre i confini<\/p>\n<p>\u201cAnche se la discarica \u00e8 in territorio trentino e fuori dalla nostra giurisdizione diretta, le conseguenze di una gestione errata ricadrebbero interamente sul Veneto e sui bellunesi,\u201d conclude Bortoluzzi. \u201cChi riveste una carica istituzionale ha il dovere morale di agire oltre i confini amministrativi. La salute dei nostri cittadini e la protezione dei nostri corpi idrici sono priorit\u00e0 assolute: non resteremo a guardare.\u201d<\/p>","protected":false},"excerpt":{"rendered":"<p>Belluno, 18 marzo 2026 \u2013 \u201cNon c\u2019\u00e8 alcun silenzio da parte della Provincia di Belluno, ma un\u2019attenzione altissima che oggi si traduce in un atto formale e concreto.\u201d Esordisce cos\u00ec Massimo Bortoluzzi, Consigliere delegato al Demanio Idrico per la Provincia di Belluno, annunciando l\u2019invio di una lettera ufficiale ai vertici della Provincia Autonoma di Trento [&hellip;]<\/p>\n","protected":false},"author":2,"featured_media":152663,"comment_status":"closed","ping_status":"open","sticky":false,"template":"","format":"standard","meta":{"footnotes":""},"categories":[5,38,26],"tags":[],"class_list":["post-168296","post","type-post","status-publish","format-standard","has-post-thumbnail","category-cronaca","category-natura-ambiente","category-prima-pagina"],"yoast_head":"<!-- This site is optimized with the Yoast SEO plugin v28.4 - https:\/\/yoast.com\/product\/yoast-seo-wordpress\/ -->\n<title>Inquinamento Vanoi, Bortoluzzi: \u201cNessun silenzio, ma azione a tutela del territorio. La protezione dell\u2019acqua non si ferma ai confini provinciali\u201d - Bellunopress - Dolomiti<\/title>\n<meta name=\"robots\" content=\"index, follow, max-snippet:-1, max-image-preview:large, max-video-preview:-1\" \/>\n<link rel=\"canonical\" href=\"https:\/\/www.bellunopress.it\/fr\/2026\/03\/18\/inquinamento-vanoi-bortoluzzi-nessun-silenzio-ma-azione-a-tutela-del-territorio-la-protezione-dellacqua-non-si-ferma-ai-confini-provinciali\/\" \/>\n<meta property=\"og:locale\" content=\"fr_FR\" \/>\n<meta property=\"og:type\" content=\"article\" \/>\n<meta property=\"og:title\" content=\"Inquinamento Vanoi, Bortoluzzi: \u201cNessun silenzio, ma azione a tutela del territorio. La protezione dell\u2019acqua non si ferma ai confini provinciali\u201d - Bellunopress - Dolomiti\" \/>\n<meta property=\"og:description\" content=\"Belluno, 18 marzo 2026 \u2013 \u201cNon c\u2019\u00e8 alcun silenzio da parte della Provincia di Belluno, ma un\u2019attenzione altissima che oggi si traduce in un atto formale e concreto.\u201d Esordisce cos\u00ec Massimo Bortoluzzi, Consigliere delegato al Demanio Idrico per la Provincia di Belluno, annunciando l\u2019invio di una lettera ufficiale ai vertici della Provincia Autonoma di Trento [&hellip;]\" \/>\n<meta property=\"og:url\" content=\"https:\/\/www.bellunopress.it\/fr\/2026\/03\/18\/inquinamento-vanoi-bortoluzzi-nessun-silenzio-ma-azione-a-tutela-del-territorio-la-protezione-dellacqua-non-si-ferma-ai-confini-provinciali\/\" \/>\n<meta property=\"og:site_name\" content=\"Bellunopress - Dolomiti\" \/>\n<meta property=\"article:publisher\" content=\"https:\/\/www.facebook.com\/profile.php?id=100008943462799\" \/>\n<meta property=\"article:published_time\" content=\"2026-03-18T14:08:23+00:00\" \/>\n<meta property=\"og:image\" content=\"https:\/\/www.bellunopress.it\/wp-content\/uploads\/2024\/07\/Massimo-Bortoluzzi-consigloiere-provinciale.jpg\" \/>\n\t<meta property=\"og:image:width\" content=\"643\" \/>\n\t<meta property=\"og:image:height\" content=\"491\" \/>\n\t<meta property=\"og:image:type\" content=\"image\/jpeg\" \/>\n<meta name=\"author\" content=\"redazione\" \/>\n<meta name=\"twitter:card\" content=\"summary_large_image\" \/>\n<meta name=\"twitter:creator\" content=\"@bellunopress\" \/>\n<meta name=\"twitter:site\" content=\"@bellunopress\" \/>\n<meta name=\"twitter:label1\" content=\"\u00c9crit par\" \/>\n\t<meta name=\"twitter:data1\" content=\"redazione\" \/>\n\t<meta name=\"twitter:label2\" content=\"Dur\u00e9e de lecture estim\u00e9e\" \/>\n\t<meta name=\"twitter:data2\" content=\"2 minutes\" \/>\n<script type=\"application\/ld+json\" class=\"yoast-schema-graph\">{\"@context\":\"https:\\\/\\\/schema.org\",\"@graph\":[{\"@type\":\"Article\",\"@id\":\"https:\\\/\\\/www.bellunopress.it\\\/2026\\\/03\\\/18\\\/inquinamento-vanoi-bortoluzzi-nessun-silenzio-ma-azione-a-tutela-del-territorio-la-protezione-dellacqua-non-si-ferma-ai-confini-provinciali\\\/#article\",\"isPartOf\":{\"@id\":\"https:\\\/\\\/www.bellunopress.it\\\/2026\\\/03\\\/18\\\/inquinamento-vanoi-bortoluzzi-nessun-silenzio-ma-azione-a-tutela-del-territorio-la-protezione-dellacqua-non-si-ferma-ai-confini-provinciali\\\/\"},\"author\":{\"name\":\"redazione\",\"@id\":\"https:\\\/\\\/www.bellunopress.it\\\/#\\\/schema\\\/person\\\/79bb06722b37ece1c03d3e94beb30d73\"},\"headline\":\"Inquinamento Vanoi, Bortoluzzi: \u201cNessun silenzio, ma azione a tutela del territorio. La protezione dell\u2019acqua non si ferma ai confini provinciali\u201d\",\"datePublished\":\"2026-03-18T14:08:23+00:00\",\"mainEntityOfPage\":{\"@id\":\"https:\\\/\\\/www.bellunopress.it\\\/2026\\\/03\\\/18\\\/inquinamento-vanoi-bortoluzzi-nessun-silenzio-ma-azione-a-tutela-del-territorio-la-protezione-dellacqua-non-si-ferma-ai-confini-provinciali\\\/\"},\"wordCount\":395,\"publisher\":{\"@id\":\"https:\\\/\\\/www.bellunopress.it\\\/#organization\"},\"image\":{\"@id\":\"https:\\\/\\\/www.bellunopress.it\\\/2026\\\/03\\\/18\\\/inquinamento-vanoi-bortoluzzi-nessun-silenzio-ma-azione-a-tutela-del-territorio-la-protezione-dellacqua-non-si-ferma-ai-confini-provinciali\\\/#primaryimage\"},\"thumbnailUrl\":\"https:\\\/\\\/www.bellunopress.it\\\/wp-content\\\/uploads\\\/2024\\\/07\\\/Massimo-Bortoluzzi-consigloiere-provinciale.jpg\",\"articleSection\":[\"Cronaca\\\/Politica\",\"Meteo, natura, ambiente, animali\",\"Prima Pagina\"],\"inLanguage\":\"fr-FR\"},{\"@type\":\"WebPage\",\"@id\":\"https:\\\/\\\/www.bellunopress.it\\\/2026\\\/03\\\/18\\\/inquinamento-vanoi-bortoluzzi-nessun-silenzio-ma-azione-a-tutela-del-territorio-la-protezione-dellacqua-non-si-ferma-ai-confini-provinciali\\\/\",\"url\":\"https:\\\/\\\/www.bellunopress.it\\\/2026\\\/03\\\/18\\\/inquinamento-vanoi-bortoluzzi-nessun-silenzio-ma-azione-a-tutela-del-territorio-la-protezione-dellacqua-non-si-ferma-ai-confini-provinciali\\\/\",\"name\":\"Inquinamento Vanoi, Bortoluzzi: \u201cNessun silenzio, ma azione a tutela del territorio. La protezione dell\u2019acqua non si ferma ai confini provinciali\u201d - Bellunopress - Dolomiti\",\"isPartOf\":{\"@id\":\"https:\\\/\\\/www.bellunopress.it\\\/#website\"},\"primaryImageOfPage\":{\"@id\":\"https:\\\/\\\/www.bellunopress.it\\\/2026\\\/03\\\/18\\\/inquinamento-vanoi-bortoluzzi-nessun-silenzio-ma-azione-a-tutela-del-territorio-la-protezione-dellacqua-non-si-ferma-ai-confini-provinciali\\\/#primaryimage\"},\"image\":{\"@id\":\"https:\\\/\\\/www.bellunopress.it\\\/2026\\\/03\\\/18\\\/inquinamento-vanoi-bortoluzzi-nessun-silenzio-ma-azione-a-tutela-del-territorio-la-protezione-dellacqua-non-si-ferma-ai-confini-provinciali\\\/#primaryimage\"},\"thumbnailUrl\":\"https:\\\/\\\/www.bellunopress.it\\\/wp-content\\\/uploads\\\/2024\\\/07\\\/Massimo-Bortoluzzi-consigloiere-provinciale.jpg\",\"datePublished\":\"2026-03-18T14:08:23+00:00\",\"breadcrumb\":{\"@id\":\"https:\\\/\\\/www.bellunopress.it\\\/2026\\\/03\\\/18\\\/inquinamento-vanoi-bortoluzzi-nessun-silenzio-ma-azione-a-tutela-del-territorio-la-protezione-dellacqua-non-si-ferma-ai-confini-provinciali\\\/#breadcrumb\"},\"inLanguage\":\"fr-FR\",\"potentialAction\":[{\"@type\":\"ReadAction\",\"target\":[\"https:\\\/\\\/www.bellunopress.it\\\/2026\\\/03\\\/18\\\/inquinamento-vanoi-bortoluzzi-nessun-silenzio-ma-azione-a-tutela-del-territorio-la-protezione-dellacqua-non-si-ferma-ai-confini-provinciali\\\/\"]}]},{\"@type\":\"ImageObject\",\"inLanguage\":\"fr-FR\",\"@id\":\"https:\\\/\\\/www.bellunopress.it\\\/2026\\\/03\\\/18\\\/inquinamento-vanoi-bortoluzzi-nessun-silenzio-ma-azione-a-tutela-del-territorio-la-protezione-dellacqua-non-si-ferma-ai-confini-provinciali\\\/#primaryimage\",\"url\":\"https:\\\/\\\/www.bellunopress.it\\\/wp-content\\\/uploads\\\/2024\\\/07\\\/Massimo-Bortoluzzi-consigloiere-provinciale.jpg\",\"contentUrl\":\"https:\\\/\\\/www.bellunopress.it\\\/wp-content\\\/uploads\\\/2024\\\/07\\\/Massimo-Bortoluzzi-consigloiere-provinciale.jpg\",\"width\":643,\"height\":491,\"caption\":\"Massimo Bortoluzzi, gi\u00e0 consigliere provinciale delegato al Demanio idrico e Trasporti, Protezione civile e Difesa del suolo\"},{\"@type\":\"BreadcrumbList\",\"@id\":\"https:\\\/\\\/www.bellunopress.it\\\/2026\\\/03\\\/18\\\/inquinamento-vanoi-bortoluzzi-nessun-silenzio-ma-azione-a-tutela-del-territorio-la-protezione-dellacqua-non-si-ferma-ai-confini-provinciali\\\/#breadcrumb\",\"itemListElement\":[{\"@type\":\"ListItem\",\"position\":1,\"name\":\"Home\",\"item\":\"https:\\\/\\\/www.bellunopress.it\\\/\"},{\"@type\":\"ListItem\",\"position\":2,\"name\":\"Inquinamento Vanoi, Bortoluzzi: \u201cNessun silenzio, ma azione a tutela del territorio. La protezione dell\u2019acqua non si ferma ai confini provinciali\u201d\"}]},{\"@type\":\"WebSite\",\"@id\":\"https:\\\/\\\/www.bellunopress.it\\\/#website\",\"url\":\"https:\\\/\\\/www.bellunopress.it\\\/\",\"name\":\"Bellunopress - Dolomiti\",\"description\":\"e-mail: redazione@bellunopress.it\",\"publisher\":{\"@id\":\"https:\\\/\\\/www.bellunopress.it\\\/#organization\"},\"potentialAction\":[{\"@type\":\"SearchAction\",\"target\":{\"@type\":\"EntryPoint\",\"urlTemplate\":\"https:\\\/\\\/www.bellunopress.it\\\/?s={search_term_string}\"},\"query-input\":{\"@type\":\"PropertyValueSpecification\",\"valueRequired\":true,\"valueName\":\"search_term_string\"}}],\"inLanguage\":\"fr-FR\"},{\"@type\":\"Organization\",\"@id\":\"https:\\\/\\\/www.bellunopress.it\\\/#organization\",\"name\":\"Bellunopress\",\"url\":\"https:\\\/\\\/www.bellunopress.it\\\/\",\"logo\":{\"@type\":\"ImageObject\",\"inLanguage\":\"fr-FR\",\"@id\":\"https:\\\/\\\/www.bellunopress.it\\\/#\\\/schema\\\/logo\\\/image\\\/\",\"url\":\"https:\\\/\\\/www.bellunopress.it\\\/wp-content\\\/uploads\\\/2011\\\/05\\\/cropped-logo-bellunopress-.jpg\",\"contentUrl\":\"https:\\\/\\\/www.bellunopress.it\\\/wp-content\\\/uploads\\\/2011\\\/05\\\/cropped-logo-bellunopress-.jpg\",\"width\":512,\"height\":512,\"caption\":\"Bellunopress\"},\"image\":{\"@id\":\"https:\\\/\\\/www.bellunopress.it\\\/#\\\/schema\\\/logo\\\/image\\\/\"},\"sameAs\":[\"https:\\\/\\\/www.facebook.com\\\/profile.php?id=100008943462799\",\"https:\\\/\\\/x.com\\\/bellunopress\",\"https:\\\/\\\/www.linkedin.com\\\/hp\\\/?dnr=JBzUWaJfMUw8vbXJJ2tVW5-I3jZKvC4wsoxE&amp;amp;amp;amp;amp;amp;trk=nav_responsive_tab_home\",\"https:\\\/\\\/www.youtube.com\\\/channel\\\/UCxL0wu1uN0_3_7hGG0306cw\"]},{\"@type\":\"Person\",\"@id\":\"https:\\\/\\\/www.bellunopress.it\\\/#\\\/schema\\\/person\\\/79bb06722b37ece1c03d3e94beb30d73\",\"name\":\"redazione\",\"image\":{\"@type\":\"ImageObject\",\"inLanguage\":\"fr-FR\",\"@id\":\"https:\\\/\\\/secure.gravatar.com\\\/avatar\\\/37d968a2e67a6fd04c169c4bdef102d0bc5d31b2546345219e348575eb80e9a0?s=96&d=mm&r=g\",\"url\":\"https:\\\/\\\/secure.gravatar.com\\\/avatar\\\/37d968a2e67a6fd04c169c4bdef102d0bc5d31b2546345219e348575eb80e9a0?s=96&d=mm&r=g\",\"contentUrl\":\"https:\\\/\\\/secure.gravatar.com\\\/avatar\\\/37d968a2e67a6fd04c169c4bdef102d0bc5d31b2546345219e348575eb80e9a0?s=96&d=mm&r=g\",\"caption\":\"redazione\"},\"sameAs\":[\"http:\\\/\\\/www.bellunopress.it\",\"https:\\\/\\\/x.com\\\/bellunopress\"],\"url\":\"https:\\\/\\\/www.bellunopress.it\\\/fr\\\/author\\\/redazione\\\/\"}]}<\/script>\n<!-- \/ Yoast SEO plugin. -->","yoast_head_json":{"title":"Inquinamento Vanoi, Bortoluzzi: \u201cNessun silenzio, ma azione a tutela del territorio. La protezione dell\u2019acqua non si ferma ai confini provinciali\u201d - Bellunopress - Dolomiti","robots":{"index":"index","follow":"follow","max-snippet":"max-snippet:-1","max-image-preview":"max-image-preview:large","max-video-preview":"max-video-preview:-1"},"canonical":"https:\/\/www.bellunopress.it\/fr\/2026\/03\/18\/inquinamento-vanoi-bortoluzzi-nessun-silenzio-ma-azione-a-tutela-del-territorio-la-protezione-dellacqua-non-si-ferma-ai-confini-provinciali\/","og_locale":"fr_FR","og_type":"article","og_title":"Inquinamento Vanoi, Bortoluzzi: \u201cNessun silenzio, ma azione a tutela del territorio. La protezione dell\u2019acqua non si ferma ai confini provinciali\u201d - Bellunopress - Dolomiti","og_description":"Belluno, 18 marzo 2026 \u2013 \u201cNon c\u2019\u00e8 alcun silenzio da parte della Provincia di Belluno, ma un\u2019attenzione altissima che oggi si traduce in un atto formale e concreto.\u201d Esordisce cos\u00ec Massimo Bortoluzzi, Consigliere delegato al Demanio Idrico per la Provincia di Belluno, annunciando l\u2019invio di una lettera ufficiale ai vertici della Provincia Autonoma di Trento [&hellip;]","og_url":"https:\/\/www.bellunopress.it\/fr\/2026\/03\/18\/inquinamento-vanoi-bortoluzzi-nessun-silenzio-ma-azione-a-tutela-del-territorio-la-protezione-dellacqua-non-si-ferma-ai-confini-provinciali\/","og_site_name":"Bellunopress - Dolomiti","article_publisher":"https:\/\/www.facebook.com\/profile.php?id=100008943462799","article_published_time":"2026-03-18T14:08:23+00:00","og_image":[{"width":643,"height":491,"url":"https:\/\/www.bellunopress.it\/wp-content\/uploads\/2024\/07\/Massimo-Bortoluzzi-consigloiere-provinciale.jpg","type":"image\/jpeg"}],"author":"redazione","twitter_card":"summary_large_image","twitter_creator":"@bellunopress","twitter_site":"@bellunopress","twitter_misc":{"\u00c9crit par":"redazione","Dur\u00e9e de lecture estim\u00e9e":"2 minutes"},"schema":{"@context":"https:\/\/schema.org","@graph":[{"@type":"Article","@id":"https:\/\/www.bellunopress.it\/2026\/03\/18\/inquinamento-vanoi-bortoluzzi-nessun-silenzio-ma-azione-a-tutela-del-territorio-la-protezione-dellacqua-non-si-ferma-ai-confini-provinciali\/#article","isPartOf":{"@id":"https:\/\/www.bellunopress.it\/2026\/03\/18\/inquinamento-vanoi-bortoluzzi-nessun-silenzio-ma-azione-a-tutela-del-territorio-la-protezione-dellacqua-non-si-ferma-ai-confini-provinciali\/"},"author":{"name":"redazione","@id":"https:\/\/www.bellunopress.it\/#\/schema\/person\/79bb06722b37ece1c03d3e94beb30d73"},"headline":"Inquinamento Vanoi, Bortoluzzi: \u201cNessun silenzio, ma azione a tutela del territorio. La protezione dell\u2019acqua non si ferma ai confini provinciali\u201d","datePublished":"2026-03-18T14:08:23+00:00","mainEntityOfPage":{"@id":"https:\/\/www.bellunopress.it\/2026\/03\/18\/inquinamento-vanoi-bortoluzzi-nessun-silenzio-ma-azione-a-tutela-del-territorio-la-protezione-dellacqua-non-si-ferma-ai-confini-provinciali\/"},"wordCount":395,"publisher":{"@id":"https:\/\/www.bellunopress.it\/#organization"},"image":{"@id":"https:\/\/www.bellunopress.it\/2026\/03\/18\/inquinamento-vanoi-bortoluzzi-nessun-silenzio-ma-azione-a-tutela-del-territorio-la-protezione-dellacqua-non-si-ferma-ai-confini-provinciali\/#primaryimage"},"thumbnailUrl":"https:\/\/www.bellunopress.it\/wp-content\/uploads\/2024\/07\/Massimo-Bortoluzzi-consigloiere-provinciale.jpg","articleSection":["Cronaca\/Politica","Meteo, natura, ambiente, animali","Prima Pagina"],"inLanguage":"fr-FR"},{"@type":"WebPage","@id":"https:\/\/www.bellunopress.it\/2026\/03\/18\/inquinamento-vanoi-bortoluzzi-nessun-silenzio-ma-azione-a-tutela-del-territorio-la-protezione-dellacqua-non-si-ferma-ai-confini-provinciali\/","url":"https:\/\/www.bellunopress.it\/2026\/03\/18\/inquinamento-vanoi-bortoluzzi-nessun-silenzio-ma-azione-a-tutela-del-territorio-la-protezione-dellacqua-non-si-ferma-ai-confini-provinciali\/","name":"Inquinamento Vanoi, Bortoluzzi: \u201cNessun silenzio, ma azione a tutela del territorio. La protezione dell\u2019acqua non si ferma ai confini provinciali\u201d - Bellunopress - Dolomiti","isPartOf":{"@id":"https:\/\/www.bellunopress.it\/#website"},"primaryImageOfPage":{"@id":"https:\/\/www.bellunopress.it\/2026\/03\/18\/inquinamento-vanoi-bortoluzzi-nessun-silenzio-ma-azione-a-tutela-del-territorio-la-protezione-dellacqua-non-si-ferma-ai-confini-provinciali\/#primaryimage"},"image":{"@id":"https:\/\/www.bellunopress.it\/2026\/03\/18\/inquinamento-vanoi-bortoluzzi-nessun-silenzio-ma-azione-a-tutela-del-territorio-la-protezione-dellacqua-non-si-ferma-ai-confini-provinciali\/#primaryimage"},"thumbnailUrl":"https:\/\/www.bellunopress.it\/wp-content\/uploads\/2024\/07\/Massimo-Bortoluzzi-consigloiere-provinciale.jpg","datePublished":"2026-03-18T14:08:23+00:00","breadcrumb":{"@id":"https:\/\/www.bellunopress.it\/2026\/03\/18\/inquinamento-vanoi-bortoluzzi-nessun-silenzio-ma-azione-a-tutela-del-territorio-la-protezione-dellacqua-non-si-ferma-ai-confini-provinciali\/#breadcrumb"},"inLanguage":"fr-FR","potentialAction":[{"@type":"ReadAction","target":["https:\/\/www.bellunopress.it\/2026\/03\/18\/inquinamento-vanoi-bortoluzzi-nessun-silenzio-ma-azione-a-tutela-del-territorio-la-protezione-dellacqua-non-si-ferma-ai-confini-provinciali\/"]}]},{"@type":"ImageObject","inLanguage":"fr-FR","@id":"https:\/\/www.bellunopress.it\/2026\/03\/18\/inquinamento-vanoi-bortoluzzi-nessun-silenzio-ma-azione-a-tutela-del-territorio-la-protezione-dellacqua-non-si-ferma-ai-confini-provinciali\/#primaryimage","url":"https:\/\/www.bellunopress.it\/wp-content\/uploads\/2024\/07\/Massimo-Bortoluzzi-consigloiere-provinciale.jpg","contentUrl":"https:\/\/www.bellunopress.it\/wp-content\/uploads\/2024\/07\/Massimo-Bortoluzzi-consigloiere-provinciale.jpg","width":643,"height":491,"caption":"Massimo Bortoluzzi, gi\u00e0 consigliere provinciale delegato al Demanio idrico e Trasporti, Protezione civile e Difesa del suolo"},{"@type":"BreadcrumbList","@id":"https:\/\/www.bellunopress.it\/2026\/03\/18\/inquinamento-vanoi-bortoluzzi-nessun-silenzio-ma-azione-a-tutela-del-territorio-la-protezione-dellacqua-non-si-ferma-ai-confini-provinciali\/#breadcrumb","itemListElement":[{"@type":"ListItem","position":1,"name":"Home","item":"https:\/\/www.bellunopress.it\/"},{"@type":"ListItem","position":2,"name":"Inquinamento Vanoi, Bortoluzzi: \u201cNessun silenzio, ma azione a tutela del territorio. La protezione dell\u2019acqua non si ferma ai confini provinciali\u201d"}]},{"@type":"WebSite","@id":"https:\/\/www.bellunopress.it\/#website","url":"https:\/\/www.bellunopress.it\/","name":"Bellunopress - Dolomiti","description":"e-mail: redazione@bellunopress.it","publisher":{"@id":"https:\/\/www.bellunopress.it\/#organization"},"potentialAction":[{"@type":"SearchAction","target":{"@type":"EntryPoint","urlTemplate":"https:\/\/www.bellunopress.it\/?s={search_term_string}"},"query-input":{"@type":"PropertyValueSpecification","valueRequired":true,"valueName":"search_term_string"}}],"inLanguage":"fr-FR"},{"@type":"Organization","@id":"https:\/\/www.bellunopress.it\/#organization","name":"Bellunopress","url":"https:\/\/www.bellunopress.it\/","logo":{"@type":"ImageObject","inLanguage":"fr-FR","@id":"https:\/\/www.bellunopress.it\/#\/schema\/logo\/image\/","url":"https:\/\/www.bellunopress.it\/wp-content\/uploads\/2011\/05\/cropped-logo-bellunopress-.jpg","contentUrl":"https:\/\/www.bellunopress.it\/wp-content\/uploads\/2011\/05\/cropped-logo-bellunopress-.jpg","width":512,"height":512,"caption":"Bellunopress"},"image":{"@id":"https:\/\/www.bellunopress.it\/#\/schema\/logo\/image\/"},"sameAs":["https:\/\/www.facebook.com\/profile.php?id=100008943462799","https:\/\/x.com\/bellunopress","https:\/\/www.linkedin.com\/hp\/?dnr=JBzUWaJfMUw8vbXJJ2tVW5-I3jZKvC4wsoxE&amp;amp;amp;amp;amp;amp;trk=nav_responsive_tab_home","https:\/\/www.youtube.com\/channel\/UCxL0wu1uN0_3_7hGG0306cw"]},{"@type":"Person","@id":"https:\/\/www.bellunopress.it\/#\/schema\/person\/79bb06722b37ece1c03d3e94beb30d73","name":"r\u00e9daction","image":{"@type":"ImageObject","inLanguage":"fr-FR","@id":"https:\/\/secure.gravatar.com\/avatar\/37d968a2e67a6fd04c169c4bdef102d0bc5d31b2546345219e348575eb80e9a0?s=96&d=mm&r=g","url":"https:\/\/secure.gravatar.com\/avatar\/37d968a2e67a6fd04c169c4bdef102d0bc5d31b2546345219e348575eb80e9a0?s=96&d=mm&r=g","contentUrl":"https:\/\/secure.gravatar.com\/avatar\/37d968a2e67a6fd04c169c4bdef102d0bc5d31b2546345219e348575eb80e9a0?s=96&d=mm&r=g","caption":"redazione"},"sameAs":["http:\/\/www.bellunopress.it","https:\/\/x.com\/bellunopress"],"url":"https:\/\/www.bellunopress.it\/fr\/author\/redazione\/"}]}},"_links":{"self":[{"href":"https:\/\/www.bellunopress.it\/fr\/wp-json\/wp\/v2\/posts\/168296","targetHints":{"allow":["GET"]}}],"collection":[{"href":"https:\/\/www.bellunopress.it\/fr\/wp-json\/wp\/v2\/posts"}],"about":[{"href":"https:\/\/www.bellunopress.it\/fr\/wp-json\/wp\/v2\/types\/post"}],"author":[{"embeddable":true,"href":"https:\/\/www.bellunopress.it\/fr\/wp-json\/wp\/v2\/users\/2"}],"replies":[{"embeddable":true,"href":"https:\/\/www.bellunopress.it\/fr\/wp-json\/wp\/v2\/comments?post=168296"}],"version-history":[{"count":1,"href":"https:\/\/www.bellunopress.it\/fr\/wp-json\/wp\/v2\/posts\/168296\/revisions"}],"predecessor-version":[{"id":168297,"href":"https:\/\/www.bellunopress.it\/fr\/wp-json\/wp\/v2\/posts\/168296\/revisions\/168297"}],"wp:featuredmedia":[{"embeddable":true,"href":"https:\/\/www.bellunopress.it\/fr\/wp-json\/wp\/v2\/media\/152663"}],"wp:attachment":[{"href":"https:\/\/www.bellunopress.it\/fr\/wp-json\/wp\/v2\/media?parent=168296"}],"wp:term":[{"taxonomy":"category","embeddable":true,"href":"https:\/\/www.bellunopress.it\/fr\/wp-json\/wp\/v2\/categories?post=168296"},{"taxonomy":"post_tag","embeddable":true,"href":"https:\/\/www.bellunopress.it\/fr\/wp-json\/wp\/v2\/tags?post=168296"}],"curies":[{"name":"wp","href":"https:\/\/api.w.org\/{rel}","templated":true}]}}