{"id":168292,"date":"2026-03-18T12:51:26","date_gmt":"2026-03-18T11:51:26","guid":{"rendered":"https:\/\/www.bellunopress.it\/?p=168292"},"modified":"2026-03-18T12:51:26","modified_gmt":"2026-03-18T11:51:26","slug":"sacro-violenza-e-nuove-tecnologie-al-teatro-buzzati-sbarca-causa-di-beatificazione","status":"publish","type":"post","link":"https:\/\/www.bellunopress.it\/fr\/2026\/03\/18\/sacro-violenza-e-nuove-tecnologie-al-teatro-buzzati-sbarca-causa-di-beatificazione\/","title":{"rendered":"Sacro, violenza e nuove tecnologie: al Teatro Buzzati sbarca &#8220;Causa di Beatificazione&#8221;"},"content":{"rendered":"<p data-path-to-node=\"3\">Belluno, 18\/03\/2026\u00a0\u2013 Il sipario del Teatro Comunale &#8220;Dino Buzzati&#8221; si prepara ad aprirsi su uno degli appuntamenti pi\u00f9 attesi e intensi della stagione Belluno Miraggi IX.<\/p>\n<p data-path-to-node=\"3\">Sabato 21 marzo, alle ore 21.00, la compagnia SlowMachine porta &#8220;a casa&#8221; la sua ultima, potente produzione: <i data-path-to-node=\"3\" data-index-in-node=\"268\">Causa di Beatificazione \u2013 Tre canti per voce e tempesta<\/i>.<\/p>\n<p data-path-to-node=\"4\">Scritto dal drammaturgo Massimo Sgorbani e diretto da Rajeev Badhan (recente direttore del Teatro Chiabrera di Savona), lo spettacolo arriva nel capoluogo dolomitico dopo il successo del debutto al Teatro Menotti di Milano e una fortunata tourn\u00e9e tra Liguria e Sicilia.<\/p>\n<p data-path-to-node=\"6\">L&#8217;opera rappresenta il compimento di una ricerca iniziata dieci anni fa con il &#8220;Primo Canto&#8221;. Oggi, quel nucleo si \u00e8 evoluto in un trittico che esplora il confine sottile tra <b data-path-to-node=\"6\" data-index-in-node=\"175\">f<\/b>ede e fanatismo, martirio e violenza. Tre donne, tre epoche e tre geografie del dolore si intrecciano in un linguaggio che fonde la presenza fisica dell&#8217;attore con un uso visionario della tecnologia video e sonora.<\/p>\n<ul data-path-to-node=\"7\">\n<li>\n<p data-path-to-node=\"7,0,0\">Il Primo Canto: Ispirato alle mistiche Angela da Foligno e Veronica Giuliani, mette in scena l&#8217;estasi e il tormento del corpo.<\/p>\n<\/li>\n<li>\n<p data-path-to-node=\"7,1,0\">Il Secondo Canto: Sposta lo sguardo sul Kosovo, dove una donna (ispirata alla figura di Marina Catena) vive la geografia dell&#8217;assenza e i traumi della guerra balcanica.<\/p>\n<\/li>\n<li>\n<p data-path-to-node=\"7,2,0\">Il Terzo Canto: Affronta il tema scottante del sacrificio estremo attraverso la figura di Wafa Idris, la prima kamikaze palestinese, il cui gesto esplode in una trasfigurazione video definita dalla critica come &#8220;un pugno allo stomaco&#8221;.<\/p>\n<\/li>\n<\/ul>\n<p data-path-to-node=\"9\">La forza dello spettacolo risiede anche nel talento delle interpreti. In scena vedremo Elena Strada, co-fondatrice di SlowMachine e volto storico della ricerca teatrale bellunese, affiancata da Sofija Zobina (Premio Istrio 2025) e, in video, dall&#8217;attrice di origini iraniane Isabella Nefar, gi\u00e0 nota per collaborazioni internazionali con Johnny Depp e per il recente successo a Roma con <i data-path-to-node=\"9\" data-index-in-node=\"387\">Leggere Lolita a Teheran<\/i>.<\/p>\n<blockquote data-path-to-node=\"10\">\n<h6 style=\"text-align: left;\" data-path-to-node=\"10,0\">&#8220;Ho voluto costruire un cast che rispecchiasse il mondo multiculturale in cui viviamo e che il teatro italiano fatica ancora ad accettare&#8221;, spiega il regista Rajeev Badhan. &#8220;\u00c8 un lavoro che usa la tecnologia per dare voce a tre donne nel frastuono della tempesta, tra spiritualit\u00e0 e violenza&#8221;.<\/h6>\n<\/blockquote>\n<p data-path-to-node=\"12\">A testimonianza dell&#8217;urgenza dei temi trattati, la serata vedr\u00e0 la partecipazione di Emergency, presente con un banchetto informativo nel foyer del teatro per sensibilizzare il pubblico sui conflitti attuali che fanno da sfondo alle storie narrate sul palco.<\/p>\n<h3 data-path-to-node=\"14\"><\/h3>\n<h3 data-path-to-node=\"14\">Info e biglietti<\/h3>\n<p data-path-to-node=\"15\">I biglietti per la serata sono disponibili online su Vivaticket o presso la biglietteria fisica in Via del Piave 4 nei seguenti orari:<\/p>\n<ul data-path-to-node=\"16\">\n<li>\n<p data-path-to-node=\"16,0,0\">Venerd\u00ec 20 marzo: 17.00 \u2013 19.00<\/p>\n<\/li>\n<li>\n<p data-path-to-node=\"16,1,0\">Sabato 21 marzo (giorno dello spettacolo): 10.00 \u2013 13.00 (Via del Piave) e dalle 18.30 direttamente al botteghino del teatro.<\/p>\n<\/li>\n<\/ul>\n<p data-path-to-node=\"17\">Prezzi: Platea e Galleria Centrale \u20ac 25,00; Galleria Laterale \u20ac 20,00. \u00c8 ancora possibile acquistare l&#8217;abbonamento per l&#8217;intera stagione &#8220;Belluno Miraggi&#8221; fino alla sera stessa dello spettacolo.<\/p>","protected":false},"excerpt":{"rendered":"<p>Belluno, 18\/03\/2026\u00a0\u2013 Il sipario del Teatro Comunale &#8220;Dino Buzzati&#8221; si prepara ad aprirsi su uno degli appuntamenti pi\u00f9 attesi e intensi della stagione Belluno Miraggi IX. Sabato 21 marzo, alle ore 21.00, la compagnia SlowMachine porta &#8220;a casa&#8221; la sua ultima, potente produzione: Causa di Beatificazione \u2013 Tre canti per voce e tempesta. Scritto dal [&hellip;]<\/p>\n","protected":false},"author":2,"featured_media":149981,"comment_status":"closed","ping_status":"open","sticky":false,"template":"","format":"standard","meta":{"footnotes":""},"categories":[27,3,25],"tags":[],"class_list":["post-168292","post","type-post","status-publish","format-standard","has-post-thumbnail","category-appuntamenti","category-arte-cultura-spettacoli-scienza-archivi","category-pausa-caffe"],"yoast_head":"<!-- This site is optimized with the Yoast SEO plugin v28.4 - https:\/\/yoast.com\/product\/yoast-seo-wordpress\/ -->\n<title>Sacro, violenza e nuove tecnologie: al Teatro Buzzati sbarca &quot;Causa di Beatificazione&quot; - Bellunopress - Dolomiti<\/title>\n<meta name=\"robots\" content=\"index, follow, max-snippet:-1, max-image-preview:large, max-video-preview:-1\" \/>\n<link rel=\"canonical\" href=\"https:\/\/www.bellunopress.it\/fr\/2026\/03\/18\/sacro-violenza-e-nuove-tecnologie-al-teatro-buzzati-sbarca-causa-di-beatificazione\/\" \/>\n<meta property=\"og:locale\" content=\"fr_FR\" \/>\n<meta property=\"og:type\" content=\"article\" \/>\n<meta property=\"og:title\" content=\"Sacro, violenza e nuove tecnologie: al Teatro Buzzati sbarca &quot;Causa di Beatificazione&quot; - Bellunopress - Dolomiti\" \/>\n<meta property=\"og:description\" content=\"Belluno, 18\/03\/2026\u00a0\u2013 Il sipario del Teatro Comunale &#8220;Dino Buzzati&#8221; si prepara ad aprirsi su uno degli appuntamenti pi\u00f9 attesi e intensi della stagione Belluno Miraggi IX. Sabato 21 marzo, alle ore 21.00, la compagnia SlowMachine porta &#8220;a casa&#8221; la sua ultima, potente produzione: Causa di Beatificazione \u2013 Tre canti per voce e tempesta. Scritto dal [&hellip;]\" \/>\n<meta property=\"og:url\" content=\"https:\/\/www.bellunopress.it\/fr\/2026\/03\/18\/sacro-violenza-e-nuove-tecnologie-al-teatro-buzzati-sbarca-causa-di-beatificazione\/\" \/>\n<meta property=\"og:site_name\" content=\"Bellunopress - Dolomiti\" \/>\n<meta property=\"article:publisher\" content=\"https:\/\/www.facebook.com\/profile.php?id=100008943462799\" \/>\n<meta property=\"article:published_time\" content=\"2026-03-18T11:51:26+00:00\" \/>\n<meta property=\"og:image\" content=\"https:\/\/www.bellunopress.it\/wp-content\/uploads\/2024\/04\/teatro-comunale-3_edited.jpg\" \/>\n\t<meta property=\"og:image:width\" content=\"1000\" \/>\n\t<meta property=\"og:image:height\" content=\"628\" \/>\n\t<meta property=\"og:image:type\" content=\"image\/jpeg\" \/>\n<meta name=\"author\" content=\"redazione\" \/>\n<meta name=\"twitter:card\" content=\"summary_large_image\" \/>\n<meta name=\"twitter:creator\" content=\"@bellunopress\" \/>\n<meta name=\"twitter:site\" content=\"@bellunopress\" \/>\n<meta name=\"twitter:label1\" content=\"\u00c9crit par\" \/>\n\t<meta name=\"twitter:data1\" content=\"redazione\" \/>\n\t<meta name=\"twitter:label2\" content=\"Dur\u00e9e de lecture estim\u00e9e\" \/>\n\t<meta name=\"twitter:data2\" content=\"2 minutes\" \/>\n<script type=\"application\/ld+json\" class=\"yoast-schema-graph\">{\"@context\":\"https:\\\/\\\/schema.org\",\"@graph\":[{\"@type\":\"Article\",\"@id\":\"https:\\\/\\\/www.bellunopress.it\\\/2026\\\/03\\\/18\\\/sacro-violenza-e-nuove-tecnologie-al-teatro-buzzati-sbarca-causa-di-beatificazione\\\/#article\",\"isPartOf\":{\"@id\":\"https:\\\/\\\/www.bellunopress.it\\\/2026\\\/03\\\/18\\\/sacro-violenza-e-nuove-tecnologie-al-teatro-buzzati-sbarca-causa-di-beatificazione\\\/\"},\"author\":{\"name\":\"redazione\",\"@id\":\"https:\\\/\\\/www.bellunopress.it\\\/#\\\/schema\\\/person\\\/79bb06722b37ece1c03d3e94beb30d73\"},\"headline\":\"Sacro, violenza e nuove tecnologie: al Teatro Buzzati sbarca &#8220;Causa di Beatificazione&#8221;\",\"datePublished\":\"2026-03-18T11:51:26+00:00\",\"mainEntityOfPage\":{\"@id\":\"https:\\\/\\\/www.bellunopress.it\\\/2026\\\/03\\\/18\\\/sacro-violenza-e-nuove-tecnologie-al-teatro-buzzati-sbarca-causa-di-beatificazione\\\/\"},\"wordCount\":468,\"publisher\":{\"@id\":\"https:\\\/\\\/www.bellunopress.it\\\/#organization\"},\"image\":{\"@id\":\"https:\\\/\\\/www.bellunopress.it\\\/2026\\\/03\\\/18\\\/sacro-violenza-e-nuove-tecnologie-al-teatro-buzzati-sbarca-causa-di-beatificazione\\\/#primaryimage\"},\"thumbnailUrl\":\"https:\\\/\\\/www.bellunopress.it\\\/wp-content\\\/uploads\\\/2024\\\/04\\\/teatro-comunale-3_edited.jpg\",\"articleSection\":[\"Appuntamenti, Eventi\",\"Arte, Cultura, Spettacoli, Scienza\",\"Pausa Caff\u00e8\"],\"inLanguage\":\"fr-FR\"},{\"@type\":\"WebPage\",\"@id\":\"https:\\\/\\\/www.bellunopress.it\\\/2026\\\/03\\\/18\\\/sacro-violenza-e-nuove-tecnologie-al-teatro-buzzati-sbarca-causa-di-beatificazione\\\/\",\"url\":\"https:\\\/\\\/www.bellunopress.it\\\/2026\\\/03\\\/18\\\/sacro-violenza-e-nuove-tecnologie-al-teatro-buzzati-sbarca-causa-di-beatificazione\\\/\",\"name\":\"Sacro, violenza e nuove tecnologie: al Teatro Buzzati sbarca \\\"Causa di Beatificazione\\\" - Bellunopress - Dolomiti\",\"isPartOf\":{\"@id\":\"https:\\\/\\\/www.bellunopress.it\\\/#website\"},\"primaryImageOfPage\":{\"@id\":\"https:\\\/\\\/www.bellunopress.it\\\/2026\\\/03\\\/18\\\/sacro-violenza-e-nuove-tecnologie-al-teatro-buzzati-sbarca-causa-di-beatificazione\\\/#primaryimage\"},\"image\":{\"@id\":\"https:\\\/\\\/www.bellunopress.it\\\/2026\\\/03\\\/18\\\/sacro-violenza-e-nuove-tecnologie-al-teatro-buzzati-sbarca-causa-di-beatificazione\\\/#primaryimage\"},\"thumbnailUrl\":\"https:\\\/\\\/www.bellunopress.it\\\/wp-content\\\/uploads\\\/2024\\\/04\\\/teatro-comunale-3_edited.jpg\",\"datePublished\":\"2026-03-18T11:51:26+00:00\",\"breadcrumb\":{\"@id\":\"https:\\\/\\\/www.bellunopress.it\\\/2026\\\/03\\\/18\\\/sacro-violenza-e-nuove-tecnologie-al-teatro-buzzati-sbarca-causa-di-beatificazione\\\/#breadcrumb\"},\"inLanguage\":\"fr-FR\",\"potentialAction\":[{\"@type\":\"ReadAction\",\"target\":[\"https:\\\/\\\/www.bellunopress.it\\\/2026\\\/03\\\/18\\\/sacro-violenza-e-nuove-tecnologie-al-teatro-buzzati-sbarca-causa-di-beatificazione\\\/\"]}]},{\"@type\":\"ImageObject\",\"inLanguage\":\"fr-FR\",\"@id\":\"https:\\\/\\\/www.bellunopress.it\\\/2026\\\/03\\\/18\\\/sacro-violenza-e-nuove-tecnologie-al-teatro-buzzati-sbarca-causa-di-beatificazione\\\/#primaryimage\",\"url\":\"https:\\\/\\\/www.bellunopress.it\\\/wp-content\\\/uploads\\\/2024\\\/04\\\/teatro-comunale-3_edited.jpg\",\"contentUrl\":\"https:\\\/\\\/www.bellunopress.it\\\/wp-content\\\/uploads\\\/2024\\\/04\\\/teatro-comunale-3_edited.jpg\",\"width\":1000,\"height\":628,\"caption\":\"Teatro Comunale \\\"Dino Buzzati\\\" di Belluno\"},{\"@type\":\"BreadcrumbList\",\"@id\":\"https:\\\/\\\/www.bellunopress.it\\\/2026\\\/03\\\/18\\\/sacro-violenza-e-nuove-tecnologie-al-teatro-buzzati-sbarca-causa-di-beatificazione\\\/#breadcrumb\",\"itemListElement\":[{\"@type\":\"ListItem\",\"position\":1,\"name\":\"Home\",\"item\":\"https:\\\/\\\/www.bellunopress.it\\\/\"},{\"@type\":\"ListItem\",\"position\":2,\"name\":\"Sacro, violenza e nuove tecnologie: al Teatro Buzzati sbarca &#8220;Causa di Beatificazione&#8221;\"}]},{\"@type\":\"WebSite\",\"@id\":\"https:\\\/\\\/www.bellunopress.it\\\/#website\",\"url\":\"https:\\\/\\\/www.bellunopress.it\\\/\",\"name\":\"Bellunopress - Dolomiti\",\"description\":\"e-mail: redazione@bellunopress.it\",\"publisher\":{\"@id\":\"https:\\\/\\\/www.bellunopress.it\\\/#organization\"},\"potentialAction\":[{\"@type\":\"SearchAction\",\"target\":{\"@type\":\"EntryPoint\",\"urlTemplate\":\"https:\\\/\\\/www.bellunopress.it\\\/?s={search_term_string}\"},\"query-input\":{\"@type\":\"PropertyValueSpecification\",\"valueRequired\":true,\"valueName\":\"search_term_string\"}}],\"inLanguage\":\"fr-FR\"},{\"@type\":\"Organization\",\"@id\":\"https:\\\/\\\/www.bellunopress.it\\\/#organization\",\"name\":\"Bellunopress\",\"url\":\"https:\\\/\\\/www.bellunopress.it\\\/\",\"logo\":{\"@type\":\"ImageObject\",\"inLanguage\":\"fr-FR\",\"@id\":\"https:\\\/\\\/www.bellunopress.it\\\/#\\\/schema\\\/logo\\\/image\\\/\",\"url\":\"https:\\\/\\\/www.bellunopress.it\\\/wp-content\\\/uploads\\\/2011\\\/05\\\/cropped-logo-bellunopress-.jpg\",\"contentUrl\":\"https:\\\/\\\/www.bellunopress.it\\\/wp-content\\\/uploads\\\/2011\\\/05\\\/cropped-logo-bellunopress-.jpg\",\"width\":512,\"height\":512,\"caption\":\"Bellunopress\"},\"image\":{\"@id\":\"https:\\\/\\\/www.bellunopress.it\\\/#\\\/schema\\\/logo\\\/image\\\/\"},\"sameAs\":[\"https:\\\/\\\/www.facebook.com\\\/profile.php?id=100008943462799\",\"https:\\\/\\\/x.com\\\/bellunopress\",\"https:\\\/\\\/www.linkedin.com\\\/hp\\\/?dnr=JBzUWaJfMUw8vbXJJ2tVW5-I3jZKvC4wsoxE&amp;amp;amp;amp;amp;amp;trk=nav_responsive_tab_home\",\"https:\\\/\\\/www.youtube.com\\\/channel\\\/UCxL0wu1uN0_3_7hGG0306cw\"]},{\"@type\":\"Person\",\"@id\":\"https:\\\/\\\/www.bellunopress.it\\\/#\\\/schema\\\/person\\\/79bb06722b37ece1c03d3e94beb30d73\",\"name\":\"redazione\",\"image\":{\"@type\":\"ImageObject\",\"inLanguage\":\"fr-FR\",\"@id\":\"https:\\\/\\\/secure.gravatar.com\\\/avatar\\\/37d968a2e67a6fd04c169c4bdef102d0bc5d31b2546345219e348575eb80e9a0?s=96&d=mm&r=g\",\"url\":\"https:\\\/\\\/secure.gravatar.com\\\/avatar\\\/37d968a2e67a6fd04c169c4bdef102d0bc5d31b2546345219e348575eb80e9a0?s=96&d=mm&r=g\",\"contentUrl\":\"https:\\\/\\\/secure.gravatar.com\\\/avatar\\\/37d968a2e67a6fd04c169c4bdef102d0bc5d31b2546345219e348575eb80e9a0?s=96&d=mm&r=g\",\"caption\":\"redazione\"},\"sameAs\":[\"http:\\\/\\\/www.bellunopress.it\",\"https:\\\/\\\/x.com\\\/bellunopress\"],\"url\":\"https:\\\/\\\/www.bellunopress.it\\\/fr\\\/author\\\/redazione\\\/\"}]}<\/script>\n<!-- \/ Yoast SEO plugin. -->","yoast_head_json":{"title":"Sacro, violenza e nuove tecnologie: al Teatro Buzzati sbarca \"Causa di Beatificazione\" - Bellunopress - Dolomiti","robots":{"index":"index","follow":"follow","max-snippet":"max-snippet:-1","max-image-preview":"max-image-preview:large","max-video-preview":"max-video-preview:-1"},"canonical":"https:\/\/www.bellunopress.it\/fr\/2026\/03\/18\/sacro-violenza-e-nuove-tecnologie-al-teatro-buzzati-sbarca-causa-di-beatificazione\/","og_locale":"fr_FR","og_type":"article","og_title":"Sacro, violenza e nuove tecnologie: al Teatro Buzzati sbarca \"Causa di Beatificazione\" - Bellunopress - Dolomiti","og_description":"Belluno, 18\/03\/2026\u00a0\u2013 Il sipario del Teatro Comunale &#8220;Dino Buzzati&#8221; si prepara ad aprirsi su uno degli appuntamenti pi\u00f9 attesi e intensi della stagione Belluno Miraggi IX. Sabato 21 marzo, alle ore 21.00, la compagnia SlowMachine porta &#8220;a casa&#8221; la sua ultima, potente produzione: Causa di Beatificazione \u2013 Tre canti per voce e tempesta. Scritto dal [&hellip;]","og_url":"https:\/\/www.bellunopress.it\/fr\/2026\/03\/18\/sacro-violenza-e-nuove-tecnologie-al-teatro-buzzati-sbarca-causa-di-beatificazione\/","og_site_name":"Bellunopress - Dolomiti","article_publisher":"https:\/\/www.facebook.com\/profile.php?id=100008943462799","article_published_time":"2026-03-18T11:51:26+00:00","og_image":[{"width":1000,"height":628,"url":"https:\/\/www.bellunopress.it\/wp-content\/uploads\/2024\/04\/teatro-comunale-3_edited.jpg","type":"image\/jpeg"}],"author":"redazione","twitter_card":"summary_large_image","twitter_creator":"@bellunopress","twitter_site":"@bellunopress","twitter_misc":{"\u00c9crit par":"redazione","Dur\u00e9e de lecture estim\u00e9e":"2 minutes"},"schema":{"@context":"https:\/\/schema.org","@graph":[{"@type":"Article","@id":"https:\/\/www.bellunopress.it\/2026\/03\/18\/sacro-violenza-e-nuove-tecnologie-al-teatro-buzzati-sbarca-causa-di-beatificazione\/#article","isPartOf":{"@id":"https:\/\/www.bellunopress.it\/2026\/03\/18\/sacro-violenza-e-nuove-tecnologie-al-teatro-buzzati-sbarca-causa-di-beatificazione\/"},"author":{"name":"redazione","@id":"https:\/\/www.bellunopress.it\/#\/schema\/person\/79bb06722b37ece1c03d3e94beb30d73"},"headline":"Sacro, violenza e nuove tecnologie: al Teatro Buzzati sbarca &#8220;Causa di Beatificazione&#8221;","datePublished":"2026-03-18T11:51:26+00:00","mainEntityOfPage":{"@id":"https:\/\/www.bellunopress.it\/2026\/03\/18\/sacro-violenza-e-nuove-tecnologie-al-teatro-buzzati-sbarca-causa-di-beatificazione\/"},"wordCount":468,"publisher":{"@id":"https:\/\/www.bellunopress.it\/#organization"},"image":{"@id":"https:\/\/www.bellunopress.it\/2026\/03\/18\/sacro-violenza-e-nuove-tecnologie-al-teatro-buzzati-sbarca-causa-di-beatificazione\/#primaryimage"},"thumbnailUrl":"https:\/\/www.bellunopress.it\/wp-content\/uploads\/2024\/04\/teatro-comunale-3_edited.jpg","articleSection":["Appuntamenti, Eventi","Arte, Cultura, Spettacoli, Scienza","Pausa Caff\u00e8"],"inLanguage":"fr-FR"},{"@type":"WebPage","@id":"https:\/\/www.bellunopress.it\/2026\/03\/18\/sacro-violenza-e-nuove-tecnologie-al-teatro-buzzati-sbarca-causa-di-beatificazione\/","url":"https:\/\/www.bellunopress.it\/2026\/03\/18\/sacro-violenza-e-nuove-tecnologie-al-teatro-buzzati-sbarca-causa-di-beatificazione\/","name":"Sacro, violenza e nuove tecnologie: al Teatro Buzzati sbarca \"Causa di Beatificazione\" - Bellunopress - Dolomiti","isPartOf":{"@id":"https:\/\/www.bellunopress.it\/#website"},"primaryImageOfPage":{"@id":"https:\/\/www.bellunopress.it\/2026\/03\/18\/sacro-violenza-e-nuove-tecnologie-al-teatro-buzzati-sbarca-causa-di-beatificazione\/#primaryimage"},"image":{"@id":"https:\/\/www.bellunopress.it\/2026\/03\/18\/sacro-violenza-e-nuove-tecnologie-al-teatro-buzzati-sbarca-causa-di-beatificazione\/#primaryimage"},"thumbnailUrl":"https:\/\/www.bellunopress.it\/wp-content\/uploads\/2024\/04\/teatro-comunale-3_edited.jpg","datePublished":"2026-03-18T11:51:26+00:00","breadcrumb":{"@id":"https:\/\/www.bellunopress.it\/2026\/03\/18\/sacro-violenza-e-nuove-tecnologie-al-teatro-buzzati-sbarca-causa-di-beatificazione\/#breadcrumb"},"inLanguage":"fr-FR","potentialAction":[{"@type":"ReadAction","target":["https:\/\/www.bellunopress.it\/2026\/03\/18\/sacro-violenza-e-nuove-tecnologie-al-teatro-buzzati-sbarca-causa-di-beatificazione\/"]}]},{"@type":"ImageObject","inLanguage":"fr-FR","@id":"https:\/\/www.bellunopress.it\/2026\/03\/18\/sacro-violenza-e-nuove-tecnologie-al-teatro-buzzati-sbarca-causa-di-beatificazione\/#primaryimage","url":"https:\/\/www.bellunopress.it\/wp-content\/uploads\/2024\/04\/teatro-comunale-3_edited.jpg","contentUrl":"https:\/\/www.bellunopress.it\/wp-content\/uploads\/2024\/04\/teatro-comunale-3_edited.jpg","width":1000,"height":628,"caption":"Teatro Comunale \"Dino Buzzati\" di Belluno"},{"@type":"BreadcrumbList","@id":"https:\/\/www.bellunopress.it\/2026\/03\/18\/sacro-violenza-e-nuove-tecnologie-al-teatro-buzzati-sbarca-causa-di-beatificazione\/#breadcrumb","itemListElement":[{"@type":"ListItem","position":1,"name":"Home","item":"https:\/\/www.bellunopress.it\/"},{"@type":"ListItem","position":2,"name":"Sacro, violenza e nuove tecnologie: al Teatro Buzzati sbarca &#8220;Causa di Beatificazione&#8221;"}]},{"@type":"WebSite","@id":"https:\/\/www.bellunopress.it\/#website","url":"https:\/\/www.bellunopress.it\/","name":"Bellunopress - Dolomiti","description":"e-mail: redazione@bellunopress.it","publisher":{"@id":"https:\/\/www.bellunopress.it\/#organization"},"potentialAction":[{"@type":"SearchAction","target":{"@type":"EntryPoint","urlTemplate":"https:\/\/www.bellunopress.it\/?s={search_term_string}"},"query-input":{"@type":"PropertyValueSpecification","valueRequired":true,"valueName":"search_term_string"}}],"inLanguage":"fr-FR"},{"@type":"Organization","@id":"https:\/\/www.bellunopress.it\/#organization","name":"Bellunopress","url":"https:\/\/www.bellunopress.it\/","logo":{"@type":"ImageObject","inLanguage":"fr-FR","@id":"https:\/\/www.bellunopress.it\/#\/schema\/logo\/image\/","url":"https:\/\/www.bellunopress.it\/wp-content\/uploads\/2011\/05\/cropped-logo-bellunopress-.jpg","contentUrl":"https:\/\/www.bellunopress.it\/wp-content\/uploads\/2011\/05\/cropped-logo-bellunopress-.jpg","width":512,"height":512,"caption":"Bellunopress"},"image":{"@id":"https:\/\/www.bellunopress.it\/#\/schema\/logo\/image\/"},"sameAs":["https:\/\/www.facebook.com\/profile.php?id=100008943462799","https:\/\/x.com\/bellunopress","https:\/\/www.linkedin.com\/hp\/?dnr=JBzUWaJfMUw8vbXJJ2tVW5-I3jZKvC4wsoxE&amp;amp;amp;amp;amp;amp;trk=nav_responsive_tab_home","https:\/\/www.youtube.com\/channel\/UCxL0wu1uN0_3_7hGG0306cw"]},{"@type":"Person","@id":"https:\/\/www.bellunopress.it\/#\/schema\/person\/79bb06722b37ece1c03d3e94beb30d73","name":"r\u00e9daction","image":{"@type":"ImageObject","inLanguage":"fr-FR","@id":"https:\/\/secure.gravatar.com\/avatar\/37d968a2e67a6fd04c169c4bdef102d0bc5d31b2546345219e348575eb80e9a0?s=96&d=mm&r=g","url":"https:\/\/secure.gravatar.com\/avatar\/37d968a2e67a6fd04c169c4bdef102d0bc5d31b2546345219e348575eb80e9a0?s=96&d=mm&r=g","contentUrl":"https:\/\/secure.gravatar.com\/avatar\/37d968a2e67a6fd04c169c4bdef102d0bc5d31b2546345219e348575eb80e9a0?s=96&d=mm&r=g","caption":"redazione"},"sameAs":["http:\/\/www.bellunopress.it","https:\/\/x.com\/bellunopress"],"url":"https:\/\/www.bellunopress.it\/fr\/author\/redazione\/"}]}},"_links":{"self":[{"href":"https:\/\/www.bellunopress.it\/fr\/wp-json\/wp\/v2\/posts\/168292","targetHints":{"allow":["GET"]}}],"collection":[{"href":"https:\/\/www.bellunopress.it\/fr\/wp-json\/wp\/v2\/posts"}],"about":[{"href":"https:\/\/www.bellunopress.it\/fr\/wp-json\/wp\/v2\/types\/post"}],"author":[{"embeddable":true,"href":"https:\/\/www.bellunopress.it\/fr\/wp-json\/wp\/v2\/users\/2"}],"replies":[{"embeddable":true,"href":"https:\/\/www.bellunopress.it\/fr\/wp-json\/wp\/v2\/comments?post=168292"}],"version-history":[{"count":1,"href":"https:\/\/www.bellunopress.it\/fr\/wp-json\/wp\/v2\/posts\/168292\/revisions"}],"predecessor-version":[{"id":168293,"href":"https:\/\/www.bellunopress.it\/fr\/wp-json\/wp\/v2\/posts\/168292\/revisions\/168293"}],"wp:featuredmedia":[{"embeddable":true,"href":"https:\/\/www.bellunopress.it\/fr\/wp-json\/wp\/v2\/media\/149981"}],"wp:attachment":[{"href":"https:\/\/www.bellunopress.it\/fr\/wp-json\/wp\/v2\/media?parent=168292"}],"wp:term":[{"taxonomy":"category","embeddable":true,"href":"https:\/\/www.bellunopress.it\/fr\/wp-json\/wp\/v2\/categories?post=168292"},{"taxonomy":"post_tag","embeddable":true,"href":"https:\/\/www.bellunopress.it\/fr\/wp-json\/wp\/v2\/tags?post=168292"}],"curies":[{"name":"wp","href":"https:\/\/api.w.org\/{rel}","templated":true}]}}