{"id":168286,"date":"2026-03-18T08:31:06","date_gmt":"2026-03-18T07:31:06","guid":{"rendered":"https:\/\/www.bellunopress.it\/?p=168286"},"modified":"2026-03-18T08:31:06","modified_gmt":"2026-03-18T07:31:06","slug":"feltre-il-teatro-de-la-sena-si-fa-specchio-del-domani-tra-linguaggio-inclusivo-e-giustizia-climatica","status":"publish","type":"post","link":"https:\/\/www.bellunopress.it\/fr\/2026\/03\/18\/feltre-il-teatro-de-la-sena-si-fa-specchio-del-domani-tra-linguaggio-inclusivo-e-giustizia-climatica\/","title":{"rendered":"Feltre, il Teatro de la Sena si fa specchio del domani: tra linguaggio inclusivo e giustizia climatica"},"content":{"rendered":"<p data-path-to-node=\"3\"><b data-path-to-node=\"3\" data-index-in-node=\"0\">Il 18 e 19 marzo, il festival &#8220;You and Me: We&#8221; ospita Vera Gheno e Martina Rogato per due serate dedicate alle sfide della parit\u00e0 di genere nel mondo contemporaneo.<\/b><\/p>\n<p data-path-to-node=\"4\">Feltre, 18\/03\/2026\u00a0\u2013 Il linguaggio che usiamo modella la realt\u00e0, ma la crisi climatica ne sta ridisegnando i confini. Esiste un filo rosso che lega il modo in cui parliamo e il modo in cui abitiamo il pianeta? A questa domanda cercher\u00e0 di rispondere il festival &#8220;You and Me: We&#8221;, che mercoled\u00ec 18 e gioved\u00ec 19 marzo trasformer\u00e0 il prestigioso Teatro de la Sena di Feltre in un laboratorio di riflessione su parit\u00e0 e sostenibilit\u00e0.<\/p>\n<p data-path-to-node=\"5\">L\u2019iniziativa, promossa dall\u2019Assessorato alla Cultura e alle Pari Opportunit\u00e0 del Comune di Feltre in collaborazione con la Commissione Pari Opportunit\u00e0, porter\u00e0 sul palco due delle voci pi\u00f9 autorevoli del panorama nazionale: la sociolinguista Vera Gheno e l&#8217;esperta di sostenibilit\u00e0 Martina Rogato.<\/p>\n<h3 data-path-to-node=\"6\">Il potere delle parole: l&#8217;appuntamento con Vera Gheno<\/h3>\n<p data-path-to-node=\"7\">Il sipario si alzer\u00e0 <b data-path-to-node=\"7\" data-index-in-node=\"21\">mercoled\u00ec 18 marzo alle 20:30<\/b> con l\u2019incontro <i data-path-to-node=\"7\" data-index-in-node=\"66\">&#8220;Le molte facce del sessismo linguistico&#8221;<\/i>. Vera Gheno, punto di riferimento nella divulgazione sui temi dell&#8217;intreccio tra lingua e genere, guider\u00e0 il pubblico in un viaggio attraverso l&#8217;italiano quotidiano. L&#8217;obiettivo? Svelare come stereotipi e relazioni di potere si annidino spesso proprio dietro termini che consideriamo neutri, fornendo strumenti pratici per una comunicazione pi\u00f9 consapevole e, soprattutto, inclusiva.<\/p>\n<h3 data-path-to-node=\"8\">Clima e genere: la visione di Martina Rogato<\/h3>\n<p data-path-to-node=\"9\">Il secondo atto del festival, previsto per <b data-path-to-node=\"9\" data-index-in-node=\"43\">gioved\u00ec 19 marzo (ore 20:30)<\/b>, vedr\u00e0 protagonista Martina Rogato con <i data-path-to-node=\"9\" data-index-in-node=\"111\">&#8220;Donne, Clima e Futuro delle Comunit\u00e0&#8221;<\/i>. Recentemente indicata da Fortune Italia tra le 50 donne pi\u00f9 influenti del 2025, la co-presidente di Women7 Italy analizzer\u00e0 l\u2019impatto sproporzionato della crisi ambientale sulle donne. La tesi \u00e8 chiara: non pu\u00f2 esserci vera giustizia climatica senza equit\u00e0 di genere. La sostenibilit\u00e0 diventa cos\u00ec una leva strategica per rendere i territori \u2014 compreso quello bellunese \u2014 pi\u00f9 resilienti e partecipativi.<\/p>\n<h3 data-path-to-node=\"10\">Una comunit\u00e0 senza confini<\/h3>\n<p data-path-to-node=\"11\">L&#8217;evento si inserisce nella cornice del progetto EQUALIT-\u00c0 (programma INTERREG Italia-Austria), un\u2019iniziativa transfrontaliera che vede il GAL Prealpi e Dolomiti come capofila.<\/p>\n<blockquote data-path-to-node=\"12\">\n<h6 style=\"text-align: left;\" data-path-to-node=\"12,0\"><i data-path-to-node=\"12,0\" data-index-in-node=\"0\">&#8220;Portiamo a Feltre due esperte di calibro internazionale per riflettere su come abbattere barriere e pregiudizi,&#8221;<\/i> commenta l&#8217;Assessore <b data-path-to-node=\"12,0\" data-index-in-node=\"135\">Flavia Colle<\/b>. <i data-path-to-node=\"12,0\" data-index-in-node=\"149\">&#8220;L&#8217;obiettivo \u00e8 costruire una comunit\u00e0 pi\u00f9 equa, dove il confronto tra territori vicini, anche oltre il confine, diventi ricchezza condivisa.&#8221;<\/i><\/h6>\n<\/blockquote>\n<h3 data-path-to-node=\"14\">Informazioni utili<\/h3>\n<ul data-path-to-node=\"15\">\n<li>\n<p data-path-to-node=\"15,0,0\"><b data-path-to-node=\"15,0,0\" data-index-in-node=\"0\">Dove:<\/b> Teatro de la Sena, Feltre.<\/p>\n<\/li>\n<li>\n<p data-path-to-node=\"15,1,0\"><b data-path-to-node=\"15,1,0\" data-index-in-node=\"0\">Quando:<\/b> 18 e 19 marzo 2026, ore 20:30.<\/p>\n<\/li>\n<li>\n<p data-path-to-node=\"15,2,0\"><b data-path-to-node=\"15,2,0\" data-index-in-node=\"0\">Ingresso:<\/b> Libero e gratuito fino a esaurimento posti (senza prenotazione).<\/p>\n<\/li>\n<li>\n<p data-path-to-node=\"15,3,0\"><b data-path-to-node=\"15,3,0\" data-index-in-node=\"0\">Dettagli:<\/b> Maggiori informazioni su <a class=\"ng-star-inserted\" href=\"http:\/\/www.visitfeltre.info\" target=\"_blank\" rel=\"noopener\" data-hveid=\"0\" data-ved=\"0CAAQ_4QMahcKEwjE39Gt9qiTAxUAAAAAHQAAAAAQQA\">www.visitfeltre.info<\/a>.<\/p>\n<\/li>\n<\/ul>","protected":false},"excerpt":{"rendered":"<p>Il 18 e 19 marzo, il festival &#8220;You and Me: We&#8221; ospita Vera Gheno e Martina Rogato per due serate dedicate alle sfide della parit\u00e0 di genere nel mondo contemporaneo. Feltre, 18\/03\/2026\u00a0\u2013 Il linguaggio che usiamo modella la realt\u00e0, ma la crisi climatica ne sta ridisegnando i confini. Esiste un filo rosso che lega il [&hellip;]<\/p>\n","protected":false},"author":2,"featured_media":143632,"comment_status":"closed","ping_status":"open","sticky":false,"template":"","format":"standard","meta":{"footnotes":""},"categories":[27,3,25],"tags":[],"class_list":["post-168286","post","type-post","status-publish","format-standard","has-post-thumbnail","category-appuntamenti","category-arte-cultura-spettacoli-scienza-archivi","category-pausa-caffe"],"yoast_head":"<!-- This site is optimized with the Yoast SEO plugin v28.4 - https:\/\/yoast.com\/product\/yoast-seo-wordpress\/ -->\n<title>Feltre, il Teatro de la Sena si fa specchio del domani: tra linguaggio inclusivo e giustizia climatica - Bellunopress - Dolomiti<\/title>\n<meta name=\"robots\" content=\"index, follow, max-snippet:-1, max-image-preview:large, max-video-preview:-1\" \/>\n<link rel=\"canonical\" href=\"https:\/\/www.bellunopress.it\/fr\/2026\/03\/18\/feltre-il-teatro-de-la-sena-si-fa-specchio-del-domani-tra-linguaggio-inclusivo-e-giustizia-climatica\/\" \/>\n<meta property=\"og:locale\" content=\"fr_FR\" \/>\n<meta property=\"og:type\" content=\"article\" \/>\n<meta property=\"og:title\" content=\"Feltre, il Teatro de la Sena si fa specchio del domani: tra linguaggio inclusivo e giustizia climatica - Bellunopress - Dolomiti\" \/>\n<meta property=\"og:description\" content=\"Il 18 e 19 marzo, il festival &#8220;You and Me: We&#8221; ospita Vera Gheno e Martina Rogato per due serate dedicate alle sfide della parit\u00e0 di genere nel mondo contemporaneo. Feltre, 18\/03\/2026\u00a0\u2013 Il linguaggio che usiamo modella la realt\u00e0, ma la crisi climatica ne sta ridisegnando i confini. Esiste un filo rosso che lega il [&hellip;]\" \/>\n<meta property=\"og:url\" content=\"https:\/\/www.bellunopress.it\/fr\/2026\/03\/18\/feltre-il-teatro-de-la-sena-si-fa-specchio-del-domani-tra-linguaggio-inclusivo-e-giustizia-climatica\/\" \/>\n<meta property=\"og:site_name\" content=\"Bellunopress - Dolomiti\" \/>\n<meta property=\"article:publisher\" content=\"https:\/\/www.facebook.com\/profile.php?id=100008943462799\" \/>\n<meta property=\"article:published_time\" content=\"2026-03-18T07:31:06+00:00\" \/>\n<meta property=\"og:image\" content=\"https:\/\/www.bellunopress.it\/wp-content\/uploads\/2023\/08\/Flavia-Colle.jpg\" \/>\n\t<meta property=\"og:image:width\" content=\"463\" \/>\n\t<meta property=\"og:image:height\" content=\"539\" \/>\n\t<meta property=\"og:image:type\" content=\"image\/jpeg\" \/>\n<meta name=\"author\" content=\"redazione\" \/>\n<meta name=\"twitter:card\" content=\"summary_large_image\" \/>\n<meta name=\"twitter:creator\" content=\"@bellunopress\" \/>\n<meta name=\"twitter:site\" content=\"@bellunopress\" \/>\n<meta name=\"twitter:label1\" content=\"\u00c9crit par\" \/>\n\t<meta name=\"twitter:data1\" content=\"redazione\" \/>\n\t<meta name=\"twitter:label2\" content=\"Dur\u00e9e de lecture estim\u00e9e\" \/>\n\t<meta name=\"twitter:data2\" content=\"2 minutes\" \/>\n<script type=\"application\/ld+json\" class=\"yoast-schema-graph\">{\"@context\":\"https:\\\/\\\/schema.org\",\"@graph\":[{\"@type\":\"Article\",\"@id\":\"https:\\\/\\\/www.bellunopress.it\\\/2026\\\/03\\\/18\\\/feltre-il-teatro-de-la-sena-si-fa-specchio-del-domani-tra-linguaggio-inclusivo-e-giustizia-climatica\\\/#article\",\"isPartOf\":{\"@id\":\"https:\\\/\\\/www.bellunopress.it\\\/2026\\\/03\\\/18\\\/feltre-il-teatro-de-la-sena-si-fa-specchio-del-domani-tra-linguaggio-inclusivo-e-giustizia-climatica\\\/\"},\"author\":{\"name\":\"redazione\",\"@id\":\"https:\\\/\\\/www.bellunopress.it\\\/#\\\/schema\\\/person\\\/79bb06722b37ece1c03d3e94beb30d73\"},\"headline\":\"Feltre, il Teatro de la Sena si fa specchio del domani: tra linguaggio inclusivo e giustizia climatica\",\"datePublished\":\"2026-03-18T07:31:06+00:00\",\"mainEntityOfPage\":{\"@id\":\"https:\\\/\\\/www.bellunopress.it\\\/2026\\\/03\\\/18\\\/feltre-il-teatro-de-la-sena-si-fa-specchio-del-domani-tra-linguaggio-inclusivo-e-giustizia-climatica\\\/\"},\"wordCount\":422,\"publisher\":{\"@id\":\"https:\\\/\\\/www.bellunopress.it\\\/#organization\"},\"image\":{\"@id\":\"https:\\\/\\\/www.bellunopress.it\\\/2026\\\/03\\\/18\\\/feltre-il-teatro-de-la-sena-si-fa-specchio-del-domani-tra-linguaggio-inclusivo-e-giustizia-climatica\\\/#primaryimage\"},\"thumbnailUrl\":\"https:\\\/\\\/www.bellunopress.it\\\/wp-content\\\/uploads\\\/2023\\\/08\\\/Flavia-Colle.jpg\",\"articleSection\":[\"Appuntamenti, Eventi\",\"Arte, Cultura, Spettacoli, Scienza\",\"Pausa Caff\u00e8\"],\"inLanguage\":\"fr-FR\"},{\"@type\":\"WebPage\",\"@id\":\"https:\\\/\\\/www.bellunopress.it\\\/2026\\\/03\\\/18\\\/feltre-il-teatro-de-la-sena-si-fa-specchio-del-domani-tra-linguaggio-inclusivo-e-giustizia-climatica\\\/\",\"url\":\"https:\\\/\\\/www.bellunopress.it\\\/2026\\\/03\\\/18\\\/feltre-il-teatro-de-la-sena-si-fa-specchio-del-domani-tra-linguaggio-inclusivo-e-giustizia-climatica\\\/\",\"name\":\"Feltre, il Teatro de la Sena si fa specchio del domani: tra linguaggio inclusivo e giustizia climatica - Bellunopress - Dolomiti\",\"isPartOf\":{\"@id\":\"https:\\\/\\\/www.bellunopress.it\\\/#website\"},\"primaryImageOfPage\":{\"@id\":\"https:\\\/\\\/www.bellunopress.it\\\/2026\\\/03\\\/18\\\/feltre-il-teatro-de-la-sena-si-fa-specchio-del-domani-tra-linguaggio-inclusivo-e-giustizia-climatica\\\/#primaryimage\"},\"image\":{\"@id\":\"https:\\\/\\\/www.bellunopress.it\\\/2026\\\/03\\\/18\\\/feltre-il-teatro-de-la-sena-si-fa-specchio-del-domani-tra-linguaggio-inclusivo-e-giustizia-climatica\\\/#primaryimage\"},\"thumbnailUrl\":\"https:\\\/\\\/www.bellunopress.it\\\/wp-content\\\/uploads\\\/2023\\\/08\\\/Flavia-Colle.jpg\",\"datePublished\":\"2026-03-18T07:31:06+00:00\",\"breadcrumb\":{\"@id\":\"https:\\\/\\\/www.bellunopress.it\\\/2026\\\/03\\\/18\\\/feltre-il-teatro-de-la-sena-si-fa-specchio-del-domani-tra-linguaggio-inclusivo-e-giustizia-climatica\\\/#breadcrumb\"},\"inLanguage\":\"fr-FR\",\"potentialAction\":[{\"@type\":\"ReadAction\",\"target\":[\"https:\\\/\\\/www.bellunopress.it\\\/2026\\\/03\\\/18\\\/feltre-il-teatro-de-la-sena-si-fa-specchio-del-domani-tra-linguaggio-inclusivo-e-giustizia-climatica\\\/\"]}]},{\"@type\":\"ImageObject\",\"inLanguage\":\"fr-FR\",\"@id\":\"https:\\\/\\\/www.bellunopress.it\\\/2026\\\/03\\\/18\\\/feltre-il-teatro-de-la-sena-si-fa-specchio-del-domani-tra-linguaggio-inclusivo-e-giustizia-climatica\\\/#primaryimage\",\"url\":\"https:\\\/\\\/www.bellunopress.it\\\/wp-content\\\/uploads\\\/2023\\\/08\\\/Flavia-Colle.jpg\",\"contentUrl\":\"https:\\\/\\\/www.bellunopress.it\\\/wp-content\\\/uploads\\\/2023\\\/08\\\/Flavia-Colle.jpg\",\"width\":463,\"height\":539,\"caption\":\"Flavia Colle, assessore Cultura, Formazione, Universit\u00e0, Politiche Giovanili, Comunicazione, Finanziamenti Europei e Gemellaggi Comune di Feltre\"},{\"@type\":\"BreadcrumbList\",\"@id\":\"https:\\\/\\\/www.bellunopress.it\\\/2026\\\/03\\\/18\\\/feltre-il-teatro-de-la-sena-si-fa-specchio-del-domani-tra-linguaggio-inclusivo-e-giustizia-climatica\\\/#breadcrumb\",\"itemListElement\":[{\"@type\":\"ListItem\",\"position\":1,\"name\":\"Home\",\"item\":\"https:\\\/\\\/www.bellunopress.it\\\/\"},{\"@type\":\"ListItem\",\"position\":2,\"name\":\"Feltre, il Teatro de la Sena si fa specchio del domani: tra linguaggio inclusivo e giustizia climatica\"}]},{\"@type\":\"WebSite\",\"@id\":\"https:\\\/\\\/www.bellunopress.it\\\/#website\",\"url\":\"https:\\\/\\\/www.bellunopress.it\\\/\",\"name\":\"Bellunopress - Dolomiti\",\"description\":\"e-mail: redazione@bellunopress.it\",\"publisher\":{\"@id\":\"https:\\\/\\\/www.bellunopress.it\\\/#organization\"},\"potentialAction\":[{\"@type\":\"SearchAction\",\"target\":{\"@type\":\"EntryPoint\",\"urlTemplate\":\"https:\\\/\\\/www.bellunopress.it\\\/?s={search_term_string}\"},\"query-input\":{\"@type\":\"PropertyValueSpecification\",\"valueRequired\":true,\"valueName\":\"search_term_string\"}}],\"inLanguage\":\"fr-FR\"},{\"@type\":\"Organization\",\"@id\":\"https:\\\/\\\/www.bellunopress.it\\\/#organization\",\"name\":\"Bellunopress\",\"url\":\"https:\\\/\\\/www.bellunopress.it\\\/\",\"logo\":{\"@type\":\"ImageObject\",\"inLanguage\":\"fr-FR\",\"@id\":\"https:\\\/\\\/www.bellunopress.it\\\/#\\\/schema\\\/logo\\\/image\\\/\",\"url\":\"https:\\\/\\\/www.bellunopress.it\\\/wp-content\\\/uploads\\\/2011\\\/05\\\/cropped-logo-bellunopress-.jpg\",\"contentUrl\":\"https:\\\/\\\/www.bellunopress.it\\\/wp-content\\\/uploads\\\/2011\\\/05\\\/cropped-logo-bellunopress-.jpg\",\"width\":512,\"height\":512,\"caption\":\"Bellunopress\"},\"image\":{\"@id\":\"https:\\\/\\\/www.bellunopress.it\\\/#\\\/schema\\\/logo\\\/image\\\/\"},\"sameAs\":[\"https:\\\/\\\/www.facebook.com\\\/profile.php?id=100008943462799\",\"https:\\\/\\\/x.com\\\/bellunopress\",\"https:\\\/\\\/www.linkedin.com\\\/hp\\\/?dnr=JBzUWaJfMUw8vbXJJ2tVW5-I3jZKvC4wsoxE&amp;amp;amp;amp;amp;amp;trk=nav_responsive_tab_home\",\"https:\\\/\\\/www.youtube.com\\\/channel\\\/UCxL0wu1uN0_3_7hGG0306cw\"]},{\"@type\":\"Person\",\"@id\":\"https:\\\/\\\/www.bellunopress.it\\\/#\\\/schema\\\/person\\\/79bb06722b37ece1c03d3e94beb30d73\",\"name\":\"redazione\",\"image\":{\"@type\":\"ImageObject\",\"inLanguage\":\"fr-FR\",\"@id\":\"https:\\\/\\\/secure.gravatar.com\\\/avatar\\\/37d968a2e67a6fd04c169c4bdef102d0bc5d31b2546345219e348575eb80e9a0?s=96&d=mm&r=g\",\"url\":\"https:\\\/\\\/secure.gravatar.com\\\/avatar\\\/37d968a2e67a6fd04c169c4bdef102d0bc5d31b2546345219e348575eb80e9a0?s=96&d=mm&r=g\",\"contentUrl\":\"https:\\\/\\\/secure.gravatar.com\\\/avatar\\\/37d968a2e67a6fd04c169c4bdef102d0bc5d31b2546345219e348575eb80e9a0?s=96&d=mm&r=g\",\"caption\":\"redazione\"},\"sameAs\":[\"http:\\\/\\\/www.bellunopress.it\",\"https:\\\/\\\/x.com\\\/bellunopress\"],\"url\":\"https:\\\/\\\/www.bellunopress.it\\\/fr\\\/author\\\/redazione\\\/\"}]}<\/script>\n<!-- \/ Yoast SEO plugin. -->","yoast_head_json":{"title":"Feltre, il Teatro de la Sena si fa specchio del domani: tra linguaggio inclusivo e giustizia climatica - Bellunopress - Dolomiti","robots":{"index":"index","follow":"follow","max-snippet":"max-snippet:-1","max-image-preview":"max-image-preview:large","max-video-preview":"max-video-preview:-1"},"canonical":"https:\/\/www.bellunopress.it\/fr\/2026\/03\/18\/feltre-il-teatro-de-la-sena-si-fa-specchio-del-domani-tra-linguaggio-inclusivo-e-giustizia-climatica\/","og_locale":"fr_FR","og_type":"article","og_title":"Feltre, il Teatro de la Sena si fa specchio del domani: tra linguaggio inclusivo e giustizia climatica - Bellunopress - Dolomiti","og_description":"Il 18 e 19 marzo, il festival &#8220;You and Me: We&#8221; ospita Vera Gheno e Martina Rogato per due serate dedicate alle sfide della parit\u00e0 di genere nel mondo contemporaneo. Feltre, 18\/03\/2026\u00a0\u2013 Il linguaggio che usiamo modella la realt\u00e0, ma la crisi climatica ne sta ridisegnando i confini. Esiste un filo rosso che lega il [&hellip;]","og_url":"https:\/\/www.bellunopress.it\/fr\/2026\/03\/18\/feltre-il-teatro-de-la-sena-si-fa-specchio-del-domani-tra-linguaggio-inclusivo-e-giustizia-climatica\/","og_site_name":"Bellunopress - Dolomiti","article_publisher":"https:\/\/www.facebook.com\/profile.php?id=100008943462799","article_published_time":"2026-03-18T07:31:06+00:00","og_image":[{"width":463,"height":539,"url":"https:\/\/www.bellunopress.it\/wp-content\/uploads\/2023\/08\/Flavia-Colle.jpg","type":"image\/jpeg"}],"author":"redazione","twitter_card":"summary_large_image","twitter_creator":"@bellunopress","twitter_site":"@bellunopress","twitter_misc":{"\u00c9crit par":"redazione","Dur\u00e9e de lecture estim\u00e9e":"2 minutes"},"schema":{"@context":"https:\/\/schema.org","@graph":[{"@type":"Article","@id":"https:\/\/www.bellunopress.it\/2026\/03\/18\/feltre-il-teatro-de-la-sena-si-fa-specchio-del-domani-tra-linguaggio-inclusivo-e-giustizia-climatica\/#article","isPartOf":{"@id":"https:\/\/www.bellunopress.it\/2026\/03\/18\/feltre-il-teatro-de-la-sena-si-fa-specchio-del-domani-tra-linguaggio-inclusivo-e-giustizia-climatica\/"},"author":{"name":"redazione","@id":"https:\/\/www.bellunopress.it\/#\/schema\/person\/79bb06722b37ece1c03d3e94beb30d73"},"headline":"Feltre, il Teatro de la Sena si fa specchio del domani: tra linguaggio inclusivo e giustizia climatica","datePublished":"2026-03-18T07:31:06+00:00","mainEntityOfPage":{"@id":"https:\/\/www.bellunopress.it\/2026\/03\/18\/feltre-il-teatro-de-la-sena-si-fa-specchio-del-domani-tra-linguaggio-inclusivo-e-giustizia-climatica\/"},"wordCount":422,"publisher":{"@id":"https:\/\/www.bellunopress.it\/#organization"},"image":{"@id":"https:\/\/www.bellunopress.it\/2026\/03\/18\/feltre-il-teatro-de-la-sena-si-fa-specchio-del-domani-tra-linguaggio-inclusivo-e-giustizia-climatica\/#primaryimage"},"thumbnailUrl":"https:\/\/www.bellunopress.it\/wp-content\/uploads\/2023\/08\/Flavia-Colle.jpg","articleSection":["Appuntamenti, Eventi","Arte, Cultura, Spettacoli, Scienza","Pausa Caff\u00e8"],"inLanguage":"fr-FR"},{"@type":"WebPage","@id":"https:\/\/www.bellunopress.it\/2026\/03\/18\/feltre-il-teatro-de-la-sena-si-fa-specchio-del-domani-tra-linguaggio-inclusivo-e-giustizia-climatica\/","url":"https:\/\/www.bellunopress.it\/2026\/03\/18\/feltre-il-teatro-de-la-sena-si-fa-specchio-del-domani-tra-linguaggio-inclusivo-e-giustizia-climatica\/","name":"Feltre, il Teatro de la Sena si fa specchio del domani: tra linguaggio inclusivo e giustizia climatica - Bellunopress - Dolomiti","isPartOf":{"@id":"https:\/\/www.bellunopress.it\/#website"},"primaryImageOfPage":{"@id":"https:\/\/www.bellunopress.it\/2026\/03\/18\/feltre-il-teatro-de-la-sena-si-fa-specchio-del-domani-tra-linguaggio-inclusivo-e-giustizia-climatica\/#primaryimage"},"image":{"@id":"https:\/\/www.bellunopress.it\/2026\/03\/18\/feltre-il-teatro-de-la-sena-si-fa-specchio-del-domani-tra-linguaggio-inclusivo-e-giustizia-climatica\/#primaryimage"},"thumbnailUrl":"https:\/\/www.bellunopress.it\/wp-content\/uploads\/2023\/08\/Flavia-Colle.jpg","datePublished":"2026-03-18T07:31:06+00:00","breadcrumb":{"@id":"https:\/\/www.bellunopress.it\/2026\/03\/18\/feltre-il-teatro-de-la-sena-si-fa-specchio-del-domani-tra-linguaggio-inclusivo-e-giustizia-climatica\/#breadcrumb"},"inLanguage":"fr-FR","potentialAction":[{"@type":"ReadAction","target":["https:\/\/www.bellunopress.it\/2026\/03\/18\/feltre-il-teatro-de-la-sena-si-fa-specchio-del-domani-tra-linguaggio-inclusivo-e-giustizia-climatica\/"]}]},{"@type":"ImageObject","inLanguage":"fr-FR","@id":"https:\/\/www.bellunopress.it\/2026\/03\/18\/feltre-il-teatro-de-la-sena-si-fa-specchio-del-domani-tra-linguaggio-inclusivo-e-giustizia-climatica\/#primaryimage","url":"https:\/\/www.bellunopress.it\/wp-content\/uploads\/2023\/08\/Flavia-Colle.jpg","contentUrl":"https:\/\/www.bellunopress.it\/wp-content\/uploads\/2023\/08\/Flavia-Colle.jpg","width":463,"height":539,"caption":"Flavia Colle, assessore Cultura, Formazione, Universit\u00e0, Politiche Giovanili, Comunicazione, Finanziamenti Europei e Gemellaggi Comune di Feltre"},{"@type":"BreadcrumbList","@id":"https:\/\/www.bellunopress.it\/2026\/03\/18\/feltre-il-teatro-de-la-sena-si-fa-specchio-del-domani-tra-linguaggio-inclusivo-e-giustizia-climatica\/#breadcrumb","itemListElement":[{"@type":"ListItem","position":1,"name":"Home","item":"https:\/\/www.bellunopress.it\/"},{"@type":"ListItem","position":2,"name":"Feltre, il Teatro de la Sena si fa specchio del domani: tra linguaggio inclusivo e giustizia climatica"}]},{"@type":"WebSite","@id":"https:\/\/www.bellunopress.it\/#website","url":"https:\/\/www.bellunopress.it\/","name":"Bellunopress - Dolomiti","description":"e-mail: redazione@bellunopress.it","publisher":{"@id":"https:\/\/www.bellunopress.it\/#organization"},"potentialAction":[{"@type":"SearchAction","target":{"@type":"EntryPoint","urlTemplate":"https:\/\/www.bellunopress.it\/?s={search_term_string}"},"query-input":{"@type":"PropertyValueSpecification","valueRequired":true,"valueName":"search_term_string"}}],"inLanguage":"fr-FR"},{"@type":"Organization","@id":"https:\/\/www.bellunopress.it\/#organization","name":"Bellunopress","url":"https:\/\/www.bellunopress.it\/","logo":{"@type":"ImageObject","inLanguage":"fr-FR","@id":"https:\/\/www.bellunopress.it\/#\/schema\/logo\/image\/","url":"https:\/\/www.bellunopress.it\/wp-content\/uploads\/2011\/05\/cropped-logo-bellunopress-.jpg","contentUrl":"https:\/\/www.bellunopress.it\/wp-content\/uploads\/2011\/05\/cropped-logo-bellunopress-.jpg","width":512,"height":512,"caption":"Bellunopress"},"image":{"@id":"https:\/\/www.bellunopress.it\/#\/schema\/logo\/image\/"},"sameAs":["https:\/\/www.facebook.com\/profile.php?id=100008943462799","https:\/\/x.com\/bellunopress","https:\/\/www.linkedin.com\/hp\/?dnr=JBzUWaJfMUw8vbXJJ2tVW5-I3jZKvC4wsoxE&amp;amp;amp;amp;amp;amp;trk=nav_responsive_tab_home","https:\/\/www.youtube.com\/channel\/UCxL0wu1uN0_3_7hGG0306cw"]},{"@type":"Person","@id":"https:\/\/www.bellunopress.it\/#\/schema\/person\/79bb06722b37ece1c03d3e94beb30d73","name":"r\u00e9daction","image":{"@type":"ImageObject","inLanguage":"fr-FR","@id":"https:\/\/secure.gravatar.com\/avatar\/37d968a2e67a6fd04c169c4bdef102d0bc5d31b2546345219e348575eb80e9a0?s=96&d=mm&r=g","url":"https:\/\/secure.gravatar.com\/avatar\/37d968a2e67a6fd04c169c4bdef102d0bc5d31b2546345219e348575eb80e9a0?s=96&d=mm&r=g","contentUrl":"https:\/\/secure.gravatar.com\/avatar\/37d968a2e67a6fd04c169c4bdef102d0bc5d31b2546345219e348575eb80e9a0?s=96&d=mm&r=g","caption":"redazione"},"sameAs":["http:\/\/www.bellunopress.it","https:\/\/x.com\/bellunopress"],"url":"https:\/\/www.bellunopress.it\/fr\/author\/redazione\/"}]}},"_links":{"self":[{"href":"https:\/\/www.bellunopress.it\/fr\/wp-json\/wp\/v2\/posts\/168286","targetHints":{"allow":["GET"]}}],"collection":[{"href":"https:\/\/www.bellunopress.it\/fr\/wp-json\/wp\/v2\/posts"}],"about":[{"href":"https:\/\/www.bellunopress.it\/fr\/wp-json\/wp\/v2\/types\/post"}],"author":[{"embeddable":true,"href":"https:\/\/www.bellunopress.it\/fr\/wp-json\/wp\/v2\/users\/2"}],"replies":[{"embeddable":true,"href":"https:\/\/www.bellunopress.it\/fr\/wp-json\/wp\/v2\/comments?post=168286"}],"version-history":[{"count":1,"href":"https:\/\/www.bellunopress.it\/fr\/wp-json\/wp\/v2\/posts\/168286\/revisions"}],"predecessor-version":[{"id":168287,"href":"https:\/\/www.bellunopress.it\/fr\/wp-json\/wp\/v2\/posts\/168286\/revisions\/168287"}],"wp:featuredmedia":[{"embeddable":true,"href":"https:\/\/www.bellunopress.it\/fr\/wp-json\/wp\/v2\/media\/143632"}],"wp:attachment":[{"href":"https:\/\/www.bellunopress.it\/fr\/wp-json\/wp\/v2\/media?parent=168286"}],"wp:term":[{"taxonomy":"category","embeddable":true,"href":"https:\/\/www.bellunopress.it\/fr\/wp-json\/wp\/v2\/categories?post=168286"},{"taxonomy":"post_tag","embeddable":true,"href":"https:\/\/www.bellunopress.it\/fr\/wp-json\/wp\/v2\/tags?post=168286"}],"curies":[{"name":"wp","href":"https:\/\/api.w.org\/{rel}","templated":true}]}}