{"id":168272,"date":"2026-03-18T09:14:32","date_gmt":"2026-03-18T08:14:32","guid":{"rendered":"https:\/\/www.bellunopress.it\/?p=168272"},"modified":"2026-03-18T06:22:51","modified_gmt":"2026-03-18T05:22:51","slug":"venerdi-e-sabato-gli-incontri-della-ulss-dolomiti-malattie-infiammatorie-e-open-day-per-mamme-e-papa","status":"publish","type":"post","link":"https:\/\/www.bellunopress.it\/fr\/2026\/03\/18\/venerdi-e-sabato-gli-incontri-della-ulss-dolomiti-malattie-infiammatorie-e-open-day-per-mamme-e-papa\/","title":{"rendered":"Venerd\u00ec e sabato, gli incontri della Ulss Dolomiti: malattie infiammatorie e open day per mamme e pap\u00e0"},"content":{"rendered":"<p><strong>Malattie Infiammatorie Croniche Intestinali (MICI): parliamone con gli specialisti<\/strong><\/p>\n<p>L\u2019unit\u00e0 operativa di Gastroenterologia dell\u2019Ospedale di Belluno incontra i pazienti con Malattie Infiammatorie Croniche Intestinali (MICI) per un pomeriggio di informazione e confronto con l\u2019obiettivo di promuovere un momento di approfondimento dedicato per chiarire dubbi e sentirsi parte di una comunit\u00e0.<\/p>\n<p>L\u2019appuntamento, in collaborazione con l\u2019Associazione Nazionale AMICI, \u00e8 per <strong>venerd\u00ec 20 marzo 2026 alle 16.00 nella sala convegni dell\u2019ospedale di Belluno<\/strong>. Durante l\u2019incontro con gli esperti saranno affrontati diversi temi, quali la gestione dei sintomi e la qualit\u00e0 della vita, l\u2019attivit\u00e0 dell\u2019ambulatorio dedicato alle MICI, l\u2019attivit\u00e0 fisica e l\u2019alimentazione con consigli pratici.<\/p>\n<p>Il pomeriggio si aprir\u00e0 con i saluti istituzionali alla presenza di Michele De Col &#8211; Presidente AMICI Italia sezione Veneto, Giuseppe Dal Ben &#8211; Commissario Ulss Dolomiti, Maria Caterina De Marco &#8211; Direttore Sanitario Ulss Dolomiti e Bastianello German\u00e0 &#8211; Direttore UOC Gastroenterologia di Belluno.<\/p>\n<p>Seguiranno i seguenti interventi:<\/p>\n<ul>\n<li><strong>Come convivere con la malattia: sintomi e qualit\u00e0 della vita<\/strong><\/li>\n<\/ul>\n<p><em>Dott. Marco Alonge<\/em><\/p>\n<ul>\n<li><strong>L&#8217;ambulatorio dedicato ai pazienti con MICI a Belluno<\/strong><\/li>\n<\/ul>\n<p><em>\u00a0\u00a0\u00a0\u00a0\u00a0\u00a0\u00a0\u00a0\u00a0\u00a0\u00a0 Dott.ssa Elisabetta Dal Pont, Infermiera Cristina Ferraro<\/em><\/p>\n<ul>\n<li><strong>Attivit\u00e0 fisica e MICI: muoviti e gestisci la malattia<\/strong><\/li>\n<\/ul>\n<p><em>Dott.ssa Elena Soravia<\/em><\/p>\n<ul>\n<li><strong>L&#8217;alimentazione nelle MICI: le evidenze e qualche suggerimento pratico<\/strong><\/li>\n<\/ul>\n<p><em>\u00a0\u00a0\u00a0\u00a0\u00a0\u00a0\u00a0\u00a0\u00a0\u00a0\u00a0 Dott.ssa Jessica Luisetto<\/em><\/p>\n<p>L\u2019incontro si concluder\u00e0 con uno spazio aperto per le domande dei partecipanti.<\/p>\n<p><strong>Per iscrizioni e per ulteriori informazioni sul programma<\/strong> \u00e8 possibile visitare la pagina dedicata:\u00a0https:\/\/amici.tv\/3Meilue<\/p>\n<p>________________________________________________________________________<\/p>\n<p><strong>Nascere a Belluno: prossimo open day per mamme e pap\u00e0<\/strong><\/p>\n<p>Proseguono gli open day nell\u2019ambito dell\u2019iniziativa \u201cNascere a Belluno\u201d promossa dall\u2019Ulss Dolomiti con l\u2019unit\u00e0 operativa di Ostetricia e Ginecologia dell\u2019ospedale di Belluno.<\/p>\n<p>Il prossimo appuntamento, dedicato alle mamme dalla 35\u00b0 settimana di gravidanza e ai pap\u00e0, si terr\u00e0 <strong>sabato 21 marzo 2026 alle 14.30<\/strong> <strong>nella sala riunioni dell\u2019Ospedale San Martino di Belluno (2\u00b0 piano, blocco E)<\/strong>. Durante l\u2019incontro con le ostetriche saranno illustrati il punto nascita e i percorsi di assistenza.<\/p>\n<p>Per partecipare \u00e8 possibile iscriversi scrivendo una mail a ginecologia.bl.rep@aulss1.veneto.it (all\u2019incontro indossare abbigliamento comodo e portare un materassino).<\/p>","protected":false},"excerpt":{"rendered":"<p>Malattie Infiammatorie Croniche Intestinali (MICI): parliamone con gli specialisti L\u2019unit\u00e0 operativa di Gastroenterologia dell\u2019Ospedale di Belluno incontra i pazienti con Malattie Infiammatorie Croniche Intestinali (MICI) per un pomeriggio di informazione e confronto con l\u2019obiettivo di promuovere un momento di approfondimento dedicato per chiarire dubbi e sentirsi parte di una comunit\u00e0. L\u2019appuntamento, in collaborazione con l\u2019Associazione [&hellip;]<\/p>\n","protected":false},"author":2,"featured_media":112649,"comment_status":"closed","ping_status":"open","sticky":false,"template":"","format":"standard","meta":{"footnotes":""},"categories":[25,17,8],"tags":[],"class_list":["post-168272","post","type-post","status-publish","format-standard","has-post-thumbnail","category-pausa-caffe","category-sanita","category-societa-istituzioni"],"yoast_head":"<!-- This site is optimized with the Yoast SEO plugin v28.4 - https:\/\/yoast.com\/product\/yoast-seo-wordpress\/ -->\n<title>Venerd\u00ec e sabato, gli incontri della Ulss Dolomiti: malattie infiammatorie e open day per mamme e pap\u00e0 - Bellunopress - Dolomiti<\/title>\n<meta name=\"robots\" content=\"index, follow, max-snippet:-1, max-image-preview:large, max-video-preview:-1\" \/>\n<link rel=\"canonical\" href=\"https:\/\/www.bellunopress.it\/fr\/2026\/03\/18\/venerdi-e-sabato-gli-incontri-della-ulss-dolomiti-malattie-infiammatorie-e-open-day-per-mamme-e-papa\/\" \/>\n<meta property=\"og:locale\" content=\"fr_FR\" \/>\n<meta property=\"og:type\" content=\"article\" \/>\n<meta property=\"og:title\" content=\"Venerd\u00ec e sabato, gli incontri della Ulss Dolomiti: malattie infiammatorie e open day per mamme e pap\u00e0 - Bellunopress - Dolomiti\" \/>\n<meta property=\"og:description\" content=\"Malattie Infiammatorie Croniche Intestinali (MICI): parliamone con gli specialisti L\u2019unit\u00e0 operativa di Gastroenterologia dell\u2019Ospedale di Belluno incontra i pazienti con Malattie Infiammatorie Croniche Intestinali (MICI) per un pomeriggio di informazione e confronto con l\u2019obiettivo di promuovere un momento di approfondimento dedicato per chiarire dubbi e sentirsi parte di una comunit\u00e0. L\u2019appuntamento, in collaborazione con l\u2019Associazione [&hellip;]\" \/>\n<meta property=\"og:url\" content=\"https:\/\/www.bellunopress.it\/fr\/2026\/03\/18\/venerdi-e-sabato-gli-incontri-della-ulss-dolomiti-malattie-infiammatorie-e-open-day-per-mamme-e-papa\/\" \/>\n<meta property=\"og:site_name\" content=\"Bellunopress - Dolomiti\" \/>\n<meta property=\"article:publisher\" content=\"https:\/\/www.facebook.com\/profile.php?id=100008943462799\" \/>\n<meta property=\"article:published_time\" content=\"2026-03-18T08:14:32+00:00\" \/>\n<meta property=\"og:image\" content=\"https:\/\/www.bellunopress.it\/wp-content\/uploads\/2020\/03\/ospedale-pronto-soccorso.jpg\" \/>\n\t<meta property=\"og:image:width\" content=\"900\" \/>\n\t<meta property=\"og:image:height\" content=\"707\" \/>\n\t<meta property=\"og:image:type\" content=\"image\/jpeg\" \/>\n<meta name=\"author\" content=\"redazione\" \/>\n<meta name=\"twitter:card\" content=\"summary_large_image\" \/>\n<meta name=\"twitter:creator\" content=\"@bellunopress\" \/>\n<meta name=\"twitter:site\" content=\"@bellunopress\" \/>\n<meta name=\"twitter:label1\" content=\"\u00c9crit par\" \/>\n\t<meta name=\"twitter:data1\" content=\"redazione\" \/>\n\t<meta name=\"twitter:label2\" content=\"Dur\u00e9e de lecture estim\u00e9e\" \/>\n\t<meta name=\"twitter:data2\" content=\"2 minutes\" \/>\n<script type=\"application\/ld+json\" class=\"yoast-schema-graph\">{\"@context\":\"https:\\\/\\\/schema.org\",\"@graph\":[{\"@type\":\"Article\",\"@id\":\"https:\\\/\\\/www.bellunopress.it\\\/2026\\\/03\\\/18\\\/venerdi-e-sabato-gli-incontri-della-ulss-dolomiti-malattie-infiammatorie-e-open-day-per-mamme-e-papa\\\/#article\",\"isPartOf\":{\"@id\":\"https:\\\/\\\/www.bellunopress.it\\\/2026\\\/03\\\/18\\\/venerdi-e-sabato-gli-incontri-della-ulss-dolomiti-malattie-infiammatorie-e-open-day-per-mamme-e-papa\\\/\"},\"author\":{\"name\":\"redazione\",\"@id\":\"https:\\\/\\\/www.bellunopress.it\\\/#\\\/schema\\\/person\\\/79bb06722b37ece1c03d3e94beb30d73\"},\"headline\":\"Venerd\u00ec e sabato, gli incontri della Ulss Dolomiti: malattie infiammatorie e open day per mamme e pap\u00e0\",\"datePublished\":\"2026-03-18T08:14:32+00:00\",\"mainEntityOfPage\":{\"@id\":\"https:\\\/\\\/www.bellunopress.it\\\/2026\\\/03\\\/18\\\/venerdi-e-sabato-gli-incontri-della-ulss-dolomiti-malattie-infiammatorie-e-open-day-per-mamme-e-papa\\\/\"},\"wordCount\":368,\"publisher\":{\"@id\":\"https:\\\/\\\/www.bellunopress.it\\\/#organization\"},\"image\":{\"@id\":\"https:\\\/\\\/www.bellunopress.it\\\/2026\\\/03\\\/18\\\/venerdi-e-sabato-gli-incontri-della-ulss-dolomiti-malattie-infiammatorie-e-open-day-per-mamme-e-papa\\\/#primaryimage\"},\"thumbnailUrl\":\"https:\\\/\\\/www.bellunopress.it\\\/wp-content\\\/uploads\\\/2020\\\/03\\\/ospedale-pronto-soccorso.jpg\",\"articleSection\":[\"Pausa Caff\u00e8\",\"Sanit\u00e0 Medicina\",\"Societ\u00e0, Associazioni, Istituzioni\"],\"inLanguage\":\"fr-FR\"},{\"@type\":\"WebPage\",\"@id\":\"https:\\\/\\\/www.bellunopress.it\\\/2026\\\/03\\\/18\\\/venerdi-e-sabato-gli-incontri-della-ulss-dolomiti-malattie-infiammatorie-e-open-day-per-mamme-e-papa\\\/\",\"url\":\"https:\\\/\\\/www.bellunopress.it\\\/2026\\\/03\\\/18\\\/venerdi-e-sabato-gli-incontri-della-ulss-dolomiti-malattie-infiammatorie-e-open-day-per-mamme-e-papa\\\/\",\"name\":\"Venerd\u00ec e sabato, gli incontri della Ulss Dolomiti: malattie infiammatorie e open day per mamme e pap\u00e0 - Bellunopress - Dolomiti\",\"isPartOf\":{\"@id\":\"https:\\\/\\\/www.bellunopress.it\\\/#website\"},\"primaryImageOfPage\":{\"@id\":\"https:\\\/\\\/www.bellunopress.it\\\/2026\\\/03\\\/18\\\/venerdi-e-sabato-gli-incontri-della-ulss-dolomiti-malattie-infiammatorie-e-open-day-per-mamme-e-papa\\\/#primaryimage\"},\"image\":{\"@id\":\"https:\\\/\\\/www.bellunopress.it\\\/2026\\\/03\\\/18\\\/venerdi-e-sabato-gli-incontri-della-ulss-dolomiti-malattie-infiammatorie-e-open-day-per-mamme-e-papa\\\/#primaryimage\"},\"thumbnailUrl\":\"https:\\\/\\\/www.bellunopress.it\\\/wp-content\\\/uploads\\\/2020\\\/03\\\/ospedale-pronto-soccorso.jpg\",\"datePublished\":\"2026-03-18T08:14:32+00:00\",\"breadcrumb\":{\"@id\":\"https:\\\/\\\/www.bellunopress.it\\\/2026\\\/03\\\/18\\\/venerdi-e-sabato-gli-incontri-della-ulss-dolomiti-malattie-infiammatorie-e-open-day-per-mamme-e-papa\\\/#breadcrumb\"},\"inLanguage\":\"fr-FR\",\"potentialAction\":[{\"@type\":\"ReadAction\",\"target\":[\"https:\\\/\\\/www.bellunopress.it\\\/2026\\\/03\\\/18\\\/venerdi-e-sabato-gli-incontri-della-ulss-dolomiti-malattie-infiammatorie-e-open-day-per-mamme-e-papa\\\/\"]}]},{\"@type\":\"ImageObject\",\"inLanguage\":\"fr-FR\",\"@id\":\"https:\\\/\\\/www.bellunopress.it\\\/2026\\\/03\\\/18\\\/venerdi-e-sabato-gli-incontri-della-ulss-dolomiti-malattie-infiammatorie-e-open-day-per-mamme-e-papa\\\/#primaryimage\",\"url\":\"https:\\\/\\\/www.bellunopress.it\\\/wp-content\\\/uploads\\\/2020\\\/03\\\/ospedale-pronto-soccorso.jpg\",\"contentUrl\":\"https:\\\/\\\/www.bellunopress.it\\\/wp-content\\\/uploads\\\/2020\\\/03\\\/ospedale-pronto-soccorso.jpg\",\"width\":900,\"height\":707,\"caption\":\"Ospedale \\\"San Martino\\\" di Belluno\"},{\"@type\":\"BreadcrumbList\",\"@id\":\"https:\\\/\\\/www.bellunopress.it\\\/2026\\\/03\\\/18\\\/venerdi-e-sabato-gli-incontri-della-ulss-dolomiti-malattie-infiammatorie-e-open-day-per-mamme-e-papa\\\/#breadcrumb\",\"itemListElement\":[{\"@type\":\"ListItem\",\"position\":1,\"name\":\"Home\",\"item\":\"https:\\\/\\\/www.bellunopress.it\\\/\"},{\"@type\":\"ListItem\",\"position\":2,\"name\":\"Venerd\u00ec e sabato, gli incontri della Ulss Dolomiti: malattie infiammatorie e open day per mamme e pap\u00e0\"}]},{\"@type\":\"WebSite\",\"@id\":\"https:\\\/\\\/www.bellunopress.it\\\/#website\",\"url\":\"https:\\\/\\\/www.bellunopress.it\\\/\",\"name\":\"Bellunopress - Dolomiti\",\"description\":\"e-mail: redazione@bellunopress.it\",\"publisher\":{\"@id\":\"https:\\\/\\\/www.bellunopress.it\\\/#organization\"},\"potentialAction\":[{\"@type\":\"SearchAction\",\"target\":{\"@type\":\"EntryPoint\",\"urlTemplate\":\"https:\\\/\\\/www.bellunopress.it\\\/?s={search_term_string}\"},\"query-input\":{\"@type\":\"PropertyValueSpecification\",\"valueRequired\":true,\"valueName\":\"search_term_string\"}}],\"inLanguage\":\"fr-FR\"},{\"@type\":\"Organization\",\"@id\":\"https:\\\/\\\/www.bellunopress.it\\\/#organization\",\"name\":\"Bellunopress\",\"url\":\"https:\\\/\\\/www.bellunopress.it\\\/\",\"logo\":{\"@type\":\"ImageObject\",\"inLanguage\":\"fr-FR\",\"@id\":\"https:\\\/\\\/www.bellunopress.it\\\/#\\\/schema\\\/logo\\\/image\\\/\",\"url\":\"https:\\\/\\\/www.bellunopress.it\\\/wp-content\\\/uploads\\\/2011\\\/05\\\/cropped-logo-bellunopress-.jpg\",\"contentUrl\":\"https:\\\/\\\/www.bellunopress.it\\\/wp-content\\\/uploads\\\/2011\\\/05\\\/cropped-logo-bellunopress-.jpg\",\"width\":512,\"height\":512,\"caption\":\"Bellunopress\"},\"image\":{\"@id\":\"https:\\\/\\\/www.bellunopress.it\\\/#\\\/schema\\\/logo\\\/image\\\/\"},\"sameAs\":[\"https:\\\/\\\/www.facebook.com\\\/profile.php?id=100008943462799\",\"https:\\\/\\\/x.com\\\/bellunopress\",\"https:\\\/\\\/www.linkedin.com\\\/hp\\\/?dnr=JBzUWaJfMUw8vbXJJ2tVW5-I3jZKvC4wsoxE&amp;amp;amp;amp;amp;amp;trk=nav_responsive_tab_home\",\"https:\\\/\\\/www.youtube.com\\\/channel\\\/UCxL0wu1uN0_3_7hGG0306cw\"]},{\"@type\":\"Person\",\"@id\":\"https:\\\/\\\/www.bellunopress.it\\\/#\\\/schema\\\/person\\\/79bb06722b37ece1c03d3e94beb30d73\",\"name\":\"redazione\",\"image\":{\"@type\":\"ImageObject\",\"inLanguage\":\"fr-FR\",\"@id\":\"https:\\\/\\\/secure.gravatar.com\\\/avatar\\\/37d968a2e67a6fd04c169c4bdef102d0bc5d31b2546345219e348575eb80e9a0?s=96&d=mm&r=g\",\"url\":\"https:\\\/\\\/secure.gravatar.com\\\/avatar\\\/37d968a2e67a6fd04c169c4bdef102d0bc5d31b2546345219e348575eb80e9a0?s=96&d=mm&r=g\",\"contentUrl\":\"https:\\\/\\\/secure.gravatar.com\\\/avatar\\\/37d968a2e67a6fd04c169c4bdef102d0bc5d31b2546345219e348575eb80e9a0?s=96&d=mm&r=g\",\"caption\":\"redazione\"},\"sameAs\":[\"http:\\\/\\\/www.bellunopress.it\",\"https:\\\/\\\/x.com\\\/bellunopress\"],\"url\":\"https:\\\/\\\/www.bellunopress.it\\\/fr\\\/author\\\/redazione\\\/\"}]}<\/script>\n<!-- \/ Yoast SEO plugin. -->","yoast_head_json":{"title":"Venerd\u00ec e sabato, gli incontri della Ulss Dolomiti: malattie infiammatorie e open day per mamme e pap\u00e0 - Bellunopress - Dolomiti","robots":{"index":"index","follow":"follow","max-snippet":"max-snippet:-1","max-image-preview":"max-image-preview:large","max-video-preview":"max-video-preview:-1"},"canonical":"https:\/\/www.bellunopress.it\/fr\/2026\/03\/18\/venerdi-e-sabato-gli-incontri-della-ulss-dolomiti-malattie-infiammatorie-e-open-day-per-mamme-e-papa\/","og_locale":"fr_FR","og_type":"article","og_title":"Venerd\u00ec e sabato, gli incontri della Ulss Dolomiti: malattie infiammatorie e open day per mamme e pap\u00e0 - Bellunopress - Dolomiti","og_description":"Malattie Infiammatorie Croniche Intestinali (MICI): parliamone con gli specialisti L\u2019unit\u00e0 operativa di Gastroenterologia dell\u2019Ospedale di Belluno incontra i pazienti con Malattie Infiammatorie Croniche Intestinali (MICI) per un pomeriggio di informazione e confronto con l\u2019obiettivo di promuovere un momento di approfondimento dedicato per chiarire dubbi e sentirsi parte di una comunit\u00e0. L\u2019appuntamento, in collaborazione con l\u2019Associazione [&hellip;]","og_url":"https:\/\/www.bellunopress.it\/fr\/2026\/03\/18\/venerdi-e-sabato-gli-incontri-della-ulss-dolomiti-malattie-infiammatorie-e-open-day-per-mamme-e-papa\/","og_site_name":"Bellunopress - Dolomiti","article_publisher":"https:\/\/www.facebook.com\/profile.php?id=100008943462799","article_published_time":"2026-03-18T08:14:32+00:00","og_image":[{"width":900,"height":707,"url":"https:\/\/www.bellunopress.it\/wp-content\/uploads\/2020\/03\/ospedale-pronto-soccorso.jpg","type":"image\/jpeg"}],"author":"redazione","twitter_card":"summary_large_image","twitter_creator":"@bellunopress","twitter_site":"@bellunopress","twitter_misc":{"\u00c9crit par":"redazione","Dur\u00e9e de lecture estim\u00e9e":"2 minutes"},"schema":{"@context":"https:\/\/schema.org","@graph":[{"@type":"Article","@id":"https:\/\/www.bellunopress.it\/2026\/03\/18\/venerdi-e-sabato-gli-incontri-della-ulss-dolomiti-malattie-infiammatorie-e-open-day-per-mamme-e-papa\/#article","isPartOf":{"@id":"https:\/\/www.bellunopress.it\/2026\/03\/18\/venerdi-e-sabato-gli-incontri-della-ulss-dolomiti-malattie-infiammatorie-e-open-day-per-mamme-e-papa\/"},"author":{"name":"redazione","@id":"https:\/\/www.bellunopress.it\/#\/schema\/person\/79bb06722b37ece1c03d3e94beb30d73"},"headline":"Venerd\u00ec e sabato, gli incontri della Ulss Dolomiti: malattie infiammatorie e open day per mamme e pap\u00e0","datePublished":"2026-03-18T08:14:32+00:00","mainEntityOfPage":{"@id":"https:\/\/www.bellunopress.it\/2026\/03\/18\/venerdi-e-sabato-gli-incontri-della-ulss-dolomiti-malattie-infiammatorie-e-open-day-per-mamme-e-papa\/"},"wordCount":368,"publisher":{"@id":"https:\/\/www.bellunopress.it\/#organization"},"image":{"@id":"https:\/\/www.bellunopress.it\/2026\/03\/18\/venerdi-e-sabato-gli-incontri-della-ulss-dolomiti-malattie-infiammatorie-e-open-day-per-mamme-e-papa\/#primaryimage"},"thumbnailUrl":"https:\/\/www.bellunopress.it\/wp-content\/uploads\/2020\/03\/ospedale-pronto-soccorso.jpg","articleSection":["Pausa Caff\u00e8","Sanit\u00e0 Medicina","Societ\u00e0, Associazioni, Istituzioni"],"inLanguage":"fr-FR"},{"@type":"WebPage","@id":"https:\/\/www.bellunopress.it\/2026\/03\/18\/venerdi-e-sabato-gli-incontri-della-ulss-dolomiti-malattie-infiammatorie-e-open-day-per-mamme-e-papa\/","url":"https:\/\/www.bellunopress.it\/2026\/03\/18\/venerdi-e-sabato-gli-incontri-della-ulss-dolomiti-malattie-infiammatorie-e-open-day-per-mamme-e-papa\/","name":"Venerd\u00ec e sabato, gli incontri della Ulss Dolomiti: malattie infiammatorie e open day per mamme e pap\u00e0 - Bellunopress - Dolomiti","isPartOf":{"@id":"https:\/\/www.bellunopress.it\/#website"},"primaryImageOfPage":{"@id":"https:\/\/www.bellunopress.it\/2026\/03\/18\/venerdi-e-sabato-gli-incontri-della-ulss-dolomiti-malattie-infiammatorie-e-open-day-per-mamme-e-papa\/#primaryimage"},"image":{"@id":"https:\/\/www.bellunopress.it\/2026\/03\/18\/venerdi-e-sabato-gli-incontri-della-ulss-dolomiti-malattie-infiammatorie-e-open-day-per-mamme-e-papa\/#primaryimage"},"thumbnailUrl":"https:\/\/www.bellunopress.it\/wp-content\/uploads\/2020\/03\/ospedale-pronto-soccorso.jpg","datePublished":"2026-03-18T08:14:32+00:00","breadcrumb":{"@id":"https:\/\/www.bellunopress.it\/2026\/03\/18\/venerdi-e-sabato-gli-incontri-della-ulss-dolomiti-malattie-infiammatorie-e-open-day-per-mamme-e-papa\/#breadcrumb"},"inLanguage":"fr-FR","potentialAction":[{"@type":"ReadAction","target":["https:\/\/www.bellunopress.it\/2026\/03\/18\/venerdi-e-sabato-gli-incontri-della-ulss-dolomiti-malattie-infiammatorie-e-open-day-per-mamme-e-papa\/"]}]},{"@type":"ImageObject","inLanguage":"fr-FR","@id":"https:\/\/www.bellunopress.it\/2026\/03\/18\/venerdi-e-sabato-gli-incontri-della-ulss-dolomiti-malattie-infiammatorie-e-open-day-per-mamme-e-papa\/#primaryimage","url":"https:\/\/www.bellunopress.it\/wp-content\/uploads\/2020\/03\/ospedale-pronto-soccorso.jpg","contentUrl":"https:\/\/www.bellunopress.it\/wp-content\/uploads\/2020\/03\/ospedale-pronto-soccorso.jpg","width":900,"height":707,"caption":"Ospedale \"San Martino\" di Belluno"},{"@type":"BreadcrumbList","@id":"https:\/\/www.bellunopress.it\/2026\/03\/18\/venerdi-e-sabato-gli-incontri-della-ulss-dolomiti-malattie-infiammatorie-e-open-day-per-mamme-e-papa\/#breadcrumb","itemListElement":[{"@type":"ListItem","position":1,"name":"Home","item":"https:\/\/www.bellunopress.it\/"},{"@type":"ListItem","position":2,"name":"Venerd\u00ec e sabato, gli incontri della Ulss Dolomiti: malattie infiammatorie e open day per mamme e pap\u00e0"}]},{"@type":"WebSite","@id":"https:\/\/www.bellunopress.it\/#website","url":"https:\/\/www.bellunopress.it\/","name":"Bellunopress - Dolomiti","description":"e-mail: redazione@bellunopress.it","publisher":{"@id":"https:\/\/www.bellunopress.it\/#organization"},"potentialAction":[{"@type":"SearchAction","target":{"@type":"EntryPoint","urlTemplate":"https:\/\/www.bellunopress.it\/?s={search_term_string}"},"query-input":{"@type":"PropertyValueSpecification","valueRequired":true,"valueName":"search_term_string"}}],"inLanguage":"fr-FR"},{"@type":"Organization","@id":"https:\/\/www.bellunopress.it\/#organization","name":"Bellunopress","url":"https:\/\/www.bellunopress.it\/","logo":{"@type":"ImageObject","inLanguage":"fr-FR","@id":"https:\/\/www.bellunopress.it\/#\/schema\/logo\/image\/","url":"https:\/\/www.bellunopress.it\/wp-content\/uploads\/2011\/05\/cropped-logo-bellunopress-.jpg","contentUrl":"https:\/\/www.bellunopress.it\/wp-content\/uploads\/2011\/05\/cropped-logo-bellunopress-.jpg","width":512,"height":512,"caption":"Bellunopress"},"image":{"@id":"https:\/\/www.bellunopress.it\/#\/schema\/logo\/image\/"},"sameAs":["https:\/\/www.facebook.com\/profile.php?id=100008943462799","https:\/\/x.com\/bellunopress","https:\/\/www.linkedin.com\/hp\/?dnr=JBzUWaJfMUw8vbXJJ2tVW5-I3jZKvC4wsoxE&amp;amp;amp;amp;amp;amp;trk=nav_responsive_tab_home","https:\/\/www.youtube.com\/channel\/UCxL0wu1uN0_3_7hGG0306cw"]},{"@type":"Person","@id":"https:\/\/www.bellunopress.it\/#\/schema\/person\/79bb06722b37ece1c03d3e94beb30d73","name":"r\u00e9daction","image":{"@type":"ImageObject","inLanguage":"fr-FR","@id":"https:\/\/secure.gravatar.com\/avatar\/37d968a2e67a6fd04c169c4bdef102d0bc5d31b2546345219e348575eb80e9a0?s=96&d=mm&r=g","url":"https:\/\/secure.gravatar.com\/avatar\/37d968a2e67a6fd04c169c4bdef102d0bc5d31b2546345219e348575eb80e9a0?s=96&d=mm&r=g","contentUrl":"https:\/\/secure.gravatar.com\/avatar\/37d968a2e67a6fd04c169c4bdef102d0bc5d31b2546345219e348575eb80e9a0?s=96&d=mm&r=g","caption":"redazione"},"sameAs":["http:\/\/www.bellunopress.it","https:\/\/x.com\/bellunopress"],"url":"https:\/\/www.bellunopress.it\/fr\/author\/redazione\/"}]}},"_links":{"self":[{"href":"https:\/\/www.bellunopress.it\/fr\/wp-json\/wp\/v2\/posts\/168272","targetHints":{"allow":["GET"]}}],"collection":[{"href":"https:\/\/www.bellunopress.it\/fr\/wp-json\/wp\/v2\/posts"}],"about":[{"href":"https:\/\/www.bellunopress.it\/fr\/wp-json\/wp\/v2\/types\/post"}],"author":[{"embeddable":true,"href":"https:\/\/www.bellunopress.it\/fr\/wp-json\/wp\/v2\/users\/2"}],"replies":[{"embeddable":true,"href":"https:\/\/www.bellunopress.it\/fr\/wp-json\/wp\/v2\/comments?post=168272"}],"version-history":[{"count":1,"href":"https:\/\/www.bellunopress.it\/fr\/wp-json\/wp\/v2\/posts\/168272\/revisions"}],"predecessor-version":[{"id":168273,"href":"https:\/\/www.bellunopress.it\/fr\/wp-json\/wp\/v2\/posts\/168272\/revisions\/168273"}],"wp:featuredmedia":[{"embeddable":true,"href":"https:\/\/www.bellunopress.it\/fr\/wp-json\/wp\/v2\/media\/112649"}],"wp:attachment":[{"href":"https:\/\/www.bellunopress.it\/fr\/wp-json\/wp\/v2\/media?parent=168272"}],"wp:term":[{"taxonomy":"category","embeddable":true,"href":"https:\/\/www.bellunopress.it\/fr\/wp-json\/wp\/v2\/categories?post=168272"},{"taxonomy":"post_tag","embeddable":true,"href":"https:\/\/www.bellunopress.it\/fr\/wp-json\/wp\/v2\/tags?post=168272"}],"curies":[{"name":"wp","href":"https:\/\/api.w.org\/{rel}","templated":true}]}}