{"id":168270,"date":"2026-03-18T09:11:31","date_gmt":"2026-03-18T08:11:31","guid":{"rendered":"https:\/\/www.bellunopress.it\/?p=168270"},"modified":"2026-03-18T06:15:04","modified_gmt":"2026-03-18T05:15:04","slug":"scuola-a-seren-del-grappa-e-boom-di-iscrizioni-raddoppiano-le-classi-prime-alle-elementari","status":"publish","type":"post","link":"https:\/\/www.bellunopress.it\/fr\/2026\/03\/18\/scuola-a-seren-del-grappa-e-boom-di-iscrizioni-raddoppiano-le-classi-prime-alle-elementari\/","title":{"rendered":"Scuola, a Seren del Grappa \u00e8 boom di iscrizioni: raddoppiano le classi prime alle elementari"},"content":{"rendered":"<p data-path-to-node=\"3\"><b data-path-to-node=\"3\" data-index-in-node=\"0\">I dati per l\u2019anno scolastico 2026-2027 premiano il sistema educativo locale. Il sindaco Scopel: \u00abRisultato che premia la qualit\u00e0 della nostra offerta e la sinergia con le famiglie\u00bb.<\/b><\/p>\n<p data-path-to-node=\"4\">Seren del Grappa, 18\/03\/2026\u00a0\u2013 In un\u2019epoca segnata spesso dal calo demografico e dallo spopolamento delle aree montane, Seren del Grappa lancia un segnale in netta controtendenza. I numeri delle iscrizioni per l\u2019anno scolastico 2026-2027 delineano un quadro di forte crescita e vitalit\u00e0 per il sistema scolastico locale, con un vero e proprio exploit che riguarda la scuola primaria.<\/p>\n<h3 data-path-to-node=\"5\">Primaria: numeri raddoppiati<\/h3>\n<p data-path-to-node=\"6\">Il dato pi\u00f9 eclatante emerge proprio dai banchi delle elementari: le iscrizioni alla classe prima sono passate dalle 15 dello scorso anno alle 34 attuali. Un incremento del 120% che permetter\u00e0 l\u2019attivazione di due sezioni, portando il numero complessivo degli alunni del plesso a circa 90 unit\u00e0. Si tratta di un traguardo non scontato, che testimonia un rinnovato interesse delle famiglie verso l\u2019Istituto Comprensivo di Seren.<\/p>\n<h3 data-path-to-node=\"7\">Il panorama educativo: dall&#8217;infanzia alle medie<\/h3>\n<p data-path-to-node=\"8\">Il trend positivo non si ferma alla primaria. Anche la scuola secondaria di primo grado tiene il passo con 22 nuovi iscritti in prima (per un totale di 65 studenti), mentre la scuola dell&#8217;infanzia di Rasai accoglie 13 nuovi bambini, consolidando una presenza complessiva di circa 40 piccoli alunni.<\/p>\n<p data-path-to-node=\"9\">Un tassello fondamentale di questo mosaico \u00e8 rappresentato dal micronido, che registra attualmente il &#8220;tutto esaurito&#8221; con la copertura completa dei 14 posti disponibili. Un servizio che, insieme all&#8217;istituzione della scuola dell&#8217;infanzia pubblica, ha creato una filiera educativa completa e attrattiva per i genitori del territorio.<\/p>\n<h3 data-path-to-node=\"10\">Il commento dell&#8217;amministrazione<\/h3>\n<p data-path-to-node=\"11\">\u00abQuesti numeri sono il frutto del grande lavoro svolto dall\u2019Istituto Comprensivo, dai docenti e da tutto il personale\u00bb, commenta con soddisfazione il sindaco Dario Scopel. \u00abCome amministrazione abbiamo sostenuto questo percorso costruendo una collaborazione stretta e concreta con la scuola. L&#8217;incremento alla primaria dimostra che la riorganizzazione dei servizi e il rafforzamento della proposta didattica sono stati apprezzati\u00bb.<\/p>\n<p data-path-to-node=\"12\">Secondo il primo cittadino, a fare la differenza \u00e8 stata la capacit\u00e0 di creare un senso di appartenenza: \u00abOltre alla didattica, abbiamo investito in progetti come il Consiglio comunale dei ragazzi, che permettono ai giovani di sentirsi parte attiva della comunit\u00e0. La scuola \u00e8 un presidio fondamentale per il nostro territorio; questi risultati confermano che investire sull&#8217;istruzione \u00e8 l&#8217;unica strada per il futuro della nostra montagna\u00bb.<\/p>\n<h3 data-path-to-node=\"14\">I numeri del successo<\/h3>\n<table data-path-to-node=\"15\">\n<thead>\n<tr>\n<td><strong>Ordine di Scuola<\/strong><\/td>\n<td><strong>Nuovi Iscritti<\/strong><\/td>\n<td><strong>Studenti Totali (ca.)<\/strong><\/td>\n<\/tr>\n<\/thead>\n<tbody>\n<tr>\n<td><span data-path-to-node=\"15,1,0,0\"><b data-path-to-node=\"15,1,0,0\" data-index-in-node=\"0\">Infanzia (Rasai)<\/b><\/span><\/td>\n<td><span data-path-to-node=\"15,1,1,0\">13<\/span><\/td>\n<td><span data-path-to-node=\"15,1,2,0\">40<\/span><\/td>\n<\/tr>\n<tr>\n<td><span data-path-to-node=\"15,2,0,0\"><b data-path-to-node=\"15,2,0,0\" data-index-in-node=\"0\">Primaria<\/b><\/span><\/td>\n<td><span data-path-to-node=\"15,2,1,0\">34 (2 sezioni)<\/span><\/td>\n<td><span data-path-to-node=\"15,2,2,0\">90<\/span><\/td>\n<\/tr>\n<tr>\n<td><span data-path-to-node=\"15,3,0,0\"><b data-path-to-node=\"15,3,0,0\" data-index-in-node=\"0\">Secondaria I grado<\/b><\/span><\/td>\n<td><span data-path-to-node=\"15,3,1,0\">22<\/span><\/td>\n<td><span data-path-to-node=\"15,3,2,0\">65<\/span><\/td>\n<\/tr>\n<tr>\n<td><span data-path-to-node=\"15,4,0,0\"><b data-path-to-node=\"15,4,0,0\" data-index-in-node=\"0\">Micronido<\/b><\/span><\/td>\n<td><span data-path-to-node=\"15,4,1,0\">&#8211;<\/span><\/td>\n<td><span data-path-to-node=\"15,4,2,0\">14 (Sold out)<\/span><\/td>\n<\/tr>\n<\/tbody>\n<\/table>","protected":false},"excerpt":{"rendered":"<p>I dati per l\u2019anno scolastico 2026-2027 premiano il sistema educativo locale. Il sindaco Scopel: \u00abRisultato che premia la qualit\u00e0 della nostra offerta e la sinergia con le famiglie\u00bb. Seren del Grappa, 18\/03\/2026\u00a0\u2013 In un\u2019epoca segnata spesso dal calo demografico e dallo spopolamento delle aree montane, Seren del Grappa lancia un segnale in netta controtendenza. I [&hellip;]<\/p>\n","protected":false},"author":2,"featured_media":123540,"comment_status":"closed","ping_status":"open","sticky":false,"template":"","format":"standard","meta":{"footnotes":""},"categories":[26,15],"tags":[],"class_list":["post-168270","post","type-post","status-publish","format-standard","has-post-thumbnail","category-prima-pagina","category-scuola"],"yoast_head":"<!-- This site is optimized with the Yoast SEO plugin v28.4 - https:\/\/yoast.com\/product\/yoast-seo-wordpress\/ -->\n<title>Scuola, a Seren del Grappa \u00e8 boom di iscrizioni: raddoppiano le classi prime alle elementari - Bellunopress - Dolomiti<\/title>\n<meta name=\"robots\" content=\"index, follow, max-snippet:-1, max-image-preview:large, max-video-preview:-1\" \/>\n<link rel=\"canonical\" href=\"https:\/\/www.bellunopress.it\/fr\/2026\/03\/18\/scuola-a-seren-del-grappa-e-boom-di-iscrizioni-raddoppiano-le-classi-prime-alle-elementari\/\" \/>\n<meta property=\"og:locale\" content=\"fr_FR\" \/>\n<meta property=\"og:type\" content=\"article\" \/>\n<meta property=\"og:title\" content=\"Scuola, a Seren del Grappa \u00e8 boom di iscrizioni: raddoppiano le classi prime alle elementari - Bellunopress - Dolomiti\" \/>\n<meta property=\"og:description\" content=\"I dati per l\u2019anno scolastico 2026-2027 premiano il sistema educativo locale. Il sindaco Scopel: \u00abRisultato che premia la qualit\u00e0 della nostra offerta e la sinergia con le famiglie\u00bb. Seren del Grappa, 18\/03\/2026\u00a0\u2013 In un\u2019epoca segnata spesso dal calo demografico e dallo spopolamento delle aree montane, Seren del Grappa lancia un segnale in netta controtendenza. I [&hellip;]\" \/>\n<meta property=\"og:url\" content=\"https:\/\/www.bellunopress.it\/fr\/2026\/03\/18\/scuola-a-seren-del-grappa-e-boom-di-iscrizioni-raddoppiano-le-classi-prime-alle-elementari\/\" \/>\n<meta property=\"og:site_name\" content=\"Bellunopress - Dolomiti\" \/>\n<meta property=\"article:publisher\" content=\"https:\/\/www.facebook.com\/profile.php?id=100008943462799\" \/>\n<meta property=\"article:published_time\" content=\"2026-03-18T08:11:31+00:00\" \/>\n<meta property=\"og:image\" content=\"https:\/\/www.bellunopress.it\/wp-content\/uploads\/2021\/04\/Dario-Scopel-consigliere-provinciale.jpg\" \/>\n\t<meta property=\"og:image:width\" content=\"509\" \/>\n\t<meta property=\"og:image:height\" content=\"379\" \/>\n\t<meta property=\"og:image:type\" content=\"image\/jpeg\" \/>\n<meta name=\"author\" content=\"redazione\" \/>\n<meta name=\"twitter:card\" content=\"summary_large_image\" \/>\n<meta name=\"twitter:creator\" content=\"@bellunopress\" \/>\n<meta name=\"twitter:site\" content=\"@bellunopress\" \/>\n<meta name=\"twitter:label1\" content=\"\u00c9crit par\" \/>\n\t<meta name=\"twitter:data1\" content=\"redazione\" \/>\n\t<meta name=\"twitter:label2\" content=\"Dur\u00e9e de lecture estim\u00e9e\" \/>\n\t<meta name=\"twitter:data2\" content=\"2 minutes\" \/>\n<script type=\"application\/ld+json\" class=\"yoast-schema-graph\">{\"@context\":\"https:\\\/\\\/schema.org\",\"@graph\":[{\"@type\":\"Article\",\"@id\":\"https:\\\/\\\/www.bellunopress.it\\\/2026\\\/03\\\/18\\\/scuola-a-seren-del-grappa-e-boom-di-iscrizioni-raddoppiano-le-classi-prime-alle-elementari\\\/#article\",\"isPartOf\":{\"@id\":\"https:\\\/\\\/www.bellunopress.it\\\/2026\\\/03\\\/18\\\/scuola-a-seren-del-grappa-e-boom-di-iscrizioni-raddoppiano-le-classi-prime-alle-elementari\\\/\"},\"author\":{\"name\":\"redazione\",\"@id\":\"https:\\\/\\\/www.bellunopress.it\\\/#\\\/schema\\\/person\\\/79bb06722b37ece1c03d3e94beb30d73\"},\"headline\":\"Scuola, a Seren del Grappa \u00e8 boom di iscrizioni: raddoppiano le classi prime alle elementari\",\"datePublished\":\"2026-03-18T08:11:31+00:00\",\"mainEntityOfPage\":{\"@id\":\"https:\\\/\\\/www.bellunopress.it\\\/2026\\\/03\\\/18\\\/scuola-a-seren-del-grappa-e-boom-di-iscrizioni-raddoppiano-le-classi-prime-alle-elementari\\\/\"},\"wordCount\":420,\"publisher\":{\"@id\":\"https:\\\/\\\/www.bellunopress.it\\\/#organization\"},\"image\":{\"@id\":\"https:\\\/\\\/www.bellunopress.it\\\/2026\\\/03\\\/18\\\/scuola-a-seren-del-grappa-e-boom-di-iscrizioni-raddoppiano-le-classi-prime-alle-elementari\\\/#primaryimage\"},\"thumbnailUrl\":\"https:\\\/\\\/www.bellunopress.it\\\/wp-content\\\/uploads\\\/2021\\\/04\\\/Dario-Scopel-consigliere-provinciale.jpg\",\"articleSection\":[\"Prima Pagina\",\"Scuola\"],\"inLanguage\":\"fr-FR\"},{\"@type\":\"WebPage\",\"@id\":\"https:\\\/\\\/www.bellunopress.it\\\/2026\\\/03\\\/18\\\/scuola-a-seren-del-grappa-e-boom-di-iscrizioni-raddoppiano-le-classi-prime-alle-elementari\\\/\",\"url\":\"https:\\\/\\\/www.bellunopress.it\\\/2026\\\/03\\\/18\\\/scuola-a-seren-del-grappa-e-boom-di-iscrizioni-raddoppiano-le-classi-prime-alle-elementari\\\/\",\"name\":\"Scuola, a Seren del Grappa \u00e8 boom di iscrizioni: raddoppiano le classi prime alle elementari - Bellunopress - Dolomiti\",\"isPartOf\":{\"@id\":\"https:\\\/\\\/www.bellunopress.it\\\/#website\"},\"primaryImageOfPage\":{\"@id\":\"https:\\\/\\\/www.bellunopress.it\\\/2026\\\/03\\\/18\\\/scuola-a-seren-del-grappa-e-boom-di-iscrizioni-raddoppiano-le-classi-prime-alle-elementari\\\/#primaryimage\"},\"image\":{\"@id\":\"https:\\\/\\\/www.bellunopress.it\\\/2026\\\/03\\\/18\\\/scuola-a-seren-del-grappa-e-boom-di-iscrizioni-raddoppiano-le-classi-prime-alle-elementari\\\/#primaryimage\"},\"thumbnailUrl\":\"https:\\\/\\\/www.bellunopress.it\\\/wp-content\\\/uploads\\\/2021\\\/04\\\/Dario-Scopel-consigliere-provinciale.jpg\",\"datePublished\":\"2026-03-18T08:11:31+00:00\",\"breadcrumb\":{\"@id\":\"https:\\\/\\\/www.bellunopress.it\\\/2026\\\/03\\\/18\\\/scuola-a-seren-del-grappa-e-boom-di-iscrizioni-raddoppiano-le-classi-prime-alle-elementari\\\/#breadcrumb\"},\"inLanguage\":\"fr-FR\",\"potentialAction\":[{\"@type\":\"ReadAction\",\"target\":[\"https:\\\/\\\/www.bellunopress.it\\\/2026\\\/03\\\/18\\\/scuola-a-seren-del-grappa-e-boom-di-iscrizioni-raddoppiano-le-classi-prime-alle-elementari\\\/\"]}]},{\"@type\":\"ImageObject\",\"inLanguage\":\"fr-FR\",\"@id\":\"https:\\\/\\\/www.bellunopress.it\\\/2026\\\/03\\\/18\\\/scuola-a-seren-del-grappa-e-boom-di-iscrizioni-raddoppiano-le-classi-prime-alle-elementari\\\/#primaryimage\",\"url\":\"https:\\\/\\\/www.bellunopress.it\\\/wp-content\\\/uploads\\\/2021\\\/04\\\/Dario-Scopel-consigliere-provinciale.jpg\",\"contentUrl\":\"https:\\\/\\\/www.bellunopress.it\\\/wp-content\\\/uploads\\\/2021\\\/04\\\/Dario-Scopel-consigliere-provinciale.jpg\",\"width\":509,\"height\":379,\"caption\":\"Dario Scopel - Sindaco di Seren del Grappa\"},{\"@type\":\"BreadcrumbList\",\"@id\":\"https:\\\/\\\/www.bellunopress.it\\\/2026\\\/03\\\/18\\\/scuola-a-seren-del-grappa-e-boom-di-iscrizioni-raddoppiano-le-classi-prime-alle-elementari\\\/#breadcrumb\",\"itemListElement\":[{\"@type\":\"ListItem\",\"position\":1,\"name\":\"Home\",\"item\":\"https:\\\/\\\/www.bellunopress.it\\\/\"},{\"@type\":\"ListItem\",\"position\":2,\"name\":\"Scuola, a Seren del Grappa \u00e8 boom di iscrizioni: raddoppiano le classi prime alle elementari\"}]},{\"@type\":\"WebSite\",\"@id\":\"https:\\\/\\\/www.bellunopress.it\\\/#website\",\"url\":\"https:\\\/\\\/www.bellunopress.it\\\/\",\"name\":\"Bellunopress - Dolomiti\",\"description\":\"e-mail: redazione@bellunopress.it\",\"publisher\":{\"@id\":\"https:\\\/\\\/www.bellunopress.it\\\/#organization\"},\"potentialAction\":[{\"@type\":\"SearchAction\",\"target\":{\"@type\":\"EntryPoint\",\"urlTemplate\":\"https:\\\/\\\/www.bellunopress.it\\\/?s={search_term_string}\"},\"query-input\":{\"@type\":\"PropertyValueSpecification\",\"valueRequired\":true,\"valueName\":\"search_term_string\"}}],\"inLanguage\":\"fr-FR\"},{\"@type\":\"Organization\",\"@id\":\"https:\\\/\\\/www.bellunopress.it\\\/#organization\",\"name\":\"Bellunopress\",\"url\":\"https:\\\/\\\/www.bellunopress.it\\\/\",\"logo\":{\"@type\":\"ImageObject\",\"inLanguage\":\"fr-FR\",\"@id\":\"https:\\\/\\\/www.bellunopress.it\\\/#\\\/schema\\\/logo\\\/image\\\/\",\"url\":\"https:\\\/\\\/www.bellunopress.it\\\/wp-content\\\/uploads\\\/2011\\\/05\\\/cropped-logo-bellunopress-.jpg\",\"contentUrl\":\"https:\\\/\\\/www.bellunopress.it\\\/wp-content\\\/uploads\\\/2011\\\/05\\\/cropped-logo-bellunopress-.jpg\",\"width\":512,\"height\":512,\"caption\":\"Bellunopress\"},\"image\":{\"@id\":\"https:\\\/\\\/www.bellunopress.it\\\/#\\\/schema\\\/logo\\\/image\\\/\"},\"sameAs\":[\"https:\\\/\\\/www.facebook.com\\\/profile.php?id=100008943462799\",\"https:\\\/\\\/x.com\\\/bellunopress\",\"https:\\\/\\\/www.linkedin.com\\\/hp\\\/?dnr=JBzUWaJfMUw8vbXJJ2tVW5-I3jZKvC4wsoxE&amp;amp;amp;amp;amp;amp;trk=nav_responsive_tab_home\",\"https:\\\/\\\/www.youtube.com\\\/channel\\\/UCxL0wu1uN0_3_7hGG0306cw\"]},{\"@type\":\"Person\",\"@id\":\"https:\\\/\\\/www.bellunopress.it\\\/#\\\/schema\\\/person\\\/79bb06722b37ece1c03d3e94beb30d73\",\"name\":\"redazione\",\"image\":{\"@type\":\"ImageObject\",\"inLanguage\":\"fr-FR\",\"@id\":\"https:\\\/\\\/secure.gravatar.com\\\/avatar\\\/37d968a2e67a6fd04c169c4bdef102d0bc5d31b2546345219e348575eb80e9a0?s=96&d=mm&r=g\",\"url\":\"https:\\\/\\\/secure.gravatar.com\\\/avatar\\\/37d968a2e67a6fd04c169c4bdef102d0bc5d31b2546345219e348575eb80e9a0?s=96&d=mm&r=g\",\"contentUrl\":\"https:\\\/\\\/secure.gravatar.com\\\/avatar\\\/37d968a2e67a6fd04c169c4bdef102d0bc5d31b2546345219e348575eb80e9a0?s=96&d=mm&r=g\",\"caption\":\"redazione\"},\"sameAs\":[\"http:\\\/\\\/www.bellunopress.it\",\"https:\\\/\\\/x.com\\\/bellunopress\"],\"url\":\"https:\\\/\\\/www.bellunopress.it\\\/fr\\\/author\\\/redazione\\\/\"}]}<\/script>\n<!-- \/ Yoast SEO plugin. -->","yoast_head_json":{"title":"Scuola, a Seren del Grappa \u00e8 boom di iscrizioni: raddoppiano le classi prime alle elementari - Bellunopress - Dolomiti","robots":{"index":"index","follow":"follow","max-snippet":"max-snippet:-1","max-image-preview":"max-image-preview:large","max-video-preview":"max-video-preview:-1"},"canonical":"https:\/\/www.bellunopress.it\/fr\/2026\/03\/18\/scuola-a-seren-del-grappa-e-boom-di-iscrizioni-raddoppiano-le-classi-prime-alle-elementari\/","og_locale":"fr_FR","og_type":"article","og_title":"Scuola, a Seren del Grappa \u00e8 boom di iscrizioni: raddoppiano le classi prime alle elementari - Bellunopress - Dolomiti","og_description":"I dati per l\u2019anno scolastico 2026-2027 premiano il sistema educativo locale. Il sindaco Scopel: \u00abRisultato che premia la qualit\u00e0 della nostra offerta e la sinergia con le famiglie\u00bb. Seren del Grappa, 18\/03\/2026\u00a0\u2013 In un\u2019epoca segnata spesso dal calo demografico e dallo spopolamento delle aree montane, Seren del Grappa lancia un segnale in netta controtendenza. I [&hellip;]","og_url":"https:\/\/www.bellunopress.it\/fr\/2026\/03\/18\/scuola-a-seren-del-grappa-e-boom-di-iscrizioni-raddoppiano-le-classi-prime-alle-elementari\/","og_site_name":"Bellunopress - Dolomiti","article_publisher":"https:\/\/www.facebook.com\/profile.php?id=100008943462799","article_published_time":"2026-03-18T08:11:31+00:00","og_image":[{"width":509,"height":379,"url":"https:\/\/www.bellunopress.it\/wp-content\/uploads\/2021\/04\/Dario-Scopel-consigliere-provinciale.jpg","type":"image\/jpeg"}],"author":"redazione","twitter_card":"summary_large_image","twitter_creator":"@bellunopress","twitter_site":"@bellunopress","twitter_misc":{"\u00c9crit par":"redazione","Dur\u00e9e de lecture estim\u00e9e":"2 minutes"},"schema":{"@context":"https:\/\/schema.org","@graph":[{"@type":"Article","@id":"https:\/\/www.bellunopress.it\/2026\/03\/18\/scuola-a-seren-del-grappa-e-boom-di-iscrizioni-raddoppiano-le-classi-prime-alle-elementari\/#article","isPartOf":{"@id":"https:\/\/www.bellunopress.it\/2026\/03\/18\/scuola-a-seren-del-grappa-e-boom-di-iscrizioni-raddoppiano-le-classi-prime-alle-elementari\/"},"author":{"name":"redazione","@id":"https:\/\/www.bellunopress.it\/#\/schema\/person\/79bb06722b37ece1c03d3e94beb30d73"},"headline":"Scuola, a Seren del Grappa \u00e8 boom di iscrizioni: raddoppiano le classi prime alle elementari","datePublished":"2026-03-18T08:11:31+00:00","mainEntityOfPage":{"@id":"https:\/\/www.bellunopress.it\/2026\/03\/18\/scuola-a-seren-del-grappa-e-boom-di-iscrizioni-raddoppiano-le-classi-prime-alle-elementari\/"},"wordCount":420,"publisher":{"@id":"https:\/\/www.bellunopress.it\/#organization"},"image":{"@id":"https:\/\/www.bellunopress.it\/2026\/03\/18\/scuola-a-seren-del-grappa-e-boom-di-iscrizioni-raddoppiano-le-classi-prime-alle-elementari\/#primaryimage"},"thumbnailUrl":"https:\/\/www.bellunopress.it\/wp-content\/uploads\/2021\/04\/Dario-Scopel-consigliere-provinciale.jpg","articleSection":["Prima Pagina","Scuola"],"inLanguage":"fr-FR"},{"@type":"WebPage","@id":"https:\/\/www.bellunopress.it\/2026\/03\/18\/scuola-a-seren-del-grappa-e-boom-di-iscrizioni-raddoppiano-le-classi-prime-alle-elementari\/","url":"https:\/\/www.bellunopress.it\/2026\/03\/18\/scuola-a-seren-del-grappa-e-boom-di-iscrizioni-raddoppiano-le-classi-prime-alle-elementari\/","name":"Scuola, a Seren del Grappa \u00e8 boom di iscrizioni: raddoppiano le classi prime alle elementari - Bellunopress - Dolomiti","isPartOf":{"@id":"https:\/\/www.bellunopress.it\/#website"},"primaryImageOfPage":{"@id":"https:\/\/www.bellunopress.it\/2026\/03\/18\/scuola-a-seren-del-grappa-e-boom-di-iscrizioni-raddoppiano-le-classi-prime-alle-elementari\/#primaryimage"},"image":{"@id":"https:\/\/www.bellunopress.it\/2026\/03\/18\/scuola-a-seren-del-grappa-e-boom-di-iscrizioni-raddoppiano-le-classi-prime-alle-elementari\/#primaryimage"},"thumbnailUrl":"https:\/\/www.bellunopress.it\/wp-content\/uploads\/2021\/04\/Dario-Scopel-consigliere-provinciale.jpg","datePublished":"2026-03-18T08:11:31+00:00","breadcrumb":{"@id":"https:\/\/www.bellunopress.it\/2026\/03\/18\/scuola-a-seren-del-grappa-e-boom-di-iscrizioni-raddoppiano-le-classi-prime-alle-elementari\/#breadcrumb"},"inLanguage":"fr-FR","potentialAction":[{"@type":"ReadAction","target":["https:\/\/www.bellunopress.it\/2026\/03\/18\/scuola-a-seren-del-grappa-e-boom-di-iscrizioni-raddoppiano-le-classi-prime-alle-elementari\/"]}]},{"@type":"ImageObject","inLanguage":"fr-FR","@id":"https:\/\/www.bellunopress.it\/2026\/03\/18\/scuola-a-seren-del-grappa-e-boom-di-iscrizioni-raddoppiano-le-classi-prime-alle-elementari\/#primaryimage","url":"https:\/\/www.bellunopress.it\/wp-content\/uploads\/2021\/04\/Dario-Scopel-consigliere-provinciale.jpg","contentUrl":"https:\/\/www.bellunopress.it\/wp-content\/uploads\/2021\/04\/Dario-Scopel-consigliere-provinciale.jpg","width":509,"height":379,"caption":"Dario Scopel - Sindaco di Seren del Grappa"},{"@type":"BreadcrumbList","@id":"https:\/\/www.bellunopress.it\/2026\/03\/18\/scuola-a-seren-del-grappa-e-boom-di-iscrizioni-raddoppiano-le-classi-prime-alle-elementari\/#breadcrumb","itemListElement":[{"@type":"ListItem","position":1,"name":"Home","item":"https:\/\/www.bellunopress.it\/"},{"@type":"ListItem","position":2,"name":"Scuola, a Seren del Grappa \u00e8 boom di iscrizioni: raddoppiano le classi prime alle elementari"}]},{"@type":"WebSite","@id":"https:\/\/www.bellunopress.it\/#website","url":"https:\/\/www.bellunopress.it\/","name":"Bellunopress - Dolomiti","description":"e-mail: redazione@bellunopress.it","publisher":{"@id":"https:\/\/www.bellunopress.it\/#organization"},"potentialAction":[{"@type":"SearchAction","target":{"@type":"EntryPoint","urlTemplate":"https:\/\/www.bellunopress.it\/?s={search_term_string}"},"query-input":{"@type":"PropertyValueSpecification","valueRequired":true,"valueName":"search_term_string"}}],"inLanguage":"fr-FR"},{"@type":"Organization","@id":"https:\/\/www.bellunopress.it\/#organization","name":"Bellunopress","url":"https:\/\/www.bellunopress.it\/","logo":{"@type":"ImageObject","inLanguage":"fr-FR","@id":"https:\/\/www.bellunopress.it\/#\/schema\/logo\/image\/","url":"https:\/\/www.bellunopress.it\/wp-content\/uploads\/2011\/05\/cropped-logo-bellunopress-.jpg","contentUrl":"https:\/\/www.bellunopress.it\/wp-content\/uploads\/2011\/05\/cropped-logo-bellunopress-.jpg","width":512,"height":512,"caption":"Bellunopress"},"image":{"@id":"https:\/\/www.bellunopress.it\/#\/schema\/logo\/image\/"},"sameAs":["https:\/\/www.facebook.com\/profile.php?id=100008943462799","https:\/\/x.com\/bellunopress","https:\/\/www.linkedin.com\/hp\/?dnr=JBzUWaJfMUw8vbXJJ2tVW5-I3jZKvC4wsoxE&amp;amp;amp;amp;amp;amp;trk=nav_responsive_tab_home","https:\/\/www.youtube.com\/channel\/UCxL0wu1uN0_3_7hGG0306cw"]},{"@type":"Person","@id":"https:\/\/www.bellunopress.it\/#\/schema\/person\/79bb06722b37ece1c03d3e94beb30d73","name":"r\u00e9daction","image":{"@type":"ImageObject","inLanguage":"fr-FR","@id":"https:\/\/secure.gravatar.com\/avatar\/37d968a2e67a6fd04c169c4bdef102d0bc5d31b2546345219e348575eb80e9a0?s=96&d=mm&r=g","url":"https:\/\/secure.gravatar.com\/avatar\/37d968a2e67a6fd04c169c4bdef102d0bc5d31b2546345219e348575eb80e9a0?s=96&d=mm&r=g","contentUrl":"https:\/\/secure.gravatar.com\/avatar\/37d968a2e67a6fd04c169c4bdef102d0bc5d31b2546345219e348575eb80e9a0?s=96&d=mm&r=g","caption":"redazione"},"sameAs":["http:\/\/www.bellunopress.it","https:\/\/x.com\/bellunopress"],"url":"https:\/\/www.bellunopress.it\/fr\/author\/redazione\/"}]}},"_links":{"self":[{"href":"https:\/\/www.bellunopress.it\/fr\/wp-json\/wp\/v2\/posts\/168270","targetHints":{"allow":["GET"]}}],"collection":[{"href":"https:\/\/www.bellunopress.it\/fr\/wp-json\/wp\/v2\/posts"}],"about":[{"href":"https:\/\/www.bellunopress.it\/fr\/wp-json\/wp\/v2\/types\/post"}],"author":[{"embeddable":true,"href":"https:\/\/www.bellunopress.it\/fr\/wp-json\/wp\/v2\/users\/2"}],"replies":[{"embeddable":true,"href":"https:\/\/www.bellunopress.it\/fr\/wp-json\/wp\/v2\/comments?post=168270"}],"version-history":[{"count":1,"href":"https:\/\/www.bellunopress.it\/fr\/wp-json\/wp\/v2\/posts\/168270\/revisions"}],"predecessor-version":[{"id":168271,"href":"https:\/\/www.bellunopress.it\/fr\/wp-json\/wp\/v2\/posts\/168270\/revisions\/168271"}],"wp:featuredmedia":[{"embeddable":true,"href":"https:\/\/www.bellunopress.it\/fr\/wp-json\/wp\/v2\/media\/123540"}],"wp:attachment":[{"href":"https:\/\/www.bellunopress.it\/fr\/wp-json\/wp\/v2\/media?parent=168270"}],"wp:term":[{"taxonomy":"category","embeddable":true,"href":"https:\/\/www.bellunopress.it\/fr\/wp-json\/wp\/v2\/categories?post=168270"},{"taxonomy":"post_tag","embeddable":true,"href":"https:\/\/www.bellunopress.it\/fr\/wp-json\/wp\/v2\/tags?post=168270"}],"curies":[{"name":"wp","href":"https:\/\/api.w.org\/{rel}","templated":true}]}}